{"id":44285,"date":"2025-05-20T14:06:19","date_gmt":"2025-05-20T14:06:19","guid":{"rendered":"https:\/\/noti-america.com\/site\/venezuela\/?p=44285"},"modified":"2025-05-20T14:06:19","modified_gmt":"2025-05-20T14:06:19","slug":"dj-jan-franco-el-extraterrestre-se-presenta-en-multiples-eventos-este-mayo-y-junio","status":"publish","type":"post","link":"https:\/\/noti-america.com\/site\/venezuela\/2025\/05\/20\/dj-jan-franco-el-extraterrestre-se-presenta-en-multiples-eventos-este-mayo-y-junio\/","title":{"rendered":"DJ Jan Franco \u00abEl Extraterrestre\u00bb se presenta en m\u00faltiples eventos este mayo y junio"},"content":{"rendered":"<div data-olk-copy-source=\"MessageBody\"><strong>NOTI-AMERICA.COM | VENEZUELA<\/strong><\/div>\n<div data-olk-copy-source=\"MessageBody\"><\/div>\n<div data-olk-copy-source=\"MessageBody\">El reconocido <strong>DJ Jan Franco<\/strong>, conocido en la escena musical como <strong>\u00abEl Extraterrestre\u00bb<\/strong>, contin\u00faa su imparable ritmo este 2025 con una agenda repleta de presentaciones en distintos escenarios de Venezuela y el extranjero.<\/div>\n<div dir=\"ltr\"><\/div>\n<div>Su estilo \u00fanico y energ\u00eda contagiosa lo han convertido en un referente de la m\u00fasica latina y la salsa, conectando con el p\u00fablico a trav\u00e9s de mezclas impecables y una gran interacci\u00f3n en cada evento.<\/div>\n<div dir=\"ltr\"><\/div>\n<div><strong>Calendario de eventos confirmados<\/strong><\/div>\n<div dir=\"ltr\"><\/div>\n<div>Durante los meses de mayo y junio, Jan Franco estar\u00e1 presente en fechas imperdibles, que incluyen espacios culturales y comerciales en Caracas, Maracay y escenarios internacionales.<\/div>\n<div dir=\"ltr\"><\/div>\n<div><strong>Mayo:<\/strong><\/div>\n<div dir=\"ltr\"><\/div>\n<div>31 de mayo: Saraito Sala Show, Sabana Grande, Caracas<\/div>\n<div dir=\"ltr\"><\/div>\n<div>31 de mayo: Studio Latino, Los Ruices, Caracas<\/div>\n<div dir=\"ltr\"><\/div>\n<div><strong>Junio:<\/strong><\/div>\n<div dir=\"ltr\"><\/div>\n<div>7 de junio: Parque de Ferias San Jacinto, Maracay<\/div>\n<div dir=\"ltr\"><\/div>\n<div>7 de junio: Centro Comercial La Parada, Caracas<\/div>\n<div dir=\"ltr\"><\/div>\n<div>12 de junio: Estreno de la pel\u00edcula \u201cDos Caras\u201d en Liverpool, Las Mercedes<\/div>\n<div dir=\"ltr\"><\/div>\n<div>14 de junio: Presentaci\u00f3n en Uruguay<\/div>\n<div dir=\"ltr\"><\/div>\n<div>15 de junio: Concierto en Buenos Aires, Argentina<\/div>\n<div dir=\"ltr\"><\/div>\n<div>28 de junio: Caracas, CCCT en \u201cSalsa en la Terraza 4\u201d<\/div>\n<div dir=\"ltr\"><\/div>\n<div><strong>La magia de \u00abEl Extraterrestre\u00bb en cada escenario<\/strong><\/div>\n<div dir=\"ltr\"><\/div>\n<div>Jan Franco no solo destaca por su capacidad t\u00e9cnica, sino por crear ambientes que invitan a disfrutar y bailar sin pausa. Su talento para leer al p\u00fablico y combinar los mejores ritmos ha sido clave para consolidar su nombre.<\/div>\n<div dir=\"ltr\"><\/div>\n<div>Cada evento se convierte en una experiencia vibrante donde la salsa y otros g\u00e9neros se sienten vivos y actuales. As\u00ed, <strong>DJ Jan Franco<\/strong> sigue demostrando por qu\u00e9 es uno de los DJs m\u00e1s respetados y solicitados de la regi\u00f3n.<\/div>\n<div dir=\"ltr\"><\/div>\n<div>Datos importantes sobre DJ Jan Franco<\/div>\n<div dir=\"ltr\"><\/div>\n<div>Nombre art\u00edstico: DJ Jan Franco \u00abEl Extraterrestre\u00bb<\/div>\n<div dir=\"ltr\"><\/div>\n<div>Estilo musical: todos los g\u00e9neros<\/div>\n<div dir=\"ltr\"><\/div>\n<div>Experiencia: 27 a\u00f1os poniendo m\u00fasica<\/div>\n<div dir=\"ltr\"><\/div>\n<div>Reconocimientos: Figura clave en eventos destacados de Venezuela y Am\u00e9rica Latina<\/div>\n<div dir=\"ltr\"><\/div>\n<div>Car\u00e1cter: Energ\u00eda \u00fanica y gran conexi\u00f3n con el p\u00fablico<\/div>\n<div dir=\"ltr\"><\/div>\n<div>Vive la experiencia y no te pierdas sus pr\u00f3ximos shows<\/div>\n<div dir=\"ltr\"><\/div>\n<div>Con una agenda tan diversa y eventos para todos los gustos, DJ Jan Franco invita a todos los amantes de la m\u00fasica a acompa\u00f1arlo en esta gira de mayo y junio.<\/div>\n<div dir=\"ltr\"><\/div>\n<div>Prep\u00e1rate para disfrutar de la m\u00fasica y el carisma de \u00abEl Extraterrestre\u00bb en vivo.<\/div>\n","protected":false},"excerpt":{"rendered":"<p>NOTI-AMERICA.COM | VENEZUELA El reconocido DJ Jan Franco, conocido en la escena musical como \u00abEl Extraterrestre\u00bb, contin\u00faa su imparable ritmo este 2025 con una agenda repleta de presentaciones en distintos escenarios de Venezuela y&#46;&#46;&#46;<\/p>\n","protected":false},"author":127,"featured_media":44286,"comment_status":"open","ping_status":"open","sticky":false,"template":"","format":"image","meta":{"_acf_changed":false,"om_disable_all_campaigns":false,"rop_custom_images_group":[],"rop_custom_messages_group":[],"rop_publish_now":"initial","rop_publish_now_accounts":{"twitter_242054905_242054905":""},"rop_publish_now_history":[],"rop_publish_now_status":"pending","_uf_show_specific_survey":0,"_uf_disable_surveys":false,"footnotes":""},"categories":[8],"tags":[],"class_list":["post-44285","post","type-post","status-publish","format-image","has-post-thumbnail","hentry","category-arte-y-espectaculos","post_format-post-format-image"],"acf":[],"aioseo_notices":[],"yoast_head":"<!-- This site is optimized with the Yoast SEO Premium plugin v24.9 (Yoast SEO v27.2) - https:\/\/yoast.com\/product\/yoast-seo-premium-wordpress\/ -->\n<title>DJ Jan Franco &quot;El Extraterrestre&quot; se presenta en m\u00faltiples eventos este mayo y junio - Venezuela | Noti-America.com<\/title>\n<meta name=\"robots\" content=\"index, follow, max-snippet:-1, max-image-preview:large, max-video-preview:-1\" \/>\n<link rel=\"canonical\" href=\"https:\/\/noti-america.com\/site\/venezuela\/2025\/05\/20\/dj-jan-franco-el-extraterrestre-se-presenta-en-multiples-eventos-este-mayo-y-junio\/\" \/>\n<meta property=\"og:locale\" content=\"es_ES\" \/>\n<meta property=\"og:type\" content=\"article\" \/>\n<meta property=\"og:title\" content=\"DJ Jan Franco &quot;El Extraterrestre&quot; se presenta en m\u00faltiples eventos este mayo y junio\" \/>\n<meta property=\"og:description\" content=\"NOTI-AMERICA.COM | VENEZUELA El reconocido DJ Jan Franco, conocido en la escena musical como \u00abEl Extraterrestre\u00bb, contin\u00faa su imparable ritmo este 2025 con una agenda repleta de presentaciones en distintos escenarios de Venezuela y&#046;&#046;&#046;\" \/>\n<meta property=\"og:url\" content=\"https:\/\/noti-america.com\/site\/venezuela\/2025\/05\/20\/dj-jan-franco-el-extraterrestre-se-presenta-en-multiples-eventos-este-mayo-y-junio\/\" \/>\n<meta property=\"og:site_name\" content=\"Venezuela | Noti-America.com\" \/>\n<meta property=\"article:published_time\" content=\"2025-05-20T14:06:19+00:00\" \/>\n<meta property=\"og:image\" content=\"https:\/\/noti-america.com\/site\/venezuela\/wp-content\/uploads\/sites\/2\/2025\/05\/original-3D5F4F79-05F9-43BF-825D-9652EC530750.jpeg\" \/>\n\t<meta property=\"og:image:width\" content=\"1179\" \/>\n\t<meta property=\"og:image:height\" content=\"873\" \/>\n\t<meta property=\"og:image:type\" content=\"image\/jpeg\" \/>\n<meta name=\"author\" content=\"Yoelvzla\" \/>\n<meta name=\"twitter:card\" content=\"summary_large_image\" \/>\n<meta name=\"twitter:label1\" content=\"Escrito por\" \/>\n\t<meta name=\"twitter:data1\" content=\"Yoelvzla\" \/>\n\t<meta name=\"twitter:label2\" content=\"Tiempo estimado de lectura\" \/>\n\t<meta name=\"twitter:data2\" content=\"2 minutos\" \/>\n<script type=\"application\/ld+json\" class=\"yoast-schema-graph\">{\"@context\":\"https:\/\/schema.org\",\"@graph\":[{\"@type\":\"Article\",\"@id\":\"https:\/\/noti-america.com\/site\/venezuela\/2025\/05\/20\/dj-jan-franco-el-extraterrestre-se-presenta-en-multiples-eventos-este-mayo-y-junio\/#article\",\"isPartOf\":{\"@id\":\"https:\/\/noti-america.com\/site\/venezuela\/2025\/05\/20\/dj-jan-franco-el-extraterrestre-se-presenta-en-multiples-eventos-este-mayo-y-junio\/\"},\"author\":{\"name\":\"Yoelvzla\",\"@id\":\"https:\/\/noti-america.com\/site\/venezuela\/#\/schema\/person\/376ccc7b3cc7a8d5a43c3ece07a43857\"},\"headline\":\"DJ Jan Franco \u00abEl Extraterrestre\u00bb se presenta en m\u00faltiples eventos este mayo y junio\",\"datePublished\":\"2025-05-20T14:06:19+00:00\",\"mainEntityOfPage\":{\"@id\":\"https:\/\/noti-america.com\/site\/venezuela\/2025\/05\/20\/dj-jan-franco-el-extraterrestre-se-presenta-en-multiples-eventos-este-mayo-y-junio\/\"},\"wordCount\":390,\"commentCount\":0,\"publisher\":{\"@id\":\"https:\/\/noti-america.com\/site\/venezuela\/#organization\"},\"image\":{\"@id\":\"https:\/\/noti-america.com\/site\/venezuela\/2025\/05\/20\/dj-jan-franco-el-extraterrestre-se-presenta-en-multiples-eventos-este-mayo-y-junio\/#primaryimage\"},\"thumbnailUrl\":\"https:\/\/noti-america.com\/site\/venezuela\/wp-content\/uploads\/sites\/2\/2025\/05\/original-3D5F4F79-05F9-43BF-825D-9652EC530750.jpeg\",\"articleSection\":[\"Arte y Espect\u00e1culos\"],\"inLanguage\":\"es\",\"potentialAction\":[{\"@type\":\"CommentAction\",\"name\":\"Comment\",\"target\":[\"https:\/\/noti-america.com\/site\/venezuela\/2025\/05\/20\/dj-jan-franco-el-extraterrestre-se-presenta-en-multiples-eventos-este-mayo-y-junio\/#respond\"]}]},{\"@type\":\"WebPage\",\"@id\":\"https:\/\/noti-america.com\/site\/venezuela\/2025\/05\/20\/dj-jan-franco-el-extraterrestre-se-presenta-en-multiples-eventos-este-mayo-y-junio\/\",\"url\":\"https:\/\/noti-america.com\/site\/venezuela\/2025\/05\/20\/dj-jan-franco-el-extraterrestre-se-presenta-en-multiples-eventos-este-mayo-y-junio\/\",\"name\":\"DJ Jan Franco \\\"El Extraterrestre\\\" se presenta en m\u00faltiples eventos este mayo y junio - Venezuela | Noti-America.com\",\"isPartOf\":{\"@id\":\"https:\/\/noti-america.com\/site\/venezuela\/#website\"},\"primaryImageOfPage\":{\"@id\":\"https:\/\/noti-america.com\/site\/venezuela\/2025\/05\/20\/dj-jan-franco-el-extraterrestre-se-presenta-en-multiples-eventos-este-mayo-y-junio\/#primaryimage\"},\"image\":{\"@id\":\"https:\/\/noti-america.com\/site\/venezuela\/2025\/05\/20\/dj-jan-franco-el-extraterrestre-se-presenta-en-multiples-eventos-este-mayo-y-junio\/#primaryimage\"},\"thumbnailUrl\":\"https:\/\/noti-america.com\/site\/venezuela\/wp-content\/uploads\/sites\/2\/2025\/05\/original-3D5F4F79-05F9-43BF-825D-9652EC530750.jpeg\",\"datePublished\":\"2025-05-20T14:06:19+00:00\",\"breadcrumb\":{\"@id\":\"https:\/\/noti-america.com\/site\/venezuela\/2025\/05\/20\/dj-jan-franco-el-extraterrestre-se-presenta-en-multiples-eventos-este-mayo-y-junio\/#breadcrumb\"},\"inLanguage\":\"es\",\"potentialAction\":[{\"@type\":\"ReadAction\",\"target\":[\"https:\/\/noti-america.com\/site\/venezuela\/2025\/05\/20\/dj-jan-franco-el-extraterrestre-se-presenta-en-multiples-eventos-este-mayo-y-junio\/\"]}]},{\"@type\":\"ImageObject\",\"inLanguage\":\"es\",\"@id\":\"https:\/\/noti-america.com\/site\/venezuela\/2025\/05\/20\/dj-jan-franco-el-extraterrestre-se-presenta-en-multiples-eventos-este-mayo-y-junio\/#primaryimage\",\"url\":\"https:\/\/noti-america.com\/site\/venezuela\/wp-content\/uploads\/sites\/2\/2025\/05\/original-3D5F4F79-05F9-43BF-825D-9652EC530750.jpeg\",\"contentUrl\":\"https:\/\/noti-america.com\/site\/venezuela\/wp-content\/uploads\/sites\/2\/2025\/05\/original-3D5F4F79-05F9-43BF-825D-9652EC530750.jpeg\",\"width\":1179,\"height\":873},{\"@type\":\"BreadcrumbList\",\"@id\":\"https:\/\/noti-america.com\/site\/venezuela\/2025\/05\/20\/dj-jan-franco-el-extraterrestre-se-presenta-en-multiples-eventos-este-mayo-y-junio\/#breadcrumb\",\"itemListElement\":[{\"@type\":\"ListItem\",\"position\":1,\"name\":\"Portada\",\"item\":\"https:\/\/noti-america.com\/site\/venezuela\/\"},{\"@type\":\"ListItem\",\"position\":2,\"name\":\"DJ Jan Franco \u00abEl Extraterrestre\u00bb se presenta en m\u00faltiples eventos este mayo y junio\"}]},{\"@type\":\"WebSite\",\"@id\":\"https:\/\/noti-america.com\/site\/venezuela\/#website\",\"url\":\"https:\/\/noti-america.com\/site\/venezuela\/\",\"name\":\"Venezuela | Noti-America.com\",\"description\":\"\",\"publisher\":{\"@id\":\"https:\/\/noti-america.com\/site\/venezuela\/#organization\"},\"potentialAction\":[{\"@type\":\"SearchAction\",\"target\":{\"@type\":\"EntryPoint\",\"urlTemplate\":\"https:\/\/noti-america.com\/site\/venezuela\/?s={search_term_string}\"},\"query-input\":{\"@type\":\"PropertyValueSpecification\",\"valueRequired\":true,\"valueName\":\"search_term_string\"}}],\"inLanguage\":\"es\"},{\"@type\":\"Organization\",\"@id\":\"https:\/\/noti-america.com\/site\/venezuela\/#organization\",\"name\":\"Noti-America LLC | Venezuela\",\"url\":\"https:\/\/noti-america.com\/site\/venezuela\/\",\"logo\":{\"@type\":\"ImageObject\",\"inLanguage\":\"es\",\"@id\":\"https:\/\/noti-america.com\/site\/venezuela\/#\/schema\/logo\/image\/\",\"url\":\"https:\/\/noti-america.com\/site\/venezuela\/wp-content\/uploads\/sites\/2\/2020\/07\/LogoNA-4x3-1.jpg\",\"contentUrl\":\"https:\/\/noti-america.com\/site\/venezuela\/wp-content\/uploads\/sites\/2\/2020\/07\/LogoNA-4x3-1.jpg\",\"width\":1236,\"height\":1080,\"caption\":\"Noti-America LLC | Venezuela\"},\"image\":{\"@id\":\"https:\/\/noti-america.com\/site\/venezuela\/#\/schema\/logo\/image\/\"}},{\"@type\":\"Person\",\"@id\":\"https:\/\/noti-america.com\/site\/venezuela\/#\/schema\/person\/376ccc7b3cc7a8d5a43c3ece07a43857\",\"name\":\"Yoelvzla\",\"image\":{\"@type\":\"ImageObject\",\"inLanguage\":\"es\",\"@id\":\"https:\/\/secure.gravatar.com\/avatar\/13a96a72123e0e9aa76fe82e8847f726c63a1c5ef6a8d0fadd844c1a5a83b212?s=96&d=mm&r=g\",\"url\":\"https:\/\/secure.gravatar.com\/avatar\/13a96a72123e0e9aa76fe82e8847f726c63a1c5ef6a8d0fadd844c1a5a83b212?s=96&d=mm&r=g\",\"contentUrl\":\"https:\/\/secure.gravatar.com\/avatar\/13a96a72123e0e9aa76fe82e8847f726c63a1c5ef6a8d0fadd844c1a5a83b212?s=96&d=mm&r=g\",\"caption\":\"Yoelvzla\"},\"url\":\"https:\/\/noti-america.com\/site\/venezuela\/author\/ydiaz\/\"}]}<\/script>\n<!-- \/ Yoast SEO Premium plugin. -->","yoast_head_json":{"title":"DJ Jan Franco \"El Extraterrestre\" se presenta en m\u00faltiples eventos este mayo y junio - Venezuela | Noti-America.com","robots":{"index":"index","follow":"follow","max-snippet":"max-snippet:-1","max-image-preview":"max-image-preview:large","max-video-preview":"max-video-preview:-1"},"canonical":"https:\/\/noti-america.com\/site\/venezuela\/2025\/05\/20\/dj-jan-franco-el-extraterrestre-se-presenta-en-multiples-eventos-este-mayo-y-junio\/","og_locale":"es_ES","og_type":"article","og_title":"DJ Jan Franco \"El Extraterrestre\" se presenta en m\u00faltiples eventos este mayo y junio","og_description":"NOTI-AMERICA.COM | VENEZUELA El reconocido DJ Jan Franco, conocido en la escena musical como \u00abEl Extraterrestre\u00bb, contin\u00faa su imparable ritmo este 2025 con una agenda repleta de presentaciones en distintos escenarios de Venezuela y&#46;&#46;&#46;","og_url":"https:\/\/noti-america.com\/site\/venezuela\/2025\/05\/20\/dj-jan-franco-el-extraterrestre-se-presenta-en-multiples-eventos-este-mayo-y-junio\/","og_site_name":"Venezuela | Noti-America.com","article_published_time":"2025-05-20T14:06:19+00:00","og_image":[{"width":1179,"height":873,"url":"https:\/\/noti-america.com\/site\/venezuela\/wp-content\/uploads\/sites\/2\/2025\/05\/original-3D5F4F79-05F9-43BF-825D-9652EC530750.jpeg","type":"image\/jpeg"}],"author":"Yoelvzla","twitter_card":"summary_large_image","twitter_misc":{"Escrito por":"Yoelvzla","Tiempo estimado de lectura":"2 minutos"},"schema":{"@context":"https:\/\/schema.org","@graph":[{"@type":"Article","@id":"https:\/\/noti-america.com\/site\/venezuela\/2025\/05\/20\/dj-jan-franco-el-extraterrestre-se-presenta-en-multiples-eventos-este-mayo-y-junio\/#article","isPartOf":{"@id":"https:\/\/noti-america.com\/site\/venezuela\/2025\/05\/20\/dj-jan-franco-el-extraterrestre-se-presenta-en-multiples-eventos-este-mayo-y-junio\/"},"author":{"name":"Yoelvzla","@id":"https:\/\/noti-america.com\/site\/venezuela\/#\/schema\/person\/376ccc7b3cc7a8d5a43c3ece07a43857"},"headline":"DJ Jan Franco \u00abEl Extraterrestre\u00bb se presenta en m\u00faltiples eventos este mayo y junio","datePublished":"2025-05-20T14:06:19+00:00","mainEntityOfPage":{"@id":"https:\/\/noti-america.com\/site\/venezuela\/2025\/05\/20\/dj-jan-franco-el-extraterrestre-se-presenta-en-multiples-eventos-este-mayo-y-junio\/"},"wordCount":390,"commentCount":0,"publisher":{"@id":"https:\/\/noti-america.com\/site\/venezuela\/#organization"},"image":{"@id":"https:\/\/noti-america.com\/site\/venezuela\/2025\/05\/20\/dj-jan-franco-el-extraterrestre-se-presenta-en-multiples-eventos-este-mayo-y-junio\/#primaryimage"},"thumbnailUrl":"https:\/\/noti-america.com\/site\/venezuela\/wp-content\/uploads\/sites\/2\/2025\/05\/original-3D5F4F79-05F9-43BF-825D-9652EC530750.jpeg","articleSection":["Arte y Espect\u00e1culos"],"inLanguage":"es","potentialAction":[{"@type":"CommentAction","name":"Comment","target":["https:\/\/noti-america.com\/site\/venezuela\/2025\/05\/20\/dj-jan-franco-el-extraterrestre-se-presenta-en-multiples-eventos-este-mayo-y-junio\/#respond"]}]},{"@type":"WebPage","@id":"https:\/\/noti-america.com\/site\/venezuela\/2025\/05\/20\/dj-jan-franco-el-extraterrestre-se-presenta-en-multiples-eventos-este-mayo-y-junio\/","url":"https:\/\/noti-america.com\/site\/venezuela\/2025\/05\/20\/dj-jan-franco-el-extraterrestre-se-presenta-en-multiples-eventos-este-mayo-y-junio\/","name":"DJ Jan Franco \"El Extraterrestre\" se presenta en m\u00faltiples eventos este mayo y junio - Venezuela | Noti-America.com","isPartOf":{"@id":"https:\/\/noti-america.com\/site\/venezuela\/#website"},"primaryImageOfPage":{"@id":"https:\/\/noti-america.com\/site\/venezuela\/2025\/05\/20\/dj-jan-franco-el-extraterrestre-se-presenta-en-multiples-eventos-este-mayo-y-junio\/#primaryimage"},"image":{"@id":"https:\/\/noti-america.com\/site\/venezuela\/2025\/05\/20\/dj-jan-franco-el-extraterrestre-se-presenta-en-multiples-eventos-este-mayo-y-junio\/#primaryimage"},"thumbnailUrl":"https:\/\/noti-america.com\/site\/venezuela\/wp-content\/uploads\/sites\/2\/2025\/05\/original-3D5F4F79-05F9-43BF-825D-9652EC530750.jpeg","datePublished":"2025-05-20T14:06:19+00:00","breadcrumb":{"@id":"https:\/\/noti-america.com\/site\/venezuela\/2025\/05\/20\/dj-jan-franco-el-extraterrestre-se-presenta-en-multiples-eventos-este-mayo-y-junio\/#breadcrumb"},"inLanguage":"es","potentialAction":[{"@type":"ReadAction","target":["https:\/\/noti-america.com\/site\/venezuela\/2025\/05\/20\/dj-jan-franco-el-extraterrestre-se-presenta-en-multiples-eventos-este-mayo-y-junio\/"]}]},{"@type":"ImageObject","inLanguage":"es","@id":"https:\/\/noti-america.com\/site\/venezuela\/2025\/05\/20\/dj-jan-franco-el-extraterrestre-se-presenta-en-multiples-eventos-este-mayo-y-junio\/#primaryimage","url":"https:\/\/noti-america.com\/site\/venezuela\/wp-content\/uploads\/sites\/2\/2025\/05\/original-3D5F4F79-05F9-43BF-825D-9652EC530750.jpeg","contentUrl":"https:\/\/noti-america.com\/site\/venezuela\/wp-content\/uploads\/sites\/2\/2025\/05\/original-3D5F4F79-05F9-43BF-825D-9652EC530750.jpeg","width":1179,"height":873},{"@type":"BreadcrumbList","@id":"https:\/\/noti-america.com\/site\/venezuela\/2025\/05\/20\/dj-jan-franco-el-extraterrestre-se-presenta-en-multiples-eventos-este-mayo-y-junio\/#breadcrumb","itemListElement":[{"@type":"ListItem","position":1,"name":"Portada","item":"https:\/\/noti-america.com\/site\/venezuela\/"},{"@type":"ListItem","position":2,"name":"DJ Jan Franco \u00abEl Extraterrestre\u00bb se presenta en m\u00faltiples eventos este mayo y junio"}]},{"@type":"WebSite","@id":"https:\/\/noti-america.com\/site\/venezuela\/#website","url":"https:\/\/noti-america.com\/site\/venezuela\/","name":"Venezuela | Noti-America.com","description":"","publisher":{"@id":"https:\/\/noti-america.com\/site\/venezuela\/#organization"},"potentialAction":[{"@type":"SearchAction","target":{"@type":"EntryPoint","urlTemplate":"https:\/\/noti-america.com\/site\/venezuela\/?s={search_term_string}"},"query-input":{"@type":"PropertyValueSpecification","valueRequired":true,"valueName":"search_term_string"}}],"inLanguage":"es"},{"@type":"Organization","@id":"https:\/\/noti-america.com\/site\/venezuela\/#organization","name":"Noti-America LLC | Venezuela","url":"https:\/\/noti-america.com\/site\/venezuela\/","logo":{"@type":"ImageObject","inLanguage":"es","@id":"https:\/\/noti-america.com\/site\/venezuela\/#\/schema\/logo\/image\/","url":"https:\/\/noti-america.com\/site\/venezuela\/wp-content\/uploads\/sites\/2\/2020\/07\/LogoNA-4x3-1.jpg","contentUrl":"https:\/\/noti-america.com\/site\/venezuela\/wp-content\/uploads\/sites\/2\/2020\/07\/LogoNA-4x3-1.jpg","width":1236,"height":1080,"caption":"Noti-America LLC | Venezuela"},"image":{"@id":"https:\/\/noti-america.com\/site\/venezuela\/#\/schema\/logo\/image\/"}},{"@type":"Person","@id":"https:\/\/noti-america.com\/site\/venezuela\/#\/schema\/person\/376ccc7b3cc7a8d5a43c3ece07a43857","name":"Yoelvzla","image":{"@type":"ImageObject","inLanguage":"es","@id":"https:\/\/secure.gravatar.com\/avatar\/13a96a72123e0e9aa76fe82e8847f726c63a1c5ef6a8d0fadd844c1a5a83b212?s=96&d=mm&r=g","url":"https:\/\/secure.gravatar.com\/avatar\/13a96a72123e0e9aa76fe82e8847f726c63a1c5ef6a8d0fadd844c1a5a83b212?s=96&d=mm&r=g","contentUrl":"https:\/\/secure.gravatar.com\/avatar\/13a96a72123e0e9aa76fe82e8847f726c63a1c5ef6a8d0fadd844c1a5a83b212?s=96&d=mm&r=g","caption":"Yoelvzla"},"url":"https:\/\/noti-america.com\/site\/venezuela\/author\/ydiaz\/"}]}},"_links":{"self":[{"href":"https:\/\/noti-america.com\/site\/venezuela\/wp-json\/wp\/v2\/posts\/44285","targetHints":{"allow":["GET"]}}],"collection":[{"href":"https:\/\/noti-america.com\/site\/venezuela\/wp-json\/wp\/v2\/posts"}],"about":[{"href":"https:\/\/noti-america.com\/site\/venezuela\/wp-json\/wp\/v2\/types\/post"}],"author":[{"embeddable":true,"href":"https:\/\/noti-america.com\/site\/venezuela\/wp-json\/wp\/v2\/users\/127"}],"replies":[{"embeddable":true,"href":"https:\/\/noti-america.com\/site\/venezuela\/wp-json\/wp\/v2\/comments?post=44285"}],"version-history":[{"count":1,"href":"https:\/\/noti-america.com\/site\/venezuela\/wp-json\/wp\/v2\/posts\/44285\/revisions"}],"predecessor-version":[{"id":44287,"href":"https:\/\/noti-america.com\/site\/venezuela\/wp-json\/wp\/v2\/posts\/44285\/revisions\/44287"}],"wp:featuredmedia":[{"embeddable":true,"href":"https:\/\/noti-america.com\/site\/venezuela\/wp-json\/wp\/v2\/media\/44286"}],"wp:attachment":[{"href":"https:\/\/noti-america.com\/site\/venezuela\/wp-json\/wp\/v2\/media?parent=44285"}],"wp:term":[{"taxonomy":"category","embeddable":true,"href":"https:\/\/noti-america.com\/site\/venezuela\/wp-json\/wp\/v2\/categories?post=44285"},{"taxonomy":"post_tag","embeddable":true,"href":"https:\/\/noti-america.com\/site\/venezuela\/wp-json\/wp\/v2\/tags?post=44285"}],"curies":[{"name":"wp","href":"https:\/\/api.w.org\/{rel}","templated":true}]}}