{"id":43616,"date":"2025-04-16T14:19:31","date_gmt":"2025-04-16T14:19:31","guid":{"rendered":"https:\/\/noti-america.com\/site\/venezuela\/?p=43616"},"modified":"2025-04-16T14:19:31","modified_gmt":"2025-04-16T14:19:31","slug":"vaticano-informa-avances-en-la-salud-del-papa-francisco","status":"publish","type":"post","link":"https:\/\/noti-america.com\/site\/venezuela\/2025\/04\/16\/vaticano-informa-avances-en-la-salud-del-papa-francisco\/","title":{"rendered":"Vaticano informa avances en la salud del papa Francisco"},"content":{"rendered":"<p>NOTI-AMERICA.COM | VENEZUELA<\/p>\n<p style=\"text-align: justify\">De acuerdo con las actualizaciones m\u00e1s recientes de la Oficina de Prensa de la Santa Sede, el papa Francisco sigue progresando en su recuperaci\u00f3n, mostrando mejoras en su movilidad, respiraci\u00f3n y voz. El Pont\u00edfice permanece convaleciente en el Vaticano desde que fue dado de alta del Hospital Gemelli el pasado 23 de marzo.<\/p>\n<p style=\"text-align: justify\">Aunque sus encuentros de trabajo con algunos superiores de la Curia han sido m\u00e1s breves, el papa contin\u00faa activo, complementando sus actividades con fisioterapia motora, respiratoria y ejercicios vocales espec\u00edficos.<\/p>\n<p style=\"text-align: justify\">En cuanto a su uso de ox\u00edgeno, este se considera ahora \u00abresidual\u00bb y est\u00e1 limitado a fines terap\u00e9uticos, realiz\u00e1ndose principalmente en la tarde y solo cuando es necesario. Adem\u00e1s, los periodos sin necesidad de apoyo mediante c\u00e1nulas nasales han sido cada vez m\u00e1s prolongados.<\/p>\n","protected":false},"excerpt":{"rendered":"<p>NOTI-AMERICA.COM | VENEZUELA De acuerdo con las actualizaciones m\u00e1s recientes de la Oficina de Prensa de la Santa Sede, el papa Francisco sigue progresando en su recuperaci\u00f3n, mostrando mejoras en su movilidad, respiraci\u00f3n y&#46;&#46;&#46;<\/p>\n","protected":false},"author":133,"featured_media":43617,"comment_status":"open","ping_status":"open","sticky":false,"template":"","format":"image","meta":{"_acf_changed":false,"om_disable_all_campaigns":false,"rop_custom_images_group":[],"rop_custom_messages_group":[],"rop_publish_now":"initial","rop_publish_now_accounts":{"twitter_242054905_242054905":""},"rop_publish_now_history":[],"rop_publish_now_status":"pending","_uf_show_specific_survey":0,"_uf_disable_surveys":false,"footnotes":""},"categories":[4],"tags":[],"class_list":["post-43616","post","type-post","status-publish","format-image","has-post-thumbnail","hentry","category-internacionales","post_format-post-format-image"],"acf":[],"aioseo_notices":[],"yoast_head":"<!-- This site is optimized with the Yoast SEO Premium plugin v24.9 (Yoast SEO v27.2) - https:\/\/yoast.com\/product\/yoast-seo-premium-wordpress\/ -->\n<title>Vaticano informa avances en la salud del papa Francisco - Venezuela | Noti-America.com<\/title>\n<meta name=\"robots\" content=\"index, follow, max-snippet:-1, max-image-preview:large, max-video-preview:-1\" \/>\n<link rel=\"canonical\" href=\"https:\/\/noti-america.com\/site\/venezuela\/2025\/04\/16\/vaticano-informa-avances-en-la-salud-del-papa-francisco\/\" \/>\n<meta property=\"og:locale\" content=\"es_ES\" \/>\n<meta property=\"og:type\" content=\"article\" \/>\n<meta property=\"og:title\" content=\"Vaticano informa avances en la salud del papa Francisco\" \/>\n<meta property=\"og:description\" content=\"NOTI-AMERICA.COM | VENEZUELA De acuerdo con las actualizaciones m\u00e1s recientes de la Oficina de Prensa de la Santa Sede, el papa Francisco sigue progresando en su recuperaci\u00f3n, mostrando mejoras en su movilidad, respiraci\u00f3n y&#046;&#046;&#046;\" \/>\n<meta property=\"og:url\" content=\"https:\/\/noti-america.com\/site\/venezuela\/2025\/04\/16\/vaticano-informa-avances-en-la-salud-del-papa-francisco\/\" \/>\n<meta property=\"og:site_name\" content=\"Venezuela | Noti-America.com\" \/>\n<meta property=\"article:author\" content=\"Mar\u00eda Valentina Noguera\" \/>\n<meta property=\"article:published_time\" content=\"2025-04-16T14:19:31+00:00\" \/>\n<meta property=\"og:image\" content=\"https:\/\/noti-america.com\/site\/venezuela\/wp-content\/uploads\/sites\/2\/2025\/04\/cq5dam.thumbnail.cropped.1500.844-82b289.jpeg\" \/>\n\t<meta property=\"og:image:width\" content=\"800\" \/>\n\t<meta property=\"og:image:height\" content=\"500\" \/>\n\t<meta property=\"og:image:type\" content=\"image\/jpeg\" \/>\n<meta name=\"author\" content=\"Maria Valentina Noguera Medina\" \/>\n<meta name=\"twitter:card\" content=\"summary_large_image\" \/>\n<meta name=\"twitter:label1\" content=\"Escrito por\" \/>\n\t<meta name=\"twitter:data1\" content=\"Maria Valentina Noguera Medina\" \/>\n\t<meta name=\"twitter:label2\" content=\"Tiempo estimado de lectura\" \/>\n\t<meta name=\"twitter:data2\" content=\"1 minuto\" \/>\n<script type=\"application\/ld+json\" class=\"yoast-schema-graph\">{\"@context\":\"https:\/\/schema.org\",\"@graph\":[{\"@type\":\"Article\",\"@id\":\"https:\/\/noti-america.com\/site\/venezuela\/2025\/04\/16\/vaticano-informa-avances-en-la-salud-del-papa-francisco\/#article\",\"isPartOf\":{\"@id\":\"https:\/\/noti-america.com\/site\/venezuela\/2025\/04\/16\/vaticano-informa-avances-en-la-salud-del-papa-francisco\/\"},\"author\":{\"name\":\"Maria Valentina Noguera Medina\",\"@id\":\"https:\/\/noti-america.com\/site\/venezuela\/#\/schema\/person\/22806efcc2cfc4b45efb0e17be210ea8\"},\"headline\":\"Vaticano informa avances en la salud del papa Francisco\",\"datePublished\":\"2025-04-16T14:19:31+00:00\",\"mainEntityOfPage\":{\"@id\":\"https:\/\/noti-america.com\/site\/venezuela\/2025\/04\/16\/vaticano-informa-avances-en-la-salud-del-papa-francisco\/\"},\"wordCount\":151,\"commentCount\":0,\"publisher\":{\"@id\":\"https:\/\/noti-america.com\/site\/venezuela\/#organization\"},\"image\":{\"@id\":\"https:\/\/noti-america.com\/site\/venezuela\/2025\/04\/16\/vaticano-informa-avances-en-la-salud-del-papa-francisco\/#primaryimage\"},\"thumbnailUrl\":\"https:\/\/noti-america.com\/site\/venezuela\/wp-content\/uploads\/sites\/2\/2025\/04\/cq5dam.thumbnail.cropped.1500.844-82b289.jpeg\",\"articleSection\":[\"Internacionales\"],\"inLanguage\":\"es\",\"potentialAction\":[{\"@type\":\"CommentAction\",\"name\":\"Comment\",\"target\":[\"https:\/\/noti-america.com\/site\/venezuela\/2025\/04\/16\/vaticano-informa-avances-en-la-salud-del-papa-francisco\/#respond\"]}]},{\"@type\":\"WebPage\",\"@id\":\"https:\/\/noti-america.com\/site\/venezuela\/2025\/04\/16\/vaticano-informa-avances-en-la-salud-del-papa-francisco\/\",\"url\":\"https:\/\/noti-america.com\/site\/venezuela\/2025\/04\/16\/vaticano-informa-avances-en-la-salud-del-papa-francisco\/\",\"name\":\"Vaticano informa avances en la salud del papa Francisco - Venezuela | Noti-America.com\",\"isPartOf\":{\"@id\":\"https:\/\/noti-america.com\/site\/venezuela\/#website\"},\"primaryImageOfPage\":{\"@id\":\"https:\/\/noti-america.com\/site\/venezuela\/2025\/04\/16\/vaticano-informa-avances-en-la-salud-del-papa-francisco\/#primaryimage\"},\"image\":{\"@id\":\"https:\/\/noti-america.com\/site\/venezuela\/2025\/04\/16\/vaticano-informa-avances-en-la-salud-del-papa-francisco\/#primaryimage\"},\"thumbnailUrl\":\"https:\/\/noti-america.com\/site\/venezuela\/wp-content\/uploads\/sites\/2\/2025\/04\/cq5dam.thumbnail.cropped.1500.844-82b289.jpeg\",\"datePublished\":\"2025-04-16T14:19:31+00:00\",\"breadcrumb\":{\"@id\":\"https:\/\/noti-america.com\/site\/venezuela\/2025\/04\/16\/vaticano-informa-avances-en-la-salud-del-papa-francisco\/#breadcrumb\"},\"inLanguage\":\"es\",\"potentialAction\":[{\"@type\":\"ReadAction\",\"target\":[\"https:\/\/noti-america.com\/site\/venezuela\/2025\/04\/16\/vaticano-informa-avances-en-la-salud-del-papa-francisco\/\"]}]},{\"@type\":\"ImageObject\",\"inLanguage\":\"es\",\"@id\":\"https:\/\/noti-america.com\/site\/venezuela\/2025\/04\/16\/vaticano-informa-avances-en-la-salud-del-papa-francisco\/#primaryimage\",\"url\":\"https:\/\/noti-america.com\/site\/venezuela\/wp-content\/uploads\/sites\/2\/2025\/04\/cq5dam.thumbnail.cropped.1500.844-82b289.jpeg\",\"contentUrl\":\"https:\/\/noti-america.com\/site\/venezuela\/wp-content\/uploads\/sites\/2\/2025\/04\/cq5dam.thumbnail.cropped.1500.844-82b289.jpeg\",\"width\":800,\"height\":500},{\"@type\":\"BreadcrumbList\",\"@id\":\"https:\/\/noti-america.com\/site\/venezuela\/2025\/04\/16\/vaticano-informa-avances-en-la-salud-del-papa-francisco\/#breadcrumb\",\"itemListElement\":[{\"@type\":\"ListItem\",\"position\":1,\"name\":\"Portada\",\"item\":\"https:\/\/noti-america.com\/site\/venezuela\/\"},{\"@type\":\"ListItem\",\"position\":2,\"name\":\"Vaticano informa avances en la salud del papa Francisco\"}]},{\"@type\":\"WebSite\",\"@id\":\"https:\/\/noti-america.com\/site\/venezuela\/#website\",\"url\":\"https:\/\/noti-america.com\/site\/venezuela\/\",\"name\":\"Venezuela | Noti-America.com\",\"description\":\"\",\"publisher\":{\"@id\":\"https:\/\/noti-america.com\/site\/venezuela\/#organization\"},\"potentialAction\":[{\"@type\":\"SearchAction\",\"target\":{\"@type\":\"EntryPoint\",\"urlTemplate\":\"https:\/\/noti-america.com\/site\/venezuela\/?s={search_term_string}\"},\"query-input\":{\"@type\":\"PropertyValueSpecification\",\"valueRequired\":true,\"valueName\":\"search_term_string\"}}],\"inLanguage\":\"es\"},{\"@type\":\"Organization\",\"@id\":\"https:\/\/noti-america.com\/site\/venezuela\/#organization\",\"name\":\"Noti-America LLC | Venezuela\",\"url\":\"https:\/\/noti-america.com\/site\/venezuela\/\",\"logo\":{\"@type\":\"ImageObject\",\"inLanguage\":\"es\",\"@id\":\"https:\/\/noti-america.com\/site\/venezuela\/#\/schema\/logo\/image\/\",\"url\":\"https:\/\/noti-america.com\/site\/venezuela\/wp-content\/uploads\/sites\/2\/2020\/07\/LogoNA-4x3-1.jpg\",\"contentUrl\":\"https:\/\/noti-america.com\/site\/venezuela\/wp-content\/uploads\/sites\/2\/2020\/07\/LogoNA-4x3-1.jpg\",\"width\":1236,\"height\":1080,\"caption\":\"Noti-America LLC | Venezuela\"},\"image\":{\"@id\":\"https:\/\/noti-america.com\/site\/venezuela\/#\/schema\/logo\/image\/\"}},{\"@type\":\"Person\",\"@id\":\"https:\/\/noti-america.com\/site\/venezuela\/#\/schema\/person\/22806efcc2cfc4b45efb0e17be210ea8\",\"name\":\"Maria Valentina Noguera Medina\",\"image\":{\"@type\":\"ImageObject\",\"inLanguage\":\"es\",\"@id\":\"https:\/\/secure.gravatar.com\/avatar\/4ec5eb9d099f2608a49c9df6f7341f66f04f819cdffa09d56a7a0e91d2819d56?s=96&d=mm&r=g\",\"url\":\"https:\/\/secure.gravatar.com\/avatar\/4ec5eb9d099f2608a49c9df6f7341f66f04f819cdffa09d56a7a0e91d2819d56?s=96&d=mm&r=g\",\"contentUrl\":\"https:\/\/secure.gravatar.com\/avatar\/4ec5eb9d099f2608a49c9df6f7341f66f04f819cdffa09d56a7a0e91d2819d56?s=96&d=mm&r=g\",\"caption\":\"Maria Valentina Noguera Medina\"},\"description\":\"Periodista - noti-america - Promar Community Manager - Talento Plus Dise\u00f1adora\/ creadora de contenido...\",\"sameAs\":[\"Mar\u00eda Valentina Noguera\",\"https:\/\/www.facebook.com\/mariavalentina.noguera\",\"https:\/\/www.linkedin.com\/in\/mara-valentina-noguera-medina-373075165\/\",\"https:\/\/www.pinterest.es\/valentinanoguera95\/\",\"https:\/\/www.youtube.com\/channel\/UCdek6mbUZ-Tqqw0I63i4nmQ\"],\"url\":\"https:\/\/noti-america.com\/site\/venezuela\/author\/mnoguera\/\"}]}<\/script>\n<!-- \/ Yoast SEO Premium plugin. -->","yoast_head_json":{"title":"Vaticano informa avances en la salud del papa Francisco - Venezuela | Noti-America.com","robots":{"index":"index","follow":"follow","max-snippet":"max-snippet:-1","max-image-preview":"max-image-preview:large","max-video-preview":"max-video-preview:-1"},"canonical":"https:\/\/noti-america.com\/site\/venezuela\/2025\/04\/16\/vaticano-informa-avances-en-la-salud-del-papa-francisco\/","og_locale":"es_ES","og_type":"article","og_title":"Vaticano informa avances en la salud del papa Francisco","og_description":"NOTI-AMERICA.COM | VENEZUELA De acuerdo con las actualizaciones m\u00e1s recientes de la Oficina de Prensa de la Santa Sede, el papa Francisco sigue progresando en su recuperaci\u00f3n, mostrando mejoras en su movilidad, respiraci\u00f3n y&#46;&#46;&#46;","og_url":"https:\/\/noti-america.com\/site\/venezuela\/2025\/04\/16\/vaticano-informa-avances-en-la-salud-del-papa-francisco\/","og_site_name":"Venezuela | Noti-America.com","article_author":"Mar\u00eda Valentina Noguera","article_published_time":"2025-04-16T14:19:31+00:00","og_image":[{"width":800,"height":500,"url":"https:\/\/noti-america.com\/site\/venezuela\/wp-content\/uploads\/sites\/2\/2025\/04\/cq5dam.thumbnail.cropped.1500.844-82b289.jpeg","type":"image\/jpeg"}],"author":"Maria Valentina Noguera Medina","twitter_card":"summary_large_image","twitter_misc":{"Escrito por":"Maria Valentina Noguera Medina","Tiempo estimado de lectura":"1 minuto"},"schema":{"@context":"https:\/\/schema.org","@graph":[{"@type":"Article","@id":"https:\/\/noti-america.com\/site\/venezuela\/2025\/04\/16\/vaticano-informa-avances-en-la-salud-del-papa-francisco\/#article","isPartOf":{"@id":"https:\/\/noti-america.com\/site\/venezuela\/2025\/04\/16\/vaticano-informa-avances-en-la-salud-del-papa-francisco\/"},"author":{"name":"Maria Valentina Noguera Medina","@id":"https:\/\/noti-america.com\/site\/venezuela\/#\/schema\/person\/22806efcc2cfc4b45efb0e17be210ea8"},"headline":"Vaticano informa avances en la salud del papa Francisco","datePublished":"2025-04-16T14:19:31+00:00","mainEntityOfPage":{"@id":"https:\/\/noti-america.com\/site\/venezuela\/2025\/04\/16\/vaticano-informa-avances-en-la-salud-del-papa-francisco\/"},"wordCount":151,"commentCount":0,"publisher":{"@id":"https:\/\/noti-america.com\/site\/venezuela\/#organization"},"image":{"@id":"https:\/\/noti-america.com\/site\/venezuela\/2025\/04\/16\/vaticano-informa-avances-en-la-salud-del-papa-francisco\/#primaryimage"},"thumbnailUrl":"https:\/\/noti-america.com\/site\/venezuela\/wp-content\/uploads\/sites\/2\/2025\/04\/cq5dam.thumbnail.cropped.1500.844-82b289.jpeg","articleSection":["Internacionales"],"inLanguage":"es","potentialAction":[{"@type":"CommentAction","name":"Comment","target":["https:\/\/noti-america.com\/site\/venezuela\/2025\/04\/16\/vaticano-informa-avances-en-la-salud-del-papa-francisco\/#respond"]}]},{"@type":"WebPage","@id":"https:\/\/noti-america.com\/site\/venezuela\/2025\/04\/16\/vaticano-informa-avances-en-la-salud-del-papa-francisco\/","url":"https:\/\/noti-america.com\/site\/venezuela\/2025\/04\/16\/vaticano-informa-avances-en-la-salud-del-papa-francisco\/","name":"Vaticano informa avances en la salud del papa Francisco - Venezuela | Noti-America.com","isPartOf":{"@id":"https:\/\/noti-america.com\/site\/venezuela\/#website"},"primaryImageOfPage":{"@id":"https:\/\/noti-america.com\/site\/venezuela\/2025\/04\/16\/vaticano-informa-avances-en-la-salud-del-papa-francisco\/#primaryimage"},"image":{"@id":"https:\/\/noti-america.com\/site\/venezuela\/2025\/04\/16\/vaticano-informa-avances-en-la-salud-del-papa-francisco\/#primaryimage"},"thumbnailUrl":"https:\/\/noti-america.com\/site\/venezuela\/wp-content\/uploads\/sites\/2\/2025\/04\/cq5dam.thumbnail.cropped.1500.844-82b289.jpeg","datePublished":"2025-04-16T14:19:31+00:00","breadcrumb":{"@id":"https:\/\/noti-america.com\/site\/venezuela\/2025\/04\/16\/vaticano-informa-avances-en-la-salud-del-papa-francisco\/#breadcrumb"},"inLanguage":"es","potentialAction":[{"@type":"ReadAction","target":["https:\/\/noti-america.com\/site\/venezuela\/2025\/04\/16\/vaticano-informa-avances-en-la-salud-del-papa-francisco\/"]}]},{"@type":"ImageObject","inLanguage":"es","@id":"https:\/\/noti-america.com\/site\/venezuela\/2025\/04\/16\/vaticano-informa-avances-en-la-salud-del-papa-francisco\/#primaryimage","url":"https:\/\/noti-america.com\/site\/venezuela\/wp-content\/uploads\/sites\/2\/2025\/04\/cq5dam.thumbnail.cropped.1500.844-82b289.jpeg","contentUrl":"https:\/\/noti-america.com\/site\/venezuela\/wp-content\/uploads\/sites\/2\/2025\/04\/cq5dam.thumbnail.cropped.1500.844-82b289.jpeg","width":800,"height":500},{"@type":"BreadcrumbList","@id":"https:\/\/noti-america.com\/site\/venezuela\/2025\/04\/16\/vaticano-informa-avances-en-la-salud-del-papa-francisco\/#breadcrumb","itemListElement":[{"@type":"ListItem","position":1,"name":"Portada","item":"https:\/\/noti-america.com\/site\/venezuela\/"},{"@type":"ListItem","position":2,"name":"Vaticano informa avances en la salud del papa Francisco"}]},{"@type":"WebSite","@id":"https:\/\/noti-america.com\/site\/venezuela\/#website","url":"https:\/\/noti-america.com\/site\/venezuela\/","name":"Venezuela | Noti-America.com","description":"","publisher":{"@id":"https:\/\/noti-america.com\/site\/venezuela\/#organization"},"potentialAction":[{"@type":"SearchAction","target":{"@type":"EntryPoint","urlTemplate":"https:\/\/noti-america.com\/site\/venezuela\/?s={search_term_string}"},"query-input":{"@type":"PropertyValueSpecification","valueRequired":true,"valueName":"search_term_string"}}],"inLanguage":"es"},{"@type":"Organization","@id":"https:\/\/noti-america.com\/site\/venezuela\/#organization","name":"Noti-America LLC | Venezuela","url":"https:\/\/noti-america.com\/site\/venezuela\/","logo":{"@type":"ImageObject","inLanguage":"es","@id":"https:\/\/noti-america.com\/site\/venezuela\/#\/schema\/logo\/image\/","url":"https:\/\/noti-america.com\/site\/venezuela\/wp-content\/uploads\/sites\/2\/2020\/07\/LogoNA-4x3-1.jpg","contentUrl":"https:\/\/noti-america.com\/site\/venezuela\/wp-content\/uploads\/sites\/2\/2020\/07\/LogoNA-4x3-1.jpg","width":1236,"height":1080,"caption":"Noti-America LLC | Venezuela"},"image":{"@id":"https:\/\/noti-america.com\/site\/venezuela\/#\/schema\/logo\/image\/"}},{"@type":"Person","@id":"https:\/\/noti-america.com\/site\/venezuela\/#\/schema\/person\/22806efcc2cfc4b45efb0e17be210ea8","name":"Maria Valentina Noguera Medina","image":{"@type":"ImageObject","inLanguage":"es","@id":"https:\/\/secure.gravatar.com\/avatar\/4ec5eb9d099f2608a49c9df6f7341f66f04f819cdffa09d56a7a0e91d2819d56?s=96&d=mm&r=g","url":"https:\/\/secure.gravatar.com\/avatar\/4ec5eb9d099f2608a49c9df6f7341f66f04f819cdffa09d56a7a0e91d2819d56?s=96&d=mm&r=g","contentUrl":"https:\/\/secure.gravatar.com\/avatar\/4ec5eb9d099f2608a49c9df6f7341f66f04f819cdffa09d56a7a0e91d2819d56?s=96&d=mm&r=g","caption":"Maria Valentina Noguera Medina"},"description":"Periodista - noti-america - Promar Community Manager - Talento Plus Dise\u00f1adora\/ creadora de contenido...","sameAs":["Mar\u00eda Valentina Noguera","https:\/\/www.facebook.com\/mariavalentina.noguera","https:\/\/www.linkedin.com\/in\/mara-valentina-noguera-medina-373075165\/","https:\/\/www.pinterest.es\/valentinanoguera95\/","https:\/\/www.youtube.com\/channel\/UCdek6mbUZ-Tqqw0I63i4nmQ"],"url":"https:\/\/noti-america.com\/site\/venezuela\/author\/mnoguera\/"}]}},"_links":{"self":[{"href":"https:\/\/noti-america.com\/site\/venezuela\/wp-json\/wp\/v2\/posts\/43616","targetHints":{"allow":["GET"]}}],"collection":[{"href":"https:\/\/noti-america.com\/site\/venezuela\/wp-json\/wp\/v2\/posts"}],"about":[{"href":"https:\/\/noti-america.com\/site\/venezuela\/wp-json\/wp\/v2\/types\/post"}],"author":[{"embeddable":true,"href":"https:\/\/noti-america.com\/site\/venezuela\/wp-json\/wp\/v2\/users\/133"}],"replies":[{"embeddable":true,"href":"https:\/\/noti-america.com\/site\/venezuela\/wp-json\/wp\/v2\/comments?post=43616"}],"version-history":[{"count":1,"href":"https:\/\/noti-america.com\/site\/venezuela\/wp-json\/wp\/v2\/posts\/43616\/revisions"}],"predecessor-version":[{"id":43618,"href":"https:\/\/noti-america.com\/site\/venezuela\/wp-json\/wp\/v2\/posts\/43616\/revisions\/43618"}],"wp:featuredmedia":[{"embeddable":true,"href":"https:\/\/noti-america.com\/site\/venezuela\/wp-json\/wp\/v2\/media\/43617"}],"wp:attachment":[{"href":"https:\/\/noti-america.com\/site\/venezuela\/wp-json\/wp\/v2\/media?parent=43616"}],"wp:term":[{"taxonomy":"category","embeddable":true,"href":"https:\/\/noti-america.com\/site\/venezuela\/wp-json\/wp\/v2\/categories?post=43616"},{"taxonomy":"post_tag","embeddable":true,"href":"https:\/\/noti-america.com\/site\/venezuela\/wp-json\/wp\/v2\/tags?post=43616"}],"curies":[{"name":"wp","href":"https:\/\/api.w.org\/{rel}","templated":true}]}}