{"id":43217,"date":"2025-03-12T13:48:40","date_gmt":"2025-03-12T13:48:40","guid":{"rendered":"https:\/\/noti-america.com\/site\/venezuela\/?p=43217"},"modified":"2025-03-12T13:50:02","modified_gmt":"2025-03-12T13:50:02","slug":"ninoska-vasquez-brillo-en-la-pasarela-del-fashion-week-de-paris","status":"publish","type":"post","link":"https:\/\/noti-america.com\/site\/venezuela\/2025\/03\/12\/ninoska-vasquez-brillo-en-la-pasarela-del-fashion-week-de-paris\/","title":{"rendered":"Ninoska V\u00e1squez brill\u00f3 en la pasarela del Fashion Week de Par\u00eds"},"content":{"rendered":"<p><strong>NOTI-AMERICA.COM | VENEZUELA<\/strong><\/p>\n<p>La modelo venezolana\u00a0<strong>Ninoska V\u00e1squez<\/strong>\u00a0brill\u00f3 en la reciente edici\u00f3n del\u00a0<strong>Fashion Week de Par\u00eds<\/strong>, consolid\u00e1ndose como una figura destacada del mundo de la moda internacional. Su participaci\u00f3n incluy\u00f3 pasarelas de reconocidas marcas como Dior, Versace y Roberto Cavalli, tanto en Par\u00eds como en Mil\u00e1n.<\/p>\n<p>Durante uno de los desfiles ocurri\u00f3 un inesperado incidente: un tac\u00f3n se desprendi\u00f3 de su zapato en plena pasarela. Lejos de detenerse, Ninoska mostr\u00f3 una actitud profesional y empoderada al continuar desfilando con total confianza. Su r\u00e1pida reacci\u00f3n y serenidad generaron aplausos y admiraci\u00f3n entre el p\u00fablico asistente.<\/p>\n<p><strong>Un mensaje de empoderamiento<\/strong><\/p>\n<p>Este momento reflej\u00f3 m\u00e1s que un simple contratiempo; fue una clara demostraci\u00f3n de fuerza y determinaci\u00f3n femenina. La reacci\u00f3n de V\u00e1squez env\u00eda un poderoso mensaje sobre resiliencia y confianza, convirti\u00e9ndola en referente para mujeres dentro y fuera del mundo del modelaje.<\/p>\n<p>Con esta actuaci\u00f3n memorable, Ninoska V\u00e1squez contin\u00faa afianzando su carrera internacional, proyect\u00e1ndose como s\u00edmbolo de estilo, elegancia y empoderamiento venezolano en las grandes capitales de la moda.<\/p>\n","protected":false},"excerpt":{"rendered":"<p>NOTI-AMERICA.COM | VENEZUELA La modelo venezolana\u00a0Ninoska V\u00e1squez\u00a0brill\u00f3 en la reciente edici\u00f3n del\u00a0Fashion Week de Par\u00eds, consolid\u00e1ndose como una figura destacada del mundo de la moda internacional. Su participaci\u00f3n incluy\u00f3 pasarelas de reconocidas marcas como&#46;&#46;&#46;<\/p>\n","protected":false},"author":127,"featured_media":43218,"comment_status":"open","ping_status":"open","sticky":false,"template":"","format":"image","meta":{"_acf_changed":false,"om_disable_all_campaigns":false,"rop_custom_images_group":[],"rop_custom_messages_group":[],"rop_publish_now":"initial","rop_publish_now_accounts":{"twitter_242054905_242054905":""},"rop_publish_now_history":[],"rop_publish_now_status":"pending","_uf_show_specific_survey":0,"_uf_disable_surveys":false,"footnotes":""},"categories":[847],"tags":[],"class_list":["post-43217","post","type-post","status-publish","format-image","has-post-thumbnail","hentry","category-moda","post_format-post-format-image"],"acf":[],"aioseo_notices":[],"yoast_head":"<!-- This site is optimized with the Yoast SEO Premium plugin v24.9 (Yoast SEO v27.2) - https:\/\/yoast.com\/product\/yoast-seo-premium-wordpress\/ -->\n<title>Ninoska V\u00e1squez brill\u00f3 en la pasarela del Fashion Week de Par\u00eds - Venezuela | Noti-America.com<\/title>\n<meta name=\"robots\" content=\"index, follow, max-snippet:-1, max-image-preview:large, max-video-preview:-1\" \/>\n<link rel=\"canonical\" href=\"https:\/\/noti-america.com\/site\/venezuela\/2025\/03\/12\/ninoska-vasquez-brillo-en-la-pasarela-del-fashion-week-de-paris\/\" \/>\n<meta property=\"og:locale\" content=\"es_ES\" \/>\n<meta property=\"og:type\" content=\"article\" \/>\n<meta property=\"og:title\" content=\"Ninoska V\u00e1squez brill\u00f3 en la pasarela del Fashion Week de Par\u00eds\" \/>\n<meta property=\"og:description\" content=\"NOTI-AMERICA.COM | VENEZUELA La modelo venezolana\u00a0Ninoska V\u00e1squez\u00a0brill\u00f3 en la reciente edici\u00f3n del\u00a0Fashion Week de Par\u00eds, consolid\u00e1ndose como una figura destacada del mundo de la moda internacional. Su participaci\u00f3n incluy\u00f3 pasarelas de reconocidas marcas como&#046;&#046;&#046;\" \/>\n<meta property=\"og:url\" content=\"https:\/\/noti-america.com\/site\/venezuela\/2025\/03\/12\/ninoska-vasquez-brillo-en-la-pasarela-del-fashion-week-de-paris\/\" \/>\n<meta property=\"og:site_name\" content=\"Venezuela | Noti-America.com\" \/>\n<meta property=\"article:published_time\" content=\"2025-03-12T13:48:40+00:00\" \/>\n<meta property=\"article:modified_time\" content=\"2025-03-12T13:50:02+00:00\" \/>\n<meta property=\"og:image\" content=\"https:\/\/noti-america.com\/site\/venezuela\/wp-content\/uploads\/sites\/2\/2025\/03\/img_2535-1d3c0a.jpg\" \/>\n\t<meta property=\"og:image:width\" content=\"800\" \/>\n\t<meta property=\"og:image:height\" content=\"500\" \/>\n\t<meta property=\"og:image:type\" content=\"image\/jpeg\" \/>\n<meta name=\"author\" content=\"Yoelvzla\" \/>\n<meta name=\"twitter:card\" content=\"summary_large_image\" \/>\n<meta name=\"twitter:label1\" content=\"Escrito por\" \/>\n\t<meta name=\"twitter:data1\" content=\"Yoelvzla\" \/>\n\t<meta name=\"twitter:label2\" content=\"Tiempo estimado de lectura\" \/>\n\t<meta name=\"twitter:data2\" content=\"1 minuto\" \/>\n<script type=\"application\/ld+json\" class=\"yoast-schema-graph\">{\"@context\":\"https:\/\/schema.org\",\"@graph\":[{\"@type\":\"Article\",\"@id\":\"https:\/\/noti-america.com\/site\/venezuela\/2025\/03\/12\/ninoska-vasquez-brillo-en-la-pasarela-del-fashion-week-de-paris\/#article\",\"isPartOf\":{\"@id\":\"https:\/\/noti-america.com\/site\/venezuela\/2025\/03\/12\/ninoska-vasquez-brillo-en-la-pasarela-del-fashion-week-de-paris\/\"},\"author\":{\"name\":\"Yoelvzla\",\"@id\":\"https:\/\/noti-america.com\/site\/venezuela\/#\/schema\/person\/376ccc7b3cc7a8d5a43c3ece07a43857\"},\"headline\":\"Ninoska V\u00e1squez brill\u00f3 en la pasarela del Fashion Week de Par\u00eds\",\"datePublished\":\"2025-03-12T13:48:40+00:00\",\"dateModified\":\"2025-03-12T13:50:02+00:00\",\"mainEntityOfPage\":{\"@id\":\"https:\/\/noti-america.com\/site\/venezuela\/2025\/03\/12\/ninoska-vasquez-brillo-en-la-pasarela-del-fashion-week-de-paris\/\"},\"wordCount\":205,\"commentCount\":0,\"publisher\":{\"@id\":\"https:\/\/noti-america.com\/site\/venezuela\/#organization\"},\"image\":{\"@id\":\"https:\/\/noti-america.com\/site\/venezuela\/2025\/03\/12\/ninoska-vasquez-brillo-en-la-pasarela-del-fashion-week-de-paris\/#primaryimage\"},\"thumbnailUrl\":\"https:\/\/noti-america.com\/site\/venezuela\/wp-content\/uploads\/sites\/2\/2025\/03\/img_2535-1d3c0a.jpg\",\"articleSection\":[\"Moda\"],\"inLanguage\":\"es\",\"potentialAction\":[{\"@type\":\"CommentAction\",\"name\":\"Comment\",\"target\":[\"https:\/\/noti-america.com\/site\/venezuela\/2025\/03\/12\/ninoska-vasquez-brillo-en-la-pasarela-del-fashion-week-de-paris\/#respond\"]}]},{\"@type\":\"WebPage\",\"@id\":\"https:\/\/noti-america.com\/site\/venezuela\/2025\/03\/12\/ninoska-vasquez-brillo-en-la-pasarela-del-fashion-week-de-paris\/\",\"url\":\"https:\/\/noti-america.com\/site\/venezuela\/2025\/03\/12\/ninoska-vasquez-brillo-en-la-pasarela-del-fashion-week-de-paris\/\",\"name\":\"Ninoska V\u00e1squez brill\u00f3 en la pasarela del Fashion Week de Par\u00eds - Venezuela | Noti-America.com\",\"isPartOf\":{\"@id\":\"https:\/\/noti-america.com\/site\/venezuela\/#website\"},\"primaryImageOfPage\":{\"@id\":\"https:\/\/noti-america.com\/site\/venezuela\/2025\/03\/12\/ninoska-vasquez-brillo-en-la-pasarela-del-fashion-week-de-paris\/#primaryimage\"},\"image\":{\"@id\":\"https:\/\/noti-america.com\/site\/venezuela\/2025\/03\/12\/ninoska-vasquez-brillo-en-la-pasarela-del-fashion-week-de-paris\/#primaryimage\"},\"thumbnailUrl\":\"https:\/\/noti-america.com\/site\/venezuela\/wp-content\/uploads\/sites\/2\/2025\/03\/img_2535-1d3c0a.jpg\",\"datePublished\":\"2025-03-12T13:48:40+00:00\",\"dateModified\":\"2025-03-12T13:50:02+00:00\",\"breadcrumb\":{\"@id\":\"https:\/\/noti-america.com\/site\/venezuela\/2025\/03\/12\/ninoska-vasquez-brillo-en-la-pasarela-del-fashion-week-de-paris\/#breadcrumb\"},\"inLanguage\":\"es\",\"potentialAction\":[{\"@type\":\"ReadAction\",\"target\":[\"https:\/\/noti-america.com\/site\/venezuela\/2025\/03\/12\/ninoska-vasquez-brillo-en-la-pasarela-del-fashion-week-de-paris\/\"]}]},{\"@type\":\"ImageObject\",\"inLanguage\":\"es\",\"@id\":\"https:\/\/noti-america.com\/site\/venezuela\/2025\/03\/12\/ninoska-vasquez-brillo-en-la-pasarela-del-fashion-week-de-paris\/#primaryimage\",\"url\":\"https:\/\/noti-america.com\/site\/venezuela\/wp-content\/uploads\/sites\/2\/2025\/03\/img_2535-1d3c0a.jpg\",\"contentUrl\":\"https:\/\/noti-america.com\/site\/venezuela\/wp-content\/uploads\/sites\/2\/2025\/03\/img_2535-1d3c0a.jpg\",\"width\":800,\"height\":500},{\"@type\":\"BreadcrumbList\",\"@id\":\"https:\/\/noti-america.com\/site\/venezuela\/2025\/03\/12\/ninoska-vasquez-brillo-en-la-pasarela-del-fashion-week-de-paris\/#breadcrumb\",\"itemListElement\":[{\"@type\":\"ListItem\",\"position\":1,\"name\":\"Portada\",\"item\":\"https:\/\/noti-america.com\/site\/venezuela\/\"},{\"@type\":\"ListItem\",\"position\":2,\"name\":\"Ninoska V\u00e1squez brill\u00f3 en la pasarela del Fashion Week de Par\u00eds\"}]},{\"@type\":\"WebSite\",\"@id\":\"https:\/\/noti-america.com\/site\/venezuela\/#website\",\"url\":\"https:\/\/noti-america.com\/site\/venezuela\/\",\"name\":\"Venezuela | Noti-America.com\",\"description\":\"\",\"publisher\":{\"@id\":\"https:\/\/noti-america.com\/site\/venezuela\/#organization\"},\"potentialAction\":[{\"@type\":\"SearchAction\",\"target\":{\"@type\":\"EntryPoint\",\"urlTemplate\":\"https:\/\/noti-america.com\/site\/venezuela\/?s={search_term_string}\"},\"query-input\":{\"@type\":\"PropertyValueSpecification\",\"valueRequired\":true,\"valueName\":\"search_term_string\"}}],\"inLanguage\":\"es\"},{\"@type\":\"Organization\",\"@id\":\"https:\/\/noti-america.com\/site\/venezuela\/#organization\",\"name\":\"Noti-America LLC | Venezuela\",\"url\":\"https:\/\/noti-america.com\/site\/venezuela\/\",\"logo\":{\"@type\":\"ImageObject\",\"inLanguage\":\"es\",\"@id\":\"https:\/\/noti-america.com\/site\/venezuela\/#\/schema\/logo\/image\/\",\"url\":\"https:\/\/noti-america.com\/site\/venezuela\/wp-content\/uploads\/sites\/2\/2020\/07\/LogoNA-4x3-1.jpg\",\"contentUrl\":\"https:\/\/noti-america.com\/site\/venezuela\/wp-content\/uploads\/sites\/2\/2020\/07\/LogoNA-4x3-1.jpg\",\"width\":1236,\"height\":1080,\"caption\":\"Noti-America LLC | Venezuela\"},\"image\":{\"@id\":\"https:\/\/noti-america.com\/site\/venezuela\/#\/schema\/logo\/image\/\"}},{\"@type\":\"Person\",\"@id\":\"https:\/\/noti-america.com\/site\/venezuela\/#\/schema\/person\/376ccc7b3cc7a8d5a43c3ece07a43857\",\"name\":\"Yoelvzla\",\"image\":{\"@type\":\"ImageObject\",\"inLanguage\":\"es\",\"@id\":\"https:\/\/secure.gravatar.com\/avatar\/13a96a72123e0e9aa76fe82e8847f726c63a1c5ef6a8d0fadd844c1a5a83b212?s=96&d=mm&r=g\",\"url\":\"https:\/\/secure.gravatar.com\/avatar\/13a96a72123e0e9aa76fe82e8847f726c63a1c5ef6a8d0fadd844c1a5a83b212?s=96&d=mm&r=g\",\"contentUrl\":\"https:\/\/secure.gravatar.com\/avatar\/13a96a72123e0e9aa76fe82e8847f726c63a1c5ef6a8d0fadd844c1a5a83b212?s=96&d=mm&r=g\",\"caption\":\"Yoelvzla\"},\"url\":\"https:\/\/noti-america.com\/site\/venezuela\/author\/ydiaz\/\"}]}<\/script>\n<!-- \/ Yoast SEO Premium plugin. -->","yoast_head_json":{"title":"Ninoska V\u00e1squez brill\u00f3 en la pasarela del Fashion Week de Par\u00eds - Venezuela | Noti-America.com","robots":{"index":"index","follow":"follow","max-snippet":"max-snippet:-1","max-image-preview":"max-image-preview:large","max-video-preview":"max-video-preview:-1"},"canonical":"https:\/\/noti-america.com\/site\/venezuela\/2025\/03\/12\/ninoska-vasquez-brillo-en-la-pasarela-del-fashion-week-de-paris\/","og_locale":"es_ES","og_type":"article","og_title":"Ninoska V\u00e1squez brill\u00f3 en la pasarela del Fashion Week de Par\u00eds","og_description":"NOTI-AMERICA.COM | VENEZUELA La modelo venezolana\u00a0Ninoska V\u00e1squez\u00a0brill\u00f3 en la reciente edici\u00f3n del\u00a0Fashion Week de Par\u00eds, consolid\u00e1ndose como una figura destacada del mundo de la moda internacional. Su participaci\u00f3n incluy\u00f3 pasarelas de reconocidas marcas como&#46;&#46;&#46;","og_url":"https:\/\/noti-america.com\/site\/venezuela\/2025\/03\/12\/ninoska-vasquez-brillo-en-la-pasarela-del-fashion-week-de-paris\/","og_site_name":"Venezuela | Noti-America.com","article_published_time":"2025-03-12T13:48:40+00:00","article_modified_time":"2025-03-12T13:50:02+00:00","og_image":[{"width":800,"height":500,"url":"https:\/\/noti-america.com\/site\/venezuela\/wp-content\/uploads\/sites\/2\/2025\/03\/img_2535-1d3c0a.jpg","type":"image\/jpeg"}],"author":"Yoelvzla","twitter_card":"summary_large_image","twitter_misc":{"Escrito por":"Yoelvzla","Tiempo estimado de lectura":"1 minuto"},"schema":{"@context":"https:\/\/schema.org","@graph":[{"@type":"Article","@id":"https:\/\/noti-america.com\/site\/venezuela\/2025\/03\/12\/ninoska-vasquez-brillo-en-la-pasarela-del-fashion-week-de-paris\/#article","isPartOf":{"@id":"https:\/\/noti-america.com\/site\/venezuela\/2025\/03\/12\/ninoska-vasquez-brillo-en-la-pasarela-del-fashion-week-de-paris\/"},"author":{"name":"Yoelvzla","@id":"https:\/\/noti-america.com\/site\/venezuela\/#\/schema\/person\/376ccc7b3cc7a8d5a43c3ece07a43857"},"headline":"Ninoska V\u00e1squez brill\u00f3 en la pasarela del Fashion Week de Par\u00eds","datePublished":"2025-03-12T13:48:40+00:00","dateModified":"2025-03-12T13:50:02+00:00","mainEntityOfPage":{"@id":"https:\/\/noti-america.com\/site\/venezuela\/2025\/03\/12\/ninoska-vasquez-brillo-en-la-pasarela-del-fashion-week-de-paris\/"},"wordCount":205,"commentCount":0,"publisher":{"@id":"https:\/\/noti-america.com\/site\/venezuela\/#organization"},"image":{"@id":"https:\/\/noti-america.com\/site\/venezuela\/2025\/03\/12\/ninoska-vasquez-brillo-en-la-pasarela-del-fashion-week-de-paris\/#primaryimage"},"thumbnailUrl":"https:\/\/noti-america.com\/site\/venezuela\/wp-content\/uploads\/sites\/2\/2025\/03\/img_2535-1d3c0a.jpg","articleSection":["Moda"],"inLanguage":"es","potentialAction":[{"@type":"CommentAction","name":"Comment","target":["https:\/\/noti-america.com\/site\/venezuela\/2025\/03\/12\/ninoska-vasquez-brillo-en-la-pasarela-del-fashion-week-de-paris\/#respond"]}]},{"@type":"WebPage","@id":"https:\/\/noti-america.com\/site\/venezuela\/2025\/03\/12\/ninoska-vasquez-brillo-en-la-pasarela-del-fashion-week-de-paris\/","url":"https:\/\/noti-america.com\/site\/venezuela\/2025\/03\/12\/ninoska-vasquez-brillo-en-la-pasarela-del-fashion-week-de-paris\/","name":"Ninoska V\u00e1squez brill\u00f3 en la pasarela del Fashion Week de Par\u00eds - Venezuela | Noti-America.com","isPartOf":{"@id":"https:\/\/noti-america.com\/site\/venezuela\/#website"},"primaryImageOfPage":{"@id":"https:\/\/noti-america.com\/site\/venezuela\/2025\/03\/12\/ninoska-vasquez-brillo-en-la-pasarela-del-fashion-week-de-paris\/#primaryimage"},"image":{"@id":"https:\/\/noti-america.com\/site\/venezuela\/2025\/03\/12\/ninoska-vasquez-brillo-en-la-pasarela-del-fashion-week-de-paris\/#primaryimage"},"thumbnailUrl":"https:\/\/noti-america.com\/site\/venezuela\/wp-content\/uploads\/sites\/2\/2025\/03\/img_2535-1d3c0a.jpg","datePublished":"2025-03-12T13:48:40+00:00","dateModified":"2025-03-12T13:50:02+00:00","breadcrumb":{"@id":"https:\/\/noti-america.com\/site\/venezuela\/2025\/03\/12\/ninoska-vasquez-brillo-en-la-pasarela-del-fashion-week-de-paris\/#breadcrumb"},"inLanguage":"es","potentialAction":[{"@type":"ReadAction","target":["https:\/\/noti-america.com\/site\/venezuela\/2025\/03\/12\/ninoska-vasquez-brillo-en-la-pasarela-del-fashion-week-de-paris\/"]}]},{"@type":"ImageObject","inLanguage":"es","@id":"https:\/\/noti-america.com\/site\/venezuela\/2025\/03\/12\/ninoska-vasquez-brillo-en-la-pasarela-del-fashion-week-de-paris\/#primaryimage","url":"https:\/\/noti-america.com\/site\/venezuela\/wp-content\/uploads\/sites\/2\/2025\/03\/img_2535-1d3c0a.jpg","contentUrl":"https:\/\/noti-america.com\/site\/venezuela\/wp-content\/uploads\/sites\/2\/2025\/03\/img_2535-1d3c0a.jpg","width":800,"height":500},{"@type":"BreadcrumbList","@id":"https:\/\/noti-america.com\/site\/venezuela\/2025\/03\/12\/ninoska-vasquez-brillo-en-la-pasarela-del-fashion-week-de-paris\/#breadcrumb","itemListElement":[{"@type":"ListItem","position":1,"name":"Portada","item":"https:\/\/noti-america.com\/site\/venezuela\/"},{"@type":"ListItem","position":2,"name":"Ninoska V\u00e1squez brill\u00f3 en la pasarela del Fashion Week de Par\u00eds"}]},{"@type":"WebSite","@id":"https:\/\/noti-america.com\/site\/venezuela\/#website","url":"https:\/\/noti-america.com\/site\/venezuela\/","name":"Venezuela | Noti-America.com","description":"","publisher":{"@id":"https:\/\/noti-america.com\/site\/venezuela\/#organization"},"potentialAction":[{"@type":"SearchAction","target":{"@type":"EntryPoint","urlTemplate":"https:\/\/noti-america.com\/site\/venezuela\/?s={search_term_string}"},"query-input":{"@type":"PropertyValueSpecification","valueRequired":true,"valueName":"search_term_string"}}],"inLanguage":"es"},{"@type":"Organization","@id":"https:\/\/noti-america.com\/site\/venezuela\/#organization","name":"Noti-America LLC | Venezuela","url":"https:\/\/noti-america.com\/site\/venezuela\/","logo":{"@type":"ImageObject","inLanguage":"es","@id":"https:\/\/noti-america.com\/site\/venezuela\/#\/schema\/logo\/image\/","url":"https:\/\/noti-america.com\/site\/venezuela\/wp-content\/uploads\/sites\/2\/2020\/07\/LogoNA-4x3-1.jpg","contentUrl":"https:\/\/noti-america.com\/site\/venezuela\/wp-content\/uploads\/sites\/2\/2020\/07\/LogoNA-4x3-1.jpg","width":1236,"height":1080,"caption":"Noti-America LLC | Venezuela"},"image":{"@id":"https:\/\/noti-america.com\/site\/venezuela\/#\/schema\/logo\/image\/"}},{"@type":"Person","@id":"https:\/\/noti-america.com\/site\/venezuela\/#\/schema\/person\/376ccc7b3cc7a8d5a43c3ece07a43857","name":"Yoelvzla","image":{"@type":"ImageObject","inLanguage":"es","@id":"https:\/\/secure.gravatar.com\/avatar\/13a96a72123e0e9aa76fe82e8847f726c63a1c5ef6a8d0fadd844c1a5a83b212?s=96&d=mm&r=g","url":"https:\/\/secure.gravatar.com\/avatar\/13a96a72123e0e9aa76fe82e8847f726c63a1c5ef6a8d0fadd844c1a5a83b212?s=96&d=mm&r=g","contentUrl":"https:\/\/secure.gravatar.com\/avatar\/13a96a72123e0e9aa76fe82e8847f726c63a1c5ef6a8d0fadd844c1a5a83b212?s=96&d=mm&r=g","caption":"Yoelvzla"},"url":"https:\/\/noti-america.com\/site\/venezuela\/author\/ydiaz\/"}]}},"_links":{"self":[{"href":"https:\/\/noti-america.com\/site\/venezuela\/wp-json\/wp\/v2\/posts\/43217","targetHints":{"allow":["GET"]}}],"collection":[{"href":"https:\/\/noti-america.com\/site\/venezuela\/wp-json\/wp\/v2\/posts"}],"about":[{"href":"https:\/\/noti-america.com\/site\/venezuela\/wp-json\/wp\/v2\/types\/post"}],"author":[{"embeddable":true,"href":"https:\/\/noti-america.com\/site\/venezuela\/wp-json\/wp\/v2\/users\/127"}],"replies":[{"embeddable":true,"href":"https:\/\/noti-america.com\/site\/venezuela\/wp-json\/wp\/v2\/comments?post=43217"}],"version-history":[{"count":1,"href":"https:\/\/noti-america.com\/site\/venezuela\/wp-json\/wp\/v2\/posts\/43217\/revisions"}],"predecessor-version":[{"id":43219,"href":"https:\/\/noti-america.com\/site\/venezuela\/wp-json\/wp\/v2\/posts\/43217\/revisions\/43219"}],"wp:featuredmedia":[{"embeddable":true,"href":"https:\/\/noti-america.com\/site\/venezuela\/wp-json\/wp\/v2\/media\/43218"}],"wp:attachment":[{"href":"https:\/\/noti-america.com\/site\/venezuela\/wp-json\/wp\/v2\/media?parent=43217"}],"wp:term":[{"taxonomy":"category","embeddable":true,"href":"https:\/\/noti-america.com\/site\/venezuela\/wp-json\/wp\/v2\/categories?post=43217"},{"taxonomy":"post_tag","embeddable":true,"href":"https:\/\/noti-america.com\/site\/venezuela\/wp-json\/wp\/v2\/tags?post=43217"}],"curies":[{"name":"wp","href":"https:\/\/api.w.org\/{rel}","templated":true}]}}