{"id":43214,"date":"2025-03-12T13:41:19","date_gmt":"2025-03-12T13:41:19","guid":{"rendered":"https:\/\/noti-america.com\/site\/venezuela\/?p=43214"},"modified":"2025-03-12T13:41:19","modified_gmt":"2025-03-12T13:41:19","slug":"todo-listo-para-salsa-bajo-la-cupula-2-en-caracas","status":"publish","type":"post","link":"https:\/\/noti-america.com\/site\/venezuela\/2025\/03\/12\/todo-listo-para-salsa-bajo-la-cupula-2-en-caracas\/","title":{"rendered":"Todo listo para \u00abSalsa Bajo La C\u00fapula 2\u00bb en Caracas"},"content":{"rendered":"<p><strong>NOTI-AMERICA.COM | VENEZUELA<\/strong><\/p>\n<p>La salsa vuelve al<strong>\u00a0Poliedro de Caracas<\/strong>\u00a0con la esperada segunda edici\u00f3n de <strong>\u00abSalsa Bajo La C\u00fapula\u00bb<\/strong>. Este evento, organizado por<strong>\u00a0CP Producciones<\/strong>\u00a0y\u00a0<strong>Spartans Producciones<\/strong>\u00a0, reunir\u00e1 a los amantes del g\u00e9nero el pr\u00f3ximo s\u00e1bado <strong>12 de abril<\/strong>. Se perfila como una cita obligada en el calendario musical venezolano de 2025.<\/p>\n<p>El cartel art\u00edstico destaca con reconocidos exponentes internacionales. El puertorrique\u00f1o\u00a0<strong>Tony Vega<\/strong>\u00a0traer\u00e1 sus \u00e9xitos m\u00e1s populares. Desde Colombia,\u00a0<strong>Grupo Gal\u00e9<\/strong>\u00a0pondr\u00e1 a bailar al p\u00fablico con su caracter\u00edstica energ\u00eda en tarima.<\/p>\n<p>La lista de artistas se completa con\u00a0<strong>Cheo And\u00fajar<\/strong>, conocido por su voz poderosa, el carisma de\u00a0<strong>Pedro Arroyo<\/strong>\u00a0y la versatilidad de\u00a0<strong>Nino Segarra<\/strong>. Cada uno interpretar\u00e1 temas que han conquistado varias generaciones.<\/p>\n<p>Los DJ\u2019s invitados garantizar\u00e1n una noche llena de ritmo y sabor. Carlitos Bronco, con su estilo particular, C\u00e1mara Lenta, especialista en mezclas innovadoras, y el carism\u00e1tico DJ Fleming mantendr\u00e1n al p\u00fablico activo durante toda la velada.<\/p>\n","protected":false},"excerpt":{"rendered":"<p>NOTI-AMERICA.COM | VENEZUELA La salsa vuelve al\u00a0Poliedro de Caracas\u00a0con la esperada segunda edici\u00f3n de \u00abSalsa Bajo La C\u00fapula\u00bb. Este evento, organizado por\u00a0CP Producciones\u00a0y\u00a0Spartans Producciones\u00a0, reunir\u00e1 a los amantes del g\u00e9nero el pr\u00f3ximo s\u00e1bado 12&#46;&#46;&#46;<\/p>\n","protected":false},"author":127,"featured_media":43215,"comment_status":"open","ping_status":"open","sticky":false,"template":"","format":"image","meta":{"_acf_changed":false,"om_disable_all_campaigns":false,"rop_custom_images_group":[],"rop_custom_messages_group":[],"rop_publish_now":"initial","rop_publish_now_accounts":{"twitter_242054905_242054905":""},"rop_publish_now_history":[],"rop_publish_now_status":"pending","_uf_show_specific_survey":0,"_uf_disable_surveys":false,"footnotes":""},"categories":[8],"tags":[],"class_list":["post-43214","post","type-post","status-publish","format-image","has-post-thumbnail","hentry","category-arte-y-espectaculos","post_format-post-format-image"],"acf":[],"aioseo_notices":[],"yoast_head":"<!-- This site is optimized with the Yoast SEO Premium plugin v24.9 (Yoast SEO v27.2) - https:\/\/yoast.com\/product\/yoast-seo-premium-wordpress\/ -->\n<title>Todo listo para &quot;Salsa Bajo La C\u00fapula 2&quot; en Caracas - Venezuela | Noti-America.com<\/title>\n<meta name=\"robots\" content=\"index, follow, max-snippet:-1, max-image-preview:large, max-video-preview:-1\" \/>\n<link rel=\"canonical\" href=\"https:\/\/noti-america.com\/site\/venezuela\/2025\/03\/12\/todo-listo-para-salsa-bajo-la-cupula-2-en-caracas\/\" \/>\n<meta property=\"og:locale\" content=\"es_ES\" \/>\n<meta property=\"og:type\" content=\"article\" \/>\n<meta property=\"og:title\" content=\"Todo listo para &quot;Salsa Bajo La C\u00fapula 2&quot; en Caracas\" \/>\n<meta property=\"og:description\" content=\"NOTI-AMERICA.COM | VENEZUELA La salsa vuelve al\u00a0Poliedro de Caracas\u00a0con la esperada segunda edici\u00f3n de \u00abSalsa Bajo La C\u00fapula\u00bb. Este evento, organizado por\u00a0CP Producciones\u00a0y\u00a0Spartans Producciones\u00a0, reunir\u00e1 a los amantes del g\u00e9nero el pr\u00f3ximo s\u00e1bado 12&#046;&#046;&#046;\" \/>\n<meta property=\"og:url\" content=\"https:\/\/noti-america.com\/site\/venezuela\/2025\/03\/12\/todo-listo-para-salsa-bajo-la-cupula-2-en-caracas\/\" \/>\n<meta property=\"og:site_name\" content=\"Venezuela | Noti-America.com\" \/>\n<meta property=\"article:published_time\" content=\"2025-03-12T13:41:19+00:00\" \/>\n<meta property=\"og:image\" content=\"https:\/\/noti-america.com\/site\/venezuela\/wp-content\/uploads\/sites\/2\/2025\/03\/0cd3a652-6e24-4abd-a83b-8a93489e5f6b-943498.jpg\" \/>\n\t<meta property=\"og:image:width\" content=\"800\" \/>\n\t<meta property=\"og:image:height\" content=\"500\" \/>\n\t<meta property=\"og:image:type\" content=\"image\/jpeg\" \/>\n<meta name=\"author\" content=\"Yoelvzla\" \/>\n<meta name=\"twitter:card\" content=\"summary_large_image\" \/>\n<meta name=\"twitter:label1\" content=\"Escrito por\" \/>\n\t<meta name=\"twitter:data1\" content=\"Yoelvzla\" \/>\n\t<meta name=\"twitter:label2\" content=\"Tiempo estimado de lectura\" \/>\n\t<meta name=\"twitter:data2\" content=\"1 minuto\" \/>\n<script type=\"application\/ld+json\" class=\"yoast-schema-graph\">{\"@context\":\"https:\/\/schema.org\",\"@graph\":[{\"@type\":\"Article\",\"@id\":\"https:\/\/noti-america.com\/site\/venezuela\/2025\/03\/12\/todo-listo-para-salsa-bajo-la-cupula-2-en-caracas\/#article\",\"isPartOf\":{\"@id\":\"https:\/\/noti-america.com\/site\/venezuela\/2025\/03\/12\/todo-listo-para-salsa-bajo-la-cupula-2-en-caracas\/\"},\"author\":{\"name\":\"Yoelvzla\",\"@id\":\"https:\/\/noti-america.com\/site\/venezuela\/#\/schema\/person\/376ccc7b3cc7a8d5a43c3ece07a43857\"},\"headline\":\"Todo listo para \u00abSalsa Bajo La C\u00fapula 2\u00bb en Caracas\",\"datePublished\":\"2025-03-12T13:41:19+00:00\",\"mainEntityOfPage\":{\"@id\":\"https:\/\/noti-america.com\/site\/venezuela\/2025\/03\/12\/todo-listo-para-salsa-bajo-la-cupula-2-en-caracas\/\"},\"wordCount\":182,\"commentCount\":0,\"publisher\":{\"@id\":\"https:\/\/noti-america.com\/site\/venezuela\/#organization\"},\"image\":{\"@id\":\"https:\/\/noti-america.com\/site\/venezuela\/2025\/03\/12\/todo-listo-para-salsa-bajo-la-cupula-2-en-caracas\/#primaryimage\"},\"thumbnailUrl\":\"https:\/\/noti-america.com\/site\/venezuela\/wp-content\/uploads\/sites\/2\/2025\/03\/0cd3a652-6e24-4abd-a83b-8a93489e5f6b-943498.jpg\",\"articleSection\":[\"Arte y Espect\u00e1culos\"],\"inLanguage\":\"es\",\"potentialAction\":[{\"@type\":\"CommentAction\",\"name\":\"Comment\",\"target\":[\"https:\/\/noti-america.com\/site\/venezuela\/2025\/03\/12\/todo-listo-para-salsa-bajo-la-cupula-2-en-caracas\/#respond\"]}]},{\"@type\":\"WebPage\",\"@id\":\"https:\/\/noti-america.com\/site\/venezuela\/2025\/03\/12\/todo-listo-para-salsa-bajo-la-cupula-2-en-caracas\/\",\"url\":\"https:\/\/noti-america.com\/site\/venezuela\/2025\/03\/12\/todo-listo-para-salsa-bajo-la-cupula-2-en-caracas\/\",\"name\":\"Todo listo para \\\"Salsa Bajo La C\u00fapula 2\\\" en Caracas - Venezuela | Noti-America.com\",\"isPartOf\":{\"@id\":\"https:\/\/noti-america.com\/site\/venezuela\/#website\"},\"primaryImageOfPage\":{\"@id\":\"https:\/\/noti-america.com\/site\/venezuela\/2025\/03\/12\/todo-listo-para-salsa-bajo-la-cupula-2-en-caracas\/#primaryimage\"},\"image\":{\"@id\":\"https:\/\/noti-america.com\/site\/venezuela\/2025\/03\/12\/todo-listo-para-salsa-bajo-la-cupula-2-en-caracas\/#primaryimage\"},\"thumbnailUrl\":\"https:\/\/noti-america.com\/site\/venezuela\/wp-content\/uploads\/sites\/2\/2025\/03\/0cd3a652-6e24-4abd-a83b-8a93489e5f6b-943498.jpg\",\"datePublished\":\"2025-03-12T13:41:19+00:00\",\"breadcrumb\":{\"@id\":\"https:\/\/noti-america.com\/site\/venezuela\/2025\/03\/12\/todo-listo-para-salsa-bajo-la-cupula-2-en-caracas\/#breadcrumb\"},\"inLanguage\":\"es\",\"potentialAction\":[{\"@type\":\"ReadAction\",\"target\":[\"https:\/\/noti-america.com\/site\/venezuela\/2025\/03\/12\/todo-listo-para-salsa-bajo-la-cupula-2-en-caracas\/\"]}]},{\"@type\":\"ImageObject\",\"inLanguage\":\"es\",\"@id\":\"https:\/\/noti-america.com\/site\/venezuela\/2025\/03\/12\/todo-listo-para-salsa-bajo-la-cupula-2-en-caracas\/#primaryimage\",\"url\":\"https:\/\/noti-america.com\/site\/venezuela\/wp-content\/uploads\/sites\/2\/2025\/03\/0cd3a652-6e24-4abd-a83b-8a93489e5f6b-943498.jpg\",\"contentUrl\":\"https:\/\/noti-america.com\/site\/venezuela\/wp-content\/uploads\/sites\/2\/2025\/03\/0cd3a652-6e24-4abd-a83b-8a93489e5f6b-943498.jpg\",\"width\":800,\"height\":500},{\"@type\":\"BreadcrumbList\",\"@id\":\"https:\/\/noti-america.com\/site\/venezuela\/2025\/03\/12\/todo-listo-para-salsa-bajo-la-cupula-2-en-caracas\/#breadcrumb\",\"itemListElement\":[{\"@type\":\"ListItem\",\"position\":1,\"name\":\"Portada\",\"item\":\"https:\/\/noti-america.com\/site\/venezuela\/\"},{\"@type\":\"ListItem\",\"position\":2,\"name\":\"Todo listo para \u00abSalsa Bajo La C\u00fapula 2\u00bb en Caracas\"}]},{\"@type\":\"WebSite\",\"@id\":\"https:\/\/noti-america.com\/site\/venezuela\/#website\",\"url\":\"https:\/\/noti-america.com\/site\/venezuela\/\",\"name\":\"Venezuela | Noti-America.com\",\"description\":\"\",\"publisher\":{\"@id\":\"https:\/\/noti-america.com\/site\/venezuela\/#organization\"},\"potentialAction\":[{\"@type\":\"SearchAction\",\"target\":{\"@type\":\"EntryPoint\",\"urlTemplate\":\"https:\/\/noti-america.com\/site\/venezuela\/?s={search_term_string}\"},\"query-input\":{\"@type\":\"PropertyValueSpecification\",\"valueRequired\":true,\"valueName\":\"search_term_string\"}}],\"inLanguage\":\"es\"},{\"@type\":\"Organization\",\"@id\":\"https:\/\/noti-america.com\/site\/venezuela\/#organization\",\"name\":\"Noti-America LLC | Venezuela\",\"url\":\"https:\/\/noti-america.com\/site\/venezuela\/\",\"logo\":{\"@type\":\"ImageObject\",\"inLanguage\":\"es\",\"@id\":\"https:\/\/noti-america.com\/site\/venezuela\/#\/schema\/logo\/image\/\",\"url\":\"https:\/\/noti-america.com\/site\/venezuela\/wp-content\/uploads\/sites\/2\/2020\/07\/LogoNA-4x3-1.jpg\",\"contentUrl\":\"https:\/\/noti-america.com\/site\/venezuela\/wp-content\/uploads\/sites\/2\/2020\/07\/LogoNA-4x3-1.jpg\",\"width\":1236,\"height\":1080,\"caption\":\"Noti-America LLC | Venezuela\"},\"image\":{\"@id\":\"https:\/\/noti-america.com\/site\/venezuela\/#\/schema\/logo\/image\/\"}},{\"@type\":\"Person\",\"@id\":\"https:\/\/noti-america.com\/site\/venezuela\/#\/schema\/person\/376ccc7b3cc7a8d5a43c3ece07a43857\",\"name\":\"Yoelvzla\",\"image\":{\"@type\":\"ImageObject\",\"inLanguage\":\"es\",\"@id\":\"https:\/\/secure.gravatar.com\/avatar\/13a96a72123e0e9aa76fe82e8847f726c63a1c5ef6a8d0fadd844c1a5a83b212?s=96&d=mm&r=g\",\"url\":\"https:\/\/secure.gravatar.com\/avatar\/13a96a72123e0e9aa76fe82e8847f726c63a1c5ef6a8d0fadd844c1a5a83b212?s=96&d=mm&r=g\",\"contentUrl\":\"https:\/\/secure.gravatar.com\/avatar\/13a96a72123e0e9aa76fe82e8847f726c63a1c5ef6a8d0fadd844c1a5a83b212?s=96&d=mm&r=g\",\"caption\":\"Yoelvzla\"},\"url\":\"https:\/\/noti-america.com\/site\/venezuela\/author\/ydiaz\/\"}]}<\/script>\n<!-- \/ Yoast SEO Premium plugin. -->","yoast_head_json":{"title":"Todo listo para \"Salsa Bajo La C\u00fapula 2\" en Caracas - Venezuela | Noti-America.com","robots":{"index":"index","follow":"follow","max-snippet":"max-snippet:-1","max-image-preview":"max-image-preview:large","max-video-preview":"max-video-preview:-1"},"canonical":"https:\/\/noti-america.com\/site\/venezuela\/2025\/03\/12\/todo-listo-para-salsa-bajo-la-cupula-2-en-caracas\/","og_locale":"es_ES","og_type":"article","og_title":"Todo listo para \"Salsa Bajo La C\u00fapula 2\" en Caracas","og_description":"NOTI-AMERICA.COM | VENEZUELA La salsa vuelve al\u00a0Poliedro de Caracas\u00a0con la esperada segunda edici\u00f3n de \u00abSalsa Bajo La C\u00fapula\u00bb. Este evento, organizado por\u00a0CP Producciones\u00a0y\u00a0Spartans Producciones\u00a0, reunir\u00e1 a los amantes del g\u00e9nero el pr\u00f3ximo s\u00e1bado 12&#46;&#46;&#46;","og_url":"https:\/\/noti-america.com\/site\/venezuela\/2025\/03\/12\/todo-listo-para-salsa-bajo-la-cupula-2-en-caracas\/","og_site_name":"Venezuela | Noti-America.com","article_published_time":"2025-03-12T13:41:19+00:00","og_image":[{"width":800,"height":500,"url":"https:\/\/noti-america.com\/site\/venezuela\/wp-content\/uploads\/sites\/2\/2025\/03\/0cd3a652-6e24-4abd-a83b-8a93489e5f6b-943498.jpg","type":"image\/jpeg"}],"author":"Yoelvzla","twitter_card":"summary_large_image","twitter_misc":{"Escrito por":"Yoelvzla","Tiempo estimado de lectura":"1 minuto"},"schema":{"@context":"https:\/\/schema.org","@graph":[{"@type":"Article","@id":"https:\/\/noti-america.com\/site\/venezuela\/2025\/03\/12\/todo-listo-para-salsa-bajo-la-cupula-2-en-caracas\/#article","isPartOf":{"@id":"https:\/\/noti-america.com\/site\/venezuela\/2025\/03\/12\/todo-listo-para-salsa-bajo-la-cupula-2-en-caracas\/"},"author":{"name":"Yoelvzla","@id":"https:\/\/noti-america.com\/site\/venezuela\/#\/schema\/person\/376ccc7b3cc7a8d5a43c3ece07a43857"},"headline":"Todo listo para \u00abSalsa Bajo La C\u00fapula 2\u00bb en Caracas","datePublished":"2025-03-12T13:41:19+00:00","mainEntityOfPage":{"@id":"https:\/\/noti-america.com\/site\/venezuela\/2025\/03\/12\/todo-listo-para-salsa-bajo-la-cupula-2-en-caracas\/"},"wordCount":182,"commentCount":0,"publisher":{"@id":"https:\/\/noti-america.com\/site\/venezuela\/#organization"},"image":{"@id":"https:\/\/noti-america.com\/site\/venezuela\/2025\/03\/12\/todo-listo-para-salsa-bajo-la-cupula-2-en-caracas\/#primaryimage"},"thumbnailUrl":"https:\/\/noti-america.com\/site\/venezuela\/wp-content\/uploads\/sites\/2\/2025\/03\/0cd3a652-6e24-4abd-a83b-8a93489e5f6b-943498.jpg","articleSection":["Arte y Espect\u00e1culos"],"inLanguage":"es","potentialAction":[{"@type":"CommentAction","name":"Comment","target":["https:\/\/noti-america.com\/site\/venezuela\/2025\/03\/12\/todo-listo-para-salsa-bajo-la-cupula-2-en-caracas\/#respond"]}]},{"@type":"WebPage","@id":"https:\/\/noti-america.com\/site\/venezuela\/2025\/03\/12\/todo-listo-para-salsa-bajo-la-cupula-2-en-caracas\/","url":"https:\/\/noti-america.com\/site\/venezuela\/2025\/03\/12\/todo-listo-para-salsa-bajo-la-cupula-2-en-caracas\/","name":"Todo listo para \"Salsa Bajo La C\u00fapula 2\" en Caracas - Venezuela | Noti-America.com","isPartOf":{"@id":"https:\/\/noti-america.com\/site\/venezuela\/#website"},"primaryImageOfPage":{"@id":"https:\/\/noti-america.com\/site\/venezuela\/2025\/03\/12\/todo-listo-para-salsa-bajo-la-cupula-2-en-caracas\/#primaryimage"},"image":{"@id":"https:\/\/noti-america.com\/site\/venezuela\/2025\/03\/12\/todo-listo-para-salsa-bajo-la-cupula-2-en-caracas\/#primaryimage"},"thumbnailUrl":"https:\/\/noti-america.com\/site\/venezuela\/wp-content\/uploads\/sites\/2\/2025\/03\/0cd3a652-6e24-4abd-a83b-8a93489e5f6b-943498.jpg","datePublished":"2025-03-12T13:41:19+00:00","breadcrumb":{"@id":"https:\/\/noti-america.com\/site\/venezuela\/2025\/03\/12\/todo-listo-para-salsa-bajo-la-cupula-2-en-caracas\/#breadcrumb"},"inLanguage":"es","potentialAction":[{"@type":"ReadAction","target":["https:\/\/noti-america.com\/site\/venezuela\/2025\/03\/12\/todo-listo-para-salsa-bajo-la-cupula-2-en-caracas\/"]}]},{"@type":"ImageObject","inLanguage":"es","@id":"https:\/\/noti-america.com\/site\/venezuela\/2025\/03\/12\/todo-listo-para-salsa-bajo-la-cupula-2-en-caracas\/#primaryimage","url":"https:\/\/noti-america.com\/site\/venezuela\/wp-content\/uploads\/sites\/2\/2025\/03\/0cd3a652-6e24-4abd-a83b-8a93489e5f6b-943498.jpg","contentUrl":"https:\/\/noti-america.com\/site\/venezuela\/wp-content\/uploads\/sites\/2\/2025\/03\/0cd3a652-6e24-4abd-a83b-8a93489e5f6b-943498.jpg","width":800,"height":500},{"@type":"BreadcrumbList","@id":"https:\/\/noti-america.com\/site\/venezuela\/2025\/03\/12\/todo-listo-para-salsa-bajo-la-cupula-2-en-caracas\/#breadcrumb","itemListElement":[{"@type":"ListItem","position":1,"name":"Portada","item":"https:\/\/noti-america.com\/site\/venezuela\/"},{"@type":"ListItem","position":2,"name":"Todo listo para \u00abSalsa Bajo La C\u00fapula 2\u00bb en Caracas"}]},{"@type":"WebSite","@id":"https:\/\/noti-america.com\/site\/venezuela\/#website","url":"https:\/\/noti-america.com\/site\/venezuela\/","name":"Venezuela | Noti-America.com","description":"","publisher":{"@id":"https:\/\/noti-america.com\/site\/venezuela\/#organization"},"potentialAction":[{"@type":"SearchAction","target":{"@type":"EntryPoint","urlTemplate":"https:\/\/noti-america.com\/site\/venezuela\/?s={search_term_string}"},"query-input":{"@type":"PropertyValueSpecification","valueRequired":true,"valueName":"search_term_string"}}],"inLanguage":"es"},{"@type":"Organization","@id":"https:\/\/noti-america.com\/site\/venezuela\/#organization","name":"Noti-America LLC | Venezuela","url":"https:\/\/noti-america.com\/site\/venezuela\/","logo":{"@type":"ImageObject","inLanguage":"es","@id":"https:\/\/noti-america.com\/site\/venezuela\/#\/schema\/logo\/image\/","url":"https:\/\/noti-america.com\/site\/venezuela\/wp-content\/uploads\/sites\/2\/2020\/07\/LogoNA-4x3-1.jpg","contentUrl":"https:\/\/noti-america.com\/site\/venezuela\/wp-content\/uploads\/sites\/2\/2020\/07\/LogoNA-4x3-1.jpg","width":1236,"height":1080,"caption":"Noti-America LLC | Venezuela"},"image":{"@id":"https:\/\/noti-america.com\/site\/venezuela\/#\/schema\/logo\/image\/"}},{"@type":"Person","@id":"https:\/\/noti-america.com\/site\/venezuela\/#\/schema\/person\/376ccc7b3cc7a8d5a43c3ece07a43857","name":"Yoelvzla","image":{"@type":"ImageObject","inLanguage":"es","@id":"https:\/\/secure.gravatar.com\/avatar\/13a96a72123e0e9aa76fe82e8847f726c63a1c5ef6a8d0fadd844c1a5a83b212?s=96&d=mm&r=g","url":"https:\/\/secure.gravatar.com\/avatar\/13a96a72123e0e9aa76fe82e8847f726c63a1c5ef6a8d0fadd844c1a5a83b212?s=96&d=mm&r=g","contentUrl":"https:\/\/secure.gravatar.com\/avatar\/13a96a72123e0e9aa76fe82e8847f726c63a1c5ef6a8d0fadd844c1a5a83b212?s=96&d=mm&r=g","caption":"Yoelvzla"},"url":"https:\/\/noti-america.com\/site\/venezuela\/author\/ydiaz\/"}]}},"_links":{"self":[{"href":"https:\/\/noti-america.com\/site\/venezuela\/wp-json\/wp\/v2\/posts\/43214","targetHints":{"allow":["GET"]}}],"collection":[{"href":"https:\/\/noti-america.com\/site\/venezuela\/wp-json\/wp\/v2\/posts"}],"about":[{"href":"https:\/\/noti-america.com\/site\/venezuela\/wp-json\/wp\/v2\/types\/post"}],"author":[{"embeddable":true,"href":"https:\/\/noti-america.com\/site\/venezuela\/wp-json\/wp\/v2\/users\/127"}],"replies":[{"embeddable":true,"href":"https:\/\/noti-america.com\/site\/venezuela\/wp-json\/wp\/v2\/comments?post=43214"}],"version-history":[{"count":1,"href":"https:\/\/noti-america.com\/site\/venezuela\/wp-json\/wp\/v2\/posts\/43214\/revisions"}],"predecessor-version":[{"id":43216,"href":"https:\/\/noti-america.com\/site\/venezuela\/wp-json\/wp\/v2\/posts\/43214\/revisions\/43216"}],"wp:featuredmedia":[{"embeddable":true,"href":"https:\/\/noti-america.com\/site\/venezuela\/wp-json\/wp\/v2\/media\/43215"}],"wp:attachment":[{"href":"https:\/\/noti-america.com\/site\/venezuela\/wp-json\/wp\/v2\/media?parent=43214"}],"wp:term":[{"taxonomy":"category","embeddable":true,"href":"https:\/\/noti-america.com\/site\/venezuela\/wp-json\/wp\/v2\/categories?post=43214"},{"taxonomy":"post_tag","embeddable":true,"href":"https:\/\/noti-america.com\/site\/venezuela\/wp-json\/wp\/v2\/tags?post=43214"}],"curies":[{"name":"wp","href":"https:\/\/api.w.org\/{rel}","templated":true}]}}