{"id":4316,"date":"2018-12-21T18:52:32","date_gmt":"2018-12-21T18:52:32","guid":{"rendered":"http:\/\/noti-america.com\/site\/venezuela\/?p=4316"},"modified":"2018-12-21T18:52:32","modified_gmt":"2018-12-21T18:52:32","slug":"colombia-activara-para-este-2019-un-nuevo-pep","status":"publish","type":"post","link":"https:\/\/noti-america.com\/site\/venezuela\/2018\/12\/21\/colombia-activara-para-este-2019-un-nuevo-pep\/","title":{"rendered":"Colombia activar\u00e1 para este 2019 un nuevo (PEP)"},"content":{"rendered":"<div class=\"post-author-wrap in collapse\" aria-hidden=\"false\">\n<h3><img decoding=\"async\" class=\"aligncenter\" src=\"https:\/\/s3.us-east-2.amazonaws.com\/portal-laneta\/marilynoviedo\/colombia-activara-para-este-2019-un-nuevo-pep-01-20181221326592659\" alt=\"Colombia activar\u00c3\u00a1 para este 2019 un nuevo (PEP)\" \/><\/h3>\n<h3 class=\"post-content text-left ng-binding\" style=\"text-align: justify\">Un total de 823,000 ciudadanos Venezolanos cuentan con el Permiso Especial de Permanencia (PEP) seg\u00fan la base de datos oficiales de Migraci\u00f3n Colombia.<\/h3>\n<h4 class=\"post-content text-left ng-binding\" style=\"text-align: justify\">Este valioso documento (PEP) les permite estar en el pa\u00eds durante dos a\u00f1os de manera legal. Adem\u00e1s tienen el derecho de estudiar y trabajar libremente.<\/p>\n<p>El Gobierno Colombiano ha emitido el (PEP) en tres oportunidades.<\/h4>\n<p class=\"post-content text-left ng-binding\" style=\"text-align: justify\">El primer (PEP): Se les entreg\u00f3 a todo aquel venezolano (Con pasaporte sellado en un Puesto de Control Migratorio) y que halla ingresado al territorio Colombia antes del 28 de julio de 2017.<\/p>\n<p>El segundo (PEP): Se les otorg\u00f3 a todo aquel venezolano (Con pasaporte sellado en un Puesto de Control Migratorio) y que halla ingresado al territorio colombiano antes del 6 de febrero de 2018.<\/p>\n<p>Y finalmente, el tercer (PEP), fue dado para todos para aquellos venezolanos que se encontraban en Colombia de forma irregular y que censaron (entre el 6 de abril y el 8 de junio de 2018) en el Registro Administrativo de Migrantes Venezolano (RAMV). La entrega de dicho documento se comenz\u00f3 a realizar el 2 de agosto.<\/p>\n<p>Son muchos los venezolano que siguen llegando a las diferentes ciudades de Colombia, tras la crisis social y humanitaria que atraviesa Venezuela. Debido a esto, el Gobierno de Ivan Duque, sigue atendiendo muy de cerca el caso de los migrantes venezolano, motivo por el cual esta latente la opci\u00f3n que para este 2019 se emita un nuevo Permiso Especial de Permanencia.<\/p>\n<\/div>\n<div class=\"post-new-comment-wrap in collapse\" aria-hidden=\"false\">\n<div class=\"input-group mb-3 emojionearea-wrap ln-post-comment-box\">\n<div class=\"emojionearea form-control input-lg ln-fc-input ng-pristine ng-untouched ng-valid emojionearea-inline\" role=\"application\"><\/div>\n<\/div>\n<\/div>\n","protected":false},"excerpt":{"rendered":"<p>Un total de 823,000 ciudadanos Venezolanos cuentan con el Permiso Especial de Permanencia (PEP) seg\u00fan la base de datos oficiales de Migraci\u00f3n Colombia. Este valioso documento (PEP) les permite estar en el pa\u00eds durante&#46;&#46;&#46;<\/p>\n","protected":false},"author":45,"featured_media":4317,"comment_status":"open","ping_status":"open","sticky":false,"template":"","format":"standard","meta":{"_acf_changed":false,"om_disable_all_campaigns":false,"rop_custom_images_group":[],"rop_custom_messages_group":[],"rop_publish_now":"initial","rop_publish_now_accounts":{"twitter_242054905_242054905":""},"rop_publish_now_history":[],"rop_publish_now_status":"pending","_uf_show_specific_survey":0,"_uf_disable_surveys":false,"footnotes":""},"categories":[1],"tags":[],"class_list":["post-4316","post","type-post","status-publish","format-standard","has-post-thumbnail","hentry","category-uncategorized"],"acf":[],"aioseo_notices":[],"yoast_head":"<!-- This site is optimized with the Yoast SEO Premium plugin v24.9 (Yoast SEO v27.2) - https:\/\/yoast.com\/product\/yoast-seo-premium-wordpress\/ -->\n<title>Colombia activar\u00e1 para este 2019 un nuevo (PEP) - Venezuela | Noti-America.com<\/title>\n<meta name=\"robots\" content=\"index, follow, max-snippet:-1, max-image-preview:large, max-video-preview:-1\" \/>\n<link rel=\"canonical\" href=\"https:\/\/noti-america.com\/site\/venezuela\/2018\/12\/21\/colombia-activara-para-este-2019-un-nuevo-pep\/\" \/>\n<meta property=\"og:locale\" content=\"es_ES\" \/>\n<meta property=\"og:type\" content=\"article\" \/>\n<meta property=\"og:title\" content=\"Colombia activar\u00e1 para este 2019 un nuevo (PEP)\" \/>\n<meta property=\"og:description\" content=\"Un total de 823,000 ciudadanos Venezolanos cuentan con el Permiso Especial de Permanencia (PEP) seg\u00fan la base de datos oficiales de Migraci\u00f3n Colombia. Este valioso documento (PEP) les permite estar en el pa\u00eds durante&#046;&#046;&#046;\" \/>\n<meta property=\"og:url\" content=\"https:\/\/noti-america.com\/site\/venezuela\/2018\/12\/21\/colombia-activara-para-este-2019-un-nuevo-pep\/\" \/>\n<meta property=\"og:site_name\" content=\"Venezuela | Noti-America.com\" \/>\n<meta property=\"article:published_time\" content=\"2018-12-21T18:52:32+00:00\" \/>\n<meta property=\"og:image\" content=\"https:\/\/noti-america.com\/site\/venezuela\/wp-content\/uploads\/sites\/2\/2018\/12\/colombia-activara-para-este-2019-un-nuevo-pep-01-20181221326592659.png\" \/>\n\t<meta property=\"og:image:width\" content=\"900\" \/>\n\t<meta property=\"og:image:height\" content=\"508\" \/>\n\t<meta property=\"og:image:type\" content=\"image\/png\" \/>\n<meta name=\"author\" content=\"Marilyn Oviedo\" \/>\n<meta name=\"twitter:card\" content=\"summary_large_image\" \/>\n<meta name=\"twitter:label1\" content=\"Escrito por\" \/>\n\t<meta name=\"twitter:data1\" content=\"Marilyn Oviedo\" \/>\n\t<meta name=\"twitter:label2\" content=\"Tiempo estimado de lectura\" \/>\n\t<meta name=\"twitter:data2\" content=\"1 minuto\" \/>\n<script type=\"application\/ld+json\" class=\"yoast-schema-graph\">{\"@context\":\"https:\/\/schema.org\",\"@graph\":[{\"@type\":\"Article\",\"@id\":\"https:\/\/noti-america.com\/site\/venezuela\/2018\/12\/21\/colombia-activara-para-este-2019-un-nuevo-pep\/#article\",\"isPartOf\":{\"@id\":\"https:\/\/noti-america.com\/site\/venezuela\/2018\/12\/21\/colombia-activara-para-este-2019-un-nuevo-pep\/\"},\"author\":{\"name\":\"Marilyn Oviedo\",\"@id\":\"https:\/\/noti-america.com\/site\/venezuela\/#\/schema\/person\/17a6ee8c9af7fe2da084805f2d45e6ef\"},\"headline\":\"Colombia activar\u00e1 para este 2019 un nuevo (PEP)\",\"datePublished\":\"2018-12-21T18:52:32+00:00\",\"mainEntityOfPage\":{\"@id\":\"https:\/\/noti-america.com\/site\/venezuela\/2018\/12\/21\/colombia-activara-para-este-2019-un-nuevo-pep\/\"},\"wordCount\":244,\"commentCount\":0,\"publisher\":{\"@id\":\"https:\/\/noti-america.com\/site\/venezuela\/#organization\"},\"image\":{\"@id\":\"https:\/\/noti-america.com\/site\/venezuela\/2018\/12\/21\/colombia-activara-para-este-2019-un-nuevo-pep\/#primaryimage\"},\"thumbnailUrl\":\"https:\/\/noti-america.com\/site\/venezuela\/wp-content\/uploads\/sites\/2\/2018\/12\/colombia-activara-para-este-2019-un-nuevo-pep-01-20181221326592659.png\",\"articleSection\":[\"Uncategorized\"],\"inLanguage\":\"es\",\"potentialAction\":[{\"@type\":\"CommentAction\",\"name\":\"Comment\",\"target\":[\"https:\/\/noti-america.com\/site\/venezuela\/2018\/12\/21\/colombia-activara-para-este-2019-un-nuevo-pep\/#respond\"]}]},{\"@type\":\"WebPage\",\"@id\":\"https:\/\/noti-america.com\/site\/venezuela\/2018\/12\/21\/colombia-activara-para-este-2019-un-nuevo-pep\/\",\"url\":\"https:\/\/noti-america.com\/site\/venezuela\/2018\/12\/21\/colombia-activara-para-este-2019-un-nuevo-pep\/\",\"name\":\"Colombia activar\u00e1 para este 2019 un nuevo (PEP) - Venezuela | Noti-America.com\",\"isPartOf\":{\"@id\":\"https:\/\/noti-america.com\/site\/venezuela\/#website\"},\"primaryImageOfPage\":{\"@id\":\"https:\/\/noti-america.com\/site\/venezuela\/2018\/12\/21\/colombia-activara-para-este-2019-un-nuevo-pep\/#primaryimage\"},\"image\":{\"@id\":\"https:\/\/noti-america.com\/site\/venezuela\/2018\/12\/21\/colombia-activara-para-este-2019-un-nuevo-pep\/#primaryimage\"},\"thumbnailUrl\":\"https:\/\/noti-america.com\/site\/venezuela\/wp-content\/uploads\/sites\/2\/2018\/12\/colombia-activara-para-este-2019-un-nuevo-pep-01-20181221326592659.png\",\"datePublished\":\"2018-12-21T18:52:32+00:00\",\"breadcrumb\":{\"@id\":\"https:\/\/noti-america.com\/site\/venezuela\/2018\/12\/21\/colombia-activara-para-este-2019-un-nuevo-pep\/#breadcrumb\"},\"inLanguage\":\"es\",\"potentialAction\":[{\"@type\":\"ReadAction\",\"target\":[\"https:\/\/noti-america.com\/site\/venezuela\/2018\/12\/21\/colombia-activara-para-este-2019-un-nuevo-pep\/\"]}]},{\"@type\":\"ImageObject\",\"inLanguage\":\"es\",\"@id\":\"https:\/\/noti-america.com\/site\/venezuela\/2018\/12\/21\/colombia-activara-para-este-2019-un-nuevo-pep\/#primaryimage\",\"url\":\"https:\/\/noti-america.com\/site\/venezuela\/wp-content\/uploads\/sites\/2\/2018\/12\/colombia-activara-para-este-2019-un-nuevo-pep-01-20181221326592659.png\",\"contentUrl\":\"https:\/\/noti-america.com\/site\/venezuela\/wp-content\/uploads\/sites\/2\/2018\/12\/colombia-activara-para-este-2019-un-nuevo-pep-01-20181221326592659.png\",\"width\":900,\"height\":508},{\"@type\":\"BreadcrumbList\",\"@id\":\"https:\/\/noti-america.com\/site\/venezuela\/2018\/12\/21\/colombia-activara-para-este-2019-un-nuevo-pep\/#breadcrumb\",\"itemListElement\":[{\"@type\":\"ListItem\",\"position\":1,\"name\":\"Portada\",\"item\":\"https:\/\/noti-america.com\/site\/venezuela\/\"},{\"@type\":\"ListItem\",\"position\":2,\"name\":\"Colombia activar\u00e1 para este 2019 un nuevo (PEP)\"}]},{\"@type\":\"WebSite\",\"@id\":\"https:\/\/noti-america.com\/site\/venezuela\/#website\",\"url\":\"https:\/\/noti-america.com\/site\/venezuela\/\",\"name\":\"Venezuela | Noti-America.com\",\"description\":\"\",\"publisher\":{\"@id\":\"https:\/\/noti-america.com\/site\/venezuela\/#organization\"},\"potentialAction\":[{\"@type\":\"SearchAction\",\"target\":{\"@type\":\"EntryPoint\",\"urlTemplate\":\"https:\/\/noti-america.com\/site\/venezuela\/?s={search_term_string}\"},\"query-input\":{\"@type\":\"PropertyValueSpecification\",\"valueRequired\":true,\"valueName\":\"search_term_string\"}}],\"inLanguage\":\"es\"},{\"@type\":\"Organization\",\"@id\":\"https:\/\/noti-america.com\/site\/venezuela\/#organization\",\"name\":\"Noti-America LLC | Venezuela\",\"url\":\"https:\/\/noti-america.com\/site\/venezuela\/\",\"logo\":{\"@type\":\"ImageObject\",\"inLanguage\":\"es\",\"@id\":\"https:\/\/noti-america.com\/site\/venezuela\/#\/schema\/logo\/image\/\",\"url\":\"https:\/\/noti-america.com\/site\/venezuela\/wp-content\/uploads\/sites\/2\/2020\/07\/LogoNA-4x3-1.jpg\",\"contentUrl\":\"https:\/\/noti-america.com\/site\/venezuela\/wp-content\/uploads\/sites\/2\/2020\/07\/LogoNA-4x3-1.jpg\",\"width\":1236,\"height\":1080,\"caption\":\"Noti-America LLC | Venezuela\"},\"image\":{\"@id\":\"https:\/\/noti-america.com\/site\/venezuela\/#\/schema\/logo\/image\/\"}},{\"@type\":\"Person\",\"@id\":\"https:\/\/noti-america.com\/site\/venezuela\/#\/schema\/person\/17a6ee8c9af7fe2da084805f2d45e6ef\",\"name\":\"Marilyn Oviedo\",\"image\":{\"@type\":\"ImageObject\",\"inLanguage\":\"es\",\"@id\":\"https:\/\/secure.gravatar.com\/avatar\/6ab070ce76f64b066017eef1247ecdeb7c01b8e99448b515919552ac2123cc84?s=96&d=mm&r=g\",\"url\":\"https:\/\/secure.gravatar.com\/avatar\/6ab070ce76f64b066017eef1247ecdeb7c01b8e99448b515919552ac2123cc84?s=96&d=mm&r=g\",\"contentUrl\":\"https:\/\/secure.gravatar.com\/avatar\/6ab070ce76f64b066017eef1247ecdeb7c01b8e99448b515919552ac2123cc84?s=96&d=mm&r=g\",\"caption\":\"Marilyn Oviedo\"},\"description\":\"Venezolana, Licenciada en Letras | Productora | Redactora de Contenidos | Community Manager.\",\"url\":\"https:\/\/noti-america.com\/site\/venezuela\/author\/moviedo\/\"}]}<\/script>\n<!-- \/ Yoast SEO Premium plugin. -->","yoast_head_json":{"title":"Colombia activar\u00e1 para este 2019 un nuevo (PEP) - Venezuela | Noti-America.com","robots":{"index":"index","follow":"follow","max-snippet":"max-snippet:-1","max-image-preview":"max-image-preview:large","max-video-preview":"max-video-preview:-1"},"canonical":"https:\/\/noti-america.com\/site\/venezuela\/2018\/12\/21\/colombia-activara-para-este-2019-un-nuevo-pep\/","og_locale":"es_ES","og_type":"article","og_title":"Colombia activar\u00e1 para este 2019 un nuevo (PEP)","og_description":"Un total de 823,000 ciudadanos Venezolanos cuentan con el Permiso Especial de Permanencia (PEP) seg\u00fan la base de datos oficiales de Migraci\u00f3n Colombia. Este valioso documento (PEP) les permite estar en el pa\u00eds durante&#46;&#46;&#46;","og_url":"https:\/\/noti-america.com\/site\/venezuela\/2018\/12\/21\/colombia-activara-para-este-2019-un-nuevo-pep\/","og_site_name":"Venezuela | Noti-America.com","article_published_time":"2018-12-21T18:52:32+00:00","og_image":[{"width":900,"height":508,"url":"https:\/\/noti-america.com\/site\/venezuela\/wp-content\/uploads\/sites\/2\/2018\/12\/colombia-activara-para-este-2019-un-nuevo-pep-01-20181221326592659.png","type":"image\/png"}],"author":"Marilyn Oviedo","twitter_card":"summary_large_image","twitter_misc":{"Escrito por":"Marilyn Oviedo","Tiempo estimado de lectura":"1 minuto"},"schema":{"@context":"https:\/\/schema.org","@graph":[{"@type":"Article","@id":"https:\/\/noti-america.com\/site\/venezuela\/2018\/12\/21\/colombia-activara-para-este-2019-un-nuevo-pep\/#article","isPartOf":{"@id":"https:\/\/noti-america.com\/site\/venezuela\/2018\/12\/21\/colombia-activara-para-este-2019-un-nuevo-pep\/"},"author":{"name":"Marilyn Oviedo","@id":"https:\/\/noti-america.com\/site\/venezuela\/#\/schema\/person\/17a6ee8c9af7fe2da084805f2d45e6ef"},"headline":"Colombia activar\u00e1 para este 2019 un nuevo (PEP)","datePublished":"2018-12-21T18:52:32+00:00","mainEntityOfPage":{"@id":"https:\/\/noti-america.com\/site\/venezuela\/2018\/12\/21\/colombia-activara-para-este-2019-un-nuevo-pep\/"},"wordCount":244,"commentCount":0,"publisher":{"@id":"https:\/\/noti-america.com\/site\/venezuela\/#organization"},"image":{"@id":"https:\/\/noti-america.com\/site\/venezuela\/2018\/12\/21\/colombia-activara-para-este-2019-un-nuevo-pep\/#primaryimage"},"thumbnailUrl":"https:\/\/noti-america.com\/site\/venezuela\/wp-content\/uploads\/sites\/2\/2018\/12\/colombia-activara-para-este-2019-un-nuevo-pep-01-20181221326592659.png","articleSection":["Uncategorized"],"inLanguage":"es","potentialAction":[{"@type":"CommentAction","name":"Comment","target":["https:\/\/noti-america.com\/site\/venezuela\/2018\/12\/21\/colombia-activara-para-este-2019-un-nuevo-pep\/#respond"]}]},{"@type":"WebPage","@id":"https:\/\/noti-america.com\/site\/venezuela\/2018\/12\/21\/colombia-activara-para-este-2019-un-nuevo-pep\/","url":"https:\/\/noti-america.com\/site\/venezuela\/2018\/12\/21\/colombia-activara-para-este-2019-un-nuevo-pep\/","name":"Colombia activar\u00e1 para este 2019 un nuevo (PEP) - Venezuela | Noti-America.com","isPartOf":{"@id":"https:\/\/noti-america.com\/site\/venezuela\/#website"},"primaryImageOfPage":{"@id":"https:\/\/noti-america.com\/site\/venezuela\/2018\/12\/21\/colombia-activara-para-este-2019-un-nuevo-pep\/#primaryimage"},"image":{"@id":"https:\/\/noti-america.com\/site\/venezuela\/2018\/12\/21\/colombia-activara-para-este-2019-un-nuevo-pep\/#primaryimage"},"thumbnailUrl":"https:\/\/noti-america.com\/site\/venezuela\/wp-content\/uploads\/sites\/2\/2018\/12\/colombia-activara-para-este-2019-un-nuevo-pep-01-20181221326592659.png","datePublished":"2018-12-21T18:52:32+00:00","breadcrumb":{"@id":"https:\/\/noti-america.com\/site\/venezuela\/2018\/12\/21\/colombia-activara-para-este-2019-un-nuevo-pep\/#breadcrumb"},"inLanguage":"es","potentialAction":[{"@type":"ReadAction","target":["https:\/\/noti-america.com\/site\/venezuela\/2018\/12\/21\/colombia-activara-para-este-2019-un-nuevo-pep\/"]}]},{"@type":"ImageObject","inLanguage":"es","@id":"https:\/\/noti-america.com\/site\/venezuela\/2018\/12\/21\/colombia-activara-para-este-2019-un-nuevo-pep\/#primaryimage","url":"https:\/\/noti-america.com\/site\/venezuela\/wp-content\/uploads\/sites\/2\/2018\/12\/colombia-activara-para-este-2019-un-nuevo-pep-01-20181221326592659.png","contentUrl":"https:\/\/noti-america.com\/site\/venezuela\/wp-content\/uploads\/sites\/2\/2018\/12\/colombia-activara-para-este-2019-un-nuevo-pep-01-20181221326592659.png","width":900,"height":508},{"@type":"BreadcrumbList","@id":"https:\/\/noti-america.com\/site\/venezuela\/2018\/12\/21\/colombia-activara-para-este-2019-un-nuevo-pep\/#breadcrumb","itemListElement":[{"@type":"ListItem","position":1,"name":"Portada","item":"https:\/\/noti-america.com\/site\/venezuela\/"},{"@type":"ListItem","position":2,"name":"Colombia activar\u00e1 para este 2019 un nuevo (PEP)"}]},{"@type":"WebSite","@id":"https:\/\/noti-america.com\/site\/venezuela\/#website","url":"https:\/\/noti-america.com\/site\/venezuela\/","name":"Venezuela | Noti-America.com","description":"","publisher":{"@id":"https:\/\/noti-america.com\/site\/venezuela\/#organization"},"potentialAction":[{"@type":"SearchAction","target":{"@type":"EntryPoint","urlTemplate":"https:\/\/noti-america.com\/site\/venezuela\/?s={search_term_string}"},"query-input":{"@type":"PropertyValueSpecification","valueRequired":true,"valueName":"search_term_string"}}],"inLanguage":"es"},{"@type":"Organization","@id":"https:\/\/noti-america.com\/site\/venezuela\/#organization","name":"Noti-America LLC | Venezuela","url":"https:\/\/noti-america.com\/site\/venezuela\/","logo":{"@type":"ImageObject","inLanguage":"es","@id":"https:\/\/noti-america.com\/site\/venezuela\/#\/schema\/logo\/image\/","url":"https:\/\/noti-america.com\/site\/venezuela\/wp-content\/uploads\/sites\/2\/2020\/07\/LogoNA-4x3-1.jpg","contentUrl":"https:\/\/noti-america.com\/site\/venezuela\/wp-content\/uploads\/sites\/2\/2020\/07\/LogoNA-4x3-1.jpg","width":1236,"height":1080,"caption":"Noti-America LLC | Venezuela"},"image":{"@id":"https:\/\/noti-america.com\/site\/venezuela\/#\/schema\/logo\/image\/"}},{"@type":"Person","@id":"https:\/\/noti-america.com\/site\/venezuela\/#\/schema\/person\/17a6ee8c9af7fe2da084805f2d45e6ef","name":"Marilyn Oviedo","image":{"@type":"ImageObject","inLanguage":"es","@id":"https:\/\/secure.gravatar.com\/avatar\/6ab070ce76f64b066017eef1247ecdeb7c01b8e99448b515919552ac2123cc84?s=96&d=mm&r=g","url":"https:\/\/secure.gravatar.com\/avatar\/6ab070ce76f64b066017eef1247ecdeb7c01b8e99448b515919552ac2123cc84?s=96&d=mm&r=g","contentUrl":"https:\/\/secure.gravatar.com\/avatar\/6ab070ce76f64b066017eef1247ecdeb7c01b8e99448b515919552ac2123cc84?s=96&d=mm&r=g","caption":"Marilyn Oviedo"},"description":"Venezolana, Licenciada en Letras | Productora | Redactora de Contenidos | Community Manager.","url":"https:\/\/noti-america.com\/site\/venezuela\/author\/moviedo\/"}]}},"_links":{"self":[{"href":"https:\/\/noti-america.com\/site\/venezuela\/wp-json\/wp\/v2\/posts\/4316","targetHints":{"allow":["GET"]}}],"collection":[{"href":"https:\/\/noti-america.com\/site\/venezuela\/wp-json\/wp\/v2\/posts"}],"about":[{"href":"https:\/\/noti-america.com\/site\/venezuela\/wp-json\/wp\/v2\/types\/post"}],"author":[{"embeddable":true,"href":"https:\/\/noti-america.com\/site\/venezuela\/wp-json\/wp\/v2\/users\/45"}],"replies":[{"embeddable":true,"href":"https:\/\/noti-america.com\/site\/venezuela\/wp-json\/wp\/v2\/comments?post=4316"}],"version-history":[{"count":1,"href":"https:\/\/noti-america.com\/site\/venezuela\/wp-json\/wp\/v2\/posts\/4316\/revisions"}],"predecessor-version":[{"id":4318,"href":"https:\/\/noti-america.com\/site\/venezuela\/wp-json\/wp\/v2\/posts\/4316\/revisions\/4318"}],"wp:featuredmedia":[{"embeddable":true,"href":"https:\/\/noti-america.com\/site\/venezuela\/wp-json\/wp\/v2\/media\/4317"}],"wp:attachment":[{"href":"https:\/\/noti-america.com\/site\/venezuela\/wp-json\/wp\/v2\/media?parent=4316"}],"wp:term":[{"taxonomy":"category","embeddable":true,"href":"https:\/\/noti-america.com\/site\/venezuela\/wp-json\/wp\/v2\/categories?post=4316"},{"taxonomy":"post_tag","embeddable":true,"href":"https:\/\/noti-america.com\/site\/venezuela\/wp-json\/wp\/v2\/tags?post=4316"}],"curies":[{"name":"wp","href":"https:\/\/api.w.org\/{rel}","templated":true}]}}