{"id":4307,"date":"2018-12-20T12:00:15","date_gmt":"2018-12-20T12:00:15","guid":{"rendered":"http:\/\/noti-america.com\/site\/venezuela\/2018\/12\/20\/asesor-de-la-embajada-de-venezuela-fue-expulsado-de-colombia\/"},"modified":"2018-12-20T12:00:15","modified_gmt":"2018-12-20T12:00:15","slug":"asesor-de-la-embajada-de-venezuela-fue-expulsado-de-colombia","status":"publish","type":"post","link":"https:\/\/noti-america.com\/site\/venezuela\/2018\/12\/20\/asesor-de-la-embajada-de-venezuela-fue-expulsado-de-colombia\/","title":{"rendered":"Asesor de la embajada de Venezuela fue expulsado de Colombia"},"content":{"rendered":"<p><img decoding=\"async\" class=\"aligncenter\" src=\"https:\/\/cdn.elimpulso.com\/media\/2018\/12\/Carlos-Manuel-Pino-696x467.jpg\" \/><\/p>\n<p>De acuerdo a reportes del Noticias Caracol: \u00bb\u00a0Migraci\u00f3n Colombia expuls\u00f3 al ciudadano venezolano Carlos Pino \u00ab.<\/p>\n<p>Carlos Pino,\u00a0 es un funcionario no diplom\u00e1tico de la embajada de Venezuela en Colombia quien fue retenido y expulsado por autoridades migratorias de Colombia la ma\u00f1ana de este jueves 20 de diciembre.<\/p>\n<blockquote class=\"twitter-tweet\" data-width=\"500\" data-dnt=\"true\">\n<p lang=\"es\" dir=\"ltr\">Migraci\u00f3n Colombia expulsa al ciudadano venezolano Carlos Pino &gt;&gt;&gt; <a href=\"https:\/\/t.co\/kH7HLtWFlP\">https:\/\/t.co\/kH7HLtWFlP<\/a> <a href=\"https:\/\/twitter.com\/hashtag\/PrimeraEdici%C3%B3n?src=hash&amp;ref_src=twsrc%5Etfw\">#PrimeraEdici\u00f3n<\/a> <a href=\"https:\/\/t.co\/Sw90sxxHgX\">pic.twitter.com\/Sw90sxxHgX<\/a><\/p>\n<p>&mdash; Noticias Caracol (@NoticiasCaracol) <a href=\"https:\/\/twitter.com\/NoticiasCaracol\/status\/1075709225752354818?ref_src=twsrc%5Etfw\">December 20, 2018<\/a><\/p><\/blockquote>\n<p><script async src=\"https:\/\/platform.twitter.com\/widgets.js\" charset=\"utf-8\"><\/script><\/p>\n<p style=\"text-align: justify\">De acuerdo a medios colombianos, Pino fue expulsado para \u201cproteger la soberan\u00eda nacional\u201d. En un documento promulgado por El Tiempo de Colombia se lee que el departamento de Migraci\u00f3n de Colombia tiene facultad para \u201cexpulsar a los extranjeros que, a juicio de la autoridad migratoria, realicen actividades que atenten contra la seguridad nacional, el orden p\u00fablico (\u2026) o cuando existan informaciones de inteligencia que indiquen que representa un riesgo\u201d.<\/p>\n","protected":false},"excerpt":{"rendered":"<p>De acuerdo a reportes del Noticias Caracol: \u00bb\u00a0Migraci\u00f3n Colombia expuls\u00f3 al ciudadano venezolano Carlos Pino \u00ab. Carlos Pino,\u00a0 es un funcionario no diplom\u00e1tico de la embajada de Venezuela en Colombia quien fue retenido y&#46;&#46;&#46;<\/p>\n","protected":false},"author":4,"featured_media":4308,"comment_status":"open","ping_status":"open","sticky":false,"template":"","format":"standard","meta":{"_acf_changed":false,"om_disable_all_campaigns":false,"rop_custom_images_group":[],"rop_custom_messages_group":[],"rop_publish_now":"initial","rop_publish_now_accounts":{"twitter_242054905_242054905":""},"rop_publish_now_history":[],"rop_publish_now_status":"pending","_uf_show_specific_survey":0,"_uf_disable_surveys":false,"footnotes":""},"categories":[1],"tags":[],"class_list":["post-4307","post","type-post","status-publish","format-standard","has-post-thumbnail","hentry","category-uncategorized"],"acf":[],"aioseo_notices":[],"yoast_head":"<!-- This site is optimized with the Yoast SEO Premium plugin v24.9 (Yoast SEO v27.2) - https:\/\/yoast.com\/product\/yoast-seo-premium-wordpress\/ -->\n<title>Asesor de la embajada de Venezuela fue expulsado de Colombia - Venezuela | Noti-America.com<\/title>\n<meta name=\"robots\" content=\"index, follow, max-snippet:-1, max-image-preview:large, max-video-preview:-1\" \/>\n<link rel=\"canonical\" href=\"https:\/\/noti-america.com\/site\/venezuela\/2018\/12\/20\/asesor-de-la-embajada-de-venezuela-fue-expulsado-de-colombia\/\" \/>\n<meta property=\"og:locale\" content=\"es_ES\" \/>\n<meta property=\"og:type\" content=\"article\" \/>\n<meta property=\"og:title\" content=\"Asesor de la embajada de Venezuela fue expulsado de Colombia\" \/>\n<meta property=\"og:description\" content=\"De acuerdo a reportes del Noticias Caracol: \u00bb\u00a0Migraci\u00f3n Colombia expuls\u00f3 al ciudadano venezolano Carlos Pino \u00ab. Carlos Pino,\u00a0 es un funcionario no diplom\u00e1tico de la embajada de Venezuela en Colombia quien fue retenido y&#046;&#046;&#046;\" \/>\n<meta property=\"og:url\" content=\"https:\/\/noti-america.com\/site\/venezuela\/2018\/12\/20\/asesor-de-la-embajada-de-venezuela-fue-expulsado-de-colombia\/\" \/>\n<meta property=\"og:site_name\" content=\"Venezuela | Noti-America.com\" \/>\n<meta property=\"article:author\" content=\"https:\/\/www.facebook.com\/AndresSalazarTV\/\" \/>\n<meta property=\"article:published_time\" content=\"2018-12-20T12:00:15+00:00\" \/>\n<meta property=\"og:image\" content=\"https:\/\/noti-america.com\/site\/venezuela\/wp-content\/uploads\/sites\/2\/2018\/12\/Carlos-Manuel-Pino-696x467.jpg\" \/>\n\t<meta property=\"og:image:width\" content=\"696\" \/>\n\t<meta property=\"og:image:height\" content=\"467\" \/>\n\t<meta property=\"og:image:type\" content=\"image\/jpeg\" \/>\n<meta name=\"author\" content=\"Andr\u00e9s Salazar TV\" \/>\n<meta name=\"twitter:card\" content=\"summary_large_image\" \/>\n<meta name=\"twitter:label1\" content=\"Escrito por\" \/>\n\t<meta name=\"twitter:data1\" content=\"Andr\u00e9s Salazar TV\" \/>\n\t<meta name=\"twitter:label2\" content=\"Tiempo estimado de lectura\" \/>\n\t<meta name=\"twitter:data2\" content=\"1 minuto\" \/>\n<script type=\"application\/ld+json\" class=\"yoast-schema-graph\">{\"@context\":\"https:\/\/schema.org\",\"@graph\":[{\"@type\":\"Article\",\"@id\":\"https:\/\/noti-america.com\/site\/venezuela\/2018\/12\/20\/asesor-de-la-embajada-de-venezuela-fue-expulsado-de-colombia\/#article\",\"isPartOf\":{\"@id\":\"https:\/\/noti-america.com\/site\/venezuela\/2018\/12\/20\/asesor-de-la-embajada-de-venezuela-fue-expulsado-de-colombia\/\"},\"author\":{\"name\":\"Andr\u00e9s Salazar TV\",\"@id\":\"https:\/\/noti-america.com\/site\/venezuela\/#\/schema\/person\/5536bbfd0e2b9220dabb68be6a79e6a2\"},\"headline\":\"Asesor de la embajada de Venezuela fue expulsado de Colombia\",\"datePublished\":\"2018-12-20T12:00:15+00:00\",\"mainEntityOfPage\":{\"@id\":\"https:\/\/noti-america.com\/site\/venezuela\/2018\/12\/20\/asesor-de-la-embajada-de-venezuela-fue-expulsado-de-colombia\/\"},\"wordCount\":137,\"commentCount\":0,\"publisher\":{\"@id\":\"https:\/\/noti-america.com\/site\/venezuela\/#organization\"},\"image\":{\"@id\":\"https:\/\/noti-america.com\/site\/venezuela\/2018\/12\/20\/asesor-de-la-embajada-de-venezuela-fue-expulsado-de-colombia\/#primaryimage\"},\"thumbnailUrl\":\"https:\/\/noti-america.com\/site\/venezuela\/wp-content\/uploads\/sites\/2\/2018\/12\/Carlos-Manuel-Pino-696x467.jpg\",\"articleSection\":[\"Uncategorized\"],\"inLanguage\":\"es\",\"potentialAction\":[{\"@type\":\"CommentAction\",\"name\":\"Comment\",\"target\":[\"https:\/\/noti-america.com\/site\/venezuela\/2018\/12\/20\/asesor-de-la-embajada-de-venezuela-fue-expulsado-de-colombia\/#respond\"]}]},{\"@type\":\"WebPage\",\"@id\":\"https:\/\/noti-america.com\/site\/venezuela\/2018\/12\/20\/asesor-de-la-embajada-de-venezuela-fue-expulsado-de-colombia\/\",\"url\":\"https:\/\/noti-america.com\/site\/venezuela\/2018\/12\/20\/asesor-de-la-embajada-de-venezuela-fue-expulsado-de-colombia\/\",\"name\":\"Asesor de la embajada de Venezuela fue expulsado de Colombia - Venezuela | Noti-America.com\",\"isPartOf\":{\"@id\":\"https:\/\/noti-america.com\/site\/venezuela\/#website\"},\"primaryImageOfPage\":{\"@id\":\"https:\/\/noti-america.com\/site\/venezuela\/2018\/12\/20\/asesor-de-la-embajada-de-venezuela-fue-expulsado-de-colombia\/#primaryimage\"},\"image\":{\"@id\":\"https:\/\/noti-america.com\/site\/venezuela\/2018\/12\/20\/asesor-de-la-embajada-de-venezuela-fue-expulsado-de-colombia\/#primaryimage\"},\"thumbnailUrl\":\"https:\/\/noti-america.com\/site\/venezuela\/wp-content\/uploads\/sites\/2\/2018\/12\/Carlos-Manuel-Pino-696x467.jpg\",\"datePublished\":\"2018-12-20T12:00:15+00:00\",\"breadcrumb\":{\"@id\":\"https:\/\/noti-america.com\/site\/venezuela\/2018\/12\/20\/asesor-de-la-embajada-de-venezuela-fue-expulsado-de-colombia\/#breadcrumb\"},\"inLanguage\":\"es\",\"potentialAction\":[{\"@type\":\"ReadAction\",\"target\":[\"https:\/\/noti-america.com\/site\/venezuela\/2018\/12\/20\/asesor-de-la-embajada-de-venezuela-fue-expulsado-de-colombia\/\"]}]},{\"@type\":\"ImageObject\",\"inLanguage\":\"es\",\"@id\":\"https:\/\/noti-america.com\/site\/venezuela\/2018\/12\/20\/asesor-de-la-embajada-de-venezuela-fue-expulsado-de-colombia\/#primaryimage\",\"url\":\"https:\/\/noti-america.com\/site\/venezuela\/wp-content\/uploads\/sites\/2\/2018\/12\/Carlos-Manuel-Pino-696x467.jpg\",\"contentUrl\":\"https:\/\/noti-america.com\/site\/venezuela\/wp-content\/uploads\/sites\/2\/2018\/12\/Carlos-Manuel-Pino-696x467.jpg\",\"width\":696,\"height\":467},{\"@type\":\"BreadcrumbList\",\"@id\":\"https:\/\/noti-america.com\/site\/venezuela\/2018\/12\/20\/asesor-de-la-embajada-de-venezuela-fue-expulsado-de-colombia\/#breadcrumb\",\"itemListElement\":[{\"@type\":\"ListItem\",\"position\":1,\"name\":\"Portada\",\"item\":\"https:\/\/noti-america.com\/site\/venezuela\/\"},{\"@type\":\"ListItem\",\"position\":2,\"name\":\"Asesor de la embajada de Venezuela fue expulsado de Colombia\"}]},{\"@type\":\"WebSite\",\"@id\":\"https:\/\/noti-america.com\/site\/venezuela\/#website\",\"url\":\"https:\/\/noti-america.com\/site\/venezuela\/\",\"name\":\"Venezuela | Noti-America.com\",\"description\":\"\",\"publisher\":{\"@id\":\"https:\/\/noti-america.com\/site\/venezuela\/#organization\"},\"potentialAction\":[{\"@type\":\"SearchAction\",\"target\":{\"@type\":\"EntryPoint\",\"urlTemplate\":\"https:\/\/noti-america.com\/site\/venezuela\/?s={search_term_string}\"},\"query-input\":{\"@type\":\"PropertyValueSpecification\",\"valueRequired\":true,\"valueName\":\"search_term_string\"}}],\"inLanguage\":\"es\"},{\"@type\":\"Organization\",\"@id\":\"https:\/\/noti-america.com\/site\/venezuela\/#organization\",\"name\":\"Noti-America LLC | Venezuela\",\"url\":\"https:\/\/noti-america.com\/site\/venezuela\/\",\"logo\":{\"@type\":\"ImageObject\",\"inLanguage\":\"es\",\"@id\":\"https:\/\/noti-america.com\/site\/venezuela\/#\/schema\/logo\/image\/\",\"url\":\"https:\/\/noti-america.com\/site\/venezuela\/wp-content\/uploads\/sites\/2\/2020\/07\/LogoNA-4x3-1.jpg\",\"contentUrl\":\"https:\/\/noti-america.com\/site\/venezuela\/wp-content\/uploads\/sites\/2\/2020\/07\/LogoNA-4x3-1.jpg\",\"width\":1236,\"height\":1080,\"caption\":\"Noti-America LLC | Venezuela\"},\"image\":{\"@id\":\"https:\/\/noti-america.com\/site\/venezuela\/#\/schema\/logo\/image\/\"}},{\"@type\":\"Person\",\"@id\":\"https:\/\/noti-america.com\/site\/venezuela\/#\/schema\/person\/5536bbfd0e2b9220dabb68be6a79e6a2\",\"name\":\"Andr\u00e9s Salazar TV\",\"image\":{\"@type\":\"ImageObject\",\"inLanguage\":\"es\",\"@id\":\"https:\/\/secure.gravatar.com\/avatar\/afe6826ba750395b641021d9bf08e5496b9d29671cfabb16346350901fb94310?s=96&d=mm&r=g\",\"url\":\"https:\/\/secure.gravatar.com\/avatar\/afe6826ba750395b641021d9bf08e5496b9d29671cfabb16346350901fb94310?s=96&d=mm&r=g\",\"contentUrl\":\"https:\/\/secure.gravatar.com\/avatar\/afe6826ba750395b641021d9bf08e5496b9d29671cfabb16346350901fb94310?s=96&d=mm&r=g\",\"caption\":\"Andr\u00e9s Salazar TV\"},\"description\":\"Andr\u00e9s Salazar. Corresponsal de Noti-Am\u00e9rica en Venezuela. Periodista con m\u00e1s de 14 a\u00f1os de trayectoria en la cobertura de hechos informativos. Amplia experiencia en la narrativa de eventos deportivos, musicales y sucesos de \u00faltima hora.\",\"sameAs\":[\"https:\/\/www.facebook.com\/AndresSalazarTV\/\",\"https:\/\/youtube.com\/@andressalazartv?si=fYrt2l__ee2OK_Fh\"],\"url\":\"https:\/\/noti-america.com\/site\/venezuela\/author\/asalazar\/\"}]}<\/script>\n<!-- \/ Yoast SEO Premium plugin. -->","yoast_head_json":{"title":"Asesor de la embajada de Venezuela fue expulsado de Colombia - Venezuela | Noti-America.com","robots":{"index":"index","follow":"follow","max-snippet":"max-snippet:-1","max-image-preview":"max-image-preview:large","max-video-preview":"max-video-preview:-1"},"canonical":"https:\/\/noti-america.com\/site\/venezuela\/2018\/12\/20\/asesor-de-la-embajada-de-venezuela-fue-expulsado-de-colombia\/","og_locale":"es_ES","og_type":"article","og_title":"Asesor de la embajada de Venezuela fue expulsado de Colombia","og_description":"De acuerdo a reportes del Noticias Caracol: \u00bb\u00a0Migraci\u00f3n Colombia expuls\u00f3 al ciudadano venezolano Carlos Pino \u00ab. Carlos Pino,\u00a0 es un funcionario no diplom\u00e1tico de la embajada de Venezuela en Colombia quien fue retenido y&#46;&#46;&#46;","og_url":"https:\/\/noti-america.com\/site\/venezuela\/2018\/12\/20\/asesor-de-la-embajada-de-venezuela-fue-expulsado-de-colombia\/","og_site_name":"Venezuela | Noti-America.com","article_author":"https:\/\/www.facebook.com\/AndresSalazarTV\/","article_published_time":"2018-12-20T12:00:15+00:00","og_image":[{"width":696,"height":467,"url":"https:\/\/noti-america.com\/site\/venezuela\/wp-content\/uploads\/sites\/2\/2018\/12\/Carlos-Manuel-Pino-696x467.jpg","type":"image\/jpeg"}],"author":"Andr\u00e9s Salazar TV","twitter_card":"summary_large_image","twitter_misc":{"Escrito por":"Andr\u00e9s Salazar TV","Tiempo estimado de lectura":"1 minuto"},"schema":{"@context":"https:\/\/schema.org","@graph":[{"@type":"Article","@id":"https:\/\/noti-america.com\/site\/venezuela\/2018\/12\/20\/asesor-de-la-embajada-de-venezuela-fue-expulsado-de-colombia\/#article","isPartOf":{"@id":"https:\/\/noti-america.com\/site\/venezuela\/2018\/12\/20\/asesor-de-la-embajada-de-venezuela-fue-expulsado-de-colombia\/"},"author":{"name":"Andr\u00e9s Salazar TV","@id":"https:\/\/noti-america.com\/site\/venezuela\/#\/schema\/person\/5536bbfd0e2b9220dabb68be6a79e6a2"},"headline":"Asesor de la embajada de Venezuela fue expulsado de Colombia","datePublished":"2018-12-20T12:00:15+00:00","mainEntityOfPage":{"@id":"https:\/\/noti-america.com\/site\/venezuela\/2018\/12\/20\/asesor-de-la-embajada-de-venezuela-fue-expulsado-de-colombia\/"},"wordCount":137,"commentCount":0,"publisher":{"@id":"https:\/\/noti-america.com\/site\/venezuela\/#organization"},"image":{"@id":"https:\/\/noti-america.com\/site\/venezuela\/2018\/12\/20\/asesor-de-la-embajada-de-venezuela-fue-expulsado-de-colombia\/#primaryimage"},"thumbnailUrl":"https:\/\/noti-america.com\/site\/venezuela\/wp-content\/uploads\/sites\/2\/2018\/12\/Carlos-Manuel-Pino-696x467.jpg","articleSection":["Uncategorized"],"inLanguage":"es","potentialAction":[{"@type":"CommentAction","name":"Comment","target":["https:\/\/noti-america.com\/site\/venezuela\/2018\/12\/20\/asesor-de-la-embajada-de-venezuela-fue-expulsado-de-colombia\/#respond"]}]},{"@type":"WebPage","@id":"https:\/\/noti-america.com\/site\/venezuela\/2018\/12\/20\/asesor-de-la-embajada-de-venezuela-fue-expulsado-de-colombia\/","url":"https:\/\/noti-america.com\/site\/venezuela\/2018\/12\/20\/asesor-de-la-embajada-de-venezuela-fue-expulsado-de-colombia\/","name":"Asesor de la embajada de Venezuela fue expulsado de Colombia - Venezuela | Noti-America.com","isPartOf":{"@id":"https:\/\/noti-america.com\/site\/venezuela\/#website"},"primaryImageOfPage":{"@id":"https:\/\/noti-america.com\/site\/venezuela\/2018\/12\/20\/asesor-de-la-embajada-de-venezuela-fue-expulsado-de-colombia\/#primaryimage"},"image":{"@id":"https:\/\/noti-america.com\/site\/venezuela\/2018\/12\/20\/asesor-de-la-embajada-de-venezuela-fue-expulsado-de-colombia\/#primaryimage"},"thumbnailUrl":"https:\/\/noti-america.com\/site\/venezuela\/wp-content\/uploads\/sites\/2\/2018\/12\/Carlos-Manuel-Pino-696x467.jpg","datePublished":"2018-12-20T12:00:15+00:00","breadcrumb":{"@id":"https:\/\/noti-america.com\/site\/venezuela\/2018\/12\/20\/asesor-de-la-embajada-de-venezuela-fue-expulsado-de-colombia\/#breadcrumb"},"inLanguage":"es","potentialAction":[{"@type":"ReadAction","target":["https:\/\/noti-america.com\/site\/venezuela\/2018\/12\/20\/asesor-de-la-embajada-de-venezuela-fue-expulsado-de-colombia\/"]}]},{"@type":"ImageObject","inLanguage":"es","@id":"https:\/\/noti-america.com\/site\/venezuela\/2018\/12\/20\/asesor-de-la-embajada-de-venezuela-fue-expulsado-de-colombia\/#primaryimage","url":"https:\/\/noti-america.com\/site\/venezuela\/wp-content\/uploads\/sites\/2\/2018\/12\/Carlos-Manuel-Pino-696x467.jpg","contentUrl":"https:\/\/noti-america.com\/site\/venezuela\/wp-content\/uploads\/sites\/2\/2018\/12\/Carlos-Manuel-Pino-696x467.jpg","width":696,"height":467},{"@type":"BreadcrumbList","@id":"https:\/\/noti-america.com\/site\/venezuela\/2018\/12\/20\/asesor-de-la-embajada-de-venezuela-fue-expulsado-de-colombia\/#breadcrumb","itemListElement":[{"@type":"ListItem","position":1,"name":"Portada","item":"https:\/\/noti-america.com\/site\/venezuela\/"},{"@type":"ListItem","position":2,"name":"Asesor de la embajada de Venezuela fue expulsado de Colombia"}]},{"@type":"WebSite","@id":"https:\/\/noti-america.com\/site\/venezuela\/#website","url":"https:\/\/noti-america.com\/site\/venezuela\/","name":"Venezuela | Noti-America.com","description":"","publisher":{"@id":"https:\/\/noti-america.com\/site\/venezuela\/#organization"},"potentialAction":[{"@type":"SearchAction","target":{"@type":"EntryPoint","urlTemplate":"https:\/\/noti-america.com\/site\/venezuela\/?s={search_term_string}"},"query-input":{"@type":"PropertyValueSpecification","valueRequired":true,"valueName":"search_term_string"}}],"inLanguage":"es"},{"@type":"Organization","@id":"https:\/\/noti-america.com\/site\/venezuela\/#organization","name":"Noti-America LLC | Venezuela","url":"https:\/\/noti-america.com\/site\/venezuela\/","logo":{"@type":"ImageObject","inLanguage":"es","@id":"https:\/\/noti-america.com\/site\/venezuela\/#\/schema\/logo\/image\/","url":"https:\/\/noti-america.com\/site\/venezuela\/wp-content\/uploads\/sites\/2\/2020\/07\/LogoNA-4x3-1.jpg","contentUrl":"https:\/\/noti-america.com\/site\/venezuela\/wp-content\/uploads\/sites\/2\/2020\/07\/LogoNA-4x3-1.jpg","width":1236,"height":1080,"caption":"Noti-America LLC | Venezuela"},"image":{"@id":"https:\/\/noti-america.com\/site\/venezuela\/#\/schema\/logo\/image\/"}},{"@type":"Person","@id":"https:\/\/noti-america.com\/site\/venezuela\/#\/schema\/person\/5536bbfd0e2b9220dabb68be6a79e6a2","name":"Andr\u00e9s Salazar TV","image":{"@type":"ImageObject","inLanguage":"es","@id":"https:\/\/secure.gravatar.com\/avatar\/afe6826ba750395b641021d9bf08e5496b9d29671cfabb16346350901fb94310?s=96&d=mm&r=g","url":"https:\/\/secure.gravatar.com\/avatar\/afe6826ba750395b641021d9bf08e5496b9d29671cfabb16346350901fb94310?s=96&d=mm&r=g","contentUrl":"https:\/\/secure.gravatar.com\/avatar\/afe6826ba750395b641021d9bf08e5496b9d29671cfabb16346350901fb94310?s=96&d=mm&r=g","caption":"Andr\u00e9s Salazar TV"},"description":"Andr\u00e9s Salazar. Corresponsal de Noti-Am\u00e9rica en Venezuela. Periodista con m\u00e1s de 14 a\u00f1os de trayectoria en la cobertura de hechos informativos. Amplia experiencia en la narrativa de eventos deportivos, musicales y sucesos de \u00faltima hora.","sameAs":["https:\/\/www.facebook.com\/AndresSalazarTV\/","https:\/\/youtube.com\/@andressalazartv?si=fYrt2l__ee2OK_Fh"],"url":"https:\/\/noti-america.com\/site\/venezuela\/author\/asalazar\/"}]}},"_links":{"self":[{"href":"https:\/\/noti-america.com\/site\/venezuela\/wp-json\/wp\/v2\/posts\/4307","targetHints":{"allow":["GET"]}}],"collection":[{"href":"https:\/\/noti-america.com\/site\/venezuela\/wp-json\/wp\/v2\/posts"}],"about":[{"href":"https:\/\/noti-america.com\/site\/venezuela\/wp-json\/wp\/v2\/types\/post"}],"author":[{"embeddable":true,"href":"https:\/\/noti-america.com\/site\/venezuela\/wp-json\/wp\/v2\/users\/4"}],"replies":[{"embeddable":true,"href":"https:\/\/noti-america.com\/site\/venezuela\/wp-json\/wp\/v2\/comments?post=4307"}],"version-history":[{"count":0,"href":"https:\/\/noti-america.com\/site\/venezuela\/wp-json\/wp\/v2\/posts\/4307\/revisions"}],"wp:featuredmedia":[{"embeddable":true,"href":"https:\/\/noti-america.com\/site\/venezuela\/wp-json\/wp\/v2\/media\/4308"}],"wp:attachment":[{"href":"https:\/\/noti-america.com\/site\/venezuela\/wp-json\/wp\/v2\/media?parent=4307"}],"wp:term":[{"taxonomy":"category","embeddable":true,"href":"https:\/\/noti-america.com\/site\/venezuela\/wp-json\/wp\/v2\/categories?post=4307"},{"taxonomy":"post_tag","embeddable":true,"href":"https:\/\/noti-america.com\/site\/venezuela\/wp-json\/wp\/v2\/tags?post=4307"}],"curies":[{"name":"wp","href":"https:\/\/api.w.org\/{rel}","templated":true}]}}