{"id":43057,"date":"2025-02-28T13:05:27","date_gmt":"2025-02-28T13:05:27","guid":{"rendered":"https:\/\/noti-america.com\/site\/venezuela\/?p=43057"},"modified":"2025-02-28T13:05:27","modified_gmt":"2025-02-28T13:05:27","slug":"yoel-diaz-periodista-y-locutor-anuncia-su-participacion-en-los-carnavales-del-oriente-venezolano","status":"publish","type":"post","link":"https:\/\/noti-america.com\/site\/venezuela\/2025\/02\/28\/yoel-diaz-periodista-y-locutor-anuncia-su-participacion-en-los-carnavales-del-oriente-venezolano\/","title":{"rendered":"Yoel D\u00edaz, periodista y locutor, anuncia su participaci\u00f3n en los carnavales del oriente venezolano"},"content":{"rendered":"<p>El periodista venezolano <strong>Yoel D\u00edaz<\/strong>, conocido por su c\u00e1psula \u201cSumando Millas con Yoel\u201d transmitida en el circuito Difusi\u00f3n Latina, se complace en anunciar su participaci\u00f3n como invitado especial en los carnavales m\u00e1s grandes del oriente venezolano, que se llevar\u00e1n a cabo desde el <strong>28 de febrero hasta el 4 de marzo<\/strong>.<\/p>\n<p>Este evento, que celebra la rica cultura y tradiciones de la regi\u00f3n, contar\u00e1 con la presencia de <strong>Yoel<\/strong>, quien tiene como objetivo dar a conocer las maravillas del estado. A trav\u00e9s de sus redes sociales, compartir\u00e1 todo lo hermoso que ofrece el carnaval, as\u00ed como los impresionantes paisajes que caracterizan la zona.<\/p>\n<p>Cabe destacar que el a\u00f1o pasado, <strong>Yoel D\u00edaz<\/strong> fue nominado al <strong>Premio Nacional de Turismo<\/strong>, un reconocimiento a su labor en la promoci\u00f3n del turismo en Venezuela. Su participaci\u00f3n en los carnavales es una oportunidad para resaltar lo incre\u00edble que tiene el estado, invitando a todos a disfrutar de esta festividad llena de color y alegr\u00eda.<\/p>\n<p style=\"text-align: center\"><strong>\u00a1No te pierdas la oportunidad de seguir a Yoel en sus redes y descubrir lo mejor de los carnavales!<\/strong><\/p>\n","protected":false},"excerpt":{"rendered":"<p>El periodista venezolano Yoel D\u00edaz, conocido por su c\u00e1psula \u201cSumando Millas con Yoel\u201d transmitida en el circuito Difusi\u00f3n Latina, se complace en anunciar su participaci\u00f3n como invitado especial en los carnavales m\u00e1s grandes del&#46;&#46;&#46;<\/p>\n","protected":false},"author":127,"featured_media":43058,"comment_status":"open","ping_status":"open","sticky":false,"template":"","format":"image","meta":{"_acf_changed":false,"om_disable_all_campaigns":false,"rop_custom_images_group":[],"rop_custom_messages_group":[],"rop_publish_now":"initial","rop_publish_now_accounts":{"twitter_242054905_242054905":""},"rop_publish_now_history":[],"rop_publish_now_status":"pending","_uf_show_specific_survey":0,"_uf_disable_surveys":false,"footnotes":""},"categories":[508],"tags":[],"class_list":["post-43057","post","type-post","status-publish","format-image","has-post-thumbnail","hentry","category-acturalidad","post_format-post-format-image"],"acf":[],"aioseo_notices":[],"yoast_head":"<!-- This site is optimized with the Yoast SEO Premium plugin v24.9 (Yoast SEO v27.2) - https:\/\/yoast.com\/product\/yoast-seo-premium-wordpress\/ -->\n<title>Yoel D\u00edaz, periodista y locutor, anuncia su participaci\u00f3n en los carnavales del oriente venezolano - Venezuela | Noti-America.com<\/title>\n<meta name=\"robots\" content=\"index, follow, max-snippet:-1, max-image-preview:large, max-video-preview:-1\" \/>\n<link rel=\"canonical\" href=\"https:\/\/noti-america.com\/site\/venezuela\/2025\/02\/28\/yoel-diaz-periodista-y-locutor-anuncia-su-participacion-en-los-carnavales-del-oriente-venezolano\/\" \/>\n<meta property=\"og:locale\" content=\"es_ES\" \/>\n<meta property=\"og:type\" content=\"article\" \/>\n<meta property=\"og:title\" content=\"Yoel D\u00edaz, periodista y locutor, anuncia su participaci\u00f3n en los carnavales del oriente venezolano\" \/>\n<meta property=\"og:description\" content=\"El periodista venezolano Yoel D\u00edaz, conocido por su c\u00e1psula \u201cSumando Millas con Yoel\u201d transmitida en el circuito Difusi\u00f3n Latina, se complace en anunciar su participaci\u00f3n como invitado especial en los carnavales m\u00e1s grandes del&#046;&#046;&#046;\" \/>\n<meta property=\"og:url\" content=\"https:\/\/noti-america.com\/site\/venezuela\/2025\/02\/28\/yoel-diaz-periodista-y-locutor-anuncia-su-participacion-en-los-carnavales-del-oriente-venezolano\/\" \/>\n<meta property=\"og:site_name\" content=\"Venezuela | Noti-America.com\" \/>\n<meta property=\"article:published_time\" content=\"2025-02-28T13:05:27+00:00\" \/>\n<meta property=\"og:image\" content=\"https:\/\/noti-america.com\/site\/venezuela\/wp-content\/uploads\/sites\/2\/2025\/02\/WhatsApp-Image-2025-02-25-at-8.14.31-PM.jpeg\" \/>\n\t<meta property=\"og:image:width\" content=\"1080\" \/>\n\t<meta property=\"og:image:height\" content=\"617\" \/>\n\t<meta property=\"og:image:type\" content=\"image\/jpeg\" \/>\n<meta name=\"author\" content=\"Yoelvzla\" \/>\n<meta name=\"twitter:card\" content=\"summary_large_image\" \/>\n<meta name=\"twitter:label1\" content=\"Escrito por\" \/>\n\t<meta name=\"twitter:data1\" content=\"Yoelvzla\" \/>\n\t<meta name=\"twitter:label2\" content=\"Tiempo estimado de lectura\" \/>\n\t<meta name=\"twitter:data2\" content=\"2 minutos\" \/>\n<script type=\"application\/ld+json\" class=\"yoast-schema-graph\">{\"@context\":\"https:\/\/schema.org\",\"@graph\":[{\"@type\":\"Article\",\"@id\":\"https:\/\/noti-america.com\/site\/venezuela\/2025\/02\/28\/yoel-diaz-periodista-y-locutor-anuncia-su-participacion-en-los-carnavales-del-oriente-venezolano\/#article\",\"isPartOf\":{\"@id\":\"https:\/\/noti-america.com\/site\/venezuela\/2025\/02\/28\/yoel-diaz-periodista-y-locutor-anuncia-su-participacion-en-los-carnavales-del-oriente-venezolano\/\"},\"author\":{\"name\":\"Yoelvzla\",\"@id\":\"https:\/\/noti-america.com\/site\/venezuela\/#\/schema\/person\/376ccc7b3cc7a8d5a43c3ece07a43857\"},\"headline\":\"Yoel D\u00edaz, periodista y locutor, anuncia su participaci\u00f3n en los carnavales del oriente venezolano\",\"datePublished\":\"2025-02-28T13:05:27+00:00\",\"mainEntityOfPage\":{\"@id\":\"https:\/\/noti-america.com\/site\/venezuela\/2025\/02\/28\/yoel-diaz-periodista-y-locutor-anuncia-su-participacion-en-los-carnavales-del-oriente-venezolano\/\"},\"wordCount\":206,\"commentCount\":0,\"publisher\":{\"@id\":\"https:\/\/noti-america.com\/site\/venezuela\/#organization\"},\"image\":{\"@id\":\"https:\/\/noti-america.com\/site\/venezuela\/2025\/02\/28\/yoel-diaz-periodista-y-locutor-anuncia-su-participacion-en-los-carnavales-del-oriente-venezolano\/#primaryimage\"},\"thumbnailUrl\":\"https:\/\/noti-america.com\/site\/venezuela\/wp-content\/uploads\/sites\/2\/2025\/02\/WhatsApp-Image-2025-02-25-at-8.14.31-PM.jpeg\",\"articleSection\":[\"Actualidad\"],\"inLanguage\":\"es\",\"potentialAction\":[{\"@type\":\"CommentAction\",\"name\":\"Comment\",\"target\":[\"https:\/\/noti-america.com\/site\/venezuela\/2025\/02\/28\/yoel-diaz-periodista-y-locutor-anuncia-su-participacion-en-los-carnavales-del-oriente-venezolano\/#respond\"]}]},{\"@type\":\"WebPage\",\"@id\":\"https:\/\/noti-america.com\/site\/venezuela\/2025\/02\/28\/yoel-diaz-periodista-y-locutor-anuncia-su-participacion-en-los-carnavales-del-oriente-venezolano\/\",\"url\":\"https:\/\/noti-america.com\/site\/venezuela\/2025\/02\/28\/yoel-diaz-periodista-y-locutor-anuncia-su-participacion-en-los-carnavales-del-oriente-venezolano\/\",\"name\":\"Yoel D\u00edaz, periodista y locutor, anuncia su participaci\u00f3n en los carnavales del oriente venezolano - Venezuela | Noti-America.com\",\"isPartOf\":{\"@id\":\"https:\/\/noti-america.com\/site\/venezuela\/#website\"},\"primaryImageOfPage\":{\"@id\":\"https:\/\/noti-america.com\/site\/venezuela\/2025\/02\/28\/yoel-diaz-periodista-y-locutor-anuncia-su-participacion-en-los-carnavales-del-oriente-venezolano\/#primaryimage\"},\"image\":{\"@id\":\"https:\/\/noti-america.com\/site\/venezuela\/2025\/02\/28\/yoel-diaz-periodista-y-locutor-anuncia-su-participacion-en-los-carnavales-del-oriente-venezolano\/#primaryimage\"},\"thumbnailUrl\":\"https:\/\/noti-america.com\/site\/venezuela\/wp-content\/uploads\/sites\/2\/2025\/02\/WhatsApp-Image-2025-02-25-at-8.14.31-PM.jpeg\",\"datePublished\":\"2025-02-28T13:05:27+00:00\",\"breadcrumb\":{\"@id\":\"https:\/\/noti-america.com\/site\/venezuela\/2025\/02\/28\/yoel-diaz-periodista-y-locutor-anuncia-su-participacion-en-los-carnavales-del-oriente-venezolano\/#breadcrumb\"},\"inLanguage\":\"es\",\"potentialAction\":[{\"@type\":\"ReadAction\",\"target\":[\"https:\/\/noti-america.com\/site\/venezuela\/2025\/02\/28\/yoel-diaz-periodista-y-locutor-anuncia-su-participacion-en-los-carnavales-del-oriente-venezolano\/\"]}]},{\"@type\":\"ImageObject\",\"inLanguage\":\"es\",\"@id\":\"https:\/\/noti-america.com\/site\/venezuela\/2025\/02\/28\/yoel-diaz-periodista-y-locutor-anuncia-su-participacion-en-los-carnavales-del-oriente-venezolano\/#primaryimage\",\"url\":\"https:\/\/noti-america.com\/site\/venezuela\/wp-content\/uploads\/sites\/2\/2025\/02\/WhatsApp-Image-2025-02-25-at-8.14.31-PM.jpeg\",\"contentUrl\":\"https:\/\/noti-america.com\/site\/venezuela\/wp-content\/uploads\/sites\/2\/2025\/02\/WhatsApp-Image-2025-02-25-at-8.14.31-PM.jpeg\",\"width\":1080,\"height\":617},{\"@type\":\"BreadcrumbList\",\"@id\":\"https:\/\/noti-america.com\/site\/venezuela\/2025\/02\/28\/yoel-diaz-periodista-y-locutor-anuncia-su-participacion-en-los-carnavales-del-oriente-venezolano\/#breadcrumb\",\"itemListElement\":[{\"@type\":\"ListItem\",\"position\":1,\"name\":\"Portada\",\"item\":\"https:\/\/noti-america.com\/site\/venezuela\/\"},{\"@type\":\"ListItem\",\"position\":2,\"name\":\"Yoel D\u00edaz, periodista y locutor, anuncia su participaci\u00f3n en los carnavales del oriente venezolano\"}]},{\"@type\":\"WebSite\",\"@id\":\"https:\/\/noti-america.com\/site\/venezuela\/#website\",\"url\":\"https:\/\/noti-america.com\/site\/venezuela\/\",\"name\":\"Venezuela | Noti-America.com\",\"description\":\"\",\"publisher\":{\"@id\":\"https:\/\/noti-america.com\/site\/venezuela\/#organization\"},\"potentialAction\":[{\"@type\":\"SearchAction\",\"target\":{\"@type\":\"EntryPoint\",\"urlTemplate\":\"https:\/\/noti-america.com\/site\/venezuela\/?s={search_term_string}\"},\"query-input\":{\"@type\":\"PropertyValueSpecification\",\"valueRequired\":true,\"valueName\":\"search_term_string\"}}],\"inLanguage\":\"es\"},{\"@type\":\"Organization\",\"@id\":\"https:\/\/noti-america.com\/site\/venezuela\/#organization\",\"name\":\"Noti-America LLC | Venezuela\",\"url\":\"https:\/\/noti-america.com\/site\/venezuela\/\",\"logo\":{\"@type\":\"ImageObject\",\"inLanguage\":\"es\",\"@id\":\"https:\/\/noti-america.com\/site\/venezuela\/#\/schema\/logo\/image\/\",\"url\":\"https:\/\/noti-america.com\/site\/venezuela\/wp-content\/uploads\/sites\/2\/2020\/07\/LogoNA-4x3-1.jpg\",\"contentUrl\":\"https:\/\/noti-america.com\/site\/venezuela\/wp-content\/uploads\/sites\/2\/2020\/07\/LogoNA-4x3-1.jpg\",\"width\":1236,\"height\":1080,\"caption\":\"Noti-America LLC | Venezuela\"},\"image\":{\"@id\":\"https:\/\/noti-america.com\/site\/venezuela\/#\/schema\/logo\/image\/\"}},{\"@type\":\"Person\",\"@id\":\"https:\/\/noti-america.com\/site\/venezuela\/#\/schema\/person\/376ccc7b3cc7a8d5a43c3ece07a43857\",\"name\":\"Yoelvzla\",\"image\":{\"@type\":\"ImageObject\",\"inLanguage\":\"es\",\"@id\":\"https:\/\/secure.gravatar.com\/avatar\/13a96a72123e0e9aa76fe82e8847f726c63a1c5ef6a8d0fadd844c1a5a83b212?s=96&d=mm&r=g\",\"url\":\"https:\/\/secure.gravatar.com\/avatar\/13a96a72123e0e9aa76fe82e8847f726c63a1c5ef6a8d0fadd844c1a5a83b212?s=96&d=mm&r=g\",\"contentUrl\":\"https:\/\/secure.gravatar.com\/avatar\/13a96a72123e0e9aa76fe82e8847f726c63a1c5ef6a8d0fadd844c1a5a83b212?s=96&d=mm&r=g\",\"caption\":\"Yoelvzla\"},\"url\":\"https:\/\/noti-america.com\/site\/venezuela\/author\/ydiaz\/\"}]}<\/script>\n<!-- \/ Yoast SEO Premium plugin. -->","yoast_head_json":{"title":"Yoel D\u00edaz, periodista y locutor, anuncia su participaci\u00f3n en los carnavales del oriente venezolano - Venezuela | Noti-America.com","robots":{"index":"index","follow":"follow","max-snippet":"max-snippet:-1","max-image-preview":"max-image-preview:large","max-video-preview":"max-video-preview:-1"},"canonical":"https:\/\/noti-america.com\/site\/venezuela\/2025\/02\/28\/yoel-diaz-periodista-y-locutor-anuncia-su-participacion-en-los-carnavales-del-oriente-venezolano\/","og_locale":"es_ES","og_type":"article","og_title":"Yoel D\u00edaz, periodista y locutor, anuncia su participaci\u00f3n en los carnavales del oriente venezolano","og_description":"El periodista venezolano Yoel D\u00edaz, conocido por su c\u00e1psula \u201cSumando Millas con Yoel\u201d transmitida en el circuito Difusi\u00f3n Latina, se complace en anunciar su participaci\u00f3n como invitado especial en los carnavales m\u00e1s grandes del&#46;&#46;&#46;","og_url":"https:\/\/noti-america.com\/site\/venezuela\/2025\/02\/28\/yoel-diaz-periodista-y-locutor-anuncia-su-participacion-en-los-carnavales-del-oriente-venezolano\/","og_site_name":"Venezuela | Noti-America.com","article_published_time":"2025-02-28T13:05:27+00:00","og_image":[{"width":1080,"height":617,"url":"https:\/\/noti-america.com\/site\/venezuela\/wp-content\/uploads\/sites\/2\/2025\/02\/WhatsApp-Image-2025-02-25-at-8.14.31-PM.jpeg","type":"image\/jpeg"}],"author":"Yoelvzla","twitter_card":"summary_large_image","twitter_misc":{"Escrito por":"Yoelvzla","Tiempo estimado de lectura":"2 minutos"},"schema":{"@context":"https:\/\/schema.org","@graph":[{"@type":"Article","@id":"https:\/\/noti-america.com\/site\/venezuela\/2025\/02\/28\/yoel-diaz-periodista-y-locutor-anuncia-su-participacion-en-los-carnavales-del-oriente-venezolano\/#article","isPartOf":{"@id":"https:\/\/noti-america.com\/site\/venezuela\/2025\/02\/28\/yoel-diaz-periodista-y-locutor-anuncia-su-participacion-en-los-carnavales-del-oriente-venezolano\/"},"author":{"name":"Yoelvzla","@id":"https:\/\/noti-america.com\/site\/venezuela\/#\/schema\/person\/376ccc7b3cc7a8d5a43c3ece07a43857"},"headline":"Yoel D\u00edaz, periodista y locutor, anuncia su participaci\u00f3n en los carnavales del oriente venezolano","datePublished":"2025-02-28T13:05:27+00:00","mainEntityOfPage":{"@id":"https:\/\/noti-america.com\/site\/venezuela\/2025\/02\/28\/yoel-diaz-periodista-y-locutor-anuncia-su-participacion-en-los-carnavales-del-oriente-venezolano\/"},"wordCount":206,"commentCount":0,"publisher":{"@id":"https:\/\/noti-america.com\/site\/venezuela\/#organization"},"image":{"@id":"https:\/\/noti-america.com\/site\/venezuela\/2025\/02\/28\/yoel-diaz-periodista-y-locutor-anuncia-su-participacion-en-los-carnavales-del-oriente-venezolano\/#primaryimage"},"thumbnailUrl":"https:\/\/noti-america.com\/site\/venezuela\/wp-content\/uploads\/sites\/2\/2025\/02\/WhatsApp-Image-2025-02-25-at-8.14.31-PM.jpeg","articleSection":["Actualidad"],"inLanguage":"es","potentialAction":[{"@type":"CommentAction","name":"Comment","target":["https:\/\/noti-america.com\/site\/venezuela\/2025\/02\/28\/yoel-diaz-periodista-y-locutor-anuncia-su-participacion-en-los-carnavales-del-oriente-venezolano\/#respond"]}]},{"@type":"WebPage","@id":"https:\/\/noti-america.com\/site\/venezuela\/2025\/02\/28\/yoel-diaz-periodista-y-locutor-anuncia-su-participacion-en-los-carnavales-del-oriente-venezolano\/","url":"https:\/\/noti-america.com\/site\/venezuela\/2025\/02\/28\/yoel-diaz-periodista-y-locutor-anuncia-su-participacion-en-los-carnavales-del-oriente-venezolano\/","name":"Yoel D\u00edaz, periodista y locutor, anuncia su participaci\u00f3n en los carnavales del oriente venezolano - Venezuela | Noti-America.com","isPartOf":{"@id":"https:\/\/noti-america.com\/site\/venezuela\/#website"},"primaryImageOfPage":{"@id":"https:\/\/noti-america.com\/site\/venezuela\/2025\/02\/28\/yoel-diaz-periodista-y-locutor-anuncia-su-participacion-en-los-carnavales-del-oriente-venezolano\/#primaryimage"},"image":{"@id":"https:\/\/noti-america.com\/site\/venezuela\/2025\/02\/28\/yoel-diaz-periodista-y-locutor-anuncia-su-participacion-en-los-carnavales-del-oriente-venezolano\/#primaryimage"},"thumbnailUrl":"https:\/\/noti-america.com\/site\/venezuela\/wp-content\/uploads\/sites\/2\/2025\/02\/WhatsApp-Image-2025-02-25-at-8.14.31-PM.jpeg","datePublished":"2025-02-28T13:05:27+00:00","breadcrumb":{"@id":"https:\/\/noti-america.com\/site\/venezuela\/2025\/02\/28\/yoel-diaz-periodista-y-locutor-anuncia-su-participacion-en-los-carnavales-del-oriente-venezolano\/#breadcrumb"},"inLanguage":"es","potentialAction":[{"@type":"ReadAction","target":["https:\/\/noti-america.com\/site\/venezuela\/2025\/02\/28\/yoel-diaz-periodista-y-locutor-anuncia-su-participacion-en-los-carnavales-del-oriente-venezolano\/"]}]},{"@type":"ImageObject","inLanguage":"es","@id":"https:\/\/noti-america.com\/site\/venezuela\/2025\/02\/28\/yoel-diaz-periodista-y-locutor-anuncia-su-participacion-en-los-carnavales-del-oriente-venezolano\/#primaryimage","url":"https:\/\/noti-america.com\/site\/venezuela\/wp-content\/uploads\/sites\/2\/2025\/02\/WhatsApp-Image-2025-02-25-at-8.14.31-PM.jpeg","contentUrl":"https:\/\/noti-america.com\/site\/venezuela\/wp-content\/uploads\/sites\/2\/2025\/02\/WhatsApp-Image-2025-02-25-at-8.14.31-PM.jpeg","width":1080,"height":617},{"@type":"BreadcrumbList","@id":"https:\/\/noti-america.com\/site\/venezuela\/2025\/02\/28\/yoel-diaz-periodista-y-locutor-anuncia-su-participacion-en-los-carnavales-del-oriente-venezolano\/#breadcrumb","itemListElement":[{"@type":"ListItem","position":1,"name":"Portada","item":"https:\/\/noti-america.com\/site\/venezuela\/"},{"@type":"ListItem","position":2,"name":"Yoel D\u00edaz, periodista y locutor, anuncia su participaci\u00f3n en los carnavales del oriente venezolano"}]},{"@type":"WebSite","@id":"https:\/\/noti-america.com\/site\/venezuela\/#website","url":"https:\/\/noti-america.com\/site\/venezuela\/","name":"Venezuela | Noti-America.com","description":"","publisher":{"@id":"https:\/\/noti-america.com\/site\/venezuela\/#organization"},"potentialAction":[{"@type":"SearchAction","target":{"@type":"EntryPoint","urlTemplate":"https:\/\/noti-america.com\/site\/venezuela\/?s={search_term_string}"},"query-input":{"@type":"PropertyValueSpecification","valueRequired":true,"valueName":"search_term_string"}}],"inLanguage":"es"},{"@type":"Organization","@id":"https:\/\/noti-america.com\/site\/venezuela\/#organization","name":"Noti-America LLC | Venezuela","url":"https:\/\/noti-america.com\/site\/venezuela\/","logo":{"@type":"ImageObject","inLanguage":"es","@id":"https:\/\/noti-america.com\/site\/venezuela\/#\/schema\/logo\/image\/","url":"https:\/\/noti-america.com\/site\/venezuela\/wp-content\/uploads\/sites\/2\/2020\/07\/LogoNA-4x3-1.jpg","contentUrl":"https:\/\/noti-america.com\/site\/venezuela\/wp-content\/uploads\/sites\/2\/2020\/07\/LogoNA-4x3-1.jpg","width":1236,"height":1080,"caption":"Noti-America LLC | Venezuela"},"image":{"@id":"https:\/\/noti-america.com\/site\/venezuela\/#\/schema\/logo\/image\/"}},{"@type":"Person","@id":"https:\/\/noti-america.com\/site\/venezuela\/#\/schema\/person\/376ccc7b3cc7a8d5a43c3ece07a43857","name":"Yoelvzla","image":{"@type":"ImageObject","inLanguage":"es","@id":"https:\/\/secure.gravatar.com\/avatar\/13a96a72123e0e9aa76fe82e8847f726c63a1c5ef6a8d0fadd844c1a5a83b212?s=96&d=mm&r=g","url":"https:\/\/secure.gravatar.com\/avatar\/13a96a72123e0e9aa76fe82e8847f726c63a1c5ef6a8d0fadd844c1a5a83b212?s=96&d=mm&r=g","contentUrl":"https:\/\/secure.gravatar.com\/avatar\/13a96a72123e0e9aa76fe82e8847f726c63a1c5ef6a8d0fadd844c1a5a83b212?s=96&d=mm&r=g","caption":"Yoelvzla"},"url":"https:\/\/noti-america.com\/site\/venezuela\/author\/ydiaz\/"}]}},"_links":{"self":[{"href":"https:\/\/noti-america.com\/site\/venezuela\/wp-json\/wp\/v2\/posts\/43057","targetHints":{"allow":["GET"]}}],"collection":[{"href":"https:\/\/noti-america.com\/site\/venezuela\/wp-json\/wp\/v2\/posts"}],"about":[{"href":"https:\/\/noti-america.com\/site\/venezuela\/wp-json\/wp\/v2\/types\/post"}],"author":[{"embeddable":true,"href":"https:\/\/noti-america.com\/site\/venezuela\/wp-json\/wp\/v2\/users\/127"}],"replies":[{"embeddable":true,"href":"https:\/\/noti-america.com\/site\/venezuela\/wp-json\/wp\/v2\/comments?post=43057"}],"version-history":[{"count":1,"href":"https:\/\/noti-america.com\/site\/venezuela\/wp-json\/wp\/v2\/posts\/43057\/revisions"}],"predecessor-version":[{"id":43059,"href":"https:\/\/noti-america.com\/site\/venezuela\/wp-json\/wp\/v2\/posts\/43057\/revisions\/43059"}],"wp:featuredmedia":[{"embeddable":true,"href":"https:\/\/noti-america.com\/site\/venezuela\/wp-json\/wp\/v2\/media\/43058"}],"wp:attachment":[{"href":"https:\/\/noti-america.com\/site\/venezuela\/wp-json\/wp\/v2\/media?parent=43057"}],"wp:term":[{"taxonomy":"category","embeddable":true,"href":"https:\/\/noti-america.com\/site\/venezuela\/wp-json\/wp\/v2\/categories?post=43057"},{"taxonomy":"post_tag","embeddable":true,"href":"https:\/\/noti-america.com\/site\/venezuela\/wp-json\/wp\/v2\/tags?post=43057"}],"curies":[{"name":"wp","href":"https:\/\/api.w.org\/{rel}","templated":true}]}}