{"id":43036,"date":"2025-02-24T11:46:35","date_gmt":"2025-02-24T11:46:35","guid":{"rendered":"https:\/\/noti-america.com\/site\/venezuela\/?p=43036"},"modified":"2025-02-24T11:46:35","modified_gmt":"2025-02-24T11:46:35","slug":"el-cafe-en-alza-internacional-tres-razones-que-explican-la-subida-de-precios","status":"publish","type":"post","link":"https:\/\/noti-america.com\/site\/venezuela\/2025\/02\/24\/el-cafe-en-alza-internacional-tres-razones-que-explican-la-subida-de-precios\/","title":{"rendered":"El caf\u00e9 en alza internacional: tres razones que explican la subida de precios"},"content":{"rendered":"<p style=\"text-align: justify\">NOTI-AMERICA VENEZUELA<\/p>\n<p style=\"text-align: justify\">El incremento en la demanda, sobre todo en el mercado asi\u00e1tico, es una de las razones que sustentan la subida de precios de este grano.<\/p>\n<p style=\"text-align: justify\">El precio internacional del caf\u00e9 se ha duplicado en solo un a\u00f1o y hay tres razones que explican el alza: incremento de la demanda, especulaci\u00f3n en los mercados y malas cosechas.<\/p>\n<h2 style=\"text-align: justify\">Incremento de la demanda en China<\/h2>\n<p style=\"text-align: justify\">En el pa\u00eds asi\u00e1tico, la bebida se volvi\u00f3 tendencia entre los j\u00f3venes, dejando atr\u00e1s la tradicional preferencia por el t\u00e9. Esto ocasiona una subida de los precios y una reducci\u00f3n en la disponibilidad del grano en todo el mundo, creando una situaci\u00f3n de oferta reducida y de demanda que no para de crecer en el mercado asi\u00e1tico.<\/p>\n<p style=\"text-align: justify\">David Casta\u00f1era, gerente de la empresa cafetera Caf\u00e9s Novell en Madrid, Espa\u00f1a, explica que \u00ablos tostadores de China tambi\u00e9n est\u00e1n en la b\u00fasqueda de caf\u00e9 y la alta demanda nos comprime el acceso\u00bb.<\/p>\n<h2 style=\"text-align: justify\">Especulaci\u00f3n de los mercados<\/h2>\n<p style=\"text-align: justify\">El desequilibrio entre oferta y demanda hace que el caf\u00e9 sea atractivo para los fondos de inversi\u00f3n. La escasez ocasiona que el grano se revalorice y sus compras a largo plazo en los mercados de futuros de Londres y Nueva York se han disparado.<\/p>\n<p style=\"text-align: justify\">\u00abMuchos fondos apuestan porque va a haber una subida continua, con lo que tienden a incrementar esa demanda de compra esperando mayores aumentos de los precios2, afirm\u00f3 Pablo Resco, responsable de la estrategia de mercados agrarios del Grupo Cajamar.<\/p>\n<p style=\"text-align: justify\">Estas compras a futuros ocasionaron un alza en los precios, que desde 2020 ya se han triplicado. Solo en el \u00faltimo a\u00f1o, la cotizaci\u00f3n en origen se ha duplicado, y cada eslab\u00f3n de la cadena cafetera trata de repercutirlo al siguiente, desde los importadores hasta los propietarios de negocios y el consumidor final.<\/p>\n<h2 style=\"text-align: justify\">Malas cosechas<\/h2>\n<p style=\"text-align: justify\">Las sequ\u00edas prolongadas originan una bajada de la producci\u00f3n del grano de caf\u00e9, as\u00ed como otras condiciones clim\u00e1ticas como las heladas repentinas y potentes huracanes que afectan cada vez m\u00e1s a la franja tropical del planeta donde se cultiva.<\/p>\n<p style=\"text-align: justify\">Desde el a\u00f1o 2021 y a causa de condiciones clim\u00e1ticas adversas y falta de agua, la oferta global del grano de caf\u00e9 se est\u00e1 recortando desde el a\u00f1o 2021.<\/p>\n<p style=\"text-align: justify\">Brasil, que produce el 30% del caf\u00e9 mundial, espera cosechar esta primavera un tercio menos de lo normal, indica una nota de RTVE.<\/p>\n","protected":false},"excerpt":{"rendered":"<p>NOTI-AMERICA VENEZUELA El incremento en la demanda, sobre todo en el mercado asi\u00e1tico, es una de las razones que sustentan la subida de precios de este grano. El precio internacional del caf\u00e9 se ha&#46;&#46;&#46;<\/p>\n","protected":false},"author":1,"featured_media":43037,"comment_status":"open","ping_status":"open","sticky":false,"template":"","format":"standard","meta":{"_acf_changed":false,"om_disable_all_campaigns":false,"rop_custom_images_group":[],"rop_custom_messages_group":[],"rop_publish_now":"initial","rop_publish_now_accounts":{"twitter_242054905_242054905":""},"rop_publish_now_history":[],"rop_publish_now_status":"pending","_uf_show_specific_survey":0,"_uf_disable_surveys":false,"footnotes":""},"categories":[132],"tags":[],"class_list":["post-43036","post","type-post","status-publish","format-standard","has-post-thumbnail","hentry","category-actualidad"],"acf":[],"aioseo_notices":[],"yoast_head":"<!-- This site is optimized with the Yoast SEO Premium plugin v24.9 (Yoast SEO v27.2) - https:\/\/yoast.com\/product\/yoast-seo-premium-wordpress\/ -->\n<title>El caf\u00e9 en alza internacional: tres razones que explican la subida de precios - Venezuela | Noti-America.com<\/title>\n<meta name=\"robots\" content=\"index, follow, max-snippet:-1, max-image-preview:large, max-video-preview:-1\" \/>\n<link rel=\"canonical\" href=\"https:\/\/noti-america.com\/site\/venezuela\/2025\/02\/24\/el-cafe-en-alza-internacional-tres-razones-que-explican-la-subida-de-precios\/\" \/>\n<meta property=\"og:locale\" content=\"es_ES\" \/>\n<meta property=\"og:type\" content=\"article\" \/>\n<meta property=\"og:title\" content=\"El caf\u00e9 en alza internacional: tres razones que explican la subida de precios\" \/>\n<meta property=\"og:description\" content=\"NOTI-AMERICA VENEZUELA El incremento en la demanda, sobre todo en el mercado asi\u00e1tico, es una de las razones que sustentan la subida de precios de este grano. El precio internacional del caf\u00e9 se ha&#046;&#046;&#046;\" \/>\n<meta property=\"og:url\" content=\"https:\/\/noti-america.com\/site\/venezuela\/2025\/02\/24\/el-cafe-en-alza-internacional-tres-razones-que-explican-la-subida-de-precios\/\" \/>\n<meta property=\"og:site_name\" content=\"Venezuela | Noti-America.com\" \/>\n<meta property=\"article:published_time\" content=\"2025-02-24T11:46:35+00:00\" \/>\n<meta property=\"og:image\" content=\"https:\/\/noti-america.com\/site\/venezuela\/wp-content\/uploads\/sites\/2\/2025\/02\/tsize_600x400_CafeGranoNueva-1.jpg\" \/>\n\t<meta property=\"og:image:width\" content=\"600\" \/>\n\t<meta property=\"og:image:height\" content=\"400\" \/>\n\t<meta property=\"og:image:type\" content=\"image\/jpeg\" \/>\n<meta name=\"author\" content=\"Rosmer Herrera\" \/>\n<meta name=\"twitter:card\" content=\"summary_large_image\" \/>\n<meta name=\"twitter:label1\" content=\"Escrito por\" \/>\n\t<meta name=\"twitter:data1\" content=\"Rosmer Herrera\" \/>\n\t<meta name=\"twitter:label2\" content=\"Tiempo estimado de lectura\" \/>\n\t<meta name=\"twitter:data2\" content=\"2 minutos\" \/>\n<script type=\"application\/ld+json\" class=\"yoast-schema-graph\">{\"@context\":\"https:\/\/schema.org\",\"@graph\":[{\"@type\":\"Article\",\"@id\":\"https:\/\/noti-america.com\/site\/venezuela\/2025\/02\/24\/el-cafe-en-alza-internacional-tres-razones-que-explican-la-subida-de-precios\/#article\",\"isPartOf\":{\"@id\":\"https:\/\/noti-america.com\/site\/venezuela\/2025\/02\/24\/el-cafe-en-alza-internacional-tres-razones-que-explican-la-subida-de-precios\/\"},\"author\":{\"name\":\"Rosmer Herrera\",\"@id\":\"https:\/\/noti-america.com\/site\/venezuela\/#\/schema\/person\/fd58dbfb92a257e9dc5761bf69a855ff\"},\"headline\":\"El caf\u00e9 en alza internacional: tres razones que explican la subida de precios\",\"datePublished\":\"2025-02-24T11:46:35+00:00\",\"mainEntityOfPage\":{\"@id\":\"https:\/\/noti-america.com\/site\/venezuela\/2025\/02\/24\/el-cafe-en-alza-internacional-tres-razones-que-explican-la-subida-de-precios\/\"},\"wordCount\":424,\"commentCount\":0,\"publisher\":{\"@id\":\"https:\/\/noti-america.com\/site\/venezuela\/#organization\"},\"image\":{\"@id\":\"https:\/\/noti-america.com\/site\/venezuela\/2025\/02\/24\/el-cafe-en-alza-internacional-tres-razones-que-explican-la-subida-de-precios\/#primaryimage\"},\"thumbnailUrl\":\"https:\/\/noti-america.com\/site\/venezuela\/wp-content\/uploads\/sites\/2\/2025\/02\/tsize_600x400_CafeGranoNueva-1.jpg\",\"articleSection\":[\"Actualidad\"],\"inLanguage\":\"es\",\"potentialAction\":[{\"@type\":\"CommentAction\",\"name\":\"Comment\",\"target\":[\"https:\/\/noti-america.com\/site\/venezuela\/2025\/02\/24\/el-cafe-en-alza-internacional-tres-razones-que-explican-la-subida-de-precios\/#respond\"]}]},{\"@type\":\"WebPage\",\"@id\":\"https:\/\/noti-america.com\/site\/venezuela\/2025\/02\/24\/el-cafe-en-alza-internacional-tres-razones-que-explican-la-subida-de-precios\/\",\"url\":\"https:\/\/noti-america.com\/site\/venezuela\/2025\/02\/24\/el-cafe-en-alza-internacional-tres-razones-que-explican-la-subida-de-precios\/\",\"name\":\"El caf\u00e9 en alza internacional: tres razones que explican la subida de precios - Venezuela | Noti-America.com\",\"isPartOf\":{\"@id\":\"https:\/\/noti-america.com\/site\/venezuela\/#website\"},\"primaryImageOfPage\":{\"@id\":\"https:\/\/noti-america.com\/site\/venezuela\/2025\/02\/24\/el-cafe-en-alza-internacional-tres-razones-que-explican-la-subida-de-precios\/#primaryimage\"},\"image\":{\"@id\":\"https:\/\/noti-america.com\/site\/venezuela\/2025\/02\/24\/el-cafe-en-alza-internacional-tres-razones-que-explican-la-subida-de-precios\/#primaryimage\"},\"thumbnailUrl\":\"https:\/\/noti-america.com\/site\/venezuela\/wp-content\/uploads\/sites\/2\/2025\/02\/tsize_600x400_CafeGranoNueva-1.jpg\",\"datePublished\":\"2025-02-24T11:46:35+00:00\",\"breadcrumb\":{\"@id\":\"https:\/\/noti-america.com\/site\/venezuela\/2025\/02\/24\/el-cafe-en-alza-internacional-tres-razones-que-explican-la-subida-de-precios\/#breadcrumb\"},\"inLanguage\":\"es\",\"potentialAction\":[{\"@type\":\"ReadAction\",\"target\":[\"https:\/\/noti-america.com\/site\/venezuela\/2025\/02\/24\/el-cafe-en-alza-internacional-tres-razones-que-explican-la-subida-de-precios\/\"]}]},{\"@type\":\"ImageObject\",\"inLanguage\":\"es\",\"@id\":\"https:\/\/noti-america.com\/site\/venezuela\/2025\/02\/24\/el-cafe-en-alza-internacional-tres-razones-que-explican-la-subida-de-precios\/#primaryimage\",\"url\":\"https:\/\/noti-america.com\/site\/venezuela\/wp-content\/uploads\/sites\/2\/2025\/02\/tsize_600x400_CafeGranoNueva-1.jpg\",\"contentUrl\":\"https:\/\/noti-america.com\/site\/venezuela\/wp-content\/uploads\/sites\/2\/2025\/02\/tsize_600x400_CafeGranoNueva-1.jpg\",\"width\":600,\"height\":400},{\"@type\":\"BreadcrumbList\",\"@id\":\"https:\/\/noti-america.com\/site\/venezuela\/2025\/02\/24\/el-cafe-en-alza-internacional-tres-razones-que-explican-la-subida-de-precios\/#breadcrumb\",\"itemListElement\":[{\"@type\":\"ListItem\",\"position\":1,\"name\":\"Portada\",\"item\":\"https:\/\/noti-america.com\/site\/venezuela\/\"},{\"@type\":\"ListItem\",\"position\":2,\"name\":\"El caf\u00e9 en alza internacional: tres razones que explican la subida de precios\"}]},{\"@type\":\"WebSite\",\"@id\":\"https:\/\/noti-america.com\/site\/venezuela\/#website\",\"url\":\"https:\/\/noti-america.com\/site\/venezuela\/\",\"name\":\"Venezuela | Noti-America.com\",\"description\":\"\",\"publisher\":{\"@id\":\"https:\/\/noti-america.com\/site\/venezuela\/#organization\"},\"potentialAction\":[{\"@type\":\"SearchAction\",\"target\":{\"@type\":\"EntryPoint\",\"urlTemplate\":\"https:\/\/noti-america.com\/site\/venezuela\/?s={search_term_string}\"},\"query-input\":{\"@type\":\"PropertyValueSpecification\",\"valueRequired\":true,\"valueName\":\"search_term_string\"}}],\"inLanguage\":\"es\"},{\"@type\":\"Organization\",\"@id\":\"https:\/\/noti-america.com\/site\/venezuela\/#organization\",\"name\":\"Noti-America LLC | Venezuela\",\"url\":\"https:\/\/noti-america.com\/site\/venezuela\/\",\"logo\":{\"@type\":\"ImageObject\",\"inLanguage\":\"es\",\"@id\":\"https:\/\/noti-america.com\/site\/venezuela\/#\/schema\/logo\/image\/\",\"url\":\"https:\/\/noti-america.com\/site\/venezuela\/wp-content\/uploads\/sites\/2\/2020\/07\/LogoNA-4x3-1.jpg\",\"contentUrl\":\"https:\/\/noti-america.com\/site\/venezuela\/wp-content\/uploads\/sites\/2\/2020\/07\/LogoNA-4x3-1.jpg\",\"width\":1236,\"height\":1080,\"caption\":\"Noti-America LLC | Venezuela\"},\"image\":{\"@id\":\"https:\/\/noti-america.com\/site\/venezuela\/#\/schema\/logo\/image\/\"}},{\"@type\":\"Person\",\"@id\":\"https:\/\/noti-america.com\/site\/venezuela\/#\/schema\/person\/fd58dbfb92a257e9dc5761bf69a855ff\",\"name\":\"Rosmer Herrera\",\"image\":{\"@type\":\"ImageObject\",\"inLanguage\":\"es\",\"@id\":\"https:\/\/secure.gravatar.com\/avatar\/153e75c261394dbf20ff1a1e70ea2be9494f2b40b7fc4e7704084db13220ae08?s=96&d=mm&r=g\",\"url\":\"https:\/\/secure.gravatar.com\/avatar\/153e75c261394dbf20ff1a1e70ea2be9494f2b40b7fc4e7704084db13220ae08?s=96&d=mm&r=g\",\"contentUrl\":\"https:\/\/secure.gravatar.com\/avatar\/153e75c261394dbf20ff1a1e70ea2be9494f2b40b7fc4e7704084db13220ae08?s=96&d=mm&r=g\",\"caption\":\"Rosmer Herrera\"},\"url\":\"https:\/\/noti-america.com\/site\/venezuela\/author\/rosmer33\/\"}]}<\/script>\n<!-- \/ Yoast SEO Premium plugin. -->","yoast_head_json":{"title":"El caf\u00e9 en alza internacional: tres razones que explican la subida de precios - Venezuela | Noti-America.com","robots":{"index":"index","follow":"follow","max-snippet":"max-snippet:-1","max-image-preview":"max-image-preview:large","max-video-preview":"max-video-preview:-1"},"canonical":"https:\/\/noti-america.com\/site\/venezuela\/2025\/02\/24\/el-cafe-en-alza-internacional-tres-razones-que-explican-la-subida-de-precios\/","og_locale":"es_ES","og_type":"article","og_title":"El caf\u00e9 en alza internacional: tres razones que explican la subida de precios","og_description":"NOTI-AMERICA VENEZUELA El incremento en la demanda, sobre todo en el mercado asi\u00e1tico, es una de las razones que sustentan la subida de precios de este grano. El precio internacional del caf\u00e9 se ha&#46;&#46;&#46;","og_url":"https:\/\/noti-america.com\/site\/venezuela\/2025\/02\/24\/el-cafe-en-alza-internacional-tres-razones-que-explican-la-subida-de-precios\/","og_site_name":"Venezuela | Noti-America.com","article_published_time":"2025-02-24T11:46:35+00:00","og_image":[{"width":600,"height":400,"url":"https:\/\/noti-america.com\/site\/venezuela\/wp-content\/uploads\/sites\/2\/2025\/02\/tsize_600x400_CafeGranoNueva-1.jpg","type":"image\/jpeg"}],"author":"Rosmer Herrera","twitter_card":"summary_large_image","twitter_misc":{"Escrito por":"Rosmer Herrera","Tiempo estimado de lectura":"2 minutos"},"schema":{"@context":"https:\/\/schema.org","@graph":[{"@type":"Article","@id":"https:\/\/noti-america.com\/site\/venezuela\/2025\/02\/24\/el-cafe-en-alza-internacional-tres-razones-que-explican-la-subida-de-precios\/#article","isPartOf":{"@id":"https:\/\/noti-america.com\/site\/venezuela\/2025\/02\/24\/el-cafe-en-alza-internacional-tres-razones-que-explican-la-subida-de-precios\/"},"author":{"name":"Rosmer Herrera","@id":"https:\/\/noti-america.com\/site\/venezuela\/#\/schema\/person\/fd58dbfb92a257e9dc5761bf69a855ff"},"headline":"El caf\u00e9 en alza internacional: tres razones que explican la subida de precios","datePublished":"2025-02-24T11:46:35+00:00","mainEntityOfPage":{"@id":"https:\/\/noti-america.com\/site\/venezuela\/2025\/02\/24\/el-cafe-en-alza-internacional-tres-razones-que-explican-la-subida-de-precios\/"},"wordCount":424,"commentCount":0,"publisher":{"@id":"https:\/\/noti-america.com\/site\/venezuela\/#organization"},"image":{"@id":"https:\/\/noti-america.com\/site\/venezuela\/2025\/02\/24\/el-cafe-en-alza-internacional-tres-razones-que-explican-la-subida-de-precios\/#primaryimage"},"thumbnailUrl":"https:\/\/noti-america.com\/site\/venezuela\/wp-content\/uploads\/sites\/2\/2025\/02\/tsize_600x400_CafeGranoNueva-1.jpg","articleSection":["Actualidad"],"inLanguage":"es","potentialAction":[{"@type":"CommentAction","name":"Comment","target":["https:\/\/noti-america.com\/site\/venezuela\/2025\/02\/24\/el-cafe-en-alza-internacional-tres-razones-que-explican-la-subida-de-precios\/#respond"]}]},{"@type":"WebPage","@id":"https:\/\/noti-america.com\/site\/venezuela\/2025\/02\/24\/el-cafe-en-alza-internacional-tres-razones-que-explican-la-subida-de-precios\/","url":"https:\/\/noti-america.com\/site\/venezuela\/2025\/02\/24\/el-cafe-en-alza-internacional-tres-razones-que-explican-la-subida-de-precios\/","name":"El caf\u00e9 en alza internacional: tres razones que explican la subida de precios - Venezuela | Noti-America.com","isPartOf":{"@id":"https:\/\/noti-america.com\/site\/venezuela\/#website"},"primaryImageOfPage":{"@id":"https:\/\/noti-america.com\/site\/venezuela\/2025\/02\/24\/el-cafe-en-alza-internacional-tres-razones-que-explican-la-subida-de-precios\/#primaryimage"},"image":{"@id":"https:\/\/noti-america.com\/site\/venezuela\/2025\/02\/24\/el-cafe-en-alza-internacional-tres-razones-que-explican-la-subida-de-precios\/#primaryimage"},"thumbnailUrl":"https:\/\/noti-america.com\/site\/venezuela\/wp-content\/uploads\/sites\/2\/2025\/02\/tsize_600x400_CafeGranoNueva-1.jpg","datePublished":"2025-02-24T11:46:35+00:00","breadcrumb":{"@id":"https:\/\/noti-america.com\/site\/venezuela\/2025\/02\/24\/el-cafe-en-alza-internacional-tres-razones-que-explican-la-subida-de-precios\/#breadcrumb"},"inLanguage":"es","potentialAction":[{"@type":"ReadAction","target":["https:\/\/noti-america.com\/site\/venezuela\/2025\/02\/24\/el-cafe-en-alza-internacional-tres-razones-que-explican-la-subida-de-precios\/"]}]},{"@type":"ImageObject","inLanguage":"es","@id":"https:\/\/noti-america.com\/site\/venezuela\/2025\/02\/24\/el-cafe-en-alza-internacional-tres-razones-que-explican-la-subida-de-precios\/#primaryimage","url":"https:\/\/noti-america.com\/site\/venezuela\/wp-content\/uploads\/sites\/2\/2025\/02\/tsize_600x400_CafeGranoNueva-1.jpg","contentUrl":"https:\/\/noti-america.com\/site\/venezuela\/wp-content\/uploads\/sites\/2\/2025\/02\/tsize_600x400_CafeGranoNueva-1.jpg","width":600,"height":400},{"@type":"BreadcrumbList","@id":"https:\/\/noti-america.com\/site\/venezuela\/2025\/02\/24\/el-cafe-en-alza-internacional-tres-razones-que-explican-la-subida-de-precios\/#breadcrumb","itemListElement":[{"@type":"ListItem","position":1,"name":"Portada","item":"https:\/\/noti-america.com\/site\/venezuela\/"},{"@type":"ListItem","position":2,"name":"El caf\u00e9 en alza internacional: tres razones que explican la subida de precios"}]},{"@type":"WebSite","@id":"https:\/\/noti-america.com\/site\/venezuela\/#website","url":"https:\/\/noti-america.com\/site\/venezuela\/","name":"Venezuela | Noti-America.com","description":"","publisher":{"@id":"https:\/\/noti-america.com\/site\/venezuela\/#organization"},"potentialAction":[{"@type":"SearchAction","target":{"@type":"EntryPoint","urlTemplate":"https:\/\/noti-america.com\/site\/venezuela\/?s={search_term_string}"},"query-input":{"@type":"PropertyValueSpecification","valueRequired":true,"valueName":"search_term_string"}}],"inLanguage":"es"},{"@type":"Organization","@id":"https:\/\/noti-america.com\/site\/venezuela\/#organization","name":"Noti-America LLC | Venezuela","url":"https:\/\/noti-america.com\/site\/venezuela\/","logo":{"@type":"ImageObject","inLanguage":"es","@id":"https:\/\/noti-america.com\/site\/venezuela\/#\/schema\/logo\/image\/","url":"https:\/\/noti-america.com\/site\/venezuela\/wp-content\/uploads\/sites\/2\/2020\/07\/LogoNA-4x3-1.jpg","contentUrl":"https:\/\/noti-america.com\/site\/venezuela\/wp-content\/uploads\/sites\/2\/2020\/07\/LogoNA-4x3-1.jpg","width":1236,"height":1080,"caption":"Noti-America LLC | Venezuela"},"image":{"@id":"https:\/\/noti-america.com\/site\/venezuela\/#\/schema\/logo\/image\/"}},{"@type":"Person","@id":"https:\/\/noti-america.com\/site\/venezuela\/#\/schema\/person\/fd58dbfb92a257e9dc5761bf69a855ff","name":"Rosmer Herrera","image":{"@type":"ImageObject","inLanguage":"es","@id":"https:\/\/secure.gravatar.com\/avatar\/153e75c261394dbf20ff1a1e70ea2be9494f2b40b7fc4e7704084db13220ae08?s=96&d=mm&r=g","url":"https:\/\/secure.gravatar.com\/avatar\/153e75c261394dbf20ff1a1e70ea2be9494f2b40b7fc4e7704084db13220ae08?s=96&d=mm&r=g","contentUrl":"https:\/\/secure.gravatar.com\/avatar\/153e75c261394dbf20ff1a1e70ea2be9494f2b40b7fc4e7704084db13220ae08?s=96&d=mm&r=g","caption":"Rosmer Herrera"},"url":"https:\/\/noti-america.com\/site\/venezuela\/author\/rosmer33\/"}]}},"_links":{"self":[{"href":"https:\/\/noti-america.com\/site\/venezuela\/wp-json\/wp\/v2\/posts\/43036","targetHints":{"allow":["GET"]}}],"collection":[{"href":"https:\/\/noti-america.com\/site\/venezuela\/wp-json\/wp\/v2\/posts"}],"about":[{"href":"https:\/\/noti-america.com\/site\/venezuela\/wp-json\/wp\/v2\/types\/post"}],"author":[{"embeddable":true,"href":"https:\/\/noti-america.com\/site\/venezuela\/wp-json\/wp\/v2\/users\/1"}],"replies":[{"embeddable":true,"href":"https:\/\/noti-america.com\/site\/venezuela\/wp-json\/wp\/v2\/comments?post=43036"}],"version-history":[{"count":1,"href":"https:\/\/noti-america.com\/site\/venezuela\/wp-json\/wp\/v2\/posts\/43036\/revisions"}],"predecessor-version":[{"id":43038,"href":"https:\/\/noti-america.com\/site\/venezuela\/wp-json\/wp\/v2\/posts\/43036\/revisions\/43038"}],"wp:featuredmedia":[{"embeddable":true,"href":"https:\/\/noti-america.com\/site\/venezuela\/wp-json\/wp\/v2\/media\/43037"}],"wp:attachment":[{"href":"https:\/\/noti-america.com\/site\/venezuela\/wp-json\/wp\/v2\/media?parent=43036"}],"wp:term":[{"taxonomy":"category","embeddable":true,"href":"https:\/\/noti-america.com\/site\/venezuela\/wp-json\/wp\/v2\/categories?post=43036"},{"taxonomy":"post_tag","embeddable":true,"href":"https:\/\/noti-america.com\/site\/venezuela\/wp-json\/wp\/v2\/tags?post=43036"}],"curies":[{"name":"wp","href":"https:\/\/api.w.org\/{rel}","templated":true}]}}