{"id":42735,"date":"2025-02-04T15:55:47","date_gmt":"2025-02-04T15:55:47","guid":{"rendered":"https:\/\/noti-america.com\/site\/venezuela\/?p=42735"},"modified":"2025-02-04T15:55:47","modified_gmt":"2025-02-04T15:55:47","slug":"retornan-racionamientos-electricos-en-venezuela","status":"publish","type":"post","link":"https:\/\/noti-america.com\/site\/venezuela\/2025\/02\/04\/retornan-racionamientos-electricos-en-venezuela\/","title":{"rendered":"Retornan racionamientos el\u00e9ctricos en Venezuela"},"content":{"rendered":"<p>Qui\u00e9n le pone el casacabel al felino que se cruza por el sistema el\u00e9ctrico en el territorio venezolano. El Sistema El\u00e9ctrico Nacional (SEN) de Venezuela encargado de transmitir energ\u00eda el\u00e9ctrica y distribuir desde las centrales hidroel\u00e9ctricas y termoel\u00e9ctricas hacia las ciudades vuelve a presentar severas fallas y efectuar racionamientos en todo el pa\u00eds, iniciado el a\u00f1o 2025.<\/p>\n<p>Las quejas y malestar de la poblaci\u00f3n por los cortes de\u00a0 m\u00e1s de 5 fluctuaciones diarias crean temor por la p\u00e9rdida y da\u00f1o de equipos, aparte de dejar vac\u00edos en horas laborales.<\/p>\n<p>En la ciudad de Barquisimeto, as\u00ed como en San Crist\u00f3bal, este 2 y 3 de febrero se registraron m\u00e1s de 5 cortes durante el d\u00eda, con espacios de 2 y 3 horas cont\u00ednuas, con diferencias de espacio tiempo en diversos sectores, en horas de la noche del lunes cerca desde las 7:00 pm hasta las 11:00 en la parte alta de la ciudad de San Crist\u00f3bal, sumando la repetici\u00f3n de la suspenci\u00f3n por m\u00e1s de 3 horas en la madrugada del martes, situaci\u00f3n que se viene presentando desde\u00a0 hace varias semanas atr\u00e1s.<\/p>\n<p>Las afectaciones por suspenci\u00f3n del servicio se vienen registrando en todo el territorio, lo que tiene en alerta a la poblaci\u00f3n por los da\u00f1os que esto est\u00e1 ocasionando, ya que las fluctuaciones entre bajas y altas subidas de energ\u00eda queman los protectores y artefactos el\u00e9ctricos.<\/p>\n<p>La ciudadan\u00eda ya resignada, en su opini\u00f3n destaca que esto es porque \u00abseguramente\u00bb van a normalizar nuevamente los cortes acostumbrados que se efectuaban en la localidad, se\u00f1al\u00f3 una dama en San Crist\u00f3bal quien con tristeza explic\u00f3 que se quemaron sus protectores, de la nevera y lavadora.<\/p>\n<p>Cabe destacar que no existe pronunciamiento de parte de las autoridades que confirmen si se retomar\u00e1n medidas de racionamiento el\u00e9ctrico nuevamente.<\/p>\n<p style=\"text-align: justify\">Los \u00faltimos apagones durante los meses de agosto a octubre del pasado 2024 fueron las que desencadenaron una serie de especulaciones acerca de la debilidades del SEN, sin embargo las autoridades dieron explicaciones y adelantaron estar mejorando las condiciones con cambios y reparaciones.<\/p>\n<p style=\"text-align: justify\">No obstante, luego de estos recientes insidentes la poblaci\u00f3n se muestra inquieta y con desaliento ya que esto inferie directamente en el desempe\u00f1o laboral, comercial, estudiantil, y dem\u00e1s servicios en general.<\/p>\n<p>Aunque las repetitivas historias de los incidentes que ocasionan estas fallas tienen similitud con las que se vienen asumiendo desde hace mas de 7 a\u00f1os, el temor por continuar con este dilema el\u00e9ctrico desmoraliza a la ciudadan\u00eda que aspira ver mejor\u00eda en el desarrollo econ\u00f3mico del pa\u00eds.<\/p>\n<div style=\"width: 327px\" class=\"wp-caption aligncenter\"><img loading=\"lazy\" decoding=\"async\" src=\"https:\/\/encrypted-tbn0.gstatic.com\/images?q=tbn:ANd9GcRcJJ6SoDX7vWzyvA47TkOW2kMbqihs7bGrig&amp;s\" alt=\"Seg\u00fan Comit\u00e9 de Afectados Venezuela sufri\u00f3 casi 900 fallas el\u00e9ctricas m\u00e1s  en abril - Standard Digital News | Noticias de Maracaibo Venezuela y el  Mundo\" width=\"317\" height=\"159\" \/><p class=\"wp-caption-text\">foto de referencia<\/p><\/div>\n<p style=\"text-align: justify\">El llamado de acuerdo a las declaraciones y opiniones de m\u00faltiples ciudadanos, es dirigido a las instancias y autoridades gubernamentales centrales para que definan la importancia de invertir en las mejoras del SEN, en funci\u00f3n de entender y establecer con firmeza que de ello depende el proceso de desarrollo econ\u00f3mico que requiere Venezuela.<\/p>\n<p>&nbsp;<\/p>\n","protected":false},"excerpt":{"rendered":"<p>Qui\u00e9n le pone el casacabel al felino que se cruza por el sistema el\u00e9ctrico en el territorio venezolano. El Sistema El\u00e9ctrico Nacional (SEN) de Venezuela encargado de transmitir energ\u00eda el\u00e9ctrica y distribuir desde las&#46;&#46;&#46;<\/p>\n","protected":false},"author":11,"featured_media":42742,"comment_status":"open","ping_status":"open","sticky":false,"template":"","format":"standard","meta":{"_acf_changed":false,"om_disable_all_campaigns":false,"rop_custom_images_group":[],"rop_custom_messages_group":[],"rop_publish_now":"initial","rop_publish_now_accounts":{"twitter_242054905_242054905":""},"rop_publish_now_history":[],"rop_publish_now_status":"pending","_uf_show_specific_survey":0,"_uf_disable_surveys":false,"footnotes":""},"categories":[204,156],"tags":[],"class_list":["post-42735","post","type-post","status-publish","format-standard","has-post-thumbnail","hentry","category-nacionales","category-venezuela"],"acf":[],"aioseo_notices":[],"yoast_head":"<!-- This site is optimized with the Yoast SEO Premium plugin v24.9 (Yoast SEO v27.2) - https:\/\/yoast.com\/product\/yoast-seo-premium-wordpress\/ -->\n<title>Retornan racionamientos el\u00e9ctricos en Venezuela - Venezuela | Noti-America.com<\/title>\n<meta name=\"robots\" content=\"index, follow, max-snippet:-1, max-image-preview:large, max-video-preview:-1\" \/>\n<link rel=\"canonical\" href=\"https:\/\/noti-america.com\/site\/venezuela\/2025\/02\/04\/retornan-racionamientos-electricos-en-venezuela\/\" \/>\n<meta property=\"og:locale\" content=\"es_ES\" \/>\n<meta property=\"og:type\" content=\"article\" \/>\n<meta property=\"og:title\" content=\"Retornan racionamientos el\u00e9ctricos en Venezuela\" \/>\n<meta property=\"og:description\" content=\"Qui\u00e9n le pone el casacabel al felino que se cruza por el sistema el\u00e9ctrico en el territorio venezolano. El Sistema El\u00e9ctrico Nacional (SEN) de Venezuela encargado de transmitir energ\u00eda el\u00e9ctrica y distribuir desde las&#046;&#046;&#046;\" \/>\n<meta property=\"og:url\" content=\"https:\/\/noti-america.com\/site\/venezuela\/2025\/02\/04\/retornan-racionamientos-electricos-en-venezuela\/\" \/>\n<meta property=\"og:site_name\" content=\"Venezuela | Noti-America.com\" \/>\n<meta property=\"article:published_time\" content=\"2025-02-04T15:55:47+00:00\" \/>\n<meta property=\"og:image\" content=\"https:\/\/noti-america.com\/site\/venezuela\/wp-content\/uploads\/sites\/2\/2025\/02\/sin-luz.jpg\" \/>\n\t<meta property=\"og:image:width\" content=\"1920\" \/>\n\t<meta property=\"og:image:height\" content=\"1280\" \/>\n\t<meta property=\"og:image:type\" content=\"image\/jpeg\" \/>\n<meta name=\"author\" content=\"Yliana Duque\" \/>\n<meta name=\"twitter:card\" content=\"summary_large_image\" \/>\n<meta name=\"twitter:creator\" content=\"@ylianaduque\" \/>\n<meta name=\"twitter:label1\" content=\"Escrito por\" \/>\n\t<meta name=\"twitter:data1\" content=\"Yliana Duque\" \/>\n\t<meta name=\"twitter:label2\" content=\"Tiempo estimado de lectura\" \/>\n\t<meta name=\"twitter:data2\" content=\"3 minutos\" \/>\n<script type=\"application\/ld+json\" class=\"yoast-schema-graph\">{\"@context\":\"https:\/\/schema.org\",\"@graph\":[{\"@type\":\"Article\",\"@id\":\"https:\/\/noti-america.com\/site\/venezuela\/2025\/02\/04\/retornan-racionamientos-electricos-en-venezuela\/#article\",\"isPartOf\":{\"@id\":\"https:\/\/noti-america.com\/site\/venezuela\/2025\/02\/04\/retornan-racionamientos-electricos-en-venezuela\/\"},\"author\":{\"name\":\"Yliana Duque\",\"@id\":\"https:\/\/noti-america.com\/site\/venezuela\/#\/schema\/person\/a166d9d45f249dbd09521fbc2e7342d8\"},\"headline\":\"Retornan racionamientos el\u00e9ctricos en Venezuela\",\"datePublished\":\"2025-02-04T15:55:47+00:00\",\"mainEntityOfPage\":{\"@id\":\"https:\/\/noti-america.com\/site\/venezuela\/2025\/02\/04\/retornan-racionamientos-electricos-en-venezuela\/\"},\"wordCount\":518,\"commentCount\":0,\"publisher\":{\"@id\":\"https:\/\/noti-america.com\/site\/venezuela\/#organization\"},\"image\":{\"@id\":\"https:\/\/noti-america.com\/site\/venezuela\/2025\/02\/04\/retornan-racionamientos-electricos-en-venezuela\/#primaryimage\"},\"thumbnailUrl\":\"https:\/\/noti-america.com\/site\/venezuela\/wp-content\/uploads\/sites\/2\/2025\/02\/sin-luz.jpg\",\"articleSection\":[\"Nacionales\",\"Venezuela\"],\"inLanguage\":\"es\",\"potentialAction\":[{\"@type\":\"CommentAction\",\"name\":\"Comment\",\"target\":[\"https:\/\/noti-america.com\/site\/venezuela\/2025\/02\/04\/retornan-racionamientos-electricos-en-venezuela\/#respond\"]}]},{\"@type\":\"WebPage\",\"@id\":\"https:\/\/noti-america.com\/site\/venezuela\/2025\/02\/04\/retornan-racionamientos-electricos-en-venezuela\/\",\"url\":\"https:\/\/noti-america.com\/site\/venezuela\/2025\/02\/04\/retornan-racionamientos-electricos-en-venezuela\/\",\"name\":\"Retornan racionamientos el\u00e9ctricos en Venezuela - Venezuela | Noti-America.com\",\"isPartOf\":{\"@id\":\"https:\/\/noti-america.com\/site\/venezuela\/#website\"},\"primaryImageOfPage\":{\"@id\":\"https:\/\/noti-america.com\/site\/venezuela\/2025\/02\/04\/retornan-racionamientos-electricos-en-venezuela\/#primaryimage\"},\"image\":{\"@id\":\"https:\/\/noti-america.com\/site\/venezuela\/2025\/02\/04\/retornan-racionamientos-electricos-en-venezuela\/#primaryimage\"},\"thumbnailUrl\":\"https:\/\/noti-america.com\/site\/venezuela\/wp-content\/uploads\/sites\/2\/2025\/02\/sin-luz.jpg\",\"datePublished\":\"2025-02-04T15:55:47+00:00\",\"breadcrumb\":{\"@id\":\"https:\/\/noti-america.com\/site\/venezuela\/2025\/02\/04\/retornan-racionamientos-electricos-en-venezuela\/#breadcrumb\"},\"inLanguage\":\"es\",\"potentialAction\":[{\"@type\":\"ReadAction\",\"target\":[\"https:\/\/noti-america.com\/site\/venezuela\/2025\/02\/04\/retornan-racionamientos-electricos-en-venezuela\/\"]}]},{\"@type\":\"ImageObject\",\"inLanguage\":\"es\",\"@id\":\"https:\/\/noti-america.com\/site\/venezuela\/2025\/02\/04\/retornan-racionamientos-electricos-en-venezuela\/#primaryimage\",\"url\":\"https:\/\/noti-america.com\/site\/venezuela\/wp-content\/uploads\/sites\/2\/2025\/02\/sin-luz.jpg\",\"contentUrl\":\"https:\/\/noti-america.com\/site\/venezuela\/wp-content\/uploads\/sites\/2\/2025\/02\/sin-luz.jpg\",\"width\":1920,\"height\":1280},{\"@type\":\"BreadcrumbList\",\"@id\":\"https:\/\/noti-america.com\/site\/venezuela\/2025\/02\/04\/retornan-racionamientos-electricos-en-venezuela\/#breadcrumb\",\"itemListElement\":[{\"@type\":\"ListItem\",\"position\":1,\"name\":\"Portada\",\"item\":\"https:\/\/noti-america.com\/site\/venezuela\/\"},{\"@type\":\"ListItem\",\"position\":2,\"name\":\"Retornan racionamientos el\u00e9ctricos en Venezuela\"}]},{\"@type\":\"WebSite\",\"@id\":\"https:\/\/noti-america.com\/site\/venezuela\/#website\",\"url\":\"https:\/\/noti-america.com\/site\/venezuela\/\",\"name\":\"Venezuela | Noti-America.com\",\"description\":\"\",\"publisher\":{\"@id\":\"https:\/\/noti-america.com\/site\/venezuela\/#organization\"},\"potentialAction\":[{\"@type\":\"SearchAction\",\"target\":{\"@type\":\"EntryPoint\",\"urlTemplate\":\"https:\/\/noti-america.com\/site\/venezuela\/?s={search_term_string}\"},\"query-input\":{\"@type\":\"PropertyValueSpecification\",\"valueRequired\":true,\"valueName\":\"search_term_string\"}}],\"inLanguage\":\"es\"},{\"@type\":\"Organization\",\"@id\":\"https:\/\/noti-america.com\/site\/venezuela\/#organization\",\"name\":\"Noti-America LLC | Venezuela\",\"url\":\"https:\/\/noti-america.com\/site\/venezuela\/\",\"logo\":{\"@type\":\"ImageObject\",\"inLanguage\":\"es\",\"@id\":\"https:\/\/noti-america.com\/site\/venezuela\/#\/schema\/logo\/image\/\",\"url\":\"https:\/\/noti-america.com\/site\/venezuela\/wp-content\/uploads\/sites\/2\/2020\/07\/LogoNA-4x3-1.jpg\",\"contentUrl\":\"https:\/\/noti-america.com\/site\/venezuela\/wp-content\/uploads\/sites\/2\/2020\/07\/LogoNA-4x3-1.jpg\",\"width\":1236,\"height\":1080,\"caption\":\"Noti-America LLC | Venezuela\"},\"image\":{\"@id\":\"https:\/\/noti-america.com\/site\/venezuela\/#\/schema\/logo\/image\/\"}},{\"@type\":\"Person\",\"@id\":\"https:\/\/noti-america.com\/site\/venezuela\/#\/schema\/person\/a166d9d45f249dbd09521fbc2e7342d8\",\"name\":\"Yliana Duque\",\"image\":{\"@type\":\"ImageObject\",\"inLanguage\":\"es\",\"@id\":\"https:\/\/secure.gravatar.com\/avatar\/8caf2a4035762b3be44c3a0455581febe2d5273a41ac40dacc575b8aa348fe65?s=96&d=mm&r=g\",\"url\":\"https:\/\/secure.gravatar.com\/avatar\/8caf2a4035762b3be44c3a0455581febe2d5273a41ac40dacc575b8aa348fe65?s=96&d=mm&r=g\",\"contentUrl\":\"https:\/\/secure.gravatar.com\/avatar\/8caf2a4035762b3be44c3a0455581febe2d5273a41ac40dacc575b8aa348fe65?s=96&d=mm&r=g\",\"caption\":\"Yliana Duque\"},\"description\":\"Ejercer el periodismo requiere de pasi\u00f3n y conocimiento en investigaci\u00f3n de campo. Siempre en la b\u00fasqueda de la verdad para aportar claridad y poder discernir sobre el hecho noticioso. Egresada de la Universidad de los Andes. Maestria en Relaciones Internacionales (UCV). Diplomado de Educaci\u00f3n Superior (Universidad Experimental LIbertador (UPEL), y Educaci\u00f3n superior a distancia (UFT). Estudios de Locuci\u00f3n- Actuaci\u00f3n-Publicidad y Mercadeo, Redes. Subdirectora de relaciones p\u00fablicas de la Asamablea Legislativa del Estado Sucre(1995)-Periodista de TELESOL,Telecaribe (Sucre). Jefe de Prensa de la Gobernaci\u00f3n del Estado Amazonas(1997). Periodista Comandancia General del Ej\u00e9rcito, Fuerte Tiuna (1996). Lider de Proyectos en educaci\u00f3n Superior en la Universidad Ferm\u00edn Toro (UFT) (2000). Docente Universitario UFT (2002-2007)-Docente de Educaci\u00f3n Superior a Distancia -titulado. Periodista Diario El Informador. Periodista en Apoyo A\u00e9reo de la Guardia Nacional, Aeropuerto Jacinto Lara. www.Noti-america.com (Venezuela)\",\"sameAs\":[\"https:\/\/x.com\/ylianaduque\"],\"url\":\"https:\/\/noti-america.com\/site\/venezuela\/author\/yduque\/\"}]}<\/script>\n<!-- \/ Yoast SEO Premium plugin. -->","yoast_head_json":{"title":"Retornan racionamientos el\u00e9ctricos en Venezuela - Venezuela | Noti-America.com","robots":{"index":"index","follow":"follow","max-snippet":"max-snippet:-1","max-image-preview":"max-image-preview:large","max-video-preview":"max-video-preview:-1"},"canonical":"https:\/\/noti-america.com\/site\/venezuela\/2025\/02\/04\/retornan-racionamientos-electricos-en-venezuela\/","og_locale":"es_ES","og_type":"article","og_title":"Retornan racionamientos el\u00e9ctricos en Venezuela","og_description":"Qui\u00e9n le pone el casacabel al felino que se cruza por el sistema el\u00e9ctrico en el territorio venezolano. El Sistema El\u00e9ctrico Nacional (SEN) de Venezuela encargado de transmitir energ\u00eda el\u00e9ctrica y distribuir desde las&#46;&#46;&#46;","og_url":"https:\/\/noti-america.com\/site\/venezuela\/2025\/02\/04\/retornan-racionamientos-electricos-en-venezuela\/","og_site_name":"Venezuela | Noti-America.com","article_published_time":"2025-02-04T15:55:47+00:00","og_image":[{"width":1920,"height":1280,"url":"https:\/\/noti-america.com\/site\/venezuela\/wp-content\/uploads\/sites\/2\/2025\/02\/sin-luz.jpg","type":"image\/jpeg"}],"author":"Yliana Duque","twitter_card":"summary_large_image","twitter_creator":"@ylianaduque","twitter_misc":{"Escrito por":"Yliana Duque","Tiempo estimado de lectura":"3 minutos"},"schema":{"@context":"https:\/\/schema.org","@graph":[{"@type":"Article","@id":"https:\/\/noti-america.com\/site\/venezuela\/2025\/02\/04\/retornan-racionamientos-electricos-en-venezuela\/#article","isPartOf":{"@id":"https:\/\/noti-america.com\/site\/venezuela\/2025\/02\/04\/retornan-racionamientos-electricos-en-venezuela\/"},"author":{"name":"Yliana Duque","@id":"https:\/\/noti-america.com\/site\/venezuela\/#\/schema\/person\/a166d9d45f249dbd09521fbc2e7342d8"},"headline":"Retornan racionamientos el\u00e9ctricos en Venezuela","datePublished":"2025-02-04T15:55:47+00:00","mainEntityOfPage":{"@id":"https:\/\/noti-america.com\/site\/venezuela\/2025\/02\/04\/retornan-racionamientos-electricos-en-venezuela\/"},"wordCount":518,"commentCount":0,"publisher":{"@id":"https:\/\/noti-america.com\/site\/venezuela\/#organization"},"image":{"@id":"https:\/\/noti-america.com\/site\/venezuela\/2025\/02\/04\/retornan-racionamientos-electricos-en-venezuela\/#primaryimage"},"thumbnailUrl":"https:\/\/noti-america.com\/site\/venezuela\/wp-content\/uploads\/sites\/2\/2025\/02\/sin-luz.jpg","articleSection":["Nacionales","Venezuela"],"inLanguage":"es","potentialAction":[{"@type":"CommentAction","name":"Comment","target":["https:\/\/noti-america.com\/site\/venezuela\/2025\/02\/04\/retornan-racionamientos-electricos-en-venezuela\/#respond"]}]},{"@type":"WebPage","@id":"https:\/\/noti-america.com\/site\/venezuela\/2025\/02\/04\/retornan-racionamientos-electricos-en-venezuela\/","url":"https:\/\/noti-america.com\/site\/venezuela\/2025\/02\/04\/retornan-racionamientos-electricos-en-venezuela\/","name":"Retornan racionamientos el\u00e9ctricos en Venezuela - Venezuela | Noti-America.com","isPartOf":{"@id":"https:\/\/noti-america.com\/site\/venezuela\/#website"},"primaryImageOfPage":{"@id":"https:\/\/noti-america.com\/site\/venezuela\/2025\/02\/04\/retornan-racionamientos-electricos-en-venezuela\/#primaryimage"},"image":{"@id":"https:\/\/noti-america.com\/site\/venezuela\/2025\/02\/04\/retornan-racionamientos-electricos-en-venezuela\/#primaryimage"},"thumbnailUrl":"https:\/\/noti-america.com\/site\/venezuela\/wp-content\/uploads\/sites\/2\/2025\/02\/sin-luz.jpg","datePublished":"2025-02-04T15:55:47+00:00","breadcrumb":{"@id":"https:\/\/noti-america.com\/site\/venezuela\/2025\/02\/04\/retornan-racionamientos-electricos-en-venezuela\/#breadcrumb"},"inLanguage":"es","potentialAction":[{"@type":"ReadAction","target":["https:\/\/noti-america.com\/site\/venezuela\/2025\/02\/04\/retornan-racionamientos-electricos-en-venezuela\/"]}]},{"@type":"ImageObject","inLanguage":"es","@id":"https:\/\/noti-america.com\/site\/venezuela\/2025\/02\/04\/retornan-racionamientos-electricos-en-venezuela\/#primaryimage","url":"https:\/\/noti-america.com\/site\/venezuela\/wp-content\/uploads\/sites\/2\/2025\/02\/sin-luz.jpg","contentUrl":"https:\/\/noti-america.com\/site\/venezuela\/wp-content\/uploads\/sites\/2\/2025\/02\/sin-luz.jpg","width":1920,"height":1280},{"@type":"BreadcrumbList","@id":"https:\/\/noti-america.com\/site\/venezuela\/2025\/02\/04\/retornan-racionamientos-electricos-en-venezuela\/#breadcrumb","itemListElement":[{"@type":"ListItem","position":1,"name":"Portada","item":"https:\/\/noti-america.com\/site\/venezuela\/"},{"@type":"ListItem","position":2,"name":"Retornan racionamientos el\u00e9ctricos en Venezuela"}]},{"@type":"WebSite","@id":"https:\/\/noti-america.com\/site\/venezuela\/#website","url":"https:\/\/noti-america.com\/site\/venezuela\/","name":"Venezuela | Noti-America.com","description":"","publisher":{"@id":"https:\/\/noti-america.com\/site\/venezuela\/#organization"},"potentialAction":[{"@type":"SearchAction","target":{"@type":"EntryPoint","urlTemplate":"https:\/\/noti-america.com\/site\/venezuela\/?s={search_term_string}"},"query-input":{"@type":"PropertyValueSpecification","valueRequired":true,"valueName":"search_term_string"}}],"inLanguage":"es"},{"@type":"Organization","@id":"https:\/\/noti-america.com\/site\/venezuela\/#organization","name":"Noti-America LLC | Venezuela","url":"https:\/\/noti-america.com\/site\/venezuela\/","logo":{"@type":"ImageObject","inLanguage":"es","@id":"https:\/\/noti-america.com\/site\/venezuela\/#\/schema\/logo\/image\/","url":"https:\/\/noti-america.com\/site\/venezuela\/wp-content\/uploads\/sites\/2\/2020\/07\/LogoNA-4x3-1.jpg","contentUrl":"https:\/\/noti-america.com\/site\/venezuela\/wp-content\/uploads\/sites\/2\/2020\/07\/LogoNA-4x3-1.jpg","width":1236,"height":1080,"caption":"Noti-America LLC | Venezuela"},"image":{"@id":"https:\/\/noti-america.com\/site\/venezuela\/#\/schema\/logo\/image\/"}},{"@type":"Person","@id":"https:\/\/noti-america.com\/site\/venezuela\/#\/schema\/person\/a166d9d45f249dbd09521fbc2e7342d8","name":"Yliana Duque","image":{"@type":"ImageObject","inLanguage":"es","@id":"https:\/\/secure.gravatar.com\/avatar\/8caf2a4035762b3be44c3a0455581febe2d5273a41ac40dacc575b8aa348fe65?s=96&d=mm&r=g","url":"https:\/\/secure.gravatar.com\/avatar\/8caf2a4035762b3be44c3a0455581febe2d5273a41ac40dacc575b8aa348fe65?s=96&d=mm&r=g","contentUrl":"https:\/\/secure.gravatar.com\/avatar\/8caf2a4035762b3be44c3a0455581febe2d5273a41ac40dacc575b8aa348fe65?s=96&d=mm&r=g","caption":"Yliana Duque"},"description":"Ejercer el periodismo requiere de pasi\u00f3n y conocimiento en investigaci\u00f3n de campo. Siempre en la b\u00fasqueda de la verdad para aportar claridad y poder discernir sobre el hecho noticioso. Egresada de la Universidad de los Andes. Maestria en Relaciones Internacionales (UCV). Diplomado de Educaci\u00f3n Superior (Universidad Experimental LIbertador (UPEL), y Educaci\u00f3n superior a distancia (UFT). Estudios de Locuci\u00f3n- Actuaci\u00f3n-Publicidad y Mercadeo, Redes. Subdirectora de relaciones p\u00fablicas de la Asamablea Legislativa del Estado Sucre(1995)-Periodista de TELESOL,Telecaribe (Sucre). Jefe de Prensa de la Gobernaci\u00f3n del Estado Amazonas(1997). Periodista Comandancia General del Ej\u00e9rcito, Fuerte Tiuna (1996). Lider de Proyectos en educaci\u00f3n Superior en la Universidad Ferm\u00edn Toro (UFT) (2000). Docente Universitario UFT (2002-2007)-Docente de Educaci\u00f3n Superior a Distancia -titulado. Periodista Diario El Informador. Periodista en Apoyo A\u00e9reo de la Guardia Nacional, Aeropuerto Jacinto Lara. www.Noti-america.com (Venezuela)","sameAs":["https:\/\/x.com\/ylianaduque"],"url":"https:\/\/noti-america.com\/site\/venezuela\/author\/yduque\/"}]}},"_links":{"self":[{"href":"https:\/\/noti-america.com\/site\/venezuela\/wp-json\/wp\/v2\/posts\/42735","targetHints":{"allow":["GET"]}}],"collection":[{"href":"https:\/\/noti-america.com\/site\/venezuela\/wp-json\/wp\/v2\/posts"}],"about":[{"href":"https:\/\/noti-america.com\/site\/venezuela\/wp-json\/wp\/v2\/types\/post"}],"author":[{"embeddable":true,"href":"https:\/\/noti-america.com\/site\/venezuela\/wp-json\/wp\/v2\/users\/11"}],"replies":[{"embeddable":true,"href":"https:\/\/noti-america.com\/site\/venezuela\/wp-json\/wp\/v2\/comments?post=42735"}],"version-history":[{"count":3,"href":"https:\/\/noti-america.com\/site\/venezuela\/wp-json\/wp\/v2\/posts\/42735\/revisions"}],"predecessor-version":[{"id":42745,"href":"https:\/\/noti-america.com\/site\/venezuela\/wp-json\/wp\/v2\/posts\/42735\/revisions\/42745"}],"wp:featuredmedia":[{"embeddable":true,"href":"https:\/\/noti-america.com\/site\/venezuela\/wp-json\/wp\/v2\/media\/42742"}],"wp:attachment":[{"href":"https:\/\/noti-america.com\/site\/venezuela\/wp-json\/wp\/v2\/media?parent=42735"}],"wp:term":[{"taxonomy":"category","embeddable":true,"href":"https:\/\/noti-america.com\/site\/venezuela\/wp-json\/wp\/v2\/categories?post=42735"},{"taxonomy":"post_tag","embeddable":true,"href":"https:\/\/noti-america.com\/site\/venezuela\/wp-json\/wp\/v2\/tags?post=42735"}],"curies":[{"name":"wp","href":"https:\/\/api.w.org\/{rel}","templated":true}]}}