{"id":42625,"date":"2025-01-24T15:09:57","date_gmt":"2025-01-24T15:09:57","guid":{"rendered":"https:\/\/noti-america.com\/site\/venezuela\/?p=42625"},"modified":"2025-01-24T19:24:16","modified_gmt":"2025-01-24T19:24:16","slug":"yeimmy-rodriguez-la-modelo-y-empresaria-venezolana-brilla-en-europa","status":"publish","type":"post","link":"https:\/\/noti-america.com\/site\/venezuela\/2025\/01\/24\/yeimmy-rodriguez-la-modelo-y-empresaria-venezolana-brilla-en-europa\/","title":{"rendered":"Yeimmy Rodr\u00edguez: La modelo y empresaria venezolana brilla en Europa"},"content":{"rendered":"<p><strong>NOTI-AMERICA.COM | VENEZUELA<\/strong><\/p>\n<p>La talentosa modelo y empresaria venezolana <strong>Yeimmy Rodr\u00edguez<\/strong> inicia su 2025 con un impacto significativo en Europa. Con su carisma y estilo inconfundible, Yeimmy ha logrado cautivar a sus seguidores a trav\u00e9s de las redes sociales, donde comparte su d\u00eda a d\u00eda y su compromiso con su p\u00fablico.<\/p>\n<p><strong>Un Nuevo Cap\u00edtulo en su Carrera<\/strong><\/p>\n<p>Yeimmy no solo se destaca como influencer, sino que tambi\u00e9n ha demostrado un profundo compromiso con su comunidad. Su presencia en Europa marca un nuevo cap\u00edtulo en su carrera, donde busca expandir su influencia y conectar con un p\u00fablico a\u00fan m\u00e1s amplio.<\/p>\n<p><strong>Compromiso con sus Seguidores<\/strong><\/p>\n<p>A trav\u00e9s de sus plataformas digitales, Yeimmy comparte no solo moda y estilo de vida, sino tambi\u00e9n mensajes de motivaci\u00f3n y empoderamiento. Su autenticidad y dedicaci\u00f3n la han convertido en un referente para muchos, especialmente en tiempos de cambios y desaf\u00edos.<\/p>\n<p>Yeimmy Rodr\u00edguez contin\u00faa demostrando que el talento y la pasi\u00f3n no tienen fronteras. Su viaje en Europa es solo el comienzo de nuevas oportunidades y logros. Estaremos atentos a sus pr\u00f3ximos pasos y a c\u00f3mo seguir\u00e1 inspirando a sus seguidores en todo el mundo.<\/p>\n","protected":false},"excerpt":{"rendered":"<p>NOTI-AMERICA.COM | VENEZUELA La talentosa modelo y empresaria venezolana Yeimmy Rodr\u00edguez inicia su 2025 con un impacto significativo en Europa. Con su carisma y estilo inconfundible, Yeimmy ha logrado cautivar a sus seguidores a&#46;&#46;&#46;<\/p>\n","protected":false},"author":127,"featured_media":42626,"comment_status":"open","ping_status":"open","sticky":false,"template":"","format":"image","meta":{"_acf_changed":false,"om_disable_all_campaigns":false,"rop_custom_images_group":[],"rop_custom_messages_group":[],"rop_publish_now":"initial","rop_publish_now_accounts":{"twitter_242054905_242054905":""},"rop_publish_now_history":[],"rop_publish_now_status":"pending","_uf_show_specific_survey":0,"_uf_disable_surveys":false,"footnotes":""},"categories":[8],"tags":[],"class_list":["post-42625","post","type-post","status-publish","format-image","has-post-thumbnail","hentry","category-arte-y-espectaculos","post_format-post-format-image"],"acf":[],"aioseo_notices":[],"yoast_head":"<!-- This site is optimized with the Yoast SEO Premium plugin v24.9 (Yoast SEO v27.2) - https:\/\/yoast.com\/product\/yoast-seo-premium-wordpress\/ -->\n<title>Yeimmy Rodr\u00edguez: La modelo y empresaria venezolana brilla en Europa - Venezuela | Noti-America.com<\/title>\n<meta name=\"robots\" content=\"index, follow, max-snippet:-1, max-image-preview:large, max-video-preview:-1\" \/>\n<link rel=\"canonical\" href=\"https:\/\/noti-america.com\/site\/venezuela\/2025\/01\/24\/yeimmy-rodriguez-la-modelo-y-empresaria-venezolana-brilla-en-europa\/\" \/>\n<meta property=\"og:locale\" content=\"es_ES\" \/>\n<meta property=\"og:type\" content=\"article\" \/>\n<meta property=\"og:title\" content=\"Yeimmy Rodr\u00edguez: La modelo y empresaria venezolana brilla en Europa\" \/>\n<meta property=\"og:description\" content=\"NOTI-AMERICA.COM | VENEZUELA La talentosa modelo y empresaria venezolana Yeimmy Rodr\u00edguez inicia su 2025 con un impacto significativo en Europa. Con su carisma y estilo inconfundible, Yeimmy ha logrado cautivar a sus seguidores a&#046;&#046;&#046;\" \/>\n<meta property=\"og:url\" content=\"https:\/\/noti-america.com\/site\/venezuela\/2025\/01\/24\/yeimmy-rodriguez-la-modelo-y-empresaria-venezolana-brilla-en-europa\/\" \/>\n<meta property=\"og:site_name\" content=\"Venezuela | Noti-America.com\" \/>\n<meta property=\"article:published_time\" content=\"2025-01-24T15:09:57+00:00\" \/>\n<meta property=\"article:modified_time\" content=\"2025-01-24T19:24:16+00:00\" \/>\n<meta property=\"og:image\" content=\"https:\/\/noti-america.com\/site\/venezuela\/wp-content\/uploads\/sites\/2\/2025\/01\/WhatsApp-Image-2025-01-23-at-7.41.50-PM.jpeg\" \/>\n\t<meta property=\"og:image:width\" content=\"920\" \/>\n\t<meta property=\"og:image:height\" content=\"550\" \/>\n\t<meta property=\"og:image:type\" content=\"image\/jpeg\" \/>\n<meta name=\"author\" content=\"Yoelvzla\" \/>\n<meta name=\"twitter:card\" content=\"summary_large_image\" \/>\n<meta name=\"twitter:label1\" content=\"Escrito por\" \/>\n\t<meta name=\"twitter:data1\" content=\"Yoelvzla\" \/>\n\t<meta name=\"twitter:label2\" content=\"Tiempo estimado de lectura\" \/>\n\t<meta name=\"twitter:data2\" content=\"2 minutos\" \/>\n<script type=\"application\/ld+json\" class=\"yoast-schema-graph\">{\"@context\":\"https:\/\/schema.org\",\"@graph\":[{\"@type\":\"Article\",\"@id\":\"https:\/\/noti-america.com\/site\/venezuela\/2025\/01\/24\/yeimmy-rodriguez-la-modelo-y-empresaria-venezolana-brilla-en-europa\/#article\",\"isPartOf\":{\"@id\":\"https:\/\/noti-america.com\/site\/venezuela\/2025\/01\/24\/yeimmy-rodriguez-la-modelo-y-empresaria-venezolana-brilla-en-europa\/\"},\"author\":{\"name\":\"Yoelvzla\",\"@id\":\"https:\/\/noti-america.com\/site\/venezuela\/#\/schema\/person\/376ccc7b3cc7a8d5a43c3ece07a43857\"},\"headline\":\"Yeimmy Rodr\u00edguez: La modelo y empresaria venezolana brilla en Europa\",\"datePublished\":\"2025-01-24T15:09:57+00:00\",\"dateModified\":\"2025-01-24T19:24:16+00:00\",\"mainEntityOfPage\":{\"@id\":\"https:\/\/noti-america.com\/site\/venezuela\/2025\/01\/24\/yeimmy-rodriguez-la-modelo-y-empresaria-venezolana-brilla-en-europa\/\"},\"wordCount\":219,\"commentCount\":0,\"publisher\":{\"@id\":\"https:\/\/noti-america.com\/site\/venezuela\/#organization\"},\"image\":{\"@id\":\"https:\/\/noti-america.com\/site\/venezuela\/2025\/01\/24\/yeimmy-rodriguez-la-modelo-y-empresaria-venezolana-brilla-en-europa\/#primaryimage\"},\"thumbnailUrl\":\"https:\/\/noti-america.com\/site\/venezuela\/wp-content\/uploads\/sites\/2\/2025\/01\/WhatsApp-Image-2025-01-23-at-7.41.50-PM.jpeg\",\"articleSection\":[\"Arte y Espect\u00e1culos\"],\"inLanguage\":\"es\",\"potentialAction\":[{\"@type\":\"CommentAction\",\"name\":\"Comment\",\"target\":[\"https:\/\/noti-america.com\/site\/venezuela\/2025\/01\/24\/yeimmy-rodriguez-la-modelo-y-empresaria-venezolana-brilla-en-europa\/#respond\"]}]},{\"@type\":\"WebPage\",\"@id\":\"https:\/\/noti-america.com\/site\/venezuela\/2025\/01\/24\/yeimmy-rodriguez-la-modelo-y-empresaria-venezolana-brilla-en-europa\/\",\"url\":\"https:\/\/noti-america.com\/site\/venezuela\/2025\/01\/24\/yeimmy-rodriguez-la-modelo-y-empresaria-venezolana-brilla-en-europa\/\",\"name\":\"Yeimmy Rodr\u00edguez: La modelo y empresaria venezolana brilla en Europa - Venezuela | Noti-America.com\",\"isPartOf\":{\"@id\":\"https:\/\/noti-america.com\/site\/venezuela\/#website\"},\"primaryImageOfPage\":{\"@id\":\"https:\/\/noti-america.com\/site\/venezuela\/2025\/01\/24\/yeimmy-rodriguez-la-modelo-y-empresaria-venezolana-brilla-en-europa\/#primaryimage\"},\"image\":{\"@id\":\"https:\/\/noti-america.com\/site\/venezuela\/2025\/01\/24\/yeimmy-rodriguez-la-modelo-y-empresaria-venezolana-brilla-en-europa\/#primaryimage\"},\"thumbnailUrl\":\"https:\/\/noti-america.com\/site\/venezuela\/wp-content\/uploads\/sites\/2\/2025\/01\/WhatsApp-Image-2025-01-23-at-7.41.50-PM.jpeg\",\"datePublished\":\"2025-01-24T15:09:57+00:00\",\"dateModified\":\"2025-01-24T19:24:16+00:00\",\"breadcrumb\":{\"@id\":\"https:\/\/noti-america.com\/site\/venezuela\/2025\/01\/24\/yeimmy-rodriguez-la-modelo-y-empresaria-venezolana-brilla-en-europa\/#breadcrumb\"},\"inLanguage\":\"es\",\"potentialAction\":[{\"@type\":\"ReadAction\",\"target\":[\"https:\/\/noti-america.com\/site\/venezuela\/2025\/01\/24\/yeimmy-rodriguez-la-modelo-y-empresaria-venezolana-brilla-en-europa\/\"]}]},{\"@type\":\"ImageObject\",\"inLanguage\":\"es\",\"@id\":\"https:\/\/noti-america.com\/site\/venezuela\/2025\/01\/24\/yeimmy-rodriguez-la-modelo-y-empresaria-venezolana-brilla-en-europa\/#primaryimage\",\"url\":\"https:\/\/noti-america.com\/site\/venezuela\/wp-content\/uploads\/sites\/2\/2025\/01\/WhatsApp-Image-2025-01-23-at-7.41.50-PM.jpeg\",\"contentUrl\":\"https:\/\/noti-america.com\/site\/venezuela\/wp-content\/uploads\/sites\/2\/2025\/01\/WhatsApp-Image-2025-01-23-at-7.41.50-PM.jpeg\",\"width\":920,\"height\":550},{\"@type\":\"BreadcrumbList\",\"@id\":\"https:\/\/noti-america.com\/site\/venezuela\/2025\/01\/24\/yeimmy-rodriguez-la-modelo-y-empresaria-venezolana-brilla-en-europa\/#breadcrumb\",\"itemListElement\":[{\"@type\":\"ListItem\",\"position\":1,\"name\":\"Portada\",\"item\":\"https:\/\/noti-america.com\/site\/venezuela\/\"},{\"@type\":\"ListItem\",\"position\":2,\"name\":\"Yeimmy Rodr\u00edguez: La modelo y empresaria venezolana brilla en Europa\"}]},{\"@type\":\"WebSite\",\"@id\":\"https:\/\/noti-america.com\/site\/venezuela\/#website\",\"url\":\"https:\/\/noti-america.com\/site\/venezuela\/\",\"name\":\"Venezuela | Noti-America.com\",\"description\":\"\",\"publisher\":{\"@id\":\"https:\/\/noti-america.com\/site\/venezuela\/#organization\"},\"potentialAction\":[{\"@type\":\"SearchAction\",\"target\":{\"@type\":\"EntryPoint\",\"urlTemplate\":\"https:\/\/noti-america.com\/site\/venezuela\/?s={search_term_string}\"},\"query-input\":{\"@type\":\"PropertyValueSpecification\",\"valueRequired\":true,\"valueName\":\"search_term_string\"}}],\"inLanguage\":\"es\"},{\"@type\":\"Organization\",\"@id\":\"https:\/\/noti-america.com\/site\/venezuela\/#organization\",\"name\":\"Noti-America LLC | Venezuela\",\"url\":\"https:\/\/noti-america.com\/site\/venezuela\/\",\"logo\":{\"@type\":\"ImageObject\",\"inLanguage\":\"es\",\"@id\":\"https:\/\/noti-america.com\/site\/venezuela\/#\/schema\/logo\/image\/\",\"url\":\"https:\/\/noti-america.com\/site\/venezuela\/wp-content\/uploads\/sites\/2\/2020\/07\/LogoNA-4x3-1.jpg\",\"contentUrl\":\"https:\/\/noti-america.com\/site\/venezuela\/wp-content\/uploads\/sites\/2\/2020\/07\/LogoNA-4x3-1.jpg\",\"width\":1236,\"height\":1080,\"caption\":\"Noti-America LLC | Venezuela\"},\"image\":{\"@id\":\"https:\/\/noti-america.com\/site\/venezuela\/#\/schema\/logo\/image\/\"}},{\"@type\":\"Person\",\"@id\":\"https:\/\/noti-america.com\/site\/venezuela\/#\/schema\/person\/376ccc7b3cc7a8d5a43c3ece07a43857\",\"name\":\"Yoelvzla\",\"image\":{\"@type\":\"ImageObject\",\"inLanguage\":\"es\",\"@id\":\"https:\/\/secure.gravatar.com\/avatar\/13a96a72123e0e9aa76fe82e8847f726c63a1c5ef6a8d0fadd844c1a5a83b212?s=96&d=mm&r=g\",\"url\":\"https:\/\/secure.gravatar.com\/avatar\/13a96a72123e0e9aa76fe82e8847f726c63a1c5ef6a8d0fadd844c1a5a83b212?s=96&d=mm&r=g\",\"contentUrl\":\"https:\/\/secure.gravatar.com\/avatar\/13a96a72123e0e9aa76fe82e8847f726c63a1c5ef6a8d0fadd844c1a5a83b212?s=96&d=mm&r=g\",\"caption\":\"Yoelvzla\"},\"url\":\"https:\/\/noti-america.com\/site\/venezuela\/author\/ydiaz\/\"}]}<\/script>\n<!-- \/ Yoast SEO Premium plugin. -->","yoast_head_json":{"title":"Yeimmy Rodr\u00edguez: La modelo y empresaria venezolana brilla en Europa - Venezuela | Noti-America.com","robots":{"index":"index","follow":"follow","max-snippet":"max-snippet:-1","max-image-preview":"max-image-preview:large","max-video-preview":"max-video-preview:-1"},"canonical":"https:\/\/noti-america.com\/site\/venezuela\/2025\/01\/24\/yeimmy-rodriguez-la-modelo-y-empresaria-venezolana-brilla-en-europa\/","og_locale":"es_ES","og_type":"article","og_title":"Yeimmy Rodr\u00edguez: La modelo y empresaria venezolana brilla en Europa","og_description":"NOTI-AMERICA.COM | VENEZUELA La talentosa modelo y empresaria venezolana Yeimmy Rodr\u00edguez inicia su 2025 con un impacto significativo en Europa. Con su carisma y estilo inconfundible, Yeimmy ha logrado cautivar a sus seguidores a&#46;&#46;&#46;","og_url":"https:\/\/noti-america.com\/site\/venezuela\/2025\/01\/24\/yeimmy-rodriguez-la-modelo-y-empresaria-venezolana-brilla-en-europa\/","og_site_name":"Venezuela | Noti-America.com","article_published_time":"2025-01-24T15:09:57+00:00","article_modified_time":"2025-01-24T19:24:16+00:00","og_image":[{"width":920,"height":550,"url":"https:\/\/noti-america.com\/site\/venezuela\/wp-content\/uploads\/sites\/2\/2025\/01\/WhatsApp-Image-2025-01-23-at-7.41.50-PM.jpeg","type":"image\/jpeg"}],"author":"Yoelvzla","twitter_card":"summary_large_image","twitter_misc":{"Escrito por":"Yoelvzla","Tiempo estimado de lectura":"2 minutos"},"schema":{"@context":"https:\/\/schema.org","@graph":[{"@type":"Article","@id":"https:\/\/noti-america.com\/site\/venezuela\/2025\/01\/24\/yeimmy-rodriguez-la-modelo-y-empresaria-venezolana-brilla-en-europa\/#article","isPartOf":{"@id":"https:\/\/noti-america.com\/site\/venezuela\/2025\/01\/24\/yeimmy-rodriguez-la-modelo-y-empresaria-venezolana-brilla-en-europa\/"},"author":{"name":"Yoelvzla","@id":"https:\/\/noti-america.com\/site\/venezuela\/#\/schema\/person\/376ccc7b3cc7a8d5a43c3ece07a43857"},"headline":"Yeimmy Rodr\u00edguez: La modelo y empresaria venezolana brilla en Europa","datePublished":"2025-01-24T15:09:57+00:00","dateModified":"2025-01-24T19:24:16+00:00","mainEntityOfPage":{"@id":"https:\/\/noti-america.com\/site\/venezuela\/2025\/01\/24\/yeimmy-rodriguez-la-modelo-y-empresaria-venezolana-brilla-en-europa\/"},"wordCount":219,"commentCount":0,"publisher":{"@id":"https:\/\/noti-america.com\/site\/venezuela\/#organization"},"image":{"@id":"https:\/\/noti-america.com\/site\/venezuela\/2025\/01\/24\/yeimmy-rodriguez-la-modelo-y-empresaria-venezolana-brilla-en-europa\/#primaryimage"},"thumbnailUrl":"https:\/\/noti-america.com\/site\/venezuela\/wp-content\/uploads\/sites\/2\/2025\/01\/WhatsApp-Image-2025-01-23-at-7.41.50-PM.jpeg","articleSection":["Arte y Espect\u00e1culos"],"inLanguage":"es","potentialAction":[{"@type":"CommentAction","name":"Comment","target":["https:\/\/noti-america.com\/site\/venezuela\/2025\/01\/24\/yeimmy-rodriguez-la-modelo-y-empresaria-venezolana-brilla-en-europa\/#respond"]}]},{"@type":"WebPage","@id":"https:\/\/noti-america.com\/site\/venezuela\/2025\/01\/24\/yeimmy-rodriguez-la-modelo-y-empresaria-venezolana-brilla-en-europa\/","url":"https:\/\/noti-america.com\/site\/venezuela\/2025\/01\/24\/yeimmy-rodriguez-la-modelo-y-empresaria-venezolana-brilla-en-europa\/","name":"Yeimmy Rodr\u00edguez: La modelo y empresaria venezolana brilla en Europa - Venezuela | Noti-America.com","isPartOf":{"@id":"https:\/\/noti-america.com\/site\/venezuela\/#website"},"primaryImageOfPage":{"@id":"https:\/\/noti-america.com\/site\/venezuela\/2025\/01\/24\/yeimmy-rodriguez-la-modelo-y-empresaria-venezolana-brilla-en-europa\/#primaryimage"},"image":{"@id":"https:\/\/noti-america.com\/site\/venezuela\/2025\/01\/24\/yeimmy-rodriguez-la-modelo-y-empresaria-venezolana-brilla-en-europa\/#primaryimage"},"thumbnailUrl":"https:\/\/noti-america.com\/site\/venezuela\/wp-content\/uploads\/sites\/2\/2025\/01\/WhatsApp-Image-2025-01-23-at-7.41.50-PM.jpeg","datePublished":"2025-01-24T15:09:57+00:00","dateModified":"2025-01-24T19:24:16+00:00","breadcrumb":{"@id":"https:\/\/noti-america.com\/site\/venezuela\/2025\/01\/24\/yeimmy-rodriguez-la-modelo-y-empresaria-venezolana-brilla-en-europa\/#breadcrumb"},"inLanguage":"es","potentialAction":[{"@type":"ReadAction","target":["https:\/\/noti-america.com\/site\/venezuela\/2025\/01\/24\/yeimmy-rodriguez-la-modelo-y-empresaria-venezolana-brilla-en-europa\/"]}]},{"@type":"ImageObject","inLanguage":"es","@id":"https:\/\/noti-america.com\/site\/venezuela\/2025\/01\/24\/yeimmy-rodriguez-la-modelo-y-empresaria-venezolana-brilla-en-europa\/#primaryimage","url":"https:\/\/noti-america.com\/site\/venezuela\/wp-content\/uploads\/sites\/2\/2025\/01\/WhatsApp-Image-2025-01-23-at-7.41.50-PM.jpeg","contentUrl":"https:\/\/noti-america.com\/site\/venezuela\/wp-content\/uploads\/sites\/2\/2025\/01\/WhatsApp-Image-2025-01-23-at-7.41.50-PM.jpeg","width":920,"height":550},{"@type":"BreadcrumbList","@id":"https:\/\/noti-america.com\/site\/venezuela\/2025\/01\/24\/yeimmy-rodriguez-la-modelo-y-empresaria-venezolana-brilla-en-europa\/#breadcrumb","itemListElement":[{"@type":"ListItem","position":1,"name":"Portada","item":"https:\/\/noti-america.com\/site\/venezuela\/"},{"@type":"ListItem","position":2,"name":"Yeimmy Rodr\u00edguez: La modelo y empresaria venezolana brilla en Europa"}]},{"@type":"WebSite","@id":"https:\/\/noti-america.com\/site\/venezuela\/#website","url":"https:\/\/noti-america.com\/site\/venezuela\/","name":"Venezuela | Noti-America.com","description":"","publisher":{"@id":"https:\/\/noti-america.com\/site\/venezuela\/#organization"},"potentialAction":[{"@type":"SearchAction","target":{"@type":"EntryPoint","urlTemplate":"https:\/\/noti-america.com\/site\/venezuela\/?s={search_term_string}"},"query-input":{"@type":"PropertyValueSpecification","valueRequired":true,"valueName":"search_term_string"}}],"inLanguage":"es"},{"@type":"Organization","@id":"https:\/\/noti-america.com\/site\/venezuela\/#organization","name":"Noti-America LLC | Venezuela","url":"https:\/\/noti-america.com\/site\/venezuela\/","logo":{"@type":"ImageObject","inLanguage":"es","@id":"https:\/\/noti-america.com\/site\/venezuela\/#\/schema\/logo\/image\/","url":"https:\/\/noti-america.com\/site\/venezuela\/wp-content\/uploads\/sites\/2\/2020\/07\/LogoNA-4x3-1.jpg","contentUrl":"https:\/\/noti-america.com\/site\/venezuela\/wp-content\/uploads\/sites\/2\/2020\/07\/LogoNA-4x3-1.jpg","width":1236,"height":1080,"caption":"Noti-America LLC | Venezuela"},"image":{"@id":"https:\/\/noti-america.com\/site\/venezuela\/#\/schema\/logo\/image\/"}},{"@type":"Person","@id":"https:\/\/noti-america.com\/site\/venezuela\/#\/schema\/person\/376ccc7b3cc7a8d5a43c3ece07a43857","name":"Yoelvzla","image":{"@type":"ImageObject","inLanguage":"es","@id":"https:\/\/secure.gravatar.com\/avatar\/13a96a72123e0e9aa76fe82e8847f726c63a1c5ef6a8d0fadd844c1a5a83b212?s=96&d=mm&r=g","url":"https:\/\/secure.gravatar.com\/avatar\/13a96a72123e0e9aa76fe82e8847f726c63a1c5ef6a8d0fadd844c1a5a83b212?s=96&d=mm&r=g","contentUrl":"https:\/\/secure.gravatar.com\/avatar\/13a96a72123e0e9aa76fe82e8847f726c63a1c5ef6a8d0fadd844c1a5a83b212?s=96&d=mm&r=g","caption":"Yoelvzla"},"url":"https:\/\/noti-america.com\/site\/venezuela\/author\/ydiaz\/"}]}},"_links":{"self":[{"href":"https:\/\/noti-america.com\/site\/venezuela\/wp-json\/wp\/v2\/posts\/42625","targetHints":{"allow":["GET"]}}],"collection":[{"href":"https:\/\/noti-america.com\/site\/venezuela\/wp-json\/wp\/v2\/posts"}],"about":[{"href":"https:\/\/noti-america.com\/site\/venezuela\/wp-json\/wp\/v2\/types\/post"}],"author":[{"embeddable":true,"href":"https:\/\/noti-america.com\/site\/venezuela\/wp-json\/wp\/v2\/users\/127"}],"replies":[{"embeddable":true,"href":"https:\/\/noti-america.com\/site\/venezuela\/wp-json\/wp\/v2\/comments?post=42625"}],"version-history":[{"count":2,"href":"https:\/\/noti-america.com\/site\/venezuela\/wp-json\/wp\/v2\/posts\/42625\/revisions"}],"predecessor-version":[{"id":42638,"href":"https:\/\/noti-america.com\/site\/venezuela\/wp-json\/wp\/v2\/posts\/42625\/revisions\/42638"}],"wp:featuredmedia":[{"embeddable":true,"href":"https:\/\/noti-america.com\/site\/venezuela\/wp-json\/wp\/v2\/media\/42626"}],"wp:attachment":[{"href":"https:\/\/noti-america.com\/site\/venezuela\/wp-json\/wp\/v2\/media?parent=42625"}],"wp:term":[{"taxonomy":"category","embeddable":true,"href":"https:\/\/noti-america.com\/site\/venezuela\/wp-json\/wp\/v2\/categories?post=42625"},{"taxonomy":"post_tag","embeddable":true,"href":"https:\/\/noti-america.com\/site\/venezuela\/wp-json\/wp\/v2\/tags?post=42625"}],"curies":[{"name":"wp","href":"https:\/\/api.w.org\/{rel}","templated":true}]}}