{"id":42431,"date":"2025-01-15T11:42:35","date_gmt":"2025-01-15T11:42:35","guid":{"rendered":"https:\/\/noti-america.com\/site\/venezuela\/?p=42431"},"modified":"2025-01-15T11:42:35","modified_gmt":"2025-01-15T11:42:35","slug":"venezuela-recupera-la-actividad-comercial-normal-tras-varios-dias-bajo-minimos","status":"publish","type":"post","link":"https:\/\/noti-america.com\/site\/venezuela\/2025\/01\/15\/venezuela-recupera-la-actividad-comercial-normal-tras-varios-dias-bajo-minimos\/","title":{"rendered":"Venezuela recupera la actividad comercial normal tras varios d\u00edas bajo m\u00ednimos"},"content":{"rendered":"<p style=\"text-align: justify\">NOTI-AMERICA VENEZUELA<\/p>\n<p style=\"text-align: justify\">Apertura de comercios, incremento en el tr\u00e1fico, tanto de transporte p\u00fablico como de veh\u00edculos particulares y mayor presencia de ciudadanos en las calles fue el panorama en Caracas.<\/p>\n<p style=\"text-align: justify\">Venezuela volvi\u00f3 este martes a una relativa normalidad en la actividad comercial, luego de una semana de escasa actividad econ\u00f3mica y educativa debido, en buena parte, a las protestas chavistas y opositoras previas a la toma de posesi\u00f3n presidencial, con un amplio despliegue militar y policial en las calles, y a la investidura de Nicol\u00e1s Maduro para un tercer mandato consecutivo.<\/p>\n<p style=\"text-align: justify\">El tr\u00e1fico de autobuses de transporte p\u00fablico y de veh\u00edculos particulares regres\u00f3 a las calles y avenidas de Caracas, donde casi todos los comercios retomaron sus actividades, tras varios d\u00edas en los que los \u00fanicos sectores que trabajaron fueron, principalmente, alimentos y farmacias.<\/p>\n<p style=\"text-align: justify\">En las aceras de la capital tambi\u00e9n hubo una mayor circulaci\u00f3n de ciudadanos, entre ellos, alumnos de distintos niveles educativos, que en su mayor\u00eda regresaron a clases una semana despu\u00e9s de la fecha fijada por el Ministerio de Educaci\u00f3n para el retorno a las aulas luego de las vacaciones de fin de a\u00f1o.<\/p>\n<p style=\"text-align: justify\">Kilkeni, una manicurista que se encontraba en un bulevar de Caracas, dijo a EFE que ve una reactivaci\u00f3n econ\u00f3mica \u00abbastante lenta\u00bb debido a que el sector comercio, asegur\u00f3, \u00abno ha estado tan abierto\u00bb, lo que espera que cambie durante el a\u00f1o.<\/p>\n<p style=\"text-align: justify\">En ese sentido, si bien considera que la pol\u00edtica afecta a la econom\u00eda, conf\u00eda en que el pa\u00eds seguir\u00e1 adelante por la capacidad que, se\u00f1al\u00f3, tiene el venezolano para adaptarse a \u00abestar mejor\u00bb.<\/p>\n<p style=\"text-align: justify\">La incertidumbre y expectaci\u00f3n tambi\u00e9n confluyen en el pa\u00eds, que vive una crisis pol\u00edtica luego de las presidenciales de julio, cuando el organismo comicial otorg\u00f3 una cuestionada reelecci\u00f3n a Maduro.<\/p>\n<p style=\"text-align: justify\">Por las calles de Caracas tambi\u00e9n transitaba este martes Antonio Pern\u00eda, un sexagenario que si bien lamenta que Venezuela sea \u00abun pa\u00eds demasiado atrasado\u00bb, guarda la esperanza de que \u00abpoco a poco\u00bb se recupere, lo que, seg\u00fan dijo a EFE, depender\u00e1 tambi\u00e9n del \u00abgranito\u00bb que aporte cada venezolano a su naci\u00f3n, que considera la \u00abm\u00e1s rica\u00bb.<\/p>\n<p style=\"text-align: justify\">Por otra parte, la presencia de funcionarios se mantiene en la calle, aunque, seg\u00fan constat\u00f3 EFE, menos que la semana pasada, cuando hab\u00eda un mayor patrullaje y control policial y militar en distintos puntos de la ciudad.<\/p>\n","protected":false},"excerpt":{"rendered":"<p>NOTI-AMERICA VENEZUELA Apertura de comercios, incremento en el tr\u00e1fico, tanto de transporte p\u00fablico como de veh\u00edculos particulares y mayor presencia de ciudadanos en las calles fue el panorama en Caracas. Venezuela volvi\u00f3 este martes&#46;&#46;&#46;<\/p>\n","protected":false},"author":1,"featured_media":42432,"comment_status":"open","ping_status":"open","sticky":false,"template":"","format":"standard","meta":{"_acf_changed":false,"om_disable_all_campaigns":false,"rop_custom_images_group":[],"rop_custom_messages_group":[],"rop_publish_now":"initial","rop_publish_now_accounts":{"twitter_242054905_242054905":""},"rop_publish_now_history":[],"rop_publish_now_status":"pending","_uf_show_specific_survey":0,"_uf_disable_surveys":false,"footnotes":""},"categories":[5],"tags":[],"class_list":["post-42431","post","type-post","status-publish","format-standard","has-post-thumbnail","hentry","category-economia"],"acf":[],"aioseo_notices":[],"yoast_head":"<!-- This site is optimized with the Yoast SEO Premium plugin v24.9 (Yoast SEO v27.2) - https:\/\/yoast.com\/product\/yoast-seo-premium-wordpress\/ -->\n<title>Venezuela recupera la actividad comercial normal tras varios d\u00edas bajo m\u00ednimos - Venezuela | Noti-America.com<\/title>\n<meta name=\"robots\" content=\"index, follow, max-snippet:-1, max-image-preview:large, max-video-preview:-1\" \/>\n<link rel=\"canonical\" href=\"https:\/\/noti-america.com\/site\/venezuela\/2025\/01\/15\/venezuela-recupera-la-actividad-comercial-normal-tras-varios-dias-bajo-minimos\/\" \/>\n<meta property=\"og:locale\" content=\"es_ES\" \/>\n<meta property=\"og:type\" content=\"article\" \/>\n<meta property=\"og:title\" content=\"Venezuela recupera la actividad comercial normal tras varios d\u00edas bajo m\u00ednimos\" \/>\n<meta property=\"og:description\" content=\"NOTI-AMERICA VENEZUELA Apertura de comercios, incremento en el tr\u00e1fico, tanto de transporte p\u00fablico como de veh\u00edculos particulares y mayor presencia de ciudadanos en las calles fue el panorama en Caracas. Venezuela volvi\u00f3 este martes&#046;&#046;&#046;\" \/>\n<meta property=\"og:url\" content=\"https:\/\/noti-america.com\/site\/venezuela\/2025\/01\/15\/venezuela-recupera-la-actividad-comercial-normal-tras-varios-dias-bajo-minimos\/\" \/>\n<meta property=\"og:site_name\" content=\"Venezuela | Noti-America.com\" \/>\n<meta property=\"article:published_time\" content=\"2025-01-15T11:42:35+00:00\" \/>\n<meta property=\"og:image\" content=\"https:\/\/noti-america.com\/site\/venezuela\/wp-content\/uploads\/sites\/2\/2025\/01\/tsize_600x400_compras.jpg\" \/>\n\t<meta property=\"og:image:width\" content=\"600\" \/>\n\t<meta property=\"og:image:height\" content=\"400\" \/>\n\t<meta property=\"og:image:type\" content=\"image\/jpeg\" \/>\n<meta name=\"author\" content=\"Rosmer Herrera\" \/>\n<meta name=\"twitter:card\" content=\"summary_large_image\" \/>\n<meta name=\"twitter:label1\" content=\"Escrito por\" \/>\n\t<meta name=\"twitter:data1\" content=\"Rosmer Herrera\" \/>\n\t<meta name=\"twitter:label2\" content=\"Tiempo estimado de lectura\" \/>\n\t<meta name=\"twitter:data2\" content=\"2 minutos\" \/>\n<script type=\"application\/ld+json\" class=\"yoast-schema-graph\">{\"@context\":\"https:\/\/schema.org\",\"@graph\":[{\"@type\":\"Article\",\"@id\":\"https:\/\/noti-america.com\/site\/venezuela\/2025\/01\/15\/venezuela-recupera-la-actividad-comercial-normal-tras-varios-dias-bajo-minimos\/#article\",\"isPartOf\":{\"@id\":\"https:\/\/noti-america.com\/site\/venezuela\/2025\/01\/15\/venezuela-recupera-la-actividad-comercial-normal-tras-varios-dias-bajo-minimos\/\"},\"author\":{\"name\":\"Rosmer Herrera\",\"@id\":\"https:\/\/noti-america.com\/site\/venezuela\/#\/schema\/person\/fd58dbfb92a257e9dc5761bf69a855ff\"},\"headline\":\"Venezuela recupera la actividad comercial normal tras varios d\u00edas bajo m\u00ednimos\",\"datePublished\":\"2025-01-15T11:42:35+00:00\",\"mainEntityOfPage\":{\"@id\":\"https:\/\/noti-america.com\/site\/venezuela\/2025\/01\/15\/venezuela-recupera-la-actividad-comercial-normal-tras-varios-dias-bajo-minimos\/\"},\"wordCount\":435,\"commentCount\":0,\"publisher\":{\"@id\":\"https:\/\/noti-america.com\/site\/venezuela\/#organization\"},\"image\":{\"@id\":\"https:\/\/noti-america.com\/site\/venezuela\/2025\/01\/15\/venezuela-recupera-la-actividad-comercial-normal-tras-varios-dias-bajo-minimos\/#primaryimage\"},\"thumbnailUrl\":\"https:\/\/noti-america.com\/site\/venezuela\/wp-content\/uploads\/sites\/2\/2025\/01\/tsize_600x400_compras.jpg\",\"articleSection\":[\"Econom\u00eda\"],\"inLanguage\":\"es\",\"potentialAction\":[{\"@type\":\"CommentAction\",\"name\":\"Comment\",\"target\":[\"https:\/\/noti-america.com\/site\/venezuela\/2025\/01\/15\/venezuela-recupera-la-actividad-comercial-normal-tras-varios-dias-bajo-minimos\/#respond\"]}]},{\"@type\":\"WebPage\",\"@id\":\"https:\/\/noti-america.com\/site\/venezuela\/2025\/01\/15\/venezuela-recupera-la-actividad-comercial-normal-tras-varios-dias-bajo-minimos\/\",\"url\":\"https:\/\/noti-america.com\/site\/venezuela\/2025\/01\/15\/venezuela-recupera-la-actividad-comercial-normal-tras-varios-dias-bajo-minimos\/\",\"name\":\"Venezuela recupera la actividad comercial normal tras varios d\u00edas bajo m\u00ednimos - Venezuela | Noti-America.com\",\"isPartOf\":{\"@id\":\"https:\/\/noti-america.com\/site\/venezuela\/#website\"},\"primaryImageOfPage\":{\"@id\":\"https:\/\/noti-america.com\/site\/venezuela\/2025\/01\/15\/venezuela-recupera-la-actividad-comercial-normal-tras-varios-dias-bajo-minimos\/#primaryimage\"},\"image\":{\"@id\":\"https:\/\/noti-america.com\/site\/venezuela\/2025\/01\/15\/venezuela-recupera-la-actividad-comercial-normal-tras-varios-dias-bajo-minimos\/#primaryimage\"},\"thumbnailUrl\":\"https:\/\/noti-america.com\/site\/venezuela\/wp-content\/uploads\/sites\/2\/2025\/01\/tsize_600x400_compras.jpg\",\"datePublished\":\"2025-01-15T11:42:35+00:00\",\"breadcrumb\":{\"@id\":\"https:\/\/noti-america.com\/site\/venezuela\/2025\/01\/15\/venezuela-recupera-la-actividad-comercial-normal-tras-varios-dias-bajo-minimos\/#breadcrumb\"},\"inLanguage\":\"es\",\"potentialAction\":[{\"@type\":\"ReadAction\",\"target\":[\"https:\/\/noti-america.com\/site\/venezuela\/2025\/01\/15\/venezuela-recupera-la-actividad-comercial-normal-tras-varios-dias-bajo-minimos\/\"]}]},{\"@type\":\"ImageObject\",\"inLanguage\":\"es\",\"@id\":\"https:\/\/noti-america.com\/site\/venezuela\/2025\/01\/15\/venezuela-recupera-la-actividad-comercial-normal-tras-varios-dias-bajo-minimos\/#primaryimage\",\"url\":\"https:\/\/noti-america.com\/site\/venezuela\/wp-content\/uploads\/sites\/2\/2025\/01\/tsize_600x400_compras.jpg\",\"contentUrl\":\"https:\/\/noti-america.com\/site\/venezuela\/wp-content\/uploads\/sites\/2\/2025\/01\/tsize_600x400_compras.jpg\",\"width\":600,\"height\":400},{\"@type\":\"BreadcrumbList\",\"@id\":\"https:\/\/noti-america.com\/site\/venezuela\/2025\/01\/15\/venezuela-recupera-la-actividad-comercial-normal-tras-varios-dias-bajo-minimos\/#breadcrumb\",\"itemListElement\":[{\"@type\":\"ListItem\",\"position\":1,\"name\":\"Portada\",\"item\":\"https:\/\/noti-america.com\/site\/venezuela\/\"},{\"@type\":\"ListItem\",\"position\":2,\"name\":\"Venezuela recupera la actividad comercial normal tras varios d\u00edas bajo m\u00ednimos\"}]},{\"@type\":\"WebSite\",\"@id\":\"https:\/\/noti-america.com\/site\/venezuela\/#website\",\"url\":\"https:\/\/noti-america.com\/site\/venezuela\/\",\"name\":\"Venezuela | Noti-America.com\",\"description\":\"\",\"publisher\":{\"@id\":\"https:\/\/noti-america.com\/site\/venezuela\/#organization\"},\"potentialAction\":[{\"@type\":\"SearchAction\",\"target\":{\"@type\":\"EntryPoint\",\"urlTemplate\":\"https:\/\/noti-america.com\/site\/venezuela\/?s={search_term_string}\"},\"query-input\":{\"@type\":\"PropertyValueSpecification\",\"valueRequired\":true,\"valueName\":\"search_term_string\"}}],\"inLanguage\":\"es\"},{\"@type\":\"Organization\",\"@id\":\"https:\/\/noti-america.com\/site\/venezuela\/#organization\",\"name\":\"Noti-America LLC | Venezuela\",\"url\":\"https:\/\/noti-america.com\/site\/venezuela\/\",\"logo\":{\"@type\":\"ImageObject\",\"inLanguage\":\"es\",\"@id\":\"https:\/\/noti-america.com\/site\/venezuela\/#\/schema\/logo\/image\/\",\"url\":\"https:\/\/noti-america.com\/site\/venezuela\/wp-content\/uploads\/sites\/2\/2020\/07\/LogoNA-4x3-1.jpg\",\"contentUrl\":\"https:\/\/noti-america.com\/site\/venezuela\/wp-content\/uploads\/sites\/2\/2020\/07\/LogoNA-4x3-1.jpg\",\"width\":1236,\"height\":1080,\"caption\":\"Noti-America LLC | Venezuela\"},\"image\":{\"@id\":\"https:\/\/noti-america.com\/site\/venezuela\/#\/schema\/logo\/image\/\"}},{\"@type\":\"Person\",\"@id\":\"https:\/\/noti-america.com\/site\/venezuela\/#\/schema\/person\/fd58dbfb92a257e9dc5761bf69a855ff\",\"name\":\"Rosmer Herrera\",\"image\":{\"@type\":\"ImageObject\",\"inLanguage\":\"es\",\"@id\":\"https:\/\/secure.gravatar.com\/avatar\/153e75c261394dbf20ff1a1e70ea2be9494f2b40b7fc4e7704084db13220ae08?s=96&d=mm&r=g\",\"url\":\"https:\/\/secure.gravatar.com\/avatar\/153e75c261394dbf20ff1a1e70ea2be9494f2b40b7fc4e7704084db13220ae08?s=96&d=mm&r=g\",\"contentUrl\":\"https:\/\/secure.gravatar.com\/avatar\/153e75c261394dbf20ff1a1e70ea2be9494f2b40b7fc4e7704084db13220ae08?s=96&d=mm&r=g\",\"caption\":\"Rosmer Herrera\"},\"url\":\"https:\/\/noti-america.com\/site\/venezuela\/author\/rosmer33\/\"}]}<\/script>\n<!-- \/ Yoast SEO Premium plugin. -->","yoast_head_json":{"title":"Venezuela recupera la actividad comercial normal tras varios d\u00edas bajo m\u00ednimos - Venezuela | Noti-America.com","robots":{"index":"index","follow":"follow","max-snippet":"max-snippet:-1","max-image-preview":"max-image-preview:large","max-video-preview":"max-video-preview:-1"},"canonical":"https:\/\/noti-america.com\/site\/venezuela\/2025\/01\/15\/venezuela-recupera-la-actividad-comercial-normal-tras-varios-dias-bajo-minimos\/","og_locale":"es_ES","og_type":"article","og_title":"Venezuela recupera la actividad comercial normal tras varios d\u00edas bajo m\u00ednimos","og_description":"NOTI-AMERICA VENEZUELA Apertura de comercios, incremento en el tr\u00e1fico, tanto de transporte p\u00fablico como de veh\u00edculos particulares y mayor presencia de ciudadanos en las calles fue el panorama en Caracas. Venezuela volvi\u00f3 este martes&#46;&#46;&#46;","og_url":"https:\/\/noti-america.com\/site\/venezuela\/2025\/01\/15\/venezuela-recupera-la-actividad-comercial-normal-tras-varios-dias-bajo-minimos\/","og_site_name":"Venezuela | Noti-America.com","article_published_time":"2025-01-15T11:42:35+00:00","og_image":[{"width":600,"height":400,"url":"https:\/\/noti-america.com\/site\/venezuela\/wp-content\/uploads\/sites\/2\/2025\/01\/tsize_600x400_compras.jpg","type":"image\/jpeg"}],"author":"Rosmer Herrera","twitter_card":"summary_large_image","twitter_misc":{"Escrito por":"Rosmer Herrera","Tiempo estimado de lectura":"2 minutos"},"schema":{"@context":"https:\/\/schema.org","@graph":[{"@type":"Article","@id":"https:\/\/noti-america.com\/site\/venezuela\/2025\/01\/15\/venezuela-recupera-la-actividad-comercial-normal-tras-varios-dias-bajo-minimos\/#article","isPartOf":{"@id":"https:\/\/noti-america.com\/site\/venezuela\/2025\/01\/15\/venezuela-recupera-la-actividad-comercial-normal-tras-varios-dias-bajo-minimos\/"},"author":{"name":"Rosmer Herrera","@id":"https:\/\/noti-america.com\/site\/venezuela\/#\/schema\/person\/fd58dbfb92a257e9dc5761bf69a855ff"},"headline":"Venezuela recupera la actividad comercial normal tras varios d\u00edas bajo m\u00ednimos","datePublished":"2025-01-15T11:42:35+00:00","mainEntityOfPage":{"@id":"https:\/\/noti-america.com\/site\/venezuela\/2025\/01\/15\/venezuela-recupera-la-actividad-comercial-normal-tras-varios-dias-bajo-minimos\/"},"wordCount":435,"commentCount":0,"publisher":{"@id":"https:\/\/noti-america.com\/site\/venezuela\/#organization"},"image":{"@id":"https:\/\/noti-america.com\/site\/venezuela\/2025\/01\/15\/venezuela-recupera-la-actividad-comercial-normal-tras-varios-dias-bajo-minimos\/#primaryimage"},"thumbnailUrl":"https:\/\/noti-america.com\/site\/venezuela\/wp-content\/uploads\/sites\/2\/2025\/01\/tsize_600x400_compras.jpg","articleSection":["Econom\u00eda"],"inLanguage":"es","potentialAction":[{"@type":"CommentAction","name":"Comment","target":["https:\/\/noti-america.com\/site\/venezuela\/2025\/01\/15\/venezuela-recupera-la-actividad-comercial-normal-tras-varios-dias-bajo-minimos\/#respond"]}]},{"@type":"WebPage","@id":"https:\/\/noti-america.com\/site\/venezuela\/2025\/01\/15\/venezuela-recupera-la-actividad-comercial-normal-tras-varios-dias-bajo-minimos\/","url":"https:\/\/noti-america.com\/site\/venezuela\/2025\/01\/15\/venezuela-recupera-la-actividad-comercial-normal-tras-varios-dias-bajo-minimos\/","name":"Venezuela recupera la actividad comercial normal tras varios d\u00edas bajo m\u00ednimos - Venezuela | Noti-America.com","isPartOf":{"@id":"https:\/\/noti-america.com\/site\/venezuela\/#website"},"primaryImageOfPage":{"@id":"https:\/\/noti-america.com\/site\/venezuela\/2025\/01\/15\/venezuela-recupera-la-actividad-comercial-normal-tras-varios-dias-bajo-minimos\/#primaryimage"},"image":{"@id":"https:\/\/noti-america.com\/site\/venezuela\/2025\/01\/15\/venezuela-recupera-la-actividad-comercial-normal-tras-varios-dias-bajo-minimos\/#primaryimage"},"thumbnailUrl":"https:\/\/noti-america.com\/site\/venezuela\/wp-content\/uploads\/sites\/2\/2025\/01\/tsize_600x400_compras.jpg","datePublished":"2025-01-15T11:42:35+00:00","breadcrumb":{"@id":"https:\/\/noti-america.com\/site\/venezuela\/2025\/01\/15\/venezuela-recupera-la-actividad-comercial-normal-tras-varios-dias-bajo-minimos\/#breadcrumb"},"inLanguage":"es","potentialAction":[{"@type":"ReadAction","target":["https:\/\/noti-america.com\/site\/venezuela\/2025\/01\/15\/venezuela-recupera-la-actividad-comercial-normal-tras-varios-dias-bajo-minimos\/"]}]},{"@type":"ImageObject","inLanguage":"es","@id":"https:\/\/noti-america.com\/site\/venezuela\/2025\/01\/15\/venezuela-recupera-la-actividad-comercial-normal-tras-varios-dias-bajo-minimos\/#primaryimage","url":"https:\/\/noti-america.com\/site\/venezuela\/wp-content\/uploads\/sites\/2\/2025\/01\/tsize_600x400_compras.jpg","contentUrl":"https:\/\/noti-america.com\/site\/venezuela\/wp-content\/uploads\/sites\/2\/2025\/01\/tsize_600x400_compras.jpg","width":600,"height":400},{"@type":"BreadcrumbList","@id":"https:\/\/noti-america.com\/site\/venezuela\/2025\/01\/15\/venezuela-recupera-la-actividad-comercial-normal-tras-varios-dias-bajo-minimos\/#breadcrumb","itemListElement":[{"@type":"ListItem","position":1,"name":"Portada","item":"https:\/\/noti-america.com\/site\/venezuela\/"},{"@type":"ListItem","position":2,"name":"Venezuela recupera la actividad comercial normal tras varios d\u00edas bajo m\u00ednimos"}]},{"@type":"WebSite","@id":"https:\/\/noti-america.com\/site\/venezuela\/#website","url":"https:\/\/noti-america.com\/site\/venezuela\/","name":"Venezuela | Noti-America.com","description":"","publisher":{"@id":"https:\/\/noti-america.com\/site\/venezuela\/#organization"},"potentialAction":[{"@type":"SearchAction","target":{"@type":"EntryPoint","urlTemplate":"https:\/\/noti-america.com\/site\/venezuela\/?s={search_term_string}"},"query-input":{"@type":"PropertyValueSpecification","valueRequired":true,"valueName":"search_term_string"}}],"inLanguage":"es"},{"@type":"Organization","@id":"https:\/\/noti-america.com\/site\/venezuela\/#organization","name":"Noti-America LLC | Venezuela","url":"https:\/\/noti-america.com\/site\/venezuela\/","logo":{"@type":"ImageObject","inLanguage":"es","@id":"https:\/\/noti-america.com\/site\/venezuela\/#\/schema\/logo\/image\/","url":"https:\/\/noti-america.com\/site\/venezuela\/wp-content\/uploads\/sites\/2\/2020\/07\/LogoNA-4x3-1.jpg","contentUrl":"https:\/\/noti-america.com\/site\/venezuela\/wp-content\/uploads\/sites\/2\/2020\/07\/LogoNA-4x3-1.jpg","width":1236,"height":1080,"caption":"Noti-America LLC | Venezuela"},"image":{"@id":"https:\/\/noti-america.com\/site\/venezuela\/#\/schema\/logo\/image\/"}},{"@type":"Person","@id":"https:\/\/noti-america.com\/site\/venezuela\/#\/schema\/person\/fd58dbfb92a257e9dc5761bf69a855ff","name":"Rosmer Herrera","image":{"@type":"ImageObject","inLanguage":"es","@id":"https:\/\/secure.gravatar.com\/avatar\/153e75c261394dbf20ff1a1e70ea2be9494f2b40b7fc4e7704084db13220ae08?s=96&d=mm&r=g","url":"https:\/\/secure.gravatar.com\/avatar\/153e75c261394dbf20ff1a1e70ea2be9494f2b40b7fc4e7704084db13220ae08?s=96&d=mm&r=g","contentUrl":"https:\/\/secure.gravatar.com\/avatar\/153e75c261394dbf20ff1a1e70ea2be9494f2b40b7fc4e7704084db13220ae08?s=96&d=mm&r=g","caption":"Rosmer Herrera"},"url":"https:\/\/noti-america.com\/site\/venezuela\/author\/rosmer33\/"}]}},"_links":{"self":[{"href":"https:\/\/noti-america.com\/site\/venezuela\/wp-json\/wp\/v2\/posts\/42431","targetHints":{"allow":["GET"]}}],"collection":[{"href":"https:\/\/noti-america.com\/site\/venezuela\/wp-json\/wp\/v2\/posts"}],"about":[{"href":"https:\/\/noti-america.com\/site\/venezuela\/wp-json\/wp\/v2\/types\/post"}],"author":[{"embeddable":true,"href":"https:\/\/noti-america.com\/site\/venezuela\/wp-json\/wp\/v2\/users\/1"}],"replies":[{"embeddable":true,"href":"https:\/\/noti-america.com\/site\/venezuela\/wp-json\/wp\/v2\/comments?post=42431"}],"version-history":[{"count":1,"href":"https:\/\/noti-america.com\/site\/venezuela\/wp-json\/wp\/v2\/posts\/42431\/revisions"}],"predecessor-version":[{"id":42433,"href":"https:\/\/noti-america.com\/site\/venezuela\/wp-json\/wp\/v2\/posts\/42431\/revisions\/42433"}],"wp:featuredmedia":[{"embeddable":true,"href":"https:\/\/noti-america.com\/site\/venezuela\/wp-json\/wp\/v2\/media\/42432"}],"wp:attachment":[{"href":"https:\/\/noti-america.com\/site\/venezuela\/wp-json\/wp\/v2\/media?parent=42431"}],"wp:term":[{"taxonomy":"category","embeddable":true,"href":"https:\/\/noti-america.com\/site\/venezuela\/wp-json\/wp\/v2\/categories?post=42431"},{"taxonomy":"post_tag","embeddable":true,"href":"https:\/\/noti-america.com\/site\/venezuela\/wp-json\/wp\/v2\/tags?post=42431"}],"curies":[{"name":"wp","href":"https:\/\/api.w.org\/{rel}","templated":true}]}}