{"id":4196,"date":"2018-12-08T04:56:55","date_gmt":"2018-12-08T04:56:55","guid":{"rendered":"http:\/\/noti-america.com\/site\/venezuela\/?p=4196"},"modified":"2018-12-08T12:04:03","modified_gmt":"2018-12-08T12:04:03","slug":"de-luto-el-beisbol-venezolano","status":"publish","type":"post","link":"https:\/\/noti-america.com\/site\/venezuela\/2018\/12\/08\/de-luto-el-beisbol-venezolano\/","title":{"rendered":"De luto el beisbol venezolano"},"content":{"rendered":"<blockquote>\n<div style=\"width: 1090px\" class=\"wp-caption alignnone\"><img loading=\"lazy\" decoding=\"async\" src=\"https:\/\/pbs.twimg.com\/media\/Dt3JcHoXgAApjmJ.jpg\" alt=\"\" width=\"1080\" height=\"781\" \/><p class=\"wp-caption-text\">Una luz qued\u00f3 encendida en el estadio Antonio Herrera Guti\u00e9rrez, en recoradatorio de la p\u00e9rdida de dos grandes valores del beisbol venezolano, y de los Cardenales de Lara.<\/p><\/div>\n<p>Cardenales anunci\u00f3 que dejar\u00edan prendida una de las torres del estadio <strong>Antonio Herrera Guti\u00e9rrez<\/strong>\u00a0\u00aben honor de nuestros \u00e1ngeles Luis Valbuena y Jos\u00e9 Castillo\u00bb. <strong>\u00a1Una luz para tanta Oscuridad! Que d\u00eda tan fuerte hemos tenido, un d\u00eda que jam\u00e1s podremos olvidar.<\/strong>, public\u00f3 en su cuenta en twitter Cardenales de Lara (@cardenalesbbc)<\/p><\/blockquote>\n<p>En lara una sombr\u00eda tarde mostr\u00f3 la tristeza de los larenses y la fanaticada cardenalera, ante la tr\u00e1gica muerte de Jos\u00e9 Castillo \u00abEl Hacha\u00bb, y Luis Valbuena quienes sufrieron un tr\u00e1gico accidente de tr\u00e1nsito este viernes a las 2 de la madrugada en la autopista que comunica los estados Lara y Yaracuy.<\/p>\n<blockquote><p><img loading=\"lazy\" decoding=\"async\" class=\"alignnone size-medium wp-image-4202\" src=\"http:\/\/noti-america.com\/site\/venezuela\/wp-content\/uploads\/sites\/2\/2018\/12\/fallece-valbuena-225x300.jpg\" alt=\"\" width=\"225\" height=\"300\" srcset=\"https:\/\/noti-america.com\/site\/venezuela\/wp-content\/uploads\/sites\/2\/2018\/12\/fallece-valbuena-225x300.jpg 225w, https:\/\/noti-america.com\/site\/venezuela\/wp-content\/uploads\/sites\/2\/2018\/12\/fallece-valbuena-768x1024.jpg 768w, https:\/\/noti-america.com\/site\/venezuela\/wp-content\/uploads\/sites\/2\/2018\/12\/fallece-valbuena.jpg 810w\" sizes=\"auto, (max-width: 225px) 100vw, 225px\" \/><img decoding=\"async\" src=\"https:\/\/pbs.twimg.com\/media\/Dt0KsqiW0AACWU4.jpg\" \/><\/p><\/blockquote>\n<p>Seg\u00fan testigos del lugar, el automovil donde se desplazaban sufri\u00f3 por el impacto de unas rocas que al parecer fueron colocadas intencionalmente, lo que culmin\u00f3 en el infructuoso volcamiento donde fallecieron los dos peloteros, y resultaron heridos el chofer y otro tripulante.<\/p>\n<blockquote><p><img loading=\"lazy\" decoding=\"async\" class=\"alignnone size-medium wp-image-4200\" src=\"http:\/\/noti-america.com\/site\/venezuela\/wp-content\/uploads\/sites\/2\/2018\/12\/fallecen-castillo-y-valbuena-300x225.jpg\" alt=\"\" width=\"300\" height=\"225\" srcset=\"https:\/\/noti-america.com\/site\/venezuela\/wp-content\/uploads\/sites\/2\/2018\/12\/fallecen-castillo-y-valbuena-300x225.jpg 300w, https:\/\/noti-america.com\/site\/venezuela\/wp-content\/uploads\/sites\/2\/2018\/12\/fallecen-castillo-y-valbuena-768x576.jpg 768w, https:\/\/noti-america.com\/site\/venezuela\/wp-content\/uploads\/sites\/2\/2018\/12\/fallecen-castillo-y-valbuena-1024x768.jpg 1024w, https:\/\/noti-america.com\/site\/venezuela\/wp-content\/uploads\/sites\/2\/2018\/12\/fallecen-castillo-y-valbuena.jpg 1032w\" sizes=\"auto, (max-width: 300px) 100vw, 300px\" \/><\/p><\/blockquote>\n<p>Luego de los tr\u00e1mites de rigor en el estado Yaracuy, los restos de Castillo y Valbuena fueron trasladados a Barquisimeto donde se les rindi\u00f3 un merecido homenaje, y el \u00faltimo adi\u00f3s en el estadio Antonio Herrera Guti\u00e9rrez.<\/p>\n<blockquote><p><img decoding=\"async\" src=\"https:\/\/pbs.twimg.com\/media\/Dt2s_ynWkAEqGVV.jpg\" \/><\/p>\n<p><img decoding=\"async\" src=\"https:\/\/pbs.twimg.com\/media\/Dt1qbjwW4AAEMhE.jpg\" \/><\/p><\/blockquote>\n<blockquote class=\"twitter-tweet\" data-width=\"500\" data-dnt=\"true\">\n<p lang=\"es\" dir=\"ltr\">\u00a1Despedida con honores! \u2795 El estadio Antonio Herrera Guti\u00e9rrez de Barquisimeto, a casa llena, despidi\u00f3 a dos grandes peloteros del b\u00e9isbol profesional. Los ata\u00fades de Luis Valbuena y Jos\u00e9 Castillo fueron llevados por sus compa\u00f1eros del Cardenales de Lara. <a href=\"https:\/\/twitter.com\/hashtag\/NoticiasEVTV?src=hash&amp;ref_src=twsrc%5Etfw\">#NoticiasEVTV<\/a> <a href=\"https:\/\/twitter.com\/hashtag\/07dic?src=hash&amp;ref_src=twsrc%5Etfw\">#07dic<\/a> <a href=\"https:\/\/t.co\/9n9oLrwqMw\">pic.twitter.com\/9n9oLrwqMw<\/a><\/p>\n<p>&mdash; EVTV (@EVTVMiami) <a href=\"https:\/\/twitter.com\/EVTVMiami\/status\/1071199272740229126?ref_src=twsrc%5Etfw\">December 8, 2018<\/a><\/p><\/blockquote>\n<p><script async src=\"https:\/\/platform.twitter.com\/widgets.js\" charset=\"utf-8\"><\/script><\/p>\n<blockquote><p>Posterior al homenaje, los restos mortales de Jos\u00e9 Castillo ser\u00edan traslados al estado Barinas, su ciudad natal, donde ser\u00e1n recibidos por sus familiares y amigos.<\/p>\n<p><img decoding=\"async\" src=\"https:\/\/pbs.twimg.com\/media\/Dt2s_F-WsAAIWaP.jpg\" \/><\/p><\/blockquote>\n<p>Multiples cr\u00edticas han surgido luego de esta lamentable p\u00e9rdida para el deporte venezolano, a consecuencia de los hechos que conllevaron al tr\u00e1gico accidente, en las inmediaciones de autopista regional del Centro,\u00a0a la altura del sector La Negrita, del municipio Independencia del estado Yaracuy, seg\u00fan informaci\u00f3n policial el veh\u00edculo donde se trasladaban los grandes ligas -un Toyota Fortuner-\u00a0 iba a exceso de velocidad.<\/p>\n<blockquote class=\"twitter-tweet\" data-width=\"500\" data-dnt=\"true\">\n<p lang=\"es\" dir=\"ltr\"><a href=\"https:\/\/twitter.com\/hashtag\/7Dic?src=hash&amp;ref_src=twsrc%5Etfw\">#7Dic<\/a> Canal <a href=\"https:\/\/twitter.com\/Promartv?ref_src=twsrc%5Etfw\">@Promartv<\/a> difunde im\u00e1genes del levantamiento de la camioneta en la que viajaban Luis Valbuena y Jos\u00e9 Castillo esta madrugada. En la v\u00eda se ven las dos piedras que habr\u00edan causado el accidente. <br \/>V\u00eda: <a href=\"https:\/\/twitter.com\/Gbastidas?ref_src=twsrc%5Etfw\">@Gbastidas<\/a> <a href=\"https:\/\/t.co\/QMb3UAxSfz\">pic.twitter.com\/QMb3UAxSfz<\/a><\/p>\n<p>&mdash; Pableysa Ostos (@PableOstos) <a href=\"https:\/\/twitter.com\/PableOstos\/status\/1071122008988180480?ref_src=twsrc%5Etfw\">December 7, 2018<\/a><\/p><\/blockquote>\n<p><script async src=\"https:\/\/platform.twitter.com\/widgets.js\" charset=\"utf-8\"><\/script><\/p>\n<p>Julio Le\u00f3n Heredia, gobernador de Yaracuy, inform\u00f3 a trav\u00e9s de la red social Twitter que hab\u00edan sido detenidos cuatro presuntos implicados en el hecho. En el transcurso de la ma\u00f1ana el sector Ca\u00f1averal y La Negrita estaban tomados por la polic\u00eda del estado, el Cuerpo de Investigaciones Cient\u00edficas Penales y Criminal\u00edsticas (Cicpc) y otras autoridades del Gobierno central.<\/p>\n<blockquote class=\"twitter-tweet\" data-width=\"500\" data-dnt=\"true\">\n<p lang=\"es\" dir=\"ltr\">Para los larenses, Los Cardenales son su familia, por lo que hoy el luto por la muerte de Lu\u00eds Valbuena y Jos\u00e9 Castillo es de toda la sociedad. Compartimos con familiares, amigos, compa\u00f1eros, directivos y la poblaci\u00f3n en general nuestro sentimiento de dolor, frustraci\u00f3n y rabia.<\/p>\n<p>&mdash; Luis Vicente Leon (@luisvicenteleon) <a href=\"https:\/\/twitter.com\/luisvicenteleon\/status\/1071080455938695170?ref_src=twsrc%5Etfw\">December 7, 2018<\/a><\/p><\/blockquote>\n<p><script async src=\"https:\/\/platform.twitter.com\/widgets.js\" charset=\"utf-8\"><\/script><\/p>\n<blockquote><p>&nbsp;<\/p>\n<p>&nbsp;<\/p><\/blockquote>\n","protected":false},"excerpt":{"rendered":"<p>Cardenales anunci\u00f3 que dejar\u00edan prendida una de las torres del estadio Antonio Herrera Guti\u00e9rrez\u00a0\u00aben honor de nuestros \u00e1ngeles Luis Valbuena y Jos\u00e9 Castillo\u00bb. \u00a1Una luz para tanta Oscuridad! Que d\u00eda tan fuerte hemos tenido,&#46;&#46;&#46;<\/p>\n","protected":false},"author":11,"featured_media":4203,"comment_status":"open","ping_status":"open","sticky":false,"template":"","format":"standard","meta":{"_acf_changed":false,"om_disable_all_campaigns":false,"rop_custom_images_group":[],"rop_custom_messages_group":[],"rop_publish_now":"initial","rop_publish_now_accounts":{"twitter_242054905_242054905":""},"rop_publish_now_history":[],"rop_publish_now_status":"pending","_uf_show_specific_survey":0,"_uf_disable_surveys":false,"footnotes":""},"categories":[16,4,11],"tags":[],"class_list":["post-4196","post","type-post","status-publish","format-standard","has-post-thumbnail","hentry","category-deportes","category-internacionales","category-sucesos"],"acf":[],"aioseo_notices":[],"yoast_head":"<!-- This site is optimized with the Yoast SEO Premium plugin v24.9 (Yoast SEO v27.2) - https:\/\/yoast.com\/product\/yoast-seo-premium-wordpress\/ -->\n<title>De luto el beisbol venezolano - Venezuela | Noti-America.com<\/title>\n<meta name=\"robots\" content=\"index, follow, max-snippet:-1, max-image-preview:large, max-video-preview:-1\" \/>\n<link rel=\"canonical\" href=\"https:\/\/noti-america.com\/site\/venezuela\/2018\/12\/08\/de-luto-el-beisbol-venezolano\/\" \/>\n<meta property=\"og:locale\" content=\"es_ES\" \/>\n<meta property=\"og:type\" content=\"article\" \/>\n<meta property=\"og:title\" content=\"De luto el beisbol venezolano\" \/>\n<meta property=\"og:description\" content=\"Cardenales anunci\u00f3 que dejar\u00edan prendida una de las torres del estadio Antonio Herrera Guti\u00e9rrez\u00a0\u00aben honor de nuestros \u00e1ngeles Luis Valbuena y Jos\u00e9 Castillo\u00bb. \u00a1Una luz para tanta Oscuridad! Que d\u00eda tan fuerte hemos tenido,&#046;&#046;&#046;\" \/>\n<meta property=\"og:url\" content=\"https:\/\/noti-america.com\/site\/venezuela\/2018\/12\/08\/de-luto-el-beisbol-venezolano\/\" \/>\n<meta property=\"og:site_name\" content=\"Venezuela | Noti-America.com\" \/>\n<meta property=\"article:published_time\" content=\"2018-12-08T04:56:55+00:00\" \/>\n<meta property=\"article:modified_time\" content=\"2018-12-08T12:04:03+00:00\" \/>\n<meta property=\"og:image\" content=\"https:\/\/noti-america.com\/site\/venezuela\/wp-content\/uploads\/sites\/2\/2018\/12\/castillo-y-valbuena.jpg\" \/>\n\t<meta property=\"og:image:width\" content=\"853\" \/>\n\t<meta property=\"og:image:height\" content=\"480\" \/>\n\t<meta property=\"og:image:type\" content=\"image\/jpeg\" \/>\n<meta name=\"author\" content=\"Yliana Duque\" \/>\n<meta name=\"twitter:card\" content=\"summary_large_image\" \/>\n<meta name=\"twitter:creator\" content=\"@ylianaduque\" \/>\n<meta name=\"twitter:label1\" content=\"Escrito por\" \/>\n\t<meta name=\"twitter:data1\" content=\"Yliana Duque\" \/>\n\t<meta name=\"twitter:label2\" content=\"Tiempo estimado de lectura\" \/>\n\t<meta name=\"twitter:data2\" content=\"2 minutos\" \/>\n<script type=\"application\/ld+json\" class=\"yoast-schema-graph\">{\"@context\":\"https:\/\/schema.org\",\"@graph\":[{\"@type\":\"Article\",\"@id\":\"https:\/\/noti-america.com\/site\/venezuela\/2018\/12\/08\/de-luto-el-beisbol-venezolano\/#article\",\"isPartOf\":{\"@id\":\"https:\/\/noti-america.com\/site\/venezuela\/2018\/12\/08\/de-luto-el-beisbol-venezolano\/\"},\"author\":{\"name\":\"Yliana Duque\",\"@id\":\"https:\/\/noti-america.com\/site\/venezuela\/#\/schema\/person\/a166d9d45f249dbd09521fbc2e7342d8\"},\"headline\":\"De luto el beisbol venezolano\",\"datePublished\":\"2018-12-08T04:56:55+00:00\",\"dateModified\":\"2018-12-08T12:04:03+00:00\",\"mainEntityOfPage\":{\"@id\":\"https:\/\/noti-america.com\/site\/venezuela\/2018\/12\/08\/de-luto-el-beisbol-venezolano\/\"},\"wordCount\":414,\"commentCount\":0,\"publisher\":{\"@id\":\"https:\/\/noti-america.com\/site\/venezuela\/#organization\"},\"image\":{\"@id\":\"https:\/\/noti-america.com\/site\/venezuela\/2018\/12\/08\/de-luto-el-beisbol-venezolano\/#primaryimage\"},\"thumbnailUrl\":\"https:\/\/noti-america.com\/site\/venezuela\/wp-content\/uploads\/sites\/2\/2018\/12\/castillo-y-valbuena.jpg\",\"articleSection\":[\"Deportes\",\"Internacionales\",\"Sucesos\"],\"inLanguage\":\"es\",\"potentialAction\":[{\"@type\":\"CommentAction\",\"name\":\"Comment\",\"target\":[\"https:\/\/noti-america.com\/site\/venezuela\/2018\/12\/08\/de-luto-el-beisbol-venezolano\/#respond\"]}]},{\"@type\":\"WebPage\",\"@id\":\"https:\/\/noti-america.com\/site\/venezuela\/2018\/12\/08\/de-luto-el-beisbol-venezolano\/\",\"url\":\"https:\/\/noti-america.com\/site\/venezuela\/2018\/12\/08\/de-luto-el-beisbol-venezolano\/\",\"name\":\"De luto el beisbol venezolano - Venezuela | Noti-America.com\",\"isPartOf\":{\"@id\":\"https:\/\/noti-america.com\/site\/venezuela\/#website\"},\"primaryImageOfPage\":{\"@id\":\"https:\/\/noti-america.com\/site\/venezuela\/2018\/12\/08\/de-luto-el-beisbol-venezolano\/#primaryimage\"},\"image\":{\"@id\":\"https:\/\/noti-america.com\/site\/venezuela\/2018\/12\/08\/de-luto-el-beisbol-venezolano\/#primaryimage\"},\"thumbnailUrl\":\"https:\/\/noti-america.com\/site\/venezuela\/wp-content\/uploads\/sites\/2\/2018\/12\/castillo-y-valbuena.jpg\",\"datePublished\":\"2018-12-08T04:56:55+00:00\",\"dateModified\":\"2018-12-08T12:04:03+00:00\",\"breadcrumb\":{\"@id\":\"https:\/\/noti-america.com\/site\/venezuela\/2018\/12\/08\/de-luto-el-beisbol-venezolano\/#breadcrumb\"},\"inLanguage\":\"es\",\"potentialAction\":[{\"@type\":\"ReadAction\",\"target\":[\"https:\/\/noti-america.com\/site\/venezuela\/2018\/12\/08\/de-luto-el-beisbol-venezolano\/\"]}]},{\"@type\":\"ImageObject\",\"inLanguage\":\"es\",\"@id\":\"https:\/\/noti-america.com\/site\/venezuela\/2018\/12\/08\/de-luto-el-beisbol-venezolano\/#primaryimage\",\"url\":\"https:\/\/noti-america.com\/site\/venezuela\/wp-content\/uploads\/sites\/2\/2018\/12\/castillo-y-valbuena.jpg\",\"contentUrl\":\"https:\/\/noti-america.com\/site\/venezuela\/wp-content\/uploads\/sites\/2\/2018\/12\/castillo-y-valbuena.jpg\",\"width\":853,\"height\":480},{\"@type\":\"BreadcrumbList\",\"@id\":\"https:\/\/noti-america.com\/site\/venezuela\/2018\/12\/08\/de-luto-el-beisbol-venezolano\/#breadcrumb\",\"itemListElement\":[{\"@type\":\"ListItem\",\"position\":1,\"name\":\"Portada\",\"item\":\"https:\/\/noti-america.com\/site\/venezuela\/\"},{\"@type\":\"ListItem\",\"position\":2,\"name\":\"De luto el beisbol venezolano\"}]},{\"@type\":\"WebSite\",\"@id\":\"https:\/\/noti-america.com\/site\/venezuela\/#website\",\"url\":\"https:\/\/noti-america.com\/site\/venezuela\/\",\"name\":\"Venezuela | Noti-America.com\",\"description\":\"\",\"publisher\":{\"@id\":\"https:\/\/noti-america.com\/site\/venezuela\/#organization\"},\"potentialAction\":[{\"@type\":\"SearchAction\",\"target\":{\"@type\":\"EntryPoint\",\"urlTemplate\":\"https:\/\/noti-america.com\/site\/venezuela\/?s={search_term_string}\"},\"query-input\":{\"@type\":\"PropertyValueSpecification\",\"valueRequired\":true,\"valueName\":\"search_term_string\"}}],\"inLanguage\":\"es\"},{\"@type\":\"Organization\",\"@id\":\"https:\/\/noti-america.com\/site\/venezuela\/#organization\",\"name\":\"Noti-America LLC | Venezuela\",\"url\":\"https:\/\/noti-america.com\/site\/venezuela\/\",\"logo\":{\"@type\":\"ImageObject\",\"inLanguage\":\"es\",\"@id\":\"https:\/\/noti-america.com\/site\/venezuela\/#\/schema\/logo\/image\/\",\"url\":\"https:\/\/noti-america.com\/site\/venezuela\/wp-content\/uploads\/sites\/2\/2020\/07\/LogoNA-4x3-1.jpg\",\"contentUrl\":\"https:\/\/noti-america.com\/site\/venezuela\/wp-content\/uploads\/sites\/2\/2020\/07\/LogoNA-4x3-1.jpg\",\"width\":1236,\"height\":1080,\"caption\":\"Noti-America LLC | Venezuela\"},\"image\":{\"@id\":\"https:\/\/noti-america.com\/site\/venezuela\/#\/schema\/logo\/image\/\"}},{\"@type\":\"Person\",\"@id\":\"https:\/\/noti-america.com\/site\/venezuela\/#\/schema\/person\/a166d9d45f249dbd09521fbc2e7342d8\",\"name\":\"Yliana Duque\",\"image\":{\"@type\":\"ImageObject\",\"inLanguage\":\"es\",\"@id\":\"https:\/\/secure.gravatar.com\/avatar\/8caf2a4035762b3be44c3a0455581febe2d5273a41ac40dacc575b8aa348fe65?s=96&d=mm&r=g\",\"url\":\"https:\/\/secure.gravatar.com\/avatar\/8caf2a4035762b3be44c3a0455581febe2d5273a41ac40dacc575b8aa348fe65?s=96&d=mm&r=g\",\"contentUrl\":\"https:\/\/secure.gravatar.com\/avatar\/8caf2a4035762b3be44c3a0455581febe2d5273a41ac40dacc575b8aa348fe65?s=96&d=mm&r=g\",\"caption\":\"Yliana Duque\"},\"description\":\"Ejercer el periodismo requiere de pasi\u00f3n y conocimiento en investigaci\u00f3n de campo. Siempre en la b\u00fasqueda de la verdad para aportar claridad y poder discernir sobre el hecho noticioso. Egresada de la Universidad de los Andes. Maestria en Relaciones Internacionales (UCV). Diplomado de Educaci\u00f3n Superior (Universidad Experimental LIbertador (UPEL), y Educaci\u00f3n superior a distancia (UFT). Estudios de Locuci\u00f3n- Actuaci\u00f3n-Publicidad y Mercadeo, Redes. Subdirectora de relaciones p\u00fablicas de la Asamablea Legislativa del Estado Sucre(1995)-Periodista de TELESOL,Telecaribe (Sucre). Jefe de Prensa de la Gobernaci\u00f3n del Estado Amazonas(1997). Periodista Comandancia General del Ej\u00e9rcito, Fuerte Tiuna (1996). Lider de Proyectos en educaci\u00f3n Superior en la Universidad Ferm\u00edn Toro (UFT) (2000). Docente Universitario UFT (2002-2007)-Docente de Educaci\u00f3n Superior a Distancia -titulado. Periodista Diario El Informador. Periodista en Apoyo A\u00e9reo de la Guardia Nacional, Aeropuerto Jacinto Lara. www.Noti-america.com (Venezuela)\",\"sameAs\":[\"https:\/\/x.com\/ylianaduque\"],\"url\":\"https:\/\/noti-america.com\/site\/venezuela\/author\/yduque\/\"}]}<\/script>\n<!-- \/ Yoast SEO Premium plugin. -->","yoast_head_json":{"title":"De luto el beisbol venezolano - Venezuela | Noti-America.com","robots":{"index":"index","follow":"follow","max-snippet":"max-snippet:-1","max-image-preview":"max-image-preview:large","max-video-preview":"max-video-preview:-1"},"canonical":"https:\/\/noti-america.com\/site\/venezuela\/2018\/12\/08\/de-luto-el-beisbol-venezolano\/","og_locale":"es_ES","og_type":"article","og_title":"De luto el beisbol venezolano","og_description":"Cardenales anunci\u00f3 que dejar\u00edan prendida una de las torres del estadio Antonio Herrera Guti\u00e9rrez\u00a0\u00aben honor de nuestros \u00e1ngeles Luis Valbuena y Jos\u00e9 Castillo\u00bb. \u00a1Una luz para tanta Oscuridad! Que d\u00eda tan fuerte hemos tenido,&#46;&#46;&#46;","og_url":"https:\/\/noti-america.com\/site\/venezuela\/2018\/12\/08\/de-luto-el-beisbol-venezolano\/","og_site_name":"Venezuela | Noti-America.com","article_published_time":"2018-12-08T04:56:55+00:00","article_modified_time":"2018-12-08T12:04:03+00:00","og_image":[{"width":853,"height":480,"url":"https:\/\/noti-america.com\/site\/venezuela\/wp-content\/uploads\/sites\/2\/2018\/12\/castillo-y-valbuena.jpg","type":"image\/jpeg"}],"author":"Yliana Duque","twitter_card":"summary_large_image","twitter_creator":"@ylianaduque","twitter_misc":{"Escrito por":"Yliana Duque","Tiempo estimado de lectura":"2 minutos"},"schema":{"@context":"https:\/\/schema.org","@graph":[{"@type":"Article","@id":"https:\/\/noti-america.com\/site\/venezuela\/2018\/12\/08\/de-luto-el-beisbol-venezolano\/#article","isPartOf":{"@id":"https:\/\/noti-america.com\/site\/venezuela\/2018\/12\/08\/de-luto-el-beisbol-venezolano\/"},"author":{"name":"Yliana Duque","@id":"https:\/\/noti-america.com\/site\/venezuela\/#\/schema\/person\/a166d9d45f249dbd09521fbc2e7342d8"},"headline":"De luto el beisbol venezolano","datePublished":"2018-12-08T04:56:55+00:00","dateModified":"2018-12-08T12:04:03+00:00","mainEntityOfPage":{"@id":"https:\/\/noti-america.com\/site\/venezuela\/2018\/12\/08\/de-luto-el-beisbol-venezolano\/"},"wordCount":414,"commentCount":0,"publisher":{"@id":"https:\/\/noti-america.com\/site\/venezuela\/#organization"},"image":{"@id":"https:\/\/noti-america.com\/site\/venezuela\/2018\/12\/08\/de-luto-el-beisbol-venezolano\/#primaryimage"},"thumbnailUrl":"https:\/\/noti-america.com\/site\/venezuela\/wp-content\/uploads\/sites\/2\/2018\/12\/castillo-y-valbuena.jpg","articleSection":["Deportes","Internacionales","Sucesos"],"inLanguage":"es","potentialAction":[{"@type":"CommentAction","name":"Comment","target":["https:\/\/noti-america.com\/site\/venezuela\/2018\/12\/08\/de-luto-el-beisbol-venezolano\/#respond"]}]},{"@type":"WebPage","@id":"https:\/\/noti-america.com\/site\/venezuela\/2018\/12\/08\/de-luto-el-beisbol-venezolano\/","url":"https:\/\/noti-america.com\/site\/venezuela\/2018\/12\/08\/de-luto-el-beisbol-venezolano\/","name":"De luto el beisbol venezolano - Venezuela | Noti-America.com","isPartOf":{"@id":"https:\/\/noti-america.com\/site\/venezuela\/#website"},"primaryImageOfPage":{"@id":"https:\/\/noti-america.com\/site\/venezuela\/2018\/12\/08\/de-luto-el-beisbol-venezolano\/#primaryimage"},"image":{"@id":"https:\/\/noti-america.com\/site\/venezuela\/2018\/12\/08\/de-luto-el-beisbol-venezolano\/#primaryimage"},"thumbnailUrl":"https:\/\/noti-america.com\/site\/venezuela\/wp-content\/uploads\/sites\/2\/2018\/12\/castillo-y-valbuena.jpg","datePublished":"2018-12-08T04:56:55+00:00","dateModified":"2018-12-08T12:04:03+00:00","breadcrumb":{"@id":"https:\/\/noti-america.com\/site\/venezuela\/2018\/12\/08\/de-luto-el-beisbol-venezolano\/#breadcrumb"},"inLanguage":"es","potentialAction":[{"@type":"ReadAction","target":["https:\/\/noti-america.com\/site\/venezuela\/2018\/12\/08\/de-luto-el-beisbol-venezolano\/"]}]},{"@type":"ImageObject","inLanguage":"es","@id":"https:\/\/noti-america.com\/site\/venezuela\/2018\/12\/08\/de-luto-el-beisbol-venezolano\/#primaryimage","url":"https:\/\/noti-america.com\/site\/venezuela\/wp-content\/uploads\/sites\/2\/2018\/12\/castillo-y-valbuena.jpg","contentUrl":"https:\/\/noti-america.com\/site\/venezuela\/wp-content\/uploads\/sites\/2\/2018\/12\/castillo-y-valbuena.jpg","width":853,"height":480},{"@type":"BreadcrumbList","@id":"https:\/\/noti-america.com\/site\/venezuela\/2018\/12\/08\/de-luto-el-beisbol-venezolano\/#breadcrumb","itemListElement":[{"@type":"ListItem","position":1,"name":"Portada","item":"https:\/\/noti-america.com\/site\/venezuela\/"},{"@type":"ListItem","position":2,"name":"De luto el beisbol venezolano"}]},{"@type":"WebSite","@id":"https:\/\/noti-america.com\/site\/venezuela\/#website","url":"https:\/\/noti-america.com\/site\/venezuela\/","name":"Venezuela | Noti-America.com","description":"","publisher":{"@id":"https:\/\/noti-america.com\/site\/venezuela\/#organization"},"potentialAction":[{"@type":"SearchAction","target":{"@type":"EntryPoint","urlTemplate":"https:\/\/noti-america.com\/site\/venezuela\/?s={search_term_string}"},"query-input":{"@type":"PropertyValueSpecification","valueRequired":true,"valueName":"search_term_string"}}],"inLanguage":"es"},{"@type":"Organization","@id":"https:\/\/noti-america.com\/site\/venezuela\/#organization","name":"Noti-America LLC | Venezuela","url":"https:\/\/noti-america.com\/site\/venezuela\/","logo":{"@type":"ImageObject","inLanguage":"es","@id":"https:\/\/noti-america.com\/site\/venezuela\/#\/schema\/logo\/image\/","url":"https:\/\/noti-america.com\/site\/venezuela\/wp-content\/uploads\/sites\/2\/2020\/07\/LogoNA-4x3-1.jpg","contentUrl":"https:\/\/noti-america.com\/site\/venezuela\/wp-content\/uploads\/sites\/2\/2020\/07\/LogoNA-4x3-1.jpg","width":1236,"height":1080,"caption":"Noti-America LLC | Venezuela"},"image":{"@id":"https:\/\/noti-america.com\/site\/venezuela\/#\/schema\/logo\/image\/"}},{"@type":"Person","@id":"https:\/\/noti-america.com\/site\/venezuela\/#\/schema\/person\/a166d9d45f249dbd09521fbc2e7342d8","name":"Yliana Duque","image":{"@type":"ImageObject","inLanguage":"es","@id":"https:\/\/secure.gravatar.com\/avatar\/8caf2a4035762b3be44c3a0455581febe2d5273a41ac40dacc575b8aa348fe65?s=96&d=mm&r=g","url":"https:\/\/secure.gravatar.com\/avatar\/8caf2a4035762b3be44c3a0455581febe2d5273a41ac40dacc575b8aa348fe65?s=96&d=mm&r=g","contentUrl":"https:\/\/secure.gravatar.com\/avatar\/8caf2a4035762b3be44c3a0455581febe2d5273a41ac40dacc575b8aa348fe65?s=96&d=mm&r=g","caption":"Yliana Duque"},"description":"Ejercer el periodismo requiere de pasi\u00f3n y conocimiento en investigaci\u00f3n de campo. Siempre en la b\u00fasqueda de la verdad para aportar claridad y poder discernir sobre el hecho noticioso. Egresada de la Universidad de los Andes. Maestria en Relaciones Internacionales (UCV). Diplomado de Educaci\u00f3n Superior (Universidad Experimental LIbertador (UPEL), y Educaci\u00f3n superior a distancia (UFT). Estudios de Locuci\u00f3n- Actuaci\u00f3n-Publicidad y Mercadeo, Redes. Subdirectora de relaciones p\u00fablicas de la Asamablea Legislativa del Estado Sucre(1995)-Periodista de TELESOL,Telecaribe (Sucre). Jefe de Prensa de la Gobernaci\u00f3n del Estado Amazonas(1997). Periodista Comandancia General del Ej\u00e9rcito, Fuerte Tiuna (1996). Lider de Proyectos en educaci\u00f3n Superior en la Universidad Ferm\u00edn Toro (UFT) (2000). Docente Universitario UFT (2002-2007)-Docente de Educaci\u00f3n Superior a Distancia -titulado. Periodista Diario El Informador. Periodista en Apoyo A\u00e9reo de la Guardia Nacional, Aeropuerto Jacinto Lara. www.Noti-america.com (Venezuela)","sameAs":["https:\/\/x.com\/ylianaduque"],"url":"https:\/\/noti-america.com\/site\/venezuela\/author\/yduque\/"}]}},"_links":{"self":[{"href":"https:\/\/noti-america.com\/site\/venezuela\/wp-json\/wp\/v2\/posts\/4196","targetHints":{"allow":["GET"]}}],"collection":[{"href":"https:\/\/noti-america.com\/site\/venezuela\/wp-json\/wp\/v2\/posts"}],"about":[{"href":"https:\/\/noti-america.com\/site\/venezuela\/wp-json\/wp\/v2\/types\/post"}],"author":[{"embeddable":true,"href":"https:\/\/noti-america.com\/site\/venezuela\/wp-json\/wp\/v2\/users\/11"}],"replies":[{"embeddable":true,"href":"https:\/\/noti-america.com\/site\/venezuela\/wp-json\/wp\/v2\/comments?post=4196"}],"version-history":[{"count":3,"href":"https:\/\/noti-america.com\/site\/venezuela\/wp-json\/wp\/v2\/posts\/4196\/revisions"}],"predecessor-version":[{"id":4209,"href":"https:\/\/noti-america.com\/site\/venezuela\/wp-json\/wp\/v2\/posts\/4196\/revisions\/4209"}],"wp:featuredmedia":[{"embeddable":true,"href":"https:\/\/noti-america.com\/site\/venezuela\/wp-json\/wp\/v2\/media\/4203"}],"wp:attachment":[{"href":"https:\/\/noti-america.com\/site\/venezuela\/wp-json\/wp\/v2\/media?parent=4196"}],"wp:term":[{"taxonomy":"category","embeddable":true,"href":"https:\/\/noti-america.com\/site\/venezuela\/wp-json\/wp\/v2\/categories?post=4196"},{"taxonomy":"post_tag","embeddable":true,"href":"https:\/\/noti-america.com\/site\/venezuela\/wp-json\/wp\/v2\/tags?post=4196"}],"curies":[{"name":"wp","href":"https:\/\/api.w.org\/{rel}","templated":true}]}}