{"id":41889,"date":"2024-12-03T23:40:37","date_gmt":"2024-12-03T23:40:37","guid":{"rendered":"https:\/\/noti-america.com\/site\/venezuela\/?p=41889"},"modified":"2024-12-03T23:40:37","modified_gmt":"2024-12-03T23:40:37","slug":"polemica-ley-bolivar-para-rebatir-ley-bolivar-eeuu-busca-aprobar-an-de-maduro","status":"publish","type":"post","link":"https:\/\/noti-america.com\/site\/venezuela\/2024\/12\/03\/polemica-ley-bolivar-para-rebatir-ley-bolivar-eeuu-busca-aprobar-an-de-maduro\/","title":{"rendered":"Pol\u00e9mica \u00abLey Bol\u00edvar\u00bb para rebatir \u00abLey Bol\u00edvar EEUU\u00bb busca aprobar AN de Maduro"},"content":{"rendered":"<p>NOTI-AM\u00c9RICA | <span style=\"color: #ffcc00\">VEN<\/span><span style=\"color: #003366\">EZU<\/span><span style=\"color: #ff0000\">ELA<\/span><\/p>\n<ul>\n<li class=\"breadcrumb-minea\" style=\"text-transform: uppercase;color: #000000;background-color: #ffffff;max-height: 60px;font-size: 14px;vertical-align: middle\">LEY ORG\u00c1NICA LIBERTADOR SIM\u00d3N BOL\u00cdVAR CONTRA EL BLOQUEO IMPERIALISTA SE ERIGE EN DEFENSA DE LA PAz y la vida<\/li>\n<\/ul>\n<div>\n<p style=\"text-align: justify\">El presidente de Nicol\u00e1s Maduro calific\u00f3 positivamente la propuesta de la Ley Org\u00e1nica Libertador Sim\u00f3n Bol\u00edvar contra el Bloqueo Imperialista y por la Defensa de la Rep\u00fablica Bolivariana de Venezuela, dise\u00f1ada por los legisladores venezolanos, considerada como una ley libertadora; una ley de justicia, en respuesta ante al bloqueo y defensa de la Patria, en un conversatorio con j\u00f3venes afectos a la revoluci\u00f3n en una producci\u00f3n televisiva en VTV, canal del Estado.<\/p>\n<p>\u201cMe parece muy bien que los legisladores venezolanos, y\u00a0 diputados, tomen una iniciativa muy buena, al crear una ley desde Venezuela, eso s\u00ed, desde la cuna de Bol\u00edvar, una ley libertadora, una ley de justicia, que le han puesto el nombre de Ley Libertador Sim\u00f3n Bol\u00edvar\u201d, afirm\u00f3 Maduro.<\/p>\n<p style=\"text-align: justify\">La propuesta de ley venezolana \u201cestablece \u2018penas gruesas\u2019 a todas las personas venezolanas, nacidas aqu\u00ed o con ciudadan\u00eda venezolana, que pidan promuevan o apoyen llamados a sanciones criminales, a bloqueo del pa\u00eds, a invasiones militares o cualquier da\u00f1o extranjero que se le quiera hacer a Venezuela.<\/p>\n<p style=\"text-align: justify\">La mencionada propuesta,\u00a0 <strong>Ley Org\u00e1nica Sim\u00f3n Bol\u00edvar contra el Bloqueo Imperialista y por la Defensa de la Rep\u00fablica Bolivariana de Venezuela<\/strong>, dotar\u00e1 de institucionalidad a la democracia en el pa\u00eds; como respuesta ante la propuesta de \u201cley Bol\u00edvar\u201d impulsada en los Estados Unidos, a su vez, en defensa de la soberan\u00eda, la paz y la estabilidad del pueblo venezolano.<\/p>\n<h2>Ley Bol\u00edvar-Ve contra Ley Bol\u00edvar-EEUU<\/h2>\n<p style=\"text-align: justify\">Esta propuesta de ley que pretende aprobar Maduro surge en contraparte, a la ley que el Congreso de\u00a0<strong>Estados Unidos\u00a0<\/strong>aprob\u00f3 el 18 de noviembre, la cual se decribe como \u201cLey de Prohibici\u00f3n de Operaciones y Arrendamientos con el R\u00e9gimen Autoritario Ileg\u00edtimo de <strong>Venezuela<\/strong>\u201d (H.B. 825), conocida como la\u00a0<strong>Ley<\/strong>\u00a0<em><strong>Bol\u00edvar<\/strong><\/em>, norma que busca frenar las operaciones comerciales con personas (naturales o jur\u00eddicas) que apoyen al r\u00e9gimen de Nicol\u00e1s Maduro.<\/p>\n<p style=\"text-align: justify\">La Ley Bol\u00edvar de EEUU, tambi\u00e9n pretende reforzar las <strong>sanciones,<\/strong> con ello la legislaci\u00f3n cre\u00f3 un centro de dudas y controversia sobre su alcance y verdadero impacto. Esto podr\u00eda despejarse una vez que reciba el visto bueno del Senado, a partir del <strong>20 enero<\/strong>, tras la toma de posesi\u00f3n del <strong>presidente electo Donald Trump<\/strong>.<\/p>\n<h3>Entretanto<\/h3>\n<p style=\"text-align: justify\">Nicol\u00e1s\u00a0<strong>Maduro<\/strong> increment\u00f3 su ofensiva contra la l\u00edder opositora Mar\u00eda Corina Machado al abrir una investigaci\u00f3n criminal en su contra, de acuerdo con un comunicado reciente de la fiscal\u00eda dirigida por Tarek William Saab, que de acuerdo a las \u00faltimas noticias y discursos de parte de Jorge Rodr\u00edguez, presidente de la Asamblea Nacional dispone imponer cerca de treinta a\u00f1os de c\u00e1rcel a Mar\u00eda Corina, as\u00ed como al cuestionado reci\u00e9n electo presidente Edmundo Gonz\u00e1lez Urrutia, por traici\u00f3n a la Patria, instigaci\u00f3n al odio y terrorismo, entre otras acusaciones m\u00e1s.<\/p>\n<p>No obstante contin\u00faan las denuncias contra el mandato de Nicol\u00e1s Maduro por no mostrar las pruebas que respalden su reelecci\u00f3n, sin respuesta sobre las actas que definan y aclaren la controversia electoral del pasado 28 de julio.<\/p>\n<p style=\"text-align: justify\">El llamado a manifestar pac\u00edficamente se mantiene con la lider MCM en la clandestinidad, pero en Venezuela, ya que est\u00e1 decidida a cumplir su objetivo pol\u00edtico en la lucha por los detenidos tras el pasado 28 de julio, presos que superan cifras en menores de edad que no fueron part\u00edcipes en las protestas pero que est\u00e1n siendo juzgados como terroristas, de acuerdo a las m\u00faltiples denuncias emanadas de familiares, as\u00ed como testimonios de las v\u00edctimas.<\/p>\n<p style=\"text-align: justify\">Cabe destacar que estos casos plenamente identificados y registrados forman parte del informe dirigido al tribunal de La Haya, para denunciar a los altos funcionarios venezolanos, encabezado por el Presidente Nicol\u00e1s Maduro, por delitos de Lesa Humanidad. Situaci\u00f3n que se evidenci\u00f3 este pasado lunes 2 de diciembre durante las declaraciones del Fiscal de la Corte Penal Internacional, Karim Khan mientras se llevaba a cabo la inauguraci\u00f3n de la Asamblea de Estados Parte del Estatuto de Roma, en La Haya.<\/p>\n<div style=\"width: 1033px\" class=\"wp-caption alignnone\"><img loading=\"lazy\" decoding=\"async\" src=\"https:\/\/gdb.voanews.com\/f2179c8f-9374-4b4c-9e0a-dd4f1d143360_w1023_r1_s.jpg\" alt=\"ARCHIVO - El fiscal de la Corte Penal Internacional, Karim Khan, habla durante una entrevista con Reuters en La Haya, Pa\u00edses Bajos, el 12 de febrero de 2024.\" width=\"1023\" height=\"575\" \/><p class=\"wp-caption-text\">Fiscal cuestion\u00f3 la falta de cimplimiento de los acuerdos para respetar los derechos civiles, antes de las elecciones presidenciales, acuerdos pautados desde Abril.<\/p><\/div>\n<p>&nbsp;<\/p>\n<p><img decoding=\"async\" src=\"https:\/\/pbs.twimg.com\/media\/GcXKYuPWEAA_CMy?format=jpg&amp;name=small\" alt=\"Imagen\" \/><\/p>\n<p>En este sentido, el fiscal general de Venezuela, Tarek William Saab, ha\u00a0<strong><em>descartado que en el pa\u00eds haya ni\u00f1os arrestados,<\/em><\/strong>\u00a0pero admiti\u00f3 que s\u00ed detuvieron a adolescentes que, seg\u00fan asegur\u00f3, participaron en actos de violencia postelectoral.<\/p>\n<\/div>\n<div class=\"imagen-minea\" style=\"background-color: #ffffff;display: flex;align-items: center;font-size: 14px\"><\/div>\n","protected":false},"excerpt":{"rendered":"<p>NOTI-AM\u00c9RICA | VENEZUELA LEY ORG\u00c1NICA LIBERTADOR SIM\u00d3N BOL\u00cdVAR CONTRA EL BLOQUEO IMPERIALISTA SE ERIGE EN DEFENSA DE LA PAz y la vida El presidente de Nicol\u00e1s Maduro calific\u00f3 positivamente la propuesta de la Ley&#46;&#46;&#46;<\/p>\n","protected":false},"author":11,"featured_media":41890,"comment_status":"open","ping_status":"open","sticky":false,"template":"","format":"standard","meta":{"_acf_changed":false,"om_disable_all_campaigns":false,"rop_custom_images_group":[],"rop_custom_messages_group":[],"rop_publish_now":"initial","rop_publish_now_accounts":{"twitter_242054905_242054905":""},"rop_publish_now_history":[],"rop_publish_now_status":"pending","_uf_show_specific_survey":0,"_uf_disable_surveys":false,"footnotes":""},"categories":[3,156],"tags":[],"class_list":["post-41889","post","type-post","status-publish","format-standard","has-post-thumbnail","hentry","category-politica","category-venezuela"],"acf":[],"aioseo_notices":[],"yoast_head":"<!-- This site is optimized with the Yoast SEO Premium plugin v24.9 (Yoast SEO v27.2) - https:\/\/yoast.com\/product\/yoast-seo-premium-wordpress\/ -->\n<title>Pol\u00e9mica &quot;Ley Bol\u00edvar&quot; para rebatir &quot;Ley Bol\u00edvar EEUU&quot; busca aprobar AN de Maduro - Venezuela | Noti-America.com<\/title>\n<meta name=\"robots\" content=\"index, follow, max-snippet:-1, max-image-preview:large, max-video-preview:-1\" \/>\n<link rel=\"canonical\" href=\"https:\/\/noti-america.com\/site\/venezuela\/2024\/12\/03\/polemica-ley-bolivar-para-rebatir-ley-bolivar-eeuu-busca-aprobar-an-de-maduro\/\" \/>\n<meta property=\"og:locale\" content=\"es_ES\" \/>\n<meta property=\"og:type\" content=\"article\" \/>\n<meta property=\"og:title\" content=\"Pol\u00e9mica &quot;Ley Bol\u00edvar&quot; para rebatir &quot;Ley Bol\u00edvar EEUU&quot; busca aprobar AN de Maduro\" \/>\n<meta property=\"og:description\" content=\"NOTI-AM\u00c9RICA | VENEZUELA LEY ORG\u00c1NICA LIBERTADOR SIM\u00d3N BOL\u00cdVAR CONTRA EL BLOQUEO IMPERIALISTA SE ERIGE EN DEFENSA DE LA PAz y la vida El presidente de Nicol\u00e1s Maduro calific\u00f3 positivamente la propuesta de la Ley&#046;&#046;&#046;\" \/>\n<meta property=\"og:url\" content=\"https:\/\/noti-america.com\/site\/venezuela\/2024\/12\/03\/polemica-ley-bolivar-para-rebatir-ley-bolivar-eeuu-busca-aprobar-an-de-maduro\/\" \/>\n<meta property=\"og:site_name\" content=\"Venezuela | Noti-America.com\" \/>\n<meta property=\"article:published_time\" content=\"2024-12-03T23:40:37+00:00\" \/>\n<meta property=\"og:image\" content=\"https:\/\/noti-america.com\/site\/venezuela\/wp-content\/uploads\/sites\/2\/2024\/12\/maduro-en.jpg\" \/>\n\t<meta property=\"og:image:width\" content=\"680\" \/>\n\t<meta property=\"og:image:height\" content=\"383\" \/>\n\t<meta property=\"og:image:type\" content=\"image\/jpeg\" \/>\n<meta name=\"author\" content=\"Yliana Duque\" \/>\n<meta name=\"twitter:card\" content=\"summary_large_image\" \/>\n<meta name=\"twitter:creator\" content=\"@ylianaduque\" \/>\n<meta name=\"twitter:label1\" content=\"Escrito por\" \/>\n\t<meta name=\"twitter:data1\" content=\"Yliana Duque\" \/>\n\t<meta name=\"twitter:label2\" content=\"Tiempo estimado de lectura\" \/>\n\t<meta name=\"twitter:data2\" content=\"4 minutos\" \/>\n<script type=\"application\/ld+json\" class=\"yoast-schema-graph\">{\"@context\":\"https:\/\/schema.org\",\"@graph\":[{\"@type\":\"Article\",\"@id\":\"https:\/\/noti-america.com\/site\/venezuela\/2024\/12\/03\/polemica-ley-bolivar-para-rebatir-ley-bolivar-eeuu-busca-aprobar-an-de-maduro\/#article\",\"isPartOf\":{\"@id\":\"https:\/\/noti-america.com\/site\/venezuela\/2024\/12\/03\/polemica-ley-bolivar-para-rebatir-ley-bolivar-eeuu-busca-aprobar-an-de-maduro\/\"},\"author\":{\"name\":\"Yliana Duque\",\"@id\":\"https:\/\/noti-america.com\/site\/venezuela\/#\/schema\/person\/a166d9d45f249dbd09521fbc2e7342d8\"},\"headline\":\"Pol\u00e9mica \u00abLey Bol\u00edvar\u00bb para rebatir \u00abLey Bol\u00edvar EEUU\u00bb busca aprobar AN de Maduro\",\"datePublished\":\"2024-12-03T23:40:37+00:00\",\"mainEntityOfPage\":{\"@id\":\"https:\/\/noti-america.com\/site\/venezuela\/2024\/12\/03\/polemica-ley-bolivar-para-rebatir-ley-bolivar-eeuu-busca-aprobar-an-de-maduro\/\"},\"wordCount\":803,\"commentCount\":0,\"publisher\":{\"@id\":\"https:\/\/noti-america.com\/site\/venezuela\/#organization\"},\"image\":{\"@id\":\"https:\/\/noti-america.com\/site\/venezuela\/2024\/12\/03\/polemica-ley-bolivar-para-rebatir-ley-bolivar-eeuu-busca-aprobar-an-de-maduro\/#primaryimage\"},\"thumbnailUrl\":\"https:\/\/noti-america.com\/site\/venezuela\/wp-content\/uploads\/sites\/2\/2024\/12\/maduro-en.jpg\",\"articleSection\":[\"Pol\u00edtica\",\"Venezuela\"],\"inLanguage\":\"es\",\"potentialAction\":[{\"@type\":\"CommentAction\",\"name\":\"Comment\",\"target\":[\"https:\/\/noti-america.com\/site\/venezuela\/2024\/12\/03\/polemica-ley-bolivar-para-rebatir-ley-bolivar-eeuu-busca-aprobar-an-de-maduro\/#respond\"]}]},{\"@type\":\"WebPage\",\"@id\":\"https:\/\/noti-america.com\/site\/venezuela\/2024\/12\/03\/polemica-ley-bolivar-para-rebatir-ley-bolivar-eeuu-busca-aprobar-an-de-maduro\/\",\"url\":\"https:\/\/noti-america.com\/site\/venezuela\/2024\/12\/03\/polemica-ley-bolivar-para-rebatir-ley-bolivar-eeuu-busca-aprobar-an-de-maduro\/\",\"name\":\"Pol\u00e9mica \\\"Ley Bol\u00edvar\\\" para rebatir \\\"Ley Bol\u00edvar EEUU\\\" busca aprobar AN de Maduro - Venezuela | Noti-America.com\",\"isPartOf\":{\"@id\":\"https:\/\/noti-america.com\/site\/venezuela\/#website\"},\"primaryImageOfPage\":{\"@id\":\"https:\/\/noti-america.com\/site\/venezuela\/2024\/12\/03\/polemica-ley-bolivar-para-rebatir-ley-bolivar-eeuu-busca-aprobar-an-de-maduro\/#primaryimage\"},\"image\":{\"@id\":\"https:\/\/noti-america.com\/site\/venezuela\/2024\/12\/03\/polemica-ley-bolivar-para-rebatir-ley-bolivar-eeuu-busca-aprobar-an-de-maduro\/#primaryimage\"},\"thumbnailUrl\":\"https:\/\/noti-america.com\/site\/venezuela\/wp-content\/uploads\/sites\/2\/2024\/12\/maduro-en.jpg\",\"datePublished\":\"2024-12-03T23:40:37+00:00\",\"breadcrumb\":{\"@id\":\"https:\/\/noti-america.com\/site\/venezuela\/2024\/12\/03\/polemica-ley-bolivar-para-rebatir-ley-bolivar-eeuu-busca-aprobar-an-de-maduro\/#breadcrumb\"},\"inLanguage\":\"es\",\"potentialAction\":[{\"@type\":\"ReadAction\",\"target\":[\"https:\/\/noti-america.com\/site\/venezuela\/2024\/12\/03\/polemica-ley-bolivar-para-rebatir-ley-bolivar-eeuu-busca-aprobar-an-de-maduro\/\"]}]},{\"@type\":\"ImageObject\",\"inLanguage\":\"es\",\"@id\":\"https:\/\/noti-america.com\/site\/venezuela\/2024\/12\/03\/polemica-ley-bolivar-para-rebatir-ley-bolivar-eeuu-busca-aprobar-an-de-maduro\/#primaryimage\",\"url\":\"https:\/\/noti-america.com\/site\/venezuela\/wp-content\/uploads\/sites\/2\/2024\/12\/maduro-en.jpg\",\"contentUrl\":\"https:\/\/noti-america.com\/site\/venezuela\/wp-content\/uploads\/sites\/2\/2024\/12\/maduro-en.jpg\",\"width\":680,\"height\":383},{\"@type\":\"BreadcrumbList\",\"@id\":\"https:\/\/noti-america.com\/site\/venezuela\/2024\/12\/03\/polemica-ley-bolivar-para-rebatir-ley-bolivar-eeuu-busca-aprobar-an-de-maduro\/#breadcrumb\",\"itemListElement\":[{\"@type\":\"ListItem\",\"position\":1,\"name\":\"Portada\",\"item\":\"https:\/\/noti-america.com\/site\/venezuela\/\"},{\"@type\":\"ListItem\",\"position\":2,\"name\":\"Pol\u00e9mica \u00abLey Bol\u00edvar\u00bb para rebatir \u00abLey Bol\u00edvar EEUU\u00bb busca aprobar AN de Maduro\"}]},{\"@type\":\"WebSite\",\"@id\":\"https:\/\/noti-america.com\/site\/venezuela\/#website\",\"url\":\"https:\/\/noti-america.com\/site\/venezuela\/\",\"name\":\"Venezuela | Noti-America.com\",\"description\":\"\",\"publisher\":{\"@id\":\"https:\/\/noti-america.com\/site\/venezuela\/#organization\"},\"potentialAction\":[{\"@type\":\"SearchAction\",\"target\":{\"@type\":\"EntryPoint\",\"urlTemplate\":\"https:\/\/noti-america.com\/site\/venezuela\/?s={search_term_string}\"},\"query-input\":{\"@type\":\"PropertyValueSpecification\",\"valueRequired\":true,\"valueName\":\"search_term_string\"}}],\"inLanguage\":\"es\"},{\"@type\":\"Organization\",\"@id\":\"https:\/\/noti-america.com\/site\/venezuela\/#organization\",\"name\":\"Noti-America LLC | Venezuela\",\"url\":\"https:\/\/noti-america.com\/site\/venezuela\/\",\"logo\":{\"@type\":\"ImageObject\",\"inLanguage\":\"es\",\"@id\":\"https:\/\/noti-america.com\/site\/venezuela\/#\/schema\/logo\/image\/\",\"url\":\"https:\/\/noti-america.com\/site\/venezuela\/wp-content\/uploads\/sites\/2\/2020\/07\/LogoNA-4x3-1.jpg\",\"contentUrl\":\"https:\/\/noti-america.com\/site\/venezuela\/wp-content\/uploads\/sites\/2\/2020\/07\/LogoNA-4x3-1.jpg\",\"width\":1236,\"height\":1080,\"caption\":\"Noti-America LLC | Venezuela\"},\"image\":{\"@id\":\"https:\/\/noti-america.com\/site\/venezuela\/#\/schema\/logo\/image\/\"}},{\"@type\":\"Person\",\"@id\":\"https:\/\/noti-america.com\/site\/venezuela\/#\/schema\/person\/a166d9d45f249dbd09521fbc2e7342d8\",\"name\":\"Yliana Duque\",\"image\":{\"@type\":\"ImageObject\",\"inLanguage\":\"es\",\"@id\":\"https:\/\/secure.gravatar.com\/avatar\/8caf2a4035762b3be44c3a0455581febe2d5273a41ac40dacc575b8aa348fe65?s=96&d=mm&r=g\",\"url\":\"https:\/\/secure.gravatar.com\/avatar\/8caf2a4035762b3be44c3a0455581febe2d5273a41ac40dacc575b8aa348fe65?s=96&d=mm&r=g\",\"contentUrl\":\"https:\/\/secure.gravatar.com\/avatar\/8caf2a4035762b3be44c3a0455581febe2d5273a41ac40dacc575b8aa348fe65?s=96&d=mm&r=g\",\"caption\":\"Yliana Duque\"},\"description\":\"Ejercer el periodismo requiere de pasi\u00f3n y conocimiento en investigaci\u00f3n de campo. Siempre en la b\u00fasqueda de la verdad para aportar claridad y poder discernir sobre el hecho noticioso. Egresada de la Universidad de los Andes. Maestria en Relaciones Internacionales (UCV). Diplomado de Educaci\u00f3n Superior (Universidad Experimental LIbertador (UPEL), y Educaci\u00f3n superior a distancia (UFT). Estudios de Locuci\u00f3n- Actuaci\u00f3n-Publicidad y Mercadeo, Redes. Subdirectora de relaciones p\u00fablicas de la Asamablea Legislativa del Estado Sucre(1995)-Periodista de TELESOL,Telecaribe (Sucre). Jefe de Prensa de la Gobernaci\u00f3n del Estado Amazonas(1997). Periodista Comandancia General del Ej\u00e9rcito, Fuerte Tiuna (1996). Lider de Proyectos en educaci\u00f3n Superior en la Universidad Ferm\u00edn Toro (UFT) (2000). Docente Universitario UFT (2002-2007)-Docente de Educaci\u00f3n Superior a Distancia -titulado. Periodista Diario El Informador. Periodista en Apoyo A\u00e9reo de la Guardia Nacional, Aeropuerto Jacinto Lara. www.Noti-america.com (Venezuela)\",\"sameAs\":[\"https:\/\/x.com\/ylianaduque\"],\"url\":\"https:\/\/noti-america.com\/site\/venezuela\/author\/yduque\/\"}]}<\/script>\n<!-- \/ Yoast SEO Premium plugin. -->","yoast_head_json":{"title":"Pol\u00e9mica \"Ley Bol\u00edvar\" para rebatir \"Ley Bol\u00edvar EEUU\" busca aprobar AN de Maduro - Venezuela | Noti-America.com","robots":{"index":"index","follow":"follow","max-snippet":"max-snippet:-1","max-image-preview":"max-image-preview:large","max-video-preview":"max-video-preview:-1"},"canonical":"https:\/\/noti-america.com\/site\/venezuela\/2024\/12\/03\/polemica-ley-bolivar-para-rebatir-ley-bolivar-eeuu-busca-aprobar-an-de-maduro\/","og_locale":"es_ES","og_type":"article","og_title":"Pol\u00e9mica \"Ley Bol\u00edvar\" para rebatir \"Ley Bol\u00edvar EEUU\" busca aprobar AN de Maduro","og_description":"NOTI-AM\u00c9RICA | VENEZUELA LEY ORG\u00c1NICA LIBERTADOR SIM\u00d3N BOL\u00cdVAR CONTRA EL BLOQUEO IMPERIALISTA SE ERIGE EN DEFENSA DE LA PAz y la vida El presidente de Nicol\u00e1s Maduro calific\u00f3 positivamente la propuesta de la Ley&#46;&#46;&#46;","og_url":"https:\/\/noti-america.com\/site\/venezuela\/2024\/12\/03\/polemica-ley-bolivar-para-rebatir-ley-bolivar-eeuu-busca-aprobar-an-de-maduro\/","og_site_name":"Venezuela | Noti-America.com","article_published_time":"2024-12-03T23:40:37+00:00","og_image":[{"width":680,"height":383,"url":"https:\/\/noti-america.com\/site\/venezuela\/wp-content\/uploads\/sites\/2\/2024\/12\/maduro-en.jpg","type":"image\/jpeg"}],"author":"Yliana Duque","twitter_card":"summary_large_image","twitter_creator":"@ylianaduque","twitter_misc":{"Escrito por":"Yliana Duque","Tiempo estimado de lectura":"4 minutos"},"schema":{"@context":"https:\/\/schema.org","@graph":[{"@type":"Article","@id":"https:\/\/noti-america.com\/site\/venezuela\/2024\/12\/03\/polemica-ley-bolivar-para-rebatir-ley-bolivar-eeuu-busca-aprobar-an-de-maduro\/#article","isPartOf":{"@id":"https:\/\/noti-america.com\/site\/venezuela\/2024\/12\/03\/polemica-ley-bolivar-para-rebatir-ley-bolivar-eeuu-busca-aprobar-an-de-maduro\/"},"author":{"name":"Yliana Duque","@id":"https:\/\/noti-america.com\/site\/venezuela\/#\/schema\/person\/a166d9d45f249dbd09521fbc2e7342d8"},"headline":"Pol\u00e9mica \u00abLey Bol\u00edvar\u00bb para rebatir \u00abLey Bol\u00edvar EEUU\u00bb busca aprobar AN de Maduro","datePublished":"2024-12-03T23:40:37+00:00","mainEntityOfPage":{"@id":"https:\/\/noti-america.com\/site\/venezuela\/2024\/12\/03\/polemica-ley-bolivar-para-rebatir-ley-bolivar-eeuu-busca-aprobar-an-de-maduro\/"},"wordCount":803,"commentCount":0,"publisher":{"@id":"https:\/\/noti-america.com\/site\/venezuela\/#organization"},"image":{"@id":"https:\/\/noti-america.com\/site\/venezuela\/2024\/12\/03\/polemica-ley-bolivar-para-rebatir-ley-bolivar-eeuu-busca-aprobar-an-de-maduro\/#primaryimage"},"thumbnailUrl":"https:\/\/noti-america.com\/site\/venezuela\/wp-content\/uploads\/sites\/2\/2024\/12\/maduro-en.jpg","articleSection":["Pol\u00edtica","Venezuela"],"inLanguage":"es","potentialAction":[{"@type":"CommentAction","name":"Comment","target":["https:\/\/noti-america.com\/site\/venezuela\/2024\/12\/03\/polemica-ley-bolivar-para-rebatir-ley-bolivar-eeuu-busca-aprobar-an-de-maduro\/#respond"]}]},{"@type":"WebPage","@id":"https:\/\/noti-america.com\/site\/venezuela\/2024\/12\/03\/polemica-ley-bolivar-para-rebatir-ley-bolivar-eeuu-busca-aprobar-an-de-maduro\/","url":"https:\/\/noti-america.com\/site\/venezuela\/2024\/12\/03\/polemica-ley-bolivar-para-rebatir-ley-bolivar-eeuu-busca-aprobar-an-de-maduro\/","name":"Pol\u00e9mica \"Ley Bol\u00edvar\" para rebatir \"Ley Bol\u00edvar EEUU\" busca aprobar AN de Maduro - Venezuela | Noti-America.com","isPartOf":{"@id":"https:\/\/noti-america.com\/site\/venezuela\/#website"},"primaryImageOfPage":{"@id":"https:\/\/noti-america.com\/site\/venezuela\/2024\/12\/03\/polemica-ley-bolivar-para-rebatir-ley-bolivar-eeuu-busca-aprobar-an-de-maduro\/#primaryimage"},"image":{"@id":"https:\/\/noti-america.com\/site\/venezuela\/2024\/12\/03\/polemica-ley-bolivar-para-rebatir-ley-bolivar-eeuu-busca-aprobar-an-de-maduro\/#primaryimage"},"thumbnailUrl":"https:\/\/noti-america.com\/site\/venezuela\/wp-content\/uploads\/sites\/2\/2024\/12\/maduro-en.jpg","datePublished":"2024-12-03T23:40:37+00:00","breadcrumb":{"@id":"https:\/\/noti-america.com\/site\/venezuela\/2024\/12\/03\/polemica-ley-bolivar-para-rebatir-ley-bolivar-eeuu-busca-aprobar-an-de-maduro\/#breadcrumb"},"inLanguage":"es","potentialAction":[{"@type":"ReadAction","target":["https:\/\/noti-america.com\/site\/venezuela\/2024\/12\/03\/polemica-ley-bolivar-para-rebatir-ley-bolivar-eeuu-busca-aprobar-an-de-maduro\/"]}]},{"@type":"ImageObject","inLanguage":"es","@id":"https:\/\/noti-america.com\/site\/venezuela\/2024\/12\/03\/polemica-ley-bolivar-para-rebatir-ley-bolivar-eeuu-busca-aprobar-an-de-maduro\/#primaryimage","url":"https:\/\/noti-america.com\/site\/venezuela\/wp-content\/uploads\/sites\/2\/2024\/12\/maduro-en.jpg","contentUrl":"https:\/\/noti-america.com\/site\/venezuela\/wp-content\/uploads\/sites\/2\/2024\/12\/maduro-en.jpg","width":680,"height":383},{"@type":"BreadcrumbList","@id":"https:\/\/noti-america.com\/site\/venezuela\/2024\/12\/03\/polemica-ley-bolivar-para-rebatir-ley-bolivar-eeuu-busca-aprobar-an-de-maduro\/#breadcrumb","itemListElement":[{"@type":"ListItem","position":1,"name":"Portada","item":"https:\/\/noti-america.com\/site\/venezuela\/"},{"@type":"ListItem","position":2,"name":"Pol\u00e9mica \u00abLey Bol\u00edvar\u00bb para rebatir \u00abLey Bol\u00edvar EEUU\u00bb busca aprobar AN de Maduro"}]},{"@type":"WebSite","@id":"https:\/\/noti-america.com\/site\/venezuela\/#website","url":"https:\/\/noti-america.com\/site\/venezuela\/","name":"Venezuela | Noti-America.com","description":"","publisher":{"@id":"https:\/\/noti-america.com\/site\/venezuela\/#organization"},"potentialAction":[{"@type":"SearchAction","target":{"@type":"EntryPoint","urlTemplate":"https:\/\/noti-america.com\/site\/venezuela\/?s={search_term_string}"},"query-input":{"@type":"PropertyValueSpecification","valueRequired":true,"valueName":"search_term_string"}}],"inLanguage":"es"},{"@type":"Organization","@id":"https:\/\/noti-america.com\/site\/venezuela\/#organization","name":"Noti-America LLC | Venezuela","url":"https:\/\/noti-america.com\/site\/venezuela\/","logo":{"@type":"ImageObject","inLanguage":"es","@id":"https:\/\/noti-america.com\/site\/venezuela\/#\/schema\/logo\/image\/","url":"https:\/\/noti-america.com\/site\/venezuela\/wp-content\/uploads\/sites\/2\/2020\/07\/LogoNA-4x3-1.jpg","contentUrl":"https:\/\/noti-america.com\/site\/venezuela\/wp-content\/uploads\/sites\/2\/2020\/07\/LogoNA-4x3-1.jpg","width":1236,"height":1080,"caption":"Noti-America LLC | Venezuela"},"image":{"@id":"https:\/\/noti-america.com\/site\/venezuela\/#\/schema\/logo\/image\/"}},{"@type":"Person","@id":"https:\/\/noti-america.com\/site\/venezuela\/#\/schema\/person\/a166d9d45f249dbd09521fbc2e7342d8","name":"Yliana Duque","image":{"@type":"ImageObject","inLanguage":"es","@id":"https:\/\/secure.gravatar.com\/avatar\/8caf2a4035762b3be44c3a0455581febe2d5273a41ac40dacc575b8aa348fe65?s=96&d=mm&r=g","url":"https:\/\/secure.gravatar.com\/avatar\/8caf2a4035762b3be44c3a0455581febe2d5273a41ac40dacc575b8aa348fe65?s=96&d=mm&r=g","contentUrl":"https:\/\/secure.gravatar.com\/avatar\/8caf2a4035762b3be44c3a0455581febe2d5273a41ac40dacc575b8aa348fe65?s=96&d=mm&r=g","caption":"Yliana Duque"},"description":"Ejercer el periodismo requiere de pasi\u00f3n y conocimiento en investigaci\u00f3n de campo. Siempre en la b\u00fasqueda de la verdad para aportar claridad y poder discernir sobre el hecho noticioso. Egresada de la Universidad de los Andes. Maestria en Relaciones Internacionales (UCV). Diplomado de Educaci\u00f3n Superior (Universidad Experimental LIbertador (UPEL), y Educaci\u00f3n superior a distancia (UFT). Estudios de Locuci\u00f3n- Actuaci\u00f3n-Publicidad y Mercadeo, Redes. Subdirectora de relaciones p\u00fablicas de la Asamablea Legislativa del Estado Sucre(1995)-Periodista de TELESOL,Telecaribe (Sucre). Jefe de Prensa de la Gobernaci\u00f3n del Estado Amazonas(1997). Periodista Comandancia General del Ej\u00e9rcito, Fuerte Tiuna (1996). Lider de Proyectos en educaci\u00f3n Superior en la Universidad Ferm\u00edn Toro (UFT) (2000). Docente Universitario UFT (2002-2007)-Docente de Educaci\u00f3n Superior a Distancia -titulado. Periodista Diario El Informador. Periodista en Apoyo A\u00e9reo de la Guardia Nacional, Aeropuerto Jacinto Lara. www.Noti-america.com (Venezuela)","sameAs":["https:\/\/x.com\/ylianaduque"],"url":"https:\/\/noti-america.com\/site\/venezuela\/author\/yduque\/"}]}},"_links":{"self":[{"href":"https:\/\/noti-america.com\/site\/venezuela\/wp-json\/wp\/v2\/posts\/41889","targetHints":{"allow":["GET"]}}],"collection":[{"href":"https:\/\/noti-america.com\/site\/venezuela\/wp-json\/wp\/v2\/posts"}],"about":[{"href":"https:\/\/noti-america.com\/site\/venezuela\/wp-json\/wp\/v2\/types\/post"}],"author":[{"embeddable":true,"href":"https:\/\/noti-america.com\/site\/venezuela\/wp-json\/wp\/v2\/users\/11"}],"replies":[{"embeddable":true,"href":"https:\/\/noti-america.com\/site\/venezuela\/wp-json\/wp\/v2\/comments?post=41889"}],"version-history":[{"count":4,"href":"https:\/\/noti-america.com\/site\/venezuela\/wp-json\/wp\/v2\/posts\/41889\/revisions"}],"predecessor-version":[{"id":41899,"href":"https:\/\/noti-america.com\/site\/venezuela\/wp-json\/wp\/v2\/posts\/41889\/revisions\/41899"}],"wp:featuredmedia":[{"embeddable":true,"href":"https:\/\/noti-america.com\/site\/venezuela\/wp-json\/wp\/v2\/media\/41890"}],"wp:attachment":[{"href":"https:\/\/noti-america.com\/site\/venezuela\/wp-json\/wp\/v2\/media?parent=41889"}],"wp:term":[{"taxonomy":"category","embeddable":true,"href":"https:\/\/noti-america.com\/site\/venezuela\/wp-json\/wp\/v2\/categories?post=41889"},{"taxonomy":"post_tag","embeddable":true,"href":"https:\/\/noti-america.com\/site\/venezuela\/wp-json\/wp\/v2\/tags?post=41889"}],"curies":[{"name":"wp","href":"https:\/\/api.w.org\/{rel}","templated":true}]}}