{"id":4121,"date":"2018-12-06T03:05:33","date_gmt":"2018-12-06T03:05:33","guid":{"rendered":"http:\/\/noti-america.com\/site\/venezuela\/?p=4121"},"modified":"2018-12-06T03:05:33","modified_gmt":"2018-12-06T03:05:33","slug":"maria-corina-marcho-contra-el-regimen-de-maduro","status":"publish","type":"post","link":"https:\/\/noti-america.com\/site\/venezuela\/2018\/12\/06\/maria-corina-marcho-contra-el-regimen-de-maduro\/","title":{"rendered":"Maria Corina march\u00f3 contra el r\u00e9gimen de Maduro"},"content":{"rendered":"<blockquote>\n<div style=\"width: 636px\" class=\"wp-caption alignnone\"><img loading=\"lazy\" decoding=\"async\" src=\"https:\/\/cdn.elimpulso.com\/media\/2018\/12\/Maria-Corina-Machado-Alfredo-Ramos-Marcha-Barquisimeto-2-626x420.jpeg\" alt=\"\" width=\"626\" height=\"420\" \/><p class=\"wp-caption-text\">Larenses se acercaron la coordinadora de Vente Venezuela, MCM, para exponer sus penurias por la crisis que lamentan.<\/p><\/div>\n<p><b style=\"font-size: 16px\">MariaCorinaYA<\/b><span style=\"font-size: 16px\"> recorri\u00f3 el centro de <strong>B<\/strong><\/span><b>arquisimeto<\/b><span style=\"font-size: 16px\"> en la marcha <\/span><a class=\"twitter-hashtag pretty-link js-nav\" style=\"font-size: 16px\" href=\"https:\/\/twitter.com\/hashtag\/FueraMaduro?src=hash\"><s>#<\/s><b>FueraMaduro<\/b><\/a><span style=\"font-size: 16px\"> donde los ciudadanos se unieron masivamente a este grito nacional por la LIBERTAD. (@venteLara1)<\/span><\/p><\/blockquote>\n<p>Este mi\u00e9rcoles 5 de diciembre la\u00a0coordinadora nacional de Vente Venezuela, Mar\u00eda Corina Machado junto al ex alcalde de Barquisimeto, Alfredo Ramos, recorrieron las calles del centro de la capital larense exhortando una vez m\u00e1s a la ciudadan\u00eda a revelarse contra el r\u00e9gimen de pobreza que mantiene Nicol\u00e1s Maduro.<\/p>\n<div style=\"width: 1090px\" class=\"wp-caption alignnone\"><img loading=\"lazy\" decoding=\"async\" src=\"https:\/\/pbs.twimg.com\/media\/DtqpmtrXQAAbakH.jpg\" alt=\"\" width=\"1080\" height=\"720\" \/><p class=\"wp-caption-text\">MCM agradeci\u00f3 el apoyo y colaboraci\u00f3n de los funcionarios policiales por su resguardo.<\/p><\/div>\n<blockquote><p>Personalidades de los factores democr\u00e1ticos como el diputado de la Asamblea Nacional, <strong>Biagio Pilieri y el dirigente nacional de La Causa R, Andr\u00e9s Vel\u00e1squez, acompa\u00f1aron a MCM y Ramos en la marcha.<\/strong><\/p><\/blockquote>\n<p>https:\/\/twitter.com\/MariaCorinaYA\/status\/1070367271435030530<\/p>\n<p>La marcha, que inici\u00f3 desde la plaza San Jos\u00e9, por el centro de la ciudad, les permiti\u00f3 a los dirigentes pol\u00edticos acercarse al pueblo barquisimetano y conocer los malestares y necesidades de los pensionados que se encontraban en las adyacencias del banco Bicentenario, que padecen ante la indolencia de un sistema que les obliga a hacer extensas colas por una m\u00edsera pensi\u00f3n.<\/p>\n<p><img decoding=\"async\" src=\"https:\/\/pbs.twimg.com\/media\/DtrY7mBW4AAV_8s.jpg\" \/><\/p>\n<p>En su cuenta de Twitter, Ramos dijo que el pueblo estaba marchando en contra de Maduro, a quien calific\u00f3 de ileg\u00edtimo. \u201cDesde Lara se desarrolla la Marcha contra la tiran\u00eda junto a @MariaCorinaYA. El pueblo grita #MaduroIleg\u00edtimo #VenezuelaDesconoceAMaduro #FueraMaduro\u201d, escribi\u00f3 Ramos.<\/p>\n<blockquote class=\"twitter-tweet\" data-width=\"500\" data-dnt=\"true\">\n<p lang=\"es\" dir=\"ltr\">Hoy junto a <a href=\"https:\/\/twitter.com\/MariaCorinaYA?ref_src=twsrc%5Etfw\">@MariaCorinaYA<\/a> recorrimos las calles de Barquisimeto,energ\u00eda positiva de un pueblo que no se rinde. Articular pol\u00edticamente las protestas sociales,gremiales y sindicales,retomar la movilizaci\u00f3n masiva del pueblo,convocar la Huelga Nacional y <a href=\"https:\/\/twitter.com\/hashtag\/VenezuelaDesconoceAMaduro?src=hash&amp;ref_src=twsrc%5Etfw\">#VenezuelaDesconoceAMaduro<\/a> <a href=\"https:\/\/t.co\/XI2EZqEZ0i\">pic.twitter.com\/XI2EZqEZ0i<\/a><\/p>\n<p>&mdash; Alfredo Ramos (@AlfredoARamos) <a href=\"https:\/\/twitter.com\/AlfredoARamos\/status\/1070456816453238784?ref_src=twsrc%5Etfw\">December 5, 2018<\/a><\/p><\/blockquote>\n<p><script async src=\"https:\/\/platform.twitter.com\/widgets.js\" charset=\"utf-8\"><\/script><\/p>\n","protected":false},"excerpt":{"rendered":"<p>MariaCorinaYA recorri\u00f3 el centro de Barquisimeto en la marcha #FueraMaduro donde los ciudadanos se unieron masivamente a este grito nacional por la LIBERTAD. (@venteLara1) Este mi\u00e9rcoles 5 de diciembre la\u00a0coordinadora nacional de Vente Venezuela,&#46;&#46;&#46;<\/p>\n","protected":false},"author":11,"featured_media":4125,"comment_status":"open","ping_status":"open","sticky":false,"template":"","format":"standard","meta":{"_acf_changed":false,"om_disable_all_campaigns":false,"rop_custom_images_group":[],"rop_custom_messages_group":[],"rop_publish_now":"initial","rop_publish_now_accounts":{"twitter_242054905_242054905":""},"rop_publish_now_history":[],"rop_publish_now_status":"pending","_uf_show_specific_survey":0,"_uf_disable_surveys":false,"footnotes":""},"categories":[4],"tags":[],"class_list":["post-4121","post","type-post","status-publish","format-standard","has-post-thumbnail","hentry","category-internacionales"],"acf":[],"aioseo_notices":[],"yoast_head":"<!-- This site is optimized with the Yoast SEO Premium plugin v24.9 (Yoast SEO v27.2) - https:\/\/yoast.com\/product\/yoast-seo-premium-wordpress\/ -->\n<title>Maria Corina march\u00f3 contra el r\u00e9gimen de Maduro - Venezuela | Noti-America.com<\/title>\n<meta name=\"robots\" content=\"index, follow, max-snippet:-1, max-image-preview:large, max-video-preview:-1\" \/>\n<link rel=\"canonical\" href=\"https:\/\/noti-america.com\/site\/venezuela\/2018\/12\/06\/maria-corina-marcho-contra-el-regimen-de-maduro\/\" \/>\n<meta property=\"og:locale\" content=\"es_ES\" \/>\n<meta property=\"og:type\" content=\"article\" \/>\n<meta property=\"og:title\" content=\"Maria Corina march\u00f3 contra el r\u00e9gimen de Maduro\" \/>\n<meta property=\"og:description\" content=\"MariaCorinaYA recorri\u00f3 el centro de Barquisimeto en la marcha #FueraMaduro donde los ciudadanos se unieron masivamente a este grito nacional por la LIBERTAD. (@venteLara1) Este mi\u00e9rcoles 5 de diciembre la\u00a0coordinadora nacional de Vente Venezuela,&#046;&#046;&#046;\" \/>\n<meta property=\"og:url\" content=\"https:\/\/noti-america.com\/site\/venezuela\/2018\/12\/06\/maria-corina-marcho-contra-el-regimen-de-maduro\/\" \/>\n<meta property=\"og:site_name\" content=\"Venezuela | Noti-America.com\" \/>\n<meta property=\"article:published_time\" content=\"2018-12-06T03:05:33+00:00\" \/>\n<meta property=\"og:image\" content=\"https:\/\/noti-america.com\/site\/venezuela\/wp-content\/uploads\/sites\/2\/2018\/12\/MCM-y-alfredo-en-Lara.jpg\" \/>\n\t<meta property=\"og:image:width\" content=\"1080\" \/>\n\t<meta property=\"og:image:height\" content=\"720\" \/>\n\t<meta property=\"og:image:type\" content=\"image\/jpeg\" \/>\n<meta name=\"author\" content=\"Yliana Duque\" \/>\n<meta name=\"twitter:card\" content=\"summary_large_image\" \/>\n<meta name=\"twitter:creator\" content=\"@ylianaduque\" \/>\n<meta name=\"twitter:label1\" content=\"Escrito por\" \/>\n\t<meta name=\"twitter:data1\" content=\"Yliana Duque\" \/>\n\t<meta name=\"twitter:label2\" content=\"Tiempo estimado de lectura\" \/>\n\t<meta name=\"twitter:data2\" content=\"1 minuto\" \/>\n<script type=\"application\/ld+json\" class=\"yoast-schema-graph\">{\"@context\":\"https:\/\/schema.org\",\"@graph\":[{\"@type\":\"Article\",\"@id\":\"https:\/\/noti-america.com\/site\/venezuela\/2018\/12\/06\/maria-corina-marcho-contra-el-regimen-de-maduro\/#article\",\"isPartOf\":{\"@id\":\"https:\/\/noti-america.com\/site\/venezuela\/2018\/12\/06\/maria-corina-marcho-contra-el-regimen-de-maduro\/\"},\"author\":{\"name\":\"Yliana Duque\",\"@id\":\"https:\/\/noti-america.com\/site\/venezuela\/#\/schema\/person\/a166d9d45f249dbd09521fbc2e7342d8\"},\"headline\":\"Maria Corina march\u00f3 contra el r\u00e9gimen de Maduro\",\"datePublished\":\"2018-12-06T03:05:33+00:00\",\"mainEntityOfPage\":{\"@id\":\"https:\/\/noti-america.com\/site\/venezuela\/2018\/12\/06\/maria-corina-marcho-contra-el-regimen-de-maduro\/\"},\"wordCount\":287,\"commentCount\":0,\"publisher\":{\"@id\":\"https:\/\/noti-america.com\/site\/venezuela\/#organization\"},\"image\":{\"@id\":\"https:\/\/noti-america.com\/site\/venezuela\/2018\/12\/06\/maria-corina-marcho-contra-el-regimen-de-maduro\/#primaryimage\"},\"thumbnailUrl\":\"https:\/\/noti-america.com\/site\/venezuela\/wp-content\/uploads\/sites\/2\/2018\/12\/MCM-y-alfredo-en-Lara.jpg\",\"articleSection\":[\"Internacionales\"],\"inLanguage\":\"es\",\"potentialAction\":[{\"@type\":\"CommentAction\",\"name\":\"Comment\",\"target\":[\"https:\/\/noti-america.com\/site\/venezuela\/2018\/12\/06\/maria-corina-marcho-contra-el-regimen-de-maduro\/#respond\"]}]},{\"@type\":\"WebPage\",\"@id\":\"https:\/\/noti-america.com\/site\/venezuela\/2018\/12\/06\/maria-corina-marcho-contra-el-regimen-de-maduro\/\",\"url\":\"https:\/\/noti-america.com\/site\/venezuela\/2018\/12\/06\/maria-corina-marcho-contra-el-regimen-de-maduro\/\",\"name\":\"Maria Corina march\u00f3 contra el r\u00e9gimen de Maduro - Venezuela | Noti-America.com\",\"isPartOf\":{\"@id\":\"https:\/\/noti-america.com\/site\/venezuela\/#website\"},\"primaryImageOfPage\":{\"@id\":\"https:\/\/noti-america.com\/site\/venezuela\/2018\/12\/06\/maria-corina-marcho-contra-el-regimen-de-maduro\/#primaryimage\"},\"image\":{\"@id\":\"https:\/\/noti-america.com\/site\/venezuela\/2018\/12\/06\/maria-corina-marcho-contra-el-regimen-de-maduro\/#primaryimage\"},\"thumbnailUrl\":\"https:\/\/noti-america.com\/site\/venezuela\/wp-content\/uploads\/sites\/2\/2018\/12\/MCM-y-alfredo-en-Lara.jpg\",\"datePublished\":\"2018-12-06T03:05:33+00:00\",\"breadcrumb\":{\"@id\":\"https:\/\/noti-america.com\/site\/venezuela\/2018\/12\/06\/maria-corina-marcho-contra-el-regimen-de-maduro\/#breadcrumb\"},\"inLanguage\":\"es\",\"potentialAction\":[{\"@type\":\"ReadAction\",\"target\":[\"https:\/\/noti-america.com\/site\/venezuela\/2018\/12\/06\/maria-corina-marcho-contra-el-regimen-de-maduro\/\"]}]},{\"@type\":\"ImageObject\",\"inLanguage\":\"es\",\"@id\":\"https:\/\/noti-america.com\/site\/venezuela\/2018\/12\/06\/maria-corina-marcho-contra-el-regimen-de-maduro\/#primaryimage\",\"url\":\"https:\/\/noti-america.com\/site\/venezuela\/wp-content\/uploads\/sites\/2\/2018\/12\/MCM-y-alfredo-en-Lara.jpg\",\"contentUrl\":\"https:\/\/noti-america.com\/site\/venezuela\/wp-content\/uploads\/sites\/2\/2018\/12\/MCM-y-alfredo-en-Lara.jpg\",\"width\":1080,\"height\":720},{\"@type\":\"BreadcrumbList\",\"@id\":\"https:\/\/noti-america.com\/site\/venezuela\/2018\/12\/06\/maria-corina-marcho-contra-el-regimen-de-maduro\/#breadcrumb\",\"itemListElement\":[{\"@type\":\"ListItem\",\"position\":1,\"name\":\"Portada\",\"item\":\"https:\/\/noti-america.com\/site\/venezuela\/\"},{\"@type\":\"ListItem\",\"position\":2,\"name\":\"Maria Corina march\u00f3 contra el r\u00e9gimen de Maduro\"}]},{\"@type\":\"WebSite\",\"@id\":\"https:\/\/noti-america.com\/site\/venezuela\/#website\",\"url\":\"https:\/\/noti-america.com\/site\/venezuela\/\",\"name\":\"Venezuela | Noti-America.com\",\"description\":\"\",\"publisher\":{\"@id\":\"https:\/\/noti-america.com\/site\/venezuela\/#organization\"},\"potentialAction\":[{\"@type\":\"SearchAction\",\"target\":{\"@type\":\"EntryPoint\",\"urlTemplate\":\"https:\/\/noti-america.com\/site\/venezuela\/?s={search_term_string}\"},\"query-input\":{\"@type\":\"PropertyValueSpecification\",\"valueRequired\":true,\"valueName\":\"search_term_string\"}}],\"inLanguage\":\"es\"},{\"@type\":\"Organization\",\"@id\":\"https:\/\/noti-america.com\/site\/venezuela\/#organization\",\"name\":\"Noti-America LLC | Venezuela\",\"url\":\"https:\/\/noti-america.com\/site\/venezuela\/\",\"logo\":{\"@type\":\"ImageObject\",\"inLanguage\":\"es\",\"@id\":\"https:\/\/noti-america.com\/site\/venezuela\/#\/schema\/logo\/image\/\",\"url\":\"https:\/\/noti-america.com\/site\/venezuela\/wp-content\/uploads\/sites\/2\/2020\/07\/LogoNA-4x3-1.jpg\",\"contentUrl\":\"https:\/\/noti-america.com\/site\/venezuela\/wp-content\/uploads\/sites\/2\/2020\/07\/LogoNA-4x3-1.jpg\",\"width\":1236,\"height\":1080,\"caption\":\"Noti-America LLC | Venezuela\"},\"image\":{\"@id\":\"https:\/\/noti-america.com\/site\/venezuela\/#\/schema\/logo\/image\/\"}},{\"@type\":\"Person\",\"@id\":\"https:\/\/noti-america.com\/site\/venezuela\/#\/schema\/person\/a166d9d45f249dbd09521fbc2e7342d8\",\"name\":\"Yliana Duque\",\"image\":{\"@type\":\"ImageObject\",\"inLanguage\":\"es\",\"@id\":\"https:\/\/secure.gravatar.com\/avatar\/8caf2a4035762b3be44c3a0455581febe2d5273a41ac40dacc575b8aa348fe65?s=96&d=mm&r=g\",\"url\":\"https:\/\/secure.gravatar.com\/avatar\/8caf2a4035762b3be44c3a0455581febe2d5273a41ac40dacc575b8aa348fe65?s=96&d=mm&r=g\",\"contentUrl\":\"https:\/\/secure.gravatar.com\/avatar\/8caf2a4035762b3be44c3a0455581febe2d5273a41ac40dacc575b8aa348fe65?s=96&d=mm&r=g\",\"caption\":\"Yliana Duque\"},\"description\":\"Ejercer el periodismo requiere de pasi\u00f3n y conocimiento en investigaci\u00f3n de campo. Siempre en la b\u00fasqueda de la verdad para aportar claridad y poder discernir sobre el hecho noticioso. Egresada de la Universidad de los Andes. Maestria en Relaciones Internacionales (UCV). Diplomado de Educaci\u00f3n Superior (Universidad Experimental LIbertador (UPEL), y Educaci\u00f3n superior a distancia (UFT). Estudios de Locuci\u00f3n- Actuaci\u00f3n-Publicidad y Mercadeo, Redes. Subdirectora de relaciones p\u00fablicas de la Asamablea Legislativa del Estado Sucre(1995)-Periodista de TELESOL,Telecaribe (Sucre). Jefe de Prensa de la Gobernaci\u00f3n del Estado Amazonas(1997). Periodista Comandancia General del Ej\u00e9rcito, Fuerte Tiuna (1996). Lider de Proyectos en educaci\u00f3n Superior en la Universidad Ferm\u00edn Toro (UFT) (2000). Docente Universitario UFT (2002-2007)-Docente de Educaci\u00f3n Superior a Distancia -titulado. Periodista Diario El Informador. Periodista en Apoyo A\u00e9reo de la Guardia Nacional, Aeropuerto Jacinto Lara. www.Noti-america.com (Venezuela)\",\"sameAs\":[\"https:\/\/x.com\/ylianaduque\"],\"url\":\"https:\/\/noti-america.com\/site\/venezuela\/author\/yduque\/\"}]}<\/script>\n<!-- \/ Yoast SEO Premium plugin. -->","yoast_head_json":{"title":"Maria Corina march\u00f3 contra el r\u00e9gimen de Maduro - Venezuela | Noti-America.com","robots":{"index":"index","follow":"follow","max-snippet":"max-snippet:-1","max-image-preview":"max-image-preview:large","max-video-preview":"max-video-preview:-1"},"canonical":"https:\/\/noti-america.com\/site\/venezuela\/2018\/12\/06\/maria-corina-marcho-contra-el-regimen-de-maduro\/","og_locale":"es_ES","og_type":"article","og_title":"Maria Corina march\u00f3 contra el r\u00e9gimen de Maduro","og_description":"MariaCorinaYA recorri\u00f3 el centro de Barquisimeto en la marcha #FueraMaduro donde los ciudadanos se unieron masivamente a este grito nacional por la LIBERTAD. (@venteLara1) Este mi\u00e9rcoles 5 de diciembre la\u00a0coordinadora nacional de Vente Venezuela,&#46;&#46;&#46;","og_url":"https:\/\/noti-america.com\/site\/venezuela\/2018\/12\/06\/maria-corina-marcho-contra-el-regimen-de-maduro\/","og_site_name":"Venezuela | Noti-America.com","article_published_time":"2018-12-06T03:05:33+00:00","og_image":[{"width":1080,"height":720,"url":"https:\/\/noti-america.com\/site\/venezuela\/wp-content\/uploads\/sites\/2\/2018\/12\/MCM-y-alfredo-en-Lara.jpg","type":"image\/jpeg"}],"author":"Yliana Duque","twitter_card":"summary_large_image","twitter_creator":"@ylianaduque","twitter_misc":{"Escrito por":"Yliana Duque","Tiempo estimado de lectura":"1 minuto"},"schema":{"@context":"https:\/\/schema.org","@graph":[{"@type":"Article","@id":"https:\/\/noti-america.com\/site\/venezuela\/2018\/12\/06\/maria-corina-marcho-contra-el-regimen-de-maduro\/#article","isPartOf":{"@id":"https:\/\/noti-america.com\/site\/venezuela\/2018\/12\/06\/maria-corina-marcho-contra-el-regimen-de-maduro\/"},"author":{"name":"Yliana Duque","@id":"https:\/\/noti-america.com\/site\/venezuela\/#\/schema\/person\/a166d9d45f249dbd09521fbc2e7342d8"},"headline":"Maria Corina march\u00f3 contra el r\u00e9gimen de Maduro","datePublished":"2018-12-06T03:05:33+00:00","mainEntityOfPage":{"@id":"https:\/\/noti-america.com\/site\/venezuela\/2018\/12\/06\/maria-corina-marcho-contra-el-regimen-de-maduro\/"},"wordCount":287,"commentCount":0,"publisher":{"@id":"https:\/\/noti-america.com\/site\/venezuela\/#organization"},"image":{"@id":"https:\/\/noti-america.com\/site\/venezuela\/2018\/12\/06\/maria-corina-marcho-contra-el-regimen-de-maduro\/#primaryimage"},"thumbnailUrl":"https:\/\/noti-america.com\/site\/venezuela\/wp-content\/uploads\/sites\/2\/2018\/12\/MCM-y-alfredo-en-Lara.jpg","articleSection":["Internacionales"],"inLanguage":"es","potentialAction":[{"@type":"CommentAction","name":"Comment","target":["https:\/\/noti-america.com\/site\/venezuela\/2018\/12\/06\/maria-corina-marcho-contra-el-regimen-de-maduro\/#respond"]}]},{"@type":"WebPage","@id":"https:\/\/noti-america.com\/site\/venezuela\/2018\/12\/06\/maria-corina-marcho-contra-el-regimen-de-maduro\/","url":"https:\/\/noti-america.com\/site\/venezuela\/2018\/12\/06\/maria-corina-marcho-contra-el-regimen-de-maduro\/","name":"Maria Corina march\u00f3 contra el r\u00e9gimen de Maduro - Venezuela | Noti-America.com","isPartOf":{"@id":"https:\/\/noti-america.com\/site\/venezuela\/#website"},"primaryImageOfPage":{"@id":"https:\/\/noti-america.com\/site\/venezuela\/2018\/12\/06\/maria-corina-marcho-contra-el-regimen-de-maduro\/#primaryimage"},"image":{"@id":"https:\/\/noti-america.com\/site\/venezuela\/2018\/12\/06\/maria-corina-marcho-contra-el-regimen-de-maduro\/#primaryimage"},"thumbnailUrl":"https:\/\/noti-america.com\/site\/venezuela\/wp-content\/uploads\/sites\/2\/2018\/12\/MCM-y-alfredo-en-Lara.jpg","datePublished":"2018-12-06T03:05:33+00:00","breadcrumb":{"@id":"https:\/\/noti-america.com\/site\/venezuela\/2018\/12\/06\/maria-corina-marcho-contra-el-regimen-de-maduro\/#breadcrumb"},"inLanguage":"es","potentialAction":[{"@type":"ReadAction","target":["https:\/\/noti-america.com\/site\/venezuela\/2018\/12\/06\/maria-corina-marcho-contra-el-regimen-de-maduro\/"]}]},{"@type":"ImageObject","inLanguage":"es","@id":"https:\/\/noti-america.com\/site\/venezuela\/2018\/12\/06\/maria-corina-marcho-contra-el-regimen-de-maduro\/#primaryimage","url":"https:\/\/noti-america.com\/site\/venezuela\/wp-content\/uploads\/sites\/2\/2018\/12\/MCM-y-alfredo-en-Lara.jpg","contentUrl":"https:\/\/noti-america.com\/site\/venezuela\/wp-content\/uploads\/sites\/2\/2018\/12\/MCM-y-alfredo-en-Lara.jpg","width":1080,"height":720},{"@type":"BreadcrumbList","@id":"https:\/\/noti-america.com\/site\/venezuela\/2018\/12\/06\/maria-corina-marcho-contra-el-regimen-de-maduro\/#breadcrumb","itemListElement":[{"@type":"ListItem","position":1,"name":"Portada","item":"https:\/\/noti-america.com\/site\/venezuela\/"},{"@type":"ListItem","position":2,"name":"Maria Corina march\u00f3 contra el r\u00e9gimen de Maduro"}]},{"@type":"WebSite","@id":"https:\/\/noti-america.com\/site\/venezuela\/#website","url":"https:\/\/noti-america.com\/site\/venezuela\/","name":"Venezuela | Noti-America.com","description":"","publisher":{"@id":"https:\/\/noti-america.com\/site\/venezuela\/#organization"},"potentialAction":[{"@type":"SearchAction","target":{"@type":"EntryPoint","urlTemplate":"https:\/\/noti-america.com\/site\/venezuela\/?s={search_term_string}"},"query-input":{"@type":"PropertyValueSpecification","valueRequired":true,"valueName":"search_term_string"}}],"inLanguage":"es"},{"@type":"Organization","@id":"https:\/\/noti-america.com\/site\/venezuela\/#organization","name":"Noti-America LLC | Venezuela","url":"https:\/\/noti-america.com\/site\/venezuela\/","logo":{"@type":"ImageObject","inLanguage":"es","@id":"https:\/\/noti-america.com\/site\/venezuela\/#\/schema\/logo\/image\/","url":"https:\/\/noti-america.com\/site\/venezuela\/wp-content\/uploads\/sites\/2\/2020\/07\/LogoNA-4x3-1.jpg","contentUrl":"https:\/\/noti-america.com\/site\/venezuela\/wp-content\/uploads\/sites\/2\/2020\/07\/LogoNA-4x3-1.jpg","width":1236,"height":1080,"caption":"Noti-America LLC | Venezuela"},"image":{"@id":"https:\/\/noti-america.com\/site\/venezuela\/#\/schema\/logo\/image\/"}},{"@type":"Person","@id":"https:\/\/noti-america.com\/site\/venezuela\/#\/schema\/person\/a166d9d45f249dbd09521fbc2e7342d8","name":"Yliana Duque","image":{"@type":"ImageObject","inLanguage":"es","@id":"https:\/\/secure.gravatar.com\/avatar\/8caf2a4035762b3be44c3a0455581febe2d5273a41ac40dacc575b8aa348fe65?s=96&d=mm&r=g","url":"https:\/\/secure.gravatar.com\/avatar\/8caf2a4035762b3be44c3a0455581febe2d5273a41ac40dacc575b8aa348fe65?s=96&d=mm&r=g","contentUrl":"https:\/\/secure.gravatar.com\/avatar\/8caf2a4035762b3be44c3a0455581febe2d5273a41ac40dacc575b8aa348fe65?s=96&d=mm&r=g","caption":"Yliana Duque"},"description":"Ejercer el periodismo requiere de pasi\u00f3n y conocimiento en investigaci\u00f3n de campo. Siempre en la b\u00fasqueda de la verdad para aportar claridad y poder discernir sobre el hecho noticioso. Egresada de la Universidad de los Andes. Maestria en Relaciones Internacionales (UCV). Diplomado de Educaci\u00f3n Superior (Universidad Experimental LIbertador (UPEL), y Educaci\u00f3n superior a distancia (UFT). Estudios de Locuci\u00f3n- Actuaci\u00f3n-Publicidad y Mercadeo, Redes. Subdirectora de relaciones p\u00fablicas de la Asamablea Legislativa del Estado Sucre(1995)-Periodista de TELESOL,Telecaribe (Sucre). Jefe de Prensa de la Gobernaci\u00f3n del Estado Amazonas(1997). Periodista Comandancia General del Ej\u00e9rcito, Fuerte Tiuna (1996). Lider de Proyectos en educaci\u00f3n Superior en la Universidad Ferm\u00edn Toro (UFT) (2000). Docente Universitario UFT (2002-2007)-Docente de Educaci\u00f3n Superior a Distancia -titulado. Periodista Diario El Informador. Periodista en Apoyo A\u00e9reo de la Guardia Nacional, Aeropuerto Jacinto Lara. www.Noti-america.com (Venezuela)","sameAs":["https:\/\/x.com\/ylianaduque"],"url":"https:\/\/noti-america.com\/site\/venezuela\/author\/yduque\/"}]}},"_links":{"self":[{"href":"https:\/\/noti-america.com\/site\/venezuela\/wp-json\/wp\/v2\/posts\/4121","targetHints":{"allow":["GET"]}}],"collection":[{"href":"https:\/\/noti-america.com\/site\/venezuela\/wp-json\/wp\/v2\/posts"}],"about":[{"href":"https:\/\/noti-america.com\/site\/venezuela\/wp-json\/wp\/v2\/types\/post"}],"author":[{"embeddable":true,"href":"https:\/\/noti-america.com\/site\/venezuela\/wp-json\/wp\/v2\/users\/11"}],"replies":[{"embeddable":true,"href":"https:\/\/noti-america.com\/site\/venezuela\/wp-json\/wp\/v2\/comments?post=4121"}],"version-history":[{"count":1,"href":"https:\/\/noti-america.com\/site\/venezuela\/wp-json\/wp\/v2\/posts\/4121\/revisions"}],"predecessor-version":[{"id":4126,"href":"https:\/\/noti-america.com\/site\/venezuela\/wp-json\/wp\/v2\/posts\/4121\/revisions\/4126"}],"wp:featuredmedia":[{"embeddable":true,"href":"https:\/\/noti-america.com\/site\/venezuela\/wp-json\/wp\/v2\/media\/4125"}],"wp:attachment":[{"href":"https:\/\/noti-america.com\/site\/venezuela\/wp-json\/wp\/v2\/media?parent=4121"}],"wp:term":[{"taxonomy":"category","embeddable":true,"href":"https:\/\/noti-america.com\/site\/venezuela\/wp-json\/wp\/v2\/categories?post=4121"},{"taxonomy":"post_tag","embeddable":true,"href":"https:\/\/noti-america.com\/site\/venezuela\/wp-json\/wp\/v2\/tags?post=4121"}],"curies":[{"name":"wp","href":"https:\/\/api.w.org\/{rel}","templated":true}]}}