{"id":4116,"date":"2018-12-04T18:10:31","date_gmt":"2018-12-04T18:10:31","guid":{"rendered":"http:\/\/noti-america.com\/site\/venezuela\/2018\/12\/04\/son-delincuentes-y-punto-por-prof-marlon-s-jimenez-garcia\/"},"modified":"2018-12-04T18:10:31","modified_gmt":"2018-12-04T18:10:31","slug":"son-delincuentes-y-punto-por-prof-marlon-s-jimenez-garcia","status":"publish","type":"post","link":"https:\/\/noti-america.com\/site\/venezuela\/2018\/12\/04\/son-delincuentes-y-punto-por-prof-marlon-s-jimenez-garcia\/","title":{"rendered":"\u00a0SON DELINCUENTES Y \u2026PUNTO  Por: Prof. Marlon S Jim\u00e9nez Garc\u00eda"},"content":{"rendered":"<p>SON DELINCUENTES Y \u2026PUNTO<\/p>\n<p>Por: Prof. Marlon S Jim\u00e9nez Garc\u00eda<\/p>\n<p>Profesor Universitario.<\/p>\n<p><a href=\"mailto:Marjimgar54@hotmail.com\">Marjimgar54@hotmail.com<\/a><\/p>\n<p>Sin ninguna duda estamos viviendo tiempos dram\u00e1ticos en nuestro pa\u00eds: El r\u00e9gimen de turno no ha tenido, ni tiene y nunca tendr\u00e1 ning\u00fan inter\u00e9s en trabajar: por el desarrollo integral del pa\u00eds, por la paz, por la conciliaci\u00f3n social, por el respeto a las libertades ciudadanas y por la pluralidad pol\u00edtica; a ellos solo les interesa el poder, no para construir sino para destruir aquello que sea contrario a su manera de pensar y de acftuar.<\/p>\n<p>Un r\u00e9gimen como \u00e9ste, lleno de delincuentes \u201chasta el tronco\u201d, conformado por gente ruin, de baja cala\u00f1a, no se le debe dar ni un \u00e1pice de descanso en la lucha por el rescate de Venezuela. Se tienen que crear, se est\u00e1 trabajando denodadamente en eso, estrategias estructurales e inequ\u00edvocamente apegadas a la CN que le permitan al pueblo salir a las calles, NO A GUARIMBEAR, a protestar en las calles, en los barrios, en las urbanizaciones, en las universidades, en los lugares de trabajo; donde quede plasmado lo necesario de las mismas para \u201cobligar\u201d al r\u00e9gimen a retroceder en su intento de hegemon\u00eda pol\u00edtica y gubernamental.<\/p>\n<p>A este r\u00e9gimen corrincho plegado de delincuentes hay que sacarle los dientes y las u\u00f1as, para demostrarle que con el pueblo democr\u00e1tico en la calle no hay ninguna posibilidad de cubanizar la sociedad venezolana, simplemente no nos da la gana de ello, y tengan la seguridad de que no son unos \u201cpotecitos de gas\u201d y \u201clas balas de los GN cubanos disfrazados\u201d los que van a detener, en esta oportunidad, la verdadera furia de los venezolanos y m\u00e1s aun cuando el continente y el mundo tiene en la mira las acciones del engendro heredero; \u00e9ste cada vez est\u00e1 m\u00e1s cerca de pagar sus delitos en jurisdicci\u00f3n del CPI.<\/p>\n<p>A este r\u00e9gimen plegado de delincuentes no hay que permitirle cadenas de radio y TV para actos proselitistas y para transmitir campa\u00f1as de odio entre los venezolanos como las que produce; los medios independientes, que est\u00e1n casi fulminados por su actitud complaciente, est\u00e1n en la obligaci\u00f3n moral y constitucional de negarse a cumplir con tales prop\u00f3sitos cuando ello atente contra los valores y principios democr\u00e1ticos. Es la hora de las definiciones, debemos desobedecer leyes que sean contrarias al esp\u00edritu democr\u00e1tico consagrado en la CN; como el desconocimiento de las funciones de la AN y el irrespeto constante y permanente de la voluntad popular.<\/p>\n<p>Los delincuentes en el poder quieren abolir los sindicatos, cerrar las universidades aut\u00f3nomas y privadas, y, lo m\u00e1s grave, eliminar de un plumazo todo vestigio de libertades ciudadanas. Nace un gran Movimiento de Unidad Nacional (FVL), m\u00e1s all\u00e1 de los partidos pol\u00edticos, pero sin menospreciarlos, que tiene un gran respaldo del pueblo en l\u00edneas generales de un 90%, seg\u00fan las encuestas serias del pa\u00eds, cuya filosof\u00eda de acci\u00f3n es denunciar a todos los niveles: nacionales e internacionales el poder destructor moral del r\u00e9gimen y su f\u00e9rreo comportamiento corrupto al frente del poder econ\u00f3mico de la naci\u00f3n y crear las condiciones pol\u00edticas para \u00a0terminar de hundir en el foso de esti\u00e9rcol, en el cual est\u00e1, al engendro y su r\u00e9gimen. Para ello la \u201cprimac\u00eda de la realidad\u201d es determinante y decisiva. Estrategia pol\u00edtica y coraje constituyen la fuente de la victoria; sabidur\u00eda, el entendimiento y aceptaci\u00f3n de los momentos diacr\u00f3nicos estelares de nuestra vida republicana, nos dar\u00e1n el brillo necesario para derrotar las huestes asesinas, comunistas y antipatri\u00f3ticas, que han causado la hecatombe pol\u00edtica, econ\u00f3mica, social y moral sufrida por nuestro pueblo en los \u00faltimos veinte a\u00f1os.<\/p>\n<p>La FAN, tiene la oportunidad hist\u00f3rica de plegarse a este gran movimiento de reconstrucci\u00f3n nacional; ellos deben plegarse a la bandera originaria y libertaria de nuestro Libertador Sim\u00f3n Bol\u00edvar: convertir de verdad, verdad a nuestro ej\u00e9rcito en verdaderos \u201cforjadores de libertad\u201d. Pero, para lograr este prop\u00f3sito es necesario renunciar a cualquier inter\u00e9s individual, grupal, partidista o cualquier otro; lo importante es rescatar nuestra Democracia, nuestras libertades ciudadanas y republicanas, nuestro Estado de Derecho y declarar al \u201ccomunismo\u201d como enemigo ac\u00e9rrimo de una sociedad plural y principal protagonista de la miseria, el hambre y la muerte. Ellos son delincuentes y\u2026.punto. Lleg\u00f3 la hora de las definiciones, \u201cquien no participa en la cosa p\u00fablica, no puede llamarse pasivo, sino in\u00fatil\u201d.<\/p>\n","protected":false},"excerpt":{"rendered":"<p>SON DELINCUENTES Y \u2026PUNTO Por: Prof. Marlon S Jim\u00e9nez Garc\u00eda Profesor Universitario. Marjimgar54@hotmail.com Sin ninguna duda estamos viviendo tiempos dram\u00e1ticos en nuestro pa\u00eds: El r\u00e9gimen de turno no ha tenido, ni tiene y nunca&#46;&#46;&#46;<\/p>\n","protected":false},"author":2,"featured_media":4117,"comment_status":"open","ping_status":"open","sticky":false,"template":"","format":"standard","meta":{"_acf_changed":false,"om_disable_all_campaigns":false,"rop_custom_images_group":[],"rop_custom_messages_group":[],"rop_publish_now":"initial","rop_publish_now_accounts":{"twitter_242054905_242054905":""},"rop_publish_now_history":[],"rop_publish_now_status":"pending","_uf_show_specific_survey":0,"_uf_disable_surveys":false,"footnotes":""},"categories":[3],"tags":[],"class_list":["post-4116","post","type-post","status-publish","format-standard","has-post-thumbnail","hentry","category-politica"],"acf":[],"aioseo_notices":[],"yoast_head":"<!-- This site is optimized with the Yoast SEO Premium plugin v24.9 (Yoast SEO v27.2) - https:\/\/yoast.com\/product\/yoast-seo-premium-wordpress\/ -->\n<title>\u00a0SON DELINCUENTES Y \u2026PUNTO Por: Prof. Marlon S Jim\u00e9nez Garc\u00eda - Venezuela | Noti-America.com<\/title>\n<meta name=\"robots\" content=\"index, follow, max-snippet:-1, max-image-preview:large, max-video-preview:-1\" \/>\n<link rel=\"canonical\" href=\"https:\/\/noti-america.com\/site\/venezuela\/2018\/12\/04\/son-delincuentes-y-punto-por-prof-marlon-s-jimenez-garcia\/\" \/>\n<meta property=\"og:locale\" content=\"es_ES\" \/>\n<meta property=\"og:type\" content=\"article\" \/>\n<meta property=\"og:title\" content=\"\u00a0SON DELINCUENTES Y \u2026PUNTO Por: Prof. Marlon S Jim\u00e9nez Garc\u00eda\" \/>\n<meta property=\"og:description\" content=\"SON DELINCUENTES Y \u2026PUNTO Por: Prof. Marlon S Jim\u00e9nez Garc\u00eda Profesor Universitario. Marjimgar54@hotmail.com Sin ninguna duda estamos viviendo tiempos dram\u00e1ticos en nuestro pa\u00eds: El r\u00e9gimen de turno no ha tenido, ni tiene y nunca&#046;&#046;&#046;\" \/>\n<meta property=\"og:url\" content=\"https:\/\/noti-america.com\/site\/venezuela\/2018\/12\/04\/son-delincuentes-y-punto-por-prof-marlon-s-jimenez-garcia\/\" \/>\n<meta property=\"og:site_name\" content=\"Venezuela | Noti-America.com\" \/>\n<meta property=\"article:published_time\" content=\"2018-12-04T18:10:31+00:00\" \/>\n<meta property=\"og:image\" content=\"https:\/\/noti-america.com\/site\/venezuela\/wp-content\/uploads\/sites\/2\/2018\/12\/marlon.jpg\" \/>\n\t<meta property=\"og:image:width\" content=\"259\" \/>\n\t<meta property=\"og:image:height\" content=\"194\" \/>\n\t<meta property=\"og:image:type\" content=\"image\/jpeg\" \/>\n<meta name=\"author\" content=\"rloaiza\" \/>\n<meta name=\"twitter:card\" content=\"summary_large_image\" \/>\n<meta name=\"twitter:label1\" content=\"Escrito por\" \/>\n\t<meta name=\"twitter:data1\" content=\"rloaiza\" \/>\n\t<meta name=\"twitter:label2\" content=\"Tiempo estimado de lectura\" \/>\n\t<meta name=\"twitter:data2\" content=\"4 minutos\" \/>\n<script type=\"application\/ld+json\" class=\"yoast-schema-graph\">{\"@context\":\"https:\/\/schema.org\",\"@graph\":[{\"@type\":\"Article\",\"@id\":\"https:\/\/noti-america.com\/site\/venezuela\/2018\/12\/04\/son-delincuentes-y-punto-por-prof-marlon-s-jimenez-garcia\/#article\",\"isPartOf\":{\"@id\":\"https:\/\/noti-america.com\/site\/venezuela\/2018\/12\/04\/son-delincuentes-y-punto-por-prof-marlon-s-jimenez-garcia\/\"},\"author\":{\"name\":\"rloaiza\",\"@id\":\"https:\/\/noti-america.com\/site\/venezuela\/#\/schema\/person\/a2e478ba496331ce89bcd0c731cd6533\"},\"headline\":\"\u00a0SON DELINCUENTES Y \u2026PUNTO Por: Prof. Marlon S Jim\u00e9nez Garc\u00eda\",\"datePublished\":\"2018-12-04T18:10:31+00:00\",\"mainEntityOfPage\":{\"@id\":\"https:\/\/noti-america.com\/site\/venezuela\/2018\/12\/04\/son-delincuentes-y-punto-por-prof-marlon-s-jimenez-garcia\/\"},\"wordCount\":791,\"commentCount\":0,\"publisher\":{\"@id\":\"https:\/\/noti-america.com\/site\/venezuela\/#organization\"},\"image\":{\"@id\":\"https:\/\/noti-america.com\/site\/venezuela\/2018\/12\/04\/son-delincuentes-y-punto-por-prof-marlon-s-jimenez-garcia\/#primaryimage\"},\"thumbnailUrl\":\"https:\/\/noti-america.com\/site\/venezuela\/wp-content\/uploads\/sites\/2\/2018\/12\/marlon.jpg\",\"articleSection\":[\"Pol\u00edtica\"],\"inLanguage\":\"es\",\"potentialAction\":[{\"@type\":\"CommentAction\",\"name\":\"Comment\",\"target\":[\"https:\/\/noti-america.com\/site\/venezuela\/2018\/12\/04\/son-delincuentes-y-punto-por-prof-marlon-s-jimenez-garcia\/#respond\"]}]},{\"@type\":\"WebPage\",\"@id\":\"https:\/\/noti-america.com\/site\/venezuela\/2018\/12\/04\/son-delincuentes-y-punto-por-prof-marlon-s-jimenez-garcia\/\",\"url\":\"https:\/\/noti-america.com\/site\/venezuela\/2018\/12\/04\/son-delincuentes-y-punto-por-prof-marlon-s-jimenez-garcia\/\",\"name\":\"\u00a0SON DELINCUENTES Y \u2026PUNTO Por: Prof. Marlon S Jim\u00e9nez Garc\u00eda - Venezuela | Noti-America.com\",\"isPartOf\":{\"@id\":\"https:\/\/noti-america.com\/site\/venezuela\/#website\"},\"primaryImageOfPage\":{\"@id\":\"https:\/\/noti-america.com\/site\/venezuela\/2018\/12\/04\/son-delincuentes-y-punto-por-prof-marlon-s-jimenez-garcia\/#primaryimage\"},\"image\":{\"@id\":\"https:\/\/noti-america.com\/site\/venezuela\/2018\/12\/04\/son-delincuentes-y-punto-por-prof-marlon-s-jimenez-garcia\/#primaryimage\"},\"thumbnailUrl\":\"https:\/\/noti-america.com\/site\/venezuela\/wp-content\/uploads\/sites\/2\/2018\/12\/marlon.jpg\",\"datePublished\":\"2018-12-04T18:10:31+00:00\",\"breadcrumb\":{\"@id\":\"https:\/\/noti-america.com\/site\/venezuela\/2018\/12\/04\/son-delincuentes-y-punto-por-prof-marlon-s-jimenez-garcia\/#breadcrumb\"},\"inLanguage\":\"es\",\"potentialAction\":[{\"@type\":\"ReadAction\",\"target\":[\"https:\/\/noti-america.com\/site\/venezuela\/2018\/12\/04\/son-delincuentes-y-punto-por-prof-marlon-s-jimenez-garcia\/\"]}]},{\"@type\":\"ImageObject\",\"inLanguage\":\"es\",\"@id\":\"https:\/\/noti-america.com\/site\/venezuela\/2018\/12\/04\/son-delincuentes-y-punto-por-prof-marlon-s-jimenez-garcia\/#primaryimage\",\"url\":\"https:\/\/noti-america.com\/site\/venezuela\/wp-content\/uploads\/sites\/2\/2018\/12\/marlon.jpg\",\"contentUrl\":\"https:\/\/noti-america.com\/site\/venezuela\/wp-content\/uploads\/sites\/2\/2018\/12\/marlon.jpg\",\"width\":259,\"height\":194},{\"@type\":\"BreadcrumbList\",\"@id\":\"https:\/\/noti-america.com\/site\/venezuela\/2018\/12\/04\/son-delincuentes-y-punto-por-prof-marlon-s-jimenez-garcia\/#breadcrumb\",\"itemListElement\":[{\"@type\":\"ListItem\",\"position\":1,\"name\":\"Portada\",\"item\":\"https:\/\/noti-america.com\/site\/venezuela\/\"},{\"@type\":\"ListItem\",\"position\":2,\"name\":\"\u00a0SON DELINCUENTES Y \u2026PUNTO Por: Prof. Marlon S Jim\u00e9nez Garc\u00eda\"}]},{\"@type\":\"WebSite\",\"@id\":\"https:\/\/noti-america.com\/site\/venezuela\/#website\",\"url\":\"https:\/\/noti-america.com\/site\/venezuela\/\",\"name\":\"Venezuela | Noti-America.com\",\"description\":\"\",\"publisher\":{\"@id\":\"https:\/\/noti-america.com\/site\/venezuela\/#organization\"},\"potentialAction\":[{\"@type\":\"SearchAction\",\"target\":{\"@type\":\"EntryPoint\",\"urlTemplate\":\"https:\/\/noti-america.com\/site\/venezuela\/?s={search_term_string}\"},\"query-input\":{\"@type\":\"PropertyValueSpecification\",\"valueRequired\":true,\"valueName\":\"search_term_string\"}}],\"inLanguage\":\"es\"},{\"@type\":\"Organization\",\"@id\":\"https:\/\/noti-america.com\/site\/venezuela\/#organization\",\"name\":\"Noti-America LLC | Venezuela\",\"url\":\"https:\/\/noti-america.com\/site\/venezuela\/\",\"logo\":{\"@type\":\"ImageObject\",\"inLanguage\":\"es\",\"@id\":\"https:\/\/noti-america.com\/site\/venezuela\/#\/schema\/logo\/image\/\",\"url\":\"https:\/\/noti-america.com\/site\/venezuela\/wp-content\/uploads\/sites\/2\/2020\/07\/LogoNA-4x3-1.jpg\",\"contentUrl\":\"https:\/\/noti-america.com\/site\/venezuela\/wp-content\/uploads\/sites\/2\/2020\/07\/LogoNA-4x3-1.jpg\",\"width\":1236,\"height\":1080,\"caption\":\"Noti-America LLC | Venezuela\"},\"image\":{\"@id\":\"https:\/\/noti-america.com\/site\/venezuela\/#\/schema\/logo\/image\/\"}},{\"@type\":\"Person\",\"@id\":\"https:\/\/noti-america.com\/site\/venezuela\/#\/schema\/person\/a2e478ba496331ce89bcd0c731cd6533\",\"name\":\"rloaiza\",\"image\":{\"@type\":\"ImageObject\",\"inLanguage\":\"es\",\"@id\":\"https:\/\/secure.gravatar.com\/avatar\/190058e5d4427934610b99c45aa7a6558806850adedd53ddeddd194b04773e22?s=96&d=mm&r=g\",\"url\":\"https:\/\/secure.gravatar.com\/avatar\/190058e5d4427934610b99c45aa7a6558806850adedd53ddeddd194b04773e22?s=96&d=mm&r=g\",\"contentUrl\":\"https:\/\/secure.gravatar.com\/avatar\/190058e5d4427934610b99c45aa7a6558806850adedd53ddeddd194b04773e22?s=96&d=mm&r=g\",\"caption\":\"rloaiza\"},\"url\":\"https:\/\/noti-america.com\/site\/venezuela\/author\/rloaiza\/\"}]}<\/script>\n<!-- \/ Yoast SEO Premium plugin. -->","yoast_head_json":{"title":"\u00a0SON DELINCUENTES Y \u2026PUNTO Por: Prof. Marlon S Jim\u00e9nez Garc\u00eda - Venezuela | Noti-America.com","robots":{"index":"index","follow":"follow","max-snippet":"max-snippet:-1","max-image-preview":"max-image-preview:large","max-video-preview":"max-video-preview:-1"},"canonical":"https:\/\/noti-america.com\/site\/venezuela\/2018\/12\/04\/son-delincuentes-y-punto-por-prof-marlon-s-jimenez-garcia\/","og_locale":"es_ES","og_type":"article","og_title":"\u00a0SON DELINCUENTES Y \u2026PUNTO Por: Prof. Marlon S Jim\u00e9nez Garc\u00eda","og_description":"SON DELINCUENTES Y \u2026PUNTO Por: Prof. Marlon S Jim\u00e9nez Garc\u00eda Profesor Universitario. Marjimgar54@hotmail.com Sin ninguna duda estamos viviendo tiempos dram\u00e1ticos en nuestro pa\u00eds: El r\u00e9gimen de turno no ha tenido, ni tiene y nunca&#46;&#46;&#46;","og_url":"https:\/\/noti-america.com\/site\/venezuela\/2018\/12\/04\/son-delincuentes-y-punto-por-prof-marlon-s-jimenez-garcia\/","og_site_name":"Venezuela | Noti-America.com","article_published_time":"2018-12-04T18:10:31+00:00","og_image":[{"width":259,"height":194,"url":"https:\/\/noti-america.com\/site\/venezuela\/wp-content\/uploads\/sites\/2\/2018\/12\/marlon.jpg","type":"image\/jpeg"}],"author":"rloaiza","twitter_card":"summary_large_image","twitter_misc":{"Escrito por":"rloaiza","Tiempo estimado de lectura":"4 minutos"},"schema":{"@context":"https:\/\/schema.org","@graph":[{"@type":"Article","@id":"https:\/\/noti-america.com\/site\/venezuela\/2018\/12\/04\/son-delincuentes-y-punto-por-prof-marlon-s-jimenez-garcia\/#article","isPartOf":{"@id":"https:\/\/noti-america.com\/site\/venezuela\/2018\/12\/04\/son-delincuentes-y-punto-por-prof-marlon-s-jimenez-garcia\/"},"author":{"name":"rloaiza","@id":"https:\/\/noti-america.com\/site\/venezuela\/#\/schema\/person\/a2e478ba496331ce89bcd0c731cd6533"},"headline":"\u00a0SON DELINCUENTES Y \u2026PUNTO Por: Prof. Marlon S Jim\u00e9nez Garc\u00eda","datePublished":"2018-12-04T18:10:31+00:00","mainEntityOfPage":{"@id":"https:\/\/noti-america.com\/site\/venezuela\/2018\/12\/04\/son-delincuentes-y-punto-por-prof-marlon-s-jimenez-garcia\/"},"wordCount":791,"commentCount":0,"publisher":{"@id":"https:\/\/noti-america.com\/site\/venezuela\/#organization"},"image":{"@id":"https:\/\/noti-america.com\/site\/venezuela\/2018\/12\/04\/son-delincuentes-y-punto-por-prof-marlon-s-jimenez-garcia\/#primaryimage"},"thumbnailUrl":"https:\/\/noti-america.com\/site\/venezuela\/wp-content\/uploads\/sites\/2\/2018\/12\/marlon.jpg","articleSection":["Pol\u00edtica"],"inLanguage":"es","potentialAction":[{"@type":"CommentAction","name":"Comment","target":["https:\/\/noti-america.com\/site\/venezuela\/2018\/12\/04\/son-delincuentes-y-punto-por-prof-marlon-s-jimenez-garcia\/#respond"]}]},{"@type":"WebPage","@id":"https:\/\/noti-america.com\/site\/venezuela\/2018\/12\/04\/son-delincuentes-y-punto-por-prof-marlon-s-jimenez-garcia\/","url":"https:\/\/noti-america.com\/site\/venezuela\/2018\/12\/04\/son-delincuentes-y-punto-por-prof-marlon-s-jimenez-garcia\/","name":"\u00a0SON DELINCUENTES Y \u2026PUNTO Por: Prof. Marlon S Jim\u00e9nez Garc\u00eda - Venezuela | Noti-America.com","isPartOf":{"@id":"https:\/\/noti-america.com\/site\/venezuela\/#website"},"primaryImageOfPage":{"@id":"https:\/\/noti-america.com\/site\/venezuela\/2018\/12\/04\/son-delincuentes-y-punto-por-prof-marlon-s-jimenez-garcia\/#primaryimage"},"image":{"@id":"https:\/\/noti-america.com\/site\/venezuela\/2018\/12\/04\/son-delincuentes-y-punto-por-prof-marlon-s-jimenez-garcia\/#primaryimage"},"thumbnailUrl":"https:\/\/noti-america.com\/site\/venezuela\/wp-content\/uploads\/sites\/2\/2018\/12\/marlon.jpg","datePublished":"2018-12-04T18:10:31+00:00","breadcrumb":{"@id":"https:\/\/noti-america.com\/site\/venezuela\/2018\/12\/04\/son-delincuentes-y-punto-por-prof-marlon-s-jimenez-garcia\/#breadcrumb"},"inLanguage":"es","potentialAction":[{"@type":"ReadAction","target":["https:\/\/noti-america.com\/site\/venezuela\/2018\/12\/04\/son-delincuentes-y-punto-por-prof-marlon-s-jimenez-garcia\/"]}]},{"@type":"ImageObject","inLanguage":"es","@id":"https:\/\/noti-america.com\/site\/venezuela\/2018\/12\/04\/son-delincuentes-y-punto-por-prof-marlon-s-jimenez-garcia\/#primaryimage","url":"https:\/\/noti-america.com\/site\/venezuela\/wp-content\/uploads\/sites\/2\/2018\/12\/marlon.jpg","contentUrl":"https:\/\/noti-america.com\/site\/venezuela\/wp-content\/uploads\/sites\/2\/2018\/12\/marlon.jpg","width":259,"height":194},{"@type":"BreadcrumbList","@id":"https:\/\/noti-america.com\/site\/venezuela\/2018\/12\/04\/son-delincuentes-y-punto-por-prof-marlon-s-jimenez-garcia\/#breadcrumb","itemListElement":[{"@type":"ListItem","position":1,"name":"Portada","item":"https:\/\/noti-america.com\/site\/venezuela\/"},{"@type":"ListItem","position":2,"name":"\u00a0SON DELINCUENTES Y \u2026PUNTO Por: Prof. Marlon S Jim\u00e9nez Garc\u00eda"}]},{"@type":"WebSite","@id":"https:\/\/noti-america.com\/site\/venezuela\/#website","url":"https:\/\/noti-america.com\/site\/venezuela\/","name":"Venezuela | Noti-America.com","description":"","publisher":{"@id":"https:\/\/noti-america.com\/site\/venezuela\/#organization"},"potentialAction":[{"@type":"SearchAction","target":{"@type":"EntryPoint","urlTemplate":"https:\/\/noti-america.com\/site\/venezuela\/?s={search_term_string}"},"query-input":{"@type":"PropertyValueSpecification","valueRequired":true,"valueName":"search_term_string"}}],"inLanguage":"es"},{"@type":"Organization","@id":"https:\/\/noti-america.com\/site\/venezuela\/#organization","name":"Noti-America LLC | Venezuela","url":"https:\/\/noti-america.com\/site\/venezuela\/","logo":{"@type":"ImageObject","inLanguage":"es","@id":"https:\/\/noti-america.com\/site\/venezuela\/#\/schema\/logo\/image\/","url":"https:\/\/noti-america.com\/site\/venezuela\/wp-content\/uploads\/sites\/2\/2020\/07\/LogoNA-4x3-1.jpg","contentUrl":"https:\/\/noti-america.com\/site\/venezuela\/wp-content\/uploads\/sites\/2\/2020\/07\/LogoNA-4x3-1.jpg","width":1236,"height":1080,"caption":"Noti-America LLC | Venezuela"},"image":{"@id":"https:\/\/noti-america.com\/site\/venezuela\/#\/schema\/logo\/image\/"}},{"@type":"Person","@id":"https:\/\/noti-america.com\/site\/venezuela\/#\/schema\/person\/a2e478ba496331ce89bcd0c731cd6533","name":"rloaiza","image":{"@type":"ImageObject","inLanguage":"es","@id":"https:\/\/secure.gravatar.com\/avatar\/190058e5d4427934610b99c45aa7a6558806850adedd53ddeddd194b04773e22?s=96&d=mm&r=g","url":"https:\/\/secure.gravatar.com\/avatar\/190058e5d4427934610b99c45aa7a6558806850adedd53ddeddd194b04773e22?s=96&d=mm&r=g","contentUrl":"https:\/\/secure.gravatar.com\/avatar\/190058e5d4427934610b99c45aa7a6558806850adedd53ddeddd194b04773e22?s=96&d=mm&r=g","caption":"rloaiza"},"url":"https:\/\/noti-america.com\/site\/venezuela\/author\/rloaiza\/"}]}},"_links":{"self":[{"href":"https:\/\/noti-america.com\/site\/venezuela\/wp-json\/wp\/v2\/posts\/4116","targetHints":{"allow":["GET"]}}],"collection":[{"href":"https:\/\/noti-america.com\/site\/venezuela\/wp-json\/wp\/v2\/posts"}],"about":[{"href":"https:\/\/noti-america.com\/site\/venezuela\/wp-json\/wp\/v2\/types\/post"}],"author":[{"embeddable":true,"href":"https:\/\/noti-america.com\/site\/venezuela\/wp-json\/wp\/v2\/users\/2"}],"replies":[{"embeddable":true,"href":"https:\/\/noti-america.com\/site\/venezuela\/wp-json\/wp\/v2\/comments?post=4116"}],"version-history":[{"count":0,"href":"https:\/\/noti-america.com\/site\/venezuela\/wp-json\/wp\/v2\/posts\/4116\/revisions"}],"wp:featuredmedia":[{"embeddable":true,"href":"https:\/\/noti-america.com\/site\/venezuela\/wp-json\/wp\/v2\/media\/4117"}],"wp:attachment":[{"href":"https:\/\/noti-america.com\/site\/venezuela\/wp-json\/wp\/v2\/media?parent=4116"}],"wp:term":[{"taxonomy":"category","embeddable":true,"href":"https:\/\/noti-america.com\/site\/venezuela\/wp-json\/wp\/v2\/categories?post=4116"},{"taxonomy":"post_tag","embeddable":true,"href":"https:\/\/noti-america.com\/site\/venezuela\/wp-json\/wp\/v2\/tags?post=4116"}],"curies":[{"name":"wp","href":"https:\/\/api.w.org\/{rel}","templated":true}]}}