{"id":40836,"date":"2024-09-08T05:47:50","date_gmt":"2024-09-08T05:47:50","guid":{"rendered":"https:\/\/noti-america.com\/site\/venezuela\/?p=40836"},"modified":"2024-09-08T05:47:50","modified_gmt":"2024-09-08T05:47:50","slug":"edmundo-salio-de-venezuela-tras-recibir-asilo-y-se-dirige-a-espana","status":"publish","type":"post","link":"https:\/\/noti-america.com\/site\/venezuela\/2024\/09\/08\/edmundo-salio-de-venezuela-tras-recibir-asilo-y-se-dirige-a-espana\/","title":{"rendered":"Edmundo sali\u00f3 de Venezuela tras recibir asilo y se dirige a Espa\u00f1a"},"content":{"rendered":"<p>NOTI-AMERICA|VENEZUELA<\/p>\n<blockquote><p>\u00a0La coalici\u00f3n opositora -Plataforma Unitaria Democr\u00e1tica (PUD)- no se ha pronunciado sobre la salida del pa\u00eds de su abanderado.<\/p><\/blockquote>\n<p class=\"\">Edmundo Gonz\u00e1lez Urrutia tras la fuerte presi\u00f3n, se residenci\u00f3 en la sede de la embajada de Espa\u00f1a, desde donde inici\u00f3 el proceso que conllev\u00f3 a abandonar este s\u00e1bado Venezuela y vuela rumbo a Espa\u00f1a, pa\u00eds que le ha concedido el asilo pol\u00edtico, de acuerdo con fuentes diplom\u00e1ticas.<\/p>\n<p style=\"text-align: center\"><img loading=\"lazy\" decoding=\"async\" class=\"alignnone size-full wp-image-40838\" src=\"https:\/\/noti-america.com\/site\/venezuela\/wp-content\/uploads\/sites\/2\/2024\/09\/edmundo-2.jpg\" alt=\"\" width=\"299\" height=\"168\" \/> <img loading=\"lazy\" decoding=\"async\" class=\"alignnone size-medium wp-image-40839\" src=\"https:\/\/noti-america.com\/site\/venezuela\/wp-content\/uploads\/sites\/2\/2024\/09\/edmundo.jpg\" alt=\"\" width=\"299\" height=\"168\" \/><\/p>\n<p class=\"\">El candidato opositor, que result\u00f3 electo, y represent\u00f3 a la lider opositora Mar\u00eda Corina Machado en las \u00faltimos comicios presidenciales, resultados que a\u00fan est\u00e1n en discusi\u00f3n por la falta de pruebas, no expuestas por parte del ente comicial, mantuvo una reuni\u00f3n este s\u00e1bado por la ma\u00f1ana con diplom\u00e1ticos espa\u00f1oles en una embajada europea.<\/p>\n<p style=\"text-align: justify\">Recordemos que en las recientes elecciones del 28 de julio, el ente electoral otorg\u00f3 el triunfo a Maduro, lo\u00a0 que desat\u00f3 una crisis pol\u00edtica, debido a que la oposici\u00f3n asegura que fue Gonz\u00e1lez Urrutia quien gan\u00f3, <strong>afirmaci\u00f3n que respald\u00f3 con las copias del \u00ab83,5 % de las actas electorales\u00bb<\/strong> que, asegura la PUD, fueron <strong>recabadas por miembros y testigos de mesa,<\/strong> documentos que el Ejecutivo afirma que son \u00abfalsos\u00bb.<\/p>\n<div class=\"lSfe4c r5bEn aI5QMe\">\n<div class=\"SoAPf\">\n<div class=\"GI74Re nDgy9d\">La vicepresidenta venezolana, Delcy Rodr\u00edguez, inform\u00f3 que se le otorg\u00f3 un salvoconducto a Edmundo Gonz\u00e1lez Urrutia.<\/div>\n<div><img loading=\"lazy\" decoding=\"async\" class=\"alignnone size-medium wp-image-40837 aligncenter\" src=\"https:\/\/noti-america.com\/site\/venezuela\/wp-content\/uploads\/sites\/2\/2024\/09\/delcy-salvoconducto-201x300.jpg\" alt=\"\" width=\"201\" height=\"300\" srcset=\"https:\/\/noti-america.com\/site\/venezuela\/wp-content\/uploads\/sites\/2\/2024\/09\/delcy-salvoconducto-201x300.jpg 201w, https:\/\/noti-america.com\/site\/venezuela\/wp-content\/uploads\/sites\/2\/2024\/09\/delcy-salvoconducto.jpg 465w\" sizes=\"auto, (max-width: 201px) 100vw, 201px\" \/><\/div>\n<\/div>\n<\/div>\n<p class=\"\">De acuerdo a estas mismas fuentes, el expresidente Jos\u00e9 Luis Rodr\u00edguez Zapatero intervino en estas gestiones.<\/p>\n<p class=\"\" style=\"text-align: justify\">La operaci\u00f3n diplom\u00e1tica que ha desembocado en el asilo a Edmundo Gonz\u00e1lez, se presume llevaba dos semanas de conversaciones. Paralelamente este viernes, el presidente Pedro S\u00e1nchez, en el Comit\u00e9 Federal del PSOE, consider\u00f3 como un \u201ch\u00e9roe\u201d a Edmundo, a quien<strong> la justicia chavista persegu\u00eda por cinco delitos poco consistentes, y asegur\u00f3 que Espa\u00f1a no lo iba a abandonar.<\/strong> A esas horas se sab\u00eda que el opositor estaba cerca de tomar una decisi\u00f3n.<\/p>\n<p class=\"\">Este s\u00e1bado, mientras se preparaban los salvoconductos para que pudiera llegar al aeropuerto y marcharse del pa\u00eds sin ser detenido por las autoridades, un avi\u00f3n militar espa\u00f1ol esperaba en Rep\u00fablica Dominicana para trasladarle lo antes posible a Madrid.<\/p>\n<p style=\"text-align: justify\">El ministro de Exteriores, Jos\u00e9 Manuel Albares, que ha seguido la situaci\u00f3n y ha hablado con el opositor desde el avi\u00f3n oficial en un viaje del presidente del Gobierno a China, ha asegurado a los periodistas que siguen el viaje que la salida de Edmundo Gonz\u00e1lez se produce a petici\u00f3n suya, no a iniciativa espa\u00f1ola. \u201cGonz\u00e1lez ha solicitado el derecho de asilo y Espa\u00f1a por supuesto se lo va a conceder. He podido hablar con \u00e9l, me ha trasladado su agradecimiento y yo le he trasladado la alegr\u00eda de que se encuentre bien\u201d. Albares, que niega que haya habido negociaci\u00f3n con el r\u00e9gimen de Maduro para esta operaci\u00f3n, insiste en el \u201ccompromiso del Gobierno de Espa\u00f1a con derechos pol\u00edticos de todos los venezolanos\u201d e insiste en que Espa\u00f1a no reconocer\u00e1 \u201cuna supuesta victoria\u201d de Maduro mientras no se entreguen las actas. Espa\u00f1a reclama una \u201csalida pac\u00edfica y genuina para los venezolanos\u201d.<\/p>\n<p>Se desconoce que m\u00e1s opositores o la propia Mar\u00eda Corina Machado, la l\u00edder indiscutible de la oposici\u00f3n, est\u00e9n pensando en seguir el mismo camino que Gonz\u00e1lez, quien ha decidido buscar asilo en Espa\u00f1a acompa\u00f1ado de su mujer para evitar la c\u00e1rcel que le esperaba con toda probabilidad.<\/p>\n<p>\u00abEdmundo Gonz\u00e1lez, a solicitud suya, vuela hacia Espa\u00f1a en un avi\u00f3n de las Fuerzas A\u00e9reas espa\u00f1olas. El Gobierno de Espa\u00f1a est\u00e1 comprometido con los derechos pol\u00edticos y la integridad f\u00edsica de todos los venezolanos\u00bb, public\u00f3 Jos\u00e9 Manuel Albares en su cuenta en la red social X.<\/p>\n<div class=\"render-container tweet embed\">\n<div class=\"s1lxdrht ssamamu\">Espa\u00f1a no se lo est\u00e1 ofreciendo a nadie, pero si hay m\u00e1s solicitudes las acoger\u00e1. 100.000 venezolanos se han acogido ya a un r\u00e9gimen especial para ellos puesto en marcha por Espa\u00f1a por las tensiones en el pa\u00eds. Cabe destacar que antes de viajar, el opositor estaba acogido ya en la residencia del embajador espa\u00f1ol en Caracas.<\/div>\n<\/div>\n<div id=\"elpais_gpt-INTEXT\" data-google-query-id=\"CKvoxKvFsogDFecKigMd8sAAig\">\n<div><\/div>\n<\/div>\n","protected":false},"excerpt":{"rendered":"<p>NOTI-AMERICA|VENEZUELA \u00a0La coalici\u00f3n opositora -Plataforma Unitaria Democr\u00e1tica (PUD)- no se ha pronunciado sobre la salida del pa\u00eds de su abanderado. Edmundo Gonz\u00e1lez Urrutia tras la fuerte presi\u00f3n, se residenci\u00f3 en la sede de la&#46;&#46;&#46;<\/p>\n","protected":false},"author":11,"featured_media":40838,"comment_status":"open","ping_status":"open","sticky":false,"template":"","format":"standard","meta":{"_acf_changed":false,"om_disable_all_campaigns":false,"rop_custom_images_group":[],"rop_custom_messages_group":[],"rop_publish_now":"initial","rop_publish_now_accounts":{"twitter_242054905_242054905":""},"rop_publish_now_history":[],"rop_publish_now_status":"pending","_uf_show_specific_survey":0,"_uf_disable_surveys":false,"footnotes":""},"categories":[4,204,3,156],"tags":[],"class_list":["post-40836","post","type-post","status-publish","format-standard","has-post-thumbnail","hentry","category-internacionales","category-nacionales","category-politica","category-venezuela"],"acf":[],"aioseo_notices":[],"yoast_head":"<!-- This site is optimized with the Yoast SEO Premium plugin v24.9 (Yoast SEO v27.2) - https:\/\/yoast.com\/product\/yoast-seo-premium-wordpress\/ -->\n<title>Edmundo sali\u00f3 de Venezuela tras recibir asilo y se dirige a Espa\u00f1a - Venezuela | Noti-America.com<\/title>\n<meta name=\"robots\" content=\"index, follow, max-snippet:-1, max-image-preview:large, max-video-preview:-1\" \/>\n<link rel=\"canonical\" href=\"https:\/\/noti-america.com\/site\/venezuela\/2024\/09\/08\/edmundo-salio-de-venezuela-tras-recibir-asilo-y-se-dirige-a-espana\/\" \/>\n<meta property=\"og:locale\" content=\"es_ES\" \/>\n<meta property=\"og:type\" content=\"article\" \/>\n<meta property=\"og:title\" content=\"Edmundo sali\u00f3 de Venezuela tras recibir asilo y se dirige a Espa\u00f1a\" \/>\n<meta property=\"og:description\" content=\"NOTI-AMERICA|VENEZUELA \u00a0La coalici\u00f3n opositora -Plataforma Unitaria Democr\u00e1tica (PUD)- no se ha pronunciado sobre la salida del pa\u00eds de su abanderado. Edmundo Gonz\u00e1lez Urrutia tras la fuerte presi\u00f3n, se residenci\u00f3 en la sede de la&#046;&#046;&#046;\" \/>\n<meta property=\"og:url\" content=\"https:\/\/noti-america.com\/site\/venezuela\/2024\/09\/08\/edmundo-salio-de-venezuela-tras-recibir-asilo-y-se-dirige-a-espana\/\" \/>\n<meta property=\"og:site_name\" content=\"Venezuela | Noti-America.com\" \/>\n<meta property=\"article:published_time\" content=\"2024-09-08T05:47:50+00:00\" \/>\n<meta property=\"og:image\" content=\"https:\/\/noti-america.com\/site\/venezuela\/wp-content\/uploads\/sites\/2\/2024\/09\/edmundo-2.jpg\" \/>\n\t<meta property=\"og:image:width\" content=\"299\" \/>\n\t<meta property=\"og:image:height\" content=\"168\" \/>\n\t<meta property=\"og:image:type\" content=\"image\/jpeg\" \/>\n<meta name=\"author\" content=\"Yliana Duque\" \/>\n<meta name=\"twitter:card\" content=\"summary_large_image\" \/>\n<meta name=\"twitter:creator\" content=\"@ylianaduque\" \/>\n<meta name=\"twitter:label1\" content=\"Escrito por\" \/>\n\t<meta name=\"twitter:data1\" content=\"Yliana Duque\" \/>\n\t<meta name=\"twitter:label2\" content=\"Tiempo estimado de lectura\" \/>\n\t<meta name=\"twitter:data2\" content=\"4 minutos\" \/>\n<script type=\"application\/ld+json\" class=\"yoast-schema-graph\">{\"@context\":\"https:\/\/schema.org\",\"@graph\":[{\"@type\":\"Article\",\"@id\":\"https:\/\/noti-america.com\/site\/venezuela\/2024\/09\/08\/edmundo-salio-de-venezuela-tras-recibir-asilo-y-se-dirige-a-espana\/#article\",\"isPartOf\":{\"@id\":\"https:\/\/noti-america.com\/site\/venezuela\/2024\/09\/08\/edmundo-salio-de-venezuela-tras-recibir-asilo-y-se-dirige-a-espana\/\"},\"author\":{\"name\":\"Yliana Duque\",\"@id\":\"https:\/\/noti-america.com\/site\/venezuela\/#\/schema\/person\/a166d9d45f249dbd09521fbc2e7342d8\"},\"headline\":\"Edmundo sali\u00f3 de Venezuela tras recibir asilo y se dirige a Espa\u00f1a\",\"datePublished\":\"2024-09-08T05:47:50+00:00\",\"mainEntityOfPage\":{\"@id\":\"https:\/\/noti-america.com\/site\/venezuela\/2024\/09\/08\/edmundo-salio-de-venezuela-tras-recibir-asilo-y-se-dirige-a-espana\/\"},\"wordCount\":723,\"commentCount\":0,\"publisher\":{\"@id\":\"https:\/\/noti-america.com\/site\/venezuela\/#organization\"},\"image\":{\"@id\":\"https:\/\/noti-america.com\/site\/venezuela\/2024\/09\/08\/edmundo-salio-de-venezuela-tras-recibir-asilo-y-se-dirige-a-espana\/#primaryimage\"},\"thumbnailUrl\":\"https:\/\/noti-america.com\/site\/venezuela\/wp-content\/uploads\/sites\/2\/2024\/09\/edmundo-2.jpg\",\"articleSection\":[\"Internacionales\",\"Nacionales\",\"Pol\u00edtica\",\"Venezuela\"],\"inLanguage\":\"es\",\"potentialAction\":[{\"@type\":\"CommentAction\",\"name\":\"Comment\",\"target\":[\"https:\/\/noti-america.com\/site\/venezuela\/2024\/09\/08\/edmundo-salio-de-venezuela-tras-recibir-asilo-y-se-dirige-a-espana\/#respond\"]}]},{\"@type\":\"WebPage\",\"@id\":\"https:\/\/noti-america.com\/site\/venezuela\/2024\/09\/08\/edmundo-salio-de-venezuela-tras-recibir-asilo-y-se-dirige-a-espana\/\",\"url\":\"https:\/\/noti-america.com\/site\/venezuela\/2024\/09\/08\/edmundo-salio-de-venezuela-tras-recibir-asilo-y-se-dirige-a-espana\/\",\"name\":\"Edmundo sali\u00f3 de Venezuela tras recibir asilo y se dirige a Espa\u00f1a - Venezuela | Noti-America.com\",\"isPartOf\":{\"@id\":\"https:\/\/noti-america.com\/site\/venezuela\/#website\"},\"primaryImageOfPage\":{\"@id\":\"https:\/\/noti-america.com\/site\/venezuela\/2024\/09\/08\/edmundo-salio-de-venezuela-tras-recibir-asilo-y-se-dirige-a-espana\/#primaryimage\"},\"image\":{\"@id\":\"https:\/\/noti-america.com\/site\/venezuela\/2024\/09\/08\/edmundo-salio-de-venezuela-tras-recibir-asilo-y-se-dirige-a-espana\/#primaryimage\"},\"thumbnailUrl\":\"https:\/\/noti-america.com\/site\/venezuela\/wp-content\/uploads\/sites\/2\/2024\/09\/edmundo-2.jpg\",\"datePublished\":\"2024-09-08T05:47:50+00:00\",\"breadcrumb\":{\"@id\":\"https:\/\/noti-america.com\/site\/venezuela\/2024\/09\/08\/edmundo-salio-de-venezuela-tras-recibir-asilo-y-se-dirige-a-espana\/#breadcrumb\"},\"inLanguage\":\"es\",\"potentialAction\":[{\"@type\":\"ReadAction\",\"target\":[\"https:\/\/noti-america.com\/site\/venezuela\/2024\/09\/08\/edmundo-salio-de-venezuela-tras-recibir-asilo-y-se-dirige-a-espana\/\"]}]},{\"@type\":\"ImageObject\",\"inLanguage\":\"es\",\"@id\":\"https:\/\/noti-america.com\/site\/venezuela\/2024\/09\/08\/edmundo-salio-de-venezuela-tras-recibir-asilo-y-se-dirige-a-espana\/#primaryimage\",\"url\":\"https:\/\/noti-america.com\/site\/venezuela\/wp-content\/uploads\/sites\/2\/2024\/09\/edmundo-2.jpg\",\"contentUrl\":\"https:\/\/noti-america.com\/site\/venezuela\/wp-content\/uploads\/sites\/2\/2024\/09\/edmundo-2.jpg\",\"width\":299,\"height\":168},{\"@type\":\"BreadcrumbList\",\"@id\":\"https:\/\/noti-america.com\/site\/venezuela\/2024\/09\/08\/edmundo-salio-de-venezuela-tras-recibir-asilo-y-se-dirige-a-espana\/#breadcrumb\",\"itemListElement\":[{\"@type\":\"ListItem\",\"position\":1,\"name\":\"Portada\",\"item\":\"https:\/\/noti-america.com\/site\/venezuela\/\"},{\"@type\":\"ListItem\",\"position\":2,\"name\":\"Edmundo sali\u00f3 de Venezuela tras recibir asilo y se dirige a Espa\u00f1a\"}]},{\"@type\":\"WebSite\",\"@id\":\"https:\/\/noti-america.com\/site\/venezuela\/#website\",\"url\":\"https:\/\/noti-america.com\/site\/venezuela\/\",\"name\":\"Venezuela | Noti-America.com\",\"description\":\"\",\"publisher\":{\"@id\":\"https:\/\/noti-america.com\/site\/venezuela\/#organization\"},\"potentialAction\":[{\"@type\":\"SearchAction\",\"target\":{\"@type\":\"EntryPoint\",\"urlTemplate\":\"https:\/\/noti-america.com\/site\/venezuela\/?s={search_term_string}\"},\"query-input\":{\"@type\":\"PropertyValueSpecification\",\"valueRequired\":true,\"valueName\":\"search_term_string\"}}],\"inLanguage\":\"es\"},{\"@type\":\"Organization\",\"@id\":\"https:\/\/noti-america.com\/site\/venezuela\/#organization\",\"name\":\"Noti-America LLC | Venezuela\",\"url\":\"https:\/\/noti-america.com\/site\/venezuela\/\",\"logo\":{\"@type\":\"ImageObject\",\"inLanguage\":\"es\",\"@id\":\"https:\/\/noti-america.com\/site\/venezuela\/#\/schema\/logo\/image\/\",\"url\":\"https:\/\/noti-america.com\/site\/venezuela\/wp-content\/uploads\/sites\/2\/2020\/07\/LogoNA-4x3-1.jpg\",\"contentUrl\":\"https:\/\/noti-america.com\/site\/venezuela\/wp-content\/uploads\/sites\/2\/2020\/07\/LogoNA-4x3-1.jpg\",\"width\":1236,\"height\":1080,\"caption\":\"Noti-America LLC | Venezuela\"},\"image\":{\"@id\":\"https:\/\/noti-america.com\/site\/venezuela\/#\/schema\/logo\/image\/\"}},{\"@type\":\"Person\",\"@id\":\"https:\/\/noti-america.com\/site\/venezuela\/#\/schema\/person\/a166d9d45f249dbd09521fbc2e7342d8\",\"name\":\"Yliana Duque\",\"image\":{\"@type\":\"ImageObject\",\"inLanguage\":\"es\",\"@id\":\"https:\/\/secure.gravatar.com\/avatar\/8caf2a4035762b3be44c3a0455581febe2d5273a41ac40dacc575b8aa348fe65?s=96&d=mm&r=g\",\"url\":\"https:\/\/secure.gravatar.com\/avatar\/8caf2a4035762b3be44c3a0455581febe2d5273a41ac40dacc575b8aa348fe65?s=96&d=mm&r=g\",\"contentUrl\":\"https:\/\/secure.gravatar.com\/avatar\/8caf2a4035762b3be44c3a0455581febe2d5273a41ac40dacc575b8aa348fe65?s=96&d=mm&r=g\",\"caption\":\"Yliana Duque\"},\"description\":\"Ejercer el periodismo requiere de pasi\u00f3n y conocimiento en investigaci\u00f3n de campo. Siempre en la b\u00fasqueda de la verdad para aportar claridad y poder discernir sobre el hecho noticioso. Egresada de la Universidad de los Andes. Maestria en Relaciones Internacionales (UCV). Diplomado de Educaci\u00f3n Superior (Universidad Experimental LIbertador (UPEL), y Educaci\u00f3n superior a distancia (UFT). Estudios de Locuci\u00f3n- Actuaci\u00f3n-Publicidad y Mercadeo, Redes. Subdirectora de relaciones p\u00fablicas de la Asamablea Legislativa del Estado Sucre(1995)-Periodista de TELESOL,Telecaribe (Sucre). Jefe de Prensa de la Gobernaci\u00f3n del Estado Amazonas(1997). Periodista Comandancia General del Ej\u00e9rcito, Fuerte Tiuna (1996). Lider de Proyectos en educaci\u00f3n Superior en la Universidad Ferm\u00edn Toro (UFT) (2000). Docente Universitario UFT (2002-2007)-Docente de Educaci\u00f3n Superior a Distancia -titulado. Periodista Diario El Informador. Periodista en Apoyo A\u00e9reo de la Guardia Nacional, Aeropuerto Jacinto Lara. www.Noti-america.com (Venezuela)\",\"sameAs\":[\"https:\/\/x.com\/ylianaduque\"],\"url\":\"https:\/\/noti-america.com\/site\/venezuela\/author\/yduque\/\"}]}<\/script>\n<!-- \/ Yoast SEO Premium plugin. -->","yoast_head_json":{"title":"Edmundo sali\u00f3 de Venezuela tras recibir asilo y se dirige a Espa\u00f1a - Venezuela | Noti-America.com","robots":{"index":"index","follow":"follow","max-snippet":"max-snippet:-1","max-image-preview":"max-image-preview:large","max-video-preview":"max-video-preview:-1"},"canonical":"https:\/\/noti-america.com\/site\/venezuela\/2024\/09\/08\/edmundo-salio-de-venezuela-tras-recibir-asilo-y-se-dirige-a-espana\/","og_locale":"es_ES","og_type":"article","og_title":"Edmundo sali\u00f3 de Venezuela tras recibir asilo y se dirige a Espa\u00f1a","og_description":"NOTI-AMERICA|VENEZUELA \u00a0La coalici\u00f3n opositora -Plataforma Unitaria Democr\u00e1tica (PUD)- no se ha pronunciado sobre la salida del pa\u00eds de su abanderado. Edmundo Gonz\u00e1lez Urrutia tras la fuerte presi\u00f3n, se residenci\u00f3 en la sede de la&#46;&#46;&#46;","og_url":"https:\/\/noti-america.com\/site\/venezuela\/2024\/09\/08\/edmundo-salio-de-venezuela-tras-recibir-asilo-y-se-dirige-a-espana\/","og_site_name":"Venezuela | Noti-America.com","article_published_time":"2024-09-08T05:47:50+00:00","og_image":[{"width":299,"height":168,"url":"https:\/\/noti-america.com\/site\/venezuela\/wp-content\/uploads\/sites\/2\/2024\/09\/edmundo-2.jpg","type":"image\/jpeg"}],"author":"Yliana Duque","twitter_card":"summary_large_image","twitter_creator":"@ylianaduque","twitter_misc":{"Escrito por":"Yliana Duque","Tiempo estimado de lectura":"4 minutos"},"schema":{"@context":"https:\/\/schema.org","@graph":[{"@type":"Article","@id":"https:\/\/noti-america.com\/site\/venezuela\/2024\/09\/08\/edmundo-salio-de-venezuela-tras-recibir-asilo-y-se-dirige-a-espana\/#article","isPartOf":{"@id":"https:\/\/noti-america.com\/site\/venezuela\/2024\/09\/08\/edmundo-salio-de-venezuela-tras-recibir-asilo-y-se-dirige-a-espana\/"},"author":{"name":"Yliana Duque","@id":"https:\/\/noti-america.com\/site\/venezuela\/#\/schema\/person\/a166d9d45f249dbd09521fbc2e7342d8"},"headline":"Edmundo sali\u00f3 de Venezuela tras recibir asilo y se dirige a Espa\u00f1a","datePublished":"2024-09-08T05:47:50+00:00","mainEntityOfPage":{"@id":"https:\/\/noti-america.com\/site\/venezuela\/2024\/09\/08\/edmundo-salio-de-venezuela-tras-recibir-asilo-y-se-dirige-a-espana\/"},"wordCount":723,"commentCount":0,"publisher":{"@id":"https:\/\/noti-america.com\/site\/venezuela\/#organization"},"image":{"@id":"https:\/\/noti-america.com\/site\/venezuela\/2024\/09\/08\/edmundo-salio-de-venezuela-tras-recibir-asilo-y-se-dirige-a-espana\/#primaryimage"},"thumbnailUrl":"https:\/\/noti-america.com\/site\/venezuela\/wp-content\/uploads\/sites\/2\/2024\/09\/edmundo-2.jpg","articleSection":["Internacionales","Nacionales","Pol\u00edtica","Venezuela"],"inLanguage":"es","potentialAction":[{"@type":"CommentAction","name":"Comment","target":["https:\/\/noti-america.com\/site\/venezuela\/2024\/09\/08\/edmundo-salio-de-venezuela-tras-recibir-asilo-y-se-dirige-a-espana\/#respond"]}]},{"@type":"WebPage","@id":"https:\/\/noti-america.com\/site\/venezuela\/2024\/09\/08\/edmundo-salio-de-venezuela-tras-recibir-asilo-y-se-dirige-a-espana\/","url":"https:\/\/noti-america.com\/site\/venezuela\/2024\/09\/08\/edmundo-salio-de-venezuela-tras-recibir-asilo-y-se-dirige-a-espana\/","name":"Edmundo sali\u00f3 de Venezuela tras recibir asilo y se dirige a Espa\u00f1a - Venezuela | Noti-America.com","isPartOf":{"@id":"https:\/\/noti-america.com\/site\/venezuela\/#website"},"primaryImageOfPage":{"@id":"https:\/\/noti-america.com\/site\/venezuela\/2024\/09\/08\/edmundo-salio-de-venezuela-tras-recibir-asilo-y-se-dirige-a-espana\/#primaryimage"},"image":{"@id":"https:\/\/noti-america.com\/site\/venezuela\/2024\/09\/08\/edmundo-salio-de-venezuela-tras-recibir-asilo-y-se-dirige-a-espana\/#primaryimage"},"thumbnailUrl":"https:\/\/noti-america.com\/site\/venezuela\/wp-content\/uploads\/sites\/2\/2024\/09\/edmundo-2.jpg","datePublished":"2024-09-08T05:47:50+00:00","breadcrumb":{"@id":"https:\/\/noti-america.com\/site\/venezuela\/2024\/09\/08\/edmundo-salio-de-venezuela-tras-recibir-asilo-y-se-dirige-a-espana\/#breadcrumb"},"inLanguage":"es","potentialAction":[{"@type":"ReadAction","target":["https:\/\/noti-america.com\/site\/venezuela\/2024\/09\/08\/edmundo-salio-de-venezuela-tras-recibir-asilo-y-se-dirige-a-espana\/"]}]},{"@type":"ImageObject","inLanguage":"es","@id":"https:\/\/noti-america.com\/site\/venezuela\/2024\/09\/08\/edmundo-salio-de-venezuela-tras-recibir-asilo-y-se-dirige-a-espana\/#primaryimage","url":"https:\/\/noti-america.com\/site\/venezuela\/wp-content\/uploads\/sites\/2\/2024\/09\/edmundo-2.jpg","contentUrl":"https:\/\/noti-america.com\/site\/venezuela\/wp-content\/uploads\/sites\/2\/2024\/09\/edmundo-2.jpg","width":299,"height":168},{"@type":"BreadcrumbList","@id":"https:\/\/noti-america.com\/site\/venezuela\/2024\/09\/08\/edmundo-salio-de-venezuela-tras-recibir-asilo-y-se-dirige-a-espana\/#breadcrumb","itemListElement":[{"@type":"ListItem","position":1,"name":"Portada","item":"https:\/\/noti-america.com\/site\/venezuela\/"},{"@type":"ListItem","position":2,"name":"Edmundo sali\u00f3 de Venezuela tras recibir asilo y se dirige a Espa\u00f1a"}]},{"@type":"WebSite","@id":"https:\/\/noti-america.com\/site\/venezuela\/#website","url":"https:\/\/noti-america.com\/site\/venezuela\/","name":"Venezuela | Noti-America.com","description":"","publisher":{"@id":"https:\/\/noti-america.com\/site\/venezuela\/#organization"},"potentialAction":[{"@type":"SearchAction","target":{"@type":"EntryPoint","urlTemplate":"https:\/\/noti-america.com\/site\/venezuela\/?s={search_term_string}"},"query-input":{"@type":"PropertyValueSpecification","valueRequired":true,"valueName":"search_term_string"}}],"inLanguage":"es"},{"@type":"Organization","@id":"https:\/\/noti-america.com\/site\/venezuela\/#organization","name":"Noti-America LLC | Venezuela","url":"https:\/\/noti-america.com\/site\/venezuela\/","logo":{"@type":"ImageObject","inLanguage":"es","@id":"https:\/\/noti-america.com\/site\/venezuela\/#\/schema\/logo\/image\/","url":"https:\/\/noti-america.com\/site\/venezuela\/wp-content\/uploads\/sites\/2\/2020\/07\/LogoNA-4x3-1.jpg","contentUrl":"https:\/\/noti-america.com\/site\/venezuela\/wp-content\/uploads\/sites\/2\/2020\/07\/LogoNA-4x3-1.jpg","width":1236,"height":1080,"caption":"Noti-America LLC | Venezuela"},"image":{"@id":"https:\/\/noti-america.com\/site\/venezuela\/#\/schema\/logo\/image\/"}},{"@type":"Person","@id":"https:\/\/noti-america.com\/site\/venezuela\/#\/schema\/person\/a166d9d45f249dbd09521fbc2e7342d8","name":"Yliana Duque","image":{"@type":"ImageObject","inLanguage":"es","@id":"https:\/\/secure.gravatar.com\/avatar\/8caf2a4035762b3be44c3a0455581febe2d5273a41ac40dacc575b8aa348fe65?s=96&d=mm&r=g","url":"https:\/\/secure.gravatar.com\/avatar\/8caf2a4035762b3be44c3a0455581febe2d5273a41ac40dacc575b8aa348fe65?s=96&d=mm&r=g","contentUrl":"https:\/\/secure.gravatar.com\/avatar\/8caf2a4035762b3be44c3a0455581febe2d5273a41ac40dacc575b8aa348fe65?s=96&d=mm&r=g","caption":"Yliana Duque"},"description":"Ejercer el periodismo requiere de pasi\u00f3n y conocimiento en investigaci\u00f3n de campo. Siempre en la b\u00fasqueda de la verdad para aportar claridad y poder discernir sobre el hecho noticioso. Egresada de la Universidad de los Andes. Maestria en Relaciones Internacionales (UCV). Diplomado de Educaci\u00f3n Superior (Universidad Experimental LIbertador (UPEL), y Educaci\u00f3n superior a distancia (UFT). Estudios de Locuci\u00f3n- Actuaci\u00f3n-Publicidad y Mercadeo, Redes. Subdirectora de relaciones p\u00fablicas de la Asamablea Legislativa del Estado Sucre(1995)-Periodista de TELESOL,Telecaribe (Sucre). Jefe de Prensa de la Gobernaci\u00f3n del Estado Amazonas(1997). Periodista Comandancia General del Ej\u00e9rcito, Fuerte Tiuna (1996). Lider de Proyectos en educaci\u00f3n Superior en la Universidad Ferm\u00edn Toro (UFT) (2000). Docente Universitario UFT (2002-2007)-Docente de Educaci\u00f3n Superior a Distancia -titulado. Periodista Diario El Informador. Periodista en Apoyo A\u00e9reo de la Guardia Nacional, Aeropuerto Jacinto Lara. www.Noti-america.com (Venezuela)","sameAs":["https:\/\/x.com\/ylianaduque"],"url":"https:\/\/noti-america.com\/site\/venezuela\/author\/yduque\/"}]}},"_links":{"self":[{"href":"https:\/\/noti-america.com\/site\/venezuela\/wp-json\/wp\/v2\/posts\/40836","targetHints":{"allow":["GET"]}}],"collection":[{"href":"https:\/\/noti-america.com\/site\/venezuela\/wp-json\/wp\/v2\/posts"}],"about":[{"href":"https:\/\/noti-america.com\/site\/venezuela\/wp-json\/wp\/v2\/types\/post"}],"author":[{"embeddable":true,"href":"https:\/\/noti-america.com\/site\/venezuela\/wp-json\/wp\/v2\/users\/11"}],"replies":[{"embeddable":true,"href":"https:\/\/noti-america.com\/site\/venezuela\/wp-json\/wp\/v2\/comments?post=40836"}],"version-history":[{"count":1,"href":"https:\/\/noti-america.com\/site\/venezuela\/wp-json\/wp\/v2\/posts\/40836\/revisions"}],"predecessor-version":[{"id":40840,"href":"https:\/\/noti-america.com\/site\/venezuela\/wp-json\/wp\/v2\/posts\/40836\/revisions\/40840"}],"wp:featuredmedia":[{"embeddable":true,"href":"https:\/\/noti-america.com\/site\/venezuela\/wp-json\/wp\/v2\/media\/40838"}],"wp:attachment":[{"href":"https:\/\/noti-america.com\/site\/venezuela\/wp-json\/wp\/v2\/media?parent=40836"}],"wp:term":[{"taxonomy":"category","embeddable":true,"href":"https:\/\/noti-america.com\/site\/venezuela\/wp-json\/wp\/v2\/categories?post=40836"},{"taxonomy":"post_tag","embeddable":true,"href":"https:\/\/noti-america.com\/site\/venezuela\/wp-json\/wp\/v2\/tags?post=40836"}],"curies":[{"name":"wp","href":"https:\/\/api.w.org\/{rel}","templated":true}]}}