{"id":40827,"date":"2024-09-08T02:11:52","date_gmt":"2024-09-08T02:11:52","guid":{"rendered":"https:\/\/noti-america.com\/site\/venezuela\/?p=40827"},"modified":"2024-09-08T02:41:15","modified_gmt":"2024-09-08T02:41:15","slug":"defensora-de-maduro-y-cilia-es-cunada-del-fiscal-de-la-cpi","status":"publish","type":"post","link":"https:\/\/noti-america.com\/site\/venezuela\/2024\/09\/08\/defensora-de-maduro-y-cilia-es-cunada-del-fiscal-de-la-cpi\/","title":{"rendered":"Defensora de Maduro y Cilia es cu\u00f1ada del Fiscal de la CPI"},"content":{"rendered":"<p><strong>NOTI-AM\u00c9RICA<\/strong>|VENEZUELA<\/p>\n<blockquote><p>Conflicto de intereses y malestar en la opini\u00f3n p\u00fablica venezolana e internacional desata la defensora legal ante la Corte Penal Internacional de Nicol\u00e1s Maduro, Cilia Flores y Diosdado Cabello<\/p><\/blockquote>\n<p>De acuerdo a una informaci\u00f3n emanada del The Washington Post, Venkateswari Alagendra, cu\u00f1ada del fiscal jefe de la Corte Penal Internacional (CPI), Karim Khan, defiende a Nicol\u00e1s Maduro en las investigaciones por presuntos cr\u00edmenes de lesa humanidad.<\/p>\n<p><img decoding=\"async\" src=\"https:\/\/laverdad.com\/wp-content\/uploads\/2024\/09\/GW1zq4bXsAApRm0.jpg\" \/><\/p>\n<p>Venkateswari Alagendra, cu\u00f1ada de Karim Khan, fiscal jefe de la Corte Penal Internacional (CPI), es una de las abogadas que defienden a Nicol\u00e1s Maduro en las investigaciones que enfrenta por presuntos cr\u00edmenes de lesa humanidad, seg\u00fan report\u00f3\u00a0The Washington Post\u00a0este viernes 6 de septiembre.<\/p>\n<p>Alagendra compareci\u00f3 ante el tribunal en noviembre pasado como parte del equipo defensor de Maduro, sin embargo no se presentaron objeciones a su participaci\u00f3n.<\/p>\n<p>En la sesi\u00f3n, el equipo legal present\u00f3 una apelaci\u00f3n relacionada con la investigaci\u00f3n en curso. No obstante,, Khan \u201cse opuso a ella con mucha vehemencia\u201d y \u201cdesafortunadamente, perdimos\u201d.<\/p>\n<p>Desde la oficina del fiscal jefe, se emiti\u00f3 un comunicado aclarando que la identidad del equipo defensor de Maduro es de conocimiento p\u00fablico.<\/p>\n<blockquote><p><em><strong>\u201cLa composici\u00f3n del equipo legal que represent\u00f3 a Venezuela en los procedimientos en los que la Fiscal\u00eda defendi\u00f3 con \u00e9xito su derecho a hacer valer su jurisdicci\u00f3n en esta situaci\u00f3n es un asunto de dominio p\u00fablico\u201d<\/strong><\/em>, dijo la oficina de Khan en un comunicado.<\/p><\/blockquote>\n<p><em>The Washington Post<\/em>\u00a0record\u00f3 que hay \u201cun c\u00f3digo de conducta para la oficina del fiscal, que ordena a sus miembros abstenerse de cualquier conflicto que pueda surgir de inter\u00e9s personal en el caso, incluyendo una relaci\u00f3n conyugal, parental u otra relaci\u00f3n familiar cercana, personal o profesional con cualquiera de las partes\u201d.<\/p>\n<p><img loading=\"lazy\" decoding=\"async\" class=\"alignnone size-medium wp-image-40829\" src=\"https:\/\/noti-america.com\/site\/venezuela\/wp-content\/uploads\/sites\/2\/2024\/09\/cpi-AN-300x169.jpg\" alt=\"\" width=\"300\" height=\"169\" srcset=\"https:\/\/noti-america.com\/site\/venezuela\/wp-content\/uploads\/sites\/2\/2024\/09\/cpi-AN-300x169.jpg 300w, https:\/\/noti-america.com\/site\/venezuela\/wp-content\/uploads\/sites\/2\/2024\/09\/cpi-AN-768x432.jpg 768w, https:\/\/noti-america.com\/site\/venezuela\/wp-content\/uploads\/sites\/2\/2024\/09\/cpi-AN.jpg 980w\" sizes=\"auto, (max-width: 300px) 100vw, 300px\" \/> <img loading=\"lazy\" decoding=\"async\" class=\"alignnone size-medium wp-image-40830\" src=\"https:\/\/noti-america.com\/site\/venezuela\/wp-content\/uploads\/sites\/2\/2024\/09\/cpi-fiscal-300x200.jpg\" alt=\"\" width=\"300\" height=\"200\" srcset=\"https:\/\/noti-america.com\/site\/venezuela\/wp-content\/uploads\/sites\/2\/2024\/09\/cpi-fiscal-300x200.jpg 300w, https:\/\/noti-america.com\/site\/venezuela\/wp-content\/uploads\/sites\/2\/2024\/09\/cpi-fiscal-1024x682.jpg 1024w, https:\/\/noti-america.com\/site\/venezuela\/wp-content\/uploads\/sites\/2\/2024\/09\/cpi-fiscal-768x511.jpg 768w, https:\/\/noti-america.com\/site\/venezuela\/wp-content\/uploads\/sites\/2\/2024\/09\/cpi-fiscal-272x182.jpg 272w, https:\/\/noti-america.com\/site\/venezuela\/wp-content\/uploads\/sites\/2\/2024\/09\/cpi-fiscal.jpg 1080w\" sizes=\"auto, (max-width: 300px) 100vw, 300px\" \/><\/p>\n<p>Las investigaciones sobre presuntos cr\u00edmenes de lesa humanidad en Venezuela contin\u00faan, y numerosos gobiernos han solicitado la emisi\u00f3n de una\u00a0orden de captura contra el presidente Maduro.<\/p>\n<p>(Fuente La verdad)<\/p>\n<p>M\u00faltiples comentarios negativos referentes a la relaci\u00f3n personal entre el fiscal Karim Khan y su cu\u00f1ada expone un lado oscuro de las deficientes acciones de parte de la CPI con respecto a las represiones de que son v\u00edctimas los manifestantes en desacuerdo con el fraude electoral del pasado 28J, cuando el rector del Consejo Nacional Electoral (CNE) oficializ\u00f3 la reelecci\u00f3n de Nicol\u00e1s Maduro sin presentar y exponer las pruebas que avalen la elecci\u00f3n.<\/p>\n<p style=\"text-align: justify\">Relacionado a este tema<strong> Jaime Bayly<\/strong> comenta sobre la reciente petici\u00f3n de <strong>31 expresidentes de Espa\u00f1a y Am\u00e9rica para que la Corte Penal Internacional (CPI) emita una orden de arresto contra el dictador venezolano Nicol\u00e1s Maduro y su aliado Diosdado Cabello por cr\u00edmenes de lesa humanidad<\/strong>. A pesar de este esfuerzo, Bayly expresa su escepticismo sobre si la CPI actuar\u00e1 en consecuencia.<\/p>\n<p>Una de las razones que Bayly se\u00f1ala para su escepticismo es la relaci\u00f3n cercana entre el jefe de la CPI, Karim Khan, y el gobierno de Maduro. Explica que la cu\u00f1ada de Khan, Venkateswari Alagendra , es la abogada que defiende al r\u00e9gimen venezolano ante la CPI. Este v\u00ednculo familiar genera, seg\u00fan Bayly, un claro conflicto de intereses que ha impedido que la CPI act\u00fae con rapidez y firmeza contra Maduro y Cabello. Bayly considera que esta relaci\u00f3n ha influido en la inacci\u00f3n de Khan respecto al caso de Venezuela.<\/p>\n<div class=\"_3-8y _5nz1 clearfix\">\n<div class=\"\">\n<div class=\"UFIImageBlockContent _42ef clearfix\">\n<div class=\"_ohf\">\n<div>\n<div>\n<h4 class=\"uiPopover _6a _6b\">Opiniones en redes&#8230;<\/h4>\n<\/div>\n<\/div>\n<\/div>\n<div class=\"\">\n<div>\n<p><a class=\" UFICommentActorName\" dir=\"ltr\" href=\"https:\/\/www.facebook.com\/people\/Heberto-Echeto\/100090466021044\/?ref=embed_comment\" target=\"_blank\" rel=\"noopener\">Heberto Echeto<\/a><\/p>\n<div class=\"_3-8m\">\n<div class=\"_30o4\"><span class=\"_5mdd\">Y la CPI no sab\u00eda \u00e9so, ya saben porque el fiscal calvo de la CPI que est\u00e1 en Caracas no defiende y no investiga a nadie, todo es un conglomerado de corrupci\u00f3n y complicidad, as\u00ed es que le sacan el dinero a los pa\u00edses, mandando emisarios c\u00f3mplices de los dictadores y las pobres v\u00edctimas esperando sentencias, por eso Nayid Bukele se aisl\u00f3 de estos organismos internacionales, vampiros y sanguijuelas que viven a costilla del sufrimiento de los pueblos.<\/span><\/div>\n<div>\n<p><a class=\" UFICommentActorName\" dir=\"ltr\" href=\"https:\/\/www.facebook.com\/people\/Alfredo-Popeye-Gonzalez\/100088346064746\/?ref=embed_comment\" target=\"_blank\" rel=\"noopener\">Alfredo Popeye Gonzalez<\/a><\/p>\n<div class=\"_3-8m\">\n<div class=\"_30o4\"><span class=\"_5mdd\">Que desgracia !. Con raz\u00f3n, las acusaciones acerca de la violaci\u00f3n de los Derechos Humanos ante la CPI no avanza. Est\u00e1 gente cobra y se da el vuelto. Este cap\u00edtulo me hace darle la raz\u00f3n al Mortadelo, cuando los criticaba y luego se retiraba de organismos como la OEA. Hay que ver el poder que tiene una mina de oro y diamantes&#8230;<\/span><\/div>\n<\/div>\n<\/div>\n<\/div>\n<\/div>\n<\/div>\n<\/div>\n<\/div>\n<\/div>\n","protected":false},"excerpt":{"rendered":"<p>NOTI-AM\u00c9RICA|VENEZUELA Conflicto de intereses y malestar en la opini\u00f3n p\u00fablica venezolana e internacional desata la defensora legal ante la Corte Penal Internacional de Nicol\u00e1s Maduro, Cilia Flores y Diosdado Cabello De acuerdo a una&#46;&#46;&#46;<\/p>\n","protected":false},"author":11,"featured_media":40828,"comment_status":"open","ping_status":"open","sticky":false,"template":"","format":"standard","meta":{"_acf_changed":false,"om_disable_all_campaigns":false,"rop_custom_images_group":[],"rop_custom_messages_group":[],"rop_publish_now":"initial","rop_publish_now_accounts":{"twitter_242054905_242054905":""},"rop_publish_now_history":[],"rop_publish_now_status":"pending","_uf_show_specific_survey":0,"_uf_disable_surveys":false,"footnotes":""},"categories":[4,204,3,156],"tags":[],"class_list":["post-40827","post","type-post","status-publish","format-standard","has-post-thumbnail","hentry","category-internacionales","category-nacionales","category-politica","category-venezuela"],"acf":[],"aioseo_notices":[],"yoast_head":"<!-- This site is optimized with the Yoast SEO Premium plugin v24.9 (Yoast SEO v27.2) - https:\/\/yoast.com\/product\/yoast-seo-premium-wordpress\/ -->\n<title>Defensora de Maduro y Cilia es cu\u00f1ada del Fiscal de la CPI - Venezuela | Noti-America.com<\/title>\n<meta name=\"robots\" content=\"index, follow, max-snippet:-1, max-image-preview:large, max-video-preview:-1\" \/>\n<link rel=\"canonical\" href=\"https:\/\/noti-america.com\/site\/venezuela\/2024\/09\/08\/defensora-de-maduro-y-cilia-es-cunada-del-fiscal-de-la-cpi\/\" \/>\n<meta property=\"og:locale\" content=\"es_ES\" \/>\n<meta property=\"og:type\" content=\"article\" \/>\n<meta property=\"og:title\" content=\"Defensora de Maduro y Cilia es cu\u00f1ada del Fiscal de la CPI\" \/>\n<meta property=\"og:description\" content=\"NOTI-AM\u00c9RICA|VENEZUELA Conflicto de intereses y malestar en la opini\u00f3n p\u00fablica venezolana e internacional desata la defensora legal ante la Corte Penal Internacional de Nicol\u00e1s Maduro, Cilia Flores y Diosdado Cabello De acuerdo a una&#046;&#046;&#046;\" \/>\n<meta property=\"og:url\" content=\"https:\/\/noti-america.com\/site\/venezuela\/2024\/09\/08\/defensora-de-maduro-y-cilia-es-cunada-del-fiscal-de-la-cpi\/\" \/>\n<meta property=\"og:site_name\" content=\"Venezuela | Noti-America.com\" \/>\n<meta property=\"article:published_time\" content=\"2024-09-08T02:11:52+00:00\" \/>\n<meta property=\"article:modified_time\" content=\"2024-09-08T02:41:15+00:00\" \/>\n<meta property=\"og:image\" content=\"https:\/\/noti-america.com\/site\/venezuela\/wp-content\/uploads\/sites\/2\/2024\/09\/cpi.jpg\" \/>\n\t<meta property=\"og:image:width\" content=\"480\" \/>\n\t<meta property=\"og:image:height\" content=\"270\" \/>\n\t<meta property=\"og:image:type\" content=\"image\/jpeg\" \/>\n<meta name=\"author\" content=\"Yliana Duque\" \/>\n<meta name=\"twitter:card\" content=\"summary_large_image\" \/>\n<meta name=\"twitter:creator\" content=\"@ylianaduque\" \/>\n<meta name=\"twitter:label1\" content=\"Escrito por\" \/>\n\t<meta name=\"twitter:data1\" content=\"Yliana Duque\" \/>\n\t<meta name=\"twitter:label2\" content=\"Tiempo estimado de lectura\" \/>\n\t<meta name=\"twitter:data2\" content=\"4 minutos\" \/>\n<script type=\"application\/ld+json\" class=\"yoast-schema-graph\">{\"@context\":\"https:\/\/schema.org\",\"@graph\":[{\"@type\":\"Article\",\"@id\":\"https:\/\/noti-america.com\/site\/venezuela\/2024\/09\/08\/defensora-de-maduro-y-cilia-es-cunada-del-fiscal-de-la-cpi\/#article\",\"isPartOf\":{\"@id\":\"https:\/\/noti-america.com\/site\/venezuela\/2024\/09\/08\/defensora-de-maduro-y-cilia-es-cunada-del-fiscal-de-la-cpi\/\"},\"author\":{\"name\":\"Yliana Duque\",\"@id\":\"https:\/\/noti-america.com\/site\/venezuela\/#\/schema\/person\/a166d9d45f249dbd09521fbc2e7342d8\"},\"headline\":\"Defensora de Maduro y Cilia es cu\u00f1ada del Fiscal de la CPI\",\"datePublished\":\"2024-09-08T02:11:52+00:00\",\"dateModified\":\"2024-09-08T02:41:15+00:00\",\"mainEntityOfPage\":{\"@id\":\"https:\/\/noti-america.com\/site\/venezuela\/2024\/09\/08\/defensora-de-maduro-y-cilia-es-cunada-del-fiscal-de-la-cpi\/\"},\"wordCount\":754,\"commentCount\":0,\"publisher\":{\"@id\":\"https:\/\/noti-america.com\/site\/venezuela\/#organization\"},\"image\":{\"@id\":\"https:\/\/noti-america.com\/site\/venezuela\/2024\/09\/08\/defensora-de-maduro-y-cilia-es-cunada-del-fiscal-de-la-cpi\/#primaryimage\"},\"thumbnailUrl\":\"https:\/\/noti-america.com\/site\/venezuela\/wp-content\/uploads\/sites\/2\/2024\/09\/cpi.jpg\",\"articleSection\":[\"Internacionales\",\"Nacionales\",\"Pol\u00edtica\",\"Venezuela\"],\"inLanguage\":\"es\",\"potentialAction\":[{\"@type\":\"CommentAction\",\"name\":\"Comment\",\"target\":[\"https:\/\/noti-america.com\/site\/venezuela\/2024\/09\/08\/defensora-de-maduro-y-cilia-es-cunada-del-fiscal-de-la-cpi\/#respond\"]}]},{\"@type\":\"WebPage\",\"@id\":\"https:\/\/noti-america.com\/site\/venezuela\/2024\/09\/08\/defensora-de-maduro-y-cilia-es-cunada-del-fiscal-de-la-cpi\/\",\"url\":\"https:\/\/noti-america.com\/site\/venezuela\/2024\/09\/08\/defensora-de-maduro-y-cilia-es-cunada-del-fiscal-de-la-cpi\/\",\"name\":\"Defensora de Maduro y Cilia es cu\u00f1ada del Fiscal de la CPI - Venezuela | Noti-America.com\",\"isPartOf\":{\"@id\":\"https:\/\/noti-america.com\/site\/venezuela\/#website\"},\"primaryImageOfPage\":{\"@id\":\"https:\/\/noti-america.com\/site\/venezuela\/2024\/09\/08\/defensora-de-maduro-y-cilia-es-cunada-del-fiscal-de-la-cpi\/#primaryimage\"},\"image\":{\"@id\":\"https:\/\/noti-america.com\/site\/venezuela\/2024\/09\/08\/defensora-de-maduro-y-cilia-es-cunada-del-fiscal-de-la-cpi\/#primaryimage\"},\"thumbnailUrl\":\"https:\/\/noti-america.com\/site\/venezuela\/wp-content\/uploads\/sites\/2\/2024\/09\/cpi.jpg\",\"datePublished\":\"2024-09-08T02:11:52+00:00\",\"dateModified\":\"2024-09-08T02:41:15+00:00\",\"breadcrumb\":{\"@id\":\"https:\/\/noti-america.com\/site\/venezuela\/2024\/09\/08\/defensora-de-maduro-y-cilia-es-cunada-del-fiscal-de-la-cpi\/#breadcrumb\"},\"inLanguage\":\"es\",\"potentialAction\":[{\"@type\":\"ReadAction\",\"target\":[\"https:\/\/noti-america.com\/site\/venezuela\/2024\/09\/08\/defensora-de-maduro-y-cilia-es-cunada-del-fiscal-de-la-cpi\/\"]}]},{\"@type\":\"ImageObject\",\"inLanguage\":\"es\",\"@id\":\"https:\/\/noti-america.com\/site\/venezuela\/2024\/09\/08\/defensora-de-maduro-y-cilia-es-cunada-del-fiscal-de-la-cpi\/#primaryimage\",\"url\":\"https:\/\/noti-america.com\/site\/venezuela\/wp-content\/uploads\/sites\/2\/2024\/09\/cpi.jpg\",\"contentUrl\":\"https:\/\/noti-america.com\/site\/venezuela\/wp-content\/uploads\/sites\/2\/2024\/09\/cpi.jpg\",\"width\":480,\"height\":270},{\"@type\":\"BreadcrumbList\",\"@id\":\"https:\/\/noti-america.com\/site\/venezuela\/2024\/09\/08\/defensora-de-maduro-y-cilia-es-cunada-del-fiscal-de-la-cpi\/#breadcrumb\",\"itemListElement\":[{\"@type\":\"ListItem\",\"position\":1,\"name\":\"Portada\",\"item\":\"https:\/\/noti-america.com\/site\/venezuela\/\"},{\"@type\":\"ListItem\",\"position\":2,\"name\":\"Defensora de Maduro y Cilia es cu\u00f1ada del Fiscal de la CPI\"}]},{\"@type\":\"WebSite\",\"@id\":\"https:\/\/noti-america.com\/site\/venezuela\/#website\",\"url\":\"https:\/\/noti-america.com\/site\/venezuela\/\",\"name\":\"Venezuela | Noti-America.com\",\"description\":\"\",\"publisher\":{\"@id\":\"https:\/\/noti-america.com\/site\/venezuela\/#organization\"},\"potentialAction\":[{\"@type\":\"SearchAction\",\"target\":{\"@type\":\"EntryPoint\",\"urlTemplate\":\"https:\/\/noti-america.com\/site\/venezuela\/?s={search_term_string}\"},\"query-input\":{\"@type\":\"PropertyValueSpecification\",\"valueRequired\":true,\"valueName\":\"search_term_string\"}}],\"inLanguage\":\"es\"},{\"@type\":\"Organization\",\"@id\":\"https:\/\/noti-america.com\/site\/venezuela\/#organization\",\"name\":\"Noti-America LLC | Venezuela\",\"url\":\"https:\/\/noti-america.com\/site\/venezuela\/\",\"logo\":{\"@type\":\"ImageObject\",\"inLanguage\":\"es\",\"@id\":\"https:\/\/noti-america.com\/site\/venezuela\/#\/schema\/logo\/image\/\",\"url\":\"https:\/\/noti-america.com\/site\/venezuela\/wp-content\/uploads\/sites\/2\/2020\/07\/LogoNA-4x3-1.jpg\",\"contentUrl\":\"https:\/\/noti-america.com\/site\/venezuela\/wp-content\/uploads\/sites\/2\/2020\/07\/LogoNA-4x3-1.jpg\",\"width\":1236,\"height\":1080,\"caption\":\"Noti-America LLC | Venezuela\"},\"image\":{\"@id\":\"https:\/\/noti-america.com\/site\/venezuela\/#\/schema\/logo\/image\/\"}},{\"@type\":\"Person\",\"@id\":\"https:\/\/noti-america.com\/site\/venezuela\/#\/schema\/person\/a166d9d45f249dbd09521fbc2e7342d8\",\"name\":\"Yliana Duque\",\"image\":{\"@type\":\"ImageObject\",\"inLanguage\":\"es\",\"@id\":\"https:\/\/secure.gravatar.com\/avatar\/8caf2a4035762b3be44c3a0455581febe2d5273a41ac40dacc575b8aa348fe65?s=96&d=mm&r=g\",\"url\":\"https:\/\/secure.gravatar.com\/avatar\/8caf2a4035762b3be44c3a0455581febe2d5273a41ac40dacc575b8aa348fe65?s=96&d=mm&r=g\",\"contentUrl\":\"https:\/\/secure.gravatar.com\/avatar\/8caf2a4035762b3be44c3a0455581febe2d5273a41ac40dacc575b8aa348fe65?s=96&d=mm&r=g\",\"caption\":\"Yliana Duque\"},\"description\":\"Ejercer el periodismo requiere de pasi\u00f3n y conocimiento en investigaci\u00f3n de campo. Siempre en la b\u00fasqueda de la verdad para aportar claridad y poder discernir sobre el hecho noticioso. Egresada de la Universidad de los Andes. Maestria en Relaciones Internacionales (UCV). Diplomado de Educaci\u00f3n Superior (Universidad Experimental LIbertador (UPEL), y Educaci\u00f3n superior a distancia (UFT). Estudios de Locuci\u00f3n- Actuaci\u00f3n-Publicidad y Mercadeo, Redes. Subdirectora de relaciones p\u00fablicas de la Asamablea Legislativa del Estado Sucre(1995)-Periodista de TELESOL,Telecaribe (Sucre). Jefe de Prensa de la Gobernaci\u00f3n del Estado Amazonas(1997). Periodista Comandancia General del Ej\u00e9rcito, Fuerte Tiuna (1996). Lider de Proyectos en educaci\u00f3n Superior en la Universidad Ferm\u00edn Toro (UFT) (2000). Docente Universitario UFT (2002-2007)-Docente de Educaci\u00f3n Superior a Distancia -titulado. Periodista Diario El Informador. Periodista en Apoyo A\u00e9reo de la Guardia Nacional, Aeropuerto Jacinto Lara. www.Noti-america.com (Venezuela)\",\"sameAs\":[\"https:\/\/x.com\/ylianaduque\"],\"url\":\"https:\/\/noti-america.com\/site\/venezuela\/author\/yduque\/\"}]}<\/script>\n<!-- \/ Yoast SEO Premium plugin. -->","yoast_head_json":{"title":"Defensora de Maduro y Cilia es cu\u00f1ada del Fiscal de la CPI - Venezuela | Noti-America.com","robots":{"index":"index","follow":"follow","max-snippet":"max-snippet:-1","max-image-preview":"max-image-preview:large","max-video-preview":"max-video-preview:-1"},"canonical":"https:\/\/noti-america.com\/site\/venezuela\/2024\/09\/08\/defensora-de-maduro-y-cilia-es-cunada-del-fiscal-de-la-cpi\/","og_locale":"es_ES","og_type":"article","og_title":"Defensora de Maduro y Cilia es cu\u00f1ada del Fiscal de la CPI","og_description":"NOTI-AM\u00c9RICA|VENEZUELA Conflicto de intereses y malestar en la opini\u00f3n p\u00fablica venezolana e internacional desata la defensora legal ante la Corte Penal Internacional de Nicol\u00e1s Maduro, Cilia Flores y Diosdado Cabello De acuerdo a una&#46;&#46;&#46;","og_url":"https:\/\/noti-america.com\/site\/venezuela\/2024\/09\/08\/defensora-de-maduro-y-cilia-es-cunada-del-fiscal-de-la-cpi\/","og_site_name":"Venezuela | Noti-America.com","article_published_time":"2024-09-08T02:11:52+00:00","article_modified_time":"2024-09-08T02:41:15+00:00","og_image":[{"width":480,"height":270,"url":"https:\/\/noti-america.com\/site\/venezuela\/wp-content\/uploads\/sites\/2\/2024\/09\/cpi.jpg","type":"image\/jpeg"}],"author":"Yliana Duque","twitter_card":"summary_large_image","twitter_creator":"@ylianaduque","twitter_misc":{"Escrito por":"Yliana Duque","Tiempo estimado de lectura":"4 minutos"},"schema":{"@context":"https:\/\/schema.org","@graph":[{"@type":"Article","@id":"https:\/\/noti-america.com\/site\/venezuela\/2024\/09\/08\/defensora-de-maduro-y-cilia-es-cunada-del-fiscal-de-la-cpi\/#article","isPartOf":{"@id":"https:\/\/noti-america.com\/site\/venezuela\/2024\/09\/08\/defensora-de-maduro-y-cilia-es-cunada-del-fiscal-de-la-cpi\/"},"author":{"name":"Yliana Duque","@id":"https:\/\/noti-america.com\/site\/venezuela\/#\/schema\/person\/a166d9d45f249dbd09521fbc2e7342d8"},"headline":"Defensora de Maduro y Cilia es cu\u00f1ada del Fiscal de la CPI","datePublished":"2024-09-08T02:11:52+00:00","dateModified":"2024-09-08T02:41:15+00:00","mainEntityOfPage":{"@id":"https:\/\/noti-america.com\/site\/venezuela\/2024\/09\/08\/defensora-de-maduro-y-cilia-es-cunada-del-fiscal-de-la-cpi\/"},"wordCount":754,"commentCount":0,"publisher":{"@id":"https:\/\/noti-america.com\/site\/venezuela\/#organization"},"image":{"@id":"https:\/\/noti-america.com\/site\/venezuela\/2024\/09\/08\/defensora-de-maduro-y-cilia-es-cunada-del-fiscal-de-la-cpi\/#primaryimage"},"thumbnailUrl":"https:\/\/noti-america.com\/site\/venezuela\/wp-content\/uploads\/sites\/2\/2024\/09\/cpi.jpg","articleSection":["Internacionales","Nacionales","Pol\u00edtica","Venezuela"],"inLanguage":"es","potentialAction":[{"@type":"CommentAction","name":"Comment","target":["https:\/\/noti-america.com\/site\/venezuela\/2024\/09\/08\/defensora-de-maduro-y-cilia-es-cunada-del-fiscal-de-la-cpi\/#respond"]}]},{"@type":"WebPage","@id":"https:\/\/noti-america.com\/site\/venezuela\/2024\/09\/08\/defensora-de-maduro-y-cilia-es-cunada-del-fiscal-de-la-cpi\/","url":"https:\/\/noti-america.com\/site\/venezuela\/2024\/09\/08\/defensora-de-maduro-y-cilia-es-cunada-del-fiscal-de-la-cpi\/","name":"Defensora de Maduro y Cilia es cu\u00f1ada del Fiscal de la CPI - Venezuela | Noti-America.com","isPartOf":{"@id":"https:\/\/noti-america.com\/site\/venezuela\/#website"},"primaryImageOfPage":{"@id":"https:\/\/noti-america.com\/site\/venezuela\/2024\/09\/08\/defensora-de-maduro-y-cilia-es-cunada-del-fiscal-de-la-cpi\/#primaryimage"},"image":{"@id":"https:\/\/noti-america.com\/site\/venezuela\/2024\/09\/08\/defensora-de-maduro-y-cilia-es-cunada-del-fiscal-de-la-cpi\/#primaryimage"},"thumbnailUrl":"https:\/\/noti-america.com\/site\/venezuela\/wp-content\/uploads\/sites\/2\/2024\/09\/cpi.jpg","datePublished":"2024-09-08T02:11:52+00:00","dateModified":"2024-09-08T02:41:15+00:00","breadcrumb":{"@id":"https:\/\/noti-america.com\/site\/venezuela\/2024\/09\/08\/defensora-de-maduro-y-cilia-es-cunada-del-fiscal-de-la-cpi\/#breadcrumb"},"inLanguage":"es","potentialAction":[{"@type":"ReadAction","target":["https:\/\/noti-america.com\/site\/venezuela\/2024\/09\/08\/defensora-de-maduro-y-cilia-es-cunada-del-fiscal-de-la-cpi\/"]}]},{"@type":"ImageObject","inLanguage":"es","@id":"https:\/\/noti-america.com\/site\/venezuela\/2024\/09\/08\/defensora-de-maduro-y-cilia-es-cunada-del-fiscal-de-la-cpi\/#primaryimage","url":"https:\/\/noti-america.com\/site\/venezuela\/wp-content\/uploads\/sites\/2\/2024\/09\/cpi.jpg","contentUrl":"https:\/\/noti-america.com\/site\/venezuela\/wp-content\/uploads\/sites\/2\/2024\/09\/cpi.jpg","width":480,"height":270},{"@type":"BreadcrumbList","@id":"https:\/\/noti-america.com\/site\/venezuela\/2024\/09\/08\/defensora-de-maduro-y-cilia-es-cunada-del-fiscal-de-la-cpi\/#breadcrumb","itemListElement":[{"@type":"ListItem","position":1,"name":"Portada","item":"https:\/\/noti-america.com\/site\/venezuela\/"},{"@type":"ListItem","position":2,"name":"Defensora de Maduro y Cilia es cu\u00f1ada del Fiscal de la CPI"}]},{"@type":"WebSite","@id":"https:\/\/noti-america.com\/site\/venezuela\/#website","url":"https:\/\/noti-america.com\/site\/venezuela\/","name":"Venezuela | Noti-America.com","description":"","publisher":{"@id":"https:\/\/noti-america.com\/site\/venezuela\/#organization"},"potentialAction":[{"@type":"SearchAction","target":{"@type":"EntryPoint","urlTemplate":"https:\/\/noti-america.com\/site\/venezuela\/?s={search_term_string}"},"query-input":{"@type":"PropertyValueSpecification","valueRequired":true,"valueName":"search_term_string"}}],"inLanguage":"es"},{"@type":"Organization","@id":"https:\/\/noti-america.com\/site\/venezuela\/#organization","name":"Noti-America LLC | Venezuela","url":"https:\/\/noti-america.com\/site\/venezuela\/","logo":{"@type":"ImageObject","inLanguage":"es","@id":"https:\/\/noti-america.com\/site\/venezuela\/#\/schema\/logo\/image\/","url":"https:\/\/noti-america.com\/site\/venezuela\/wp-content\/uploads\/sites\/2\/2020\/07\/LogoNA-4x3-1.jpg","contentUrl":"https:\/\/noti-america.com\/site\/venezuela\/wp-content\/uploads\/sites\/2\/2020\/07\/LogoNA-4x3-1.jpg","width":1236,"height":1080,"caption":"Noti-America LLC | Venezuela"},"image":{"@id":"https:\/\/noti-america.com\/site\/venezuela\/#\/schema\/logo\/image\/"}},{"@type":"Person","@id":"https:\/\/noti-america.com\/site\/venezuela\/#\/schema\/person\/a166d9d45f249dbd09521fbc2e7342d8","name":"Yliana Duque","image":{"@type":"ImageObject","inLanguage":"es","@id":"https:\/\/secure.gravatar.com\/avatar\/8caf2a4035762b3be44c3a0455581febe2d5273a41ac40dacc575b8aa348fe65?s=96&d=mm&r=g","url":"https:\/\/secure.gravatar.com\/avatar\/8caf2a4035762b3be44c3a0455581febe2d5273a41ac40dacc575b8aa348fe65?s=96&d=mm&r=g","contentUrl":"https:\/\/secure.gravatar.com\/avatar\/8caf2a4035762b3be44c3a0455581febe2d5273a41ac40dacc575b8aa348fe65?s=96&d=mm&r=g","caption":"Yliana Duque"},"description":"Ejercer el periodismo requiere de pasi\u00f3n y conocimiento en investigaci\u00f3n de campo. Siempre en la b\u00fasqueda de la verdad para aportar claridad y poder discernir sobre el hecho noticioso. Egresada de la Universidad de los Andes. Maestria en Relaciones Internacionales (UCV). Diplomado de Educaci\u00f3n Superior (Universidad Experimental LIbertador (UPEL), y Educaci\u00f3n superior a distancia (UFT). Estudios de Locuci\u00f3n- Actuaci\u00f3n-Publicidad y Mercadeo, Redes. Subdirectora de relaciones p\u00fablicas de la Asamablea Legislativa del Estado Sucre(1995)-Periodista de TELESOL,Telecaribe (Sucre). Jefe de Prensa de la Gobernaci\u00f3n del Estado Amazonas(1997). Periodista Comandancia General del Ej\u00e9rcito, Fuerte Tiuna (1996). Lider de Proyectos en educaci\u00f3n Superior en la Universidad Ferm\u00edn Toro (UFT) (2000). Docente Universitario UFT (2002-2007)-Docente de Educaci\u00f3n Superior a Distancia -titulado. Periodista Diario El Informador. Periodista en Apoyo A\u00e9reo de la Guardia Nacional, Aeropuerto Jacinto Lara. www.Noti-america.com (Venezuela)","sameAs":["https:\/\/x.com\/ylianaduque"],"url":"https:\/\/noti-america.com\/site\/venezuela\/author\/yduque\/"}]}},"_links":{"self":[{"href":"https:\/\/noti-america.com\/site\/venezuela\/wp-json\/wp\/v2\/posts\/40827","targetHints":{"allow":["GET"]}}],"collection":[{"href":"https:\/\/noti-america.com\/site\/venezuela\/wp-json\/wp\/v2\/posts"}],"about":[{"href":"https:\/\/noti-america.com\/site\/venezuela\/wp-json\/wp\/v2\/types\/post"}],"author":[{"embeddable":true,"href":"https:\/\/noti-america.com\/site\/venezuela\/wp-json\/wp\/v2\/users\/11"}],"replies":[{"embeddable":true,"href":"https:\/\/noti-america.com\/site\/venezuela\/wp-json\/wp\/v2\/comments?post=40827"}],"version-history":[{"count":3,"href":"https:\/\/noti-america.com\/site\/venezuela\/wp-json\/wp\/v2\/posts\/40827\/revisions"}],"predecessor-version":[{"id":40833,"href":"https:\/\/noti-america.com\/site\/venezuela\/wp-json\/wp\/v2\/posts\/40827\/revisions\/40833"}],"wp:featuredmedia":[{"embeddable":true,"href":"https:\/\/noti-america.com\/site\/venezuela\/wp-json\/wp\/v2\/media\/40828"}],"wp:attachment":[{"href":"https:\/\/noti-america.com\/site\/venezuela\/wp-json\/wp\/v2\/media?parent=40827"}],"wp:term":[{"taxonomy":"category","embeddable":true,"href":"https:\/\/noti-america.com\/site\/venezuela\/wp-json\/wp\/v2\/categories?post=40827"},{"taxonomy":"post_tag","embeddable":true,"href":"https:\/\/noti-america.com\/site\/venezuela\/wp-json\/wp\/v2\/tags?post=40827"}],"curies":[{"name":"wp","href":"https:\/\/api.w.org\/{rel}","templated":true}]}}