{"id":40674,"date":"2024-09-01T03:28:34","date_gmt":"2024-09-01T03:28:34","guid":{"rendered":"https:\/\/noti-america.com\/site\/venezuela\/?p=40674"},"modified":"2024-09-01T03:28:34","modified_gmt":"2024-09-01T03:28:34","slug":"alcaldia-de-lagunillas-llevo-jornada-social-integral-al-sector-los-samanes-iii","status":"publish","type":"post","link":"https:\/\/noti-america.com\/site\/venezuela\/2024\/09\/01\/alcaldia-de-lagunillas-llevo-jornada-social-integral-al-sector-los-samanes-iii\/","title":{"rendered":"Alcald\u00eda de Lagunillas llev\u00f3 jornada social integral al sector Los Samanes III"},"content":{"rendered":"<p style=\"text-align: justify\"><img loading=\"lazy\" decoding=\"async\" class=\"size-medium wp-image-40675 aligncenter\" src=\"https:\/\/noti-america.com\/site\/venezuela\/wp-content\/uploads\/sites\/2\/2024\/09\/IMG-20240831-WA0173-300x168.jpg\" alt=\"\" width=\"300\" height=\"168\" srcset=\"https:\/\/noti-america.com\/site\/venezuela\/wp-content\/uploads\/sites\/2\/2024\/09\/IMG-20240831-WA0173-300x168.jpg 300w, https:\/\/noti-america.com\/site\/venezuela\/wp-content\/uploads\/sites\/2\/2024\/09\/IMG-20240831-WA0173-1024x572.jpg 1024w, https:\/\/noti-america.com\/site\/venezuela\/wp-content\/uploads\/sites\/2\/2024\/09\/IMG-20240831-WA0173-768x429.jpg 768w, https:\/\/noti-america.com\/site\/venezuela\/wp-content\/uploads\/sites\/2\/2024\/09\/IMG-20240831-WA0173.jpg 1242w\" sizes=\"auto, (max-width: 300px) 100vw, 300px\" \/><\/p>\n<p style=\"text-align: justify\"><strong>El alcalde Jos\u00e9 Mosquera Adarme, siempre preocupado por los lagunillenses, llev\u00f3 a cabo, este 31 de agosto, una nueva jornada social integral en el sector Los Samanes III de la parroquia Paraute, la cual, benefici\u00f3 a los pobladores de esta localidad.<\/strong><\/p>\n<p><img loading=\"lazy\" decoding=\"async\" class=\"size-medium wp-image-40678 aligncenter\" src=\"https:\/\/noti-america.com\/site\/venezuela\/wp-content\/uploads\/sites\/2\/2024\/09\/IMG-20240831-WA0169-300x169.jpg\" alt=\"\" width=\"300\" height=\"169\" srcset=\"https:\/\/noti-america.com\/site\/venezuela\/wp-content\/uploads\/sites\/2\/2024\/09\/IMG-20240831-WA0169-300x169.jpg 300w, https:\/\/noti-america.com\/site\/venezuela\/wp-content\/uploads\/sites\/2\/2024\/09\/IMG-20240831-WA0169-1024x576.jpg 1024w, https:\/\/noti-america.com\/site\/venezuela\/wp-content\/uploads\/sites\/2\/2024\/09\/IMG-20240831-WA0169-768x432.jpg 768w, https:\/\/noti-america.com\/site\/venezuela\/wp-content\/uploads\/sites\/2\/2024\/09\/IMG-20240831-WA0169.jpg 1280w\" sizes=\"auto, (max-width: 300px) 100vw, 300px\" \/><\/p>\n<p style=\"text-align: justify\">La primera autoridad municipal, estuvo acompa\u00f1ado por la primera dama Margarita de Mosquera, los concejales Hiulis Rivero, Hendrick Garc\u00eda, el director municipal de Salud, William Sandrea, la directora de la gerencia de Desarrollo Social y Humano, Yuleima de Vel\u00e1squez y parte del Gobierno municipal quienes brindan su apoyo a los habitantes m\u00e1s vulnerables.<img loading=\"lazy\" decoding=\"async\" class=\"size-medium wp-image-40679 aligncenter\" src=\"https:\/\/noti-america.com\/site\/venezuela\/wp-content\/uploads\/sites\/2\/2024\/09\/IMG-20240831-WA0168-300x169.jpg\" alt=\"\" width=\"300\" height=\"169\" srcset=\"https:\/\/noti-america.com\/site\/venezuela\/wp-content\/uploads\/sites\/2\/2024\/09\/IMG-20240831-WA0168-300x169.jpg 300w, https:\/\/noti-america.com\/site\/venezuela\/wp-content\/uploads\/sites\/2\/2024\/09\/IMG-20240831-WA0168-1024x576.jpg 1024w, https:\/\/noti-america.com\/site\/venezuela\/wp-content\/uploads\/sites\/2\/2024\/09\/IMG-20240831-WA0168-768x432.jpg 768w, https:\/\/noti-america.com\/site\/venezuela\/wp-content\/uploads\/sites\/2\/2024\/09\/IMG-20240831-WA0168-1536x864.jpg 1536w, https:\/\/noti-america.com\/site\/venezuela\/wp-content\/uploads\/sites\/2\/2024\/09\/IMG-20240831-WA0168-2048x1152.jpg 2048w\" sizes=\"auto, (max-width: 300px) 100vw, 300px\" \/><\/p>\n<p style=\"text-align: justify\">En ese sentido, se favorecieron a 300 familias de las zonas aleda\u00f1as de Los Samanes, tales como, Los Samanes I, II y III, La 44, Silencio Norte, El Larense, 24 de Junio y el Barrio Bolivariano.<\/p>\n<p><img loading=\"lazy\" decoding=\"async\" class=\"size-medium wp-image-40680 aligncenter\" src=\"https:\/\/noti-america.com\/site\/venezuela\/wp-content\/uploads\/sites\/2\/2024\/09\/IMG-20240831-WA0170-300x169.jpg\" alt=\"\" width=\"300\" height=\"169\" srcset=\"https:\/\/noti-america.com\/site\/venezuela\/wp-content\/uploads\/sites\/2\/2024\/09\/IMG-20240831-WA0170-300x169.jpg 300w, https:\/\/noti-america.com\/site\/venezuela\/wp-content\/uploads\/sites\/2\/2024\/09\/IMG-20240831-WA0170-1024x576.jpg 1024w, https:\/\/noti-america.com\/site\/venezuela\/wp-content\/uploads\/sites\/2\/2024\/09\/IMG-20240831-WA0170-768x432.jpg 768w, https:\/\/noti-america.com\/site\/venezuela\/wp-content\/uploads\/sites\/2\/2024\/09\/IMG-20240831-WA0170.jpg 1280w\" sizes=\"auto, (max-width: 300px) 100vw, 300px\" \/><\/p>\n<p style=\"text-align: justify\">En esta actividad de car\u00e1cter social, se hace entrega de medicamentos gratuitos, vacunaci\u00f3n, consultas generales, pedi\u00e1tricas, asesor\u00edas legales y corte de cabello. Adicionalmente, se hicieron actividades recreacionales para los ni\u00f1os, pintacaritas, inflable y el tradicional \u201csopazo\u201d para la comunidad.<\/p>\n<p><img loading=\"lazy\" decoding=\"async\" class=\"size-medium wp-image-40676 aligncenter\" src=\"https:\/\/noti-america.com\/site\/venezuela\/wp-content\/uploads\/sites\/2\/2024\/09\/IMG-20240831-WA0174-300x169.jpg\" alt=\"\" width=\"300\" height=\"169\" srcset=\"https:\/\/noti-america.com\/site\/venezuela\/wp-content\/uploads\/sites\/2\/2024\/09\/IMG-20240831-WA0174-300x169.jpg 300w, https:\/\/noti-america.com\/site\/venezuela\/wp-content\/uploads\/sites\/2\/2024\/09\/IMG-20240831-WA0174-1024x576.jpg 1024w, https:\/\/noti-america.com\/site\/venezuela\/wp-content\/uploads\/sites\/2\/2024\/09\/IMG-20240831-WA0174-768x432.jpg 768w, https:\/\/noti-america.com\/site\/venezuela\/wp-content\/uploads\/sites\/2\/2024\/09\/IMG-20240831-WA0174.jpg 1280w\" sizes=\"auto, (max-width: 300px) 100vw, 300px\" \/><\/p>\n<p style=\"text-align: justify\">Mosquera acot\u00f3: \u201cHoy estamos en el sector Los Samanes con una nueva jornada social integral que benefici\u00f3 a 300 familias de este sector. Estas jornadas est\u00e1n pensadas para dar asistencia a las personas m\u00e1s necesitadas en materia de salud, medicinas, corte de cabello y recreaci\u00f3n para los m\u00e1s peque\u00f1os. En los pr\u00f3ximos d\u00edas tambi\u00e9n estaremos organizando una nueva jornada de alimentaci\u00f3n\u201d.<\/p>\n<p><img loading=\"lazy\" decoding=\"async\" class=\"size-medium wp-image-40677 aligncenter\" src=\"https:\/\/noti-america.com\/site\/venezuela\/wp-content\/uploads\/sites\/2\/2024\/09\/IMG-20240831-WA0172-300x169.jpg\" alt=\"\" width=\"300\" height=\"169\" srcset=\"https:\/\/noti-america.com\/site\/venezuela\/wp-content\/uploads\/sites\/2\/2024\/09\/IMG-20240831-WA0172-300x169.jpg 300w, https:\/\/noti-america.com\/site\/venezuela\/wp-content\/uploads\/sites\/2\/2024\/09\/IMG-20240831-WA0172-1024x576.jpg 1024w, https:\/\/noti-america.com\/site\/venezuela\/wp-content\/uploads\/sites\/2\/2024\/09\/IMG-20240831-WA0172-768x432.jpg 768w, https:\/\/noti-america.com\/site\/venezuela\/wp-content\/uploads\/sites\/2\/2024\/09\/IMG-20240831-WA0172.jpg 1242w\" sizes=\"auto, (max-width: 300px) 100vw, 300px\" \/><\/p>\n<p style=\"text-align: justify\">El burgomaestre resalt\u00f3 la actuaci\u00f3n del registro civil, intendencia, Cmdnna, Sedemaul, Direcci\u00f3n de Participaci\u00f3n Ciudadana, Mercadal, CLPP y Polilaguillas quienes ofrecieron su cuota solidaria de ayuda. <img loading=\"lazy\" decoding=\"async\" class=\"size-medium wp-image-40681 aligncenter\" src=\"https:\/\/noti-america.com\/site\/venezuela\/wp-content\/uploads\/sites\/2\/2024\/09\/IMG-20240831-WA0158-300x169.jpg\" alt=\"\" width=\"300\" height=\"169\" srcset=\"https:\/\/noti-america.com\/site\/venezuela\/wp-content\/uploads\/sites\/2\/2024\/09\/IMG-20240831-WA0158-300x169.jpg 300w, https:\/\/noti-america.com\/site\/venezuela\/wp-content\/uploads\/sites\/2\/2024\/09\/IMG-20240831-WA0158-1024x576.jpg 1024w, https:\/\/noti-america.com\/site\/venezuela\/wp-content\/uploads\/sites\/2\/2024\/09\/IMG-20240831-WA0158-768x432.jpg 768w, https:\/\/noti-america.com\/site\/venezuela\/wp-content\/uploads\/sites\/2\/2024\/09\/IMG-20240831-WA0158-1536x864.jpg 1536w, https:\/\/noti-america.com\/site\/venezuela\/wp-content\/uploads\/sites\/2\/2024\/09\/IMG-20240831-WA0158-2048x1152.jpg 2048w\" sizes=\"auto, (max-width: 300px) 100vw, 300px\" \/><\/p>\n<p style=\"text-align: justify\">Las valoraciones m\u00e9dicas se efectuaron mediante la colaboraci\u00f3n del centro de salud Servicios Col\u00f3n y la Gerencia de Desarrollo Social y Humano.<\/p>\n<p style=\"text-align: justify\">Por su parte, Margarita de Mosquera, se\u00f1al\u00f3: \u201cEstamos retomando las jornadas sociales. La ventaja de esta actividad es que las personas pueden acercarse a recibir atenci\u00f3n m\u00e9dica, medicamentos gratuitos, cortes de cabello, entre otros.<br \/>\nSi haces un buen trabajo, la gente lo ve, y se va a sumar\u201d.<img loading=\"lazy\" decoding=\"async\" class=\"size-medium wp-image-40683 aligncenter\" src=\"https:\/\/noti-america.com\/site\/venezuela\/wp-content\/uploads\/sites\/2\/2024\/09\/IMG-20240831-WA0164-300x169.jpg\" alt=\"\" width=\"300\" height=\"169\" srcset=\"https:\/\/noti-america.com\/site\/venezuela\/wp-content\/uploads\/sites\/2\/2024\/09\/IMG-20240831-WA0164-300x169.jpg 300w, https:\/\/noti-america.com\/site\/venezuela\/wp-content\/uploads\/sites\/2\/2024\/09\/IMG-20240831-WA0164-1024x576.jpg 1024w, https:\/\/noti-america.com\/site\/venezuela\/wp-content\/uploads\/sites\/2\/2024\/09\/IMG-20240831-WA0164-768x432.jpg 768w, https:\/\/noti-america.com\/site\/venezuela\/wp-content\/uploads\/sites\/2\/2024\/09\/IMG-20240831-WA0164-1536x864.jpg 1536w, https:\/\/noti-america.com\/site\/venezuela\/wp-content\/uploads\/sites\/2\/2024\/09\/IMG-20240831-WA0164-2048x1152.jpg 2048w\" sizes=\"auto, (max-width: 300px) 100vw, 300px\" \/><\/p>\n<p style=\"text-align: justify\">Recalc\u00f3 que gracias a la gesti\u00f3n del alcalde se est\u00e1 activando un importante instituto municipal dedicado a la protecci\u00f3n de la mujer Lagunillense.<\/p>\n<p><img loading=\"lazy\" decoding=\"async\" class=\"size-medium wp-image-40684 aligncenter\" src=\"https:\/\/noti-america.com\/site\/venezuela\/wp-content\/uploads\/sites\/2\/2024\/09\/IMG-20240831-WA0160-300x169.jpg\" alt=\"\" width=\"300\" height=\"169\" srcset=\"https:\/\/noti-america.com\/site\/venezuela\/wp-content\/uploads\/sites\/2\/2024\/09\/IMG-20240831-WA0160-300x169.jpg 300w, https:\/\/noti-america.com\/site\/venezuela\/wp-content\/uploads\/sites\/2\/2024\/09\/IMG-20240831-WA0160-1024x576.jpg 1024w, https:\/\/noti-america.com\/site\/venezuela\/wp-content\/uploads\/sites\/2\/2024\/09\/IMG-20240831-WA0160-768x432.jpg 768w, https:\/\/noti-america.com\/site\/venezuela\/wp-content\/uploads\/sites\/2\/2024\/09\/IMG-20240831-WA0160-1536x864.jpg 1536w, https:\/\/noti-america.com\/site\/venezuela\/wp-content\/uploads\/sites\/2\/2024\/09\/IMG-20240831-WA0160-2048x1152.jpg 2048w\" sizes=\"auto, (max-width: 300px) 100vw, 300px\" \/><\/p>\n<p style=\"text-align: justify\">\u201cImmujel, tiene una nueva sede y es un complemento del Gobierno local que resguarda la integridad de las mujeres, cuando se presentan casos de maltrato. En esa direcci\u00f3n le damos herramientas a ellas para salir de esta mala situaci\u00f3n\u201d.<\/p>\n<p>De este modo, el alcalde Jos\u00e9 Mosquera Adarme, sigue trabajando de la mano del gobernador Manuel Rosales Guerrero para lograr el cambio en el Zulia y en el municipio Lagunillas.<\/p>\n<p style=\"text-align: justify\">Fuente: Nota de Prensa<\/p>\n","protected":false},"excerpt":{"rendered":"<p>El alcalde Jos\u00e9 Mosquera Adarme, siempre preocupado por los lagunillenses, llev\u00f3 a cabo, este 31 de agosto, una nueva jornada social integral en el sector Los Samanes III de la parroquia Paraute, la cual,&#46;&#46;&#46;<\/p>\n","protected":false},"author":40,"featured_media":40678,"comment_status":"open","ping_status":"open","sticky":false,"template":"","format":"standard","meta":{"_acf_changed":false,"om_disable_all_campaigns":false,"rop_custom_images_group":[],"rop_custom_messages_group":[],"rop_publish_now":"initial","rop_publish_now_accounts":{"twitter_242054905_242054905":""},"rop_publish_now_history":[],"rop_publish_now_status":"pending","_uf_show_specific_survey":0,"_uf_disable_surveys":false,"footnotes":""},"categories":[167,3,166,156],"tags":[221,222],"class_list":["post-40674","post","type-post","status-publish","format-standard","has-post-thumbnail","hentry","category-educacion-2","category-politica","category-salud","category-venezuela","tag-ciudad-ojeda","tag-zulia"],"acf":[],"aioseo_notices":[],"yoast_head":"<!-- This site is optimized with the Yoast SEO Premium plugin v24.9 (Yoast SEO v27.2) - https:\/\/yoast.com\/product\/yoast-seo-premium-wordpress\/ -->\n<title>Alcald\u00eda de Lagunillas llev\u00f3 jornada social integral al sector Los Samanes III - Venezuela | Noti-America.com<\/title>\n<meta name=\"robots\" content=\"index, follow, max-snippet:-1, max-image-preview:large, max-video-preview:-1\" \/>\n<link rel=\"canonical\" href=\"https:\/\/noti-america.com\/site\/venezuela\/2024\/09\/01\/alcaldia-de-lagunillas-llevo-jornada-social-integral-al-sector-los-samanes-iii\/\" \/>\n<meta property=\"og:locale\" content=\"es_ES\" \/>\n<meta property=\"og:type\" content=\"article\" \/>\n<meta property=\"og:title\" content=\"Alcald\u00eda de Lagunillas llev\u00f3 jornada social integral al sector Los Samanes III\" \/>\n<meta property=\"og:description\" content=\"El alcalde Jos\u00e9 Mosquera Adarme, siempre preocupado por los lagunillenses, llev\u00f3 a cabo, este 31 de agosto, una nueva jornada social integral en el sector Los Samanes III de la parroquia Paraute, la cual,&#046;&#046;&#046;\" \/>\n<meta property=\"og:url\" content=\"https:\/\/noti-america.com\/site\/venezuela\/2024\/09\/01\/alcaldia-de-lagunillas-llevo-jornada-social-integral-al-sector-los-samanes-iii\/\" \/>\n<meta property=\"og:site_name\" content=\"Venezuela | Noti-America.com\" \/>\n<meta property=\"article:published_time\" content=\"2024-09-01T03:28:34+00:00\" \/>\n<meta property=\"og:image\" content=\"https:\/\/noti-america.com\/site\/venezuela\/wp-content\/uploads\/sites\/2\/2024\/09\/IMG-20240831-WA0169.jpg\" \/>\n\t<meta property=\"og:image:width\" content=\"1280\" \/>\n\t<meta property=\"og:image:height\" content=\"720\" \/>\n\t<meta property=\"og:image:type\" content=\"image\/jpeg\" \/>\n<meta name=\"author\" content=\"Hendrick Garcia\" \/>\n<meta name=\"twitter:card\" content=\"summary_large_image\" \/>\n<meta name=\"twitter:label1\" content=\"Escrito por\" \/>\n\t<meta name=\"twitter:data1\" content=\"Hendrick Garcia\" \/>\n\t<meta name=\"twitter:label2\" content=\"Tiempo estimado de lectura\" \/>\n\t<meta name=\"twitter:data2\" content=\"4 minutos\" \/>\n<script type=\"application\/ld+json\" class=\"yoast-schema-graph\">{\"@context\":\"https:\/\/schema.org\",\"@graph\":[{\"@type\":\"Article\",\"@id\":\"https:\/\/noti-america.com\/site\/venezuela\/2024\/09\/01\/alcaldia-de-lagunillas-llevo-jornada-social-integral-al-sector-los-samanes-iii\/#article\",\"isPartOf\":{\"@id\":\"https:\/\/noti-america.com\/site\/venezuela\/2024\/09\/01\/alcaldia-de-lagunillas-llevo-jornada-social-integral-al-sector-los-samanes-iii\/\"},\"author\":{\"name\":\"Hendrick Garcia\",\"@id\":\"https:\/\/noti-america.com\/site\/venezuela\/#\/schema\/person\/2f37ed06a1cd058e8d611b3d42cce678\"},\"headline\":\"Alcald\u00eda de Lagunillas llev\u00f3 jornada social integral al sector Los Samanes III\",\"datePublished\":\"2024-09-01T03:28:34+00:00\",\"mainEntityOfPage\":{\"@id\":\"https:\/\/noti-america.com\/site\/venezuela\/2024\/09\/01\/alcaldia-de-lagunillas-llevo-jornada-social-integral-al-sector-los-samanes-iii\/\"},\"wordCount\":462,\"commentCount\":0,\"publisher\":{\"@id\":\"https:\/\/noti-america.com\/site\/venezuela\/#organization\"},\"image\":{\"@id\":\"https:\/\/noti-america.com\/site\/venezuela\/2024\/09\/01\/alcaldia-de-lagunillas-llevo-jornada-social-integral-al-sector-los-samanes-iii\/#primaryimage\"},\"thumbnailUrl\":\"https:\/\/noti-america.com\/site\/venezuela\/wp-content\/uploads\/sites\/2\/2024\/09\/IMG-20240831-WA0169.jpg\",\"keywords\":[\"ciudad ojeda\",\"zulia\"],\"articleSection\":[\"Educaci\u00f3n\",\"Pol\u00edtica\",\"Salud\",\"Venezuela\"],\"inLanguage\":\"es\",\"potentialAction\":[{\"@type\":\"CommentAction\",\"name\":\"Comment\",\"target\":[\"https:\/\/noti-america.com\/site\/venezuela\/2024\/09\/01\/alcaldia-de-lagunillas-llevo-jornada-social-integral-al-sector-los-samanes-iii\/#respond\"]}]},{\"@type\":\"WebPage\",\"@id\":\"https:\/\/noti-america.com\/site\/venezuela\/2024\/09\/01\/alcaldia-de-lagunillas-llevo-jornada-social-integral-al-sector-los-samanes-iii\/\",\"url\":\"https:\/\/noti-america.com\/site\/venezuela\/2024\/09\/01\/alcaldia-de-lagunillas-llevo-jornada-social-integral-al-sector-los-samanes-iii\/\",\"name\":\"Alcald\u00eda de Lagunillas llev\u00f3 jornada social integral al sector Los Samanes III - Venezuela | Noti-America.com\",\"isPartOf\":{\"@id\":\"https:\/\/noti-america.com\/site\/venezuela\/#website\"},\"primaryImageOfPage\":{\"@id\":\"https:\/\/noti-america.com\/site\/venezuela\/2024\/09\/01\/alcaldia-de-lagunillas-llevo-jornada-social-integral-al-sector-los-samanes-iii\/#primaryimage\"},\"image\":{\"@id\":\"https:\/\/noti-america.com\/site\/venezuela\/2024\/09\/01\/alcaldia-de-lagunillas-llevo-jornada-social-integral-al-sector-los-samanes-iii\/#primaryimage\"},\"thumbnailUrl\":\"https:\/\/noti-america.com\/site\/venezuela\/wp-content\/uploads\/sites\/2\/2024\/09\/IMG-20240831-WA0169.jpg\",\"datePublished\":\"2024-09-01T03:28:34+00:00\",\"breadcrumb\":{\"@id\":\"https:\/\/noti-america.com\/site\/venezuela\/2024\/09\/01\/alcaldia-de-lagunillas-llevo-jornada-social-integral-al-sector-los-samanes-iii\/#breadcrumb\"},\"inLanguage\":\"es\",\"potentialAction\":[{\"@type\":\"ReadAction\",\"target\":[\"https:\/\/noti-america.com\/site\/venezuela\/2024\/09\/01\/alcaldia-de-lagunillas-llevo-jornada-social-integral-al-sector-los-samanes-iii\/\"]}]},{\"@type\":\"ImageObject\",\"inLanguage\":\"es\",\"@id\":\"https:\/\/noti-america.com\/site\/venezuela\/2024\/09\/01\/alcaldia-de-lagunillas-llevo-jornada-social-integral-al-sector-los-samanes-iii\/#primaryimage\",\"url\":\"https:\/\/noti-america.com\/site\/venezuela\/wp-content\/uploads\/sites\/2\/2024\/09\/IMG-20240831-WA0169.jpg\",\"contentUrl\":\"https:\/\/noti-america.com\/site\/venezuela\/wp-content\/uploads\/sites\/2\/2024\/09\/IMG-20240831-WA0169.jpg\",\"width\":1280,\"height\":720},{\"@type\":\"BreadcrumbList\",\"@id\":\"https:\/\/noti-america.com\/site\/venezuela\/2024\/09\/01\/alcaldia-de-lagunillas-llevo-jornada-social-integral-al-sector-los-samanes-iii\/#breadcrumb\",\"itemListElement\":[{\"@type\":\"ListItem\",\"position\":1,\"name\":\"Portada\",\"item\":\"https:\/\/noti-america.com\/site\/venezuela\/\"},{\"@type\":\"ListItem\",\"position\":2,\"name\":\"Alcald\u00eda de Lagunillas llev\u00f3 jornada social integral al sector Los Samanes III\"}]},{\"@type\":\"WebSite\",\"@id\":\"https:\/\/noti-america.com\/site\/venezuela\/#website\",\"url\":\"https:\/\/noti-america.com\/site\/venezuela\/\",\"name\":\"Venezuela | Noti-America.com\",\"description\":\"\",\"publisher\":{\"@id\":\"https:\/\/noti-america.com\/site\/venezuela\/#organization\"},\"potentialAction\":[{\"@type\":\"SearchAction\",\"target\":{\"@type\":\"EntryPoint\",\"urlTemplate\":\"https:\/\/noti-america.com\/site\/venezuela\/?s={search_term_string}\"},\"query-input\":{\"@type\":\"PropertyValueSpecification\",\"valueRequired\":true,\"valueName\":\"search_term_string\"}}],\"inLanguage\":\"es\"},{\"@type\":\"Organization\",\"@id\":\"https:\/\/noti-america.com\/site\/venezuela\/#organization\",\"name\":\"Noti-America LLC | Venezuela\",\"url\":\"https:\/\/noti-america.com\/site\/venezuela\/\",\"logo\":{\"@type\":\"ImageObject\",\"inLanguage\":\"es\",\"@id\":\"https:\/\/noti-america.com\/site\/venezuela\/#\/schema\/logo\/image\/\",\"url\":\"https:\/\/noti-america.com\/site\/venezuela\/wp-content\/uploads\/sites\/2\/2020\/07\/LogoNA-4x3-1.jpg\",\"contentUrl\":\"https:\/\/noti-america.com\/site\/venezuela\/wp-content\/uploads\/sites\/2\/2020\/07\/LogoNA-4x3-1.jpg\",\"width\":1236,\"height\":1080,\"caption\":\"Noti-America LLC | Venezuela\"},\"image\":{\"@id\":\"https:\/\/noti-america.com\/site\/venezuela\/#\/schema\/logo\/image\/\"}},{\"@type\":\"Person\",\"@id\":\"https:\/\/noti-america.com\/site\/venezuela\/#\/schema\/person\/2f37ed06a1cd058e8d611b3d42cce678\",\"name\":\"Hendrick Garcia\",\"image\":{\"@type\":\"ImageObject\",\"inLanguage\":\"es\",\"@id\":\"https:\/\/secure.gravatar.com\/avatar\/07f13ce868ede7f0937b7abbada276f430e4ed25cfff75dbe7f98f95ac02358c?s=96&d=mm&r=g\",\"url\":\"https:\/\/secure.gravatar.com\/avatar\/07f13ce868ede7f0937b7abbada276f430e4ed25cfff75dbe7f98f95ac02358c?s=96&d=mm&r=g\",\"contentUrl\":\"https:\/\/secure.gravatar.com\/avatar\/07f13ce868ede7f0937b7abbada276f430e4ed25cfff75dbe7f98f95ac02358c?s=96&d=mm&r=g\",\"caption\":\"Hendrick Garcia\"},\"url\":\"https:\/\/noti-america.com\/site\/venezuela\/author\/hegarcia\/\"}]}<\/script>\n<!-- \/ Yoast SEO Premium plugin. -->","yoast_head_json":{"title":"Alcald\u00eda de Lagunillas llev\u00f3 jornada social integral al sector Los Samanes III - Venezuela | Noti-America.com","robots":{"index":"index","follow":"follow","max-snippet":"max-snippet:-1","max-image-preview":"max-image-preview:large","max-video-preview":"max-video-preview:-1"},"canonical":"https:\/\/noti-america.com\/site\/venezuela\/2024\/09\/01\/alcaldia-de-lagunillas-llevo-jornada-social-integral-al-sector-los-samanes-iii\/","og_locale":"es_ES","og_type":"article","og_title":"Alcald\u00eda de Lagunillas llev\u00f3 jornada social integral al sector Los Samanes III","og_description":"El alcalde Jos\u00e9 Mosquera Adarme, siempre preocupado por los lagunillenses, llev\u00f3 a cabo, este 31 de agosto, una nueva jornada social integral en el sector Los Samanes III de la parroquia Paraute, la cual,&#46;&#46;&#46;","og_url":"https:\/\/noti-america.com\/site\/venezuela\/2024\/09\/01\/alcaldia-de-lagunillas-llevo-jornada-social-integral-al-sector-los-samanes-iii\/","og_site_name":"Venezuela | Noti-America.com","article_published_time":"2024-09-01T03:28:34+00:00","og_image":[{"width":1280,"height":720,"url":"https:\/\/noti-america.com\/site\/venezuela\/wp-content\/uploads\/sites\/2\/2024\/09\/IMG-20240831-WA0169.jpg","type":"image\/jpeg"}],"author":"Hendrick Garcia","twitter_card":"summary_large_image","twitter_misc":{"Escrito por":"Hendrick Garcia","Tiempo estimado de lectura":"4 minutos"},"schema":{"@context":"https:\/\/schema.org","@graph":[{"@type":"Article","@id":"https:\/\/noti-america.com\/site\/venezuela\/2024\/09\/01\/alcaldia-de-lagunillas-llevo-jornada-social-integral-al-sector-los-samanes-iii\/#article","isPartOf":{"@id":"https:\/\/noti-america.com\/site\/venezuela\/2024\/09\/01\/alcaldia-de-lagunillas-llevo-jornada-social-integral-al-sector-los-samanes-iii\/"},"author":{"name":"Hendrick Garcia","@id":"https:\/\/noti-america.com\/site\/venezuela\/#\/schema\/person\/2f37ed06a1cd058e8d611b3d42cce678"},"headline":"Alcald\u00eda de Lagunillas llev\u00f3 jornada social integral al sector Los Samanes III","datePublished":"2024-09-01T03:28:34+00:00","mainEntityOfPage":{"@id":"https:\/\/noti-america.com\/site\/venezuela\/2024\/09\/01\/alcaldia-de-lagunillas-llevo-jornada-social-integral-al-sector-los-samanes-iii\/"},"wordCount":462,"commentCount":0,"publisher":{"@id":"https:\/\/noti-america.com\/site\/venezuela\/#organization"},"image":{"@id":"https:\/\/noti-america.com\/site\/venezuela\/2024\/09\/01\/alcaldia-de-lagunillas-llevo-jornada-social-integral-al-sector-los-samanes-iii\/#primaryimage"},"thumbnailUrl":"https:\/\/noti-america.com\/site\/venezuela\/wp-content\/uploads\/sites\/2\/2024\/09\/IMG-20240831-WA0169.jpg","keywords":["ciudad ojeda","zulia"],"articleSection":["Educaci\u00f3n","Pol\u00edtica","Salud","Venezuela"],"inLanguage":"es","potentialAction":[{"@type":"CommentAction","name":"Comment","target":["https:\/\/noti-america.com\/site\/venezuela\/2024\/09\/01\/alcaldia-de-lagunillas-llevo-jornada-social-integral-al-sector-los-samanes-iii\/#respond"]}]},{"@type":"WebPage","@id":"https:\/\/noti-america.com\/site\/venezuela\/2024\/09\/01\/alcaldia-de-lagunillas-llevo-jornada-social-integral-al-sector-los-samanes-iii\/","url":"https:\/\/noti-america.com\/site\/venezuela\/2024\/09\/01\/alcaldia-de-lagunillas-llevo-jornada-social-integral-al-sector-los-samanes-iii\/","name":"Alcald\u00eda de Lagunillas llev\u00f3 jornada social integral al sector Los Samanes III - Venezuela | Noti-America.com","isPartOf":{"@id":"https:\/\/noti-america.com\/site\/venezuela\/#website"},"primaryImageOfPage":{"@id":"https:\/\/noti-america.com\/site\/venezuela\/2024\/09\/01\/alcaldia-de-lagunillas-llevo-jornada-social-integral-al-sector-los-samanes-iii\/#primaryimage"},"image":{"@id":"https:\/\/noti-america.com\/site\/venezuela\/2024\/09\/01\/alcaldia-de-lagunillas-llevo-jornada-social-integral-al-sector-los-samanes-iii\/#primaryimage"},"thumbnailUrl":"https:\/\/noti-america.com\/site\/venezuela\/wp-content\/uploads\/sites\/2\/2024\/09\/IMG-20240831-WA0169.jpg","datePublished":"2024-09-01T03:28:34+00:00","breadcrumb":{"@id":"https:\/\/noti-america.com\/site\/venezuela\/2024\/09\/01\/alcaldia-de-lagunillas-llevo-jornada-social-integral-al-sector-los-samanes-iii\/#breadcrumb"},"inLanguage":"es","potentialAction":[{"@type":"ReadAction","target":["https:\/\/noti-america.com\/site\/venezuela\/2024\/09\/01\/alcaldia-de-lagunillas-llevo-jornada-social-integral-al-sector-los-samanes-iii\/"]}]},{"@type":"ImageObject","inLanguage":"es","@id":"https:\/\/noti-america.com\/site\/venezuela\/2024\/09\/01\/alcaldia-de-lagunillas-llevo-jornada-social-integral-al-sector-los-samanes-iii\/#primaryimage","url":"https:\/\/noti-america.com\/site\/venezuela\/wp-content\/uploads\/sites\/2\/2024\/09\/IMG-20240831-WA0169.jpg","contentUrl":"https:\/\/noti-america.com\/site\/venezuela\/wp-content\/uploads\/sites\/2\/2024\/09\/IMG-20240831-WA0169.jpg","width":1280,"height":720},{"@type":"BreadcrumbList","@id":"https:\/\/noti-america.com\/site\/venezuela\/2024\/09\/01\/alcaldia-de-lagunillas-llevo-jornada-social-integral-al-sector-los-samanes-iii\/#breadcrumb","itemListElement":[{"@type":"ListItem","position":1,"name":"Portada","item":"https:\/\/noti-america.com\/site\/venezuela\/"},{"@type":"ListItem","position":2,"name":"Alcald\u00eda de Lagunillas llev\u00f3 jornada social integral al sector Los Samanes III"}]},{"@type":"WebSite","@id":"https:\/\/noti-america.com\/site\/venezuela\/#website","url":"https:\/\/noti-america.com\/site\/venezuela\/","name":"Venezuela | Noti-America.com","description":"","publisher":{"@id":"https:\/\/noti-america.com\/site\/venezuela\/#organization"},"potentialAction":[{"@type":"SearchAction","target":{"@type":"EntryPoint","urlTemplate":"https:\/\/noti-america.com\/site\/venezuela\/?s={search_term_string}"},"query-input":{"@type":"PropertyValueSpecification","valueRequired":true,"valueName":"search_term_string"}}],"inLanguage":"es"},{"@type":"Organization","@id":"https:\/\/noti-america.com\/site\/venezuela\/#organization","name":"Noti-America LLC | Venezuela","url":"https:\/\/noti-america.com\/site\/venezuela\/","logo":{"@type":"ImageObject","inLanguage":"es","@id":"https:\/\/noti-america.com\/site\/venezuela\/#\/schema\/logo\/image\/","url":"https:\/\/noti-america.com\/site\/venezuela\/wp-content\/uploads\/sites\/2\/2020\/07\/LogoNA-4x3-1.jpg","contentUrl":"https:\/\/noti-america.com\/site\/venezuela\/wp-content\/uploads\/sites\/2\/2020\/07\/LogoNA-4x3-1.jpg","width":1236,"height":1080,"caption":"Noti-America LLC | Venezuela"},"image":{"@id":"https:\/\/noti-america.com\/site\/venezuela\/#\/schema\/logo\/image\/"}},{"@type":"Person","@id":"https:\/\/noti-america.com\/site\/venezuela\/#\/schema\/person\/2f37ed06a1cd058e8d611b3d42cce678","name":"Hendrick Garcia","image":{"@type":"ImageObject","inLanguage":"es","@id":"https:\/\/secure.gravatar.com\/avatar\/07f13ce868ede7f0937b7abbada276f430e4ed25cfff75dbe7f98f95ac02358c?s=96&d=mm&r=g","url":"https:\/\/secure.gravatar.com\/avatar\/07f13ce868ede7f0937b7abbada276f430e4ed25cfff75dbe7f98f95ac02358c?s=96&d=mm&r=g","contentUrl":"https:\/\/secure.gravatar.com\/avatar\/07f13ce868ede7f0937b7abbada276f430e4ed25cfff75dbe7f98f95ac02358c?s=96&d=mm&r=g","caption":"Hendrick Garcia"},"url":"https:\/\/noti-america.com\/site\/venezuela\/author\/hegarcia\/"}]}},"_links":{"self":[{"href":"https:\/\/noti-america.com\/site\/venezuela\/wp-json\/wp\/v2\/posts\/40674","targetHints":{"allow":["GET"]}}],"collection":[{"href":"https:\/\/noti-america.com\/site\/venezuela\/wp-json\/wp\/v2\/posts"}],"about":[{"href":"https:\/\/noti-america.com\/site\/venezuela\/wp-json\/wp\/v2\/types\/post"}],"author":[{"embeddable":true,"href":"https:\/\/noti-america.com\/site\/venezuela\/wp-json\/wp\/v2\/users\/40"}],"replies":[{"embeddable":true,"href":"https:\/\/noti-america.com\/site\/venezuela\/wp-json\/wp\/v2\/comments?post=40674"}],"version-history":[{"count":1,"href":"https:\/\/noti-america.com\/site\/venezuela\/wp-json\/wp\/v2\/posts\/40674\/revisions"}],"predecessor-version":[{"id":40685,"href":"https:\/\/noti-america.com\/site\/venezuela\/wp-json\/wp\/v2\/posts\/40674\/revisions\/40685"}],"wp:featuredmedia":[{"embeddable":true,"href":"https:\/\/noti-america.com\/site\/venezuela\/wp-json\/wp\/v2\/media\/40678"}],"wp:attachment":[{"href":"https:\/\/noti-america.com\/site\/venezuela\/wp-json\/wp\/v2\/media?parent=40674"}],"wp:term":[{"taxonomy":"category","embeddable":true,"href":"https:\/\/noti-america.com\/site\/venezuela\/wp-json\/wp\/v2\/categories?post=40674"},{"taxonomy":"post_tag","embeddable":true,"href":"https:\/\/noti-america.com\/site\/venezuela\/wp-json\/wp\/v2\/tags?post=40674"}],"curies":[{"name":"wp","href":"https:\/\/api.w.org\/{rel}","templated":true}]}}