{"id":40343,"date":"2024-08-19T02:10:10","date_gmt":"2024-08-19T02:10:10","guid":{"rendered":"https:\/\/noti-america.com\/site\/venezuela\/?p=40343"},"modified":"2024-08-19T02:23:13","modified_gmt":"2024-08-19T02:23:13","slug":"tsj-inicio-peritaje-de-actas-electorales-del-28j","status":"publish","type":"post","link":"https:\/\/noti-america.com\/site\/venezuela\/2024\/08\/19\/tsj-inicio-peritaje-de-actas-electorales-del-28j\/","title":{"rendered":"TSJ inici\u00f3 peritaje de actas electorales del 28J"},"content":{"rendered":"<p><strong>NOTI-AMERICA<\/strong>|VENEZUELA<\/p>\n<p>El Tribunal Supremo de Justicia de Venezuela di\u00f3 inicio al proceso para cotejar los resultados de las actas previamente evaluadas con las del CNE, as\u00ed se transmiti\u00f3 a trav\u00e9s del canal del Estado, Venezolana de Televisi\u00f3n (VTV).<\/p>\n<p style=\"text-align: justify\"><img loading=\"lazy\" decoding=\"async\" class=\"alignnone size-medium wp-image-40346\" src=\"https:\/\/noti-america.com\/site\/venezuela\/wp-content\/uploads\/sites\/2\/2024\/08\/tsj-peritaje-300x132.jpg\" alt=\"\" width=\"300\" height=\"132\" srcset=\"https:\/\/noti-america.com\/site\/venezuela\/wp-content\/uploads\/sites\/2\/2024\/08\/tsj-peritaje-300x132.jpg 300w, https:\/\/noti-america.com\/site\/venezuela\/wp-content\/uploads\/sites\/2\/2024\/08\/tsj-peritaje-768x337.jpg 768w, https:\/\/noti-america.com\/site\/venezuela\/wp-content\/uploads\/sites\/2\/2024\/08\/tsj-peritaje.jpg 1001w\" sizes=\"auto, (max-width: 300px) 100vw, 300px\" \/><br \/>\nLos magistrados de la Sala Electoral del Tribunal Supremo de Justicia (TSJ) se desplazaron este domingo hasta la sede del Consejo Nacional Electoral (CNE) para, verificar que una vez finalizada la fase de peritaje de las actas de las elecciones presidenciales del 28 de julio, determinar que su resultado coincida con el del sistema inform\u00e1tico del CNE.<\/p>\n<blockquote><p>Validar\u00e1n las actas f\u00edsicas contra las actas recibidas por los centros nacionales de totalizaci\u00f3n<\/p>\n<p><img loading=\"lazy\" decoding=\"async\" class=\"alignnone size-medium wp-image-40347\" src=\"https:\/\/noti-america.com\/site\/venezuela\/wp-content\/uploads\/sites\/2\/2024\/08\/tsj-peritaje-2-300x146.jpg\" alt=\"\" width=\"300\" height=\"146\" srcset=\"https:\/\/noti-america.com\/site\/venezuela\/wp-content\/uploads\/sites\/2\/2024\/08\/tsj-peritaje-2-300x146.jpg 300w, https:\/\/noti-america.com\/site\/venezuela\/wp-content\/uploads\/sites\/2\/2024\/08\/tsj-peritaje-2-768x373.jpg 768w, https:\/\/noti-america.com\/site\/venezuela\/wp-content\/uploads\/sites\/2\/2024\/08\/tsj-peritaje-2.jpg 879w\" sizes=\"auto, (max-width: 300px) 100vw, 300px\" \/><\/p><\/blockquote>\n<p>Los Magistrados de la Sala Electoral encabezados por la Doctora Beatriz Rodr\u00edguez, Fanny M\u00e1rquez y Inocencio Figueroa acompa\u00f1ados por los peritos y veedores internacionales que participan en este proceso de investigaci\u00f3n del recurso contencioso interpuesto por el jefe de Estado Nicol\u00e1s Maduro, fueron grabados al momento de ingresar a la sede del Poder Electoral en Plaza Caracas.<\/p>\n<p>Las im\u00e1genes muestran a los Magistrados de la Sala Electoral del TSJ cuando ingresan al centro de datos donde se encuentra toda la infraestructura tecnol\u00f3gica del centro nacional de totalizaci\u00f3n n\u00famero 1 del CNE.<\/p>\n<blockquote><p>El \u00e1rea donde operan los servidores del ente comicial, es denominada la burbuja electoral.<\/p>\n<p><img loading=\"lazy\" decoding=\"async\" class=\"alignnone size-medium wp-image-40348\" src=\"https:\/\/noti-america.com\/site\/venezuela\/wp-content\/uploads\/sites\/2\/2024\/08\/burbuja-cne-300x151.jpg\" alt=\"\" width=\"300\" height=\"151\" srcset=\"https:\/\/noti-america.com\/site\/venezuela\/wp-content\/uploads\/sites\/2\/2024\/08\/burbuja-cne-300x151.jpg 300w, https:\/\/noti-america.com\/site\/venezuela\/wp-content\/uploads\/sites\/2\/2024\/08\/burbuja-cne-768x387.jpg 768w, https:\/\/noti-america.com\/site\/venezuela\/wp-content\/uploads\/sites\/2\/2024\/08\/burbuja-cne.jpg 819w\" sizes=\"auto, (max-width: 300px) 100vw, 300px\" \/><\/p><\/blockquote>\n<p>Se observ\u00f3 adem\u00e1s, cuando entraron al \u00e1rea de gesti\u00f3n del centro de totalizaci\u00f3n del CNE, all\u00ed los peritos, Magistrados y veedores internacionales se encargar\u00e1n de validar las actas f\u00edsicas que coincidan con las digitales, as\u00ed como cotejar que los resultados sean correctos.<\/p>\n<p>Los T\u00e9cnicos, especialistas del CNE, gestionan la plataforma para apoyar el procedimiento de verificaci\u00f3n de los peritos del TSJ.<\/p>\n<p>Esta \u00e1rea recibe todas las actas que transmiten las maquinas de votaci\u00f3n y donde se hace el proceso de recepci\u00f3n, luego de pasar por todos los protocoles de seguridad, son procesadas y totalizadas.<\/p>\n<p>El procedimiento que se realiza en el \u00e1rea de gesti\u00f3n del centro de totalizaci\u00f3n n\u00famero 1 del CNE cont\u00f3 con la previa observaci\u00f3n de los testigos de las distintas organizaciones pol\u00edticas que participaron en el evento electoral el pasado 28 de julio.<\/p>\n<p>El peritaje de tipo t\u00e9cnico tiene por objeto validar el total de actas con los resultados existentes en la base de datos de los centros nacionales de totalizaci\u00f3n del CNE, y certificar la correspondencia de los datos de las actas de escrutinio y los transmitidos por las m\u00e1quinas de votaci\u00f3n.<\/p>\n<h3>Entre otras informaciones&#8230;<\/h3>\n<ul>\n<li>El ej\u00e9rcito privado m\u00e1s grande del mundo BlackWater se encuentra en el continente. En el Salvador, se reuni\u00f3 con el Presidente Nayib Bukele.<\/li>\n<\/ul>\n<div class=\"video-container\"><iframe loading=\"lazy\" title=\"\u00daLTIMO: MADURO OBJETIVO MILITAR DE EMPRESA EEUU BLACKWATER ES CUESTI\u00d3N DE TIEMPO LO HAR\u00c1N PAGAR\" width=\"500\" height=\"281\" src=\"https:\/\/www.youtube.com\/embed\/d5_8U1ZnyLM?feature=oembed&#038;wmode=opaque\" frameborder=\"0\" allow=\"accelerometer; autoplay; clipboard-write; encrypted-media; gyroscope; picture-in-picture; web-share\" referrerpolicy=\"strict-origin-when-cross-origin\" allowfullscreen><\/iframe><\/div>\n<ul>\n<li>Presidente Madura acusa a Mar\u00eda Corina Machado de tener un pacto satanico con la iglesia de Ditroit. A trav\u00e9s de la red X (Twitter), @ChurchofSatan, respondi\u00f3: Est\u00fapido.<\/li>\n<li>Las redes se llenaron de comentarios, tras revelarse conversaciones secretas del Presidente Maduro, filtradas por el hacker @Cyberhunter, que indica sobre las bajas de Militares cercanos al Presidente, adem\u00e1s de nuevos nombramientos.<\/li>\n<\/ul>\n<p><iframe loading=\"lazy\" title=\"ANONYMOUS REVELA LA CONVERSACI\u00d3N SECRETA DE MADURO\" width=\"500\" height=\"375\" src=\"https:\/\/www.youtube.com\/embed\/YeYHkasNvXc?feature=oembed&#038;wmode=opaque\" frameborder=\"0\" allow=\"accelerometer; autoplay; clipboard-write; encrypted-media; gyroscope; picture-in-picture; web-share\" referrerpolicy=\"strict-origin-when-cross-origin\" allowfullscreen><\/iframe><\/p>\n","protected":false},"excerpt":{"rendered":"<p>NOTI-AMERICA|VENEZUELA El Tribunal Supremo de Justicia de Venezuela di\u00f3 inicio al proceso para cotejar los resultados de las actas previamente evaluadas con las del CNE, as\u00ed se transmiti\u00f3 a trav\u00e9s del canal del Estado,&#46;&#46;&#46;<\/p>\n","protected":false},"author":11,"featured_media":40349,"comment_status":"open","ping_status":"open","sticky":false,"template":"","format":"standard","meta":{"_acf_changed":false,"om_disable_all_campaigns":false,"rop_custom_images_group":[],"rop_custom_messages_group":[],"rop_publish_now":"initial","rop_publish_now_accounts":{"twitter_242054905_242054905":""},"rop_publish_now_history":[],"rop_publish_now_status":"pending","_uf_show_specific_survey":0,"_uf_disable_surveys":false,"footnotes":""},"categories":[204,3,156],"tags":[],"class_list":["post-40343","post","type-post","status-publish","format-standard","has-post-thumbnail","hentry","category-nacionales","category-politica","category-venezuela"],"acf":[],"aioseo_notices":[],"yoast_head":"<!-- This site is optimized with the Yoast SEO Premium plugin v24.9 (Yoast SEO v27.2) - https:\/\/yoast.com\/product\/yoast-seo-premium-wordpress\/ -->\n<title>TSJ inici\u00f3 peritaje de actas electorales del 28J - Venezuela | Noti-America.com<\/title>\n<meta name=\"robots\" content=\"index, follow, max-snippet:-1, max-image-preview:large, max-video-preview:-1\" \/>\n<link rel=\"canonical\" href=\"https:\/\/noti-america.com\/site\/venezuela\/2024\/08\/19\/tsj-inicio-peritaje-de-actas-electorales-del-28j\/\" \/>\n<meta property=\"og:locale\" content=\"es_ES\" \/>\n<meta property=\"og:type\" content=\"article\" \/>\n<meta property=\"og:title\" content=\"TSJ inici\u00f3 peritaje de actas electorales del 28J\" \/>\n<meta property=\"og:description\" content=\"NOTI-AMERICA|VENEZUELA El Tribunal Supremo de Justicia de Venezuela di\u00f3 inicio al proceso para cotejar los resultados de las actas previamente evaluadas con las del CNE, as\u00ed se transmiti\u00f3 a trav\u00e9s del canal del Estado,&#046;&#046;&#046;\" \/>\n<meta property=\"og:url\" content=\"https:\/\/noti-america.com\/site\/venezuela\/2024\/08\/19\/tsj-inicio-peritaje-de-actas-electorales-del-28j\/\" \/>\n<meta property=\"og:site_name\" content=\"Venezuela | Noti-America.com\" \/>\n<meta property=\"article:published_time\" content=\"2024-08-19T02:10:10+00:00\" \/>\n<meta property=\"article:modified_time\" content=\"2024-08-19T02:23:13+00:00\" \/>\n<meta property=\"og:image\" content=\"https:\/\/noti-america.com\/site\/venezuela\/wp-content\/uploads\/sites\/2\/2024\/08\/tsj-verifica.jpg\" \/>\n\t<meta property=\"og:image:width\" content=\"875\" \/>\n\t<meta property=\"og:image:height\" content=\"463\" \/>\n\t<meta property=\"og:image:type\" content=\"image\/jpeg\" \/>\n<meta name=\"author\" content=\"Yliana Duque\" \/>\n<meta name=\"twitter:card\" content=\"summary_large_image\" \/>\n<meta name=\"twitter:creator\" content=\"@ylianaduque\" \/>\n<meta name=\"twitter:label1\" content=\"Escrito por\" \/>\n\t<meta name=\"twitter:data1\" content=\"Yliana Duque\" \/>\n\t<meta name=\"twitter:label2\" content=\"Tiempo estimado de lectura\" \/>\n\t<meta name=\"twitter:data2\" content=\"3 minutos\" \/>\n<script type=\"application\/ld+json\" class=\"yoast-schema-graph\">{\"@context\":\"https:\/\/schema.org\",\"@graph\":[{\"@type\":\"Article\",\"@id\":\"https:\/\/noti-america.com\/site\/venezuela\/2024\/08\/19\/tsj-inicio-peritaje-de-actas-electorales-del-28j\/#article\",\"isPartOf\":{\"@id\":\"https:\/\/noti-america.com\/site\/venezuela\/2024\/08\/19\/tsj-inicio-peritaje-de-actas-electorales-del-28j\/\"},\"author\":{\"name\":\"Yliana Duque\",\"@id\":\"https:\/\/noti-america.com\/site\/venezuela\/#\/schema\/person\/a166d9d45f249dbd09521fbc2e7342d8\"},\"headline\":\"TSJ inici\u00f3 peritaje de actas electorales del 28J\",\"datePublished\":\"2024-08-19T02:10:10+00:00\",\"dateModified\":\"2024-08-19T02:23:13+00:00\",\"mainEntityOfPage\":{\"@id\":\"https:\/\/noti-america.com\/site\/venezuela\/2024\/08\/19\/tsj-inicio-peritaje-de-actas-electorales-del-28j\/\"},\"wordCount\":542,\"commentCount\":0,\"publisher\":{\"@id\":\"https:\/\/noti-america.com\/site\/venezuela\/#organization\"},\"image\":{\"@id\":\"https:\/\/noti-america.com\/site\/venezuela\/2024\/08\/19\/tsj-inicio-peritaje-de-actas-electorales-del-28j\/#primaryimage\"},\"thumbnailUrl\":\"https:\/\/noti-america.com\/site\/venezuela\/wp-content\/uploads\/sites\/2\/2024\/08\/tsj-verifica.jpg\",\"articleSection\":[\"Nacionales\",\"Pol\u00edtica\",\"Venezuela\"],\"inLanguage\":\"es\",\"potentialAction\":[{\"@type\":\"CommentAction\",\"name\":\"Comment\",\"target\":[\"https:\/\/noti-america.com\/site\/venezuela\/2024\/08\/19\/tsj-inicio-peritaje-de-actas-electorales-del-28j\/#respond\"]}]},{\"@type\":\"WebPage\",\"@id\":\"https:\/\/noti-america.com\/site\/venezuela\/2024\/08\/19\/tsj-inicio-peritaje-de-actas-electorales-del-28j\/\",\"url\":\"https:\/\/noti-america.com\/site\/venezuela\/2024\/08\/19\/tsj-inicio-peritaje-de-actas-electorales-del-28j\/\",\"name\":\"TSJ inici\u00f3 peritaje de actas electorales del 28J - Venezuela | Noti-America.com\",\"isPartOf\":{\"@id\":\"https:\/\/noti-america.com\/site\/venezuela\/#website\"},\"primaryImageOfPage\":{\"@id\":\"https:\/\/noti-america.com\/site\/venezuela\/2024\/08\/19\/tsj-inicio-peritaje-de-actas-electorales-del-28j\/#primaryimage\"},\"image\":{\"@id\":\"https:\/\/noti-america.com\/site\/venezuela\/2024\/08\/19\/tsj-inicio-peritaje-de-actas-electorales-del-28j\/#primaryimage\"},\"thumbnailUrl\":\"https:\/\/noti-america.com\/site\/venezuela\/wp-content\/uploads\/sites\/2\/2024\/08\/tsj-verifica.jpg\",\"datePublished\":\"2024-08-19T02:10:10+00:00\",\"dateModified\":\"2024-08-19T02:23:13+00:00\",\"breadcrumb\":{\"@id\":\"https:\/\/noti-america.com\/site\/venezuela\/2024\/08\/19\/tsj-inicio-peritaje-de-actas-electorales-del-28j\/#breadcrumb\"},\"inLanguage\":\"es\",\"potentialAction\":[{\"@type\":\"ReadAction\",\"target\":[\"https:\/\/noti-america.com\/site\/venezuela\/2024\/08\/19\/tsj-inicio-peritaje-de-actas-electorales-del-28j\/\"]}]},{\"@type\":\"ImageObject\",\"inLanguage\":\"es\",\"@id\":\"https:\/\/noti-america.com\/site\/venezuela\/2024\/08\/19\/tsj-inicio-peritaje-de-actas-electorales-del-28j\/#primaryimage\",\"url\":\"https:\/\/noti-america.com\/site\/venezuela\/wp-content\/uploads\/sites\/2\/2024\/08\/tsj-verifica.jpg\",\"contentUrl\":\"https:\/\/noti-america.com\/site\/venezuela\/wp-content\/uploads\/sites\/2\/2024\/08\/tsj-verifica.jpg\",\"width\":875,\"height\":463},{\"@type\":\"BreadcrumbList\",\"@id\":\"https:\/\/noti-america.com\/site\/venezuela\/2024\/08\/19\/tsj-inicio-peritaje-de-actas-electorales-del-28j\/#breadcrumb\",\"itemListElement\":[{\"@type\":\"ListItem\",\"position\":1,\"name\":\"Portada\",\"item\":\"https:\/\/noti-america.com\/site\/venezuela\/\"},{\"@type\":\"ListItem\",\"position\":2,\"name\":\"TSJ inici\u00f3 peritaje de actas electorales del 28J\"}]},{\"@type\":\"WebSite\",\"@id\":\"https:\/\/noti-america.com\/site\/venezuela\/#website\",\"url\":\"https:\/\/noti-america.com\/site\/venezuela\/\",\"name\":\"Venezuela | Noti-America.com\",\"description\":\"\",\"publisher\":{\"@id\":\"https:\/\/noti-america.com\/site\/venezuela\/#organization\"},\"potentialAction\":[{\"@type\":\"SearchAction\",\"target\":{\"@type\":\"EntryPoint\",\"urlTemplate\":\"https:\/\/noti-america.com\/site\/venezuela\/?s={search_term_string}\"},\"query-input\":{\"@type\":\"PropertyValueSpecification\",\"valueRequired\":true,\"valueName\":\"search_term_string\"}}],\"inLanguage\":\"es\"},{\"@type\":\"Organization\",\"@id\":\"https:\/\/noti-america.com\/site\/venezuela\/#organization\",\"name\":\"Noti-America LLC | Venezuela\",\"url\":\"https:\/\/noti-america.com\/site\/venezuela\/\",\"logo\":{\"@type\":\"ImageObject\",\"inLanguage\":\"es\",\"@id\":\"https:\/\/noti-america.com\/site\/venezuela\/#\/schema\/logo\/image\/\",\"url\":\"https:\/\/noti-america.com\/site\/venezuela\/wp-content\/uploads\/sites\/2\/2020\/07\/LogoNA-4x3-1.jpg\",\"contentUrl\":\"https:\/\/noti-america.com\/site\/venezuela\/wp-content\/uploads\/sites\/2\/2020\/07\/LogoNA-4x3-1.jpg\",\"width\":1236,\"height\":1080,\"caption\":\"Noti-America LLC | Venezuela\"},\"image\":{\"@id\":\"https:\/\/noti-america.com\/site\/venezuela\/#\/schema\/logo\/image\/\"}},{\"@type\":\"Person\",\"@id\":\"https:\/\/noti-america.com\/site\/venezuela\/#\/schema\/person\/a166d9d45f249dbd09521fbc2e7342d8\",\"name\":\"Yliana Duque\",\"image\":{\"@type\":\"ImageObject\",\"inLanguage\":\"es\",\"@id\":\"https:\/\/secure.gravatar.com\/avatar\/8caf2a4035762b3be44c3a0455581febe2d5273a41ac40dacc575b8aa348fe65?s=96&d=mm&r=g\",\"url\":\"https:\/\/secure.gravatar.com\/avatar\/8caf2a4035762b3be44c3a0455581febe2d5273a41ac40dacc575b8aa348fe65?s=96&d=mm&r=g\",\"contentUrl\":\"https:\/\/secure.gravatar.com\/avatar\/8caf2a4035762b3be44c3a0455581febe2d5273a41ac40dacc575b8aa348fe65?s=96&d=mm&r=g\",\"caption\":\"Yliana Duque\"},\"description\":\"Ejercer el periodismo requiere de pasi\u00f3n y conocimiento en investigaci\u00f3n de campo. Siempre en la b\u00fasqueda de la verdad para aportar claridad y poder discernir sobre el hecho noticioso. Egresada de la Universidad de los Andes. Maestria en Relaciones Internacionales (UCV). Diplomado de Educaci\u00f3n Superior (Universidad Experimental LIbertador (UPEL), y Educaci\u00f3n superior a distancia (UFT). Estudios de Locuci\u00f3n- Actuaci\u00f3n-Publicidad y Mercadeo, Redes. Subdirectora de relaciones p\u00fablicas de la Asamablea Legislativa del Estado Sucre(1995)-Periodista de TELESOL,Telecaribe (Sucre). Jefe de Prensa de la Gobernaci\u00f3n del Estado Amazonas(1997). Periodista Comandancia General del Ej\u00e9rcito, Fuerte Tiuna (1996). Lider de Proyectos en educaci\u00f3n Superior en la Universidad Ferm\u00edn Toro (UFT) (2000). Docente Universitario UFT (2002-2007)-Docente de Educaci\u00f3n Superior a Distancia -titulado. Periodista Diario El Informador. Periodista en Apoyo A\u00e9reo de la Guardia Nacional, Aeropuerto Jacinto Lara. www.Noti-america.com (Venezuela)\",\"sameAs\":[\"https:\/\/x.com\/ylianaduque\"],\"url\":\"https:\/\/noti-america.com\/site\/venezuela\/author\/yduque\/\"}]}<\/script>\n<!-- \/ Yoast SEO Premium plugin. -->","yoast_head_json":{"title":"TSJ inici\u00f3 peritaje de actas electorales del 28J - Venezuela | Noti-America.com","robots":{"index":"index","follow":"follow","max-snippet":"max-snippet:-1","max-image-preview":"max-image-preview:large","max-video-preview":"max-video-preview:-1"},"canonical":"https:\/\/noti-america.com\/site\/venezuela\/2024\/08\/19\/tsj-inicio-peritaje-de-actas-electorales-del-28j\/","og_locale":"es_ES","og_type":"article","og_title":"TSJ inici\u00f3 peritaje de actas electorales del 28J","og_description":"NOTI-AMERICA|VENEZUELA El Tribunal Supremo de Justicia de Venezuela di\u00f3 inicio al proceso para cotejar los resultados de las actas previamente evaluadas con las del CNE, as\u00ed se transmiti\u00f3 a trav\u00e9s del canal del Estado,&#46;&#46;&#46;","og_url":"https:\/\/noti-america.com\/site\/venezuela\/2024\/08\/19\/tsj-inicio-peritaje-de-actas-electorales-del-28j\/","og_site_name":"Venezuela | Noti-America.com","article_published_time":"2024-08-19T02:10:10+00:00","article_modified_time":"2024-08-19T02:23:13+00:00","og_image":[{"width":875,"height":463,"url":"https:\/\/noti-america.com\/site\/venezuela\/wp-content\/uploads\/sites\/2\/2024\/08\/tsj-verifica.jpg","type":"image\/jpeg"}],"author":"Yliana Duque","twitter_card":"summary_large_image","twitter_creator":"@ylianaduque","twitter_misc":{"Escrito por":"Yliana Duque","Tiempo estimado de lectura":"3 minutos"},"schema":{"@context":"https:\/\/schema.org","@graph":[{"@type":"Article","@id":"https:\/\/noti-america.com\/site\/venezuela\/2024\/08\/19\/tsj-inicio-peritaje-de-actas-electorales-del-28j\/#article","isPartOf":{"@id":"https:\/\/noti-america.com\/site\/venezuela\/2024\/08\/19\/tsj-inicio-peritaje-de-actas-electorales-del-28j\/"},"author":{"name":"Yliana Duque","@id":"https:\/\/noti-america.com\/site\/venezuela\/#\/schema\/person\/a166d9d45f249dbd09521fbc2e7342d8"},"headline":"TSJ inici\u00f3 peritaje de actas electorales del 28J","datePublished":"2024-08-19T02:10:10+00:00","dateModified":"2024-08-19T02:23:13+00:00","mainEntityOfPage":{"@id":"https:\/\/noti-america.com\/site\/venezuela\/2024\/08\/19\/tsj-inicio-peritaje-de-actas-electorales-del-28j\/"},"wordCount":542,"commentCount":0,"publisher":{"@id":"https:\/\/noti-america.com\/site\/venezuela\/#organization"},"image":{"@id":"https:\/\/noti-america.com\/site\/venezuela\/2024\/08\/19\/tsj-inicio-peritaje-de-actas-electorales-del-28j\/#primaryimage"},"thumbnailUrl":"https:\/\/noti-america.com\/site\/venezuela\/wp-content\/uploads\/sites\/2\/2024\/08\/tsj-verifica.jpg","articleSection":["Nacionales","Pol\u00edtica","Venezuela"],"inLanguage":"es","potentialAction":[{"@type":"CommentAction","name":"Comment","target":["https:\/\/noti-america.com\/site\/venezuela\/2024\/08\/19\/tsj-inicio-peritaje-de-actas-electorales-del-28j\/#respond"]}]},{"@type":"WebPage","@id":"https:\/\/noti-america.com\/site\/venezuela\/2024\/08\/19\/tsj-inicio-peritaje-de-actas-electorales-del-28j\/","url":"https:\/\/noti-america.com\/site\/venezuela\/2024\/08\/19\/tsj-inicio-peritaje-de-actas-electorales-del-28j\/","name":"TSJ inici\u00f3 peritaje de actas electorales del 28J - Venezuela | Noti-America.com","isPartOf":{"@id":"https:\/\/noti-america.com\/site\/venezuela\/#website"},"primaryImageOfPage":{"@id":"https:\/\/noti-america.com\/site\/venezuela\/2024\/08\/19\/tsj-inicio-peritaje-de-actas-electorales-del-28j\/#primaryimage"},"image":{"@id":"https:\/\/noti-america.com\/site\/venezuela\/2024\/08\/19\/tsj-inicio-peritaje-de-actas-electorales-del-28j\/#primaryimage"},"thumbnailUrl":"https:\/\/noti-america.com\/site\/venezuela\/wp-content\/uploads\/sites\/2\/2024\/08\/tsj-verifica.jpg","datePublished":"2024-08-19T02:10:10+00:00","dateModified":"2024-08-19T02:23:13+00:00","breadcrumb":{"@id":"https:\/\/noti-america.com\/site\/venezuela\/2024\/08\/19\/tsj-inicio-peritaje-de-actas-electorales-del-28j\/#breadcrumb"},"inLanguage":"es","potentialAction":[{"@type":"ReadAction","target":["https:\/\/noti-america.com\/site\/venezuela\/2024\/08\/19\/tsj-inicio-peritaje-de-actas-electorales-del-28j\/"]}]},{"@type":"ImageObject","inLanguage":"es","@id":"https:\/\/noti-america.com\/site\/venezuela\/2024\/08\/19\/tsj-inicio-peritaje-de-actas-electorales-del-28j\/#primaryimage","url":"https:\/\/noti-america.com\/site\/venezuela\/wp-content\/uploads\/sites\/2\/2024\/08\/tsj-verifica.jpg","contentUrl":"https:\/\/noti-america.com\/site\/venezuela\/wp-content\/uploads\/sites\/2\/2024\/08\/tsj-verifica.jpg","width":875,"height":463},{"@type":"BreadcrumbList","@id":"https:\/\/noti-america.com\/site\/venezuela\/2024\/08\/19\/tsj-inicio-peritaje-de-actas-electorales-del-28j\/#breadcrumb","itemListElement":[{"@type":"ListItem","position":1,"name":"Portada","item":"https:\/\/noti-america.com\/site\/venezuela\/"},{"@type":"ListItem","position":2,"name":"TSJ inici\u00f3 peritaje de actas electorales del 28J"}]},{"@type":"WebSite","@id":"https:\/\/noti-america.com\/site\/venezuela\/#website","url":"https:\/\/noti-america.com\/site\/venezuela\/","name":"Venezuela | Noti-America.com","description":"","publisher":{"@id":"https:\/\/noti-america.com\/site\/venezuela\/#organization"},"potentialAction":[{"@type":"SearchAction","target":{"@type":"EntryPoint","urlTemplate":"https:\/\/noti-america.com\/site\/venezuela\/?s={search_term_string}"},"query-input":{"@type":"PropertyValueSpecification","valueRequired":true,"valueName":"search_term_string"}}],"inLanguage":"es"},{"@type":"Organization","@id":"https:\/\/noti-america.com\/site\/venezuela\/#organization","name":"Noti-America LLC | Venezuela","url":"https:\/\/noti-america.com\/site\/venezuela\/","logo":{"@type":"ImageObject","inLanguage":"es","@id":"https:\/\/noti-america.com\/site\/venezuela\/#\/schema\/logo\/image\/","url":"https:\/\/noti-america.com\/site\/venezuela\/wp-content\/uploads\/sites\/2\/2020\/07\/LogoNA-4x3-1.jpg","contentUrl":"https:\/\/noti-america.com\/site\/venezuela\/wp-content\/uploads\/sites\/2\/2020\/07\/LogoNA-4x3-1.jpg","width":1236,"height":1080,"caption":"Noti-America LLC | Venezuela"},"image":{"@id":"https:\/\/noti-america.com\/site\/venezuela\/#\/schema\/logo\/image\/"}},{"@type":"Person","@id":"https:\/\/noti-america.com\/site\/venezuela\/#\/schema\/person\/a166d9d45f249dbd09521fbc2e7342d8","name":"Yliana Duque","image":{"@type":"ImageObject","inLanguage":"es","@id":"https:\/\/secure.gravatar.com\/avatar\/8caf2a4035762b3be44c3a0455581febe2d5273a41ac40dacc575b8aa348fe65?s=96&d=mm&r=g","url":"https:\/\/secure.gravatar.com\/avatar\/8caf2a4035762b3be44c3a0455581febe2d5273a41ac40dacc575b8aa348fe65?s=96&d=mm&r=g","contentUrl":"https:\/\/secure.gravatar.com\/avatar\/8caf2a4035762b3be44c3a0455581febe2d5273a41ac40dacc575b8aa348fe65?s=96&d=mm&r=g","caption":"Yliana Duque"},"description":"Ejercer el periodismo requiere de pasi\u00f3n y conocimiento en investigaci\u00f3n de campo. Siempre en la b\u00fasqueda de la verdad para aportar claridad y poder discernir sobre el hecho noticioso. Egresada de la Universidad de los Andes. Maestria en Relaciones Internacionales (UCV). Diplomado de Educaci\u00f3n Superior (Universidad Experimental LIbertador (UPEL), y Educaci\u00f3n superior a distancia (UFT). Estudios de Locuci\u00f3n- Actuaci\u00f3n-Publicidad y Mercadeo, Redes. Subdirectora de relaciones p\u00fablicas de la Asamablea Legislativa del Estado Sucre(1995)-Periodista de TELESOL,Telecaribe (Sucre). Jefe de Prensa de la Gobernaci\u00f3n del Estado Amazonas(1997). Periodista Comandancia General del Ej\u00e9rcito, Fuerte Tiuna (1996). Lider de Proyectos en educaci\u00f3n Superior en la Universidad Ferm\u00edn Toro (UFT) (2000). Docente Universitario UFT (2002-2007)-Docente de Educaci\u00f3n Superior a Distancia -titulado. Periodista Diario El Informador. Periodista en Apoyo A\u00e9reo de la Guardia Nacional, Aeropuerto Jacinto Lara. www.Noti-america.com (Venezuela)","sameAs":["https:\/\/x.com\/ylianaduque"],"url":"https:\/\/noti-america.com\/site\/venezuela\/author\/yduque\/"}]}},"_links":{"self":[{"href":"https:\/\/noti-america.com\/site\/venezuela\/wp-json\/wp\/v2\/posts\/40343","targetHints":{"allow":["GET"]}}],"collection":[{"href":"https:\/\/noti-america.com\/site\/venezuela\/wp-json\/wp\/v2\/posts"}],"about":[{"href":"https:\/\/noti-america.com\/site\/venezuela\/wp-json\/wp\/v2\/types\/post"}],"author":[{"embeddable":true,"href":"https:\/\/noti-america.com\/site\/venezuela\/wp-json\/wp\/v2\/users\/11"}],"replies":[{"embeddable":true,"href":"https:\/\/noti-america.com\/site\/venezuela\/wp-json\/wp\/v2\/comments?post=40343"}],"version-history":[{"count":3,"href":"https:\/\/noti-america.com\/site\/venezuela\/wp-json\/wp\/v2\/posts\/40343\/revisions"}],"predecessor-version":[{"id":40352,"href":"https:\/\/noti-america.com\/site\/venezuela\/wp-json\/wp\/v2\/posts\/40343\/revisions\/40352"}],"wp:featuredmedia":[{"embeddable":true,"href":"https:\/\/noti-america.com\/site\/venezuela\/wp-json\/wp\/v2\/media\/40349"}],"wp:attachment":[{"href":"https:\/\/noti-america.com\/site\/venezuela\/wp-json\/wp\/v2\/media?parent=40343"}],"wp:term":[{"taxonomy":"category","embeddable":true,"href":"https:\/\/noti-america.com\/site\/venezuela\/wp-json\/wp\/v2\/categories?post=40343"},{"taxonomy":"post_tag","embeddable":true,"href":"https:\/\/noti-america.com\/site\/venezuela\/wp-json\/wp\/v2\/tags?post=40343"}],"curies":[{"name":"wp","href":"https:\/\/api.w.org\/{rel}","templated":true}]}}