{"id":40213,"date":"2024-08-14T03:17:23","date_gmt":"2024-08-14T03:17:23","guid":{"rendered":"https:\/\/noti-america.com\/site\/venezuela\/?p=40213"},"modified":"2024-08-14T03:49:14","modified_gmt":"2024-08-14T03:49:14","slug":"los-venezolanos-se-pueden-definir-como-fascistas","status":"publish","type":"post","link":"https:\/\/noti-america.com\/site\/venezuela\/2024\/08\/14\/los-venezolanos-se-pueden-definir-como-fascistas\/","title":{"rendered":"Los venezolanos se pueden definir como fascistas"},"content":{"rendered":"<p><strong>NOTI-AMERICA<\/strong>|VENEZUELA<\/p>\n<p>En Venezuela se est\u00e1 oyendo constantemente un t\u00e9rmino que para la ciudadan\u00eda es un tanto desconocido, ya sea por falta de explicaci\u00f3n, o simplemente porque no tiene una verdadera identificaci\u00f3n con el gentilicio venezolano, dada su concepci\u00f3n social y cultural, \u00e9se t\u00e9rmino es \u00abFascismo\u00bb.<\/p>\n<blockquote><p>Cualquier parecido con la realidad no es pura coincidencia,\u00a0 es solamente la verdad plenamente explicada (Yliana Duque)<\/p><\/blockquote>\n<p>En la b\u00fasqueda del conocimiento por esa palabra, presum\u00ed que en la actualidad un gran contenido la describir\u00eda, sin embargo, lo que se entiende es m\u00e1s que todo una mala aplicaci\u00f3n del t\u00e9rmino usado en un tiempo pol\u00edtico y geogr\u00e1fico muy diferente a lo que se experimenta en el continente latinoamericano.<\/p>\n<p><img loading=\"lazy\" decoding=\"async\" class=\"alignnone size-medium wp-image-40217 aligncenter\" src=\"https:\/\/noti-america.com\/site\/venezuela\/wp-content\/uploads\/sites\/2\/2024\/08\/las-mercedes-MCM-2-139x300.jpg\" alt=\"\" width=\"139\" height=\"300\" srcset=\"https:\/\/noti-america.com\/site\/venezuela\/wp-content\/uploads\/sites\/2\/2024\/08\/las-mercedes-MCM-2-139x300.jpg 139w, https:\/\/noti-america.com\/site\/venezuela\/wp-content\/uploads\/sites\/2\/2024\/08\/las-mercedes-MCM-2-473x1024.jpg 473w, https:\/\/noti-america.com\/site\/venezuela\/wp-content\/uploads\/sites\/2\/2024\/08\/las-mercedes-MCM-2-768x1663.jpg 768w, https:\/\/noti-america.com\/site\/venezuela\/wp-content\/uploads\/sites\/2\/2024\/08\/las-mercedes-MCM-2-710x1536.jpg 710w, https:\/\/noti-america.com\/site\/venezuela\/wp-content\/uploads\/sites\/2\/2024\/08\/las-mercedes-MCM-2.jpg 946w\" sizes=\"auto, (max-width: 139px) 100vw, 139px\" \/><\/p>\n<p>Reitero que <em><strong>\u00e9sta premisa pretende esclarecer el uso del t\u00e9rmino para entender <\/strong><\/em>si<em><strong> su aplicabilidad<\/strong><\/em> va acorde a los discursos que recientemente usan con desenfado.<\/p>\n<p style=\"text-align: justify\">Es ent\u00f3nces cuando al leer la definici\u00f3n de Fascismo, est\u00e1 descrita, como un \u00abMovimiento pol\u00edtico y social de car\u00e1cter totalitario que se desarroll\u00f3 en Italia en la primera mitad del siglo XX\u00bb \u00e9poca de represi\u00f3n e imposiciones-, y que se caracteriz\u00f3 por el <strong>corporativismo y la exaltaci\u00f3n nacionalista<\/strong>\u00ab.<\/p>\n<blockquote><p>La verdad nos abre el camino al conocimiento y es deber de todos ser divul<em>gadores para promover la igualdad y erradicar los conflictos por diferencias de opini\u00f3n o desinformaci\u00f3n, y las injusticias&#8230; (Yliana Duque)<\/em><\/p><\/blockquote>\n<p style=\"text-align: justify\">Al pasar a conocer qu\u00e9 es El <em><strong>corporativismo<\/strong>, <\/em>encontramos\u00a0 que es una doctrina pol\u00edtica, econ\u00f3mica y social surgida en Europa a mediados del <strong>siglo XIX<\/strong> como alternativa al liberalismo\u200b y al <strong>socialismo,\u00a0<\/strong>\u00e9ste \u00faltimo un concepto que caracteriza a las pol\u00edticas implementadas en los 25 a\u00f1os de revoluci\u00f3n, pero contradictoriamente discriminada con el abuso del discurso pol\u00edtico.<\/p>\n<p>El <strong>fascismo<\/strong> <em>se opuso al conflicto de clases y al car\u00e1cter igualitario e internacional del socialismo<\/em>. Se opuso firmemente al liberalismo, el comunismo, el anarquismo y el <em>socialismo democr\u00e1tico. (comparado con lo que se dice sigue siendo una contradicci\u00f3n)<\/em><\/p>\n<blockquote><p>El fascismo es una ideolog\u00eda, movimiento y sistema de gobierno totalitario de <strong>\u00abextrema derecha\u00bb surgido en el periodo de <em>entreguerras<\/em>.\u00a0<\/strong><\/p><\/blockquote>\n<p style=\"text-align: justify\">El fascismo trata de organizar un movimiento de masas <strong>encabezado por milicias en un intento de hacerse con el poder del Estado. Busca subordinar por la fuerza todas las esferas de la sociedad a su visi\u00f3n ideol\u00f3gica de comunidad org\u00e1nica, normalmente a trav\u00e9s de un estado totalitario.<\/strong><\/p>\n<p>&nbsp;<\/p>\n<h3>Un paseo por la historia de la humanidad<\/h3>\n<p>Al realizar un breve recorrido por la historia esta explicaci\u00f3n deja expuesta las caracteristicas del FASCISMO, y en nada se parecen a las manifestaciones de cambio que tanto exponen los venezolanos.<\/p>\n<div style=\"width: 1290px\" class=\"wp-caption alignnone\"><img loading=\"lazy\" decoding=\"async\" src=\"https:\/\/elordenmundial.com\/wp-content\/uploads\/2021\/08\/fascismo-politica-sociedad-historia.jpg\" alt=\"\u00bfQu\u00e9 es el fascismo?\" width=\"1280\" height=\"890\" \/><p class=\"wp-caption-text\">Benito Mussolini y Adolf Hitler inspeccionando tropas. Fuente: Wikipedia<\/p><\/div>\n<p>La construcci\u00f3n del sistema corporativo de <strong>la\u00a0Italia fascista\u00a0se inici\u00f3 en 1926<\/strong> (cuatro a\u00f1os despu\u00e9s de la\u00a0llegada al poder\u00a0de\u00a0Mussolini). Se aboli\u00f3 entonces la\u00a0libertad sindical\u00a0y se constituyeron \u00absindicatos nacionales\u00bb dentro de los cuales se encuadraban en ramas separadas empresarios y trabajadores (cuya integraci\u00f3n era forzosa). Al frente de cada \u00absindicato nacional\u00bb estaba un miembro del aparato fascista, en cuya c\u00faspide se encontraba el Ministerio de las Corporaciones. Los principios de la nueva organizaci\u00f3n corporativa fueron establecidos al a\u00f1o siguiente en la\u00a0Carta del Lavoro\u00a0y en 1928 se culmin\u00f3 el proceso con la sustituci\u00f3n del Parlamento por una C\u00e1mara corporativa en la que no estar\u00edan representados los individuos <strong>(el\u00a0sufragio universal\u00a0y los partidos pol\u00edticos hab\u00edan sido abolidos)<\/strong> sino los \u00abintereses\u00bb sociales, econ\u00f3micos y profesionales. En 1938 se reform\u00f3 la C\u00e1mara y se cre\u00f3 la C\u00e1mara del Fascio y las Corporaciones. (fuente Wikipedia)<\/p>\n<p>Lo interesante de todo esto es oir hasta el cansancio, repetidas veces y de forma acusatoria que los venezolanos opositores se conforman como una \u00ab<em>ultra derecha fascista<\/em>\u00ab, que no se parece en nada a lo descrito en 1926, una \u00e9poca cruenta con un liderazgo caracterizado por la persecusi\u00f3n y muerte jud\u00eda, como lo fue la imposici\u00f3n de Adolf Hitler sobre el pueblo Alem\u00e1n y la sociedad jud\u00eda.<\/p>\n<p style=\"text-align: justify\">Resulta inadmisible comparar los sucesos sociopol\u00edticos de 1926, con los de 2024, pero pareciera que en el proceso los representantes de la revoluci\u00f3n Bolivariana desean ser retratados y comparados con las pol\u00edticas el gobierno del\u00a0<strong>Partido Nacionalsocialista Obrero Alem\u00e1n\u00a0(NSDAP)<\/strong> y su m\u00e1ximo dirigente,\u00a0Adolf Hitler, \u00abDicho partido, y por tanto las pol\u00edticas sociopol\u00edticas aplicadas durante su \u00e9poca en el poder, fue caracterizado por sus <strong>pol\u00edticas\u00a0totalitarias\u00a0y\u00a0dictatoriales\u00a0y sus ideolog\u00edas\u00a0racistas\u00a0y\u00a0ultranacionalistas<\/strong>, y es conocido m\u00e1s que nada por su papel en la\u00a0Segunda Guerra Mundial\u00a0y eventos relacionados, entre ellos la perpetraci\u00f3n del\u00a0Holocausto.\u00bb (fuente Wikipedia).<\/p>\n<p>Extenderse en el tema de la aplicaci\u00f3n de pol\u00edticas de Estado y las definiciones que las caracerizan es un tema muy amplio, porque cada quien decide usar dichos conceptos acorde con intereses particulares, todo con el firme objetivo de manipular a la poblaci\u00f3n y usarlas para conseguir los objetivos pol\u00edticos deseados. As\u00ed se manejan los sistemas de gobierno, preparando discursos populistas con conceptos desconocidos para las poblaciones, sin el pre\u00e1mbulo de la investigaci\u00f3n de los conceptos que usan y que terminan marcando indiscriminadamente a un sector de la poblaci\u00f3n, sin merecerlo.<\/p>\n<h3>Entre otros conceptos<\/h3>\n<p style=\"text-align: justify\">Una\u00a0<b>dictadura<\/b>\u00a0representa un sistema de\u00a0gobierno autocr\u00e1tico, en el que <strong>el poder se concentra en manos de un \u00fanico l\u00edder o de un grupo selecto de individuos<\/strong>, que act\u00faan con restricciones\u00a0m\u00ednimas o nulas. Esta forma de gobierno <strong>se caracteriza por la centralizaci\u00f3n de la autoridad pol\u00edtica en torno a un\u00a0dictador, que dirige los asuntos del Estado a trav\u00e9s de un grupo muy unido de \u00e9lites<\/strong>, que <em>incluye asesores, generales militares y otros altos cargos<\/em>. El <em>dictador<\/em> <strong>se aferra al poder gestionando estrat\u00e9gicamente las relaciones dentro de este c\u00edrculo \u00edntimo y reprimiendo al mismo tiempo cualquier forma de disidencia u oposici\u00f3n.<\/strong> Esta oposici\u00f3n puede manifestarse en forma de facciones pol\u00edticas rivales, insurgencias armadas o incluso <em>disidencia en las filas de los propios partidarios del dictador. (fuente Wikipedia).<\/em><\/p>\n<div class=\"container\">\n<div class=\"lg:grid grid-cols-12 gap-x-8 gap-y-6 space-y-2 sm:space-y-0 mb-8\">\n<div class=\"col-span-7 lg:col-start-1 xl:col-start-2 pt-4 sm:pt-12\">\n<blockquote>\n<h5 class=\"story-lead col-span-8 lg:col-start-2 mt-6\">Los \u00abderechos civiles\u00bb garantizan la igualdad ante la ley, independientemente de las caracter\u00edsticas de las personas.\u00a0 por Cassandra Devaney<\/h5>\n<\/blockquote>\n<div class=\"flex items-end justify-between mb-4 mt-6\">\n<div class=\"w-full flex items-baseline justify-between\">\n<div class=\"flex sm:space-x-5 space-x-1\"><\/div>\n<\/div>\n<\/div>\n<div class=\"mt-4 mb-16\">\n<div class=\"mb-8\">\n<figure class=\"mb-6\"><img loading=\"lazy\" decoding=\"async\" class=\"rounded w-full\" src=\"https:\/\/liberties.imgix.net\/images\/6fca5d24-96de-4af3-8a39-ada18b686e0d\/Civil_rights-01.png?ixlib=rails-4.1.0&amp;fm=jpg&amp;auto=format&amp;lossless=true&amp;w=750&amp;h=470&amp;fit=crop&amp;s=65925fbbf5a86bebfd48a19f71fdd6f0\" width=\"1440\" height=\"902\" \/><\/figure>\n<div class=\"content\">\n<blockquote><p><strong><em>El conocimiento es poder.\u00a0<\/em><\/strong><\/p><\/blockquote>\n<p>Un\u00a0<strong>derecho civil<\/strong>\u00a0es un derecho exigible, que permite un recurso si se produce una violaci\u00f3n del mismo. Estos derechos se entienden com\u00fanmente como una garant\u00eda de <strong>igualdad de oportunidades sociales y de protecci\u00f3n, independientemente de la raza, la religi\u00f3n, el g\u00e9nero u otras caracter\u00edsticas<\/strong>. Algunos ejemplos son: el <em>derecho al voto, a un juicio justo, a la educaci\u00f3n y a los servicios gubernamentales.<\/em> Estos <strong>derechos<\/strong> son <strong>importantes para una democracia y lo deseable es que los gobiernos democr\u00e1ticos los respeten<\/strong> y los apliquen.<\/p>\n<h3>Reflexi\u00f3n<\/h3>\n<p>Manejar los argumentos del complicado \u00e1mbito pol\u00edtico que se desarrolla en Venezuela es complejo y sensible, porque los venezolanos se encuentran esperanzados en que sus decisiones logren los frutos esperados, que sus decisiones sean positivas para mejorar las condiciones del pa\u00eds, que sus decisiones generen el cambio de estructuras internas que los devuelvan a la traquilidad perdida por las decisiones del pasado, pero sobre todo porque ans\u00edan volver a reencontrarse con sus familias, convencidos de que unidos obtendran el pa\u00eds que a\u00fan recuerdan, lleno de oportunidades y con espacio para todos, y no para el resentimiento que aliment\u00f3 durante 25 a\u00f1os el divisionismo y la discordia entre los cercanos. Resta esperar por un nuevo amanecer para ver otro paisaje en Venezuela!.<\/p>\n<h2 id=\"h-ya-no-hay-regimenes-fascistas-pero-si-inspiran-movimientos\" class=\"wp-block-heading\" style=\"text-align: center\"><strong>Ya no hay reg\u00edmenes fascistas<\/strong><\/h2>\n<p>Con la derrota de Alemania y sus aliados en la\u00a0Segunda Guerra Mundial, el fascismo qued\u00f3 relegado. Sin embargo, en los a\u00f1os noventa la sombra fascista resurgi\u00f3 en Europa con la\u00a0limpieza \u00e9tnica en los Balcanes, la violencia de los cabezas rapadas o\u00a0<em>skinheads<\/em>\u00a0contra inmigrantes en el Reino Unido, Alemania, Italia y pa\u00edses escandinavos, o la\u00a0entrada\u00a0de partidos neonazis en Gobiernos nacionales. Ello no ha derivado en el establecimiento de nuevos reg\u00edmenes totalitarios, y existe\u00a0consenso\u00a0acad\u00e9mico en que el fascismo como sistema pol\u00edtico ya no tiene cabida porque no se cumplen las condiciones sociales, econ\u00f3micas y culturales del periodo de entreguerras.<\/p>\n<h4>Aunque en Venezuela&#8230;<\/h4>\n<h2 class=\"single-post-title\"><span class=\"post-title\">Maduro pide al Parlamento acelerar la aprobaci\u00f3n de ley contra el fascismo<\/span><\/h2>\n<p><img decoding=\"async\" src=\"https:\/\/media.diarioversionfinal.com\/wp-content\/uploads\/2024\/08\/maduro-13-de-agosto.webp\" \/><\/p>\n<p>\u00abLe pido a la Asamblea Nacional acelerar la aprobaci\u00f3n de las leyes antifascistas contra cr\u00edmenes de odio y establecer\u00a0penas severas\u00a0para que\u00a0Venezuela\u00a0se sane de fascismos\u00bb, dijo el mandatario en medio del Consejo de Defensa de la Naci\u00f3n. Maduro orden\u00f3 la creaci\u00f3n del \u00abConsejo Nacional de Ciberseguridad\u00bb para hacer frente a los ataques que se han registrado contra los sistemas de tecnolog\u00edas contra los entes gubernamentales. Este 13 de agosto se llevar\u00e1 a cabo la segunda discusi\u00f3n de la ley de fiscalizaci\u00f3n y financiamiento de las Organizaciones No Gubernamentales (ONG)<\/p>\n<h4>Se debe entender que&#8230;<\/h4>\n<p style=\"text-align: justify\">El fascismo como ideolog\u00eda s\u00ed est\u00e1 presente entre la poblaci\u00f3n, tambi\u00e9n en pa\u00edses democr\u00e1ticos. Este <strong>neofascismo<\/strong>\u00a0tiene los mismos enemigos de anta\u00f1o, pero tambi\u00e9n otros\u00a0nuevos\u00a0fruto de su <strong>racismo violento y nacionalista<\/strong>. Por ejemplo, <strong>el\u00a0supremacismo blanco\u00a0de Estados Unidos<\/strong> ataca a los afroamericanos; en Europa central los grupos y partidos pol\u00edticos de extrema derecha apuntan a musulmanes, inmigrantes y miembros de la comunidad LGTBIQ, y en Europa del Este y Rusia los se\u00f1alados son jud\u00edos y occidentales. (fuente Ana Montes @Anamontesm_Madrid, 1998. M\u00e1ster en Relaciones Internacionales y Diplomacia en la Escuela Diplom\u00e1tica. Pol\u00edtica e intrahistoria.)<\/p>\n<h4>Pero en VENEZUELA&#8230;<\/h4>\n<p style=\"text-align: justify\">La aprobaci\u00f3n en primera discusi\u00f3n por la Asamblea Nacional\u00a0<em>(@asamblea_ven)<\/em>\u00a0de una propuesta presentada por el Ejecutivo y hecha p\u00fablica este 02 de abril de 2024 denominada\u00a0<em><strong>\u00abLey contra el Fascismo, Neofascismo<\/strong> y Expresiones Similares\u00bb<\/em>, <strong>sin duda pone sobre el contexto venezolano la legalizaci\u00f3n de la amenaza y control a discreci\u00f3n del Gobierno sobre las libertades pol\u00edticas y de expresi\u00f3n en Venezuela.\u00a0<\/strong><\/p>\n<p style=\"text-align: justify\">Esta propuesta tiene el prop\u00f3sito de aumentar la persecuci\u00f3n contra opositores, periodistas y cr\u00edticos al gobierno, profesores universitarios, investigadores, l\u00edderes sindicales o sociales, estudiantes y defensores de derechos humanos, o cualquiera persona, que exprese ideas, opiniones que puedan ser percibidas por el gobierno como fascistas en el marco del contenido de la ley, provocando la desvinculaci\u00f3n de la justicia social, el respeto de los Derechos Humanos y la dignidad de las personas, as\u00ed lo inform\u00f3 Juan Carlos Barreto\u00a0<strong><em><a href=\"https:\/\/www.instagram.com\/juan_b_hopchak\/\">(@juan_b_hopchak)<\/a><\/em><\/strong>, director del\u00a0<strong><a href=\"https:\/\/ucv-not-i-cia-s.blog\/2024\/04\/04\/parroquia-universitaria-conmemoro-la-pasion-muerte-y-resurreccion-de-jesucristo\/\">Centro para la Paz y Derechos Humanos<\/a><\/strong>\u00a0de la Universidad Central de Venezuela\u00a0<strong><em><a href=\"https:\/\/www.instagram.com\/centroddhhucv\/\">(@centroddhhucv)<\/a><\/em><\/strong>.<\/p>\n<p class=\"has-text-align-justify\" style=\"text-align: justify\">Aumentan las amenazas contra el espacio c\u00edvico. Adem\u00e1s de limitar el ejercicio de la libertad de expresi\u00f3n e informaci\u00f3n, tambi\u00e9n ser\u00eda controlado el espacio c\u00edvico, lo que trae el recrudecimiento de la crisis de derechos humanos e impunidad generalizada. La ley se\u00f1alada establece castigos significativos para aquellos que se consideren infractores. Las penas van desde la disoluci\u00f3n de organizaciones no gubernamentales y partidos pol\u00edticos hasta la inhabilitaci\u00f3n de personas o entidades que adopten posturas catalogadas como fascistas o neofascistas, la universidad y la comunidad es potencial v\u00edctima. Adem\u00e1s, contempla sanciones econ\u00f3micas severas para medios de comunicaci\u00f3n que difundan\u00a0<em>\u00abmensajes prohibidos\u00bb,<\/em>\u00a0con multas que podr\u00edan alcanzar hasta los 100.000 d\u00f3lares, se trata de una serie de medidas para atacar a quienes estamos defendiendo derechos humanos, ONG, periodistas y se hace a trav\u00e9s de diversas estrategias, una es la estigmatizaci\u00f3n, de acuerdo con Barreto.<\/p>\n<p style=\"text-align: justify\">\n<\/div>\n<\/div>\n<\/div>\n<\/div>\n<\/div>\n<\/div>\n<p>&nbsp;<\/p>\n","protected":false},"excerpt":{"rendered":"<p>NOTI-AMERICA|VENEZUELA En Venezuela se est\u00e1 oyendo constantemente un t\u00e9rmino que para la ciudadan\u00eda es un tanto desconocido, ya sea por falta de explicaci\u00f3n, o simplemente porque no tiene una verdadera identificaci\u00f3n con el gentilicio&#46;&#46;&#46;<\/p>\n","protected":false},"author":11,"featured_media":40222,"comment_status":"open","ping_status":"open","sticky":false,"template":"","format":"standard","meta":{"_acf_changed":false,"om_disable_all_campaigns":false,"rop_custom_images_group":[],"rop_custom_messages_group":[],"rop_publish_now":"initial","rop_publish_now_accounts":{"twitter_242054905_242054905":""},"rop_publish_now_history":[],"rop_publish_now_status":"pending","_uf_show_specific_survey":0,"_uf_disable_surveys":false,"footnotes":""},"categories":[3,156],"tags":[],"class_list":["post-40213","post","type-post","status-publish","format-standard","has-post-thumbnail","hentry","category-politica","category-venezuela"],"acf":[],"aioseo_notices":[],"yoast_head":"<!-- This site is optimized with the Yoast SEO Premium plugin v24.9 (Yoast SEO v27.2) - https:\/\/yoast.com\/product\/yoast-seo-premium-wordpress\/ -->\n<title>Los venezolanos se pueden definir como fascistas - Venezuela | Noti-America.com<\/title>\n<meta name=\"robots\" content=\"index, follow, max-snippet:-1, max-image-preview:large, max-video-preview:-1\" \/>\n<link rel=\"canonical\" href=\"https:\/\/noti-america.com\/site\/venezuela\/2024\/08\/14\/los-venezolanos-se-pueden-definir-como-fascistas\/\" \/>\n<meta property=\"og:locale\" content=\"es_ES\" \/>\n<meta property=\"og:type\" content=\"article\" \/>\n<meta property=\"og:title\" content=\"Los venezolanos se pueden definir como fascistas\" \/>\n<meta property=\"og:description\" content=\"NOTI-AMERICA|VENEZUELA En Venezuela se est\u00e1 oyendo constantemente un t\u00e9rmino que para la ciudadan\u00eda es un tanto desconocido, ya sea por falta de explicaci\u00f3n, o simplemente porque no tiene una verdadera identificaci\u00f3n con el gentilicio&#046;&#046;&#046;\" \/>\n<meta property=\"og:url\" content=\"https:\/\/noti-america.com\/site\/venezuela\/2024\/08\/14\/los-venezolanos-se-pueden-definir-como-fascistas\/\" \/>\n<meta property=\"og:site_name\" content=\"Venezuela | Noti-America.com\" \/>\n<meta property=\"article:published_time\" content=\"2024-08-14T03:17:23+00:00\" \/>\n<meta property=\"article:modified_time\" content=\"2024-08-14T03:49:14+00:00\" \/>\n<meta property=\"og:image\" content=\"https:\/\/noti-america.com\/site\/venezuela\/wp-content\/uploads\/sites\/2\/2024\/08\/FASCISMO-NAZI.jpg\" \/>\n\t<meta property=\"og:image:width\" content=\"800\" \/>\n\t<meta property=\"og:image:height\" content=\"401\" \/>\n\t<meta property=\"og:image:type\" content=\"image\/jpeg\" \/>\n<meta name=\"author\" content=\"Yliana Duque\" \/>\n<meta name=\"twitter:card\" content=\"summary_large_image\" \/>\n<meta name=\"twitter:creator\" content=\"@ylianaduque\" \/>\n<meta name=\"twitter:label1\" content=\"Escrito por\" \/>\n\t<meta name=\"twitter:data1\" content=\"Yliana Duque\" \/>\n\t<meta name=\"twitter:label2\" content=\"Tiempo estimado de lectura\" \/>\n\t<meta name=\"twitter:data2\" content=\"9 minutos\" \/>\n<script type=\"application\/ld+json\" class=\"yoast-schema-graph\">{\"@context\":\"https:\/\/schema.org\",\"@graph\":[{\"@type\":\"Article\",\"@id\":\"https:\/\/noti-america.com\/site\/venezuela\/2024\/08\/14\/los-venezolanos-se-pueden-definir-como-fascistas\/#article\",\"isPartOf\":{\"@id\":\"https:\/\/noti-america.com\/site\/venezuela\/2024\/08\/14\/los-venezolanos-se-pueden-definir-como-fascistas\/\"},\"author\":{\"name\":\"Yliana Duque\",\"@id\":\"https:\/\/noti-america.com\/site\/venezuela\/#\/schema\/person\/a166d9d45f249dbd09521fbc2e7342d8\"},\"headline\":\"Los venezolanos se pueden definir como fascistas\",\"datePublished\":\"2024-08-14T03:17:23+00:00\",\"dateModified\":\"2024-08-14T03:49:14+00:00\",\"mainEntityOfPage\":{\"@id\":\"https:\/\/noti-america.com\/site\/venezuela\/2024\/08\/14\/los-venezolanos-se-pueden-definir-como-fascistas\/\"},\"wordCount\":1987,\"commentCount\":0,\"publisher\":{\"@id\":\"https:\/\/noti-america.com\/site\/venezuela\/#organization\"},\"image\":{\"@id\":\"https:\/\/noti-america.com\/site\/venezuela\/2024\/08\/14\/los-venezolanos-se-pueden-definir-como-fascistas\/#primaryimage\"},\"thumbnailUrl\":\"https:\/\/noti-america.com\/site\/venezuela\/wp-content\/uploads\/sites\/2\/2024\/08\/FASCISMO-NAZI.jpg\",\"articleSection\":[\"Pol\u00edtica\",\"Venezuela\"],\"inLanguage\":\"es\",\"potentialAction\":[{\"@type\":\"CommentAction\",\"name\":\"Comment\",\"target\":[\"https:\/\/noti-america.com\/site\/venezuela\/2024\/08\/14\/los-venezolanos-se-pueden-definir-como-fascistas\/#respond\"]}]},{\"@type\":\"WebPage\",\"@id\":\"https:\/\/noti-america.com\/site\/venezuela\/2024\/08\/14\/los-venezolanos-se-pueden-definir-como-fascistas\/\",\"url\":\"https:\/\/noti-america.com\/site\/venezuela\/2024\/08\/14\/los-venezolanos-se-pueden-definir-como-fascistas\/\",\"name\":\"Los venezolanos se pueden definir como fascistas - Venezuela | Noti-America.com\",\"isPartOf\":{\"@id\":\"https:\/\/noti-america.com\/site\/venezuela\/#website\"},\"primaryImageOfPage\":{\"@id\":\"https:\/\/noti-america.com\/site\/venezuela\/2024\/08\/14\/los-venezolanos-se-pueden-definir-como-fascistas\/#primaryimage\"},\"image\":{\"@id\":\"https:\/\/noti-america.com\/site\/venezuela\/2024\/08\/14\/los-venezolanos-se-pueden-definir-como-fascistas\/#primaryimage\"},\"thumbnailUrl\":\"https:\/\/noti-america.com\/site\/venezuela\/wp-content\/uploads\/sites\/2\/2024\/08\/FASCISMO-NAZI.jpg\",\"datePublished\":\"2024-08-14T03:17:23+00:00\",\"dateModified\":\"2024-08-14T03:49:14+00:00\",\"breadcrumb\":{\"@id\":\"https:\/\/noti-america.com\/site\/venezuela\/2024\/08\/14\/los-venezolanos-se-pueden-definir-como-fascistas\/#breadcrumb\"},\"inLanguage\":\"es\",\"potentialAction\":[{\"@type\":\"ReadAction\",\"target\":[\"https:\/\/noti-america.com\/site\/venezuela\/2024\/08\/14\/los-venezolanos-se-pueden-definir-como-fascistas\/\"]}]},{\"@type\":\"ImageObject\",\"inLanguage\":\"es\",\"@id\":\"https:\/\/noti-america.com\/site\/venezuela\/2024\/08\/14\/los-venezolanos-se-pueden-definir-como-fascistas\/#primaryimage\",\"url\":\"https:\/\/noti-america.com\/site\/venezuela\/wp-content\/uploads\/sites\/2\/2024\/08\/FASCISMO-NAZI.jpg\",\"contentUrl\":\"https:\/\/noti-america.com\/site\/venezuela\/wp-content\/uploads\/sites\/2\/2024\/08\/FASCISMO-NAZI.jpg\",\"width\":800,\"height\":401},{\"@type\":\"BreadcrumbList\",\"@id\":\"https:\/\/noti-america.com\/site\/venezuela\/2024\/08\/14\/los-venezolanos-se-pueden-definir-como-fascistas\/#breadcrumb\",\"itemListElement\":[{\"@type\":\"ListItem\",\"position\":1,\"name\":\"Portada\",\"item\":\"https:\/\/noti-america.com\/site\/venezuela\/\"},{\"@type\":\"ListItem\",\"position\":2,\"name\":\"Los venezolanos se pueden definir como fascistas\"}]},{\"@type\":\"WebSite\",\"@id\":\"https:\/\/noti-america.com\/site\/venezuela\/#website\",\"url\":\"https:\/\/noti-america.com\/site\/venezuela\/\",\"name\":\"Venezuela | Noti-America.com\",\"description\":\"\",\"publisher\":{\"@id\":\"https:\/\/noti-america.com\/site\/venezuela\/#organization\"},\"potentialAction\":[{\"@type\":\"SearchAction\",\"target\":{\"@type\":\"EntryPoint\",\"urlTemplate\":\"https:\/\/noti-america.com\/site\/venezuela\/?s={search_term_string}\"},\"query-input\":{\"@type\":\"PropertyValueSpecification\",\"valueRequired\":true,\"valueName\":\"search_term_string\"}}],\"inLanguage\":\"es\"},{\"@type\":\"Organization\",\"@id\":\"https:\/\/noti-america.com\/site\/venezuela\/#organization\",\"name\":\"Noti-America LLC | Venezuela\",\"url\":\"https:\/\/noti-america.com\/site\/venezuela\/\",\"logo\":{\"@type\":\"ImageObject\",\"inLanguage\":\"es\",\"@id\":\"https:\/\/noti-america.com\/site\/venezuela\/#\/schema\/logo\/image\/\",\"url\":\"https:\/\/noti-america.com\/site\/venezuela\/wp-content\/uploads\/sites\/2\/2020\/07\/LogoNA-4x3-1.jpg\",\"contentUrl\":\"https:\/\/noti-america.com\/site\/venezuela\/wp-content\/uploads\/sites\/2\/2020\/07\/LogoNA-4x3-1.jpg\",\"width\":1236,\"height\":1080,\"caption\":\"Noti-America LLC | Venezuela\"},\"image\":{\"@id\":\"https:\/\/noti-america.com\/site\/venezuela\/#\/schema\/logo\/image\/\"}},{\"@type\":\"Person\",\"@id\":\"https:\/\/noti-america.com\/site\/venezuela\/#\/schema\/person\/a166d9d45f249dbd09521fbc2e7342d8\",\"name\":\"Yliana Duque\",\"image\":{\"@type\":\"ImageObject\",\"inLanguage\":\"es\",\"@id\":\"https:\/\/secure.gravatar.com\/avatar\/8caf2a4035762b3be44c3a0455581febe2d5273a41ac40dacc575b8aa348fe65?s=96&d=mm&r=g\",\"url\":\"https:\/\/secure.gravatar.com\/avatar\/8caf2a4035762b3be44c3a0455581febe2d5273a41ac40dacc575b8aa348fe65?s=96&d=mm&r=g\",\"contentUrl\":\"https:\/\/secure.gravatar.com\/avatar\/8caf2a4035762b3be44c3a0455581febe2d5273a41ac40dacc575b8aa348fe65?s=96&d=mm&r=g\",\"caption\":\"Yliana Duque\"},\"description\":\"Ejercer el periodismo requiere de pasi\u00f3n y conocimiento en investigaci\u00f3n de campo. Siempre en la b\u00fasqueda de la verdad para aportar claridad y poder discernir sobre el hecho noticioso. Egresada de la Universidad de los Andes. Maestria en Relaciones Internacionales (UCV). Diplomado de Educaci\u00f3n Superior (Universidad Experimental LIbertador (UPEL), y Educaci\u00f3n superior a distancia (UFT). Estudios de Locuci\u00f3n- Actuaci\u00f3n-Publicidad y Mercadeo, Redes. Subdirectora de relaciones p\u00fablicas de la Asamablea Legislativa del Estado Sucre(1995)-Periodista de TELESOL,Telecaribe (Sucre). Jefe de Prensa de la Gobernaci\u00f3n del Estado Amazonas(1997). Periodista Comandancia General del Ej\u00e9rcito, Fuerte Tiuna (1996). Lider de Proyectos en educaci\u00f3n Superior en la Universidad Ferm\u00edn Toro (UFT) (2000). Docente Universitario UFT (2002-2007)-Docente de Educaci\u00f3n Superior a Distancia -titulado. Periodista Diario El Informador. Periodista en Apoyo A\u00e9reo de la Guardia Nacional, Aeropuerto Jacinto Lara. www.Noti-america.com (Venezuela)\",\"sameAs\":[\"https:\/\/x.com\/ylianaduque\"],\"url\":\"https:\/\/noti-america.com\/site\/venezuela\/author\/yduque\/\"}]}<\/script>\n<!-- \/ Yoast SEO Premium plugin. -->","yoast_head_json":{"title":"Los venezolanos se pueden definir como fascistas - Venezuela | Noti-America.com","robots":{"index":"index","follow":"follow","max-snippet":"max-snippet:-1","max-image-preview":"max-image-preview:large","max-video-preview":"max-video-preview:-1"},"canonical":"https:\/\/noti-america.com\/site\/venezuela\/2024\/08\/14\/los-venezolanos-se-pueden-definir-como-fascistas\/","og_locale":"es_ES","og_type":"article","og_title":"Los venezolanos se pueden definir como fascistas","og_description":"NOTI-AMERICA|VENEZUELA En Venezuela se est\u00e1 oyendo constantemente un t\u00e9rmino que para la ciudadan\u00eda es un tanto desconocido, ya sea por falta de explicaci\u00f3n, o simplemente porque no tiene una verdadera identificaci\u00f3n con el gentilicio&#46;&#46;&#46;","og_url":"https:\/\/noti-america.com\/site\/venezuela\/2024\/08\/14\/los-venezolanos-se-pueden-definir-como-fascistas\/","og_site_name":"Venezuela | Noti-America.com","article_published_time":"2024-08-14T03:17:23+00:00","article_modified_time":"2024-08-14T03:49:14+00:00","og_image":[{"width":800,"height":401,"url":"https:\/\/noti-america.com\/site\/venezuela\/wp-content\/uploads\/sites\/2\/2024\/08\/FASCISMO-NAZI.jpg","type":"image\/jpeg"}],"author":"Yliana Duque","twitter_card":"summary_large_image","twitter_creator":"@ylianaduque","twitter_misc":{"Escrito por":"Yliana Duque","Tiempo estimado de lectura":"9 minutos"},"schema":{"@context":"https:\/\/schema.org","@graph":[{"@type":"Article","@id":"https:\/\/noti-america.com\/site\/venezuela\/2024\/08\/14\/los-venezolanos-se-pueden-definir-como-fascistas\/#article","isPartOf":{"@id":"https:\/\/noti-america.com\/site\/venezuela\/2024\/08\/14\/los-venezolanos-se-pueden-definir-como-fascistas\/"},"author":{"name":"Yliana Duque","@id":"https:\/\/noti-america.com\/site\/venezuela\/#\/schema\/person\/a166d9d45f249dbd09521fbc2e7342d8"},"headline":"Los venezolanos se pueden definir como fascistas","datePublished":"2024-08-14T03:17:23+00:00","dateModified":"2024-08-14T03:49:14+00:00","mainEntityOfPage":{"@id":"https:\/\/noti-america.com\/site\/venezuela\/2024\/08\/14\/los-venezolanos-se-pueden-definir-como-fascistas\/"},"wordCount":1987,"commentCount":0,"publisher":{"@id":"https:\/\/noti-america.com\/site\/venezuela\/#organization"},"image":{"@id":"https:\/\/noti-america.com\/site\/venezuela\/2024\/08\/14\/los-venezolanos-se-pueden-definir-como-fascistas\/#primaryimage"},"thumbnailUrl":"https:\/\/noti-america.com\/site\/venezuela\/wp-content\/uploads\/sites\/2\/2024\/08\/FASCISMO-NAZI.jpg","articleSection":["Pol\u00edtica","Venezuela"],"inLanguage":"es","potentialAction":[{"@type":"CommentAction","name":"Comment","target":["https:\/\/noti-america.com\/site\/venezuela\/2024\/08\/14\/los-venezolanos-se-pueden-definir-como-fascistas\/#respond"]}]},{"@type":"WebPage","@id":"https:\/\/noti-america.com\/site\/venezuela\/2024\/08\/14\/los-venezolanos-se-pueden-definir-como-fascistas\/","url":"https:\/\/noti-america.com\/site\/venezuela\/2024\/08\/14\/los-venezolanos-se-pueden-definir-como-fascistas\/","name":"Los venezolanos se pueden definir como fascistas - Venezuela | Noti-America.com","isPartOf":{"@id":"https:\/\/noti-america.com\/site\/venezuela\/#website"},"primaryImageOfPage":{"@id":"https:\/\/noti-america.com\/site\/venezuela\/2024\/08\/14\/los-venezolanos-se-pueden-definir-como-fascistas\/#primaryimage"},"image":{"@id":"https:\/\/noti-america.com\/site\/venezuela\/2024\/08\/14\/los-venezolanos-se-pueden-definir-como-fascistas\/#primaryimage"},"thumbnailUrl":"https:\/\/noti-america.com\/site\/venezuela\/wp-content\/uploads\/sites\/2\/2024\/08\/FASCISMO-NAZI.jpg","datePublished":"2024-08-14T03:17:23+00:00","dateModified":"2024-08-14T03:49:14+00:00","breadcrumb":{"@id":"https:\/\/noti-america.com\/site\/venezuela\/2024\/08\/14\/los-venezolanos-se-pueden-definir-como-fascistas\/#breadcrumb"},"inLanguage":"es","potentialAction":[{"@type":"ReadAction","target":["https:\/\/noti-america.com\/site\/venezuela\/2024\/08\/14\/los-venezolanos-se-pueden-definir-como-fascistas\/"]}]},{"@type":"ImageObject","inLanguage":"es","@id":"https:\/\/noti-america.com\/site\/venezuela\/2024\/08\/14\/los-venezolanos-se-pueden-definir-como-fascistas\/#primaryimage","url":"https:\/\/noti-america.com\/site\/venezuela\/wp-content\/uploads\/sites\/2\/2024\/08\/FASCISMO-NAZI.jpg","contentUrl":"https:\/\/noti-america.com\/site\/venezuela\/wp-content\/uploads\/sites\/2\/2024\/08\/FASCISMO-NAZI.jpg","width":800,"height":401},{"@type":"BreadcrumbList","@id":"https:\/\/noti-america.com\/site\/venezuela\/2024\/08\/14\/los-venezolanos-se-pueden-definir-como-fascistas\/#breadcrumb","itemListElement":[{"@type":"ListItem","position":1,"name":"Portada","item":"https:\/\/noti-america.com\/site\/venezuela\/"},{"@type":"ListItem","position":2,"name":"Los venezolanos se pueden definir como fascistas"}]},{"@type":"WebSite","@id":"https:\/\/noti-america.com\/site\/venezuela\/#website","url":"https:\/\/noti-america.com\/site\/venezuela\/","name":"Venezuela | Noti-America.com","description":"","publisher":{"@id":"https:\/\/noti-america.com\/site\/venezuela\/#organization"},"potentialAction":[{"@type":"SearchAction","target":{"@type":"EntryPoint","urlTemplate":"https:\/\/noti-america.com\/site\/venezuela\/?s={search_term_string}"},"query-input":{"@type":"PropertyValueSpecification","valueRequired":true,"valueName":"search_term_string"}}],"inLanguage":"es"},{"@type":"Organization","@id":"https:\/\/noti-america.com\/site\/venezuela\/#organization","name":"Noti-America LLC | Venezuela","url":"https:\/\/noti-america.com\/site\/venezuela\/","logo":{"@type":"ImageObject","inLanguage":"es","@id":"https:\/\/noti-america.com\/site\/venezuela\/#\/schema\/logo\/image\/","url":"https:\/\/noti-america.com\/site\/venezuela\/wp-content\/uploads\/sites\/2\/2020\/07\/LogoNA-4x3-1.jpg","contentUrl":"https:\/\/noti-america.com\/site\/venezuela\/wp-content\/uploads\/sites\/2\/2020\/07\/LogoNA-4x3-1.jpg","width":1236,"height":1080,"caption":"Noti-America LLC | Venezuela"},"image":{"@id":"https:\/\/noti-america.com\/site\/venezuela\/#\/schema\/logo\/image\/"}},{"@type":"Person","@id":"https:\/\/noti-america.com\/site\/venezuela\/#\/schema\/person\/a166d9d45f249dbd09521fbc2e7342d8","name":"Yliana Duque","image":{"@type":"ImageObject","inLanguage":"es","@id":"https:\/\/secure.gravatar.com\/avatar\/8caf2a4035762b3be44c3a0455581febe2d5273a41ac40dacc575b8aa348fe65?s=96&d=mm&r=g","url":"https:\/\/secure.gravatar.com\/avatar\/8caf2a4035762b3be44c3a0455581febe2d5273a41ac40dacc575b8aa348fe65?s=96&d=mm&r=g","contentUrl":"https:\/\/secure.gravatar.com\/avatar\/8caf2a4035762b3be44c3a0455581febe2d5273a41ac40dacc575b8aa348fe65?s=96&d=mm&r=g","caption":"Yliana Duque"},"description":"Ejercer el periodismo requiere de pasi\u00f3n y conocimiento en investigaci\u00f3n de campo. Siempre en la b\u00fasqueda de la verdad para aportar claridad y poder discernir sobre el hecho noticioso. Egresada de la Universidad de los Andes. Maestria en Relaciones Internacionales (UCV). Diplomado de Educaci\u00f3n Superior (Universidad Experimental LIbertador (UPEL), y Educaci\u00f3n superior a distancia (UFT). Estudios de Locuci\u00f3n- Actuaci\u00f3n-Publicidad y Mercadeo, Redes. Subdirectora de relaciones p\u00fablicas de la Asamablea Legislativa del Estado Sucre(1995)-Periodista de TELESOL,Telecaribe (Sucre). Jefe de Prensa de la Gobernaci\u00f3n del Estado Amazonas(1997). Periodista Comandancia General del Ej\u00e9rcito, Fuerte Tiuna (1996). Lider de Proyectos en educaci\u00f3n Superior en la Universidad Ferm\u00edn Toro (UFT) (2000). Docente Universitario UFT (2002-2007)-Docente de Educaci\u00f3n Superior a Distancia -titulado. Periodista Diario El Informador. Periodista en Apoyo A\u00e9reo de la Guardia Nacional, Aeropuerto Jacinto Lara. www.Noti-america.com (Venezuela)","sameAs":["https:\/\/x.com\/ylianaduque"],"url":"https:\/\/noti-america.com\/site\/venezuela\/author\/yduque\/"}]}},"_links":{"self":[{"href":"https:\/\/noti-america.com\/site\/venezuela\/wp-json\/wp\/v2\/posts\/40213","targetHints":{"allow":["GET"]}}],"collection":[{"href":"https:\/\/noti-america.com\/site\/venezuela\/wp-json\/wp\/v2\/posts"}],"about":[{"href":"https:\/\/noti-america.com\/site\/venezuela\/wp-json\/wp\/v2\/types\/post"}],"author":[{"embeddable":true,"href":"https:\/\/noti-america.com\/site\/venezuela\/wp-json\/wp\/v2\/users\/11"}],"replies":[{"embeddable":true,"href":"https:\/\/noti-america.com\/site\/venezuela\/wp-json\/wp\/v2\/comments?post=40213"}],"version-history":[{"count":2,"href":"https:\/\/noti-america.com\/site\/venezuela\/wp-json\/wp\/v2\/posts\/40213\/revisions"}],"predecessor-version":[{"id":40224,"href":"https:\/\/noti-america.com\/site\/venezuela\/wp-json\/wp\/v2\/posts\/40213\/revisions\/40224"}],"wp:featuredmedia":[{"embeddable":true,"href":"https:\/\/noti-america.com\/site\/venezuela\/wp-json\/wp\/v2\/media\/40222"}],"wp:attachment":[{"href":"https:\/\/noti-america.com\/site\/venezuela\/wp-json\/wp\/v2\/media?parent=40213"}],"wp:term":[{"taxonomy":"category","embeddable":true,"href":"https:\/\/noti-america.com\/site\/venezuela\/wp-json\/wp\/v2\/categories?post=40213"},{"taxonomy":"post_tag","embeddable":true,"href":"https:\/\/noti-america.com\/site\/venezuela\/wp-json\/wp\/v2\/tags?post=40213"}],"curies":[{"name":"wp","href":"https:\/\/api.w.org\/{rel}","templated":true}]}}