{"id":39048,"date":"2024-07-04T03:29:31","date_gmt":"2024-07-04T03:29:31","guid":{"rendered":"https:\/\/noti-america.com\/site\/venezuela\/?p=39048"},"modified":"2024-07-04T03:29:31","modified_gmt":"2024-07-04T03:29:31","slug":"gobernador-rosales-presento-el-sello-hecho-en-el-zulia-para-impulsar-la-produccion-regional","status":"publish","type":"post","link":"https:\/\/noti-america.com\/site\/venezuela\/2024\/07\/04\/gobernador-rosales-presento-el-sello-hecho-en-el-zulia-para-impulsar-la-produccion-regional\/","title":{"rendered":"Gobernador Rosales present\u00f3 el Sello \u201cHecho en el Zulia\u201d para impulsar la producci\u00f3n regional"},"content":{"rendered":"\r\n<p style=\"text-align: justify\"><img loading=\"lazy\" decoding=\"async\" class=\"size-medium wp-image-39102 aligncenter\" src=\"https:\/\/noti-america.com\/site\/venezuela\/wp-content\/uploads\/sites\/2\/2024\/07\/IMG-20240702-WA0314-300x200.jpg\" alt=\"\" width=\"300\" height=\"200\" srcset=\"https:\/\/noti-america.com\/site\/venezuela\/wp-content\/uploads\/sites\/2\/2024\/07\/IMG-20240702-WA0314-300x200.jpg 300w, https:\/\/noti-america.com\/site\/venezuela\/wp-content\/uploads\/sites\/2\/2024\/07\/IMG-20240702-WA0314-1024x682.jpg 1024w, https:\/\/noti-america.com\/site\/venezuela\/wp-content\/uploads\/sites\/2\/2024\/07\/IMG-20240702-WA0314-768x512.jpg 768w, https:\/\/noti-america.com\/site\/venezuela\/wp-content\/uploads\/sites\/2\/2024\/07\/IMG-20240702-WA0314-1536x1024.jpg 1536w, https:\/\/noti-america.com\/site\/venezuela\/wp-content\/uploads\/sites\/2\/2024\/07\/IMG-20240702-WA0314-2048x1365.jpg 2048w, https:\/\/noti-america.com\/site\/venezuela\/wp-content\/uploads\/sites\/2\/2024\/07\/IMG-20240702-WA0314-272x182.jpg 272w\" sizes=\"auto, (max-width: 300px) 100vw, 300px\" \/><br \/><strong>El gobernador del estado, Manuel Rosales Guerrero, lider\u00f3 este martes, 2 de julio, el acto de presentaci\u00f3n del Sello \u201cHecho en el Zulia\u201d, iniciativa institucional que se origina para reconocer, distinguir y proyectar a las organizaciones empresariales que promueven, a trav\u00e9s de sus productos, los valores y costumbres que destacan a nuestra regi\u00f3n en el \u00e1mbito local, regional, nacional e internacional, exaltando la solidaridad como factor diferenciador y generador de ventajas competitivas<\/strong>.<\/p>\r\n<p style=\"text-align: justify\"><img loading=\"lazy\" decoding=\"async\" class=\"size-medium wp-image-39103 aligncenter\" src=\"https:\/\/noti-america.com\/site\/venezuela\/wp-content\/uploads\/sites\/2\/2024\/07\/IMG-20240702-WA0316-300x200.jpg\" alt=\"\" width=\"300\" height=\"200\" srcset=\"https:\/\/noti-america.com\/site\/venezuela\/wp-content\/uploads\/sites\/2\/2024\/07\/IMG-20240702-WA0316-300x200.jpg 300w, https:\/\/noti-america.com\/site\/venezuela\/wp-content\/uploads\/sites\/2\/2024\/07\/IMG-20240702-WA0316-1024x682.jpg 1024w, https:\/\/noti-america.com\/site\/venezuela\/wp-content\/uploads\/sites\/2\/2024\/07\/IMG-20240702-WA0316-768x512.jpg 768w, https:\/\/noti-america.com\/site\/venezuela\/wp-content\/uploads\/sites\/2\/2024\/07\/IMG-20240702-WA0316-1536x1024.jpg 1536w, https:\/\/noti-america.com\/site\/venezuela\/wp-content\/uploads\/sites\/2\/2024\/07\/IMG-20240702-WA0316-2048x1365.jpg 2048w, https:\/\/noti-america.com\/site\/venezuela\/wp-content\/uploads\/sites\/2\/2024\/07\/IMG-20240702-WA0316-272x182.jpg 272w\" sizes=\"auto, (max-width: 300px) 100vw, 300px\" \/><br \/>En su discurso de presentaci\u00f3n de \u201cHecho en el Zulia\u201d, el gobernador se refiri\u00f3 a los cambios vertiginosos que han redefinido por completo el panorama comercial. \u00abLa velocidad a la que se mueven las tendencias, la innovaci\u00f3n constante y la interconexi\u00f3n global son los pilares que caracterizan a nuestro entorno comercial\u00bb, destac\u00f3.<br \/><img loading=\"lazy\" decoding=\"async\" class=\"size-medium wp-image-39104 aligncenter\" src=\"https:\/\/noti-america.com\/site\/venezuela\/wp-content\/uploads\/sites\/2\/2024\/07\/IMG-20240702-WA0320-300x200.jpg\" alt=\"\" width=\"300\" height=\"200\" srcset=\"https:\/\/noti-america.com\/site\/venezuela\/wp-content\/uploads\/sites\/2\/2024\/07\/IMG-20240702-WA0320-300x200.jpg 300w, https:\/\/noti-america.com\/site\/venezuela\/wp-content\/uploads\/sites\/2\/2024\/07\/IMG-20240702-WA0320-1024x682.jpg 1024w, https:\/\/noti-america.com\/site\/venezuela\/wp-content\/uploads\/sites\/2\/2024\/07\/IMG-20240702-WA0320-768x512.jpg 768w, https:\/\/noti-america.com\/site\/venezuela\/wp-content\/uploads\/sites\/2\/2024\/07\/IMG-20240702-WA0320-1536x1024.jpg 1536w, https:\/\/noti-america.com\/site\/venezuela\/wp-content\/uploads\/sites\/2\/2024\/07\/IMG-20240702-WA0320-2048x1365.jpg 2048w, https:\/\/noti-america.com\/site\/venezuela\/wp-content\/uploads\/sites\/2\/2024\/07\/IMG-20240702-WA0320-272x182.jpg 272w\" sizes=\"auto, (max-width: 300px) 100vw, 300px\" \/><br \/><strong>La clave del \u00e9xito<\/strong><br \/><br \/>Asegur\u00f3 que la clave del \u00e9xito radica en la capacidad de adaptaci\u00f3n, la innovaci\u00f3n constante, la utilizaci\u00f3n inteligente de la tecnolog\u00eda y el mantenimiento de valores s\u00f3lidos que inspiren confianza y lealtad en los consumidores. \u00abDesde el Zulia, como gente pujante y trabajadora, reconocida hist\u00f3ricamente por su riqueza geogr\u00e1fica, sus valores en lo social y cultural, su potencial productivo, esp\u00edritu pionero emprendedor y tierra de genialidades, hemos venido a decirle a Venezuela, y al mundo, que hoy ha nacido el Sello \u201cHecho en el Zulia\u201d, para proclamar, con orgullo, que somos una tierra de excelencia\u00bb.<br \/><img loading=\"lazy\" decoding=\"async\" class=\"size-medium wp-image-39105 aligncenter\" src=\"https:\/\/noti-america.com\/site\/venezuela\/wp-content\/uploads\/sites\/2\/2024\/07\/IMG-20240702-WA0324-300x200.jpg\" alt=\"\" width=\"300\" height=\"200\" srcset=\"https:\/\/noti-america.com\/site\/venezuela\/wp-content\/uploads\/sites\/2\/2024\/07\/IMG-20240702-WA0324-300x200.jpg 300w, https:\/\/noti-america.com\/site\/venezuela\/wp-content\/uploads\/sites\/2\/2024\/07\/IMG-20240702-WA0324-1024x682.jpg 1024w, https:\/\/noti-america.com\/site\/venezuela\/wp-content\/uploads\/sites\/2\/2024\/07\/IMG-20240702-WA0324-768x512.jpg 768w, https:\/\/noti-america.com\/site\/venezuela\/wp-content\/uploads\/sites\/2\/2024\/07\/IMG-20240702-WA0324-1536x1024.jpg 1536w, https:\/\/noti-america.com\/site\/venezuela\/wp-content\/uploads\/sites\/2\/2024\/07\/IMG-20240702-WA0324-2048x1365.jpg 2048w, https:\/\/noti-america.com\/site\/venezuela\/wp-content\/uploads\/sites\/2\/2024\/07\/IMG-20240702-WA0324-272x182.jpg 272w\" sizes=\"auto, (max-width: 300px) 100vw, 300px\" \/><br \/>Resalt\u00f3 que ser\u00e1 un Sello de distinci\u00f3n para los mejores productos de la producci\u00f3n zuliana.\u00bbEse Sello simbolizar\u00e1 calidad y confiabilidad en los mercados. Pero no solo ser\u00e1 una marca de atributos de las mercanc\u00edas propias del comercio, sino tambi\u00e9n para el \u00e1rea de los servicios, porque, a la hora de la escogencia, el usuario siempre preferir\u00e1 a quienes ofrezcan garant\u00edas de altos est\u00e1ndares\u00bb.\u00a0<br \/><img loading=\"lazy\" decoding=\"async\" class=\"size-medium wp-image-39106 aligncenter\" src=\"https:\/\/noti-america.com\/site\/venezuela\/wp-content\/uploads\/sites\/2\/2024\/07\/IMG-20240702-WA0312-300x200.jpg\" alt=\"\" width=\"300\" height=\"200\" srcset=\"https:\/\/noti-america.com\/site\/venezuela\/wp-content\/uploads\/sites\/2\/2024\/07\/IMG-20240702-WA0312-300x200.jpg 300w, https:\/\/noti-america.com\/site\/venezuela\/wp-content\/uploads\/sites\/2\/2024\/07\/IMG-20240702-WA0312-1024x682.jpg 1024w, https:\/\/noti-america.com\/site\/venezuela\/wp-content\/uploads\/sites\/2\/2024\/07\/IMG-20240702-WA0312-768x512.jpg 768w, https:\/\/noti-america.com\/site\/venezuela\/wp-content\/uploads\/sites\/2\/2024\/07\/IMG-20240702-WA0312-1536x1024.jpg 1536w, https:\/\/noti-america.com\/site\/venezuela\/wp-content\/uploads\/sites\/2\/2024\/07\/IMG-20240702-WA0312-2048x1365.jpg 2048w, https:\/\/noti-america.com\/site\/venezuela\/wp-content\/uploads\/sites\/2\/2024\/07\/IMG-20240702-WA0312-272x182.jpg 272w\" sizes=\"auto, (max-width: 300px) 100vw, 300px\" \/><br \/><strong>Relanzamiento de la industria<\/strong><br \/><br \/>El gobernador Manuel Rosales Guerrero record\u00f3 que esta idea se desprendi\u00f3 de su plan maestro para la actual gesti\u00f3n de Gobierno: Zulia Productivo, as\u00ed como los hallazgos cient\u00edficos de la Universidad del Zulia. \u00abAunque ven\u00edamos de un proceso de destrucci\u00f3n, ten\u00edamos fe en que relanzar\u00edamos la industria, el sector agroalimentario y el comercio. Pens\u00e1bamos en el cacao, la miel, los camarones, el cangrejo azul, la palma aceitera, la ganader\u00eda, la agricultura, la inseminaci\u00f3n, la gastronom\u00eda, Los Olivitos, la zona del Catatumbo y su Rel\u00e1mpago, la metalmec\u00e1nica y los laboratorios farmac\u00e9uticos.\u00a0Imagin\u00e1bamos mejores d\u00edas para la producci\u00f3n de cemento y los derivados del petr\u00f3leo, que tanto prestigio le han dado a la regi\u00f3n\u00bb.<br \/><br \/>Manifest\u00f3 Rosales que, tambi\u00e9n, insiste en la Zona Franca, propuestas tejidas desde la Planicie de Maracaibo, con la Zona Industrial, el Puerto, Aeropuerto y nuestro majestuoso Lago. \u00abPues, aqu\u00ed estamos. Palabra cumplida, como dice la frase que ahora usan muchos venezolanos para definirnos luego de los acontecimientos pol\u00edticos que ya ustedes conocen\u00bb.<br \/>\u00a0<br \/><strong>Valor agregado<\/strong><br \/><br \/>Afirm\u00f3, adem\u00e1s, que el Sello \u201cHecho en el Zulia\u201dllega para proporcionar valor agregado, inspirar a las empresas, motivar a los trabajadores y promover el orgullo regionalista entre los consumidores. \u00abEn estos 25 a\u00f1os hemos visto c\u00f3mo penetran en el comercio zuliano productos importados de dudosa calidad que causan frustraciones y p\u00e9rdida de dinero en los hogares. Por eso, queremos impulsar a nuestros sectores productivos, para proclamar que lo mejor est\u00e1 aqu\u00ed y que no necesitamos importaciones. Es un Sello que trasciende lo com\u00fan, que representa la esencia y la calidad de los productos de nuestra querida regi\u00f3n. Este Sello no es solo una marca, es un emblema de orgullo, tradici\u00f3n y dedicaci\u00f3n\u00bb.<br \/><br \/>Recalc\u00f3 que la competencia es el motor de la innovaci\u00f3n. \u00abCada vez que veamos este Sello en un producto, sabremos que estamos apoyando a nuestros productores locales, a nuestras comunidades y a nuestra econom\u00eda regional. Representa una oportunidad \u00fanica, para fortalecer nuestra econom\u00eda, impulsar el desarrollo y posicionar nuestra regi\u00f3n como un referente de calidad y excelencia para Venezuela y el mundo entero\u00bb.<br \/><br \/><strong>Apoyo<\/strong><br \/><br \/>Agradeci\u00f3, adem\u00e1s, el apoyo brindado por el Fondo para la Normalizaci\u00f3n y la Certificaci\u00f3n de la Calidad (FONDONORMA) para hacer posible este Sello. \u00abSon 50 a\u00f1os de experiencia que les distingue, y nosotros valoramos con admiraci\u00f3n esa trayectoria. Sigamos apoyando y promoviendo nuestros productos locales, porque en cada Sello hay una historia, en cada producto hay un pedacito de nuestra regi\u00f3n\u00bb.<br \/><br \/><em><strong>Comit\u00e9 Evaluador del Sello \u201cHecho en el Zulia\u201d<\/strong><\/em><br \/><br \/>El Comit\u00e9 Evaluador del Sello \u201cHecho en el Zulia\u201d estar\u00e1 conformando por Mar\u00eda Rivas como coordinadora y Damiana Villalobos como su suplente. A su vez, los dem\u00e1s miembros del Comit\u00e9 Evaluador ser\u00e1n Alex Balza, Enrique Ferrer, Alessandro Nanino, Dino Cafoncelli, On\u00e9simo Prado, Gomel Sierra, Fernando Torres, Mar\u00eda del Pilar Gonz\u00e1lez, Andreina Velasco, Gustavo Ojeda, Claudio Pizuorno, N\u00e9stor Pereira, Gladys Socorro, Jeannette \u00c1lvarez, Laura Gotera y Onella Ocando.<br \/><br \/>Fuente: Nota de Prensa<\/p>\r\n","protected":false},"excerpt":{"rendered":"<p>El gobernador del estado, Manuel Rosales Guerrero, lider\u00f3 este martes, 2 de julio, el acto de presentaci\u00f3n del Sello \u201cHecho en el Zulia\u201d, iniciativa institucional que se origina para reconocer, distinguir y proyectar a&#46;&#46;&#46;<\/p>\n","protected":false},"author":40,"featured_media":39106,"comment_status":"open","ping_status":"open","sticky":false,"template":"","format":"standard","meta":{"_acf_changed":false,"om_disable_all_campaigns":false,"rop_custom_images_group":[],"rop_custom_messages_group":[],"rop_publish_now":"initial","rop_publish_now_accounts":{"twitter_242054905_242054905":""},"rop_publish_now_history":[],"rop_publish_now_status":"pending","_uf_show_specific_survey":0,"_uf_disable_surveys":false,"footnotes":""},"categories":[173,3,156],"tags":[222],"class_list":["post-39048","post","type-post","status-publish","format-standard","has-post-thumbnail","hentry","category-economia-opinion","category-politica","category-venezuela","tag-zulia"],"acf":[],"aioseo_notices":[],"yoast_head":"<!-- This site is optimized with the Yoast SEO Premium plugin v24.9 (Yoast SEO v27.2) - https:\/\/yoast.com\/product\/yoast-seo-premium-wordpress\/ -->\n<title>Gobernador Rosales present\u00f3 el Sello \u201cHecho en el Zulia\u201d para impulsar la producci\u00f3n regional - Venezuela | Noti-America.com<\/title>\n<meta name=\"robots\" content=\"index, follow, max-snippet:-1, max-image-preview:large, max-video-preview:-1\" \/>\n<link rel=\"canonical\" href=\"https:\/\/noti-america.com\/site\/venezuela\/2024\/07\/04\/gobernador-rosales-presento-el-sello-hecho-en-el-zulia-para-impulsar-la-produccion-regional\/\" \/>\n<meta property=\"og:locale\" content=\"es_ES\" \/>\n<meta property=\"og:type\" content=\"article\" \/>\n<meta property=\"og:title\" content=\"Gobernador Rosales present\u00f3 el Sello \u201cHecho en el Zulia\u201d para impulsar la producci\u00f3n regional\" \/>\n<meta property=\"og:description\" content=\"El gobernador del estado, Manuel Rosales Guerrero, lider\u00f3 este martes, 2 de julio, el acto de presentaci\u00f3n del Sello \u201cHecho en el Zulia\u201d, iniciativa institucional que se origina para reconocer, distinguir y proyectar a&#046;&#046;&#046;\" \/>\n<meta property=\"og:url\" content=\"https:\/\/noti-america.com\/site\/venezuela\/2024\/07\/04\/gobernador-rosales-presento-el-sello-hecho-en-el-zulia-para-impulsar-la-produccion-regional\/\" \/>\n<meta property=\"og:site_name\" content=\"Venezuela | Noti-America.com\" \/>\n<meta property=\"article:published_time\" content=\"2024-07-04T03:29:31+00:00\" \/>\n<meta property=\"og:image\" content=\"https:\/\/noti-america.com\/site\/venezuela\/wp-content\/uploads\/sites\/2\/2024\/07\/IMG-20240702-WA0312.jpg\" \/>\n\t<meta property=\"og:image:width\" content=\"2560\" \/>\n\t<meta property=\"og:image:height\" content=\"1706\" \/>\n\t<meta property=\"og:image:type\" content=\"image\/jpeg\" \/>\n<meta name=\"author\" content=\"Hendrick Garcia\" \/>\n<meta name=\"twitter:card\" content=\"summary_large_image\" \/>\n<meta name=\"twitter:label1\" content=\"Escrito por\" \/>\n\t<meta name=\"twitter:data1\" content=\"Hendrick Garcia\" \/>\n\t<meta name=\"twitter:label2\" content=\"Tiempo estimado de lectura\" \/>\n\t<meta name=\"twitter:data2\" content=\"5 minutos\" \/>\n<script type=\"application\/ld+json\" class=\"yoast-schema-graph\">{\"@context\":\"https:\/\/schema.org\",\"@graph\":[{\"@type\":\"Article\",\"@id\":\"https:\/\/noti-america.com\/site\/venezuela\/2024\/07\/04\/gobernador-rosales-presento-el-sello-hecho-en-el-zulia-para-impulsar-la-produccion-regional\/#article\",\"isPartOf\":{\"@id\":\"https:\/\/noti-america.com\/site\/venezuela\/2024\/07\/04\/gobernador-rosales-presento-el-sello-hecho-en-el-zulia-para-impulsar-la-produccion-regional\/\"},\"author\":{\"name\":\"Hendrick Garcia\",\"@id\":\"https:\/\/noti-america.com\/site\/venezuela\/#\/schema\/person\/2f37ed06a1cd058e8d611b3d42cce678\"},\"headline\":\"Gobernador Rosales present\u00f3 el Sello \u201cHecho en el Zulia\u201d para impulsar la producci\u00f3n regional\",\"datePublished\":\"2024-07-04T03:29:31+00:00\",\"mainEntityOfPage\":{\"@id\":\"https:\/\/noti-america.com\/site\/venezuela\/2024\/07\/04\/gobernador-rosales-presento-el-sello-hecho-en-el-zulia-para-impulsar-la-produccion-regional\/\"},\"wordCount\":851,\"commentCount\":0,\"publisher\":{\"@id\":\"https:\/\/noti-america.com\/site\/venezuela\/#organization\"},\"image\":{\"@id\":\"https:\/\/noti-america.com\/site\/venezuela\/2024\/07\/04\/gobernador-rosales-presento-el-sello-hecho-en-el-zulia-para-impulsar-la-produccion-regional\/#primaryimage\"},\"thumbnailUrl\":\"https:\/\/noti-america.com\/site\/venezuela\/wp-content\/uploads\/sites\/2\/2024\/07\/IMG-20240702-WA0312.jpg\",\"keywords\":[\"zulia\"],\"articleSection\":[\"Econom\u00eda\",\"Pol\u00edtica\",\"Venezuela\"],\"inLanguage\":\"es\",\"potentialAction\":[{\"@type\":\"CommentAction\",\"name\":\"Comment\",\"target\":[\"https:\/\/noti-america.com\/site\/venezuela\/2024\/07\/04\/gobernador-rosales-presento-el-sello-hecho-en-el-zulia-para-impulsar-la-produccion-regional\/#respond\"]}]},{\"@type\":\"WebPage\",\"@id\":\"https:\/\/noti-america.com\/site\/venezuela\/2024\/07\/04\/gobernador-rosales-presento-el-sello-hecho-en-el-zulia-para-impulsar-la-produccion-regional\/\",\"url\":\"https:\/\/noti-america.com\/site\/venezuela\/2024\/07\/04\/gobernador-rosales-presento-el-sello-hecho-en-el-zulia-para-impulsar-la-produccion-regional\/\",\"name\":\"Gobernador Rosales present\u00f3 el Sello \u201cHecho en el Zulia\u201d para impulsar la producci\u00f3n regional - Venezuela | Noti-America.com\",\"isPartOf\":{\"@id\":\"https:\/\/noti-america.com\/site\/venezuela\/#website\"},\"primaryImageOfPage\":{\"@id\":\"https:\/\/noti-america.com\/site\/venezuela\/2024\/07\/04\/gobernador-rosales-presento-el-sello-hecho-en-el-zulia-para-impulsar-la-produccion-regional\/#primaryimage\"},\"image\":{\"@id\":\"https:\/\/noti-america.com\/site\/venezuela\/2024\/07\/04\/gobernador-rosales-presento-el-sello-hecho-en-el-zulia-para-impulsar-la-produccion-regional\/#primaryimage\"},\"thumbnailUrl\":\"https:\/\/noti-america.com\/site\/venezuela\/wp-content\/uploads\/sites\/2\/2024\/07\/IMG-20240702-WA0312.jpg\",\"datePublished\":\"2024-07-04T03:29:31+00:00\",\"breadcrumb\":{\"@id\":\"https:\/\/noti-america.com\/site\/venezuela\/2024\/07\/04\/gobernador-rosales-presento-el-sello-hecho-en-el-zulia-para-impulsar-la-produccion-regional\/#breadcrumb\"},\"inLanguage\":\"es\",\"potentialAction\":[{\"@type\":\"ReadAction\",\"target\":[\"https:\/\/noti-america.com\/site\/venezuela\/2024\/07\/04\/gobernador-rosales-presento-el-sello-hecho-en-el-zulia-para-impulsar-la-produccion-regional\/\"]}]},{\"@type\":\"ImageObject\",\"inLanguage\":\"es\",\"@id\":\"https:\/\/noti-america.com\/site\/venezuela\/2024\/07\/04\/gobernador-rosales-presento-el-sello-hecho-en-el-zulia-para-impulsar-la-produccion-regional\/#primaryimage\",\"url\":\"https:\/\/noti-america.com\/site\/venezuela\/wp-content\/uploads\/sites\/2\/2024\/07\/IMG-20240702-WA0312.jpg\",\"contentUrl\":\"https:\/\/noti-america.com\/site\/venezuela\/wp-content\/uploads\/sites\/2\/2024\/07\/IMG-20240702-WA0312.jpg\",\"width\":2560,\"height\":1706},{\"@type\":\"BreadcrumbList\",\"@id\":\"https:\/\/noti-america.com\/site\/venezuela\/2024\/07\/04\/gobernador-rosales-presento-el-sello-hecho-en-el-zulia-para-impulsar-la-produccion-regional\/#breadcrumb\",\"itemListElement\":[{\"@type\":\"ListItem\",\"position\":1,\"name\":\"Portada\",\"item\":\"https:\/\/noti-america.com\/site\/venezuela\/\"},{\"@type\":\"ListItem\",\"position\":2,\"name\":\"Gobernador Rosales present\u00f3 el Sello \u201cHecho en el Zulia\u201d para impulsar la producci\u00f3n regional\"}]},{\"@type\":\"WebSite\",\"@id\":\"https:\/\/noti-america.com\/site\/venezuela\/#website\",\"url\":\"https:\/\/noti-america.com\/site\/venezuela\/\",\"name\":\"Venezuela | Noti-America.com\",\"description\":\"\",\"publisher\":{\"@id\":\"https:\/\/noti-america.com\/site\/venezuela\/#organization\"},\"potentialAction\":[{\"@type\":\"SearchAction\",\"target\":{\"@type\":\"EntryPoint\",\"urlTemplate\":\"https:\/\/noti-america.com\/site\/venezuela\/?s={search_term_string}\"},\"query-input\":{\"@type\":\"PropertyValueSpecification\",\"valueRequired\":true,\"valueName\":\"search_term_string\"}}],\"inLanguage\":\"es\"},{\"@type\":\"Organization\",\"@id\":\"https:\/\/noti-america.com\/site\/venezuela\/#organization\",\"name\":\"Noti-America LLC | Venezuela\",\"url\":\"https:\/\/noti-america.com\/site\/venezuela\/\",\"logo\":{\"@type\":\"ImageObject\",\"inLanguage\":\"es\",\"@id\":\"https:\/\/noti-america.com\/site\/venezuela\/#\/schema\/logo\/image\/\",\"url\":\"https:\/\/noti-america.com\/site\/venezuela\/wp-content\/uploads\/sites\/2\/2020\/07\/LogoNA-4x3-1.jpg\",\"contentUrl\":\"https:\/\/noti-america.com\/site\/venezuela\/wp-content\/uploads\/sites\/2\/2020\/07\/LogoNA-4x3-1.jpg\",\"width\":1236,\"height\":1080,\"caption\":\"Noti-America LLC | Venezuela\"},\"image\":{\"@id\":\"https:\/\/noti-america.com\/site\/venezuela\/#\/schema\/logo\/image\/\"}},{\"@type\":\"Person\",\"@id\":\"https:\/\/noti-america.com\/site\/venezuela\/#\/schema\/person\/2f37ed06a1cd058e8d611b3d42cce678\",\"name\":\"Hendrick Garcia\",\"image\":{\"@type\":\"ImageObject\",\"inLanguage\":\"es\",\"@id\":\"https:\/\/secure.gravatar.com\/avatar\/07f13ce868ede7f0937b7abbada276f430e4ed25cfff75dbe7f98f95ac02358c?s=96&d=mm&r=g\",\"url\":\"https:\/\/secure.gravatar.com\/avatar\/07f13ce868ede7f0937b7abbada276f430e4ed25cfff75dbe7f98f95ac02358c?s=96&d=mm&r=g\",\"contentUrl\":\"https:\/\/secure.gravatar.com\/avatar\/07f13ce868ede7f0937b7abbada276f430e4ed25cfff75dbe7f98f95ac02358c?s=96&d=mm&r=g\",\"caption\":\"Hendrick Garcia\"},\"url\":\"https:\/\/noti-america.com\/site\/venezuela\/author\/hegarcia\/\"}]}<\/script>\n<!-- \/ Yoast SEO Premium plugin. -->","yoast_head_json":{"title":"Gobernador Rosales present\u00f3 el Sello \u201cHecho en el Zulia\u201d para impulsar la producci\u00f3n regional - Venezuela | Noti-America.com","robots":{"index":"index","follow":"follow","max-snippet":"max-snippet:-1","max-image-preview":"max-image-preview:large","max-video-preview":"max-video-preview:-1"},"canonical":"https:\/\/noti-america.com\/site\/venezuela\/2024\/07\/04\/gobernador-rosales-presento-el-sello-hecho-en-el-zulia-para-impulsar-la-produccion-regional\/","og_locale":"es_ES","og_type":"article","og_title":"Gobernador Rosales present\u00f3 el Sello \u201cHecho en el Zulia\u201d para impulsar la producci\u00f3n regional","og_description":"El gobernador del estado, Manuel Rosales Guerrero, lider\u00f3 este martes, 2 de julio, el acto de presentaci\u00f3n del Sello \u201cHecho en el Zulia\u201d, iniciativa institucional que se origina para reconocer, distinguir y proyectar a&#46;&#46;&#46;","og_url":"https:\/\/noti-america.com\/site\/venezuela\/2024\/07\/04\/gobernador-rosales-presento-el-sello-hecho-en-el-zulia-para-impulsar-la-produccion-regional\/","og_site_name":"Venezuela | Noti-America.com","article_published_time":"2024-07-04T03:29:31+00:00","og_image":[{"width":2560,"height":1706,"url":"https:\/\/noti-america.com\/site\/venezuela\/wp-content\/uploads\/sites\/2\/2024\/07\/IMG-20240702-WA0312.jpg","type":"image\/jpeg"}],"author":"Hendrick Garcia","twitter_card":"summary_large_image","twitter_misc":{"Escrito por":"Hendrick Garcia","Tiempo estimado de lectura":"5 minutos"},"schema":{"@context":"https:\/\/schema.org","@graph":[{"@type":"Article","@id":"https:\/\/noti-america.com\/site\/venezuela\/2024\/07\/04\/gobernador-rosales-presento-el-sello-hecho-en-el-zulia-para-impulsar-la-produccion-regional\/#article","isPartOf":{"@id":"https:\/\/noti-america.com\/site\/venezuela\/2024\/07\/04\/gobernador-rosales-presento-el-sello-hecho-en-el-zulia-para-impulsar-la-produccion-regional\/"},"author":{"name":"Hendrick Garcia","@id":"https:\/\/noti-america.com\/site\/venezuela\/#\/schema\/person\/2f37ed06a1cd058e8d611b3d42cce678"},"headline":"Gobernador Rosales present\u00f3 el Sello \u201cHecho en el Zulia\u201d para impulsar la producci\u00f3n regional","datePublished":"2024-07-04T03:29:31+00:00","mainEntityOfPage":{"@id":"https:\/\/noti-america.com\/site\/venezuela\/2024\/07\/04\/gobernador-rosales-presento-el-sello-hecho-en-el-zulia-para-impulsar-la-produccion-regional\/"},"wordCount":851,"commentCount":0,"publisher":{"@id":"https:\/\/noti-america.com\/site\/venezuela\/#organization"},"image":{"@id":"https:\/\/noti-america.com\/site\/venezuela\/2024\/07\/04\/gobernador-rosales-presento-el-sello-hecho-en-el-zulia-para-impulsar-la-produccion-regional\/#primaryimage"},"thumbnailUrl":"https:\/\/noti-america.com\/site\/venezuela\/wp-content\/uploads\/sites\/2\/2024\/07\/IMG-20240702-WA0312.jpg","keywords":["zulia"],"articleSection":["Econom\u00eda","Pol\u00edtica","Venezuela"],"inLanguage":"es","potentialAction":[{"@type":"CommentAction","name":"Comment","target":["https:\/\/noti-america.com\/site\/venezuela\/2024\/07\/04\/gobernador-rosales-presento-el-sello-hecho-en-el-zulia-para-impulsar-la-produccion-regional\/#respond"]}]},{"@type":"WebPage","@id":"https:\/\/noti-america.com\/site\/venezuela\/2024\/07\/04\/gobernador-rosales-presento-el-sello-hecho-en-el-zulia-para-impulsar-la-produccion-regional\/","url":"https:\/\/noti-america.com\/site\/venezuela\/2024\/07\/04\/gobernador-rosales-presento-el-sello-hecho-en-el-zulia-para-impulsar-la-produccion-regional\/","name":"Gobernador Rosales present\u00f3 el Sello \u201cHecho en el Zulia\u201d para impulsar la producci\u00f3n regional - Venezuela | Noti-America.com","isPartOf":{"@id":"https:\/\/noti-america.com\/site\/venezuela\/#website"},"primaryImageOfPage":{"@id":"https:\/\/noti-america.com\/site\/venezuela\/2024\/07\/04\/gobernador-rosales-presento-el-sello-hecho-en-el-zulia-para-impulsar-la-produccion-regional\/#primaryimage"},"image":{"@id":"https:\/\/noti-america.com\/site\/venezuela\/2024\/07\/04\/gobernador-rosales-presento-el-sello-hecho-en-el-zulia-para-impulsar-la-produccion-regional\/#primaryimage"},"thumbnailUrl":"https:\/\/noti-america.com\/site\/venezuela\/wp-content\/uploads\/sites\/2\/2024\/07\/IMG-20240702-WA0312.jpg","datePublished":"2024-07-04T03:29:31+00:00","breadcrumb":{"@id":"https:\/\/noti-america.com\/site\/venezuela\/2024\/07\/04\/gobernador-rosales-presento-el-sello-hecho-en-el-zulia-para-impulsar-la-produccion-regional\/#breadcrumb"},"inLanguage":"es","potentialAction":[{"@type":"ReadAction","target":["https:\/\/noti-america.com\/site\/venezuela\/2024\/07\/04\/gobernador-rosales-presento-el-sello-hecho-en-el-zulia-para-impulsar-la-produccion-regional\/"]}]},{"@type":"ImageObject","inLanguage":"es","@id":"https:\/\/noti-america.com\/site\/venezuela\/2024\/07\/04\/gobernador-rosales-presento-el-sello-hecho-en-el-zulia-para-impulsar-la-produccion-regional\/#primaryimage","url":"https:\/\/noti-america.com\/site\/venezuela\/wp-content\/uploads\/sites\/2\/2024\/07\/IMG-20240702-WA0312.jpg","contentUrl":"https:\/\/noti-america.com\/site\/venezuela\/wp-content\/uploads\/sites\/2\/2024\/07\/IMG-20240702-WA0312.jpg","width":2560,"height":1706},{"@type":"BreadcrumbList","@id":"https:\/\/noti-america.com\/site\/venezuela\/2024\/07\/04\/gobernador-rosales-presento-el-sello-hecho-en-el-zulia-para-impulsar-la-produccion-regional\/#breadcrumb","itemListElement":[{"@type":"ListItem","position":1,"name":"Portada","item":"https:\/\/noti-america.com\/site\/venezuela\/"},{"@type":"ListItem","position":2,"name":"Gobernador Rosales present\u00f3 el Sello \u201cHecho en el Zulia\u201d para impulsar la producci\u00f3n regional"}]},{"@type":"WebSite","@id":"https:\/\/noti-america.com\/site\/venezuela\/#website","url":"https:\/\/noti-america.com\/site\/venezuela\/","name":"Venezuela | Noti-America.com","description":"","publisher":{"@id":"https:\/\/noti-america.com\/site\/venezuela\/#organization"},"potentialAction":[{"@type":"SearchAction","target":{"@type":"EntryPoint","urlTemplate":"https:\/\/noti-america.com\/site\/venezuela\/?s={search_term_string}"},"query-input":{"@type":"PropertyValueSpecification","valueRequired":true,"valueName":"search_term_string"}}],"inLanguage":"es"},{"@type":"Organization","@id":"https:\/\/noti-america.com\/site\/venezuela\/#organization","name":"Noti-America LLC | Venezuela","url":"https:\/\/noti-america.com\/site\/venezuela\/","logo":{"@type":"ImageObject","inLanguage":"es","@id":"https:\/\/noti-america.com\/site\/venezuela\/#\/schema\/logo\/image\/","url":"https:\/\/noti-america.com\/site\/venezuela\/wp-content\/uploads\/sites\/2\/2020\/07\/LogoNA-4x3-1.jpg","contentUrl":"https:\/\/noti-america.com\/site\/venezuela\/wp-content\/uploads\/sites\/2\/2020\/07\/LogoNA-4x3-1.jpg","width":1236,"height":1080,"caption":"Noti-America LLC | Venezuela"},"image":{"@id":"https:\/\/noti-america.com\/site\/venezuela\/#\/schema\/logo\/image\/"}},{"@type":"Person","@id":"https:\/\/noti-america.com\/site\/venezuela\/#\/schema\/person\/2f37ed06a1cd058e8d611b3d42cce678","name":"Hendrick Garcia","image":{"@type":"ImageObject","inLanguage":"es","@id":"https:\/\/secure.gravatar.com\/avatar\/07f13ce868ede7f0937b7abbada276f430e4ed25cfff75dbe7f98f95ac02358c?s=96&d=mm&r=g","url":"https:\/\/secure.gravatar.com\/avatar\/07f13ce868ede7f0937b7abbada276f430e4ed25cfff75dbe7f98f95ac02358c?s=96&d=mm&r=g","contentUrl":"https:\/\/secure.gravatar.com\/avatar\/07f13ce868ede7f0937b7abbada276f430e4ed25cfff75dbe7f98f95ac02358c?s=96&d=mm&r=g","caption":"Hendrick Garcia"},"url":"https:\/\/noti-america.com\/site\/venezuela\/author\/hegarcia\/"}]}},"_links":{"self":[{"href":"https:\/\/noti-america.com\/site\/venezuela\/wp-json\/wp\/v2\/posts\/39048","targetHints":{"allow":["GET"]}}],"collection":[{"href":"https:\/\/noti-america.com\/site\/venezuela\/wp-json\/wp\/v2\/posts"}],"about":[{"href":"https:\/\/noti-america.com\/site\/venezuela\/wp-json\/wp\/v2\/types\/post"}],"author":[{"embeddable":true,"href":"https:\/\/noti-america.com\/site\/venezuela\/wp-json\/wp\/v2\/users\/40"}],"replies":[{"embeddable":true,"href":"https:\/\/noti-america.com\/site\/venezuela\/wp-json\/wp\/v2\/comments?post=39048"}],"version-history":[{"count":2,"href":"https:\/\/noti-america.com\/site\/venezuela\/wp-json\/wp\/v2\/posts\/39048\/revisions"}],"predecessor-version":[{"id":39107,"href":"https:\/\/noti-america.com\/site\/venezuela\/wp-json\/wp\/v2\/posts\/39048\/revisions\/39107"}],"wp:featuredmedia":[{"embeddable":true,"href":"https:\/\/noti-america.com\/site\/venezuela\/wp-json\/wp\/v2\/media\/39106"}],"wp:attachment":[{"href":"https:\/\/noti-america.com\/site\/venezuela\/wp-json\/wp\/v2\/media?parent=39048"}],"wp:term":[{"taxonomy":"category","embeddable":true,"href":"https:\/\/noti-america.com\/site\/venezuela\/wp-json\/wp\/v2\/categories?post=39048"},{"taxonomy":"post_tag","embeddable":true,"href":"https:\/\/noti-america.com\/site\/venezuela\/wp-json\/wp\/v2\/tags?post=39048"}],"curies":[{"name":"wp","href":"https:\/\/api.w.org\/{rel}","templated":true}]}}