{"id":38527,"date":"2024-06-14T11:52:19","date_gmt":"2024-06-14T11:52:19","guid":{"rendered":"https:\/\/noti-america.com\/site\/venezuela\/?p=38527"},"modified":"2024-06-14T11:52:19","modified_gmt":"2024-06-14T11:52:19","slug":"maduro-pide-a-empresarios-subir-las-exportaciones-para-equilibrar-la-balanza-comercial-con-colombia","status":"publish","type":"post","link":"https:\/\/noti-america.com\/site\/venezuela\/2024\/06\/14\/maduro-pide-a-empresarios-subir-las-exportaciones-para-equilibrar-la-balanza-comercial-con-colombia\/","title":{"rendered":"Maduro pide a empresarios subir las exportaciones para equilibrar la balanza comercial con Colombia"},"content":{"rendered":"<p><strong>NOTI-AMERICA<\/strong> VENEZUELA<\/p>\n<p>En febrero de 2023, Venezuela y Colombia firmaron un acuerdo comercial para impulsar el restablecimiento de relaciones, que estuvieron rotas durante casi cuatro a\u00f1os y medio hasta agosto de 2022.<\/p>\n<p>El presidente de Venezuela, Nicol\u00e1s Maduro, llam\u00f3 a empresarios y a su Gobierno\u00a0<strong>a incrementar las exportaciones hacia Colombia<\/strong>, con el fin de equilibrar la balanza comercial con el pa\u00eds vecino, inclinada hasta ahora hacia las importaciones de Caracas.<\/p>\n<p>En un acto con empresarios del estado M\u00e9rida, el mandatario anunci\u00f3\u00a0<strong>el incremento de las importaciones hacia Venezuela desde Colombia en un 54% entre enero y mayo de este a\u00f1o<\/strong>, en comparaci\u00f3n con el mismo periodo de 2023.<\/p>\n<p>Asimismo,\u00a0<strong>las exportaciones hacia el pa\u00eds andino crecieron en un 16%<\/strong>, un resultado que consider\u00f3 insuficiente, por lo que llam\u00f3 a trabajar m\u00e1s.<\/p>\n<p>\u00ab<strong>Deber\u00eda haber una balanza pareja, equilibrada, creciente<\/strong>. Si los Andes todo, en una gran zona econ\u00f3mica, con planes conjuntos, defini\u00e9ramos las fortalezas de una oferta exportadora con la calidad y los precios que podemos nosotros producir, a esta balanza le dar\u00edamos la vuelta\u00bb, consider\u00f3.<\/p>\n<p>A su juicio,\u00a0<strong>los productos venezolanos \u00abtienen m\u00e1s calidad\u00bb<\/strong>, entre los que nombr\u00f3 el yogur, el caf\u00e9, la carne, la leche, el pollo, el queso y \u00abtodo\u00bb.<\/p>\n<p>En febrero de 2023,\u00a0<strong>Venezuela y Colombia firmaron un acuerdo comercial para impulsar el restablecimiento de relaciones<\/strong>, que estuvieron rotas durante casi cuatro a\u00f1os y medio hasta agosto de 2022.<\/p>\n<p>En 2023, Venezuela gener\u00f3 758 millones de d\u00f3lares por concepto de exportaciones no petroleras.<\/p>\n","protected":false},"excerpt":{"rendered":"<p>NOTI-AMERICA VENEZUELA En febrero de 2023, Venezuela y Colombia firmaron un acuerdo comercial para impulsar el restablecimiento de relaciones, que estuvieron rotas durante casi cuatro a\u00f1os y medio hasta agosto de 2022. El presidente&#46;&#46;&#46;<\/p>\n","protected":false},"author":1,"featured_media":38528,"comment_status":"open","ping_status":"open","sticky":false,"template":"","format":"standard","meta":{"_acf_changed":false,"om_disable_all_campaigns":false,"rop_custom_images_group":[],"rop_custom_messages_group":[],"rop_publish_now":"initial","rop_publish_now_accounts":{"twitter_242054905_242054905":""},"rop_publish_now_history":[],"rop_publish_now_status":"pending","_uf_show_specific_survey":0,"_uf_disable_surveys":false,"footnotes":""},"categories":[1],"tags":[],"class_list":["post-38527","post","type-post","status-publish","format-standard","has-post-thumbnail","hentry","category-uncategorized"],"acf":[],"aioseo_notices":[],"yoast_head":"<!-- This site is optimized with the Yoast SEO Premium plugin v24.9 (Yoast SEO v27.2) - https:\/\/yoast.com\/product\/yoast-seo-premium-wordpress\/ -->\n<title>Maduro pide a empresarios subir las exportaciones para equilibrar la balanza comercial con Colombia - Venezuela | Noti-America.com<\/title>\n<meta name=\"robots\" content=\"index, follow, max-snippet:-1, max-image-preview:large, max-video-preview:-1\" \/>\n<link rel=\"canonical\" href=\"https:\/\/noti-america.com\/site\/venezuela\/2024\/06\/14\/maduro-pide-a-empresarios-subir-las-exportaciones-para-equilibrar-la-balanza-comercial-con-colombia\/\" \/>\n<meta property=\"og:locale\" content=\"es_ES\" \/>\n<meta property=\"og:type\" content=\"article\" \/>\n<meta property=\"og:title\" content=\"Maduro pide a empresarios subir las exportaciones para equilibrar la balanza comercial con Colombia\" \/>\n<meta property=\"og:description\" content=\"NOTI-AMERICA VENEZUELA En febrero de 2023, Venezuela y Colombia firmaron un acuerdo comercial para impulsar el restablecimiento de relaciones, que estuvieron rotas durante casi cuatro a\u00f1os y medio hasta agosto de 2022. El presidente&#046;&#046;&#046;\" \/>\n<meta property=\"og:url\" content=\"https:\/\/noti-america.com\/site\/venezuela\/2024\/06\/14\/maduro-pide-a-empresarios-subir-las-exportaciones-para-equilibrar-la-balanza-comercial-con-colombia\/\" \/>\n<meta property=\"og:site_name\" content=\"Venezuela | Noti-America.com\" \/>\n<meta property=\"article:published_time\" content=\"2024-06-14T11:52:19+00:00\" \/>\n<meta property=\"og:image\" content=\"https:\/\/noti-america.com\/site\/venezuela\/wp-content\/uploads\/sites\/2\/2024\/06\/tsize_600x400_5b6b3bc5e9180f07758b4567-e1691704461322.jpg\" \/>\n\t<meta property=\"og:image:width\" content=\"600\" \/>\n\t<meta property=\"og:image:height\" content=\"338\" \/>\n\t<meta property=\"og:image:type\" content=\"image\/jpeg\" \/>\n<meta name=\"author\" content=\"Rosmer Herrera\" \/>\n<meta name=\"twitter:card\" content=\"summary_large_image\" \/>\n<meta name=\"twitter:label1\" content=\"Escrito por\" \/>\n\t<meta name=\"twitter:data1\" content=\"Rosmer Herrera\" \/>\n\t<meta name=\"twitter:label2\" content=\"Tiempo estimado de lectura\" \/>\n\t<meta name=\"twitter:data2\" content=\"2 minutos\" \/>\n<script type=\"application\/ld+json\" class=\"yoast-schema-graph\">{\"@context\":\"https:\/\/schema.org\",\"@graph\":[{\"@type\":\"Article\",\"@id\":\"https:\/\/noti-america.com\/site\/venezuela\/2024\/06\/14\/maduro-pide-a-empresarios-subir-las-exportaciones-para-equilibrar-la-balanza-comercial-con-colombia\/#article\",\"isPartOf\":{\"@id\":\"https:\/\/noti-america.com\/site\/venezuela\/2024\/06\/14\/maduro-pide-a-empresarios-subir-las-exportaciones-para-equilibrar-la-balanza-comercial-con-colombia\/\"},\"author\":{\"name\":\"Rosmer Herrera\",\"@id\":\"https:\/\/noti-america.com\/site\/venezuela\/#\/schema\/person\/fd58dbfb92a257e9dc5761bf69a855ff\"},\"headline\":\"Maduro pide a empresarios subir las exportaciones para equilibrar la balanza comercial con Colombia\",\"datePublished\":\"2024-06-14T11:52:19+00:00\",\"mainEntityOfPage\":{\"@id\":\"https:\/\/noti-america.com\/site\/venezuela\/2024\/06\/14\/maduro-pide-a-empresarios-subir-las-exportaciones-para-equilibrar-la-balanza-comercial-con-colombia\/\"},\"wordCount\":267,\"commentCount\":0,\"publisher\":{\"@id\":\"https:\/\/noti-america.com\/site\/venezuela\/#organization\"},\"image\":{\"@id\":\"https:\/\/noti-america.com\/site\/venezuela\/2024\/06\/14\/maduro-pide-a-empresarios-subir-las-exportaciones-para-equilibrar-la-balanza-comercial-con-colombia\/#primaryimage\"},\"thumbnailUrl\":\"https:\/\/noti-america.com\/site\/venezuela\/wp-content\/uploads\/sites\/2\/2024\/06\/tsize_600x400_5b6b3bc5e9180f07758b4567-e1691704461322.jpg\",\"articleSection\":[\"Uncategorized\"],\"inLanguage\":\"es\",\"potentialAction\":[{\"@type\":\"CommentAction\",\"name\":\"Comment\",\"target\":[\"https:\/\/noti-america.com\/site\/venezuela\/2024\/06\/14\/maduro-pide-a-empresarios-subir-las-exportaciones-para-equilibrar-la-balanza-comercial-con-colombia\/#respond\"]}]},{\"@type\":\"WebPage\",\"@id\":\"https:\/\/noti-america.com\/site\/venezuela\/2024\/06\/14\/maduro-pide-a-empresarios-subir-las-exportaciones-para-equilibrar-la-balanza-comercial-con-colombia\/\",\"url\":\"https:\/\/noti-america.com\/site\/venezuela\/2024\/06\/14\/maduro-pide-a-empresarios-subir-las-exportaciones-para-equilibrar-la-balanza-comercial-con-colombia\/\",\"name\":\"Maduro pide a empresarios subir las exportaciones para equilibrar la balanza comercial con Colombia - Venezuela | Noti-America.com\",\"isPartOf\":{\"@id\":\"https:\/\/noti-america.com\/site\/venezuela\/#website\"},\"primaryImageOfPage\":{\"@id\":\"https:\/\/noti-america.com\/site\/venezuela\/2024\/06\/14\/maduro-pide-a-empresarios-subir-las-exportaciones-para-equilibrar-la-balanza-comercial-con-colombia\/#primaryimage\"},\"image\":{\"@id\":\"https:\/\/noti-america.com\/site\/venezuela\/2024\/06\/14\/maduro-pide-a-empresarios-subir-las-exportaciones-para-equilibrar-la-balanza-comercial-con-colombia\/#primaryimage\"},\"thumbnailUrl\":\"https:\/\/noti-america.com\/site\/venezuela\/wp-content\/uploads\/sites\/2\/2024\/06\/tsize_600x400_5b6b3bc5e9180f07758b4567-e1691704461322.jpg\",\"datePublished\":\"2024-06-14T11:52:19+00:00\",\"breadcrumb\":{\"@id\":\"https:\/\/noti-america.com\/site\/venezuela\/2024\/06\/14\/maduro-pide-a-empresarios-subir-las-exportaciones-para-equilibrar-la-balanza-comercial-con-colombia\/#breadcrumb\"},\"inLanguage\":\"es\",\"potentialAction\":[{\"@type\":\"ReadAction\",\"target\":[\"https:\/\/noti-america.com\/site\/venezuela\/2024\/06\/14\/maduro-pide-a-empresarios-subir-las-exportaciones-para-equilibrar-la-balanza-comercial-con-colombia\/\"]}]},{\"@type\":\"ImageObject\",\"inLanguage\":\"es\",\"@id\":\"https:\/\/noti-america.com\/site\/venezuela\/2024\/06\/14\/maduro-pide-a-empresarios-subir-las-exportaciones-para-equilibrar-la-balanza-comercial-con-colombia\/#primaryimage\",\"url\":\"https:\/\/noti-america.com\/site\/venezuela\/wp-content\/uploads\/sites\/2\/2024\/06\/tsize_600x400_5b6b3bc5e9180f07758b4567-e1691704461322.jpg\",\"contentUrl\":\"https:\/\/noti-america.com\/site\/venezuela\/wp-content\/uploads\/sites\/2\/2024\/06\/tsize_600x400_5b6b3bc5e9180f07758b4567-e1691704461322.jpg\",\"width\":600,\"height\":338},{\"@type\":\"BreadcrumbList\",\"@id\":\"https:\/\/noti-america.com\/site\/venezuela\/2024\/06\/14\/maduro-pide-a-empresarios-subir-las-exportaciones-para-equilibrar-la-balanza-comercial-con-colombia\/#breadcrumb\",\"itemListElement\":[{\"@type\":\"ListItem\",\"position\":1,\"name\":\"Portada\",\"item\":\"https:\/\/noti-america.com\/site\/venezuela\/\"},{\"@type\":\"ListItem\",\"position\":2,\"name\":\"Maduro pide a empresarios subir las exportaciones para equilibrar la balanza comercial con Colombia\"}]},{\"@type\":\"WebSite\",\"@id\":\"https:\/\/noti-america.com\/site\/venezuela\/#website\",\"url\":\"https:\/\/noti-america.com\/site\/venezuela\/\",\"name\":\"Venezuela | Noti-America.com\",\"description\":\"\",\"publisher\":{\"@id\":\"https:\/\/noti-america.com\/site\/venezuela\/#organization\"},\"potentialAction\":[{\"@type\":\"SearchAction\",\"target\":{\"@type\":\"EntryPoint\",\"urlTemplate\":\"https:\/\/noti-america.com\/site\/venezuela\/?s={search_term_string}\"},\"query-input\":{\"@type\":\"PropertyValueSpecification\",\"valueRequired\":true,\"valueName\":\"search_term_string\"}}],\"inLanguage\":\"es\"},{\"@type\":\"Organization\",\"@id\":\"https:\/\/noti-america.com\/site\/venezuela\/#organization\",\"name\":\"Noti-America LLC | Venezuela\",\"url\":\"https:\/\/noti-america.com\/site\/venezuela\/\",\"logo\":{\"@type\":\"ImageObject\",\"inLanguage\":\"es\",\"@id\":\"https:\/\/noti-america.com\/site\/venezuela\/#\/schema\/logo\/image\/\",\"url\":\"https:\/\/noti-america.com\/site\/venezuela\/wp-content\/uploads\/sites\/2\/2020\/07\/LogoNA-4x3-1.jpg\",\"contentUrl\":\"https:\/\/noti-america.com\/site\/venezuela\/wp-content\/uploads\/sites\/2\/2020\/07\/LogoNA-4x3-1.jpg\",\"width\":1236,\"height\":1080,\"caption\":\"Noti-America LLC | Venezuela\"},\"image\":{\"@id\":\"https:\/\/noti-america.com\/site\/venezuela\/#\/schema\/logo\/image\/\"}},{\"@type\":\"Person\",\"@id\":\"https:\/\/noti-america.com\/site\/venezuela\/#\/schema\/person\/fd58dbfb92a257e9dc5761bf69a855ff\",\"name\":\"Rosmer Herrera\",\"image\":{\"@type\":\"ImageObject\",\"inLanguage\":\"es\",\"@id\":\"https:\/\/secure.gravatar.com\/avatar\/153e75c261394dbf20ff1a1e70ea2be9494f2b40b7fc4e7704084db13220ae08?s=96&d=mm&r=g\",\"url\":\"https:\/\/secure.gravatar.com\/avatar\/153e75c261394dbf20ff1a1e70ea2be9494f2b40b7fc4e7704084db13220ae08?s=96&d=mm&r=g\",\"contentUrl\":\"https:\/\/secure.gravatar.com\/avatar\/153e75c261394dbf20ff1a1e70ea2be9494f2b40b7fc4e7704084db13220ae08?s=96&d=mm&r=g\",\"caption\":\"Rosmer Herrera\"},\"url\":\"https:\/\/noti-america.com\/site\/venezuela\/author\/rosmer33\/\"}]}<\/script>\n<!-- \/ Yoast SEO Premium plugin. -->","yoast_head_json":{"title":"Maduro pide a empresarios subir las exportaciones para equilibrar la balanza comercial con Colombia - Venezuela | Noti-America.com","robots":{"index":"index","follow":"follow","max-snippet":"max-snippet:-1","max-image-preview":"max-image-preview:large","max-video-preview":"max-video-preview:-1"},"canonical":"https:\/\/noti-america.com\/site\/venezuela\/2024\/06\/14\/maduro-pide-a-empresarios-subir-las-exportaciones-para-equilibrar-la-balanza-comercial-con-colombia\/","og_locale":"es_ES","og_type":"article","og_title":"Maduro pide a empresarios subir las exportaciones para equilibrar la balanza comercial con Colombia","og_description":"NOTI-AMERICA VENEZUELA En febrero de 2023, Venezuela y Colombia firmaron un acuerdo comercial para impulsar el restablecimiento de relaciones, que estuvieron rotas durante casi cuatro a\u00f1os y medio hasta agosto de 2022. El presidente&#46;&#46;&#46;","og_url":"https:\/\/noti-america.com\/site\/venezuela\/2024\/06\/14\/maduro-pide-a-empresarios-subir-las-exportaciones-para-equilibrar-la-balanza-comercial-con-colombia\/","og_site_name":"Venezuela | Noti-America.com","article_published_time":"2024-06-14T11:52:19+00:00","og_image":[{"width":600,"height":338,"url":"https:\/\/noti-america.com\/site\/venezuela\/wp-content\/uploads\/sites\/2\/2024\/06\/tsize_600x400_5b6b3bc5e9180f07758b4567-e1691704461322.jpg","type":"image\/jpeg"}],"author":"Rosmer Herrera","twitter_card":"summary_large_image","twitter_misc":{"Escrito por":"Rosmer Herrera","Tiempo estimado de lectura":"2 minutos"},"schema":{"@context":"https:\/\/schema.org","@graph":[{"@type":"Article","@id":"https:\/\/noti-america.com\/site\/venezuela\/2024\/06\/14\/maduro-pide-a-empresarios-subir-las-exportaciones-para-equilibrar-la-balanza-comercial-con-colombia\/#article","isPartOf":{"@id":"https:\/\/noti-america.com\/site\/venezuela\/2024\/06\/14\/maduro-pide-a-empresarios-subir-las-exportaciones-para-equilibrar-la-balanza-comercial-con-colombia\/"},"author":{"name":"Rosmer Herrera","@id":"https:\/\/noti-america.com\/site\/venezuela\/#\/schema\/person\/fd58dbfb92a257e9dc5761bf69a855ff"},"headline":"Maduro pide a empresarios subir las exportaciones para equilibrar la balanza comercial con Colombia","datePublished":"2024-06-14T11:52:19+00:00","mainEntityOfPage":{"@id":"https:\/\/noti-america.com\/site\/venezuela\/2024\/06\/14\/maduro-pide-a-empresarios-subir-las-exportaciones-para-equilibrar-la-balanza-comercial-con-colombia\/"},"wordCount":267,"commentCount":0,"publisher":{"@id":"https:\/\/noti-america.com\/site\/venezuela\/#organization"},"image":{"@id":"https:\/\/noti-america.com\/site\/venezuela\/2024\/06\/14\/maduro-pide-a-empresarios-subir-las-exportaciones-para-equilibrar-la-balanza-comercial-con-colombia\/#primaryimage"},"thumbnailUrl":"https:\/\/noti-america.com\/site\/venezuela\/wp-content\/uploads\/sites\/2\/2024\/06\/tsize_600x400_5b6b3bc5e9180f07758b4567-e1691704461322.jpg","articleSection":["Uncategorized"],"inLanguage":"es","potentialAction":[{"@type":"CommentAction","name":"Comment","target":["https:\/\/noti-america.com\/site\/venezuela\/2024\/06\/14\/maduro-pide-a-empresarios-subir-las-exportaciones-para-equilibrar-la-balanza-comercial-con-colombia\/#respond"]}]},{"@type":"WebPage","@id":"https:\/\/noti-america.com\/site\/venezuela\/2024\/06\/14\/maduro-pide-a-empresarios-subir-las-exportaciones-para-equilibrar-la-balanza-comercial-con-colombia\/","url":"https:\/\/noti-america.com\/site\/venezuela\/2024\/06\/14\/maduro-pide-a-empresarios-subir-las-exportaciones-para-equilibrar-la-balanza-comercial-con-colombia\/","name":"Maduro pide a empresarios subir las exportaciones para equilibrar la balanza comercial con Colombia - Venezuela | Noti-America.com","isPartOf":{"@id":"https:\/\/noti-america.com\/site\/venezuela\/#website"},"primaryImageOfPage":{"@id":"https:\/\/noti-america.com\/site\/venezuela\/2024\/06\/14\/maduro-pide-a-empresarios-subir-las-exportaciones-para-equilibrar-la-balanza-comercial-con-colombia\/#primaryimage"},"image":{"@id":"https:\/\/noti-america.com\/site\/venezuela\/2024\/06\/14\/maduro-pide-a-empresarios-subir-las-exportaciones-para-equilibrar-la-balanza-comercial-con-colombia\/#primaryimage"},"thumbnailUrl":"https:\/\/noti-america.com\/site\/venezuela\/wp-content\/uploads\/sites\/2\/2024\/06\/tsize_600x400_5b6b3bc5e9180f07758b4567-e1691704461322.jpg","datePublished":"2024-06-14T11:52:19+00:00","breadcrumb":{"@id":"https:\/\/noti-america.com\/site\/venezuela\/2024\/06\/14\/maduro-pide-a-empresarios-subir-las-exportaciones-para-equilibrar-la-balanza-comercial-con-colombia\/#breadcrumb"},"inLanguage":"es","potentialAction":[{"@type":"ReadAction","target":["https:\/\/noti-america.com\/site\/venezuela\/2024\/06\/14\/maduro-pide-a-empresarios-subir-las-exportaciones-para-equilibrar-la-balanza-comercial-con-colombia\/"]}]},{"@type":"ImageObject","inLanguage":"es","@id":"https:\/\/noti-america.com\/site\/venezuela\/2024\/06\/14\/maduro-pide-a-empresarios-subir-las-exportaciones-para-equilibrar-la-balanza-comercial-con-colombia\/#primaryimage","url":"https:\/\/noti-america.com\/site\/venezuela\/wp-content\/uploads\/sites\/2\/2024\/06\/tsize_600x400_5b6b3bc5e9180f07758b4567-e1691704461322.jpg","contentUrl":"https:\/\/noti-america.com\/site\/venezuela\/wp-content\/uploads\/sites\/2\/2024\/06\/tsize_600x400_5b6b3bc5e9180f07758b4567-e1691704461322.jpg","width":600,"height":338},{"@type":"BreadcrumbList","@id":"https:\/\/noti-america.com\/site\/venezuela\/2024\/06\/14\/maduro-pide-a-empresarios-subir-las-exportaciones-para-equilibrar-la-balanza-comercial-con-colombia\/#breadcrumb","itemListElement":[{"@type":"ListItem","position":1,"name":"Portada","item":"https:\/\/noti-america.com\/site\/venezuela\/"},{"@type":"ListItem","position":2,"name":"Maduro pide a empresarios subir las exportaciones para equilibrar la balanza comercial con Colombia"}]},{"@type":"WebSite","@id":"https:\/\/noti-america.com\/site\/venezuela\/#website","url":"https:\/\/noti-america.com\/site\/venezuela\/","name":"Venezuela | Noti-America.com","description":"","publisher":{"@id":"https:\/\/noti-america.com\/site\/venezuela\/#organization"},"potentialAction":[{"@type":"SearchAction","target":{"@type":"EntryPoint","urlTemplate":"https:\/\/noti-america.com\/site\/venezuela\/?s={search_term_string}"},"query-input":{"@type":"PropertyValueSpecification","valueRequired":true,"valueName":"search_term_string"}}],"inLanguage":"es"},{"@type":"Organization","@id":"https:\/\/noti-america.com\/site\/venezuela\/#organization","name":"Noti-America LLC | Venezuela","url":"https:\/\/noti-america.com\/site\/venezuela\/","logo":{"@type":"ImageObject","inLanguage":"es","@id":"https:\/\/noti-america.com\/site\/venezuela\/#\/schema\/logo\/image\/","url":"https:\/\/noti-america.com\/site\/venezuela\/wp-content\/uploads\/sites\/2\/2020\/07\/LogoNA-4x3-1.jpg","contentUrl":"https:\/\/noti-america.com\/site\/venezuela\/wp-content\/uploads\/sites\/2\/2020\/07\/LogoNA-4x3-1.jpg","width":1236,"height":1080,"caption":"Noti-America LLC | Venezuela"},"image":{"@id":"https:\/\/noti-america.com\/site\/venezuela\/#\/schema\/logo\/image\/"}},{"@type":"Person","@id":"https:\/\/noti-america.com\/site\/venezuela\/#\/schema\/person\/fd58dbfb92a257e9dc5761bf69a855ff","name":"Rosmer Herrera","image":{"@type":"ImageObject","inLanguage":"es","@id":"https:\/\/secure.gravatar.com\/avatar\/153e75c261394dbf20ff1a1e70ea2be9494f2b40b7fc4e7704084db13220ae08?s=96&d=mm&r=g","url":"https:\/\/secure.gravatar.com\/avatar\/153e75c261394dbf20ff1a1e70ea2be9494f2b40b7fc4e7704084db13220ae08?s=96&d=mm&r=g","contentUrl":"https:\/\/secure.gravatar.com\/avatar\/153e75c261394dbf20ff1a1e70ea2be9494f2b40b7fc4e7704084db13220ae08?s=96&d=mm&r=g","caption":"Rosmer Herrera"},"url":"https:\/\/noti-america.com\/site\/venezuela\/author\/rosmer33\/"}]}},"_links":{"self":[{"href":"https:\/\/noti-america.com\/site\/venezuela\/wp-json\/wp\/v2\/posts\/38527","targetHints":{"allow":["GET"]}}],"collection":[{"href":"https:\/\/noti-america.com\/site\/venezuela\/wp-json\/wp\/v2\/posts"}],"about":[{"href":"https:\/\/noti-america.com\/site\/venezuela\/wp-json\/wp\/v2\/types\/post"}],"author":[{"embeddable":true,"href":"https:\/\/noti-america.com\/site\/venezuela\/wp-json\/wp\/v2\/users\/1"}],"replies":[{"embeddable":true,"href":"https:\/\/noti-america.com\/site\/venezuela\/wp-json\/wp\/v2\/comments?post=38527"}],"version-history":[{"count":1,"href":"https:\/\/noti-america.com\/site\/venezuela\/wp-json\/wp\/v2\/posts\/38527\/revisions"}],"predecessor-version":[{"id":38529,"href":"https:\/\/noti-america.com\/site\/venezuela\/wp-json\/wp\/v2\/posts\/38527\/revisions\/38529"}],"wp:featuredmedia":[{"embeddable":true,"href":"https:\/\/noti-america.com\/site\/venezuela\/wp-json\/wp\/v2\/media\/38528"}],"wp:attachment":[{"href":"https:\/\/noti-america.com\/site\/venezuela\/wp-json\/wp\/v2\/media?parent=38527"}],"wp:term":[{"taxonomy":"category","embeddable":true,"href":"https:\/\/noti-america.com\/site\/venezuela\/wp-json\/wp\/v2\/categories?post=38527"},{"taxonomy":"post_tag","embeddable":true,"href":"https:\/\/noti-america.com\/site\/venezuela\/wp-json\/wp\/v2\/tags?post=38527"}],"curies":[{"name":"wp","href":"https:\/\/api.w.org\/{rel}","templated":true}]}}