{"id":38338,"date":"2024-06-08T00:26:14","date_gmt":"2024-06-08T00:26:14","guid":{"rendered":"https:\/\/noti-america.com\/site\/venezuela\/?p=38338"},"modified":"2024-06-08T00:32:05","modified_gmt":"2024-06-08T00:32:05","slug":"unt-lagunillas-incorporo-a-nuevos-militantes-provenientes-de-otros-partidos-y-de-sectores-independientes","status":"publish","type":"post","link":"https:\/\/noti-america.com\/site\/venezuela\/2024\/06\/08\/unt-lagunillas-incorporo-a-nuevos-militantes-provenientes-de-otros-partidos-y-de-sectores-independientes\/","title":{"rendered":"UNT-Lagunillas incorpor\u00f3 a nuevos militantes provenientes de otros partidos y de sectores independientes"},"content":{"rendered":"\r\n<p>&nbsp;<\/p>\r\n<p><img loading=\"lazy\" decoding=\"async\" class=\"size-medium wp-image-38371 aligncenter\" src=\"https:\/\/noti-america.com\/site\/venezuela\/wp-content\/uploads\/sites\/2\/2024\/06\/IMG-20240607-WA0328-300x225.jpg\" alt=\"\" width=\"300\" height=\"225\" srcset=\"https:\/\/noti-america.com\/site\/venezuela\/wp-content\/uploads\/sites\/2\/2024\/06\/IMG-20240607-WA0328-300x225.jpg 300w, https:\/\/noti-america.com\/site\/venezuela\/wp-content\/uploads\/sites\/2\/2024\/06\/IMG-20240607-WA0328-1024x768.jpg 1024w, https:\/\/noti-america.com\/site\/venezuela\/wp-content\/uploads\/sites\/2\/2024\/06\/IMG-20240607-WA0328-768x576.jpg 768w, https:\/\/noti-america.com\/site\/venezuela\/wp-content\/uploads\/sites\/2\/2024\/06\/IMG-20240607-WA0328.jpg 1280w\" sizes=\"auto, (max-width: 300px) 100vw, 300px\" \/><\/p>\r\n<p style=\"text-align: justify\"><em><strong>Fortaleciendo la unidad y reforzando la maquinaria que impulsar\u00e1 la victoria de Edmundo Gonz\u00e1lez a la presidencia de la rep\u00fablica, este viernes 7 de junio el partido Un Nuevo Tiempo dio la bienvenida a 30 nuevos militantes en el municipio Lagunillas.<\/strong><\/em><br \/><img loading=\"lazy\" decoding=\"async\" class=\"size-medium wp-image-38372 aligncenter\" src=\"https:\/\/noti-america.com\/site\/venezuela\/wp-content\/uploads\/sites\/2\/2024\/06\/IMG-20240607-WA0326-300x225.jpg\" alt=\"\" width=\"300\" height=\"225\" srcset=\"https:\/\/noti-america.com\/site\/venezuela\/wp-content\/uploads\/sites\/2\/2024\/06\/IMG-20240607-WA0326-300x225.jpg 300w, https:\/\/noti-america.com\/site\/venezuela\/wp-content\/uploads\/sites\/2\/2024\/06\/IMG-20240607-WA0326-1024x768.jpg 1024w, https:\/\/noti-america.com\/site\/venezuela\/wp-content\/uploads\/sites\/2\/2024\/06\/IMG-20240607-WA0326-768x576.jpg 768w, https:\/\/noti-america.com\/site\/venezuela\/wp-content\/uploads\/sites\/2\/2024\/06\/IMG-20240607-WA0326-1536x1152.jpg 1536w, https:\/\/noti-america.com\/site\/venezuela\/wp-content\/uploads\/sites\/2\/2024\/06\/IMG-20240607-WA0326.jpg 1600w\" sizes=\"auto, (max-width: 300px) 100vw, 300px\" \/><br \/>En la sede de la tolda azul, ubicada en la calle Miranda de Ciudad Ojeda, estuvieron presentes el l\u00edder de esta organizaci\u00f3n en la entidad Jos\u00e9 Mosquera, acompa\u00f1ado de Yuleima de Vel\u00e1squez, secretaria general, Luis Atencio, secretario de organizaci\u00f3n, Fred Jim\u00e9nez, secretario electoral; los concejales Carlosman Leal, Hiulis Rivero, Hendrik Garc\u00eda, las secretarias generales parroquiales ,as\u00ed como el resto de la directiva del partido de la casita.<br \/><img loading=\"lazy\" decoding=\"async\" class=\"size-medium wp-image-38373 aligncenter\" src=\"https:\/\/noti-america.com\/site\/venezuela\/wp-content\/uploads\/sites\/2\/2024\/06\/IMG-20240607-WA0325-300x225.jpg\" alt=\"\" width=\"300\" height=\"225\" srcset=\"https:\/\/noti-america.com\/site\/venezuela\/wp-content\/uploads\/sites\/2\/2024\/06\/IMG-20240607-WA0325-300x225.jpg 300w, https:\/\/noti-america.com\/site\/venezuela\/wp-content\/uploads\/sites\/2\/2024\/06\/IMG-20240607-WA0325-1024x768.jpg 1024w, https:\/\/noti-america.com\/site\/venezuela\/wp-content\/uploads\/sites\/2\/2024\/06\/IMG-20240607-WA0325-768x576.jpg 768w, https:\/\/noti-america.com\/site\/venezuela\/wp-content\/uploads\/sites\/2\/2024\/06\/IMG-20240607-WA0325.jpg 1280w\" sizes=\"auto, (max-width: 300px) 100vw, 300px\" \/><br \/>La directiva en pleno de UNT-Lagunillas dio la bienvenida \u00aba este grupo de nuevos compa\u00f1eros que vienen de las filas de otras organizaciones pol\u00edticas, incluso del oficialismo, sectores independientes y ven en UNT y en su l\u00edder fundador Manuel Rosales, una opci\u00f3n y una alternativa para impulsar los cambios necesarios que demandan los venezolanos\u00bb, dijo Jos\u00e9 Mosquera.<br \/><img loading=\"lazy\" decoding=\"async\" class=\"size-medium wp-image-38375 aligncenter\" src=\"https:\/\/noti-america.com\/site\/venezuela\/wp-content\/uploads\/sites\/2\/2024\/06\/IMG-20240607-WA0322-300x169.jpg\" alt=\"\" width=\"300\" height=\"169\" srcset=\"https:\/\/noti-america.com\/site\/venezuela\/wp-content\/uploads\/sites\/2\/2024\/06\/IMG-20240607-WA0322-300x169.jpg 300w, https:\/\/noti-america.com\/site\/venezuela\/wp-content\/uploads\/sites\/2\/2024\/06\/IMG-20240607-WA0322-1024x576.jpg 1024w, https:\/\/noti-america.com\/site\/venezuela\/wp-content\/uploads\/sites\/2\/2024\/06\/IMG-20240607-WA0322-768x432.jpg 768w, https:\/\/noti-america.com\/site\/venezuela\/wp-content\/uploads\/sites\/2\/2024\/06\/IMG-20240607-WA0322-1536x864.jpg 1536w, https:\/\/noti-america.com\/site\/venezuela\/wp-content\/uploads\/sites\/2\/2024\/06\/IMG-20240607-WA0322-2048x1152.jpg 2048w\" sizes=\"auto, (max-width: 300px) 100vw, 300px\" \/><br \/>Dese aqu\u00ed pregonamos la democracia social y estamos trabajando duro por el rescate de Venezuela. Tenemos claro que la \u00fanica v\u00eda para lograr esa transformaci\u00f3n es el voto y por ello estamos activos de cara al proceso eleccionario del 28 de julio, recalc\u00f3.<br \/><img loading=\"lazy\" decoding=\"async\" class=\"size-medium wp-image-38376 alignright\" src=\"https:\/\/noti-america.com\/site\/venezuela\/wp-content\/uploads\/sites\/2\/2024\/06\/IMG_20240607_113814_5-169x300.jpg\" alt=\"\" width=\"169\" height=\"300\" srcset=\"https:\/\/noti-america.com\/site\/venezuela\/wp-content\/uploads\/sites\/2\/2024\/06\/IMG_20240607_113814_5-169x300.jpg 169w, https:\/\/noti-america.com\/site\/venezuela\/wp-content\/uploads\/sites\/2\/2024\/06\/IMG_20240607_113814_5-576x1024.jpg 576w, https:\/\/noti-america.com\/site\/venezuela\/wp-content\/uploads\/sites\/2\/2024\/06\/IMG_20240607_113814_5.jpg 720w\" sizes=\"auto, (max-width: 169px) 100vw, 169px\" \/><br \/>Cabe destacar que para este s\u00e1bado 8 de junio, a partir de las 9:00 am, est\u00e1 pautada una actividad de movilizaci\u00f3n en el casco central de la ciudad, en la que estar\u00e1n presentes autoridades y militantes convocando a la gente a participar y aprovechar la oportunidad que se nos brinda de elegir a un nuevo presidente de la rep\u00fablica. \u00abUNT, como primera fuerza en el Zulia, estamos activos en todos los estados del pa\u00eds, entusiasmando a la gente y llevando un mensaje de optimismo para de una vez por todas ponerle fin a estos a\u00f1os grises y de atraso que ha enfrentado la poblaci\u00f3n\u00bb.<br \/><br \/>Fuente: Nota de Prensa<\/p>\r\n","protected":false},"excerpt":{"rendered":"<p>&nbsp; Fortaleciendo la unidad y reforzando la maquinaria que impulsar\u00e1 la victoria de Edmundo Gonz\u00e1lez a la presidencia de la rep\u00fablica, este viernes 7 de junio el partido Un Nuevo Tiempo dio la bienvenida&#46;&#46;&#46;<\/p>\n","protected":false},"author":40,"featured_media":38377,"comment_status":"open","ping_status":"open","sticky":false,"template":"","format":"standard","meta":{"_acf_changed":false,"om_disable_all_campaigns":false,"rop_custom_images_group":[],"rop_custom_messages_group":[],"rop_publish_now":"initial","rop_publish_now_accounts":{"twitter_242054905_242054905":""},"rop_publish_now_history":[],"rop_publish_now_status":"pending","_uf_show_specific_survey":0,"_uf_disable_surveys":false,"footnotes":""},"categories":[494,3,156],"tags":[221,222],"class_list":["post-38338","post","type-post","status-publish","format-standard","has-post-thumbnail","hentry","category-elecciones","category-politica","category-venezuela","tag-ciudad-ojeda","tag-zulia"],"acf":[],"aioseo_notices":[],"yoast_head":"<!-- This site is optimized with the Yoast SEO Premium plugin v24.9 (Yoast SEO v27.2) - https:\/\/yoast.com\/product\/yoast-seo-premium-wordpress\/ -->\n<title>UNT-Lagunillas incorpor\u00f3 a nuevos militantes provenientes de otros partidos y de sectores independientes - Venezuela | Noti-America.com<\/title>\n<meta name=\"robots\" content=\"index, follow, max-snippet:-1, max-image-preview:large, max-video-preview:-1\" \/>\n<link rel=\"canonical\" href=\"https:\/\/noti-america.com\/site\/venezuela\/2024\/06\/08\/unt-lagunillas-incorporo-a-nuevos-militantes-provenientes-de-otros-partidos-y-de-sectores-independientes\/\" \/>\n<meta property=\"og:locale\" content=\"es_ES\" \/>\n<meta property=\"og:type\" content=\"article\" \/>\n<meta property=\"og:title\" content=\"UNT-Lagunillas incorpor\u00f3 a nuevos militantes provenientes de otros partidos y de sectores independientes\" \/>\n<meta property=\"og:description\" content=\"&nbsp; Fortaleciendo la unidad y reforzando la maquinaria que impulsar\u00e1 la victoria de Edmundo Gonz\u00e1lez a la presidencia de la rep\u00fablica, este viernes 7 de junio el partido Un Nuevo Tiempo dio la bienvenida&#046;&#046;&#046;\" \/>\n<meta property=\"og:url\" content=\"https:\/\/noti-america.com\/site\/venezuela\/2024\/06\/08\/unt-lagunillas-incorporo-a-nuevos-militantes-provenientes-de-otros-partidos-y-de-sectores-independientes\/\" \/>\n<meta property=\"og:site_name\" content=\"Venezuela | Noti-America.com\" \/>\n<meta property=\"article:published_time\" content=\"2024-06-08T00:26:14+00:00\" \/>\n<meta property=\"article:modified_time\" content=\"2024-06-08T00:32:05+00:00\" \/>\n<meta property=\"og:image\" content=\"https:\/\/noti-america.com\/site\/venezuela\/wp-content\/uploads\/sites\/2\/2024\/06\/IMG-20240607-WA0324.jpg\" \/>\n\t<meta property=\"og:image:width\" content=\"1600\" \/>\n\t<meta property=\"og:image:height\" content=\"1200\" \/>\n\t<meta property=\"og:image:type\" content=\"image\/jpeg\" \/>\n<meta name=\"author\" content=\"Hendrick Garcia\" \/>\n<meta name=\"twitter:card\" content=\"summary_large_image\" \/>\n<meta name=\"twitter:label1\" content=\"Escrito por\" \/>\n\t<meta name=\"twitter:data1\" content=\"Hendrick Garcia\" \/>\n\t<meta name=\"twitter:label2\" content=\"Tiempo estimado de lectura\" \/>\n\t<meta name=\"twitter:data2\" content=\"3 minutos\" \/>\n<script type=\"application\/ld+json\" class=\"yoast-schema-graph\">{\"@context\":\"https:\/\/schema.org\",\"@graph\":[{\"@type\":\"Article\",\"@id\":\"https:\/\/noti-america.com\/site\/venezuela\/2024\/06\/08\/unt-lagunillas-incorporo-a-nuevos-militantes-provenientes-de-otros-partidos-y-de-sectores-independientes\/#article\",\"isPartOf\":{\"@id\":\"https:\/\/noti-america.com\/site\/venezuela\/2024\/06\/08\/unt-lagunillas-incorporo-a-nuevos-militantes-provenientes-de-otros-partidos-y-de-sectores-independientes\/\"},\"author\":{\"name\":\"Hendrick Garcia\",\"@id\":\"https:\/\/noti-america.com\/site\/venezuela\/#\/schema\/person\/2f37ed06a1cd058e8d611b3d42cce678\"},\"headline\":\"UNT-Lagunillas incorpor\u00f3 a nuevos militantes provenientes de otros partidos y de sectores independientes\",\"datePublished\":\"2024-06-08T00:26:14+00:00\",\"dateModified\":\"2024-06-08T00:32:05+00:00\",\"mainEntityOfPage\":{\"@id\":\"https:\/\/noti-america.com\/site\/venezuela\/2024\/06\/08\/unt-lagunillas-incorporo-a-nuevos-militantes-provenientes-de-otros-partidos-y-de-sectores-independientes\/\"},\"wordCount\":347,\"commentCount\":0,\"publisher\":{\"@id\":\"https:\/\/noti-america.com\/site\/venezuela\/#organization\"},\"image\":{\"@id\":\"https:\/\/noti-america.com\/site\/venezuela\/2024\/06\/08\/unt-lagunillas-incorporo-a-nuevos-militantes-provenientes-de-otros-partidos-y-de-sectores-independientes\/#primaryimage\"},\"thumbnailUrl\":\"https:\/\/noti-america.com\/site\/venezuela\/wp-content\/uploads\/sites\/2\/2024\/06\/IMG-20240607-WA0324.jpg\",\"keywords\":[\"ciudad ojeda\",\"zulia\"],\"articleSection\":[\"Elecciones\",\"Pol\u00edtica\",\"Venezuela\"],\"inLanguage\":\"es\",\"potentialAction\":[{\"@type\":\"CommentAction\",\"name\":\"Comment\",\"target\":[\"https:\/\/noti-america.com\/site\/venezuela\/2024\/06\/08\/unt-lagunillas-incorporo-a-nuevos-militantes-provenientes-de-otros-partidos-y-de-sectores-independientes\/#respond\"]}]},{\"@type\":\"WebPage\",\"@id\":\"https:\/\/noti-america.com\/site\/venezuela\/2024\/06\/08\/unt-lagunillas-incorporo-a-nuevos-militantes-provenientes-de-otros-partidos-y-de-sectores-independientes\/\",\"url\":\"https:\/\/noti-america.com\/site\/venezuela\/2024\/06\/08\/unt-lagunillas-incorporo-a-nuevos-militantes-provenientes-de-otros-partidos-y-de-sectores-independientes\/\",\"name\":\"UNT-Lagunillas incorpor\u00f3 a nuevos militantes provenientes de otros partidos y de sectores independientes - Venezuela | Noti-America.com\",\"isPartOf\":{\"@id\":\"https:\/\/noti-america.com\/site\/venezuela\/#website\"},\"primaryImageOfPage\":{\"@id\":\"https:\/\/noti-america.com\/site\/venezuela\/2024\/06\/08\/unt-lagunillas-incorporo-a-nuevos-militantes-provenientes-de-otros-partidos-y-de-sectores-independientes\/#primaryimage\"},\"image\":{\"@id\":\"https:\/\/noti-america.com\/site\/venezuela\/2024\/06\/08\/unt-lagunillas-incorporo-a-nuevos-militantes-provenientes-de-otros-partidos-y-de-sectores-independientes\/#primaryimage\"},\"thumbnailUrl\":\"https:\/\/noti-america.com\/site\/venezuela\/wp-content\/uploads\/sites\/2\/2024\/06\/IMG-20240607-WA0324.jpg\",\"datePublished\":\"2024-06-08T00:26:14+00:00\",\"dateModified\":\"2024-06-08T00:32:05+00:00\",\"breadcrumb\":{\"@id\":\"https:\/\/noti-america.com\/site\/venezuela\/2024\/06\/08\/unt-lagunillas-incorporo-a-nuevos-militantes-provenientes-de-otros-partidos-y-de-sectores-independientes\/#breadcrumb\"},\"inLanguage\":\"es\",\"potentialAction\":[{\"@type\":\"ReadAction\",\"target\":[\"https:\/\/noti-america.com\/site\/venezuela\/2024\/06\/08\/unt-lagunillas-incorporo-a-nuevos-militantes-provenientes-de-otros-partidos-y-de-sectores-independientes\/\"]}]},{\"@type\":\"ImageObject\",\"inLanguage\":\"es\",\"@id\":\"https:\/\/noti-america.com\/site\/venezuela\/2024\/06\/08\/unt-lagunillas-incorporo-a-nuevos-militantes-provenientes-de-otros-partidos-y-de-sectores-independientes\/#primaryimage\",\"url\":\"https:\/\/noti-america.com\/site\/venezuela\/wp-content\/uploads\/sites\/2\/2024\/06\/IMG-20240607-WA0324.jpg\",\"contentUrl\":\"https:\/\/noti-america.com\/site\/venezuela\/wp-content\/uploads\/sites\/2\/2024\/06\/IMG-20240607-WA0324.jpg\",\"width\":1600,\"height\":1200},{\"@type\":\"BreadcrumbList\",\"@id\":\"https:\/\/noti-america.com\/site\/venezuela\/2024\/06\/08\/unt-lagunillas-incorporo-a-nuevos-militantes-provenientes-de-otros-partidos-y-de-sectores-independientes\/#breadcrumb\",\"itemListElement\":[{\"@type\":\"ListItem\",\"position\":1,\"name\":\"Portada\",\"item\":\"https:\/\/noti-america.com\/site\/venezuela\/\"},{\"@type\":\"ListItem\",\"position\":2,\"name\":\"UNT-Lagunillas incorpor\u00f3 a nuevos militantes provenientes de otros partidos y de sectores independientes\"}]},{\"@type\":\"WebSite\",\"@id\":\"https:\/\/noti-america.com\/site\/venezuela\/#website\",\"url\":\"https:\/\/noti-america.com\/site\/venezuela\/\",\"name\":\"Venezuela | Noti-America.com\",\"description\":\"\",\"publisher\":{\"@id\":\"https:\/\/noti-america.com\/site\/venezuela\/#organization\"},\"potentialAction\":[{\"@type\":\"SearchAction\",\"target\":{\"@type\":\"EntryPoint\",\"urlTemplate\":\"https:\/\/noti-america.com\/site\/venezuela\/?s={search_term_string}\"},\"query-input\":{\"@type\":\"PropertyValueSpecification\",\"valueRequired\":true,\"valueName\":\"search_term_string\"}}],\"inLanguage\":\"es\"},{\"@type\":\"Organization\",\"@id\":\"https:\/\/noti-america.com\/site\/venezuela\/#organization\",\"name\":\"Noti-America LLC | Venezuela\",\"url\":\"https:\/\/noti-america.com\/site\/venezuela\/\",\"logo\":{\"@type\":\"ImageObject\",\"inLanguage\":\"es\",\"@id\":\"https:\/\/noti-america.com\/site\/venezuela\/#\/schema\/logo\/image\/\",\"url\":\"https:\/\/noti-america.com\/site\/venezuela\/wp-content\/uploads\/sites\/2\/2020\/07\/LogoNA-4x3-1.jpg\",\"contentUrl\":\"https:\/\/noti-america.com\/site\/venezuela\/wp-content\/uploads\/sites\/2\/2020\/07\/LogoNA-4x3-1.jpg\",\"width\":1236,\"height\":1080,\"caption\":\"Noti-America LLC | Venezuela\"},\"image\":{\"@id\":\"https:\/\/noti-america.com\/site\/venezuela\/#\/schema\/logo\/image\/\"}},{\"@type\":\"Person\",\"@id\":\"https:\/\/noti-america.com\/site\/venezuela\/#\/schema\/person\/2f37ed06a1cd058e8d611b3d42cce678\",\"name\":\"Hendrick Garcia\",\"image\":{\"@type\":\"ImageObject\",\"inLanguage\":\"es\",\"@id\":\"https:\/\/secure.gravatar.com\/avatar\/07f13ce868ede7f0937b7abbada276f430e4ed25cfff75dbe7f98f95ac02358c?s=96&d=mm&r=g\",\"url\":\"https:\/\/secure.gravatar.com\/avatar\/07f13ce868ede7f0937b7abbada276f430e4ed25cfff75dbe7f98f95ac02358c?s=96&d=mm&r=g\",\"contentUrl\":\"https:\/\/secure.gravatar.com\/avatar\/07f13ce868ede7f0937b7abbada276f430e4ed25cfff75dbe7f98f95ac02358c?s=96&d=mm&r=g\",\"caption\":\"Hendrick Garcia\"},\"url\":\"https:\/\/noti-america.com\/site\/venezuela\/author\/hegarcia\/\"}]}<\/script>\n<!-- \/ Yoast SEO Premium plugin. -->","yoast_head_json":{"title":"UNT-Lagunillas incorpor\u00f3 a nuevos militantes provenientes de otros partidos y de sectores independientes - Venezuela | Noti-America.com","robots":{"index":"index","follow":"follow","max-snippet":"max-snippet:-1","max-image-preview":"max-image-preview:large","max-video-preview":"max-video-preview:-1"},"canonical":"https:\/\/noti-america.com\/site\/venezuela\/2024\/06\/08\/unt-lagunillas-incorporo-a-nuevos-militantes-provenientes-de-otros-partidos-y-de-sectores-independientes\/","og_locale":"es_ES","og_type":"article","og_title":"UNT-Lagunillas incorpor\u00f3 a nuevos militantes provenientes de otros partidos y de sectores independientes","og_description":"&nbsp; Fortaleciendo la unidad y reforzando la maquinaria que impulsar\u00e1 la victoria de Edmundo Gonz\u00e1lez a la presidencia de la rep\u00fablica, este viernes 7 de junio el partido Un Nuevo Tiempo dio la bienvenida&#46;&#46;&#46;","og_url":"https:\/\/noti-america.com\/site\/venezuela\/2024\/06\/08\/unt-lagunillas-incorporo-a-nuevos-militantes-provenientes-de-otros-partidos-y-de-sectores-independientes\/","og_site_name":"Venezuela | Noti-America.com","article_published_time":"2024-06-08T00:26:14+00:00","article_modified_time":"2024-06-08T00:32:05+00:00","og_image":[{"width":1600,"height":1200,"url":"https:\/\/noti-america.com\/site\/venezuela\/wp-content\/uploads\/sites\/2\/2024\/06\/IMG-20240607-WA0324.jpg","type":"image\/jpeg"}],"author":"Hendrick Garcia","twitter_card":"summary_large_image","twitter_misc":{"Escrito por":"Hendrick Garcia","Tiempo estimado de lectura":"3 minutos"},"schema":{"@context":"https:\/\/schema.org","@graph":[{"@type":"Article","@id":"https:\/\/noti-america.com\/site\/venezuela\/2024\/06\/08\/unt-lagunillas-incorporo-a-nuevos-militantes-provenientes-de-otros-partidos-y-de-sectores-independientes\/#article","isPartOf":{"@id":"https:\/\/noti-america.com\/site\/venezuela\/2024\/06\/08\/unt-lagunillas-incorporo-a-nuevos-militantes-provenientes-de-otros-partidos-y-de-sectores-independientes\/"},"author":{"name":"Hendrick Garcia","@id":"https:\/\/noti-america.com\/site\/venezuela\/#\/schema\/person\/2f37ed06a1cd058e8d611b3d42cce678"},"headline":"UNT-Lagunillas incorpor\u00f3 a nuevos militantes provenientes de otros partidos y de sectores independientes","datePublished":"2024-06-08T00:26:14+00:00","dateModified":"2024-06-08T00:32:05+00:00","mainEntityOfPage":{"@id":"https:\/\/noti-america.com\/site\/venezuela\/2024\/06\/08\/unt-lagunillas-incorporo-a-nuevos-militantes-provenientes-de-otros-partidos-y-de-sectores-independientes\/"},"wordCount":347,"commentCount":0,"publisher":{"@id":"https:\/\/noti-america.com\/site\/venezuela\/#organization"},"image":{"@id":"https:\/\/noti-america.com\/site\/venezuela\/2024\/06\/08\/unt-lagunillas-incorporo-a-nuevos-militantes-provenientes-de-otros-partidos-y-de-sectores-independientes\/#primaryimage"},"thumbnailUrl":"https:\/\/noti-america.com\/site\/venezuela\/wp-content\/uploads\/sites\/2\/2024\/06\/IMG-20240607-WA0324.jpg","keywords":["ciudad ojeda","zulia"],"articleSection":["Elecciones","Pol\u00edtica","Venezuela"],"inLanguage":"es","potentialAction":[{"@type":"CommentAction","name":"Comment","target":["https:\/\/noti-america.com\/site\/venezuela\/2024\/06\/08\/unt-lagunillas-incorporo-a-nuevos-militantes-provenientes-de-otros-partidos-y-de-sectores-independientes\/#respond"]}]},{"@type":"WebPage","@id":"https:\/\/noti-america.com\/site\/venezuela\/2024\/06\/08\/unt-lagunillas-incorporo-a-nuevos-militantes-provenientes-de-otros-partidos-y-de-sectores-independientes\/","url":"https:\/\/noti-america.com\/site\/venezuela\/2024\/06\/08\/unt-lagunillas-incorporo-a-nuevos-militantes-provenientes-de-otros-partidos-y-de-sectores-independientes\/","name":"UNT-Lagunillas incorpor\u00f3 a nuevos militantes provenientes de otros partidos y de sectores independientes - Venezuela | Noti-America.com","isPartOf":{"@id":"https:\/\/noti-america.com\/site\/venezuela\/#website"},"primaryImageOfPage":{"@id":"https:\/\/noti-america.com\/site\/venezuela\/2024\/06\/08\/unt-lagunillas-incorporo-a-nuevos-militantes-provenientes-de-otros-partidos-y-de-sectores-independientes\/#primaryimage"},"image":{"@id":"https:\/\/noti-america.com\/site\/venezuela\/2024\/06\/08\/unt-lagunillas-incorporo-a-nuevos-militantes-provenientes-de-otros-partidos-y-de-sectores-independientes\/#primaryimage"},"thumbnailUrl":"https:\/\/noti-america.com\/site\/venezuela\/wp-content\/uploads\/sites\/2\/2024\/06\/IMG-20240607-WA0324.jpg","datePublished":"2024-06-08T00:26:14+00:00","dateModified":"2024-06-08T00:32:05+00:00","breadcrumb":{"@id":"https:\/\/noti-america.com\/site\/venezuela\/2024\/06\/08\/unt-lagunillas-incorporo-a-nuevos-militantes-provenientes-de-otros-partidos-y-de-sectores-independientes\/#breadcrumb"},"inLanguage":"es","potentialAction":[{"@type":"ReadAction","target":["https:\/\/noti-america.com\/site\/venezuela\/2024\/06\/08\/unt-lagunillas-incorporo-a-nuevos-militantes-provenientes-de-otros-partidos-y-de-sectores-independientes\/"]}]},{"@type":"ImageObject","inLanguage":"es","@id":"https:\/\/noti-america.com\/site\/venezuela\/2024\/06\/08\/unt-lagunillas-incorporo-a-nuevos-militantes-provenientes-de-otros-partidos-y-de-sectores-independientes\/#primaryimage","url":"https:\/\/noti-america.com\/site\/venezuela\/wp-content\/uploads\/sites\/2\/2024\/06\/IMG-20240607-WA0324.jpg","contentUrl":"https:\/\/noti-america.com\/site\/venezuela\/wp-content\/uploads\/sites\/2\/2024\/06\/IMG-20240607-WA0324.jpg","width":1600,"height":1200},{"@type":"BreadcrumbList","@id":"https:\/\/noti-america.com\/site\/venezuela\/2024\/06\/08\/unt-lagunillas-incorporo-a-nuevos-militantes-provenientes-de-otros-partidos-y-de-sectores-independientes\/#breadcrumb","itemListElement":[{"@type":"ListItem","position":1,"name":"Portada","item":"https:\/\/noti-america.com\/site\/venezuela\/"},{"@type":"ListItem","position":2,"name":"UNT-Lagunillas incorpor\u00f3 a nuevos militantes provenientes de otros partidos y de sectores independientes"}]},{"@type":"WebSite","@id":"https:\/\/noti-america.com\/site\/venezuela\/#website","url":"https:\/\/noti-america.com\/site\/venezuela\/","name":"Venezuela | Noti-America.com","description":"","publisher":{"@id":"https:\/\/noti-america.com\/site\/venezuela\/#organization"},"potentialAction":[{"@type":"SearchAction","target":{"@type":"EntryPoint","urlTemplate":"https:\/\/noti-america.com\/site\/venezuela\/?s={search_term_string}"},"query-input":{"@type":"PropertyValueSpecification","valueRequired":true,"valueName":"search_term_string"}}],"inLanguage":"es"},{"@type":"Organization","@id":"https:\/\/noti-america.com\/site\/venezuela\/#organization","name":"Noti-America LLC | Venezuela","url":"https:\/\/noti-america.com\/site\/venezuela\/","logo":{"@type":"ImageObject","inLanguage":"es","@id":"https:\/\/noti-america.com\/site\/venezuela\/#\/schema\/logo\/image\/","url":"https:\/\/noti-america.com\/site\/venezuela\/wp-content\/uploads\/sites\/2\/2020\/07\/LogoNA-4x3-1.jpg","contentUrl":"https:\/\/noti-america.com\/site\/venezuela\/wp-content\/uploads\/sites\/2\/2020\/07\/LogoNA-4x3-1.jpg","width":1236,"height":1080,"caption":"Noti-America LLC | Venezuela"},"image":{"@id":"https:\/\/noti-america.com\/site\/venezuela\/#\/schema\/logo\/image\/"}},{"@type":"Person","@id":"https:\/\/noti-america.com\/site\/venezuela\/#\/schema\/person\/2f37ed06a1cd058e8d611b3d42cce678","name":"Hendrick Garcia","image":{"@type":"ImageObject","inLanguage":"es","@id":"https:\/\/secure.gravatar.com\/avatar\/07f13ce868ede7f0937b7abbada276f430e4ed25cfff75dbe7f98f95ac02358c?s=96&d=mm&r=g","url":"https:\/\/secure.gravatar.com\/avatar\/07f13ce868ede7f0937b7abbada276f430e4ed25cfff75dbe7f98f95ac02358c?s=96&d=mm&r=g","contentUrl":"https:\/\/secure.gravatar.com\/avatar\/07f13ce868ede7f0937b7abbada276f430e4ed25cfff75dbe7f98f95ac02358c?s=96&d=mm&r=g","caption":"Hendrick Garcia"},"url":"https:\/\/noti-america.com\/site\/venezuela\/author\/hegarcia\/"}]}},"_links":{"self":[{"href":"https:\/\/noti-america.com\/site\/venezuela\/wp-json\/wp\/v2\/posts\/38338","targetHints":{"allow":["GET"]}}],"collection":[{"href":"https:\/\/noti-america.com\/site\/venezuela\/wp-json\/wp\/v2\/posts"}],"about":[{"href":"https:\/\/noti-america.com\/site\/venezuela\/wp-json\/wp\/v2\/types\/post"}],"author":[{"embeddable":true,"href":"https:\/\/noti-america.com\/site\/venezuela\/wp-json\/wp\/v2\/users\/40"}],"replies":[{"embeddable":true,"href":"https:\/\/noti-america.com\/site\/venezuela\/wp-json\/wp\/v2\/comments?post=38338"}],"version-history":[{"count":2,"href":"https:\/\/noti-america.com\/site\/venezuela\/wp-json\/wp\/v2\/posts\/38338\/revisions"}],"predecessor-version":[{"id":38378,"href":"https:\/\/noti-america.com\/site\/venezuela\/wp-json\/wp\/v2\/posts\/38338\/revisions\/38378"}],"wp:featuredmedia":[{"embeddable":true,"href":"https:\/\/noti-america.com\/site\/venezuela\/wp-json\/wp\/v2\/media\/38377"}],"wp:attachment":[{"href":"https:\/\/noti-america.com\/site\/venezuela\/wp-json\/wp\/v2\/media?parent=38338"}],"wp:term":[{"taxonomy":"category","embeddable":true,"href":"https:\/\/noti-america.com\/site\/venezuela\/wp-json\/wp\/v2\/categories?post=38338"},{"taxonomy":"post_tag","embeddable":true,"href":"https:\/\/noti-america.com\/site\/venezuela\/wp-json\/wp\/v2\/tags?post=38338"}],"curies":[{"name":"wp","href":"https:\/\/api.w.org\/{rel}","templated":true}]}}