{"id":37111,"date":"2024-05-08T00:33:07","date_gmt":"2024-05-08T00:33:07","guid":{"rendered":"https:\/\/noti-america.com\/site\/venezuela\/?p=37111"},"modified":"2024-05-08T00:33:07","modified_gmt":"2024-05-08T00:33:07","slug":"sedemaul-anuncia-nueva-jornada-de-inscripcion-y-pago-del-servicio-de-aseo-urbano-en-fabricio-ojeda","status":"publish","type":"post","link":"https:\/\/noti-america.com\/site\/venezuela\/2024\/05\/08\/sedemaul-anuncia-nueva-jornada-de-inscripcion-y-pago-del-servicio-de-aseo-urbano-en-fabricio-ojeda\/","title":{"rendered":"Sedemaul anuncia nueva jornada de inscripci\u00f3n y pago del servicio de aseo urbano en Fabricio Ojeda"},"content":{"rendered":"\r\n<p style=\"text-align: justify\"><br \/><img loading=\"lazy\" decoding=\"async\" class=\"size-medium wp-image-37169 aligncenter\" src=\"https:\/\/noti-america.com\/site\/venezuela\/wp-content\/uploads\/sites\/2\/2024\/05\/IMG-20240507-WA0168-1-300x225.jpg\" alt=\"\" width=\"300\" height=\"225\" srcset=\"https:\/\/noti-america.com\/site\/venezuela\/wp-content\/uploads\/sites\/2\/2024\/05\/IMG-20240507-WA0168-1-300x225.jpg 300w, https:\/\/noti-america.com\/site\/venezuela\/wp-content\/uploads\/sites\/2\/2024\/05\/IMG-20240507-WA0168-1-768x576.jpg 768w, https:\/\/noti-america.com\/site\/venezuela\/wp-content\/uploads\/sites\/2\/2024\/05\/IMG-20240507-WA0168-1.jpg 1008w\" sizes=\"auto, (max-width: 300px) 100vw, 300px\" \/><br \/><strong>Tras la realizaci\u00f3n, el pasado s\u00e1bado 4 de mayo, de la exitosa jornada de inscripci\u00f3n y pago del servicio de aseo urbano llevada a cabo por Sedemaul en el urbanismo Fabricio Ojeda, el ente confirma una nueva fecha para la ejecuci\u00f3n de otra jornada el pr\u00f3ximo s\u00e1bado 11 de mayo.<\/strong> <br \/><img loading=\"lazy\" decoding=\"async\" class=\"size-medium wp-image-37170 aligncenter\" src=\"https:\/\/noti-america.com\/site\/venezuela\/wp-content\/uploads\/sites\/2\/2024\/05\/IMG-20240507-WA0166-300x142.jpg\" alt=\"\" width=\"300\" height=\"142\" srcset=\"https:\/\/noti-america.com\/site\/venezuela\/wp-content\/uploads\/sites\/2\/2024\/05\/IMG-20240507-WA0166-300x142.jpg 300w, https:\/\/noti-america.com\/site\/venezuela\/wp-content\/uploads\/sites\/2\/2024\/05\/IMG-20240507-WA0166-1024x484.jpg 1024w, https:\/\/noti-america.com\/site\/venezuela\/wp-content\/uploads\/sites\/2\/2024\/05\/IMG-20240507-WA0166-768x363.jpg 768w, https:\/\/noti-america.com\/site\/venezuela\/wp-content\/uploads\/sites\/2\/2024\/05\/IMG-20240507-WA0166-520x245.jpg 520w, https:\/\/noti-america.com\/site\/venezuela\/wp-content\/uploads\/sites\/2\/2024\/05\/IMG-20240507-WA0166-720x340.jpg 720w, https:\/\/noti-america.com\/site\/venezuela\/wp-content\/uploads\/sites\/2\/2024\/05\/IMG-20240507-WA0166.jpg 1040w\" sizes=\"auto, (max-width: 300px) 100vw, 300px\" \/><br \/>\u00ab<em>El \u00e9xito de esta primera jornada es el reflejo de la satisfacci\u00f3n de los habitantes con el servicio y muchas personas quedaron a la espera de poder inscribirse, raz\u00f3n por la cual pautamos esta nueva fecha, y dar la posibilidad a todos los habitantes de esta comunidad\u00bb, afirm\u00f3 Maxi Franco, Jefe de recaudaci\u00f3n de la empresa Inversiones y Servicios CT, C.A\u00a0encargada de la prestaci\u00f3n del servicio en el municipio Lagunillas. <\/em><br \/><img loading=\"lazy\" decoding=\"async\" class=\"size-medium wp-image-37171 aligncenter\" src=\"https:\/\/noti-america.com\/site\/venezuela\/wp-content\/uploads\/sites\/2\/2024\/05\/IMG-20240507-WA0167-300x142.jpg\" alt=\"\" width=\"300\" height=\"142\" srcset=\"https:\/\/noti-america.com\/site\/venezuela\/wp-content\/uploads\/sites\/2\/2024\/05\/IMG-20240507-WA0167-300x142.jpg 300w, https:\/\/noti-america.com\/site\/venezuela\/wp-content\/uploads\/sites\/2\/2024\/05\/IMG-20240507-WA0167-1024x484.jpg 1024w, https:\/\/noti-america.com\/site\/venezuela\/wp-content\/uploads\/sites\/2\/2024\/05\/IMG-20240507-WA0167-768x363.jpg 768w, https:\/\/noti-america.com\/site\/venezuela\/wp-content\/uploads\/sites\/2\/2024\/05\/IMG-20240507-WA0167-520x245.jpg 520w, https:\/\/noti-america.com\/site\/venezuela\/wp-content\/uploads\/sites\/2\/2024\/05\/IMG-20240507-WA0167-720x340.jpg 720w, https:\/\/noti-america.com\/site\/venezuela\/wp-content\/uploads\/sites\/2\/2024\/05\/IMG-20240507-WA0167.jpg 1040w\" sizes=\"auto, (max-width: 300px) 100vw, 300px\" \/><br \/><em>En torno a este evento el gerente de operaciones de Inversiones y Servicios CT, C.A, Jim M\u00e1rquez, acot\u00f3 \u00bb cumpliendo los compromisos adquiridos por el alcalde Jos\u00e9 Mosquera, hemos prestado de manera responsable con una frecuencia semanal, todos los d\u00edas s\u00e1bado, el servicio de recolecci\u00f3n de desechos s\u00f3lidos en el urbanismo, la gente est\u00e1 satisfecha con el servicio y eso se traduce en el gran n\u00famero de inscritos\u00bb.<\/em> <br \/><img loading=\"lazy\" decoding=\"async\" class=\"size-medium wp-image-37173 aligncenter\" src=\"https:\/\/noti-america.com\/site\/venezuela\/wp-content\/uploads\/sites\/2\/2024\/05\/IMG-20240507-WA0169-300x225.jpg\" alt=\"\" width=\"300\" height=\"225\" srcset=\"https:\/\/noti-america.com\/site\/venezuela\/wp-content\/uploads\/sites\/2\/2024\/05\/IMG-20240507-WA0169-300x225.jpg 300w, https:\/\/noti-america.com\/site\/venezuela\/wp-content\/uploads\/sites\/2\/2024\/05\/IMG-20240507-WA0169-768x576.jpg 768w, https:\/\/noti-america.com\/site\/venezuela\/wp-content\/uploads\/sites\/2\/2024\/05\/IMG-20240507-WA0169.jpg 1008w\" sizes=\"auto, (max-width: 300px) 100vw, 300px\" \/><br \/>Al respecto, la directora de Sedemaul, Rosa Ang\u00e9lica Mu\u00f1oz, puntualiz\u00f3 \u00abes un hecho p\u00fablico y notorio el esfuerzo del gobierno municipal por mantener limpios todos los espacios de este complejo habitacional. Tan solo en el mes de febrero el despliegue operativo realizado logr\u00f3 recolectar m\u00e1s de 2 mil 400 toneladas de basura de las calles en esa zona\u00bb.<br \/><br \/>Mu\u00f1oz tambi\u00e9n destac\u00f3 que \u00bb Fabricio Ojeda cuenta con una cuadrilla de ornato y limpieza de espacios p\u00fablicos, cuyas acciones acompa\u00f1an a la prestaci\u00f3n regular del servicio de aseo urbano y contribuyen a mantener limpias sus calles\u00bb. <br \/><br \/>Es en el marco de todas estas acciones, llevadas a cabo por el mandatario local, Jos\u00e9 Mosquera, con el objetivo de mantener limpio el urbanismo, y en aras de fomentar la cultura de pago del servicio, se llevar\u00e1 a cabo la segunda jornada de inscripci\u00f3n y pago del aseo urbano. <br \/><br \/>Fuente: Nota de Prensa<\/p>\r\n","protected":false},"excerpt":{"rendered":"<p>Tras la realizaci\u00f3n, el pasado s\u00e1bado 4 de mayo, de la exitosa jornada de inscripci\u00f3n y pago del servicio de aseo urbano llevada a cabo por Sedemaul en el urbanismo Fabricio Ojeda, el ente&#46;&#46;&#46;<\/p>\n","protected":false},"author":40,"featured_media":37171,"comment_status":"open","ping_status":"open","sticky":false,"template":"","format":"standard","meta":{"_acf_changed":false,"om_disable_all_campaigns":false,"rop_custom_images_group":[],"rop_custom_messages_group":[],"rop_publish_now":"initial","rop_publish_now_accounts":{"twitter_242054905_242054905":""},"rop_publish_now_history":[],"rop_publish_now_status":"pending","_uf_show_specific_survey":0,"_uf_disable_surveys":false,"footnotes":""},"categories":[164,156],"tags":[1399],"class_list":["post-37111","post","type-post","status-publish","format-standard","has-post-thumbnail","hentry","category-comunidades","category-venezuela","tag-zulia-ciudad-ojeda"],"acf":[],"aioseo_notices":[],"yoast_head":"<!-- This site is optimized with the Yoast SEO Premium plugin v24.9 (Yoast SEO v27.2) - https:\/\/yoast.com\/product\/yoast-seo-premium-wordpress\/ -->\n<title>Sedemaul anuncia nueva jornada de inscripci\u00f3n y pago del servicio de aseo urbano en Fabricio Ojeda - Venezuela | Noti-America.com<\/title>\n<meta name=\"robots\" content=\"index, follow, max-snippet:-1, max-image-preview:large, max-video-preview:-1\" \/>\n<link rel=\"canonical\" href=\"https:\/\/noti-america.com\/site\/venezuela\/2024\/05\/08\/sedemaul-anuncia-nueva-jornada-de-inscripcion-y-pago-del-servicio-de-aseo-urbano-en-fabricio-ojeda\/\" \/>\n<meta property=\"og:locale\" content=\"es_ES\" \/>\n<meta property=\"og:type\" content=\"article\" \/>\n<meta property=\"og:title\" content=\"Sedemaul anuncia nueva jornada de inscripci\u00f3n y pago del servicio de aseo urbano en Fabricio Ojeda\" \/>\n<meta property=\"og:description\" content=\"Tras la realizaci\u00f3n, el pasado s\u00e1bado 4 de mayo, de la exitosa jornada de inscripci\u00f3n y pago del servicio de aseo urbano llevada a cabo por Sedemaul en el urbanismo Fabricio Ojeda, el ente&#046;&#046;&#046;\" \/>\n<meta property=\"og:url\" content=\"https:\/\/noti-america.com\/site\/venezuela\/2024\/05\/08\/sedemaul-anuncia-nueva-jornada-de-inscripcion-y-pago-del-servicio-de-aseo-urbano-en-fabricio-ojeda\/\" \/>\n<meta property=\"og:site_name\" content=\"Venezuela | Noti-America.com\" \/>\n<meta property=\"article:published_time\" content=\"2024-05-08T00:33:07+00:00\" \/>\n<meta property=\"og:image\" content=\"https:\/\/noti-america.com\/site\/venezuela\/wp-content\/uploads\/sites\/2\/2024\/05\/IMG-20240507-WA0167.jpg\" \/>\n\t<meta property=\"og:image:width\" content=\"1040\" \/>\n\t<meta property=\"og:image:height\" content=\"492\" \/>\n\t<meta property=\"og:image:type\" content=\"image\/jpeg\" \/>\n<meta name=\"author\" content=\"Hendrick Garcia\" \/>\n<meta name=\"twitter:card\" content=\"summary_large_image\" \/>\n<meta name=\"twitter:label1\" content=\"Escrito por\" \/>\n\t<meta name=\"twitter:data1\" content=\"Hendrick Garcia\" \/>\n\t<meta name=\"twitter:label2\" content=\"Tiempo estimado de lectura\" \/>\n\t<meta name=\"twitter:data2\" content=\"3 minutos\" \/>\n<script type=\"application\/ld+json\" class=\"yoast-schema-graph\">{\"@context\":\"https:\/\/schema.org\",\"@graph\":[{\"@type\":\"Article\",\"@id\":\"https:\/\/noti-america.com\/site\/venezuela\/2024\/05\/08\/sedemaul-anuncia-nueva-jornada-de-inscripcion-y-pago-del-servicio-de-aseo-urbano-en-fabricio-ojeda\/#article\",\"isPartOf\":{\"@id\":\"https:\/\/noti-america.com\/site\/venezuela\/2024\/05\/08\/sedemaul-anuncia-nueva-jornada-de-inscripcion-y-pago-del-servicio-de-aseo-urbano-en-fabricio-ojeda\/\"},\"author\":{\"name\":\"Hendrick Garcia\",\"@id\":\"https:\/\/noti-america.com\/site\/venezuela\/#\/schema\/person\/2f37ed06a1cd058e8d611b3d42cce678\"},\"headline\":\"Sedemaul anuncia nueva jornada de inscripci\u00f3n y pago del servicio de aseo urbano en Fabricio Ojeda\",\"datePublished\":\"2024-05-08T00:33:07+00:00\",\"mainEntityOfPage\":{\"@id\":\"https:\/\/noti-america.com\/site\/venezuela\/2024\/05\/08\/sedemaul-anuncia-nueva-jornada-de-inscripcion-y-pago-del-servicio-de-aseo-urbano-en-fabricio-ojeda\/\"},\"wordCount\":377,\"commentCount\":0,\"publisher\":{\"@id\":\"https:\/\/noti-america.com\/site\/venezuela\/#organization\"},\"image\":{\"@id\":\"https:\/\/noti-america.com\/site\/venezuela\/2024\/05\/08\/sedemaul-anuncia-nueva-jornada-de-inscripcion-y-pago-del-servicio-de-aseo-urbano-en-fabricio-ojeda\/#primaryimage\"},\"thumbnailUrl\":\"https:\/\/noti-america.com\/site\/venezuela\/wp-content\/uploads\/sites\/2\/2024\/05\/IMG-20240507-WA0167.jpg\",\"keywords\":[\"Zulia Ciudad Ojeda\"],\"articleSection\":[\"Comunidades\",\"Venezuela\"],\"inLanguage\":\"es\",\"potentialAction\":[{\"@type\":\"CommentAction\",\"name\":\"Comment\",\"target\":[\"https:\/\/noti-america.com\/site\/venezuela\/2024\/05\/08\/sedemaul-anuncia-nueva-jornada-de-inscripcion-y-pago-del-servicio-de-aseo-urbano-en-fabricio-ojeda\/#respond\"]}]},{\"@type\":\"WebPage\",\"@id\":\"https:\/\/noti-america.com\/site\/venezuela\/2024\/05\/08\/sedemaul-anuncia-nueva-jornada-de-inscripcion-y-pago-del-servicio-de-aseo-urbano-en-fabricio-ojeda\/\",\"url\":\"https:\/\/noti-america.com\/site\/venezuela\/2024\/05\/08\/sedemaul-anuncia-nueva-jornada-de-inscripcion-y-pago-del-servicio-de-aseo-urbano-en-fabricio-ojeda\/\",\"name\":\"Sedemaul anuncia nueva jornada de inscripci\u00f3n y pago del servicio de aseo urbano en Fabricio Ojeda - Venezuela | Noti-America.com\",\"isPartOf\":{\"@id\":\"https:\/\/noti-america.com\/site\/venezuela\/#website\"},\"primaryImageOfPage\":{\"@id\":\"https:\/\/noti-america.com\/site\/venezuela\/2024\/05\/08\/sedemaul-anuncia-nueva-jornada-de-inscripcion-y-pago-del-servicio-de-aseo-urbano-en-fabricio-ojeda\/#primaryimage\"},\"image\":{\"@id\":\"https:\/\/noti-america.com\/site\/venezuela\/2024\/05\/08\/sedemaul-anuncia-nueva-jornada-de-inscripcion-y-pago-del-servicio-de-aseo-urbano-en-fabricio-ojeda\/#primaryimage\"},\"thumbnailUrl\":\"https:\/\/noti-america.com\/site\/venezuela\/wp-content\/uploads\/sites\/2\/2024\/05\/IMG-20240507-WA0167.jpg\",\"datePublished\":\"2024-05-08T00:33:07+00:00\",\"breadcrumb\":{\"@id\":\"https:\/\/noti-america.com\/site\/venezuela\/2024\/05\/08\/sedemaul-anuncia-nueva-jornada-de-inscripcion-y-pago-del-servicio-de-aseo-urbano-en-fabricio-ojeda\/#breadcrumb\"},\"inLanguage\":\"es\",\"potentialAction\":[{\"@type\":\"ReadAction\",\"target\":[\"https:\/\/noti-america.com\/site\/venezuela\/2024\/05\/08\/sedemaul-anuncia-nueva-jornada-de-inscripcion-y-pago-del-servicio-de-aseo-urbano-en-fabricio-ojeda\/\"]}]},{\"@type\":\"ImageObject\",\"inLanguage\":\"es\",\"@id\":\"https:\/\/noti-america.com\/site\/venezuela\/2024\/05\/08\/sedemaul-anuncia-nueva-jornada-de-inscripcion-y-pago-del-servicio-de-aseo-urbano-en-fabricio-ojeda\/#primaryimage\",\"url\":\"https:\/\/noti-america.com\/site\/venezuela\/wp-content\/uploads\/sites\/2\/2024\/05\/IMG-20240507-WA0167.jpg\",\"contentUrl\":\"https:\/\/noti-america.com\/site\/venezuela\/wp-content\/uploads\/sites\/2\/2024\/05\/IMG-20240507-WA0167.jpg\",\"width\":1040,\"height\":492},{\"@type\":\"BreadcrumbList\",\"@id\":\"https:\/\/noti-america.com\/site\/venezuela\/2024\/05\/08\/sedemaul-anuncia-nueva-jornada-de-inscripcion-y-pago-del-servicio-de-aseo-urbano-en-fabricio-ojeda\/#breadcrumb\",\"itemListElement\":[{\"@type\":\"ListItem\",\"position\":1,\"name\":\"Portada\",\"item\":\"https:\/\/noti-america.com\/site\/venezuela\/\"},{\"@type\":\"ListItem\",\"position\":2,\"name\":\"Sedemaul anuncia nueva jornada de inscripci\u00f3n y pago del servicio de aseo urbano en Fabricio Ojeda\"}]},{\"@type\":\"WebSite\",\"@id\":\"https:\/\/noti-america.com\/site\/venezuela\/#website\",\"url\":\"https:\/\/noti-america.com\/site\/venezuela\/\",\"name\":\"Venezuela | Noti-America.com\",\"description\":\"\",\"publisher\":{\"@id\":\"https:\/\/noti-america.com\/site\/venezuela\/#organization\"},\"potentialAction\":[{\"@type\":\"SearchAction\",\"target\":{\"@type\":\"EntryPoint\",\"urlTemplate\":\"https:\/\/noti-america.com\/site\/venezuela\/?s={search_term_string}\"},\"query-input\":{\"@type\":\"PropertyValueSpecification\",\"valueRequired\":true,\"valueName\":\"search_term_string\"}}],\"inLanguage\":\"es\"},{\"@type\":\"Organization\",\"@id\":\"https:\/\/noti-america.com\/site\/venezuela\/#organization\",\"name\":\"Noti-America LLC | Venezuela\",\"url\":\"https:\/\/noti-america.com\/site\/venezuela\/\",\"logo\":{\"@type\":\"ImageObject\",\"inLanguage\":\"es\",\"@id\":\"https:\/\/noti-america.com\/site\/venezuela\/#\/schema\/logo\/image\/\",\"url\":\"https:\/\/noti-america.com\/site\/venezuela\/wp-content\/uploads\/sites\/2\/2020\/07\/LogoNA-4x3-1.jpg\",\"contentUrl\":\"https:\/\/noti-america.com\/site\/venezuela\/wp-content\/uploads\/sites\/2\/2020\/07\/LogoNA-4x3-1.jpg\",\"width\":1236,\"height\":1080,\"caption\":\"Noti-America LLC | Venezuela\"},\"image\":{\"@id\":\"https:\/\/noti-america.com\/site\/venezuela\/#\/schema\/logo\/image\/\"}},{\"@type\":\"Person\",\"@id\":\"https:\/\/noti-america.com\/site\/venezuela\/#\/schema\/person\/2f37ed06a1cd058e8d611b3d42cce678\",\"name\":\"Hendrick Garcia\",\"image\":{\"@type\":\"ImageObject\",\"inLanguage\":\"es\",\"@id\":\"https:\/\/secure.gravatar.com\/avatar\/07f13ce868ede7f0937b7abbada276f430e4ed25cfff75dbe7f98f95ac02358c?s=96&d=mm&r=g\",\"url\":\"https:\/\/secure.gravatar.com\/avatar\/07f13ce868ede7f0937b7abbada276f430e4ed25cfff75dbe7f98f95ac02358c?s=96&d=mm&r=g\",\"contentUrl\":\"https:\/\/secure.gravatar.com\/avatar\/07f13ce868ede7f0937b7abbada276f430e4ed25cfff75dbe7f98f95ac02358c?s=96&d=mm&r=g\",\"caption\":\"Hendrick Garcia\"},\"url\":\"https:\/\/noti-america.com\/site\/venezuela\/author\/hegarcia\/\"}]}<\/script>\n<!-- \/ Yoast SEO Premium plugin. -->","yoast_head_json":{"title":"Sedemaul anuncia nueva jornada de inscripci\u00f3n y pago del servicio de aseo urbano en Fabricio Ojeda - Venezuela | Noti-America.com","robots":{"index":"index","follow":"follow","max-snippet":"max-snippet:-1","max-image-preview":"max-image-preview:large","max-video-preview":"max-video-preview:-1"},"canonical":"https:\/\/noti-america.com\/site\/venezuela\/2024\/05\/08\/sedemaul-anuncia-nueva-jornada-de-inscripcion-y-pago-del-servicio-de-aseo-urbano-en-fabricio-ojeda\/","og_locale":"es_ES","og_type":"article","og_title":"Sedemaul anuncia nueva jornada de inscripci\u00f3n y pago del servicio de aseo urbano en Fabricio Ojeda","og_description":"Tras la realizaci\u00f3n, el pasado s\u00e1bado 4 de mayo, de la exitosa jornada de inscripci\u00f3n y pago del servicio de aseo urbano llevada a cabo por Sedemaul en el urbanismo Fabricio Ojeda, el ente&#46;&#46;&#46;","og_url":"https:\/\/noti-america.com\/site\/venezuela\/2024\/05\/08\/sedemaul-anuncia-nueva-jornada-de-inscripcion-y-pago-del-servicio-de-aseo-urbano-en-fabricio-ojeda\/","og_site_name":"Venezuela | Noti-America.com","article_published_time":"2024-05-08T00:33:07+00:00","og_image":[{"width":1040,"height":492,"url":"https:\/\/noti-america.com\/site\/venezuela\/wp-content\/uploads\/sites\/2\/2024\/05\/IMG-20240507-WA0167.jpg","type":"image\/jpeg"}],"author":"Hendrick Garcia","twitter_card":"summary_large_image","twitter_misc":{"Escrito por":"Hendrick Garcia","Tiempo estimado de lectura":"3 minutos"},"schema":{"@context":"https:\/\/schema.org","@graph":[{"@type":"Article","@id":"https:\/\/noti-america.com\/site\/venezuela\/2024\/05\/08\/sedemaul-anuncia-nueva-jornada-de-inscripcion-y-pago-del-servicio-de-aseo-urbano-en-fabricio-ojeda\/#article","isPartOf":{"@id":"https:\/\/noti-america.com\/site\/venezuela\/2024\/05\/08\/sedemaul-anuncia-nueva-jornada-de-inscripcion-y-pago-del-servicio-de-aseo-urbano-en-fabricio-ojeda\/"},"author":{"name":"Hendrick Garcia","@id":"https:\/\/noti-america.com\/site\/venezuela\/#\/schema\/person\/2f37ed06a1cd058e8d611b3d42cce678"},"headline":"Sedemaul anuncia nueva jornada de inscripci\u00f3n y pago del servicio de aseo urbano en Fabricio Ojeda","datePublished":"2024-05-08T00:33:07+00:00","mainEntityOfPage":{"@id":"https:\/\/noti-america.com\/site\/venezuela\/2024\/05\/08\/sedemaul-anuncia-nueva-jornada-de-inscripcion-y-pago-del-servicio-de-aseo-urbano-en-fabricio-ojeda\/"},"wordCount":377,"commentCount":0,"publisher":{"@id":"https:\/\/noti-america.com\/site\/venezuela\/#organization"},"image":{"@id":"https:\/\/noti-america.com\/site\/venezuela\/2024\/05\/08\/sedemaul-anuncia-nueva-jornada-de-inscripcion-y-pago-del-servicio-de-aseo-urbano-en-fabricio-ojeda\/#primaryimage"},"thumbnailUrl":"https:\/\/noti-america.com\/site\/venezuela\/wp-content\/uploads\/sites\/2\/2024\/05\/IMG-20240507-WA0167.jpg","keywords":["Zulia Ciudad Ojeda"],"articleSection":["Comunidades","Venezuela"],"inLanguage":"es","potentialAction":[{"@type":"CommentAction","name":"Comment","target":["https:\/\/noti-america.com\/site\/venezuela\/2024\/05\/08\/sedemaul-anuncia-nueva-jornada-de-inscripcion-y-pago-del-servicio-de-aseo-urbano-en-fabricio-ojeda\/#respond"]}]},{"@type":"WebPage","@id":"https:\/\/noti-america.com\/site\/venezuela\/2024\/05\/08\/sedemaul-anuncia-nueva-jornada-de-inscripcion-y-pago-del-servicio-de-aseo-urbano-en-fabricio-ojeda\/","url":"https:\/\/noti-america.com\/site\/venezuela\/2024\/05\/08\/sedemaul-anuncia-nueva-jornada-de-inscripcion-y-pago-del-servicio-de-aseo-urbano-en-fabricio-ojeda\/","name":"Sedemaul anuncia nueva jornada de inscripci\u00f3n y pago del servicio de aseo urbano en Fabricio Ojeda - Venezuela | Noti-America.com","isPartOf":{"@id":"https:\/\/noti-america.com\/site\/venezuela\/#website"},"primaryImageOfPage":{"@id":"https:\/\/noti-america.com\/site\/venezuela\/2024\/05\/08\/sedemaul-anuncia-nueva-jornada-de-inscripcion-y-pago-del-servicio-de-aseo-urbano-en-fabricio-ojeda\/#primaryimage"},"image":{"@id":"https:\/\/noti-america.com\/site\/venezuela\/2024\/05\/08\/sedemaul-anuncia-nueva-jornada-de-inscripcion-y-pago-del-servicio-de-aseo-urbano-en-fabricio-ojeda\/#primaryimage"},"thumbnailUrl":"https:\/\/noti-america.com\/site\/venezuela\/wp-content\/uploads\/sites\/2\/2024\/05\/IMG-20240507-WA0167.jpg","datePublished":"2024-05-08T00:33:07+00:00","breadcrumb":{"@id":"https:\/\/noti-america.com\/site\/venezuela\/2024\/05\/08\/sedemaul-anuncia-nueva-jornada-de-inscripcion-y-pago-del-servicio-de-aseo-urbano-en-fabricio-ojeda\/#breadcrumb"},"inLanguage":"es","potentialAction":[{"@type":"ReadAction","target":["https:\/\/noti-america.com\/site\/venezuela\/2024\/05\/08\/sedemaul-anuncia-nueva-jornada-de-inscripcion-y-pago-del-servicio-de-aseo-urbano-en-fabricio-ojeda\/"]}]},{"@type":"ImageObject","inLanguage":"es","@id":"https:\/\/noti-america.com\/site\/venezuela\/2024\/05\/08\/sedemaul-anuncia-nueva-jornada-de-inscripcion-y-pago-del-servicio-de-aseo-urbano-en-fabricio-ojeda\/#primaryimage","url":"https:\/\/noti-america.com\/site\/venezuela\/wp-content\/uploads\/sites\/2\/2024\/05\/IMG-20240507-WA0167.jpg","contentUrl":"https:\/\/noti-america.com\/site\/venezuela\/wp-content\/uploads\/sites\/2\/2024\/05\/IMG-20240507-WA0167.jpg","width":1040,"height":492},{"@type":"BreadcrumbList","@id":"https:\/\/noti-america.com\/site\/venezuela\/2024\/05\/08\/sedemaul-anuncia-nueva-jornada-de-inscripcion-y-pago-del-servicio-de-aseo-urbano-en-fabricio-ojeda\/#breadcrumb","itemListElement":[{"@type":"ListItem","position":1,"name":"Portada","item":"https:\/\/noti-america.com\/site\/venezuela\/"},{"@type":"ListItem","position":2,"name":"Sedemaul anuncia nueva jornada de inscripci\u00f3n y pago del servicio de aseo urbano en Fabricio Ojeda"}]},{"@type":"WebSite","@id":"https:\/\/noti-america.com\/site\/venezuela\/#website","url":"https:\/\/noti-america.com\/site\/venezuela\/","name":"Venezuela | Noti-America.com","description":"","publisher":{"@id":"https:\/\/noti-america.com\/site\/venezuela\/#organization"},"potentialAction":[{"@type":"SearchAction","target":{"@type":"EntryPoint","urlTemplate":"https:\/\/noti-america.com\/site\/venezuela\/?s={search_term_string}"},"query-input":{"@type":"PropertyValueSpecification","valueRequired":true,"valueName":"search_term_string"}}],"inLanguage":"es"},{"@type":"Organization","@id":"https:\/\/noti-america.com\/site\/venezuela\/#organization","name":"Noti-America LLC | Venezuela","url":"https:\/\/noti-america.com\/site\/venezuela\/","logo":{"@type":"ImageObject","inLanguage":"es","@id":"https:\/\/noti-america.com\/site\/venezuela\/#\/schema\/logo\/image\/","url":"https:\/\/noti-america.com\/site\/venezuela\/wp-content\/uploads\/sites\/2\/2020\/07\/LogoNA-4x3-1.jpg","contentUrl":"https:\/\/noti-america.com\/site\/venezuela\/wp-content\/uploads\/sites\/2\/2020\/07\/LogoNA-4x3-1.jpg","width":1236,"height":1080,"caption":"Noti-America LLC | Venezuela"},"image":{"@id":"https:\/\/noti-america.com\/site\/venezuela\/#\/schema\/logo\/image\/"}},{"@type":"Person","@id":"https:\/\/noti-america.com\/site\/venezuela\/#\/schema\/person\/2f37ed06a1cd058e8d611b3d42cce678","name":"Hendrick Garcia","image":{"@type":"ImageObject","inLanguage":"es","@id":"https:\/\/secure.gravatar.com\/avatar\/07f13ce868ede7f0937b7abbada276f430e4ed25cfff75dbe7f98f95ac02358c?s=96&d=mm&r=g","url":"https:\/\/secure.gravatar.com\/avatar\/07f13ce868ede7f0937b7abbada276f430e4ed25cfff75dbe7f98f95ac02358c?s=96&d=mm&r=g","contentUrl":"https:\/\/secure.gravatar.com\/avatar\/07f13ce868ede7f0937b7abbada276f430e4ed25cfff75dbe7f98f95ac02358c?s=96&d=mm&r=g","caption":"Hendrick Garcia"},"url":"https:\/\/noti-america.com\/site\/venezuela\/author\/hegarcia\/"}]}},"_links":{"self":[{"href":"https:\/\/noti-america.com\/site\/venezuela\/wp-json\/wp\/v2\/posts\/37111","targetHints":{"allow":["GET"]}}],"collection":[{"href":"https:\/\/noti-america.com\/site\/venezuela\/wp-json\/wp\/v2\/posts"}],"about":[{"href":"https:\/\/noti-america.com\/site\/venezuela\/wp-json\/wp\/v2\/types\/post"}],"author":[{"embeddable":true,"href":"https:\/\/noti-america.com\/site\/venezuela\/wp-json\/wp\/v2\/users\/40"}],"replies":[{"embeddable":true,"href":"https:\/\/noti-america.com\/site\/venezuela\/wp-json\/wp\/v2\/comments?post=37111"}],"version-history":[{"count":2,"href":"https:\/\/noti-america.com\/site\/venezuela\/wp-json\/wp\/v2\/posts\/37111\/revisions"}],"predecessor-version":[{"id":37174,"href":"https:\/\/noti-america.com\/site\/venezuela\/wp-json\/wp\/v2\/posts\/37111\/revisions\/37174"}],"wp:featuredmedia":[{"embeddable":true,"href":"https:\/\/noti-america.com\/site\/venezuela\/wp-json\/wp\/v2\/media\/37171"}],"wp:attachment":[{"href":"https:\/\/noti-america.com\/site\/venezuela\/wp-json\/wp\/v2\/media?parent=37111"}],"wp:term":[{"taxonomy":"category","embeddable":true,"href":"https:\/\/noti-america.com\/site\/venezuela\/wp-json\/wp\/v2\/categories?post=37111"},{"taxonomy":"post_tag","embeddable":true,"href":"https:\/\/noti-america.com\/site\/venezuela\/wp-json\/wp\/v2\/tags?post=37111"}],"curies":[{"name":"wp","href":"https:\/\/api.w.org\/{rel}","templated":true}]}}