{"id":3594,"date":"2018-10-24T22:44:55","date_gmt":"2018-10-24T22:44:55","guid":{"rendered":"http:\/\/noti-america.com\/site\/venezuela\/?p=3594"},"modified":"2018-10-24T22:44:55","modified_gmt":"2018-10-24T22:44:55","slug":"anc-presento-presupuesto-para-2019","status":"publish","type":"post","link":"https:\/\/noti-america.com\/site\/venezuela\/2018\/10\/24\/anc-presento-presupuesto-para-2019\/","title":{"rendered":"ANC present\u00f3 presupuesto para 2019"},"content":{"rendered":"<ul>\n<li>El fiscal general, Tarek Saab, designa a Beysce Loreto como vicefiscal general en sustituci\u00f3n de Katherine Harrington, de quien no se informaron detalles.<\/li>\n<li>ANC design\u00f3 a Elvis Amoroso como nuevo Contralor General, en sustituci\u00f3n del contralor, Manuel Galindo, quien inform\u00f3 su decisi\u00f3n de jubilarse por motivos \u201cestrictamente personales\u201d.<\/li>\n<\/ul>\n<p>A\u00fan cuando el presupuesto del Ejecutivo venezolano se presentaba habitualmente ante la Asamblea Nacional (Legislativo), este a\u00f1o lo asumi\u00f3 la Asamblea Nacional Constituyente a causa de la orden de desacato emitida por el Tribunal Supremo de Justicia.<\/p>\n<p><img decoding=\"async\" src=\"https:\/\/pbs.twimg.com\/media\/DqR745aX4AIRDbI.jpg\" \/><\/p>\n<p>Se destinar\u00e1 75,4 por ciento del presupuesto del Estado a la inversi\u00f3n social en 2019, 1,4 puntos porcentuales m\u00e1s que este a\u00f1o, anunci\u00f3 hoy la vicepresidenta de Venezuela, Delcy Rodr\u00edguez.<\/p>\n<blockquote class=\"twitter-tweet\" data-width=\"500\" data-dnt=\"true\">\n<p lang=\"es\" dir=\"ltr\">&quot;Esta es la 4a resoluci\u00f3n para <a href=\"https:\/\/twitter.com\/hashtag\/Venezuela?src=hash&amp;ref_src=twsrc%5Etfw\">#Venezuela<\/a> este a\u00f1o y la situaci\u00f3n sigue empeorando. La <a href=\"https:\/\/twitter.com\/hashtag\/UE?src=hash&amp;ref_src=twsrc%5Etfw\">#UE<\/a> no puede seguir esperando a que la situaci\u00f3n se deteriore m\u00e1s y m\u00e1s. \u00bfCu\u00e1ntos m\u00e1s abusos o testimonios de tortura y muertes de inocentes debemos presenciar?&quot; dice <a href=\"https:\/\/twitter.com\/charanzova?ref_src=twsrc%5Etfw\">@charanzova<\/a> <a href=\"https:\/\/twitter.com\/hashtag\/Eplenary?src=hash&amp;ref_src=twsrc%5Etfw\">#Eplenary<\/a> <a href=\"https:\/\/t.co\/JF47Q39AqQ\">pic.twitter.com\/JF47Q39AqQ<\/a><\/p>\n<p>&mdash; Renew Europe (@RenewEurope) <a href=\"https:\/\/twitter.com\/RenewEurope\/status\/1055019234353446912?ref_src=twsrc%5Etfw\">October 24, 2018<\/a><\/p><\/blockquote>\n<p><script async src=\"https:\/\/platform.twitter.com\/widgets.js\" charset=\"utf-8\"><\/script><\/p>\n<p><img decoding=\"async\" src=\"https:\/\/pbs.twimg.com\/media\/DqR7zyIX0AEv9e0.jpg\" \/><\/p>\n<blockquote>\n<h2>Venezuela destinar\u00e1 75,4% del presupuesto a inversi\u00f3n social en 2019.<\/h2>\n<\/blockquote>\n<p>De acuerdo a las declaraciones de la vicepresidenta, Delcy Rodr\u00edguez, un 13 por ciento del presupuesto est\u00e1 destinado a la educaci\u00f3n, 12 por ciento a la plataforma de protecci\u00f3n social, 9 por ciento a la salud, 8 por ciento a poblaci\u00f3n vulnerable y 6 por ciento a obras y servicios.<\/p>\n<blockquote><p>El 25 por ciento del presupuesto est\u00e1 destinado a seguridad alimentaria y el 14 por ciento al fomento de la econom\u00eda productiva.<\/p><\/blockquote>\n<p>En renglones diferentes a la inversi\u00f3n social, el 7 por ciento del gasto del Estado venezolano en 2019 estar\u00e1 destinado a defensa y el 4 por ciento a seguridad, el 1 % restante ser\u00e1 para otros rubros no especificados.<\/p>\n","protected":false},"excerpt":{"rendered":"<p>El fiscal general, Tarek Saab, designa a Beysce Loreto como vicefiscal general en sustituci\u00f3n de Katherine Harrington, de quien no se informaron detalles. ANC design\u00f3 a Elvis Amoroso como nuevo Contralor General, en sustituci\u00f3n&#46;&#46;&#46;<\/p>\n","protected":false},"author":11,"featured_media":3598,"comment_status":"open","ping_status":"open","sticky":false,"template":"","format":"standard","meta":{"_acf_changed":false,"om_disable_all_campaigns":false,"rop_custom_images_group":[],"rop_custom_messages_group":[],"rop_publish_now":"initial","rop_publish_now_accounts":{"twitter_242054905_242054905":""},"rop_publish_now_history":[],"rop_publish_now_status":"pending","_uf_show_specific_survey":0,"_uf_disable_surveys":false,"footnotes":""},"categories":[5,3,1],"tags":[],"class_list":["post-3594","post","type-post","status-publish","format-standard","has-post-thumbnail","hentry","category-economia","category-politica","category-uncategorized"],"acf":[],"aioseo_notices":[],"yoast_head":"<!-- This site is optimized with the Yoast SEO Premium plugin v24.9 (Yoast SEO v27.2) - https:\/\/yoast.com\/product\/yoast-seo-premium-wordpress\/ -->\n<title>ANC present\u00f3 presupuesto para 2019 - Venezuela | Noti-America.com<\/title>\n<meta name=\"robots\" content=\"index, follow, max-snippet:-1, max-image-preview:large, max-video-preview:-1\" \/>\n<link rel=\"canonical\" href=\"https:\/\/noti-america.com\/site\/venezuela\/2018\/10\/24\/anc-presento-presupuesto-para-2019\/\" \/>\n<meta property=\"og:locale\" content=\"es_ES\" \/>\n<meta property=\"og:type\" content=\"article\" \/>\n<meta property=\"og:title\" content=\"ANC present\u00f3 presupuesto para 2019\" \/>\n<meta property=\"og:description\" content=\"El fiscal general, Tarek Saab, designa a Beysce Loreto como vicefiscal general en sustituci\u00f3n de Katherine Harrington, de quien no se informaron detalles. ANC design\u00f3 a Elvis Amoroso como nuevo Contralor General, en sustituci\u00f3n&#046;&#046;&#046;\" \/>\n<meta property=\"og:url\" content=\"https:\/\/noti-america.com\/site\/venezuela\/2018\/10\/24\/anc-presento-presupuesto-para-2019\/\" \/>\n<meta property=\"og:site_name\" content=\"Venezuela | Noti-America.com\" \/>\n<meta property=\"article:published_time\" content=\"2018-10-24T22:44:55+00:00\" \/>\n<meta property=\"og:image\" content=\"https:\/\/noti-america.com\/site\/venezuela\/wp-content\/uploads\/sites\/2\/2018\/10\/delcy.jpg\" \/>\n\t<meta property=\"og:image:width\" content=\"1024\" \/>\n\t<meta property=\"og:image:height\" content=\"683\" \/>\n\t<meta property=\"og:image:type\" content=\"image\/jpeg\" \/>\n<meta name=\"author\" content=\"Yliana Duque\" \/>\n<meta name=\"twitter:card\" content=\"summary_large_image\" \/>\n<meta name=\"twitter:creator\" content=\"@ylianaduque\" \/>\n<meta name=\"twitter:label1\" content=\"Escrito por\" \/>\n\t<meta name=\"twitter:data1\" content=\"Yliana Duque\" \/>\n\t<meta name=\"twitter:label2\" content=\"Tiempo estimado de lectura\" \/>\n\t<meta name=\"twitter:data2\" content=\"1 minuto\" \/>\n<script type=\"application\/ld+json\" class=\"yoast-schema-graph\">{\"@context\":\"https:\/\/schema.org\",\"@graph\":[{\"@type\":\"Article\",\"@id\":\"https:\/\/noti-america.com\/site\/venezuela\/2018\/10\/24\/anc-presento-presupuesto-para-2019\/#article\",\"isPartOf\":{\"@id\":\"https:\/\/noti-america.com\/site\/venezuela\/2018\/10\/24\/anc-presento-presupuesto-para-2019\/\"},\"author\":{\"name\":\"Yliana Duque\",\"@id\":\"https:\/\/noti-america.com\/site\/venezuela\/#\/schema\/person\/a166d9d45f249dbd09521fbc2e7342d8\"},\"headline\":\"ANC present\u00f3 presupuesto para 2019\",\"datePublished\":\"2018-10-24T22:44:55+00:00\",\"mainEntityOfPage\":{\"@id\":\"https:\/\/noti-america.com\/site\/venezuela\/2018\/10\/24\/anc-presento-presupuesto-para-2019\/\"},\"wordCount\":244,\"commentCount\":0,\"publisher\":{\"@id\":\"https:\/\/noti-america.com\/site\/venezuela\/#organization\"},\"image\":{\"@id\":\"https:\/\/noti-america.com\/site\/venezuela\/2018\/10\/24\/anc-presento-presupuesto-para-2019\/#primaryimage\"},\"thumbnailUrl\":\"https:\/\/noti-america.com\/site\/venezuela\/wp-content\/uploads\/sites\/2\/2018\/10\/delcy.jpg\",\"articleSection\":[\"Econom\u00eda\",\"Pol\u00edtica\",\"Uncategorized\"],\"inLanguage\":\"es\",\"potentialAction\":[{\"@type\":\"CommentAction\",\"name\":\"Comment\",\"target\":[\"https:\/\/noti-america.com\/site\/venezuela\/2018\/10\/24\/anc-presento-presupuesto-para-2019\/#respond\"]}]},{\"@type\":\"WebPage\",\"@id\":\"https:\/\/noti-america.com\/site\/venezuela\/2018\/10\/24\/anc-presento-presupuesto-para-2019\/\",\"url\":\"https:\/\/noti-america.com\/site\/venezuela\/2018\/10\/24\/anc-presento-presupuesto-para-2019\/\",\"name\":\"ANC present\u00f3 presupuesto para 2019 - Venezuela | Noti-America.com\",\"isPartOf\":{\"@id\":\"https:\/\/noti-america.com\/site\/venezuela\/#website\"},\"primaryImageOfPage\":{\"@id\":\"https:\/\/noti-america.com\/site\/venezuela\/2018\/10\/24\/anc-presento-presupuesto-para-2019\/#primaryimage\"},\"image\":{\"@id\":\"https:\/\/noti-america.com\/site\/venezuela\/2018\/10\/24\/anc-presento-presupuesto-para-2019\/#primaryimage\"},\"thumbnailUrl\":\"https:\/\/noti-america.com\/site\/venezuela\/wp-content\/uploads\/sites\/2\/2018\/10\/delcy.jpg\",\"datePublished\":\"2018-10-24T22:44:55+00:00\",\"breadcrumb\":{\"@id\":\"https:\/\/noti-america.com\/site\/venezuela\/2018\/10\/24\/anc-presento-presupuesto-para-2019\/#breadcrumb\"},\"inLanguage\":\"es\",\"potentialAction\":[{\"@type\":\"ReadAction\",\"target\":[\"https:\/\/noti-america.com\/site\/venezuela\/2018\/10\/24\/anc-presento-presupuesto-para-2019\/\"]}]},{\"@type\":\"ImageObject\",\"inLanguage\":\"es\",\"@id\":\"https:\/\/noti-america.com\/site\/venezuela\/2018\/10\/24\/anc-presento-presupuesto-para-2019\/#primaryimage\",\"url\":\"https:\/\/noti-america.com\/site\/venezuela\/wp-content\/uploads\/sites\/2\/2018\/10\/delcy.jpg\",\"contentUrl\":\"https:\/\/noti-america.com\/site\/venezuela\/wp-content\/uploads\/sites\/2\/2018\/10\/delcy.jpg\",\"width\":1024,\"height\":683},{\"@type\":\"BreadcrumbList\",\"@id\":\"https:\/\/noti-america.com\/site\/venezuela\/2018\/10\/24\/anc-presento-presupuesto-para-2019\/#breadcrumb\",\"itemListElement\":[{\"@type\":\"ListItem\",\"position\":1,\"name\":\"Portada\",\"item\":\"https:\/\/noti-america.com\/site\/venezuela\/\"},{\"@type\":\"ListItem\",\"position\":2,\"name\":\"ANC present\u00f3 presupuesto para 2019\"}]},{\"@type\":\"WebSite\",\"@id\":\"https:\/\/noti-america.com\/site\/venezuela\/#website\",\"url\":\"https:\/\/noti-america.com\/site\/venezuela\/\",\"name\":\"Venezuela | Noti-America.com\",\"description\":\"\",\"publisher\":{\"@id\":\"https:\/\/noti-america.com\/site\/venezuela\/#organization\"},\"potentialAction\":[{\"@type\":\"SearchAction\",\"target\":{\"@type\":\"EntryPoint\",\"urlTemplate\":\"https:\/\/noti-america.com\/site\/venezuela\/?s={search_term_string}\"},\"query-input\":{\"@type\":\"PropertyValueSpecification\",\"valueRequired\":true,\"valueName\":\"search_term_string\"}}],\"inLanguage\":\"es\"},{\"@type\":\"Organization\",\"@id\":\"https:\/\/noti-america.com\/site\/venezuela\/#organization\",\"name\":\"Noti-America LLC | Venezuela\",\"url\":\"https:\/\/noti-america.com\/site\/venezuela\/\",\"logo\":{\"@type\":\"ImageObject\",\"inLanguage\":\"es\",\"@id\":\"https:\/\/noti-america.com\/site\/venezuela\/#\/schema\/logo\/image\/\",\"url\":\"https:\/\/noti-america.com\/site\/venezuela\/wp-content\/uploads\/sites\/2\/2020\/07\/LogoNA-4x3-1.jpg\",\"contentUrl\":\"https:\/\/noti-america.com\/site\/venezuela\/wp-content\/uploads\/sites\/2\/2020\/07\/LogoNA-4x3-1.jpg\",\"width\":1236,\"height\":1080,\"caption\":\"Noti-America LLC | Venezuela\"},\"image\":{\"@id\":\"https:\/\/noti-america.com\/site\/venezuela\/#\/schema\/logo\/image\/\"}},{\"@type\":\"Person\",\"@id\":\"https:\/\/noti-america.com\/site\/venezuela\/#\/schema\/person\/a166d9d45f249dbd09521fbc2e7342d8\",\"name\":\"Yliana Duque\",\"image\":{\"@type\":\"ImageObject\",\"inLanguage\":\"es\",\"@id\":\"https:\/\/secure.gravatar.com\/avatar\/8caf2a4035762b3be44c3a0455581febe2d5273a41ac40dacc575b8aa348fe65?s=96&d=mm&r=g\",\"url\":\"https:\/\/secure.gravatar.com\/avatar\/8caf2a4035762b3be44c3a0455581febe2d5273a41ac40dacc575b8aa348fe65?s=96&d=mm&r=g\",\"contentUrl\":\"https:\/\/secure.gravatar.com\/avatar\/8caf2a4035762b3be44c3a0455581febe2d5273a41ac40dacc575b8aa348fe65?s=96&d=mm&r=g\",\"caption\":\"Yliana Duque\"},\"description\":\"Ejercer el periodismo requiere de pasi\u00f3n y conocimiento en investigaci\u00f3n de campo. Siempre en la b\u00fasqueda de la verdad para aportar claridad y poder discernir sobre el hecho noticioso. Egresada de la Universidad de los Andes. Maestria en Relaciones Internacionales (UCV). Diplomado de Educaci\u00f3n Superior (Universidad Experimental LIbertador (UPEL), y Educaci\u00f3n superior a distancia (UFT). Estudios de Locuci\u00f3n- Actuaci\u00f3n-Publicidad y Mercadeo, Redes. Subdirectora de relaciones p\u00fablicas de la Asamablea Legislativa del Estado Sucre(1995)-Periodista de TELESOL,Telecaribe (Sucre). Jefe de Prensa de la Gobernaci\u00f3n del Estado Amazonas(1997). Periodista Comandancia General del Ej\u00e9rcito, Fuerte Tiuna (1996). Lider de Proyectos en educaci\u00f3n Superior en la Universidad Ferm\u00edn Toro (UFT) (2000). Docente Universitario UFT (2002-2007)-Docente de Educaci\u00f3n Superior a Distancia -titulado. Periodista Diario El Informador. Periodista en Apoyo A\u00e9reo de la Guardia Nacional, Aeropuerto Jacinto Lara. www.Noti-america.com (Venezuela)\",\"sameAs\":[\"https:\/\/x.com\/ylianaduque\"],\"url\":\"https:\/\/noti-america.com\/site\/venezuela\/author\/yduque\/\"}]}<\/script>\n<!-- \/ Yoast SEO Premium plugin. -->","yoast_head_json":{"title":"ANC present\u00f3 presupuesto para 2019 - Venezuela | Noti-America.com","robots":{"index":"index","follow":"follow","max-snippet":"max-snippet:-1","max-image-preview":"max-image-preview:large","max-video-preview":"max-video-preview:-1"},"canonical":"https:\/\/noti-america.com\/site\/venezuela\/2018\/10\/24\/anc-presento-presupuesto-para-2019\/","og_locale":"es_ES","og_type":"article","og_title":"ANC present\u00f3 presupuesto para 2019","og_description":"El fiscal general, Tarek Saab, designa a Beysce Loreto como vicefiscal general en sustituci\u00f3n de Katherine Harrington, de quien no se informaron detalles. ANC design\u00f3 a Elvis Amoroso como nuevo Contralor General, en sustituci\u00f3n&#46;&#46;&#46;","og_url":"https:\/\/noti-america.com\/site\/venezuela\/2018\/10\/24\/anc-presento-presupuesto-para-2019\/","og_site_name":"Venezuela | Noti-America.com","article_published_time":"2018-10-24T22:44:55+00:00","og_image":[{"width":1024,"height":683,"url":"https:\/\/noti-america.com\/site\/venezuela\/wp-content\/uploads\/sites\/2\/2018\/10\/delcy.jpg","type":"image\/jpeg"}],"author":"Yliana Duque","twitter_card":"summary_large_image","twitter_creator":"@ylianaduque","twitter_misc":{"Escrito por":"Yliana Duque","Tiempo estimado de lectura":"1 minuto"},"schema":{"@context":"https:\/\/schema.org","@graph":[{"@type":"Article","@id":"https:\/\/noti-america.com\/site\/venezuela\/2018\/10\/24\/anc-presento-presupuesto-para-2019\/#article","isPartOf":{"@id":"https:\/\/noti-america.com\/site\/venezuela\/2018\/10\/24\/anc-presento-presupuesto-para-2019\/"},"author":{"name":"Yliana Duque","@id":"https:\/\/noti-america.com\/site\/venezuela\/#\/schema\/person\/a166d9d45f249dbd09521fbc2e7342d8"},"headline":"ANC present\u00f3 presupuesto para 2019","datePublished":"2018-10-24T22:44:55+00:00","mainEntityOfPage":{"@id":"https:\/\/noti-america.com\/site\/venezuela\/2018\/10\/24\/anc-presento-presupuesto-para-2019\/"},"wordCount":244,"commentCount":0,"publisher":{"@id":"https:\/\/noti-america.com\/site\/venezuela\/#organization"},"image":{"@id":"https:\/\/noti-america.com\/site\/venezuela\/2018\/10\/24\/anc-presento-presupuesto-para-2019\/#primaryimage"},"thumbnailUrl":"https:\/\/noti-america.com\/site\/venezuela\/wp-content\/uploads\/sites\/2\/2018\/10\/delcy.jpg","articleSection":["Econom\u00eda","Pol\u00edtica","Uncategorized"],"inLanguage":"es","potentialAction":[{"@type":"CommentAction","name":"Comment","target":["https:\/\/noti-america.com\/site\/venezuela\/2018\/10\/24\/anc-presento-presupuesto-para-2019\/#respond"]}]},{"@type":"WebPage","@id":"https:\/\/noti-america.com\/site\/venezuela\/2018\/10\/24\/anc-presento-presupuesto-para-2019\/","url":"https:\/\/noti-america.com\/site\/venezuela\/2018\/10\/24\/anc-presento-presupuesto-para-2019\/","name":"ANC present\u00f3 presupuesto para 2019 - Venezuela | Noti-America.com","isPartOf":{"@id":"https:\/\/noti-america.com\/site\/venezuela\/#website"},"primaryImageOfPage":{"@id":"https:\/\/noti-america.com\/site\/venezuela\/2018\/10\/24\/anc-presento-presupuesto-para-2019\/#primaryimage"},"image":{"@id":"https:\/\/noti-america.com\/site\/venezuela\/2018\/10\/24\/anc-presento-presupuesto-para-2019\/#primaryimage"},"thumbnailUrl":"https:\/\/noti-america.com\/site\/venezuela\/wp-content\/uploads\/sites\/2\/2018\/10\/delcy.jpg","datePublished":"2018-10-24T22:44:55+00:00","breadcrumb":{"@id":"https:\/\/noti-america.com\/site\/venezuela\/2018\/10\/24\/anc-presento-presupuesto-para-2019\/#breadcrumb"},"inLanguage":"es","potentialAction":[{"@type":"ReadAction","target":["https:\/\/noti-america.com\/site\/venezuela\/2018\/10\/24\/anc-presento-presupuesto-para-2019\/"]}]},{"@type":"ImageObject","inLanguage":"es","@id":"https:\/\/noti-america.com\/site\/venezuela\/2018\/10\/24\/anc-presento-presupuesto-para-2019\/#primaryimage","url":"https:\/\/noti-america.com\/site\/venezuela\/wp-content\/uploads\/sites\/2\/2018\/10\/delcy.jpg","contentUrl":"https:\/\/noti-america.com\/site\/venezuela\/wp-content\/uploads\/sites\/2\/2018\/10\/delcy.jpg","width":1024,"height":683},{"@type":"BreadcrumbList","@id":"https:\/\/noti-america.com\/site\/venezuela\/2018\/10\/24\/anc-presento-presupuesto-para-2019\/#breadcrumb","itemListElement":[{"@type":"ListItem","position":1,"name":"Portada","item":"https:\/\/noti-america.com\/site\/venezuela\/"},{"@type":"ListItem","position":2,"name":"ANC present\u00f3 presupuesto para 2019"}]},{"@type":"WebSite","@id":"https:\/\/noti-america.com\/site\/venezuela\/#website","url":"https:\/\/noti-america.com\/site\/venezuela\/","name":"Venezuela | Noti-America.com","description":"","publisher":{"@id":"https:\/\/noti-america.com\/site\/venezuela\/#organization"},"potentialAction":[{"@type":"SearchAction","target":{"@type":"EntryPoint","urlTemplate":"https:\/\/noti-america.com\/site\/venezuela\/?s={search_term_string}"},"query-input":{"@type":"PropertyValueSpecification","valueRequired":true,"valueName":"search_term_string"}}],"inLanguage":"es"},{"@type":"Organization","@id":"https:\/\/noti-america.com\/site\/venezuela\/#organization","name":"Noti-America LLC | Venezuela","url":"https:\/\/noti-america.com\/site\/venezuela\/","logo":{"@type":"ImageObject","inLanguage":"es","@id":"https:\/\/noti-america.com\/site\/venezuela\/#\/schema\/logo\/image\/","url":"https:\/\/noti-america.com\/site\/venezuela\/wp-content\/uploads\/sites\/2\/2020\/07\/LogoNA-4x3-1.jpg","contentUrl":"https:\/\/noti-america.com\/site\/venezuela\/wp-content\/uploads\/sites\/2\/2020\/07\/LogoNA-4x3-1.jpg","width":1236,"height":1080,"caption":"Noti-America LLC | Venezuela"},"image":{"@id":"https:\/\/noti-america.com\/site\/venezuela\/#\/schema\/logo\/image\/"}},{"@type":"Person","@id":"https:\/\/noti-america.com\/site\/venezuela\/#\/schema\/person\/a166d9d45f249dbd09521fbc2e7342d8","name":"Yliana Duque","image":{"@type":"ImageObject","inLanguage":"es","@id":"https:\/\/secure.gravatar.com\/avatar\/8caf2a4035762b3be44c3a0455581febe2d5273a41ac40dacc575b8aa348fe65?s=96&d=mm&r=g","url":"https:\/\/secure.gravatar.com\/avatar\/8caf2a4035762b3be44c3a0455581febe2d5273a41ac40dacc575b8aa348fe65?s=96&d=mm&r=g","contentUrl":"https:\/\/secure.gravatar.com\/avatar\/8caf2a4035762b3be44c3a0455581febe2d5273a41ac40dacc575b8aa348fe65?s=96&d=mm&r=g","caption":"Yliana Duque"},"description":"Ejercer el periodismo requiere de pasi\u00f3n y conocimiento en investigaci\u00f3n de campo. Siempre en la b\u00fasqueda de la verdad para aportar claridad y poder discernir sobre el hecho noticioso. Egresada de la Universidad de los Andes. Maestria en Relaciones Internacionales (UCV). Diplomado de Educaci\u00f3n Superior (Universidad Experimental LIbertador (UPEL), y Educaci\u00f3n superior a distancia (UFT). Estudios de Locuci\u00f3n- Actuaci\u00f3n-Publicidad y Mercadeo, Redes. Subdirectora de relaciones p\u00fablicas de la Asamablea Legislativa del Estado Sucre(1995)-Periodista de TELESOL,Telecaribe (Sucre). Jefe de Prensa de la Gobernaci\u00f3n del Estado Amazonas(1997). Periodista Comandancia General del Ej\u00e9rcito, Fuerte Tiuna (1996). Lider de Proyectos en educaci\u00f3n Superior en la Universidad Ferm\u00edn Toro (UFT) (2000). Docente Universitario UFT (2002-2007)-Docente de Educaci\u00f3n Superior a Distancia -titulado. Periodista Diario El Informador. Periodista en Apoyo A\u00e9reo de la Guardia Nacional, Aeropuerto Jacinto Lara. www.Noti-america.com (Venezuela)","sameAs":["https:\/\/x.com\/ylianaduque"],"url":"https:\/\/noti-america.com\/site\/venezuela\/author\/yduque\/"}]}},"_links":{"self":[{"href":"https:\/\/noti-america.com\/site\/venezuela\/wp-json\/wp\/v2\/posts\/3594","targetHints":{"allow":["GET"]}}],"collection":[{"href":"https:\/\/noti-america.com\/site\/venezuela\/wp-json\/wp\/v2\/posts"}],"about":[{"href":"https:\/\/noti-america.com\/site\/venezuela\/wp-json\/wp\/v2\/types\/post"}],"author":[{"embeddable":true,"href":"https:\/\/noti-america.com\/site\/venezuela\/wp-json\/wp\/v2\/users\/11"}],"replies":[{"embeddable":true,"href":"https:\/\/noti-america.com\/site\/venezuela\/wp-json\/wp\/v2\/comments?post=3594"}],"version-history":[{"count":1,"href":"https:\/\/noti-america.com\/site\/venezuela\/wp-json\/wp\/v2\/posts\/3594\/revisions"}],"predecessor-version":[{"id":3599,"href":"https:\/\/noti-america.com\/site\/venezuela\/wp-json\/wp\/v2\/posts\/3594\/revisions\/3599"}],"wp:featuredmedia":[{"embeddable":true,"href":"https:\/\/noti-america.com\/site\/venezuela\/wp-json\/wp\/v2\/media\/3598"}],"wp:attachment":[{"href":"https:\/\/noti-america.com\/site\/venezuela\/wp-json\/wp\/v2\/media?parent=3594"}],"wp:term":[{"taxonomy":"category","embeddable":true,"href":"https:\/\/noti-america.com\/site\/venezuela\/wp-json\/wp\/v2\/categories?post=3594"},{"taxonomy":"post_tag","embeddable":true,"href":"https:\/\/noti-america.com\/site\/venezuela\/wp-json\/wp\/v2\/tags?post=3594"}],"curies":[{"name":"wp","href":"https:\/\/api.w.org\/{rel}","templated":true}]}}