{"id":35790,"date":"2024-03-09T17:12:20","date_gmt":"2024-03-09T17:12:20","guid":{"rendered":"https:\/\/noti-america.com\/site\/venezuela\/?p=35790"},"modified":"2024-03-09T17:12:20","modified_gmt":"2024-03-09T17:12:20","slug":"secretaria-de-cultura-lleva-la-batalla-de-rap-en-el-parque-este-sabado-9-de-marzo","status":"publish","type":"post","link":"https:\/\/noti-america.com\/site\/venezuela\/2024\/03\/09\/secretaria-de-cultura-lleva-la-batalla-de-rap-en-el-parque-este-sabado-9-de-marzo\/","title":{"rendered":"Secretar\u00eda de Cultura lleva la Batalla de \u201cRap en El Parque\u201d este s\u00e1bado 9 de marzo"},"content":{"rendered":"\r\n<p style=\"text-align: justify\"><img loading=\"lazy\" decoding=\"async\" class=\"size-medium wp-image-35810 aligncenter\" src=\"https:\/\/noti-america.com\/site\/venezuela\/wp-content\/uploads\/sites\/2\/2024\/03\/IMG-20240309-WA0188-300x225.jpg\" alt=\"\" width=\"300\" height=\"225\" srcset=\"https:\/\/noti-america.com\/site\/venezuela\/wp-content\/uploads\/sites\/2\/2024\/03\/IMG-20240309-WA0188-300x225.jpg 300w, https:\/\/noti-america.com\/site\/venezuela\/wp-content\/uploads\/sites\/2\/2024\/03\/IMG-20240309-WA0188.jpg 480w\" sizes=\"auto, (max-width: 300px) 100vw, 300px\" \/><br \/><strong>Este s\u00e1bado 9 de marzo, la Secretar\u00eda de Cultura del Zulia realiza la Segunda Edici\u00f3n de la Batalla de Rap Freestyle, en la Concha Ac\u00fastica del Parque \u00abRafael Urdaneta\u00bb, de Maracaibo, donde los j\u00f3venes raperos expondr\u00e1n todo su talento al p\u00fablico presente.<\/strong><br \/><br \/>Viviana M\u00e1rquez expres\u00f3 que este tipo de eventos se impulsa desde la Secretar\u00eda de Cultura, en apoyo al g\u00e9nero de la m\u00fasica urbana y que est\u00e1 en expansi\u00f3n como un movimiento juvenil.<br \/><br \/>Explic\u00f3, adem\u00e1s, la titular de Cultura, que el Rap en El Parque es una competencia que se realiza al aire libre y contar\u00e1 con la participaci\u00f3n de j\u00f3venes maracaiberos, quienes demostrar\u00e1n sus mejores dotes en esta disciplina. <br \/><br \/>La actividad contar\u00e1 con m\u00e1s de 10 participantes y est\u00e1 pautada a realizarse a las 6:00 de la tarde, en donde saldr\u00e1 un ganador de esta batalla. La invitaci\u00f3n se hace llegar a los habitantes de la parroquia Bol\u00edvar, para que se acerquen a este espacio recreativo y disfruten de una noche llena de hip hop. <br \/><br \/>El Freestyle Rap es la habilidad de rapear de forma improvisada los versos, de rimar palabras fluidamente, siguiendo un ritmo, expresando lo que se ve o lo que se siente y manteniendo un Flow constante.<br \/><br \/>Fuente: Nota de Prensa<\/p>\r\n","protected":false},"excerpt":{"rendered":"<p>Este s\u00e1bado 9 de marzo, la Secretar\u00eda de Cultura del Zulia realiza la Segunda Edici\u00f3n de la Batalla de Rap Freestyle, en la Concha Ac\u00fastica del Parque \u00abRafael Urdaneta\u00bb, de Maracaibo, donde los j\u00f3venes&#46;&#46;&#46;<\/p>\n","protected":false},"author":40,"featured_media":35810,"comment_status":"open","ping_status":"open","sticky":false,"template":"","format":"standard","meta":{"_acf_changed":false,"om_disable_all_campaigns":false,"rop_custom_images_group":[],"rop_custom_messages_group":[],"rop_publish_now":"initial","rop_publish_now_accounts":{"twitter_242054905_242054905":""},"rop_publish_now_history":[],"rop_publish_now_status":"pending","_uf_show_specific_survey":0,"_uf_disable_surveys":false,"footnotes":""},"categories":[320,1303],"tags":[222],"class_list":["post-35790","post","type-post","status-publish","format-standard","has-post-thumbnail","hentry","category-cultura","category-musica-2","tag-zulia"],"acf":[],"aioseo_notices":[],"yoast_head":"<!-- This site is optimized with the Yoast SEO Premium plugin v24.9 (Yoast SEO v27.2) - https:\/\/yoast.com\/product\/yoast-seo-premium-wordpress\/ -->\n<title>Secretar\u00eda de Cultura lleva la Batalla de \u201cRap en El Parque\u201d este s\u00e1bado 9 de marzo - Venezuela | Noti-America.com<\/title>\n<meta name=\"robots\" content=\"index, follow, max-snippet:-1, max-image-preview:large, max-video-preview:-1\" \/>\n<link rel=\"canonical\" href=\"https:\/\/noti-america.com\/site\/venezuela\/2024\/03\/09\/secretaria-de-cultura-lleva-la-batalla-de-rap-en-el-parque-este-sabado-9-de-marzo\/\" \/>\n<meta property=\"og:locale\" content=\"es_ES\" \/>\n<meta property=\"og:type\" content=\"article\" \/>\n<meta property=\"og:title\" content=\"Secretar\u00eda de Cultura lleva la Batalla de \u201cRap en El Parque\u201d este s\u00e1bado 9 de marzo\" \/>\n<meta property=\"og:description\" content=\"Este s\u00e1bado 9 de marzo, la Secretar\u00eda de Cultura del Zulia realiza la Segunda Edici\u00f3n de la Batalla de Rap Freestyle, en la Concha Ac\u00fastica del Parque \u00abRafael Urdaneta\u00bb, de Maracaibo, donde los j\u00f3venes&#046;&#046;&#046;\" \/>\n<meta property=\"og:url\" content=\"https:\/\/noti-america.com\/site\/venezuela\/2024\/03\/09\/secretaria-de-cultura-lleva-la-batalla-de-rap-en-el-parque-este-sabado-9-de-marzo\/\" \/>\n<meta property=\"og:site_name\" content=\"Venezuela | Noti-America.com\" \/>\n<meta property=\"article:published_time\" content=\"2024-03-09T17:12:20+00:00\" \/>\n<meta property=\"og:image\" content=\"https:\/\/noti-america.com\/site\/venezuela\/wp-content\/uploads\/sites\/2\/2024\/03\/IMG-20240309-WA0188.jpg\" \/>\n\t<meta property=\"og:image:width\" content=\"480\" \/>\n\t<meta property=\"og:image:height\" content=\"360\" \/>\n\t<meta property=\"og:image:type\" content=\"image\/jpeg\" \/>\n<meta name=\"author\" content=\"Hendrick Garcia\" \/>\n<meta name=\"twitter:card\" content=\"summary_large_image\" \/>\n<meta name=\"twitter:label1\" content=\"Escrito por\" \/>\n\t<meta name=\"twitter:data1\" content=\"Hendrick Garcia\" \/>\n\t<meta name=\"twitter:label2\" content=\"Tiempo estimado de lectura\" \/>\n\t<meta name=\"twitter:data2\" content=\"2 minutos\" \/>\n<script type=\"application\/ld+json\" class=\"yoast-schema-graph\">{\"@context\":\"https:\/\/schema.org\",\"@graph\":[{\"@type\":\"Article\",\"@id\":\"https:\/\/noti-america.com\/site\/venezuela\/2024\/03\/09\/secretaria-de-cultura-lleva-la-batalla-de-rap-en-el-parque-este-sabado-9-de-marzo\/#article\",\"isPartOf\":{\"@id\":\"https:\/\/noti-america.com\/site\/venezuela\/2024\/03\/09\/secretaria-de-cultura-lleva-la-batalla-de-rap-en-el-parque-este-sabado-9-de-marzo\/\"},\"author\":{\"name\":\"Hendrick Garcia\",\"@id\":\"https:\/\/noti-america.com\/site\/venezuela\/#\/schema\/person\/2f37ed06a1cd058e8d611b3d42cce678\"},\"headline\":\"Secretar\u00eda de Cultura lleva la Batalla de \u201cRap en El Parque\u201d este s\u00e1bado 9 de marzo\",\"datePublished\":\"2024-03-09T17:12:20+00:00\",\"mainEntityOfPage\":{\"@id\":\"https:\/\/noti-america.com\/site\/venezuela\/2024\/03\/09\/secretaria-de-cultura-lleva-la-batalla-de-rap-en-el-parque-este-sabado-9-de-marzo\/\"},\"wordCount\":239,\"commentCount\":0,\"publisher\":{\"@id\":\"https:\/\/noti-america.com\/site\/venezuela\/#organization\"},\"image\":{\"@id\":\"https:\/\/noti-america.com\/site\/venezuela\/2024\/03\/09\/secretaria-de-cultura-lleva-la-batalla-de-rap-en-el-parque-este-sabado-9-de-marzo\/#primaryimage\"},\"thumbnailUrl\":\"https:\/\/noti-america.com\/site\/venezuela\/wp-content\/uploads\/sites\/2\/2024\/03\/IMG-20240309-WA0188.jpg\",\"keywords\":[\"zulia\"],\"articleSection\":[\"Cultura\",\"Musica\"],\"inLanguage\":\"es\",\"potentialAction\":[{\"@type\":\"CommentAction\",\"name\":\"Comment\",\"target\":[\"https:\/\/noti-america.com\/site\/venezuela\/2024\/03\/09\/secretaria-de-cultura-lleva-la-batalla-de-rap-en-el-parque-este-sabado-9-de-marzo\/#respond\"]}]},{\"@type\":\"WebPage\",\"@id\":\"https:\/\/noti-america.com\/site\/venezuela\/2024\/03\/09\/secretaria-de-cultura-lleva-la-batalla-de-rap-en-el-parque-este-sabado-9-de-marzo\/\",\"url\":\"https:\/\/noti-america.com\/site\/venezuela\/2024\/03\/09\/secretaria-de-cultura-lleva-la-batalla-de-rap-en-el-parque-este-sabado-9-de-marzo\/\",\"name\":\"Secretar\u00eda de Cultura lleva la Batalla de \u201cRap en El Parque\u201d este s\u00e1bado 9 de marzo - Venezuela | Noti-America.com\",\"isPartOf\":{\"@id\":\"https:\/\/noti-america.com\/site\/venezuela\/#website\"},\"primaryImageOfPage\":{\"@id\":\"https:\/\/noti-america.com\/site\/venezuela\/2024\/03\/09\/secretaria-de-cultura-lleva-la-batalla-de-rap-en-el-parque-este-sabado-9-de-marzo\/#primaryimage\"},\"image\":{\"@id\":\"https:\/\/noti-america.com\/site\/venezuela\/2024\/03\/09\/secretaria-de-cultura-lleva-la-batalla-de-rap-en-el-parque-este-sabado-9-de-marzo\/#primaryimage\"},\"thumbnailUrl\":\"https:\/\/noti-america.com\/site\/venezuela\/wp-content\/uploads\/sites\/2\/2024\/03\/IMG-20240309-WA0188.jpg\",\"datePublished\":\"2024-03-09T17:12:20+00:00\",\"breadcrumb\":{\"@id\":\"https:\/\/noti-america.com\/site\/venezuela\/2024\/03\/09\/secretaria-de-cultura-lleva-la-batalla-de-rap-en-el-parque-este-sabado-9-de-marzo\/#breadcrumb\"},\"inLanguage\":\"es\",\"potentialAction\":[{\"@type\":\"ReadAction\",\"target\":[\"https:\/\/noti-america.com\/site\/venezuela\/2024\/03\/09\/secretaria-de-cultura-lleva-la-batalla-de-rap-en-el-parque-este-sabado-9-de-marzo\/\"]}]},{\"@type\":\"ImageObject\",\"inLanguage\":\"es\",\"@id\":\"https:\/\/noti-america.com\/site\/venezuela\/2024\/03\/09\/secretaria-de-cultura-lleva-la-batalla-de-rap-en-el-parque-este-sabado-9-de-marzo\/#primaryimage\",\"url\":\"https:\/\/noti-america.com\/site\/venezuela\/wp-content\/uploads\/sites\/2\/2024\/03\/IMG-20240309-WA0188.jpg\",\"contentUrl\":\"https:\/\/noti-america.com\/site\/venezuela\/wp-content\/uploads\/sites\/2\/2024\/03\/IMG-20240309-WA0188.jpg\",\"width\":480,\"height\":360},{\"@type\":\"BreadcrumbList\",\"@id\":\"https:\/\/noti-america.com\/site\/venezuela\/2024\/03\/09\/secretaria-de-cultura-lleva-la-batalla-de-rap-en-el-parque-este-sabado-9-de-marzo\/#breadcrumb\",\"itemListElement\":[{\"@type\":\"ListItem\",\"position\":1,\"name\":\"Portada\",\"item\":\"https:\/\/noti-america.com\/site\/venezuela\/\"},{\"@type\":\"ListItem\",\"position\":2,\"name\":\"Secretar\u00eda de Cultura lleva la Batalla de \u201cRap en El Parque\u201d este s\u00e1bado 9 de marzo\"}]},{\"@type\":\"WebSite\",\"@id\":\"https:\/\/noti-america.com\/site\/venezuela\/#website\",\"url\":\"https:\/\/noti-america.com\/site\/venezuela\/\",\"name\":\"Venezuela | Noti-America.com\",\"description\":\"\",\"publisher\":{\"@id\":\"https:\/\/noti-america.com\/site\/venezuela\/#organization\"},\"potentialAction\":[{\"@type\":\"SearchAction\",\"target\":{\"@type\":\"EntryPoint\",\"urlTemplate\":\"https:\/\/noti-america.com\/site\/venezuela\/?s={search_term_string}\"},\"query-input\":{\"@type\":\"PropertyValueSpecification\",\"valueRequired\":true,\"valueName\":\"search_term_string\"}}],\"inLanguage\":\"es\"},{\"@type\":\"Organization\",\"@id\":\"https:\/\/noti-america.com\/site\/venezuela\/#organization\",\"name\":\"Noti-America LLC | Venezuela\",\"url\":\"https:\/\/noti-america.com\/site\/venezuela\/\",\"logo\":{\"@type\":\"ImageObject\",\"inLanguage\":\"es\",\"@id\":\"https:\/\/noti-america.com\/site\/venezuela\/#\/schema\/logo\/image\/\",\"url\":\"https:\/\/noti-america.com\/site\/venezuela\/wp-content\/uploads\/sites\/2\/2020\/07\/LogoNA-4x3-1.jpg\",\"contentUrl\":\"https:\/\/noti-america.com\/site\/venezuela\/wp-content\/uploads\/sites\/2\/2020\/07\/LogoNA-4x3-1.jpg\",\"width\":1236,\"height\":1080,\"caption\":\"Noti-America LLC | Venezuela\"},\"image\":{\"@id\":\"https:\/\/noti-america.com\/site\/venezuela\/#\/schema\/logo\/image\/\"}},{\"@type\":\"Person\",\"@id\":\"https:\/\/noti-america.com\/site\/venezuela\/#\/schema\/person\/2f37ed06a1cd058e8d611b3d42cce678\",\"name\":\"Hendrick Garcia\",\"image\":{\"@type\":\"ImageObject\",\"inLanguage\":\"es\",\"@id\":\"https:\/\/secure.gravatar.com\/avatar\/07f13ce868ede7f0937b7abbada276f430e4ed25cfff75dbe7f98f95ac02358c?s=96&d=mm&r=g\",\"url\":\"https:\/\/secure.gravatar.com\/avatar\/07f13ce868ede7f0937b7abbada276f430e4ed25cfff75dbe7f98f95ac02358c?s=96&d=mm&r=g\",\"contentUrl\":\"https:\/\/secure.gravatar.com\/avatar\/07f13ce868ede7f0937b7abbada276f430e4ed25cfff75dbe7f98f95ac02358c?s=96&d=mm&r=g\",\"caption\":\"Hendrick Garcia\"},\"url\":\"https:\/\/noti-america.com\/site\/venezuela\/author\/hegarcia\/\"}]}<\/script>\n<!-- \/ Yoast SEO Premium plugin. -->","yoast_head_json":{"title":"Secretar\u00eda de Cultura lleva la Batalla de \u201cRap en El Parque\u201d este s\u00e1bado 9 de marzo - Venezuela | Noti-America.com","robots":{"index":"index","follow":"follow","max-snippet":"max-snippet:-1","max-image-preview":"max-image-preview:large","max-video-preview":"max-video-preview:-1"},"canonical":"https:\/\/noti-america.com\/site\/venezuela\/2024\/03\/09\/secretaria-de-cultura-lleva-la-batalla-de-rap-en-el-parque-este-sabado-9-de-marzo\/","og_locale":"es_ES","og_type":"article","og_title":"Secretar\u00eda de Cultura lleva la Batalla de \u201cRap en El Parque\u201d este s\u00e1bado 9 de marzo","og_description":"Este s\u00e1bado 9 de marzo, la Secretar\u00eda de Cultura del Zulia realiza la Segunda Edici\u00f3n de la Batalla de Rap Freestyle, en la Concha Ac\u00fastica del Parque \u00abRafael Urdaneta\u00bb, de Maracaibo, donde los j\u00f3venes&#46;&#46;&#46;","og_url":"https:\/\/noti-america.com\/site\/venezuela\/2024\/03\/09\/secretaria-de-cultura-lleva-la-batalla-de-rap-en-el-parque-este-sabado-9-de-marzo\/","og_site_name":"Venezuela | Noti-America.com","article_published_time":"2024-03-09T17:12:20+00:00","og_image":[{"width":480,"height":360,"url":"https:\/\/noti-america.com\/site\/venezuela\/wp-content\/uploads\/sites\/2\/2024\/03\/IMG-20240309-WA0188.jpg","type":"image\/jpeg"}],"author":"Hendrick Garcia","twitter_card":"summary_large_image","twitter_misc":{"Escrito por":"Hendrick Garcia","Tiempo estimado de lectura":"2 minutos"},"schema":{"@context":"https:\/\/schema.org","@graph":[{"@type":"Article","@id":"https:\/\/noti-america.com\/site\/venezuela\/2024\/03\/09\/secretaria-de-cultura-lleva-la-batalla-de-rap-en-el-parque-este-sabado-9-de-marzo\/#article","isPartOf":{"@id":"https:\/\/noti-america.com\/site\/venezuela\/2024\/03\/09\/secretaria-de-cultura-lleva-la-batalla-de-rap-en-el-parque-este-sabado-9-de-marzo\/"},"author":{"name":"Hendrick Garcia","@id":"https:\/\/noti-america.com\/site\/venezuela\/#\/schema\/person\/2f37ed06a1cd058e8d611b3d42cce678"},"headline":"Secretar\u00eda de Cultura lleva la Batalla de \u201cRap en El Parque\u201d este s\u00e1bado 9 de marzo","datePublished":"2024-03-09T17:12:20+00:00","mainEntityOfPage":{"@id":"https:\/\/noti-america.com\/site\/venezuela\/2024\/03\/09\/secretaria-de-cultura-lleva-la-batalla-de-rap-en-el-parque-este-sabado-9-de-marzo\/"},"wordCount":239,"commentCount":0,"publisher":{"@id":"https:\/\/noti-america.com\/site\/venezuela\/#organization"},"image":{"@id":"https:\/\/noti-america.com\/site\/venezuela\/2024\/03\/09\/secretaria-de-cultura-lleva-la-batalla-de-rap-en-el-parque-este-sabado-9-de-marzo\/#primaryimage"},"thumbnailUrl":"https:\/\/noti-america.com\/site\/venezuela\/wp-content\/uploads\/sites\/2\/2024\/03\/IMG-20240309-WA0188.jpg","keywords":["zulia"],"articleSection":["Cultura","Musica"],"inLanguage":"es","potentialAction":[{"@type":"CommentAction","name":"Comment","target":["https:\/\/noti-america.com\/site\/venezuela\/2024\/03\/09\/secretaria-de-cultura-lleva-la-batalla-de-rap-en-el-parque-este-sabado-9-de-marzo\/#respond"]}]},{"@type":"WebPage","@id":"https:\/\/noti-america.com\/site\/venezuela\/2024\/03\/09\/secretaria-de-cultura-lleva-la-batalla-de-rap-en-el-parque-este-sabado-9-de-marzo\/","url":"https:\/\/noti-america.com\/site\/venezuela\/2024\/03\/09\/secretaria-de-cultura-lleva-la-batalla-de-rap-en-el-parque-este-sabado-9-de-marzo\/","name":"Secretar\u00eda de Cultura lleva la Batalla de \u201cRap en El Parque\u201d este s\u00e1bado 9 de marzo - Venezuela | Noti-America.com","isPartOf":{"@id":"https:\/\/noti-america.com\/site\/venezuela\/#website"},"primaryImageOfPage":{"@id":"https:\/\/noti-america.com\/site\/venezuela\/2024\/03\/09\/secretaria-de-cultura-lleva-la-batalla-de-rap-en-el-parque-este-sabado-9-de-marzo\/#primaryimage"},"image":{"@id":"https:\/\/noti-america.com\/site\/venezuela\/2024\/03\/09\/secretaria-de-cultura-lleva-la-batalla-de-rap-en-el-parque-este-sabado-9-de-marzo\/#primaryimage"},"thumbnailUrl":"https:\/\/noti-america.com\/site\/venezuela\/wp-content\/uploads\/sites\/2\/2024\/03\/IMG-20240309-WA0188.jpg","datePublished":"2024-03-09T17:12:20+00:00","breadcrumb":{"@id":"https:\/\/noti-america.com\/site\/venezuela\/2024\/03\/09\/secretaria-de-cultura-lleva-la-batalla-de-rap-en-el-parque-este-sabado-9-de-marzo\/#breadcrumb"},"inLanguage":"es","potentialAction":[{"@type":"ReadAction","target":["https:\/\/noti-america.com\/site\/venezuela\/2024\/03\/09\/secretaria-de-cultura-lleva-la-batalla-de-rap-en-el-parque-este-sabado-9-de-marzo\/"]}]},{"@type":"ImageObject","inLanguage":"es","@id":"https:\/\/noti-america.com\/site\/venezuela\/2024\/03\/09\/secretaria-de-cultura-lleva-la-batalla-de-rap-en-el-parque-este-sabado-9-de-marzo\/#primaryimage","url":"https:\/\/noti-america.com\/site\/venezuela\/wp-content\/uploads\/sites\/2\/2024\/03\/IMG-20240309-WA0188.jpg","contentUrl":"https:\/\/noti-america.com\/site\/venezuela\/wp-content\/uploads\/sites\/2\/2024\/03\/IMG-20240309-WA0188.jpg","width":480,"height":360},{"@type":"BreadcrumbList","@id":"https:\/\/noti-america.com\/site\/venezuela\/2024\/03\/09\/secretaria-de-cultura-lleva-la-batalla-de-rap-en-el-parque-este-sabado-9-de-marzo\/#breadcrumb","itemListElement":[{"@type":"ListItem","position":1,"name":"Portada","item":"https:\/\/noti-america.com\/site\/venezuela\/"},{"@type":"ListItem","position":2,"name":"Secretar\u00eda de Cultura lleva la Batalla de \u201cRap en El Parque\u201d este s\u00e1bado 9 de marzo"}]},{"@type":"WebSite","@id":"https:\/\/noti-america.com\/site\/venezuela\/#website","url":"https:\/\/noti-america.com\/site\/venezuela\/","name":"Venezuela | Noti-America.com","description":"","publisher":{"@id":"https:\/\/noti-america.com\/site\/venezuela\/#organization"},"potentialAction":[{"@type":"SearchAction","target":{"@type":"EntryPoint","urlTemplate":"https:\/\/noti-america.com\/site\/venezuela\/?s={search_term_string}"},"query-input":{"@type":"PropertyValueSpecification","valueRequired":true,"valueName":"search_term_string"}}],"inLanguage":"es"},{"@type":"Organization","@id":"https:\/\/noti-america.com\/site\/venezuela\/#organization","name":"Noti-America LLC | Venezuela","url":"https:\/\/noti-america.com\/site\/venezuela\/","logo":{"@type":"ImageObject","inLanguage":"es","@id":"https:\/\/noti-america.com\/site\/venezuela\/#\/schema\/logo\/image\/","url":"https:\/\/noti-america.com\/site\/venezuela\/wp-content\/uploads\/sites\/2\/2020\/07\/LogoNA-4x3-1.jpg","contentUrl":"https:\/\/noti-america.com\/site\/venezuela\/wp-content\/uploads\/sites\/2\/2020\/07\/LogoNA-4x3-1.jpg","width":1236,"height":1080,"caption":"Noti-America LLC | Venezuela"},"image":{"@id":"https:\/\/noti-america.com\/site\/venezuela\/#\/schema\/logo\/image\/"}},{"@type":"Person","@id":"https:\/\/noti-america.com\/site\/venezuela\/#\/schema\/person\/2f37ed06a1cd058e8d611b3d42cce678","name":"Hendrick Garcia","image":{"@type":"ImageObject","inLanguage":"es","@id":"https:\/\/secure.gravatar.com\/avatar\/07f13ce868ede7f0937b7abbada276f430e4ed25cfff75dbe7f98f95ac02358c?s=96&d=mm&r=g","url":"https:\/\/secure.gravatar.com\/avatar\/07f13ce868ede7f0937b7abbada276f430e4ed25cfff75dbe7f98f95ac02358c?s=96&d=mm&r=g","contentUrl":"https:\/\/secure.gravatar.com\/avatar\/07f13ce868ede7f0937b7abbada276f430e4ed25cfff75dbe7f98f95ac02358c?s=96&d=mm&r=g","caption":"Hendrick Garcia"},"url":"https:\/\/noti-america.com\/site\/venezuela\/author\/hegarcia\/"}]}},"_links":{"self":[{"href":"https:\/\/noti-america.com\/site\/venezuela\/wp-json\/wp\/v2\/posts\/35790","targetHints":{"allow":["GET"]}}],"collection":[{"href":"https:\/\/noti-america.com\/site\/venezuela\/wp-json\/wp\/v2\/posts"}],"about":[{"href":"https:\/\/noti-america.com\/site\/venezuela\/wp-json\/wp\/v2\/types\/post"}],"author":[{"embeddable":true,"href":"https:\/\/noti-america.com\/site\/venezuela\/wp-json\/wp\/v2\/users\/40"}],"replies":[{"embeddable":true,"href":"https:\/\/noti-america.com\/site\/venezuela\/wp-json\/wp\/v2\/comments?post=35790"}],"version-history":[{"count":2,"href":"https:\/\/noti-america.com\/site\/venezuela\/wp-json\/wp\/v2\/posts\/35790\/revisions"}],"predecessor-version":[{"id":35811,"href":"https:\/\/noti-america.com\/site\/venezuela\/wp-json\/wp\/v2\/posts\/35790\/revisions\/35811"}],"wp:featuredmedia":[{"embeddable":true,"href":"https:\/\/noti-america.com\/site\/venezuela\/wp-json\/wp\/v2\/media\/35810"}],"wp:attachment":[{"href":"https:\/\/noti-america.com\/site\/venezuela\/wp-json\/wp\/v2\/media?parent=35790"}],"wp:term":[{"taxonomy":"category","embeddable":true,"href":"https:\/\/noti-america.com\/site\/venezuela\/wp-json\/wp\/v2\/categories?post=35790"},{"taxonomy":"post_tag","embeddable":true,"href":"https:\/\/noti-america.com\/site\/venezuela\/wp-json\/wp\/v2\/tags?post=35790"}],"curies":[{"name":"wp","href":"https:\/\/api.w.org\/{rel}","templated":true}]}}