{"id":3566,"date":"2018-10-22T16:28:16","date_gmt":"2018-10-22T16:28:16","guid":{"rendered":"http:\/\/noti-america.com\/site\/venezuela\/2018\/10\/22\/presidente-colombiano-recibio-el-respaldo-del-papa-a-la-politica-de-acogida-de-venezolanos\/"},"modified":"2018-10-22T21:28:20","modified_gmt":"2018-10-22T21:28:20","slug":"presidente-colombiano-recibio-el-respaldo-del-papa-a-la-politica-de-acogida-de-venezolanos","status":"publish","type":"post","link":"https:\/\/noti-america.com\/site\/venezuela\/2018\/10\/22\/presidente-colombiano-recibio-el-respaldo-del-papa-a-la-politica-de-acogida-de-venezolanos\/","title":{"rendered":"Presidente colombiano recibi\u00f3 el respaldo del Papa a la pol\u00edtica de acogida de venezolanos"},"content":{"rendered":"<p>El presidente colombiano, Iv\u00e1n Duque, asegur\u00f3 que durante su reuni\u00f3n de este lunes, el papa Francisco respald\u00f3 y exalt\u00f3 la pol\u00edtica de su pa\u00eds de acogida \u00abde brazos abiertos\u00bb de inmigrantes venezolanos.<\/p>\n<p><img loading=\"lazy\" decoding=\"async\" class=\"size-full wp-image-3567 aligncenter\" src=\"http:\/\/noti-america.com\/site\/venezuela\/wp-content\/uploads\/sites\/2\/2018\/10\/0be3a41cd7624b2f95a360fa84b59889.jpg\" alt=\"\" width=\"847\" height=\"477\" srcset=\"https:\/\/noti-america.com\/site\/venezuela\/wp-content\/uploads\/sites\/2\/2018\/10\/0be3a41cd7624b2f95a360fa84b59889.jpg 847w, https:\/\/noti-america.com\/site\/venezuela\/wp-content\/uploads\/sites\/2\/2018\/10\/0be3a41cd7624b2f95a360fa84b59889-300x169.jpg 300w, https:\/\/noti-america.com\/site\/venezuela\/wp-content\/uploads\/sites\/2\/2018\/10\/0be3a41cd7624b2f95a360fa84b59889-768x433.jpg 768w\" sizes=\"auto, (max-width: 847px) 100vw, 847px\" \/><\/p>\n<blockquote><p>\u00abRecib\u00ed con agrado el mensaje del Santo Padre para que sigamos haciendo esta pol\u00edtica fraterna para recibir a los hermanos venezolanos en nuestro pa\u00eds\u00bb dijo Duque en una rueda de prensa tras su reuni\u00f3n con el pont\u00edfice. Agreg\u00f3 que \u00abseguiremos dando todas las oportunidades para que salgan de esa tragedia\u00bb, seg\u00fan rese\u00f1\u00f3 EFE.<\/p><\/blockquote>\n<p>Tambi\u00e9n se\u00f1al\u00f3 al papa que \u00abse est\u00e1n haciendo esfuerzos con la comunidad internacional para movilizar recursos para que tengamos una respuesta multilateral a esta problem\u00e1tica\u00bb y ante ello, agreg\u00f3, sinti\u00f3 \u00abesa voz de apoyo tan importante\u00bb del pont\u00edfice argentino.<\/p>\n<p>Seg\u00fan el mandatario, en sus reuniones en el Vaticano con el papa y con el secretario de Estado, Pietro Parolin, el mensaje que recibi\u00f3 fue el de\u00a0<b>\u00abexaltar lo que est\u00e1 haciendo Colombia. Una pol\u00edtica migratoria de brazos abiertos con los hermanos venezolanos y que es un mensaje a Colombia, a Am\u00e9rica Latina y al mundo\u00bb.<\/b><\/p>\n<p>Duque agreg\u00f3 que Francisco tambi\u00e9n le inst\u00f3 \u00aba seguir trabajando por la unidad del pueblo e invitarles a concentrarse en las cosas que nos unen y no dejar que ahonden las cosas que nos dividen\u00bb.<\/p>\n<p>Asimismo, asegur\u00f3 que recibi\u00f3 el respaldo del papa para \u00abejercer una reincorporaci\u00f3n efectiva de las personas que han dejado la violencia y que quieren iniciar un proceso de reconciliaci\u00f3n con el pueblo colombiano sobre los principios de igualdad, justicia y reparaci\u00f3n y no repetici\u00f3n\u00bb.<\/p>\n<blockquote><p>En la reuni\u00f3n que mantuvo con Parolin, el presidente colombiano avanz\u00f3 que el di\u00e1logo con el Ej\u00e9rcito de Liberaci\u00f3n Nacional (ELN) solo se har\u00e1 \u00absi se cumplen las condiciones de entrega de los secuestrados y se ponga fin a cualquier tipo de acci\u00f3n criminal y violenta\u00bb.<\/p><\/blockquote>\n<p>Durante la media hora de reuni\u00f3n privada con el pont\u00edfice, tambi\u00e9n se dialog\u00f3 sobre el tema de inter\u00e9s com\u00fan de una \u00abla lucha frontal contra la corrupci\u00f3n\u00bb y del \u00abenorme da\u00f1o que produce a la sociedad\u00bb, afrontar la deforestaci\u00f3n, promover los valores de protecci\u00f3n ambiental entre los j\u00f3venes y una agenda en pro de la juventud.<\/p>\n","protected":false},"excerpt":{"rendered":"<p>El presidente colombiano, Iv\u00e1n Duque, asegur\u00f3 que durante su reuni\u00f3n de este lunes, el papa Francisco respald\u00f3 y exalt\u00f3 la pol\u00edtica de su pa\u00eds de acogida \u00abde brazos abiertos\u00bb de inmigrantes venezolanos. \u00abRecib\u00ed con&#46;&#46;&#46;<\/p>\n","protected":false},"author":4,"featured_media":3567,"comment_status":"open","ping_status":"open","sticky":false,"template":"","format":"standard","meta":{"_acf_changed":false,"om_disable_all_campaigns":false,"rop_custom_images_group":[],"rop_custom_messages_group":[],"rop_publish_now":"initial","rop_publish_now_accounts":{"twitter_242054905_242054905":""},"rop_publish_now_history":[],"rop_publish_now_status":"pending","_uf_show_specific_survey":0,"_uf_disable_surveys":false,"footnotes":""},"categories":[1],"tags":[],"class_list":["post-3566","post","type-post","status-publish","format-standard","has-post-thumbnail","hentry","category-uncategorized"],"acf":[],"aioseo_notices":[],"yoast_head":"<!-- This site is optimized with the Yoast SEO Premium plugin v24.9 (Yoast SEO v27.2) - https:\/\/yoast.com\/product\/yoast-seo-premium-wordpress\/ -->\n<title>Presidente colombiano recibi\u00f3 el respaldo del Papa a la pol\u00edtica de acogida de venezolanos - Venezuela | Noti-America.com<\/title>\n<meta name=\"robots\" content=\"index, follow, max-snippet:-1, max-image-preview:large, max-video-preview:-1\" \/>\n<link rel=\"canonical\" href=\"https:\/\/noti-america.com\/site\/venezuela\/2018\/10\/22\/presidente-colombiano-recibio-el-respaldo-del-papa-a-la-politica-de-acogida-de-venezolanos\/\" \/>\n<meta property=\"og:locale\" content=\"es_ES\" \/>\n<meta property=\"og:type\" content=\"article\" \/>\n<meta property=\"og:title\" content=\"Presidente colombiano recibi\u00f3 el respaldo del Papa a la pol\u00edtica de acogida de venezolanos\" \/>\n<meta property=\"og:description\" content=\"El presidente colombiano, Iv\u00e1n Duque, asegur\u00f3 que durante su reuni\u00f3n de este lunes, el papa Francisco respald\u00f3 y exalt\u00f3 la pol\u00edtica de su pa\u00eds de acogida \u00abde brazos abiertos\u00bb de inmigrantes venezolanos. \u00abRecib\u00ed con&#046;&#046;&#046;\" \/>\n<meta property=\"og:url\" content=\"https:\/\/noti-america.com\/site\/venezuela\/2018\/10\/22\/presidente-colombiano-recibio-el-respaldo-del-papa-a-la-politica-de-acogida-de-venezolanos\/\" \/>\n<meta property=\"og:site_name\" content=\"Venezuela | Noti-America.com\" \/>\n<meta property=\"article:author\" content=\"https:\/\/www.facebook.com\/AndresSalazarTV\/\" \/>\n<meta property=\"article:published_time\" content=\"2018-10-22T16:28:16+00:00\" \/>\n<meta property=\"article:modified_time\" content=\"2018-10-22T21:28:20+00:00\" \/>\n<meta property=\"og:image\" content=\"https:\/\/noti-america.com\/site\/venezuela\/wp-content\/uploads\/sites\/2\/2018\/10\/0be3a41cd7624b2f95a360fa84b59889.jpg\" \/>\n\t<meta property=\"og:image:width\" content=\"847\" \/>\n\t<meta property=\"og:image:height\" content=\"477\" \/>\n\t<meta property=\"og:image:type\" content=\"image\/jpeg\" \/>\n<meta name=\"author\" content=\"Andr\u00e9s Salazar TV\" \/>\n<meta name=\"twitter:card\" content=\"summary_large_image\" \/>\n<meta name=\"twitter:label1\" content=\"Escrito por\" \/>\n\t<meta name=\"twitter:data1\" content=\"Andr\u00e9s Salazar TV\" \/>\n\t<meta name=\"twitter:label2\" content=\"Tiempo estimado de lectura\" \/>\n\t<meta name=\"twitter:data2\" content=\"2 minutos\" \/>\n<script type=\"application\/ld+json\" class=\"yoast-schema-graph\">{\"@context\":\"https:\/\/schema.org\",\"@graph\":[{\"@type\":\"Article\",\"@id\":\"https:\/\/noti-america.com\/site\/venezuela\/2018\/10\/22\/presidente-colombiano-recibio-el-respaldo-del-papa-a-la-politica-de-acogida-de-venezolanos\/#article\",\"isPartOf\":{\"@id\":\"https:\/\/noti-america.com\/site\/venezuela\/2018\/10\/22\/presidente-colombiano-recibio-el-respaldo-del-papa-a-la-politica-de-acogida-de-venezolanos\/\"},\"author\":{\"name\":\"Andr\u00e9s Salazar TV\",\"@id\":\"https:\/\/noti-america.com\/site\/venezuela\/#\/schema\/person\/5536bbfd0e2b9220dabb68be6a79e6a2\"},\"headline\":\"Presidente colombiano recibi\u00f3 el respaldo del Papa a la pol\u00edtica de acogida de venezolanos\",\"datePublished\":\"2018-10-22T16:28:16+00:00\",\"dateModified\":\"2018-10-22T21:28:20+00:00\",\"mainEntityOfPage\":{\"@id\":\"https:\/\/noti-america.com\/site\/venezuela\/2018\/10\/22\/presidente-colombiano-recibio-el-respaldo-del-papa-a-la-politica-de-acogida-de-venezolanos\/\"},\"wordCount\":413,\"commentCount\":0,\"publisher\":{\"@id\":\"https:\/\/noti-america.com\/site\/venezuela\/#organization\"},\"image\":{\"@id\":\"https:\/\/noti-america.com\/site\/venezuela\/2018\/10\/22\/presidente-colombiano-recibio-el-respaldo-del-papa-a-la-politica-de-acogida-de-venezolanos\/#primaryimage\"},\"thumbnailUrl\":\"https:\/\/noti-america.com\/site\/venezuela\/wp-content\/uploads\/sites\/2\/2018\/10\/0be3a41cd7624b2f95a360fa84b59889.jpg\",\"articleSection\":[\"Uncategorized\"],\"inLanguage\":\"es\",\"potentialAction\":[{\"@type\":\"CommentAction\",\"name\":\"Comment\",\"target\":[\"https:\/\/noti-america.com\/site\/venezuela\/2018\/10\/22\/presidente-colombiano-recibio-el-respaldo-del-papa-a-la-politica-de-acogida-de-venezolanos\/#respond\"]}]},{\"@type\":\"WebPage\",\"@id\":\"https:\/\/noti-america.com\/site\/venezuela\/2018\/10\/22\/presidente-colombiano-recibio-el-respaldo-del-papa-a-la-politica-de-acogida-de-venezolanos\/\",\"url\":\"https:\/\/noti-america.com\/site\/venezuela\/2018\/10\/22\/presidente-colombiano-recibio-el-respaldo-del-papa-a-la-politica-de-acogida-de-venezolanos\/\",\"name\":\"Presidente colombiano recibi\u00f3 el respaldo del Papa a la pol\u00edtica de acogida de venezolanos - Venezuela | Noti-America.com\",\"isPartOf\":{\"@id\":\"https:\/\/noti-america.com\/site\/venezuela\/#website\"},\"primaryImageOfPage\":{\"@id\":\"https:\/\/noti-america.com\/site\/venezuela\/2018\/10\/22\/presidente-colombiano-recibio-el-respaldo-del-papa-a-la-politica-de-acogida-de-venezolanos\/#primaryimage\"},\"image\":{\"@id\":\"https:\/\/noti-america.com\/site\/venezuela\/2018\/10\/22\/presidente-colombiano-recibio-el-respaldo-del-papa-a-la-politica-de-acogida-de-venezolanos\/#primaryimage\"},\"thumbnailUrl\":\"https:\/\/noti-america.com\/site\/venezuela\/wp-content\/uploads\/sites\/2\/2018\/10\/0be3a41cd7624b2f95a360fa84b59889.jpg\",\"datePublished\":\"2018-10-22T16:28:16+00:00\",\"dateModified\":\"2018-10-22T21:28:20+00:00\",\"breadcrumb\":{\"@id\":\"https:\/\/noti-america.com\/site\/venezuela\/2018\/10\/22\/presidente-colombiano-recibio-el-respaldo-del-papa-a-la-politica-de-acogida-de-venezolanos\/#breadcrumb\"},\"inLanguage\":\"es\",\"potentialAction\":[{\"@type\":\"ReadAction\",\"target\":[\"https:\/\/noti-america.com\/site\/venezuela\/2018\/10\/22\/presidente-colombiano-recibio-el-respaldo-del-papa-a-la-politica-de-acogida-de-venezolanos\/\"]}]},{\"@type\":\"ImageObject\",\"inLanguage\":\"es\",\"@id\":\"https:\/\/noti-america.com\/site\/venezuela\/2018\/10\/22\/presidente-colombiano-recibio-el-respaldo-del-papa-a-la-politica-de-acogida-de-venezolanos\/#primaryimage\",\"url\":\"https:\/\/noti-america.com\/site\/venezuela\/wp-content\/uploads\/sites\/2\/2018\/10\/0be3a41cd7624b2f95a360fa84b59889.jpg\",\"contentUrl\":\"https:\/\/noti-america.com\/site\/venezuela\/wp-content\/uploads\/sites\/2\/2018\/10\/0be3a41cd7624b2f95a360fa84b59889.jpg\",\"width\":847,\"height\":477},{\"@type\":\"BreadcrumbList\",\"@id\":\"https:\/\/noti-america.com\/site\/venezuela\/2018\/10\/22\/presidente-colombiano-recibio-el-respaldo-del-papa-a-la-politica-de-acogida-de-venezolanos\/#breadcrumb\",\"itemListElement\":[{\"@type\":\"ListItem\",\"position\":1,\"name\":\"Portada\",\"item\":\"https:\/\/noti-america.com\/site\/venezuela\/\"},{\"@type\":\"ListItem\",\"position\":2,\"name\":\"Presidente colombiano recibi\u00f3 el respaldo del Papa a la pol\u00edtica de acogida de venezolanos\"}]},{\"@type\":\"WebSite\",\"@id\":\"https:\/\/noti-america.com\/site\/venezuela\/#website\",\"url\":\"https:\/\/noti-america.com\/site\/venezuela\/\",\"name\":\"Venezuela | Noti-America.com\",\"description\":\"\",\"publisher\":{\"@id\":\"https:\/\/noti-america.com\/site\/venezuela\/#organization\"},\"potentialAction\":[{\"@type\":\"SearchAction\",\"target\":{\"@type\":\"EntryPoint\",\"urlTemplate\":\"https:\/\/noti-america.com\/site\/venezuela\/?s={search_term_string}\"},\"query-input\":{\"@type\":\"PropertyValueSpecification\",\"valueRequired\":true,\"valueName\":\"search_term_string\"}}],\"inLanguage\":\"es\"},{\"@type\":\"Organization\",\"@id\":\"https:\/\/noti-america.com\/site\/venezuela\/#organization\",\"name\":\"Noti-America LLC | Venezuela\",\"url\":\"https:\/\/noti-america.com\/site\/venezuela\/\",\"logo\":{\"@type\":\"ImageObject\",\"inLanguage\":\"es\",\"@id\":\"https:\/\/noti-america.com\/site\/venezuela\/#\/schema\/logo\/image\/\",\"url\":\"https:\/\/noti-america.com\/site\/venezuela\/wp-content\/uploads\/sites\/2\/2020\/07\/LogoNA-4x3-1.jpg\",\"contentUrl\":\"https:\/\/noti-america.com\/site\/venezuela\/wp-content\/uploads\/sites\/2\/2020\/07\/LogoNA-4x3-1.jpg\",\"width\":1236,\"height\":1080,\"caption\":\"Noti-America LLC | Venezuela\"},\"image\":{\"@id\":\"https:\/\/noti-america.com\/site\/venezuela\/#\/schema\/logo\/image\/\"}},{\"@type\":\"Person\",\"@id\":\"https:\/\/noti-america.com\/site\/venezuela\/#\/schema\/person\/5536bbfd0e2b9220dabb68be6a79e6a2\",\"name\":\"Andr\u00e9s Salazar TV\",\"image\":{\"@type\":\"ImageObject\",\"inLanguage\":\"es\",\"@id\":\"https:\/\/secure.gravatar.com\/avatar\/afe6826ba750395b641021d9bf08e5496b9d29671cfabb16346350901fb94310?s=96&d=mm&r=g\",\"url\":\"https:\/\/secure.gravatar.com\/avatar\/afe6826ba750395b641021d9bf08e5496b9d29671cfabb16346350901fb94310?s=96&d=mm&r=g\",\"contentUrl\":\"https:\/\/secure.gravatar.com\/avatar\/afe6826ba750395b641021d9bf08e5496b9d29671cfabb16346350901fb94310?s=96&d=mm&r=g\",\"caption\":\"Andr\u00e9s Salazar TV\"},\"description\":\"Periodista venezolano, especializado en deportes. Con m\u00e1s de 12 a\u00f1os de experiencia en medios de comunicaci\u00f3n. Cobertura informativa de los grandes eventos deportivos de Am\u00e9rica Latina y el Mundo.\",\"sameAs\":[\"https:\/\/www.facebook.com\/AndresSalazarTV\/\"],\"url\":\"https:\/\/noti-america.com\/site\/venezuela\/author\/asalazar\/\"}]}<\/script>\n<!-- \/ Yoast SEO Premium plugin. -->","yoast_head_json":{"title":"Presidente colombiano recibi\u00f3 el respaldo del Papa a la pol\u00edtica de acogida de venezolanos - Venezuela | Noti-America.com","robots":{"index":"index","follow":"follow","max-snippet":"max-snippet:-1","max-image-preview":"max-image-preview:large","max-video-preview":"max-video-preview:-1"},"canonical":"https:\/\/noti-america.com\/site\/venezuela\/2018\/10\/22\/presidente-colombiano-recibio-el-respaldo-del-papa-a-la-politica-de-acogida-de-venezolanos\/","og_locale":"es_ES","og_type":"article","og_title":"Presidente colombiano recibi\u00f3 el respaldo del Papa a la pol\u00edtica de acogida de venezolanos","og_description":"El presidente colombiano, Iv\u00e1n Duque, asegur\u00f3 que durante su reuni\u00f3n de este lunes, el papa Francisco respald\u00f3 y exalt\u00f3 la pol\u00edtica de su pa\u00eds de acogida \u00abde brazos abiertos\u00bb de inmigrantes venezolanos. \u00abRecib\u00ed con&#46;&#46;&#46;","og_url":"https:\/\/noti-america.com\/site\/venezuela\/2018\/10\/22\/presidente-colombiano-recibio-el-respaldo-del-papa-a-la-politica-de-acogida-de-venezolanos\/","og_site_name":"Venezuela | Noti-America.com","article_author":"https:\/\/www.facebook.com\/AndresSalazarTV\/","article_published_time":"2018-10-22T16:28:16+00:00","article_modified_time":"2018-10-22T21:28:20+00:00","og_image":[{"width":847,"height":477,"url":"https:\/\/noti-america.com\/site\/venezuela\/wp-content\/uploads\/sites\/2\/2018\/10\/0be3a41cd7624b2f95a360fa84b59889.jpg","type":"image\/jpeg"}],"author":"Andr\u00e9s Salazar TV","twitter_card":"summary_large_image","twitter_misc":{"Escrito por":"Andr\u00e9s Salazar TV","Tiempo estimado de lectura":"2 minutos"},"schema":{"@context":"https:\/\/schema.org","@graph":[{"@type":"Article","@id":"https:\/\/noti-america.com\/site\/venezuela\/2018\/10\/22\/presidente-colombiano-recibio-el-respaldo-del-papa-a-la-politica-de-acogida-de-venezolanos\/#article","isPartOf":{"@id":"https:\/\/noti-america.com\/site\/venezuela\/2018\/10\/22\/presidente-colombiano-recibio-el-respaldo-del-papa-a-la-politica-de-acogida-de-venezolanos\/"},"author":{"name":"Andr\u00e9s Salazar TV","@id":"https:\/\/noti-america.com\/site\/venezuela\/#\/schema\/person\/5536bbfd0e2b9220dabb68be6a79e6a2"},"headline":"Presidente colombiano recibi\u00f3 el respaldo del Papa a la pol\u00edtica de acogida de venezolanos","datePublished":"2018-10-22T16:28:16+00:00","dateModified":"2018-10-22T21:28:20+00:00","mainEntityOfPage":{"@id":"https:\/\/noti-america.com\/site\/venezuela\/2018\/10\/22\/presidente-colombiano-recibio-el-respaldo-del-papa-a-la-politica-de-acogida-de-venezolanos\/"},"wordCount":413,"commentCount":0,"publisher":{"@id":"https:\/\/noti-america.com\/site\/venezuela\/#organization"},"image":{"@id":"https:\/\/noti-america.com\/site\/venezuela\/2018\/10\/22\/presidente-colombiano-recibio-el-respaldo-del-papa-a-la-politica-de-acogida-de-venezolanos\/#primaryimage"},"thumbnailUrl":"https:\/\/noti-america.com\/site\/venezuela\/wp-content\/uploads\/sites\/2\/2018\/10\/0be3a41cd7624b2f95a360fa84b59889.jpg","articleSection":["Uncategorized"],"inLanguage":"es","potentialAction":[{"@type":"CommentAction","name":"Comment","target":["https:\/\/noti-america.com\/site\/venezuela\/2018\/10\/22\/presidente-colombiano-recibio-el-respaldo-del-papa-a-la-politica-de-acogida-de-venezolanos\/#respond"]}]},{"@type":"WebPage","@id":"https:\/\/noti-america.com\/site\/venezuela\/2018\/10\/22\/presidente-colombiano-recibio-el-respaldo-del-papa-a-la-politica-de-acogida-de-venezolanos\/","url":"https:\/\/noti-america.com\/site\/venezuela\/2018\/10\/22\/presidente-colombiano-recibio-el-respaldo-del-papa-a-la-politica-de-acogida-de-venezolanos\/","name":"Presidente colombiano recibi\u00f3 el respaldo del Papa a la pol\u00edtica de acogida de venezolanos - Venezuela | Noti-America.com","isPartOf":{"@id":"https:\/\/noti-america.com\/site\/venezuela\/#website"},"primaryImageOfPage":{"@id":"https:\/\/noti-america.com\/site\/venezuela\/2018\/10\/22\/presidente-colombiano-recibio-el-respaldo-del-papa-a-la-politica-de-acogida-de-venezolanos\/#primaryimage"},"image":{"@id":"https:\/\/noti-america.com\/site\/venezuela\/2018\/10\/22\/presidente-colombiano-recibio-el-respaldo-del-papa-a-la-politica-de-acogida-de-venezolanos\/#primaryimage"},"thumbnailUrl":"https:\/\/noti-america.com\/site\/venezuela\/wp-content\/uploads\/sites\/2\/2018\/10\/0be3a41cd7624b2f95a360fa84b59889.jpg","datePublished":"2018-10-22T16:28:16+00:00","dateModified":"2018-10-22T21:28:20+00:00","breadcrumb":{"@id":"https:\/\/noti-america.com\/site\/venezuela\/2018\/10\/22\/presidente-colombiano-recibio-el-respaldo-del-papa-a-la-politica-de-acogida-de-venezolanos\/#breadcrumb"},"inLanguage":"es","potentialAction":[{"@type":"ReadAction","target":["https:\/\/noti-america.com\/site\/venezuela\/2018\/10\/22\/presidente-colombiano-recibio-el-respaldo-del-papa-a-la-politica-de-acogida-de-venezolanos\/"]}]},{"@type":"ImageObject","inLanguage":"es","@id":"https:\/\/noti-america.com\/site\/venezuela\/2018\/10\/22\/presidente-colombiano-recibio-el-respaldo-del-papa-a-la-politica-de-acogida-de-venezolanos\/#primaryimage","url":"https:\/\/noti-america.com\/site\/venezuela\/wp-content\/uploads\/sites\/2\/2018\/10\/0be3a41cd7624b2f95a360fa84b59889.jpg","contentUrl":"https:\/\/noti-america.com\/site\/venezuela\/wp-content\/uploads\/sites\/2\/2018\/10\/0be3a41cd7624b2f95a360fa84b59889.jpg","width":847,"height":477},{"@type":"BreadcrumbList","@id":"https:\/\/noti-america.com\/site\/venezuela\/2018\/10\/22\/presidente-colombiano-recibio-el-respaldo-del-papa-a-la-politica-de-acogida-de-venezolanos\/#breadcrumb","itemListElement":[{"@type":"ListItem","position":1,"name":"Portada","item":"https:\/\/noti-america.com\/site\/venezuela\/"},{"@type":"ListItem","position":2,"name":"Presidente colombiano recibi\u00f3 el respaldo del Papa a la pol\u00edtica de acogida de venezolanos"}]},{"@type":"WebSite","@id":"https:\/\/noti-america.com\/site\/venezuela\/#website","url":"https:\/\/noti-america.com\/site\/venezuela\/","name":"Venezuela | Noti-America.com","description":"","publisher":{"@id":"https:\/\/noti-america.com\/site\/venezuela\/#organization"},"potentialAction":[{"@type":"SearchAction","target":{"@type":"EntryPoint","urlTemplate":"https:\/\/noti-america.com\/site\/venezuela\/?s={search_term_string}"},"query-input":{"@type":"PropertyValueSpecification","valueRequired":true,"valueName":"search_term_string"}}],"inLanguage":"es"},{"@type":"Organization","@id":"https:\/\/noti-america.com\/site\/venezuela\/#organization","name":"Noti-America LLC | Venezuela","url":"https:\/\/noti-america.com\/site\/venezuela\/","logo":{"@type":"ImageObject","inLanguage":"es","@id":"https:\/\/noti-america.com\/site\/venezuela\/#\/schema\/logo\/image\/","url":"https:\/\/noti-america.com\/site\/venezuela\/wp-content\/uploads\/sites\/2\/2020\/07\/LogoNA-4x3-1.jpg","contentUrl":"https:\/\/noti-america.com\/site\/venezuela\/wp-content\/uploads\/sites\/2\/2020\/07\/LogoNA-4x3-1.jpg","width":1236,"height":1080,"caption":"Noti-America LLC | Venezuela"},"image":{"@id":"https:\/\/noti-america.com\/site\/venezuela\/#\/schema\/logo\/image\/"}},{"@type":"Person","@id":"https:\/\/noti-america.com\/site\/venezuela\/#\/schema\/person\/5536bbfd0e2b9220dabb68be6a79e6a2","name":"Andr\u00e9s Salazar TV","image":{"@type":"ImageObject","inLanguage":"es","@id":"https:\/\/secure.gravatar.com\/avatar\/afe6826ba750395b641021d9bf08e5496b9d29671cfabb16346350901fb94310?s=96&d=mm&r=g","url":"https:\/\/secure.gravatar.com\/avatar\/afe6826ba750395b641021d9bf08e5496b9d29671cfabb16346350901fb94310?s=96&d=mm&r=g","contentUrl":"https:\/\/secure.gravatar.com\/avatar\/afe6826ba750395b641021d9bf08e5496b9d29671cfabb16346350901fb94310?s=96&d=mm&r=g","caption":"Andr\u00e9s Salazar TV"},"description":"Periodista venezolano, especializado en deportes. Con m\u00e1s de 12 a\u00f1os de experiencia en medios de comunicaci\u00f3n. Cobertura informativa de los grandes eventos deportivos de Am\u00e9rica Latina y el Mundo.","sameAs":["https:\/\/www.facebook.com\/AndresSalazarTV\/"],"url":"https:\/\/noti-america.com\/site\/venezuela\/author\/asalazar\/"}]}},"_links":{"self":[{"href":"https:\/\/noti-america.com\/site\/venezuela\/wp-json\/wp\/v2\/posts\/3566","targetHints":{"allow":["GET"]}}],"collection":[{"href":"https:\/\/noti-america.com\/site\/venezuela\/wp-json\/wp\/v2\/posts"}],"about":[{"href":"https:\/\/noti-america.com\/site\/venezuela\/wp-json\/wp\/v2\/types\/post"}],"author":[{"embeddable":true,"href":"https:\/\/noti-america.com\/site\/venezuela\/wp-json\/wp\/v2\/users\/4"}],"replies":[{"embeddable":true,"href":"https:\/\/noti-america.com\/site\/venezuela\/wp-json\/wp\/v2\/comments?post=3566"}],"version-history":[{"count":1,"href":"https:\/\/noti-america.com\/site\/venezuela\/wp-json\/wp\/v2\/posts\/3566\/revisions"}],"predecessor-version":[{"id":3568,"href":"https:\/\/noti-america.com\/site\/venezuela\/wp-json\/wp\/v2\/posts\/3566\/revisions\/3568"}],"wp:featuredmedia":[{"embeddable":true,"href":"https:\/\/noti-america.com\/site\/venezuela\/wp-json\/wp\/v2\/media\/3567"}],"wp:attachment":[{"href":"https:\/\/noti-america.com\/site\/venezuela\/wp-json\/wp\/v2\/media?parent=3566"}],"wp:term":[{"taxonomy":"category","embeddable":true,"href":"https:\/\/noti-america.com\/site\/venezuela\/wp-json\/wp\/v2\/categories?post=3566"},{"taxonomy":"post_tag","embeddable":true,"href":"https:\/\/noti-america.com\/site\/venezuela\/wp-json\/wp\/v2\/tags?post=3566"}],"curies":[{"name":"wp","href":"https:\/\/api.w.org\/{rel}","templated":true}]}}