{"id":35613,"date":"2024-02-28T15:15:11","date_gmt":"2024-02-28T15:15:11","guid":{"rendered":"https:\/\/noti-america.com\/site\/venezuela\/?p=35613"},"modified":"2024-02-28T15:15:12","modified_gmt":"2024-02-28T15:15:12","slug":"rafael-pollo-brito-celebra-con-conciertos-el-estar-de-vuelta-en-casa","status":"publish","type":"post","link":"https:\/\/noti-america.com\/site\/venezuela\/2024\/02\/28\/rafael-pollo-brito-celebra-con-conciertos-el-estar-de-vuelta-en-casa\/","title":{"rendered":"Rafael \u201cPollo\u201d Brito celebra con conciertos el estar \u201cDe vuelta en casa\u201d"},"content":{"rendered":"<p><strong>Rafael Pollo Brito<\/strong>\u00a0celebra en grande su regreso a Venezuela con la gira de conciertos \u201cDe vuelta en casa\u201d.\u00a0El popular cantautor y m\u00fasico se reencontrar\u00e1 con el p\u00fablico en tres \u00fanicas presentaciones.<\/p>\n<p>El jueves 29 de febrero cantar\u00e1 en la carpa del Hotel Tamanaco, en Caracas;\u00a0el viernes 01 de marzo se presentar\u00e1 en el Tibisay Hotel del Lago, en Maracaibo, y el s\u00e1bado 02 de marzo har\u00e1 lo propio en el Hotel Trinitarias Suites.<\/p>\n<p>Emocionado por estar nuevamente en los escenarios nacionales, el Pollo prepara un show inolvidable que ser\u00e1 al mismo tiempo una celebraci\u00f3n llena de nostalgia.<\/p>\n<p>Ganador del Latin Grammy en 2014 junto a C4 Tr\u00edo, Brito est\u00e1 de regreso al pa\u00eds tras siete a\u00f1os de ausencia, tiempo en el que su carrera sigui\u00f3 sumando canciones y reconocimientos de la industria musical, como la nominaci\u00f3n a los Grammy Awards en 2023 por su colaboraci\u00f3n con Mimy y Tony Succar en el tema Chabuca Lime\u00f1a.<\/p>\n<p>Rafael \u201cPollo\u201d Brito ha visitado m\u00e1s de 30 pa\u00edses y ha hecho del cuatro su bandera, llegando a impartir clases de este instrumento en la Universidad de Tokio.<\/p>\n<p>A finales de 2023, el m\u00fasico e int\u00e9rprete lanz\u00f3 \u00abUsted s\u00ed es bonita\u00bb, canci\u00f3n dedicada a su esposa Carmen Cecilia, en la que cuenta c\u00f3mo se conocieron y todo lo que tuvo que hacer para conquistarla.<\/p>\n","protected":false},"excerpt":{"rendered":"<p>Rafael Pollo Brito\u00a0celebra en grande su regreso a Venezuela con la gira de conciertos \u201cDe vuelta en casa\u201d.\u00a0El popular cantautor y m\u00fasico se reencontrar\u00e1 con el p\u00fablico en tres \u00fanicas presentaciones. El jueves 29&#46;&#46;&#46;<\/p>\n","protected":false},"author":127,"featured_media":35614,"comment_status":"open","ping_status":"open","sticky":false,"template":"","format":"image","meta":{"_acf_changed":false,"om_disable_all_campaigns":false,"rop_custom_images_group":[],"rop_custom_messages_group":[],"rop_publish_now":"initial","rop_publish_now_accounts":{"twitter_242054905_242054905":""},"rop_publish_now_history":[],"rop_publish_now_status":"pending","_uf_show_specific_survey":0,"_uf_disable_surveys":false,"footnotes":""},"categories":[34],"tags":[],"class_list":["post-35613","post","type-post","status-publish","format-image","has-post-thumbnail","hentry","category-musica","post_format-post-format-image"],"acf":[],"aioseo_notices":[],"yoast_head":"<!-- This site is optimized with the Yoast SEO Premium plugin v24.9 (Yoast SEO v27.2) - https:\/\/yoast.com\/product\/yoast-seo-premium-wordpress\/ -->\n<title>Rafael \u201cPollo\u201d Brito celebra con conciertos el estar \u201cDe vuelta en casa\u201d - Venezuela | Noti-America.com<\/title>\n<meta name=\"robots\" content=\"index, follow, max-snippet:-1, max-image-preview:large, max-video-preview:-1\" \/>\n<link rel=\"canonical\" href=\"https:\/\/noti-america.com\/site\/venezuela\/2024\/02\/28\/rafael-pollo-brito-celebra-con-conciertos-el-estar-de-vuelta-en-casa\/\" \/>\n<meta property=\"og:locale\" content=\"es_ES\" \/>\n<meta property=\"og:type\" content=\"article\" \/>\n<meta property=\"og:title\" content=\"Rafael \u201cPollo\u201d Brito celebra con conciertos el estar \u201cDe vuelta en casa\u201d\" \/>\n<meta property=\"og:description\" content=\"Rafael Pollo Brito\u00a0celebra en grande su regreso a Venezuela con la gira de conciertos \u201cDe vuelta en casa\u201d.\u00a0El popular cantautor y m\u00fasico se reencontrar\u00e1 con el p\u00fablico en tres \u00fanicas presentaciones. El jueves 29&#046;&#046;&#046;\" \/>\n<meta property=\"og:url\" content=\"https:\/\/noti-america.com\/site\/venezuela\/2024\/02\/28\/rafael-pollo-brito-celebra-con-conciertos-el-estar-de-vuelta-en-casa\/\" \/>\n<meta property=\"og:site_name\" content=\"Venezuela | Noti-America.com\" \/>\n<meta property=\"article:published_time\" content=\"2024-02-28T15:15:11+00:00\" \/>\n<meta property=\"article:modified_time\" content=\"2024-02-28T15:15:12+00:00\" \/>\n<meta property=\"og:image\" content=\"https:\/\/noti-america.com\/site\/venezuela\/wp-content\/uploads\/sites\/2\/2024\/02\/IMG_2288-1-scaled-1.jpg\" \/>\n\t<meta property=\"og:image:width\" content=\"2560\" \/>\n\t<meta property=\"og:image:height\" content=\"1707\" \/>\n\t<meta property=\"og:image:type\" content=\"image\/jpeg\" \/>\n<meta name=\"author\" content=\"Yoelvzla\" \/>\n<meta name=\"twitter:card\" content=\"summary_large_image\" \/>\n<meta name=\"twitter:label1\" content=\"Escrito por\" \/>\n\t<meta name=\"twitter:data1\" content=\"Yoelvzla\" \/>\n\t<meta name=\"twitter:label2\" content=\"Tiempo estimado de lectura\" \/>\n\t<meta name=\"twitter:data2\" content=\"2 minutos\" \/>\n<script type=\"application\/ld+json\" class=\"yoast-schema-graph\">{\"@context\":\"https:\/\/schema.org\",\"@graph\":[{\"@type\":\"Article\",\"@id\":\"https:\/\/noti-america.com\/site\/venezuela\/2024\/02\/28\/rafael-pollo-brito-celebra-con-conciertos-el-estar-de-vuelta-en-casa\/#article\",\"isPartOf\":{\"@id\":\"https:\/\/noti-america.com\/site\/venezuela\/2024\/02\/28\/rafael-pollo-brito-celebra-con-conciertos-el-estar-de-vuelta-en-casa\/\"},\"author\":{\"name\":\"Yoelvzla\",\"@id\":\"https:\/\/noti-america.com\/site\/venezuela\/#\/schema\/person\/376ccc7b3cc7a8d5a43c3ece07a43857\"},\"headline\":\"Rafael \u201cPollo\u201d Brito celebra con conciertos el estar \u201cDe vuelta en casa\u201d\",\"datePublished\":\"2024-02-28T15:15:11+00:00\",\"dateModified\":\"2024-02-28T15:15:12+00:00\",\"mainEntityOfPage\":{\"@id\":\"https:\/\/noti-america.com\/site\/venezuela\/2024\/02\/28\/rafael-pollo-brito-celebra-con-conciertos-el-estar-de-vuelta-en-casa\/\"},\"wordCount\":243,\"commentCount\":0,\"publisher\":{\"@id\":\"https:\/\/noti-america.com\/site\/venezuela\/#organization\"},\"image\":{\"@id\":\"https:\/\/noti-america.com\/site\/venezuela\/2024\/02\/28\/rafael-pollo-brito-celebra-con-conciertos-el-estar-de-vuelta-en-casa\/#primaryimage\"},\"thumbnailUrl\":\"https:\/\/noti-america.com\/site\/venezuela\/wp-content\/uploads\/sites\/2\/2024\/02\/IMG_2288-1-scaled-1.jpg\",\"articleSection\":[\"M\u00fasica\"],\"inLanguage\":\"es\",\"potentialAction\":[{\"@type\":\"CommentAction\",\"name\":\"Comment\",\"target\":[\"https:\/\/noti-america.com\/site\/venezuela\/2024\/02\/28\/rafael-pollo-brito-celebra-con-conciertos-el-estar-de-vuelta-en-casa\/#respond\"]}]},{\"@type\":\"WebPage\",\"@id\":\"https:\/\/noti-america.com\/site\/venezuela\/2024\/02\/28\/rafael-pollo-brito-celebra-con-conciertos-el-estar-de-vuelta-en-casa\/\",\"url\":\"https:\/\/noti-america.com\/site\/venezuela\/2024\/02\/28\/rafael-pollo-brito-celebra-con-conciertos-el-estar-de-vuelta-en-casa\/\",\"name\":\"Rafael \u201cPollo\u201d Brito celebra con conciertos el estar \u201cDe vuelta en casa\u201d - Venezuela | Noti-America.com\",\"isPartOf\":{\"@id\":\"https:\/\/noti-america.com\/site\/venezuela\/#website\"},\"primaryImageOfPage\":{\"@id\":\"https:\/\/noti-america.com\/site\/venezuela\/2024\/02\/28\/rafael-pollo-brito-celebra-con-conciertos-el-estar-de-vuelta-en-casa\/#primaryimage\"},\"image\":{\"@id\":\"https:\/\/noti-america.com\/site\/venezuela\/2024\/02\/28\/rafael-pollo-brito-celebra-con-conciertos-el-estar-de-vuelta-en-casa\/#primaryimage\"},\"thumbnailUrl\":\"https:\/\/noti-america.com\/site\/venezuela\/wp-content\/uploads\/sites\/2\/2024\/02\/IMG_2288-1-scaled-1.jpg\",\"datePublished\":\"2024-02-28T15:15:11+00:00\",\"dateModified\":\"2024-02-28T15:15:12+00:00\",\"breadcrumb\":{\"@id\":\"https:\/\/noti-america.com\/site\/venezuela\/2024\/02\/28\/rafael-pollo-brito-celebra-con-conciertos-el-estar-de-vuelta-en-casa\/#breadcrumb\"},\"inLanguage\":\"es\",\"potentialAction\":[{\"@type\":\"ReadAction\",\"target\":[\"https:\/\/noti-america.com\/site\/venezuela\/2024\/02\/28\/rafael-pollo-brito-celebra-con-conciertos-el-estar-de-vuelta-en-casa\/\"]}]},{\"@type\":\"ImageObject\",\"inLanguage\":\"es\",\"@id\":\"https:\/\/noti-america.com\/site\/venezuela\/2024\/02\/28\/rafael-pollo-brito-celebra-con-conciertos-el-estar-de-vuelta-en-casa\/#primaryimage\",\"url\":\"https:\/\/noti-america.com\/site\/venezuela\/wp-content\/uploads\/sites\/2\/2024\/02\/IMG_2288-1-scaled-1.jpg\",\"contentUrl\":\"https:\/\/noti-america.com\/site\/venezuela\/wp-content\/uploads\/sites\/2\/2024\/02\/IMG_2288-1-scaled-1.jpg\",\"width\":2560,\"height\":1707},{\"@type\":\"BreadcrumbList\",\"@id\":\"https:\/\/noti-america.com\/site\/venezuela\/2024\/02\/28\/rafael-pollo-brito-celebra-con-conciertos-el-estar-de-vuelta-en-casa\/#breadcrumb\",\"itemListElement\":[{\"@type\":\"ListItem\",\"position\":1,\"name\":\"Portada\",\"item\":\"https:\/\/noti-america.com\/site\/venezuela\/\"},{\"@type\":\"ListItem\",\"position\":2,\"name\":\"Rafael \u201cPollo\u201d Brito celebra con conciertos el estar \u201cDe vuelta en casa\u201d\"}]},{\"@type\":\"WebSite\",\"@id\":\"https:\/\/noti-america.com\/site\/venezuela\/#website\",\"url\":\"https:\/\/noti-america.com\/site\/venezuela\/\",\"name\":\"Venezuela | Noti-America.com\",\"description\":\"\",\"publisher\":{\"@id\":\"https:\/\/noti-america.com\/site\/venezuela\/#organization\"},\"potentialAction\":[{\"@type\":\"SearchAction\",\"target\":{\"@type\":\"EntryPoint\",\"urlTemplate\":\"https:\/\/noti-america.com\/site\/venezuela\/?s={search_term_string}\"},\"query-input\":{\"@type\":\"PropertyValueSpecification\",\"valueRequired\":true,\"valueName\":\"search_term_string\"}}],\"inLanguage\":\"es\"},{\"@type\":\"Organization\",\"@id\":\"https:\/\/noti-america.com\/site\/venezuela\/#organization\",\"name\":\"Noti-America LLC | Venezuela\",\"url\":\"https:\/\/noti-america.com\/site\/venezuela\/\",\"logo\":{\"@type\":\"ImageObject\",\"inLanguage\":\"es\",\"@id\":\"https:\/\/noti-america.com\/site\/venezuela\/#\/schema\/logo\/image\/\",\"url\":\"https:\/\/noti-america.com\/site\/venezuela\/wp-content\/uploads\/sites\/2\/2020\/07\/LogoNA-4x3-1.jpg\",\"contentUrl\":\"https:\/\/noti-america.com\/site\/venezuela\/wp-content\/uploads\/sites\/2\/2020\/07\/LogoNA-4x3-1.jpg\",\"width\":1236,\"height\":1080,\"caption\":\"Noti-America LLC | Venezuela\"},\"image\":{\"@id\":\"https:\/\/noti-america.com\/site\/venezuela\/#\/schema\/logo\/image\/\"}},{\"@type\":\"Person\",\"@id\":\"https:\/\/noti-america.com\/site\/venezuela\/#\/schema\/person\/376ccc7b3cc7a8d5a43c3ece07a43857\",\"name\":\"Yoelvzla\",\"image\":{\"@type\":\"ImageObject\",\"inLanguage\":\"es\",\"@id\":\"https:\/\/secure.gravatar.com\/avatar\/13a96a72123e0e9aa76fe82e8847f726c63a1c5ef6a8d0fadd844c1a5a83b212?s=96&d=mm&r=g\",\"url\":\"https:\/\/secure.gravatar.com\/avatar\/13a96a72123e0e9aa76fe82e8847f726c63a1c5ef6a8d0fadd844c1a5a83b212?s=96&d=mm&r=g\",\"contentUrl\":\"https:\/\/secure.gravatar.com\/avatar\/13a96a72123e0e9aa76fe82e8847f726c63a1c5ef6a8d0fadd844c1a5a83b212?s=96&d=mm&r=g\",\"caption\":\"Yoelvzla\"},\"url\":\"https:\/\/noti-america.com\/site\/venezuela\/author\/ydiaz\/\"}]}<\/script>\n<!-- \/ Yoast SEO Premium plugin. -->","yoast_head_json":{"title":"Rafael \u201cPollo\u201d Brito celebra con conciertos el estar \u201cDe vuelta en casa\u201d - Venezuela | Noti-America.com","robots":{"index":"index","follow":"follow","max-snippet":"max-snippet:-1","max-image-preview":"max-image-preview:large","max-video-preview":"max-video-preview:-1"},"canonical":"https:\/\/noti-america.com\/site\/venezuela\/2024\/02\/28\/rafael-pollo-brito-celebra-con-conciertos-el-estar-de-vuelta-en-casa\/","og_locale":"es_ES","og_type":"article","og_title":"Rafael \u201cPollo\u201d Brito celebra con conciertos el estar \u201cDe vuelta en casa\u201d","og_description":"Rafael Pollo Brito\u00a0celebra en grande su regreso a Venezuela con la gira de conciertos \u201cDe vuelta en casa\u201d.\u00a0El popular cantautor y m\u00fasico se reencontrar\u00e1 con el p\u00fablico en tres \u00fanicas presentaciones. El jueves 29&#46;&#46;&#46;","og_url":"https:\/\/noti-america.com\/site\/venezuela\/2024\/02\/28\/rafael-pollo-brito-celebra-con-conciertos-el-estar-de-vuelta-en-casa\/","og_site_name":"Venezuela | Noti-America.com","article_published_time":"2024-02-28T15:15:11+00:00","article_modified_time":"2024-02-28T15:15:12+00:00","og_image":[{"width":2560,"height":1707,"url":"https:\/\/noti-america.com\/site\/venezuela\/wp-content\/uploads\/sites\/2\/2024\/02\/IMG_2288-1-scaled-1.jpg","type":"image\/jpeg"}],"author":"Yoelvzla","twitter_card":"summary_large_image","twitter_misc":{"Escrito por":"Yoelvzla","Tiempo estimado de lectura":"2 minutos"},"schema":{"@context":"https:\/\/schema.org","@graph":[{"@type":"Article","@id":"https:\/\/noti-america.com\/site\/venezuela\/2024\/02\/28\/rafael-pollo-brito-celebra-con-conciertos-el-estar-de-vuelta-en-casa\/#article","isPartOf":{"@id":"https:\/\/noti-america.com\/site\/venezuela\/2024\/02\/28\/rafael-pollo-brito-celebra-con-conciertos-el-estar-de-vuelta-en-casa\/"},"author":{"name":"Yoelvzla","@id":"https:\/\/noti-america.com\/site\/venezuela\/#\/schema\/person\/376ccc7b3cc7a8d5a43c3ece07a43857"},"headline":"Rafael \u201cPollo\u201d Brito celebra con conciertos el estar \u201cDe vuelta en casa\u201d","datePublished":"2024-02-28T15:15:11+00:00","dateModified":"2024-02-28T15:15:12+00:00","mainEntityOfPage":{"@id":"https:\/\/noti-america.com\/site\/venezuela\/2024\/02\/28\/rafael-pollo-brito-celebra-con-conciertos-el-estar-de-vuelta-en-casa\/"},"wordCount":243,"commentCount":0,"publisher":{"@id":"https:\/\/noti-america.com\/site\/venezuela\/#organization"},"image":{"@id":"https:\/\/noti-america.com\/site\/venezuela\/2024\/02\/28\/rafael-pollo-brito-celebra-con-conciertos-el-estar-de-vuelta-en-casa\/#primaryimage"},"thumbnailUrl":"https:\/\/noti-america.com\/site\/venezuela\/wp-content\/uploads\/sites\/2\/2024\/02\/IMG_2288-1-scaled-1.jpg","articleSection":["M\u00fasica"],"inLanguage":"es","potentialAction":[{"@type":"CommentAction","name":"Comment","target":["https:\/\/noti-america.com\/site\/venezuela\/2024\/02\/28\/rafael-pollo-brito-celebra-con-conciertos-el-estar-de-vuelta-en-casa\/#respond"]}]},{"@type":"WebPage","@id":"https:\/\/noti-america.com\/site\/venezuela\/2024\/02\/28\/rafael-pollo-brito-celebra-con-conciertos-el-estar-de-vuelta-en-casa\/","url":"https:\/\/noti-america.com\/site\/venezuela\/2024\/02\/28\/rafael-pollo-brito-celebra-con-conciertos-el-estar-de-vuelta-en-casa\/","name":"Rafael \u201cPollo\u201d Brito celebra con conciertos el estar \u201cDe vuelta en casa\u201d - Venezuela | Noti-America.com","isPartOf":{"@id":"https:\/\/noti-america.com\/site\/venezuela\/#website"},"primaryImageOfPage":{"@id":"https:\/\/noti-america.com\/site\/venezuela\/2024\/02\/28\/rafael-pollo-brito-celebra-con-conciertos-el-estar-de-vuelta-en-casa\/#primaryimage"},"image":{"@id":"https:\/\/noti-america.com\/site\/venezuela\/2024\/02\/28\/rafael-pollo-brito-celebra-con-conciertos-el-estar-de-vuelta-en-casa\/#primaryimage"},"thumbnailUrl":"https:\/\/noti-america.com\/site\/venezuela\/wp-content\/uploads\/sites\/2\/2024\/02\/IMG_2288-1-scaled-1.jpg","datePublished":"2024-02-28T15:15:11+00:00","dateModified":"2024-02-28T15:15:12+00:00","breadcrumb":{"@id":"https:\/\/noti-america.com\/site\/venezuela\/2024\/02\/28\/rafael-pollo-brito-celebra-con-conciertos-el-estar-de-vuelta-en-casa\/#breadcrumb"},"inLanguage":"es","potentialAction":[{"@type":"ReadAction","target":["https:\/\/noti-america.com\/site\/venezuela\/2024\/02\/28\/rafael-pollo-brito-celebra-con-conciertos-el-estar-de-vuelta-en-casa\/"]}]},{"@type":"ImageObject","inLanguage":"es","@id":"https:\/\/noti-america.com\/site\/venezuela\/2024\/02\/28\/rafael-pollo-brito-celebra-con-conciertos-el-estar-de-vuelta-en-casa\/#primaryimage","url":"https:\/\/noti-america.com\/site\/venezuela\/wp-content\/uploads\/sites\/2\/2024\/02\/IMG_2288-1-scaled-1.jpg","contentUrl":"https:\/\/noti-america.com\/site\/venezuela\/wp-content\/uploads\/sites\/2\/2024\/02\/IMG_2288-1-scaled-1.jpg","width":2560,"height":1707},{"@type":"BreadcrumbList","@id":"https:\/\/noti-america.com\/site\/venezuela\/2024\/02\/28\/rafael-pollo-brito-celebra-con-conciertos-el-estar-de-vuelta-en-casa\/#breadcrumb","itemListElement":[{"@type":"ListItem","position":1,"name":"Portada","item":"https:\/\/noti-america.com\/site\/venezuela\/"},{"@type":"ListItem","position":2,"name":"Rafael \u201cPollo\u201d Brito celebra con conciertos el estar \u201cDe vuelta en casa\u201d"}]},{"@type":"WebSite","@id":"https:\/\/noti-america.com\/site\/venezuela\/#website","url":"https:\/\/noti-america.com\/site\/venezuela\/","name":"Venezuela | Noti-America.com","description":"","publisher":{"@id":"https:\/\/noti-america.com\/site\/venezuela\/#organization"},"potentialAction":[{"@type":"SearchAction","target":{"@type":"EntryPoint","urlTemplate":"https:\/\/noti-america.com\/site\/venezuela\/?s={search_term_string}"},"query-input":{"@type":"PropertyValueSpecification","valueRequired":true,"valueName":"search_term_string"}}],"inLanguage":"es"},{"@type":"Organization","@id":"https:\/\/noti-america.com\/site\/venezuela\/#organization","name":"Noti-America LLC | Venezuela","url":"https:\/\/noti-america.com\/site\/venezuela\/","logo":{"@type":"ImageObject","inLanguage":"es","@id":"https:\/\/noti-america.com\/site\/venezuela\/#\/schema\/logo\/image\/","url":"https:\/\/noti-america.com\/site\/venezuela\/wp-content\/uploads\/sites\/2\/2020\/07\/LogoNA-4x3-1.jpg","contentUrl":"https:\/\/noti-america.com\/site\/venezuela\/wp-content\/uploads\/sites\/2\/2020\/07\/LogoNA-4x3-1.jpg","width":1236,"height":1080,"caption":"Noti-America LLC | Venezuela"},"image":{"@id":"https:\/\/noti-america.com\/site\/venezuela\/#\/schema\/logo\/image\/"}},{"@type":"Person","@id":"https:\/\/noti-america.com\/site\/venezuela\/#\/schema\/person\/376ccc7b3cc7a8d5a43c3ece07a43857","name":"Yoelvzla","image":{"@type":"ImageObject","inLanguage":"es","@id":"https:\/\/secure.gravatar.com\/avatar\/13a96a72123e0e9aa76fe82e8847f726c63a1c5ef6a8d0fadd844c1a5a83b212?s=96&d=mm&r=g","url":"https:\/\/secure.gravatar.com\/avatar\/13a96a72123e0e9aa76fe82e8847f726c63a1c5ef6a8d0fadd844c1a5a83b212?s=96&d=mm&r=g","contentUrl":"https:\/\/secure.gravatar.com\/avatar\/13a96a72123e0e9aa76fe82e8847f726c63a1c5ef6a8d0fadd844c1a5a83b212?s=96&d=mm&r=g","caption":"Yoelvzla"},"url":"https:\/\/noti-america.com\/site\/venezuela\/author\/ydiaz\/"}]}},"_links":{"self":[{"href":"https:\/\/noti-america.com\/site\/venezuela\/wp-json\/wp\/v2\/posts\/35613","targetHints":{"allow":["GET"]}}],"collection":[{"href":"https:\/\/noti-america.com\/site\/venezuela\/wp-json\/wp\/v2\/posts"}],"about":[{"href":"https:\/\/noti-america.com\/site\/venezuela\/wp-json\/wp\/v2\/types\/post"}],"author":[{"embeddable":true,"href":"https:\/\/noti-america.com\/site\/venezuela\/wp-json\/wp\/v2\/users\/127"}],"replies":[{"embeddable":true,"href":"https:\/\/noti-america.com\/site\/venezuela\/wp-json\/wp\/v2\/comments?post=35613"}],"version-history":[{"count":1,"href":"https:\/\/noti-america.com\/site\/venezuela\/wp-json\/wp\/v2\/posts\/35613\/revisions"}],"predecessor-version":[{"id":35615,"href":"https:\/\/noti-america.com\/site\/venezuela\/wp-json\/wp\/v2\/posts\/35613\/revisions\/35615"}],"wp:featuredmedia":[{"embeddable":true,"href":"https:\/\/noti-america.com\/site\/venezuela\/wp-json\/wp\/v2\/media\/35614"}],"wp:attachment":[{"href":"https:\/\/noti-america.com\/site\/venezuela\/wp-json\/wp\/v2\/media?parent=35613"}],"wp:term":[{"taxonomy":"category","embeddable":true,"href":"https:\/\/noti-america.com\/site\/venezuela\/wp-json\/wp\/v2\/categories?post=35613"},{"taxonomy":"post_tag","embeddable":true,"href":"https:\/\/noti-america.com\/site\/venezuela\/wp-json\/wp\/v2\/tags?post=35613"}],"curies":[{"name":"wp","href":"https:\/\/api.w.org\/{rel}","templated":true}]}}