{"id":35472,"date":"2024-02-22T02:26:06","date_gmt":"2024-02-22T02:26:06","guid":{"rendered":"https:\/\/noti-america.com\/site\/venezuela\/?p=35472"},"modified":"2024-02-22T02:26:06","modified_gmt":"2024-02-22T02:26:06","slug":"los-generales-de-la-salsa-la-dimension-latina-con-concierto-historico","status":"publish","type":"post","link":"https:\/\/noti-america.com\/site\/venezuela\/2024\/02\/22\/los-generales-de-la-salsa-la-dimension-latina-con-concierto-historico\/","title":{"rendered":"Los generales de la salsa: La Dimensi\u00f3n Latina con concierto hist\u00f3rico"},"content":{"rendered":"<p>Las Leyendas Siguen Sonando, con su Tour Ahora o Nunca\u00bb regresa a los Estados Unidos la legendaria orquesta de salsa en una noche que quedar\u00e1 grabada en la historia de la m\u00fasica latina. La cita es el pr\u00f3ximo s\u00e1bado 16 de marzo, en el Bonaventure Town Center Club en Weston, Florida.<\/p>\n<p>&nbsp;<\/p>\n<p><strong>Prensa SIRIUS \/ Lanz Producciones<\/strong><\/p>\n<p>Con m\u00e1s de 50 a\u00f1os de trayectoria, la orquesta venezolana La Dimensi\u00f3n Latina es una de las m\u00e1s ic\u00f3nicas de la industria musical mundial y en este 2024 regresa al Sur de Florida con sus grandes \u00e9xitos para celebrar la latinidad en su m\u00e1xima expresi\u00f3n.<\/p>\n<p>&nbsp;<\/p>\n<p>Temas como \u00abTaboga\u00bb, \u00abParampampam\u00bb, \u00abMi Adorada\u00bb, \u00abCa\u00f1onazo\u00bb, y \u00abLlorar\u00e1s\u00bb, as\u00ed como canciones de Mon Rivera, Eddie Palmieri y Willie Col\u00f3n, ser\u00e1n interpretadas por sus miembros fundadores: Cesar Monges, Elio Pacheco, Joseito Rodr\u00edguez, Jos\u00e9 Rojas, Rodrigo Mendoza y Wladimir Lozano quienes pondr\u00e1n a bailar a su p\u00fablico rememorando sus m\u00e1s de cinco d\u00e9cadas de gloriosa trayectoria.<\/p>\n<p>&nbsp;<\/p>\n<p>Fundada en 1972 en Caracas, Venezuela, La Dimensi\u00f3n Latina est\u00e1 consagrada como una instituci\u00f3n del espect\u00e1culo que ostenta 37 discos en su haber y un cartel de m\u00fasicos de primer nivel conocidos como \u201cLos generales de la salsa\u201d, siendo patrimonio cultura musical de Am\u00e9rica Latina y el mundo entero.<\/p>\n<p>&nbsp;<\/p>\n<p>Fusionando diferentes estilos y g\u00e9neros musicales, la orquesta cre\u00f3 un sonido propio y \u00fanico, con multitudinarias presentaciones en Latinoam\u00e9rica, el Caribe, Europa y en Estados Unidos en ciudades como Los \u00c1ngeles, San Francisco, Las Vegas, Miami y Nueva York en el legendario Madison Square Garden. Ha sido tambi\u00e9n semillero de insignes cantantes: Oscar de Le\u00f3n, Argenis Carruyo y el boricua Andy Monta\u00f1ez formaron parte del cuartel de generales de la salsa.<\/p>\n<p>&nbsp;<\/p>\n<p>\u00ab51 A\u00f1os: Las Leyendas Siguen Sonando, Tour Ahora o Nunca\u00bb ser\u00e1 una oportunidad \u00fanica y memorable de disfrutar de las cinco d\u00e9cadas de \u00e9xitos de La Dimensi\u00f3n Latina en vivo, el pr\u00f3ximo s\u00e1bado 16 de marzo en una noche llena de ritmo, sabor y emociones inolvidables, con un espect\u00e1culo para Salseros VIP, concepto con lo mejor del g\u00e9nero producido por Lanz Producciones y Eventos.<\/p>\n","protected":false},"excerpt":{"rendered":"<p>Las Leyendas Siguen Sonando, con su Tour Ahora o Nunca\u00bb regresa a los Estados Unidos la legendaria orquesta de salsa en una noche que quedar\u00e1 grabada en la historia de la m\u00fasica latina. La&#46;&#46;&#46;<\/p>\n","protected":false},"author":127,"featured_media":35473,"comment_status":"open","ping_status":"open","sticky":false,"template":"","format":"image","meta":{"_acf_changed":false,"om_disable_all_campaigns":false,"rop_custom_images_group":[],"rop_custom_messages_group":[],"rop_publish_now":"initial","rop_publish_now_accounts":{"twitter_242054905_242054905":""},"rop_publish_now_history":[],"rop_publish_now_status":"pending","_uf_show_specific_survey":0,"_uf_disable_surveys":false,"footnotes":""},"categories":[34],"tags":[],"class_list":["post-35472","post","type-post","status-publish","format-image","has-post-thumbnail","hentry","category-musica","post_format-post-format-image"],"acf":[],"aioseo_notices":[],"yoast_head":"<!-- This site is optimized with the Yoast SEO Premium plugin v24.9 (Yoast SEO v27.2) - https:\/\/yoast.com\/product\/yoast-seo-premium-wordpress\/ -->\n<title>Los generales de la salsa: La Dimensi\u00f3n Latina con concierto hist\u00f3rico - Venezuela | Noti-America.com<\/title>\n<meta name=\"robots\" content=\"index, follow, max-snippet:-1, max-image-preview:large, max-video-preview:-1\" \/>\n<link rel=\"canonical\" href=\"https:\/\/noti-america.com\/site\/venezuela\/2024\/02\/22\/los-generales-de-la-salsa-la-dimension-latina-con-concierto-historico\/\" \/>\n<meta property=\"og:locale\" content=\"es_ES\" \/>\n<meta property=\"og:type\" content=\"article\" \/>\n<meta property=\"og:title\" content=\"Los generales de la salsa: La Dimensi\u00f3n Latina con concierto hist\u00f3rico\" \/>\n<meta property=\"og:description\" content=\"Las Leyendas Siguen Sonando, con su Tour Ahora o Nunca\u00bb regresa a los Estados Unidos la legendaria orquesta de salsa en una noche que quedar\u00e1 grabada en la historia de la m\u00fasica latina. La&#046;&#046;&#046;\" \/>\n<meta property=\"og:url\" content=\"https:\/\/noti-america.com\/site\/venezuela\/2024\/02\/22\/los-generales-de-la-salsa-la-dimension-latina-con-concierto-historico\/\" \/>\n<meta property=\"og:site_name\" content=\"Venezuela | Noti-America.com\" \/>\n<meta property=\"article:published_time\" content=\"2024-02-22T02:26:06+00:00\" \/>\n<meta property=\"og:image\" content=\"https:\/\/noti-america.com\/site\/venezuela\/wp-content\/uploads\/sites\/2\/2024\/02\/FOTODIMENSIONLATINA1.jpg\" \/>\n\t<meta property=\"og:image:width\" content=\"1812\" \/>\n\t<meta property=\"og:image:height\" content=\"1649\" \/>\n\t<meta property=\"og:image:type\" content=\"image\/jpeg\" \/>\n<meta name=\"author\" content=\"Yoelvzla\" \/>\n<meta name=\"twitter:card\" content=\"summary_large_image\" \/>\n<meta name=\"twitter:label1\" content=\"Escrito por\" \/>\n\t<meta name=\"twitter:data1\" content=\"Yoelvzla\" \/>\n\t<meta name=\"twitter:label2\" content=\"Tiempo estimado de lectura\" \/>\n\t<meta name=\"twitter:data2\" content=\"2 minutos\" \/>\n<script type=\"application\/ld+json\" class=\"yoast-schema-graph\">{\"@context\":\"https:\/\/schema.org\",\"@graph\":[{\"@type\":\"Article\",\"@id\":\"https:\/\/noti-america.com\/site\/venezuela\/2024\/02\/22\/los-generales-de-la-salsa-la-dimension-latina-con-concierto-historico\/#article\",\"isPartOf\":{\"@id\":\"https:\/\/noti-america.com\/site\/venezuela\/2024\/02\/22\/los-generales-de-la-salsa-la-dimension-latina-con-concierto-historico\/\"},\"author\":{\"name\":\"Yoelvzla\",\"@id\":\"https:\/\/noti-america.com\/site\/venezuela\/#\/schema\/person\/376ccc7b3cc7a8d5a43c3ece07a43857\"},\"headline\":\"Los generales de la salsa: La Dimensi\u00f3n Latina con concierto hist\u00f3rico\",\"datePublished\":\"2024-02-22T02:26:06+00:00\",\"mainEntityOfPage\":{\"@id\":\"https:\/\/noti-america.com\/site\/venezuela\/2024\/02\/22\/los-generales-de-la-salsa-la-dimension-latina-con-concierto-historico\/\"},\"wordCount\":386,\"commentCount\":0,\"publisher\":{\"@id\":\"https:\/\/noti-america.com\/site\/venezuela\/#organization\"},\"image\":{\"@id\":\"https:\/\/noti-america.com\/site\/venezuela\/2024\/02\/22\/los-generales-de-la-salsa-la-dimension-latina-con-concierto-historico\/#primaryimage\"},\"thumbnailUrl\":\"https:\/\/noti-america.com\/site\/venezuela\/wp-content\/uploads\/sites\/2\/2024\/02\/FOTODIMENSIONLATINA1.jpg\",\"articleSection\":[\"M\u00fasica\"],\"inLanguage\":\"es\",\"potentialAction\":[{\"@type\":\"CommentAction\",\"name\":\"Comment\",\"target\":[\"https:\/\/noti-america.com\/site\/venezuela\/2024\/02\/22\/los-generales-de-la-salsa-la-dimension-latina-con-concierto-historico\/#respond\"]}]},{\"@type\":\"WebPage\",\"@id\":\"https:\/\/noti-america.com\/site\/venezuela\/2024\/02\/22\/los-generales-de-la-salsa-la-dimension-latina-con-concierto-historico\/\",\"url\":\"https:\/\/noti-america.com\/site\/venezuela\/2024\/02\/22\/los-generales-de-la-salsa-la-dimension-latina-con-concierto-historico\/\",\"name\":\"Los generales de la salsa: La Dimensi\u00f3n Latina con concierto hist\u00f3rico - Venezuela | Noti-America.com\",\"isPartOf\":{\"@id\":\"https:\/\/noti-america.com\/site\/venezuela\/#website\"},\"primaryImageOfPage\":{\"@id\":\"https:\/\/noti-america.com\/site\/venezuela\/2024\/02\/22\/los-generales-de-la-salsa-la-dimension-latina-con-concierto-historico\/#primaryimage\"},\"image\":{\"@id\":\"https:\/\/noti-america.com\/site\/venezuela\/2024\/02\/22\/los-generales-de-la-salsa-la-dimension-latina-con-concierto-historico\/#primaryimage\"},\"thumbnailUrl\":\"https:\/\/noti-america.com\/site\/venezuela\/wp-content\/uploads\/sites\/2\/2024\/02\/FOTODIMENSIONLATINA1.jpg\",\"datePublished\":\"2024-02-22T02:26:06+00:00\",\"breadcrumb\":{\"@id\":\"https:\/\/noti-america.com\/site\/venezuela\/2024\/02\/22\/los-generales-de-la-salsa-la-dimension-latina-con-concierto-historico\/#breadcrumb\"},\"inLanguage\":\"es\",\"potentialAction\":[{\"@type\":\"ReadAction\",\"target\":[\"https:\/\/noti-america.com\/site\/venezuela\/2024\/02\/22\/los-generales-de-la-salsa-la-dimension-latina-con-concierto-historico\/\"]}]},{\"@type\":\"ImageObject\",\"inLanguage\":\"es\",\"@id\":\"https:\/\/noti-america.com\/site\/venezuela\/2024\/02\/22\/los-generales-de-la-salsa-la-dimension-latina-con-concierto-historico\/#primaryimage\",\"url\":\"https:\/\/noti-america.com\/site\/venezuela\/wp-content\/uploads\/sites\/2\/2024\/02\/FOTODIMENSIONLATINA1.jpg\",\"contentUrl\":\"https:\/\/noti-america.com\/site\/venezuela\/wp-content\/uploads\/sites\/2\/2024\/02\/FOTODIMENSIONLATINA1.jpg\",\"width\":1812,\"height\":1649},{\"@type\":\"BreadcrumbList\",\"@id\":\"https:\/\/noti-america.com\/site\/venezuela\/2024\/02\/22\/los-generales-de-la-salsa-la-dimension-latina-con-concierto-historico\/#breadcrumb\",\"itemListElement\":[{\"@type\":\"ListItem\",\"position\":1,\"name\":\"Portada\",\"item\":\"https:\/\/noti-america.com\/site\/venezuela\/\"},{\"@type\":\"ListItem\",\"position\":2,\"name\":\"Los generales de la salsa: La Dimensi\u00f3n Latina con concierto hist\u00f3rico\"}]},{\"@type\":\"WebSite\",\"@id\":\"https:\/\/noti-america.com\/site\/venezuela\/#website\",\"url\":\"https:\/\/noti-america.com\/site\/venezuela\/\",\"name\":\"Venezuela | Noti-America.com\",\"description\":\"\",\"publisher\":{\"@id\":\"https:\/\/noti-america.com\/site\/venezuela\/#organization\"},\"potentialAction\":[{\"@type\":\"SearchAction\",\"target\":{\"@type\":\"EntryPoint\",\"urlTemplate\":\"https:\/\/noti-america.com\/site\/venezuela\/?s={search_term_string}\"},\"query-input\":{\"@type\":\"PropertyValueSpecification\",\"valueRequired\":true,\"valueName\":\"search_term_string\"}}],\"inLanguage\":\"es\"},{\"@type\":\"Organization\",\"@id\":\"https:\/\/noti-america.com\/site\/venezuela\/#organization\",\"name\":\"Noti-America LLC | Venezuela\",\"url\":\"https:\/\/noti-america.com\/site\/venezuela\/\",\"logo\":{\"@type\":\"ImageObject\",\"inLanguage\":\"es\",\"@id\":\"https:\/\/noti-america.com\/site\/venezuela\/#\/schema\/logo\/image\/\",\"url\":\"https:\/\/noti-america.com\/site\/venezuela\/wp-content\/uploads\/sites\/2\/2020\/07\/LogoNA-4x3-1.jpg\",\"contentUrl\":\"https:\/\/noti-america.com\/site\/venezuela\/wp-content\/uploads\/sites\/2\/2020\/07\/LogoNA-4x3-1.jpg\",\"width\":1236,\"height\":1080,\"caption\":\"Noti-America LLC | Venezuela\"},\"image\":{\"@id\":\"https:\/\/noti-america.com\/site\/venezuela\/#\/schema\/logo\/image\/\"}},{\"@type\":\"Person\",\"@id\":\"https:\/\/noti-america.com\/site\/venezuela\/#\/schema\/person\/376ccc7b3cc7a8d5a43c3ece07a43857\",\"name\":\"Yoelvzla\",\"image\":{\"@type\":\"ImageObject\",\"inLanguage\":\"es\",\"@id\":\"https:\/\/secure.gravatar.com\/avatar\/13a96a72123e0e9aa76fe82e8847f726c63a1c5ef6a8d0fadd844c1a5a83b212?s=96&d=mm&r=g\",\"url\":\"https:\/\/secure.gravatar.com\/avatar\/13a96a72123e0e9aa76fe82e8847f726c63a1c5ef6a8d0fadd844c1a5a83b212?s=96&d=mm&r=g\",\"contentUrl\":\"https:\/\/secure.gravatar.com\/avatar\/13a96a72123e0e9aa76fe82e8847f726c63a1c5ef6a8d0fadd844c1a5a83b212?s=96&d=mm&r=g\",\"caption\":\"Yoelvzla\"},\"url\":\"https:\/\/noti-america.com\/site\/venezuela\/author\/ydiaz\/\"}]}<\/script>\n<!-- \/ Yoast SEO Premium plugin. -->","yoast_head_json":{"title":"Los generales de la salsa: La Dimensi\u00f3n Latina con concierto hist\u00f3rico - Venezuela | Noti-America.com","robots":{"index":"index","follow":"follow","max-snippet":"max-snippet:-1","max-image-preview":"max-image-preview:large","max-video-preview":"max-video-preview:-1"},"canonical":"https:\/\/noti-america.com\/site\/venezuela\/2024\/02\/22\/los-generales-de-la-salsa-la-dimension-latina-con-concierto-historico\/","og_locale":"es_ES","og_type":"article","og_title":"Los generales de la salsa: La Dimensi\u00f3n Latina con concierto hist\u00f3rico","og_description":"Las Leyendas Siguen Sonando, con su Tour Ahora o Nunca\u00bb regresa a los Estados Unidos la legendaria orquesta de salsa en una noche que quedar\u00e1 grabada en la historia de la m\u00fasica latina. La&#46;&#46;&#46;","og_url":"https:\/\/noti-america.com\/site\/venezuela\/2024\/02\/22\/los-generales-de-la-salsa-la-dimension-latina-con-concierto-historico\/","og_site_name":"Venezuela | Noti-America.com","article_published_time":"2024-02-22T02:26:06+00:00","og_image":[{"width":1812,"height":1649,"url":"https:\/\/noti-america.com\/site\/venezuela\/wp-content\/uploads\/sites\/2\/2024\/02\/FOTODIMENSIONLATINA1.jpg","type":"image\/jpeg"}],"author":"Yoelvzla","twitter_card":"summary_large_image","twitter_misc":{"Escrito por":"Yoelvzla","Tiempo estimado de lectura":"2 minutos"},"schema":{"@context":"https:\/\/schema.org","@graph":[{"@type":"Article","@id":"https:\/\/noti-america.com\/site\/venezuela\/2024\/02\/22\/los-generales-de-la-salsa-la-dimension-latina-con-concierto-historico\/#article","isPartOf":{"@id":"https:\/\/noti-america.com\/site\/venezuela\/2024\/02\/22\/los-generales-de-la-salsa-la-dimension-latina-con-concierto-historico\/"},"author":{"name":"Yoelvzla","@id":"https:\/\/noti-america.com\/site\/venezuela\/#\/schema\/person\/376ccc7b3cc7a8d5a43c3ece07a43857"},"headline":"Los generales de la salsa: La Dimensi\u00f3n Latina con concierto hist\u00f3rico","datePublished":"2024-02-22T02:26:06+00:00","mainEntityOfPage":{"@id":"https:\/\/noti-america.com\/site\/venezuela\/2024\/02\/22\/los-generales-de-la-salsa-la-dimension-latina-con-concierto-historico\/"},"wordCount":386,"commentCount":0,"publisher":{"@id":"https:\/\/noti-america.com\/site\/venezuela\/#organization"},"image":{"@id":"https:\/\/noti-america.com\/site\/venezuela\/2024\/02\/22\/los-generales-de-la-salsa-la-dimension-latina-con-concierto-historico\/#primaryimage"},"thumbnailUrl":"https:\/\/noti-america.com\/site\/venezuela\/wp-content\/uploads\/sites\/2\/2024\/02\/FOTODIMENSIONLATINA1.jpg","articleSection":["M\u00fasica"],"inLanguage":"es","potentialAction":[{"@type":"CommentAction","name":"Comment","target":["https:\/\/noti-america.com\/site\/venezuela\/2024\/02\/22\/los-generales-de-la-salsa-la-dimension-latina-con-concierto-historico\/#respond"]}]},{"@type":"WebPage","@id":"https:\/\/noti-america.com\/site\/venezuela\/2024\/02\/22\/los-generales-de-la-salsa-la-dimension-latina-con-concierto-historico\/","url":"https:\/\/noti-america.com\/site\/venezuela\/2024\/02\/22\/los-generales-de-la-salsa-la-dimension-latina-con-concierto-historico\/","name":"Los generales de la salsa: La Dimensi\u00f3n Latina con concierto hist\u00f3rico - Venezuela | Noti-America.com","isPartOf":{"@id":"https:\/\/noti-america.com\/site\/venezuela\/#website"},"primaryImageOfPage":{"@id":"https:\/\/noti-america.com\/site\/venezuela\/2024\/02\/22\/los-generales-de-la-salsa-la-dimension-latina-con-concierto-historico\/#primaryimage"},"image":{"@id":"https:\/\/noti-america.com\/site\/venezuela\/2024\/02\/22\/los-generales-de-la-salsa-la-dimension-latina-con-concierto-historico\/#primaryimage"},"thumbnailUrl":"https:\/\/noti-america.com\/site\/venezuela\/wp-content\/uploads\/sites\/2\/2024\/02\/FOTODIMENSIONLATINA1.jpg","datePublished":"2024-02-22T02:26:06+00:00","breadcrumb":{"@id":"https:\/\/noti-america.com\/site\/venezuela\/2024\/02\/22\/los-generales-de-la-salsa-la-dimension-latina-con-concierto-historico\/#breadcrumb"},"inLanguage":"es","potentialAction":[{"@type":"ReadAction","target":["https:\/\/noti-america.com\/site\/venezuela\/2024\/02\/22\/los-generales-de-la-salsa-la-dimension-latina-con-concierto-historico\/"]}]},{"@type":"ImageObject","inLanguage":"es","@id":"https:\/\/noti-america.com\/site\/venezuela\/2024\/02\/22\/los-generales-de-la-salsa-la-dimension-latina-con-concierto-historico\/#primaryimage","url":"https:\/\/noti-america.com\/site\/venezuela\/wp-content\/uploads\/sites\/2\/2024\/02\/FOTODIMENSIONLATINA1.jpg","contentUrl":"https:\/\/noti-america.com\/site\/venezuela\/wp-content\/uploads\/sites\/2\/2024\/02\/FOTODIMENSIONLATINA1.jpg","width":1812,"height":1649},{"@type":"BreadcrumbList","@id":"https:\/\/noti-america.com\/site\/venezuela\/2024\/02\/22\/los-generales-de-la-salsa-la-dimension-latina-con-concierto-historico\/#breadcrumb","itemListElement":[{"@type":"ListItem","position":1,"name":"Portada","item":"https:\/\/noti-america.com\/site\/venezuela\/"},{"@type":"ListItem","position":2,"name":"Los generales de la salsa: La Dimensi\u00f3n Latina con concierto hist\u00f3rico"}]},{"@type":"WebSite","@id":"https:\/\/noti-america.com\/site\/venezuela\/#website","url":"https:\/\/noti-america.com\/site\/venezuela\/","name":"Venezuela | Noti-America.com","description":"","publisher":{"@id":"https:\/\/noti-america.com\/site\/venezuela\/#organization"},"potentialAction":[{"@type":"SearchAction","target":{"@type":"EntryPoint","urlTemplate":"https:\/\/noti-america.com\/site\/venezuela\/?s={search_term_string}"},"query-input":{"@type":"PropertyValueSpecification","valueRequired":true,"valueName":"search_term_string"}}],"inLanguage":"es"},{"@type":"Organization","@id":"https:\/\/noti-america.com\/site\/venezuela\/#organization","name":"Noti-America LLC | Venezuela","url":"https:\/\/noti-america.com\/site\/venezuela\/","logo":{"@type":"ImageObject","inLanguage":"es","@id":"https:\/\/noti-america.com\/site\/venezuela\/#\/schema\/logo\/image\/","url":"https:\/\/noti-america.com\/site\/venezuela\/wp-content\/uploads\/sites\/2\/2020\/07\/LogoNA-4x3-1.jpg","contentUrl":"https:\/\/noti-america.com\/site\/venezuela\/wp-content\/uploads\/sites\/2\/2020\/07\/LogoNA-4x3-1.jpg","width":1236,"height":1080,"caption":"Noti-America LLC | Venezuela"},"image":{"@id":"https:\/\/noti-america.com\/site\/venezuela\/#\/schema\/logo\/image\/"}},{"@type":"Person","@id":"https:\/\/noti-america.com\/site\/venezuela\/#\/schema\/person\/376ccc7b3cc7a8d5a43c3ece07a43857","name":"Yoelvzla","image":{"@type":"ImageObject","inLanguage":"es","@id":"https:\/\/secure.gravatar.com\/avatar\/13a96a72123e0e9aa76fe82e8847f726c63a1c5ef6a8d0fadd844c1a5a83b212?s=96&d=mm&r=g","url":"https:\/\/secure.gravatar.com\/avatar\/13a96a72123e0e9aa76fe82e8847f726c63a1c5ef6a8d0fadd844c1a5a83b212?s=96&d=mm&r=g","contentUrl":"https:\/\/secure.gravatar.com\/avatar\/13a96a72123e0e9aa76fe82e8847f726c63a1c5ef6a8d0fadd844c1a5a83b212?s=96&d=mm&r=g","caption":"Yoelvzla"},"url":"https:\/\/noti-america.com\/site\/venezuela\/author\/ydiaz\/"}]}},"_links":{"self":[{"href":"https:\/\/noti-america.com\/site\/venezuela\/wp-json\/wp\/v2\/posts\/35472","targetHints":{"allow":["GET"]}}],"collection":[{"href":"https:\/\/noti-america.com\/site\/venezuela\/wp-json\/wp\/v2\/posts"}],"about":[{"href":"https:\/\/noti-america.com\/site\/venezuela\/wp-json\/wp\/v2\/types\/post"}],"author":[{"embeddable":true,"href":"https:\/\/noti-america.com\/site\/venezuela\/wp-json\/wp\/v2\/users\/127"}],"replies":[{"embeddable":true,"href":"https:\/\/noti-america.com\/site\/venezuela\/wp-json\/wp\/v2\/comments?post=35472"}],"version-history":[{"count":1,"href":"https:\/\/noti-america.com\/site\/venezuela\/wp-json\/wp\/v2\/posts\/35472\/revisions"}],"predecessor-version":[{"id":35474,"href":"https:\/\/noti-america.com\/site\/venezuela\/wp-json\/wp\/v2\/posts\/35472\/revisions\/35474"}],"wp:featuredmedia":[{"embeddable":true,"href":"https:\/\/noti-america.com\/site\/venezuela\/wp-json\/wp\/v2\/media\/35473"}],"wp:attachment":[{"href":"https:\/\/noti-america.com\/site\/venezuela\/wp-json\/wp\/v2\/media?parent=35472"}],"wp:term":[{"taxonomy":"category","embeddable":true,"href":"https:\/\/noti-america.com\/site\/venezuela\/wp-json\/wp\/v2\/categories?post=35472"},{"taxonomy":"post_tag","embeddable":true,"href":"https:\/\/noti-america.com\/site\/venezuela\/wp-json\/wp\/v2\/tags?post=35472"}],"curies":[{"name":"wp","href":"https:\/\/api.w.org\/{rel}","templated":true}]}}