{"id":35447,"date":"2024-02-21T00:55:04","date_gmt":"2024-02-21T00:55:04","guid":{"rendered":"https:\/\/noti-america.com\/site\/venezuela\/?p=35447"},"modified":"2024-02-21T00:55:04","modified_gmt":"2024-02-21T00:55:04","slug":"sabrina-veris-mas-alla-del-talento-en-la-pantalla","status":"publish","type":"post","link":"https:\/\/noti-america.com\/site\/venezuela\/2024\/02\/21\/sabrina-veris-mas-alla-del-talento-en-la-pantalla\/","title":{"rendered":"Sabrina Veris: M\u00e1s All\u00e1 del Talento en la Pantalla"},"content":{"rendered":"<p><strong>Sabrina Veris<\/strong>, reconocida animadora venezolana, est\u00e1 decidida a destacar a\u00fan m\u00e1s all\u00e1 de su talento en la pantalla. Con una trayectoria que incluye su participaci\u00f3n en el staff de animadores del programa <strong>At\u00f3mico,<\/strong> transmitido por <strong>Venevisi\u00f3n<\/strong>, Sabrina ha demostrado su versatilidad y dedicaci\u00f3n en el mundo del entretenimiento.<\/p>\n<p>&nbsp;<\/p>\n<p>Sin embargo, su ambici\u00f3n y determinaci\u00f3n van m\u00e1s all\u00e1 de la televisi\u00f3n. Recientemente, Sabrina dio un paso audaz al debutar como empresaria, explorando nuevos horizontes fuera del \u00e1mbito del espect\u00e1culo. Adem\u00e1s, ha incursionado en el mundo del fisiculturismo, demostrando su compromiso con la disciplina y el bienestar f\u00edsico.<\/p>\n<p>&nbsp;<\/p>\n<p>Para <strong>Sabrina Veris,<\/strong> este a\u00f1o promete ser emocionante y lleno de oportunidades en su carrera profesional. Con su habilidad para destacar en m\u00faltiples campos, est\u00e1 lista para enfrentar nuevos desaf\u00edos y seguir avanzando hacia el \u00e9xito. Su determinaci\u00f3n y esp\u00edritu emprendedor son el motor que impulsa su camino hacia el reconocimiento y la realizaci\u00f3n personal.<\/p>\n","protected":false},"excerpt":{"rendered":"<p>Sabrina Veris, reconocida animadora venezolana, est\u00e1 decidida a destacar a\u00fan m\u00e1s all\u00e1 de su talento en la pantalla. Con una trayectoria que incluye su participaci\u00f3n en el staff de animadores del programa At\u00f3mico, transmitido&#46;&#46;&#46;<\/p>\n","protected":false},"author":127,"featured_media":35448,"comment_status":"open","ping_status":"open","sticky":false,"template":"","format":"image","meta":{"_acf_changed":false,"om_disable_all_campaigns":false,"rop_custom_images_group":[],"rop_custom_messages_group":[],"rop_publish_now":"initial","rop_publish_now_accounts":{"twitter_242054905_242054905":""},"rop_publish_now_history":[],"rop_publish_now_status":"pending","_uf_show_specific_survey":0,"_uf_disable_surveys":false,"footnotes":""},"categories":[8],"tags":[],"class_list":["post-35447","post","type-post","status-publish","format-image","has-post-thumbnail","hentry","category-arte-y-espectaculos","post_format-post-format-image"],"acf":[],"aioseo_notices":[],"yoast_head":"<!-- This site is optimized with the Yoast SEO Premium plugin v24.9 (Yoast SEO v27.2) - https:\/\/yoast.com\/product\/yoast-seo-premium-wordpress\/ -->\n<title>Sabrina Veris: M\u00e1s All\u00e1 del Talento en la Pantalla - Venezuela | Noti-America.com<\/title>\n<meta name=\"robots\" content=\"index, follow, max-snippet:-1, max-image-preview:large, max-video-preview:-1\" \/>\n<link rel=\"canonical\" href=\"https:\/\/noti-america.com\/site\/venezuela\/2024\/02\/21\/sabrina-veris-mas-alla-del-talento-en-la-pantalla\/\" \/>\n<meta property=\"og:locale\" content=\"es_ES\" \/>\n<meta property=\"og:type\" content=\"article\" \/>\n<meta property=\"og:title\" content=\"Sabrina Veris: M\u00e1s All\u00e1 del Talento en la Pantalla\" \/>\n<meta property=\"og:description\" content=\"Sabrina Veris, reconocida animadora venezolana, est\u00e1 decidida a destacar a\u00fan m\u00e1s all\u00e1 de su talento en la pantalla. Con una trayectoria que incluye su participaci\u00f3n en el staff de animadores del programa At\u00f3mico, transmitido&#046;&#046;&#046;\" \/>\n<meta property=\"og:url\" content=\"https:\/\/noti-america.com\/site\/venezuela\/2024\/02\/21\/sabrina-veris-mas-alla-del-talento-en-la-pantalla\/\" \/>\n<meta property=\"og:site_name\" content=\"Venezuela | Noti-America.com\" \/>\n<meta property=\"article:published_time\" content=\"2024-02-21T00:55:04+00:00\" \/>\n<meta property=\"og:image\" content=\"https:\/\/noti-america.com\/site\/venezuela\/wp-content\/uploads\/sites\/2\/2024\/02\/processed-F59892B8-35F0-4E5D-B5C9-F0B545595519-819x1024.jpeg\" \/>\n\t<meta property=\"og:image:width\" content=\"819\" \/>\n\t<meta property=\"og:image:height\" content=\"1024\" \/>\n\t<meta property=\"og:image:type\" content=\"image\/jpeg\" \/>\n<meta name=\"author\" content=\"Yoelvzla\" \/>\n<meta name=\"twitter:card\" content=\"summary_large_image\" \/>\n<meta name=\"twitter:label1\" content=\"Escrito por\" \/>\n\t<meta name=\"twitter:data1\" content=\"Yoelvzla\" \/>\n\t<meta name=\"twitter:label2\" content=\"Tiempo estimado de lectura\" \/>\n\t<meta name=\"twitter:data2\" content=\"1 minuto\" \/>\n<script type=\"application\/ld+json\" class=\"yoast-schema-graph\">{\"@context\":\"https:\/\/schema.org\",\"@graph\":[{\"@type\":\"Article\",\"@id\":\"https:\/\/noti-america.com\/site\/venezuela\/2024\/02\/21\/sabrina-veris-mas-alla-del-talento-en-la-pantalla\/#article\",\"isPartOf\":{\"@id\":\"https:\/\/noti-america.com\/site\/venezuela\/2024\/02\/21\/sabrina-veris-mas-alla-del-talento-en-la-pantalla\/\"},\"author\":{\"name\":\"Yoelvzla\",\"@id\":\"https:\/\/noti-america.com\/site\/venezuela\/#\/schema\/person\/376ccc7b3cc7a8d5a43c3ece07a43857\"},\"headline\":\"Sabrina Veris: M\u00e1s All\u00e1 del Talento en la Pantalla\",\"datePublished\":\"2024-02-21T00:55:04+00:00\",\"mainEntityOfPage\":{\"@id\":\"https:\/\/noti-america.com\/site\/venezuela\/2024\/02\/21\/sabrina-veris-mas-alla-del-talento-en-la-pantalla\/\"},\"wordCount\":182,\"commentCount\":0,\"publisher\":{\"@id\":\"https:\/\/noti-america.com\/site\/venezuela\/#organization\"},\"image\":{\"@id\":\"https:\/\/noti-america.com\/site\/venezuela\/2024\/02\/21\/sabrina-veris-mas-alla-del-talento-en-la-pantalla\/#primaryimage\"},\"thumbnailUrl\":\"https:\/\/noti-america.com\/site\/venezuela\/wp-content\/uploads\/sites\/2\/2024\/02\/processed-F59892B8-35F0-4E5D-B5C9-F0B545595519.jpeg\",\"articleSection\":[\"Arte y Espect\u00e1culos\"],\"inLanguage\":\"es\",\"potentialAction\":[{\"@type\":\"CommentAction\",\"name\":\"Comment\",\"target\":[\"https:\/\/noti-america.com\/site\/venezuela\/2024\/02\/21\/sabrina-veris-mas-alla-del-talento-en-la-pantalla\/#respond\"]}]},{\"@type\":\"WebPage\",\"@id\":\"https:\/\/noti-america.com\/site\/venezuela\/2024\/02\/21\/sabrina-veris-mas-alla-del-talento-en-la-pantalla\/\",\"url\":\"https:\/\/noti-america.com\/site\/venezuela\/2024\/02\/21\/sabrina-veris-mas-alla-del-talento-en-la-pantalla\/\",\"name\":\"Sabrina Veris: M\u00e1s All\u00e1 del Talento en la Pantalla - Venezuela | Noti-America.com\",\"isPartOf\":{\"@id\":\"https:\/\/noti-america.com\/site\/venezuela\/#website\"},\"primaryImageOfPage\":{\"@id\":\"https:\/\/noti-america.com\/site\/venezuela\/2024\/02\/21\/sabrina-veris-mas-alla-del-talento-en-la-pantalla\/#primaryimage\"},\"image\":{\"@id\":\"https:\/\/noti-america.com\/site\/venezuela\/2024\/02\/21\/sabrina-veris-mas-alla-del-talento-en-la-pantalla\/#primaryimage\"},\"thumbnailUrl\":\"https:\/\/noti-america.com\/site\/venezuela\/wp-content\/uploads\/sites\/2\/2024\/02\/processed-F59892B8-35F0-4E5D-B5C9-F0B545595519.jpeg\",\"datePublished\":\"2024-02-21T00:55:04+00:00\",\"breadcrumb\":{\"@id\":\"https:\/\/noti-america.com\/site\/venezuela\/2024\/02\/21\/sabrina-veris-mas-alla-del-talento-en-la-pantalla\/#breadcrumb\"},\"inLanguage\":\"es\",\"potentialAction\":[{\"@type\":\"ReadAction\",\"target\":[\"https:\/\/noti-america.com\/site\/venezuela\/2024\/02\/21\/sabrina-veris-mas-alla-del-talento-en-la-pantalla\/\"]}]},{\"@type\":\"ImageObject\",\"inLanguage\":\"es\",\"@id\":\"https:\/\/noti-america.com\/site\/venezuela\/2024\/02\/21\/sabrina-veris-mas-alla-del-talento-en-la-pantalla\/#primaryimage\",\"url\":\"https:\/\/noti-america.com\/site\/venezuela\/wp-content\/uploads\/sites\/2\/2024\/02\/processed-F59892B8-35F0-4E5D-B5C9-F0B545595519.jpeg\",\"contentUrl\":\"https:\/\/noti-america.com\/site\/venezuela\/wp-content\/uploads\/sites\/2\/2024\/02\/processed-F59892B8-35F0-4E5D-B5C9-F0B545595519.jpeg\",\"width\":1870,\"height\":2338},{\"@type\":\"BreadcrumbList\",\"@id\":\"https:\/\/noti-america.com\/site\/venezuela\/2024\/02\/21\/sabrina-veris-mas-alla-del-talento-en-la-pantalla\/#breadcrumb\",\"itemListElement\":[{\"@type\":\"ListItem\",\"position\":1,\"name\":\"Portada\",\"item\":\"https:\/\/noti-america.com\/site\/venezuela\/\"},{\"@type\":\"ListItem\",\"position\":2,\"name\":\"Sabrina Veris: M\u00e1s All\u00e1 del Talento en la Pantalla\"}]},{\"@type\":\"WebSite\",\"@id\":\"https:\/\/noti-america.com\/site\/venezuela\/#website\",\"url\":\"https:\/\/noti-america.com\/site\/venezuela\/\",\"name\":\"Venezuela | Noti-America.com\",\"description\":\"\",\"publisher\":{\"@id\":\"https:\/\/noti-america.com\/site\/venezuela\/#organization\"},\"potentialAction\":[{\"@type\":\"SearchAction\",\"target\":{\"@type\":\"EntryPoint\",\"urlTemplate\":\"https:\/\/noti-america.com\/site\/venezuela\/?s={search_term_string}\"},\"query-input\":{\"@type\":\"PropertyValueSpecification\",\"valueRequired\":true,\"valueName\":\"search_term_string\"}}],\"inLanguage\":\"es\"},{\"@type\":\"Organization\",\"@id\":\"https:\/\/noti-america.com\/site\/venezuela\/#organization\",\"name\":\"Noti-America LLC | Venezuela\",\"url\":\"https:\/\/noti-america.com\/site\/venezuela\/\",\"logo\":{\"@type\":\"ImageObject\",\"inLanguage\":\"es\",\"@id\":\"https:\/\/noti-america.com\/site\/venezuela\/#\/schema\/logo\/image\/\",\"url\":\"https:\/\/noti-america.com\/site\/venezuela\/wp-content\/uploads\/sites\/2\/2020\/07\/LogoNA-4x3-1.jpg\",\"contentUrl\":\"https:\/\/noti-america.com\/site\/venezuela\/wp-content\/uploads\/sites\/2\/2020\/07\/LogoNA-4x3-1.jpg\",\"width\":1236,\"height\":1080,\"caption\":\"Noti-America LLC | Venezuela\"},\"image\":{\"@id\":\"https:\/\/noti-america.com\/site\/venezuela\/#\/schema\/logo\/image\/\"}},{\"@type\":\"Person\",\"@id\":\"https:\/\/noti-america.com\/site\/venezuela\/#\/schema\/person\/376ccc7b3cc7a8d5a43c3ece07a43857\",\"name\":\"Yoelvzla\",\"image\":{\"@type\":\"ImageObject\",\"inLanguage\":\"es\",\"@id\":\"https:\/\/secure.gravatar.com\/avatar\/13a96a72123e0e9aa76fe82e8847f726c63a1c5ef6a8d0fadd844c1a5a83b212?s=96&d=mm&r=g\",\"url\":\"https:\/\/secure.gravatar.com\/avatar\/13a96a72123e0e9aa76fe82e8847f726c63a1c5ef6a8d0fadd844c1a5a83b212?s=96&d=mm&r=g\",\"contentUrl\":\"https:\/\/secure.gravatar.com\/avatar\/13a96a72123e0e9aa76fe82e8847f726c63a1c5ef6a8d0fadd844c1a5a83b212?s=96&d=mm&r=g\",\"caption\":\"Yoelvzla\"},\"url\":\"https:\/\/noti-america.com\/site\/venezuela\/author\/ydiaz\/\"}]}<\/script>\n<!-- \/ Yoast SEO Premium plugin. -->","yoast_head_json":{"title":"Sabrina Veris: M\u00e1s All\u00e1 del Talento en la Pantalla - Venezuela | Noti-America.com","robots":{"index":"index","follow":"follow","max-snippet":"max-snippet:-1","max-image-preview":"max-image-preview:large","max-video-preview":"max-video-preview:-1"},"canonical":"https:\/\/noti-america.com\/site\/venezuela\/2024\/02\/21\/sabrina-veris-mas-alla-del-talento-en-la-pantalla\/","og_locale":"es_ES","og_type":"article","og_title":"Sabrina Veris: M\u00e1s All\u00e1 del Talento en la Pantalla","og_description":"Sabrina Veris, reconocida animadora venezolana, est\u00e1 decidida a destacar a\u00fan m\u00e1s all\u00e1 de su talento en la pantalla. Con una trayectoria que incluye su participaci\u00f3n en el staff de animadores del programa At\u00f3mico, transmitido&#46;&#46;&#46;","og_url":"https:\/\/noti-america.com\/site\/venezuela\/2024\/02\/21\/sabrina-veris-mas-alla-del-talento-en-la-pantalla\/","og_site_name":"Venezuela | Noti-America.com","article_published_time":"2024-02-21T00:55:04+00:00","og_image":[{"width":819,"height":1024,"url":"https:\/\/noti-america.com\/site\/venezuela\/wp-content\/uploads\/sites\/2\/2024\/02\/processed-F59892B8-35F0-4E5D-B5C9-F0B545595519-819x1024.jpeg","type":"image\/jpeg"}],"author":"Yoelvzla","twitter_card":"summary_large_image","twitter_misc":{"Escrito por":"Yoelvzla","Tiempo estimado de lectura":"1 minuto"},"schema":{"@context":"https:\/\/schema.org","@graph":[{"@type":"Article","@id":"https:\/\/noti-america.com\/site\/venezuela\/2024\/02\/21\/sabrina-veris-mas-alla-del-talento-en-la-pantalla\/#article","isPartOf":{"@id":"https:\/\/noti-america.com\/site\/venezuela\/2024\/02\/21\/sabrina-veris-mas-alla-del-talento-en-la-pantalla\/"},"author":{"name":"Yoelvzla","@id":"https:\/\/noti-america.com\/site\/venezuela\/#\/schema\/person\/376ccc7b3cc7a8d5a43c3ece07a43857"},"headline":"Sabrina Veris: M\u00e1s All\u00e1 del Talento en la Pantalla","datePublished":"2024-02-21T00:55:04+00:00","mainEntityOfPage":{"@id":"https:\/\/noti-america.com\/site\/venezuela\/2024\/02\/21\/sabrina-veris-mas-alla-del-talento-en-la-pantalla\/"},"wordCount":182,"commentCount":0,"publisher":{"@id":"https:\/\/noti-america.com\/site\/venezuela\/#organization"},"image":{"@id":"https:\/\/noti-america.com\/site\/venezuela\/2024\/02\/21\/sabrina-veris-mas-alla-del-talento-en-la-pantalla\/#primaryimage"},"thumbnailUrl":"https:\/\/noti-america.com\/site\/venezuela\/wp-content\/uploads\/sites\/2\/2024\/02\/processed-F59892B8-35F0-4E5D-B5C9-F0B545595519.jpeg","articleSection":["Arte y Espect\u00e1culos"],"inLanguage":"es","potentialAction":[{"@type":"CommentAction","name":"Comment","target":["https:\/\/noti-america.com\/site\/venezuela\/2024\/02\/21\/sabrina-veris-mas-alla-del-talento-en-la-pantalla\/#respond"]}]},{"@type":"WebPage","@id":"https:\/\/noti-america.com\/site\/venezuela\/2024\/02\/21\/sabrina-veris-mas-alla-del-talento-en-la-pantalla\/","url":"https:\/\/noti-america.com\/site\/venezuela\/2024\/02\/21\/sabrina-veris-mas-alla-del-talento-en-la-pantalla\/","name":"Sabrina Veris: M\u00e1s All\u00e1 del Talento en la Pantalla - Venezuela | Noti-America.com","isPartOf":{"@id":"https:\/\/noti-america.com\/site\/venezuela\/#website"},"primaryImageOfPage":{"@id":"https:\/\/noti-america.com\/site\/venezuela\/2024\/02\/21\/sabrina-veris-mas-alla-del-talento-en-la-pantalla\/#primaryimage"},"image":{"@id":"https:\/\/noti-america.com\/site\/venezuela\/2024\/02\/21\/sabrina-veris-mas-alla-del-talento-en-la-pantalla\/#primaryimage"},"thumbnailUrl":"https:\/\/noti-america.com\/site\/venezuela\/wp-content\/uploads\/sites\/2\/2024\/02\/processed-F59892B8-35F0-4E5D-B5C9-F0B545595519.jpeg","datePublished":"2024-02-21T00:55:04+00:00","breadcrumb":{"@id":"https:\/\/noti-america.com\/site\/venezuela\/2024\/02\/21\/sabrina-veris-mas-alla-del-talento-en-la-pantalla\/#breadcrumb"},"inLanguage":"es","potentialAction":[{"@type":"ReadAction","target":["https:\/\/noti-america.com\/site\/venezuela\/2024\/02\/21\/sabrina-veris-mas-alla-del-talento-en-la-pantalla\/"]}]},{"@type":"ImageObject","inLanguage":"es","@id":"https:\/\/noti-america.com\/site\/venezuela\/2024\/02\/21\/sabrina-veris-mas-alla-del-talento-en-la-pantalla\/#primaryimage","url":"https:\/\/noti-america.com\/site\/venezuela\/wp-content\/uploads\/sites\/2\/2024\/02\/processed-F59892B8-35F0-4E5D-B5C9-F0B545595519.jpeg","contentUrl":"https:\/\/noti-america.com\/site\/venezuela\/wp-content\/uploads\/sites\/2\/2024\/02\/processed-F59892B8-35F0-4E5D-B5C9-F0B545595519.jpeg","width":1870,"height":2338},{"@type":"BreadcrumbList","@id":"https:\/\/noti-america.com\/site\/venezuela\/2024\/02\/21\/sabrina-veris-mas-alla-del-talento-en-la-pantalla\/#breadcrumb","itemListElement":[{"@type":"ListItem","position":1,"name":"Portada","item":"https:\/\/noti-america.com\/site\/venezuela\/"},{"@type":"ListItem","position":2,"name":"Sabrina Veris: M\u00e1s All\u00e1 del Talento en la Pantalla"}]},{"@type":"WebSite","@id":"https:\/\/noti-america.com\/site\/venezuela\/#website","url":"https:\/\/noti-america.com\/site\/venezuela\/","name":"Venezuela | Noti-America.com","description":"","publisher":{"@id":"https:\/\/noti-america.com\/site\/venezuela\/#organization"},"potentialAction":[{"@type":"SearchAction","target":{"@type":"EntryPoint","urlTemplate":"https:\/\/noti-america.com\/site\/venezuela\/?s={search_term_string}"},"query-input":{"@type":"PropertyValueSpecification","valueRequired":true,"valueName":"search_term_string"}}],"inLanguage":"es"},{"@type":"Organization","@id":"https:\/\/noti-america.com\/site\/venezuela\/#organization","name":"Noti-America LLC | Venezuela","url":"https:\/\/noti-america.com\/site\/venezuela\/","logo":{"@type":"ImageObject","inLanguage":"es","@id":"https:\/\/noti-america.com\/site\/venezuela\/#\/schema\/logo\/image\/","url":"https:\/\/noti-america.com\/site\/venezuela\/wp-content\/uploads\/sites\/2\/2020\/07\/LogoNA-4x3-1.jpg","contentUrl":"https:\/\/noti-america.com\/site\/venezuela\/wp-content\/uploads\/sites\/2\/2020\/07\/LogoNA-4x3-1.jpg","width":1236,"height":1080,"caption":"Noti-America LLC | Venezuela"},"image":{"@id":"https:\/\/noti-america.com\/site\/venezuela\/#\/schema\/logo\/image\/"}},{"@type":"Person","@id":"https:\/\/noti-america.com\/site\/venezuela\/#\/schema\/person\/376ccc7b3cc7a8d5a43c3ece07a43857","name":"Yoelvzla","image":{"@type":"ImageObject","inLanguage":"es","@id":"https:\/\/secure.gravatar.com\/avatar\/13a96a72123e0e9aa76fe82e8847f726c63a1c5ef6a8d0fadd844c1a5a83b212?s=96&d=mm&r=g","url":"https:\/\/secure.gravatar.com\/avatar\/13a96a72123e0e9aa76fe82e8847f726c63a1c5ef6a8d0fadd844c1a5a83b212?s=96&d=mm&r=g","contentUrl":"https:\/\/secure.gravatar.com\/avatar\/13a96a72123e0e9aa76fe82e8847f726c63a1c5ef6a8d0fadd844c1a5a83b212?s=96&d=mm&r=g","caption":"Yoelvzla"},"url":"https:\/\/noti-america.com\/site\/venezuela\/author\/ydiaz\/"}]}},"_links":{"self":[{"href":"https:\/\/noti-america.com\/site\/venezuela\/wp-json\/wp\/v2\/posts\/35447","targetHints":{"allow":["GET"]}}],"collection":[{"href":"https:\/\/noti-america.com\/site\/venezuela\/wp-json\/wp\/v2\/posts"}],"about":[{"href":"https:\/\/noti-america.com\/site\/venezuela\/wp-json\/wp\/v2\/types\/post"}],"author":[{"embeddable":true,"href":"https:\/\/noti-america.com\/site\/venezuela\/wp-json\/wp\/v2\/users\/127"}],"replies":[{"embeddable":true,"href":"https:\/\/noti-america.com\/site\/venezuela\/wp-json\/wp\/v2\/comments?post=35447"}],"version-history":[{"count":1,"href":"https:\/\/noti-america.com\/site\/venezuela\/wp-json\/wp\/v2\/posts\/35447\/revisions"}],"predecessor-version":[{"id":35449,"href":"https:\/\/noti-america.com\/site\/venezuela\/wp-json\/wp\/v2\/posts\/35447\/revisions\/35449"}],"wp:featuredmedia":[{"embeddable":true,"href":"https:\/\/noti-america.com\/site\/venezuela\/wp-json\/wp\/v2\/media\/35448"}],"wp:attachment":[{"href":"https:\/\/noti-america.com\/site\/venezuela\/wp-json\/wp\/v2\/media?parent=35447"}],"wp:term":[{"taxonomy":"category","embeddable":true,"href":"https:\/\/noti-america.com\/site\/venezuela\/wp-json\/wp\/v2\/categories?post=35447"},{"taxonomy":"post_tag","embeddable":true,"href":"https:\/\/noti-america.com\/site\/venezuela\/wp-json\/wp\/v2\/tags?post=35447"}],"curies":[{"name":"wp","href":"https:\/\/api.w.org\/{rel}","templated":true}]}}