{"id":34971,"date":"2024-01-30T11:31:54","date_gmt":"2024-01-30T11:31:54","guid":{"rendered":"https:\/\/noti-america.com\/site\/venezuela\/?p=34971"},"modified":"2024-01-30T11:31:54","modified_gmt":"2024-01-30T11:31:54","slug":"la-idea-es-seguir-creciendo-movilnet-incorporara-el-esim-durante-el-primer-semestre-de-2024","status":"publish","type":"post","link":"https:\/\/noti-america.com\/site\/venezuela\/2024\/01\/30\/la-idea-es-seguir-creciendo-movilnet-incorporara-el-esim-durante-el-primer-semestre-de-2024\/","title":{"rendered":"\u00abLa idea es seguir creciendo\u00bb: Movilnet incorporar\u00e1 el eSIM durante el primer semestre de 2024"},"content":{"rendered":"<p style=\"text-align: justify\"><strong>NOTI-AM\u00c9RICA |<\/strong> VENEZUELA<\/p>\n<p style=\"text-align: justify\">An\u00edbal Brice\u00f1o, presidente de Movilnet, acot\u00f3 que en los planes de la empresa para 2024, se encuentra seguir creciendo, continuar invirtiendo en tecnolog\u00eda de punta y recuperar los sitios en donde no tienen cobertura.<\/p>\n<p style=\"text-align: justify\">El ingeniero y presidente de\u00a0<a href=\"http:\/\/www.movilnet.com.ve\/sitio\/\" target=\"_BLANK\" rel=\"noopener noreferrer\">Movilnet<\/a>, An\u00edbal Brice\u00f1o, expres\u00f3 que\u00a0<strong>la compa\u00f1\u00eda maneja cerca del 25% del mercado de las l\u00edneas de telefon\u00eda celular.<\/strong><\/p>\n<p style=\"text-align: justify\">Asimismo, dijo que\u00a0<strong>Movilnet tiene alrededor de 4.100.000 l\u00edneas<\/strong>\u00a0 y agreg\u00f3 que tiene espacios por recuperar para tener la cobertura en toda la naci\u00f3n.<\/p>\n<p style=\"text-align: justify\">\u00abEs un trabajo que todav\u00eda est\u00e1 pendiente a\u00f1o tras a\u00f1o, eso nunca va a cesar.\u00a0<strong>Aunque hemos recuperado bastantes espacios, a\u00fan quedan\u00bb<\/strong>, sum\u00f3.<\/p>\n<p style=\"text-align: justify\">Brice\u00f1o manifest\u00f3 que<strong>\u00a0m\u00e1s del 60% de los venezolanos navegan en Internet a trav\u00e9s de los tel\u00e9fonos inteligentes<\/strong>. \u00abHa crecido el tr\u00e1fico de datos, pasamos de 30 teras a tener ahora cerca de 700 teras de consumo\u00bb, a\u00f1adi\u00f3.<\/p>\n<p style=\"text-align: justify\">Destac\u00f3 que en los planes de la empresa para 2024,\u00a0<strong>se encuentra seguir creciendo, continuar invirtiendo en tecnolog\u00eda de punta y recuperar los sitios en donde no tienen cobertura.<\/strong><\/p>\n<p style=\"text-align: left\">Indic\u00f3 que han adquirido e instalado equipos que les permitir\u00e1 ofrecer servicios a sus usuarios diferentes.<\/p>\n<p>Inform\u00f3 que en el pa\u00eds a\u00fan no hay 5G, pero est\u00e1n colocando la red 4.5G: \u00abla idea es seguir creciendo, sumar espacios y brindar un mejor servicio para los venezolanos\u00bb.<\/p>\n<p>El presidente de Movilnet anunci\u00f3 en el Circuito Onda La Superestaci\u00f3n que este a\u00f1o tendr\u00e1n el eSIM: \u00abel plan es tenerlo en este primer trimestres, m\u00e1ximo en el segundo trimestre, vamos a estar con eSIM\u00bb.<\/p>\n<p>Asegur\u00f3 que desde el a\u00f1o 2019, Movilnet funciona totalmente independiente de la Compa\u00f1\u00eda An\u00f3nima Nacional de Tel\u00e9fonos de Venezuela (CANTV): \u00abla separaci\u00f3n se ha llevado en m\u00e1s de un 90%\u00bb.<\/p>\n","protected":false},"excerpt":{"rendered":"<p>NOTI-AM\u00c9RICA | VENEZUELA An\u00edbal Brice\u00f1o, presidente de Movilnet, acot\u00f3 que en los planes de la empresa para 2024, se encuentra seguir creciendo, continuar invirtiendo en tecnolog\u00eda de punta y recuperar los sitios en donde&#46;&#46;&#46;<\/p>\n","protected":false},"author":1,"featured_media":34972,"comment_status":"open","ping_status":"open","sticky":false,"template":"","format":"standard","meta":{"_acf_changed":false,"om_disable_all_campaigns":false,"rop_custom_images_group":[],"rop_custom_messages_group":[],"rop_publish_now":"initial","rop_publish_now_accounts":{"twitter_242054905_242054905":""},"rop_publish_now_history":[],"rop_publish_now_status":"pending","_uf_show_specific_survey":0,"_uf_disable_surveys":false,"footnotes":""},"categories":[508],"tags":[],"class_list":["post-34971","post","type-post","status-publish","format-standard","has-post-thumbnail","hentry","category-acturalidad"],"acf":[],"aioseo_notices":[],"yoast_head":"<!-- This site is optimized with the Yoast SEO Premium plugin v24.9 (Yoast SEO v27.2) - https:\/\/yoast.com\/product\/yoast-seo-premium-wordpress\/ -->\n<title>&quot;La idea es seguir creciendo&quot;: Movilnet incorporar\u00e1 el eSIM durante el primer semestre de 2024 - Venezuela | Noti-America.com<\/title>\n<meta name=\"robots\" content=\"index, follow, max-snippet:-1, max-image-preview:large, max-video-preview:-1\" \/>\n<link rel=\"canonical\" href=\"https:\/\/noti-america.com\/site\/venezuela\/2024\/01\/30\/la-idea-es-seguir-creciendo-movilnet-incorporara-el-esim-durante-el-primer-semestre-de-2024\/\" \/>\n<meta property=\"og:locale\" content=\"es_ES\" \/>\n<meta property=\"og:type\" content=\"article\" \/>\n<meta property=\"og:title\" content=\"&quot;La idea es seguir creciendo&quot;: Movilnet incorporar\u00e1 el eSIM durante el primer semestre de 2024\" \/>\n<meta property=\"og:description\" content=\"NOTI-AM\u00c9RICA | VENEZUELA An\u00edbal Brice\u00f1o, presidente de Movilnet, acot\u00f3 que en los planes de la empresa para 2024, se encuentra seguir creciendo, continuar invirtiendo en tecnolog\u00eda de punta y recuperar los sitios en donde&#046;&#046;&#046;\" \/>\n<meta property=\"og:url\" content=\"https:\/\/noti-america.com\/site\/venezuela\/2024\/01\/30\/la-idea-es-seguir-creciendo-movilnet-incorporara-el-esim-durante-el-primer-semestre-de-2024\/\" \/>\n<meta property=\"og:site_name\" content=\"Venezuela | Noti-America.com\" \/>\n<meta property=\"article:published_time\" content=\"2024-01-30T11:31:54+00:00\" \/>\n<meta property=\"og:image\" content=\"https:\/\/noti-america.com\/site\/venezuela\/wp-content\/uploads\/sites\/2\/2024\/01\/tsize_600x400_MOVILNET.jpg\" \/>\n\t<meta property=\"og:image:width\" content=\"600\" \/>\n\t<meta property=\"og:image:height\" content=\"400\" \/>\n\t<meta property=\"og:image:type\" content=\"image\/jpeg\" \/>\n<meta name=\"author\" content=\"Rosmer Herrera\" \/>\n<meta name=\"twitter:card\" content=\"summary_large_image\" \/>\n<meta name=\"twitter:label1\" content=\"Escrito por\" \/>\n\t<meta name=\"twitter:data1\" content=\"Rosmer Herrera\" \/>\n\t<meta name=\"twitter:label2\" content=\"Tiempo estimado de lectura\" \/>\n\t<meta name=\"twitter:data2\" content=\"2 minutos\" \/>\n<script type=\"application\/ld+json\" class=\"yoast-schema-graph\">{\"@context\":\"https:\/\/schema.org\",\"@graph\":[{\"@type\":\"Article\",\"@id\":\"https:\/\/noti-america.com\/site\/venezuela\/2024\/01\/30\/la-idea-es-seguir-creciendo-movilnet-incorporara-el-esim-durante-el-primer-semestre-de-2024\/#article\",\"isPartOf\":{\"@id\":\"https:\/\/noti-america.com\/site\/venezuela\/2024\/01\/30\/la-idea-es-seguir-creciendo-movilnet-incorporara-el-esim-durante-el-primer-semestre-de-2024\/\"},\"author\":{\"name\":\"Rosmer Herrera\",\"@id\":\"https:\/\/noti-america.com\/site\/venezuela\/#\/schema\/person\/fd58dbfb92a257e9dc5761bf69a855ff\"},\"headline\":\"\u00abLa idea es seguir creciendo\u00bb: Movilnet incorporar\u00e1 el eSIM durante el primer semestre de 2024\",\"datePublished\":\"2024-01-30T11:31:54+00:00\",\"mainEntityOfPage\":{\"@id\":\"https:\/\/noti-america.com\/site\/venezuela\/2024\/01\/30\/la-idea-es-seguir-creciendo-movilnet-incorporara-el-esim-durante-el-primer-semestre-de-2024\/\"},\"wordCount\":325,\"commentCount\":0,\"publisher\":{\"@id\":\"https:\/\/noti-america.com\/site\/venezuela\/#organization\"},\"image\":{\"@id\":\"https:\/\/noti-america.com\/site\/venezuela\/2024\/01\/30\/la-idea-es-seguir-creciendo-movilnet-incorporara-el-esim-durante-el-primer-semestre-de-2024\/#primaryimage\"},\"thumbnailUrl\":\"https:\/\/noti-america.com\/site\/venezuela\/wp-content\/uploads\/sites\/2\/2024\/01\/tsize_600x400_MOVILNET.jpg\",\"articleSection\":[\"Actualidad\"],\"inLanguage\":\"es\",\"potentialAction\":[{\"@type\":\"CommentAction\",\"name\":\"Comment\",\"target\":[\"https:\/\/noti-america.com\/site\/venezuela\/2024\/01\/30\/la-idea-es-seguir-creciendo-movilnet-incorporara-el-esim-durante-el-primer-semestre-de-2024\/#respond\"]}]},{\"@type\":\"WebPage\",\"@id\":\"https:\/\/noti-america.com\/site\/venezuela\/2024\/01\/30\/la-idea-es-seguir-creciendo-movilnet-incorporara-el-esim-durante-el-primer-semestre-de-2024\/\",\"url\":\"https:\/\/noti-america.com\/site\/venezuela\/2024\/01\/30\/la-idea-es-seguir-creciendo-movilnet-incorporara-el-esim-durante-el-primer-semestre-de-2024\/\",\"name\":\"\\\"La idea es seguir creciendo\\\": Movilnet incorporar\u00e1 el eSIM durante el primer semestre de 2024 - Venezuela | Noti-America.com\",\"isPartOf\":{\"@id\":\"https:\/\/noti-america.com\/site\/venezuela\/#website\"},\"primaryImageOfPage\":{\"@id\":\"https:\/\/noti-america.com\/site\/venezuela\/2024\/01\/30\/la-idea-es-seguir-creciendo-movilnet-incorporara-el-esim-durante-el-primer-semestre-de-2024\/#primaryimage\"},\"image\":{\"@id\":\"https:\/\/noti-america.com\/site\/venezuela\/2024\/01\/30\/la-idea-es-seguir-creciendo-movilnet-incorporara-el-esim-durante-el-primer-semestre-de-2024\/#primaryimage\"},\"thumbnailUrl\":\"https:\/\/noti-america.com\/site\/venezuela\/wp-content\/uploads\/sites\/2\/2024\/01\/tsize_600x400_MOVILNET.jpg\",\"datePublished\":\"2024-01-30T11:31:54+00:00\",\"breadcrumb\":{\"@id\":\"https:\/\/noti-america.com\/site\/venezuela\/2024\/01\/30\/la-idea-es-seguir-creciendo-movilnet-incorporara-el-esim-durante-el-primer-semestre-de-2024\/#breadcrumb\"},\"inLanguage\":\"es\",\"potentialAction\":[{\"@type\":\"ReadAction\",\"target\":[\"https:\/\/noti-america.com\/site\/venezuela\/2024\/01\/30\/la-idea-es-seguir-creciendo-movilnet-incorporara-el-esim-durante-el-primer-semestre-de-2024\/\"]}]},{\"@type\":\"ImageObject\",\"inLanguage\":\"es\",\"@id\":\"https:\/\/noti-america.com\/site\/venezuela\/2024\/01\/30\/la-idea-es-seguir-creciendo-movilnet-incorporara-el-esim-durante-el-primer-semestre-de-2024\/#primaryimage\",\"url\":\"https:\/\/noti-america.com\/site\/venezuela\/wp-content\/uploads\/sites\/2\/2024\/01\/tsize_600x400_MOVILNET.jpg\",\"contentUrl\":\"https:\/\/noti-america.com\/site\/venezuela\/wp-content\/uploads\/sites\/2\/2024\/01\/tsize_600x400_MOVILNET.jpg\",\"width\":600,\"height\":400},{\"@type\":\"BreadcrumbList\",\"@id\":\"https:\/\/noti-america.com\/site\/venezuela\/2024\/01\/30\/la-idea-es-seguir-creciendo-movilnet-incorporara-el-esim-durante-el-primer-semestre-de-2024\/#breadcrumb\",\"itemListElement\":[{\"@type\":\"ListItem\",\"position\":1,\"name\":\"Portada\",\"item\":\"https:\/\/noti-america.com\/site\/venezuela\/\"},{\"@type\":\"ListItem\",\"position\":2,\"name\":\"&#8220;La idea es seguir creciendo&#8221;: Movilnet incorporar\u00e1 el eSIM durante el primer semestre de 2024\"}]},{\"@type\":\"WebSite\",\"@id\":\"https:\/\/noti-america.com\/site\/venezuela\/#website\",\"url\":\"https:\/\/noti-america.com\/site\/venezuela\/\",\"name\":\"Venezuela | Noti-America.com\",\"description\":\"\",\"publisher\":{\"@id\":\"https:\/\/noti-america.com\/site\/venezuela\/#organization\"},\"potentialAction\":[{\"@type\":\"SearchAction\",\"target\":{\"@type\":\"EntryPoint\",\"urlTemplate\":\"https:\/\/noti-america.com\/site\/venezuela\/?s={search_term_string}\"},\"query-input\":{\"@type\":\"PropertyValueSpecification\",\"valueRequired\":true,\"valueName\":\"search_term_string\"}}],\"inLanguage\":\"es\"},{\"@type\":\"Organization\",\"@id\":\"https:\/\/noti-america.com\/site\/venezuela\/#organization\",\"name\":\"Noti-America LLC | Venezuela\",\"url\":\"https:\/\/noti-america.com\/site\/venezuela\/\",\"logo\":{\"@type\":\"ImageObject\",\"inLanguage\":\"es\",\"@id\":\"https:\/\/noti-america.com\/site\/venezuela\/#\/schema\/logo\/image\/\",\"url\":\"https:\/\/noti-america.com\/site\/venezuela\/wp-content\/uploads\/sites\/2\/2020\/07\/LogoNA-4x3-1.jpg\",\"contentUrl\":\"https:\/\/noti-america.com\/site\/venezuela\/wp-content\/uploads\/sites\/2\/2020\/07\/LogoNA-4x3-1.jpg\",\"width\":1236,\"height\":1080,\"caption\":\"Noti-America LLC | Venezuela\"},\"image\":{\"@id\":\"https:\/\/noti-america.com\/site\/venezuela\/#\/schema\/logo\/image\/\"}},{\"@type\":\"Person\",\"@id\":\"https:\/\/noti-america.com\/site\/venezuela\/#\/schema\/person\/fd58dbfb92a257e9dc5761bf69a855ff\",\"name\":\"Rosmer Herrera\",\"image\":{\"@type\":\"ImageObject\",\"inLanguage\":\"es\",\"@id\":\"https:\/\/secure.gravatar.com\/avatar\/153e75c261394dbf20ff1a1e70ea2be9494f2b40b7fc4e7704084db13220ae08?s=96&d=mm&r=g\",\"url\":\"https:\/\/secure.gravatar.com\/avatar\/153e75c261394dbf20ff1a1e70ea2be9494f2b40b7fc4e7704084db13220ae08?s=96&d=mm&r=g\",\"contentUrl\":\"https:\/\/secure.gravatar.com\/avatar\/153e75c261394dbf20ff1a1e70ea2be9494f2b40b7fc4e7704084db13220ae08?s=96&d=mm&r=g\",\"caption\":\"Rosmer Herrera\"},\"url\":\"https:\/\/noti-america.com\/site\/venezuela\/author\/rosmer33\/\"}]}<\/script>\n<!-- \/ Yoast SEO Premium plugin. -->","yoast_head_json":{"title":"\"La idea es seguir creciendo\": Movilnet incorporar\u00e1 el eSIM durante el primer semestre de 2024 - Venezuela | Noti-America.com","robots":{"index":"index","follow":"follow","max-snippet":"max-snippet:-1","max-image-preview":"max-image-preview:large","max-video-preview":"max-video-preview:-1"},"canonical":"https:\/\/noti-america.com\/site\/venezuela\/2024\/01\/30\/la-idea-es-seguir-creciendo-movilnet-incorporara-el-esim-durante-el-primer-semestre-de-2024\/","og_locale":"es_ES","og_type":"article","og_title":"\"La idea es seguir creciendo\": Movilnet incorporar\u00e1 el eSIM durante el primer semestre de 2024","og_description":"NOTI-AM\u00c9RICA | VENEZUELA An\u00edbal Brice\u00f1o, presidente de Movilnet, acot\u00f3 que en los planes de la empresa para 2024, se encuentra seguir creciendo, continuar invirtiendo en tecnolog\u00eda de punta y recuperar los sitios en donde&#46;&#46;&#46;","og_url":"https:\/\/noti-america.com\/site\/venezuela\/2024\/01\/30\/la-idea-es-seguir-creciendo-movilnet-incorporara-el-esim-durante-el-primer-semestre-de-2024\/","og_site_name":"Venezuela | Noti-America.com","article_published_time":"2024-01-30T11:31:54+00:00","og_image":[{"width":600,"height":400,"url":"https:\/\/noti-america.com\/site\/venezuela\/wp-content\/uploads\/sites\/2\/2024\/01\/tsize_600x400_MOVILNET.jpg","type":"image\/jpeg"}],"author":"Rosmer Herrera","twitter_card":"summary_large_image","twitter_misc":{"Escrito por":"Rosmer Herrera","Tiempo estimado de lectura":"2 minutos"},"schema":{"@context":"https:\/\/schema.org","@graph":[{"@type":"Article","@id":"https:\/\/noti-america.com\/site\/venezuela\/2024\/01\/30\/la-idea-es-seguir-creciendo-movilnet-incorporara-el-esim-durante-el-primer-semestre-de-2024\/#article","isPartOf":{"@id":"https:\/\/noti-america.com\/site\/venezuela\/2024\/01\/30\/la-idea-es-seguir-creciendo-movilnet-incorporara-el-esim-durante-el-primer-semestre-de-2024\/"},"author":{"name":"Rosmer Herrera","@id":"https:\/\/noti-america.com\/site\/venezuela\/#\/schema\/person\/fd58dbfb92a257e9dc5761bf69a855ff"},"headline":"\u00abLa idea es seguir creciendo\u00bb: Movilnet incorporar\u00e1 el eSIM durante el primer semestre de 2024","datePublished":"2024-01-30T11:31:54+00:00","mainEntityOfPage":{"@id":"https:\/\/noti-america.com\/site\/venezuela\/2024\/01\/30\/la-idea-es-seguir-creciendo-movilnet-incorporara-el-esim-durante-el-primer-semestre-de-2024\/"},"wordCount":325,"commentCount":0,"publisher":{"@id":"https:\/\/noti-america.com\/site\/venezuela\/#organization"},"image":{"@id":"https:\/\/noti-america.com\/site\/venezuela\/2024\/01\/30\/la-idea-es-seguir-creciendo-movilnet-incorporara-el-esim-durante-el-primer-semestre-de-2024\/#primaryimage"},"thumbnailUrl":"https:\/\/noti-america.com\/site\/venezuela\/wp-content\/uploads\/sites\/2\/2024\/01\/tsize_600x400_MOVILNET.jpg","articleSection":["Actualidad"],"inLanguage":"es","potentialAction":[{"@type":"CommentAction","name":"Comment","target":["https:\/\/noti-america.com\/site\/venezuela\/2024\/01\/30\/la-idea-es-seguir-creciendo-movilnet-incorporara-el-esim-durante-el-primer-semestre-de-2024\/#respond"]}]},{"@type":"WebPage","@id":"https:\/\/noti-america.com\/site\/venezuela\/2024\/01\/30\/la-idea-es-seguir-creciendo-movilnet-incorporara-el-esim-durante-el-primer-semestre-de-2024\/","url":"https:\/\/noti-america.com\/site\/venezuela\/2024\/01\/30\/la-idea-es-seguir-creciendo-movilnet-incorporara-el-esim-durante-el-primer-semestre-de-2024\/","name":"\"La idea es seguir creciendo\": Movilnet incorporar\u00e1 el eSIM durante el primer semestre de 2024 - Venezuela | Noti-America.com","isPartOf":{"@id":"https:\/\/noti-america.com\/site\/venezuela\/#website"},"primaryImageOfPage":{"@id":"https:\/\/noti-america.com\/site\/venezuela\/2024\/01\/30\/la-idea-es-seguir-creciendo-movilnet-incorporara-el-esim-durante-el-primer-semestre-de-2024\/#primaryimage"},"image":{"@id":"https:\/\/noti-america.com\/site\/venezuela\/2024\/01\/30\/la-idea-es-seguir-creciendo-movilnet-incorporara-el-esim-durante-el-primer-semestre-de-2024\/#primaryimage"},"thumbnailUrl":"https:\/\/noti-america.com\/site\/venezuela\/wp-content\/uploads\/sites\/2\/2024\/01\/tsize_600x400_MOVILNET.jpg","datePublished":"2024-01-30T11:31:54+00:00","breadcrumb":{"@id":"https:\/\/noti-america.com\/site\/venezuela\/2024\/01\/30\/la-idea-es-seguir-creciendo-movilnet-incorporara-el-esim-durante-el-primer-semestre-de-2024\/#breadcrumb"},"inLanguage":"es","potentialAction":[{"@type":"ReadAction","target":["https:\/\/noti-america.com\/site\/venezuela\/2024\/01\/30\/la-idea-es-seguir-creciendo-movilnet-incorporara-el-esim-durante-el-primer-semestre-de-2024\/"]}]},{"@type":"ImageObject","inLanguage":"es","@id":"https:\/\/noti-america.com\/site\/venezuela\/2024\/01\/30\/la-idea-es-seguir-creciendo-movilnet-incorporara-el-esim-durante-el-primer-semestre-de-2024\/#primaryimage","url":"https:\/\/noti-america.com\/site\/venezuela\/wp-content\/uploads\/sites\/2\/2024\/01\/tsize_600x400_MOVILNET.jpg","contentUrl":"https:\/\/noti-america.com\/site\/venezuela\/wp-content\/uploads\/sites\/2\/2024\/01\/tsize_600x400_MOVILNET.jpg","width":600,"height":400},{"@type":"BreadcrumbList","@id":"https:\/\/noti-america.com\/site\/venezuela\/2024\/01\/30\/la-idea-es-seguir-creciendo-movilnet-incorporara-el-esim-durante-el-primer-semestre-de-2024\/#breadcrumb","itemListElement":[{"@type":"ListItem","position":1,"name":"Portada","item":"https:\/\/noti-america.com\/site\/venezuela\/"},{"@type":"ListItem","position":2,"name":"&#8220;La idea es seguir creciendo&#8221;: Movilnet incorporar\u00e1 el eSIM durante el primer semestre de 2024"}]},{"@type":"WebSite","@id":"https:\/\/noti-america.com\/site\/venezuela\/#website","url":"https:\/\/noti-america.com\/site\/venezuela\/","name":"Venezuela | Noti-America.com","description":"","publisher":{"@id":"https:\/\/noti-america.com\/site\/venezuela\/#organization"},"potentialAction":[{"@type":"SearchAction","target":{"@type":"EntryPoint","urlTemplate":"https:\/\/noti-america.com\/site\/venezuela\/?s={search_term_string}"},"query-input":{"@type":"PropertyValueSpecification","valueRequired":true,"valueName":"search_term_string"}}],"inLanguage":"es"},{"@type":"Organization","@id":"https:\/\/noti-america.com\/site\/venezuela\/#organization","name":"Noti-America LLC | Venezuela","url":"https:\/\/noti-america.com\/site\/venezuela\/","logo":{"@type":"ImageObject","inLanguage":"es","@id":"https:\/\/noti-america.com\/site\/venezuela\/#\/schema\/logo\/image\/","url":"https:\/\/noti-america.com\/site\/venezuela\/wp-content\/uploads\/sites\/2\/2020\/07\/LogoNA-4x3-1.jpg","contentUrl":"https:\/\/noti-america.com\/site\/venezuela\/wp-content\/uploads\/sites\/2\/2020\/07\/LogoNA-4x3-1.jpg","width":1236,"height":1080,"caption":"Noti-America LLC | Venezuela"},"image":{"@id":"https:\/\/noti-america.com\/site\/venezuela\/#\/schema\/logo\/image\/"}},{"@type":"Person","@id":"https:\/\/noti-america.com\/site\/venezuela\/#\/schema\/person\/fd58dbfb92a257e9dc5761bf69a855ff","name":"Rosmer Herrera","image":{"@type":"ImageObject","inLanguage":"es","@id":"https:\/\/secure.gravatar.com\/avatar\/153e75c261394dbf20ff1a1e70ea2be9494f2b40b7fc4e7704084db13220ae08?s=96&d=mm&r=g","url":"https:\/\/secure.gravatar.com\/avatar\/153e75c261394dbf20ff1a1e70ea2be9494f2b40b7fc4e7704084db13220ae08?s=96&d=mm&r=g","contentUrl":"https:\/\/secure.gravatar.com\/avatar\/153e75c261394dbf20ff1a1e70ea2be9494f2b40b7fc4e7704084db13220ae08?s=96&d=mm&r=g","caption":"Rosmer Herrera"},"url":"https:\/\/noti-america.com\/site\/venezuela\/author\/rosmer33\/"}]}},"_links":{"self":[{"href":"https:\/\/noti-america.com\/site\/venezuela\/wp-json\/wp\/v2\/posts\/34971","targetHints":{"allow":["GET"]}}],"collection":[{"href":"https:\/\/noti-america.com\/site\/venezuela\/wp-json\/wp\/v2\/posts"}],"about":[{"href":"https:\/\/noti-america.com\/site\/venezuela\/wp-json\/wp\/v2\/types\/post"}],"author":[{"embeddable":true,"href":"https:\/\/noti-america.com\/site\/venezuela\/wp-json\/wp\/v2\/users\/1"}],"replies":[{"embeddable":true,"href":"https:\/\/noti-america.com\/site\/venezuela\/wp-json\/wp\/v2\/comments?post=34971"}],"version-history":[{"count":1,"href":"https:\/\/noti-america.com\/site\/venezuela\/wp-json\/wp\/v2\/posts\/34971\/revisions"}],"predecessor-version":[{"id":34973,"href":"https:\/\/noti-america.com\/site\/venezuela\/wp-json\/wp\/v2\/posts\/34971\/revisions\/34973"}],"wp:featuredmedia":[{"embeddable":true,"href":"https:\/\/noti-america.com\/site\/venezuela\/wp-json\/wp\/v2\/media\/34972"}],"wp:attachment":[{"href":"https:\/\/noti-america.com\/site\/venezuela\/wp-json\/wp\/v2\/media?parent=34971"}],"wp:term":[{"taxonomy":"category","embeddable":true,"href":"https:\/\/noti-america.com\/site\/venezuela\/wp-json\/wp\/v2\/categories?post=34971"},{"taxonomy":"post_tag","embeddable":true,"href":"https:\/\/noti-america.com\/site\/venezuela\/wp-json\/wp\/v2\/tags?post=34971"}],"curies":[{"name":"wp","href":"https:\/\/api.w.org\/{rel}","templated":true}]}}