{"id":34571,"date":"2024-01-18T14:17:13","date_gmt":"2024-01-18T14:17:13","guid":{"rendered":"https:\/\/noti-america.com\/site\/venezuela\/?p=34571"},"modified":"2024-01-18T14:17:13","modified_gmt":"2024-01-18T14:17:13","slug":"pasarela-261-codigo-moda-celebro-una-decada-siendo-referencia-de-moda-nacional","status":"publish","type":"post","link":"https:\/\/noti-america.com\/site\/venezuela\/2024\/01\/18\/pasarela-261-codigo-moda-celebro-una-decada-siendo-referencia-de-moda-nacional\/","title":{"rendered":"\u201cPasarela 261 c\u00f3digo moda\u201d Celebr\u00f3 una d\u00e9cada siendo referencia de moda nacional"},"content":{"rendered":"<p class=\"x_MsoNormal\"><span lang=\"ES-VE\">Una d\u00e9cada cumple <strong>\u201cPasarela 261 C\u00f3digo Moda\u201d<\/strong> como el evento de moda m\u00e1s importante del pa\u00eds organizado por la Asociaci\u00f3n de Creadores de <strong>Moda de Venezuela<\/strong> (ACMOV) y lo celebr\u00f3 por todo lo alto el pasado jueves 14 de diciembre, en el hotel <strong>Tibisay de Maracaibo<\/strong>, en el <strong>estado Zulia<\/strong>. Donde una vez m\u00e1s los protagonistas fueron el color, el brillo el ingenio y la creatividad de parte de sus miembros quienes vistieron a modelos y personalidades para mostrar sus \u00faltimas creaciones. Adem\u00e1s, entregaron la premiaci\u00f3n del concurso Best New Designer.\u00a0<\/span><\/p>\n<p class=\"x_MsoNormal\"><span lang=\"ES-VE\">\u00a0<\/span><\/p>\n<p class=\"x_MsoNormal\"><span lang=\"ES-VE\">Miriam Rodr\u00edguez, ALL Baute, Joan Delgado, Nidal Nouaihed, Blacksand Estudio Carlos Flores, Yalima Hern\u00e1ndez y Gladys S\u00e1nchez, Templo, Gionel and Giovanni, RV Fashion Store, Mitos, Richard Urdaneta, AmenaidaG, Moniz y Fornes, koii, fueron los encargados de vestir con sus \u00faltimas colecciones a importantes modelos y ex misses que engalanaron \u00e9sta edici\u00f3n de Pasarela 261.<\/span><\/p>\n<p class=\"x_MsoNormal\"><span lang=\"ES-VE\">\u00a0<\/span><\/p>\n<p class=\"x_MsoNormal\"><span lang=\"ES-VE\">\u201cLa misi\u00f3n para el pr\u00f3ximo a\u00f1o es fusionar las empresas con la moda, en un formato de marketing experiencial, donde las marcas puedan alcanzar mayor posicionamiento y proyecci\u00f3n\u201d inform\u00f3 Duvraska Villasmil directora general de Pasarela 261.<\/span><\/p>\n<p class=\"x_MsoNormal\"><span lang=\"ES-VE\">\u00a0<\/span><\/p>\n<p class=\"x_MsoNormal\"><span lang=\"ES-VE\">Esta edici\u00f3n fue propicia para premiar a los tres ganadores del \u201cBest New Designer\u201d concurso que busca impulsar los nuevos talentos en Dise\u00f1o de Moda. El primer lugar lo obtuvo Miguel Aguilar, el segundo Elio Guille y el tercer lugar Krystel Morales.<\/span><\/p>\n<p class=\"x_MsoNormal\"><span lang=\"ES-VE\">\u00a0<\/span><\/p>\n<p class=\"x_MsoNormal\"><span lang=\"ES-VE\">ACMOV ya est\u00e1 preparando un nuevo formato para el pr\u00f3ximo a\u00f1o que se llamar\u00e1: 261 Fashion Capital 2024, donde adem\u00e1s de tener la tradicional pasarela, ser\u00e1n incorporadas las \u00e1reas de exposici\u00f3n y venta con todos los proveedores de los diferentes rubros necesarios para el trabajo final de un dise\u00f1ador o marca, entre otras novedades que ser\u00e1n informando progresivamente.<\/span><\/p>\n","protected":false},"excerpt":{"rendered":"<p>Una d\u00e9cada cumple \u201cPasarela 261 C\u00f3digo Moda\u201d como el evento de moda m\u00e1s importante del pa\u00eds organizado por la Asociaci\u00f3n de Creadores de Moda de Venezuela (ACMOV) y lo celebr\u00f3 por todo lo alto&#46;&#46;&#46;<\/p>\n","protected":false},"author":127,"featured_media":34572,"comment_status":"open","ping_status":"open","sticky":false,"template":"","format":"image","meta":{"_acf_changed":false,"om_disable_all_campaigns":false,"rop_custom_images_group":[],"rop_custom_messages_group":[],"rop_publish_now":"initial","rop_publish_now_accounts":{"twitter_242054905_242054905":""},"rop_publish_now_history":[],"rop_publish_now_status":"pending","_uf_show_specific_survey":0,"_uf_disable_surveys":false,"footnotes":""},"categories":[847],"tags":[],"class_list":["post-34571","post","type-post","status-publish","format-image","has-post-thumbnail","hentry","category-moda","post_format-post-format-image"],"acf":[],"aioseo_notices":[],"yoast_head":"<!-- This site is optimized with the Yoast SEO Premium plugin v24.9 (Yoast SEO v27.2) - https:\/\/yoast.com\/product\/yoast-seo-premium-wordpress\/ -->\n<title>\u201cPasarela 261 c\u00f3digo moda\u201d Celebr\u00f3 una d\u00e9cada siendo referencia de moda nacional - Venezuela | Noti-America.com<\/title>\n<meta name=\"robots\" content=\"index, follow, max-snippet:-1, max-image-preview:large, max-video-preview:-1\" \/>\n<link rel=\"canonical\" href=\"https:\/\/noti-america.com\/site\/venezuela\/2024\/01\/18\/pasarela-261-codigo-moda-celebro-una-decada-siendo-referencia-de-moda-nacional\/\" \/>\n<meta property=\"og:locale\" content=\"es_ES\" \/>\n<meta property=\"og:type\" content=\"article\" \/>\n<meta property=\"og:title\" content=\"\u201cPasarela 261 c\u00f3digo moda\u201d Celebr\u00f3 una d\u00e9cada siendo referencia de moda nacional\" \/>\n<meta property=\"og:description\" content=\"Una d\u00e9cada cumple \u201cPasarela 261 C\u00f3digo Moda\u201d como el evento de moda m\u00e1s importante del pa\u00eds organizado por la Asociaci\u00f3n de Creadores de Moda de Venezuela (ACMOV) y lo celebr\u00f3 por todo lo alto&#046;&#046;&#046;\" \/>\n<meta property=\"og:url\" content=\"https:\/\/noti-america.com\/site\/venezuela\/2024\/01\/18\/pasarela-261-codigo-moda-celebro-una-decada-siendo-referencia-de-moda-nacional\/\" \/>\n<meta property=\"og:site_name\" content=\"Venezuela | Noti-America.com\" \/>\n<meta property=\"article:published_time\" content=\"2024-01-18T14:17:13+00:00\" \/>\n<meta property=\"og:image\" content=\"https:\/\/noti-america.com\/site\/venezuela\/wp-content\/uploads\/sites\/2\/2024\/01\/thumbnail_PASARELA-2.jpg\" \/>\n\t<meta property=\"og:image:width\" content=\"1004\" \/>\n\t<meta property=\"og:image:height\" content=\"1504\" \/>\n\t<meta property=\"og:image:type\" content=\"image\/jpeg\" \/>\n<meta name=\"author\" content=\"Yoelvzla\" \/>\n<meta name=\"twitter:card\" content=\"summary_large_image\" \/>\n<meta name=\"twitter:label1\" content=\"Escrito por\" \/>\n\t<meta name=\"twitter:data1\" content=\"Yoelvzla\" \/>\n\t<meta name=\"twitter:label2\" content=\"Tiempo estimado de lectura\" \/>\n\t<meta name=\"twitter:data2\" content=\"2 minutos\" \/>\n<script type=\"application\/ld+json\" class=\"yoast-schema-graph\">{\"@context\":\"https:\/\/schema.org\",\"@graph\":[{\"@type\":\"Article\",\"@id\":\"https:\/\/noti-america.com\/site\/venezuela\/2024\/01\/18\/pasarela-261-codigo-moda-celebro-una-decada-siendo-referencia-de-moda-nacional\/#article\",\"isPartOf\":{\"@id\":\"https:\/\/noti-america.com\/site\/venezuela\/2024\/01\/18\/pasarela-261-codigo-moda-celebro-una-decada-siendo-referencia-de-moda-nacional\/\"},\"author\":{\"name\":\"Yoelvzla\",\"@id\":\"https:\/\/noti-america.com\/site\/venezuela\/#\/schema\/person\/376ccc7b3cc7a8d5a43c3ece07a43857\"},\"headline\":\"\u201cPasarela 261 c\u00f3digo moda\u201d Celebr\u00f3 una d\u00e9cada siendo referencia de moda nacional\",\"datePublished\":\"2024-01-18T14:17:13+00:00\",\"mainEntityOfPage\":{\"@id\":\"https:\/\/noti-america.com\/site\/venezuela\/2024\/01\/18\/pasarela-261-codigo-moda-celebro-una-decada-siendo-referencia-de-moda-nacional\/\"},\"wordCount\":313,\"commentCount\":0,\"publisher\":{\"@id\":\"https:\/\/noti-america.com\/site\/venezuela\/#organization\"},\"image\":{\"@id\":\"https:\/\/noti-america.com\/site\/venezuela\/2024\/01\/18\/pasarela-261-codigo-moda-celebro-una-decada-siendo-referencia-de-moda-nacional\/#primaryimage\"},\"thumbnailUrl\":\"https:\/\/noti-america.com\/site\/venezuela\/wp-content\/uploads\/sites\/2\/2024\/01\/thumbnail_PASARELA-2.jpg\",\"articleSection\":[\"Moda\"],\"inLanguage\":\"es\",\"potentialAction\":[{\"@type\":\"CommentAction\",\"name\":\"Comment\",\"target\":[\"https:\/\/noti-america.com\/site\/venezuela\/2024\/01\/18\/pasarela-261-codigo-moda-celebro-una-decada-siendo-referencia-de-moda-nacional\/#respond\"]}]},{\"@type\":\"WebPage\",\"@id\":\"https:\/\/noti-america.com\/site\/venezuela\/2024\/01\/18\/pasarela-261-codigo-moda-celebro-una-decada-siendo-referencia-de-moda-nacional\/\",\"url\":\"https:\/\/noti-america.com\/site\/venezuela\/2024\/01\/18\/pasarela-261-codigo-moda-celebro-una-decada-siendo-referencia-de-moda-nacional\/\",\"name\":\"\u201cPasarela 261 c\u00f3digo moda\u201d Celebr\u00f3 una d\u00e9cada siendo referencia de moda nacional - Venezuela | Noti-America.com\",\"isPartOf\":{\"@id\":\"https:\/\/noti-america.com\/site\/venezuela\/#website\"},\"primaryImageOfPage\":{\"@id\":\"https:\/\/noti-america.com\/site\/venezuela\/2024\/01\/18\/pasarela-261-codigo-moda-celebro-una-decada-siendo-referencia-de-moda-nacional\/#primaryimage\"},\"image\":{\"@id\":\"https:\/\/noti-america.com\/site\/venezuela\/2024\/01\/18\/pasarela-261-codigo-moda-celebro-una-decada-siendo-referencia-de-moda-nacional\/#primaryimage\"},\"thumbnailUrl\":\"https:\/\/noti-america.com\/site\/venezuela\/wp-content\/uploads\/sites\/2\/2024\/01\/thumbnail_PASARELA-2.jpg\",\"datePublished\":\"2024-01-18T14:17:13+00:00\",\"breadcrumb\":{\"@id\":\"https:\/\/noti-america.com\/site\/venezuela\/2024\/01\/18\/pasarela-261-codigo-moda-celebro-una-decada-siendo-referencia-de-moda-nacional\/#breadcrumb\"},\"inLanguage\":\"es\",\"potentialAction\":[{\"@type\":\"ReadAction\",\"target\":[\"https:\/\/noti-america.com\/site\/venezuela\/2024\/01\/18\/pasarela-261-codigo-moda-celebro-una-decada-siendo-referencia-de-moda-nacional\/\"]}]},{\"@type\":\"ImageObject\",\"inLanguage\":\"es\",\"@id\":\"https:\/\/noti-america.com\/site\/venezuela\/2024\/01\/18\/pasarela-261-codigo-moda-celebro-una-decada-siendo-referencia-de-moda-nacional\/#primaryimage\",\"url\":\"https:\/\/noti-america.com\/site\/venezuela\/wp-content\/uploads\/sites\/2\/2024\/01\/thumbnail_PASARELA-2.jpg\",\"contentUrl\":\"https:\/\/noti-america.com\/site\/venezuela\/wp-content\/uploads\/sites\/2\/2024\/01\/thumbnail_PASARELA-2.jpg\",\"width\":1004,\"height\":1504},{\"@type\":\"BreadcrumbList\",\"@id\":\"https:\/\/noti-america.com\/site\/venezuela\/2024\/01\/18\/pasarela-261-codigo-moda-celebro-una-decada-siendo-referencia-de-moda-nacional\/#breadcrumb\",\"itemListElement\":[{\"@type\":\"ListItem\",\"position\":1,\"name\":\"Portada\",\"item\":\"https:\/\/noti-america.com\/site\/venezuela\/\"},{\"@type\":\"ListItem\",\"position\":2,\"name\":\"\u201cPasarela 261 c\u00f3digo moda\u201d Celebr\u00f3 una d\u00e9cada siendo referencia de moda nacional\"}]},{\"@type\":\"WebSite\",\"@id\":\"https:\/\/noti-america.com\/site\/venezuela\/#website\",\"url\":\"https:\/\/noti-america.com\/site\/venezuela\/\",\"name\":\"Venezuela | Noti-America.com\",\"description\":\"\",\"publisher\":{\"@id\":\"https:\/\/noti-america.com\/site\/venezuela\/#organization\"},\"potentialAction\":[{\"@type\":\"SearchAction\",\"target\":{\"@type\":\"EntryPoint\",\"urlTemplate\":\"https:\/\/noti-america.com\/site\/venezuela\/?s={search_term_string}\"},\"query-input\":{\"@type\":\"PropertyValueSpecification\",\"valueRequired\":true,\"valueName\":\"search_term_string\"}}],\"inLanguage\":\"es\"},{\"@type\":\"Organization\",\"@id\":\"https:\/\/noti-america.com\/site\/venezuela\/#organization\",\"name\":\"Noti-America LLC | Venezuela\",\"url\":\"https:\/\/noti-america.com\/site\/venezuela\/\",\"logo\":{\"@type\":\"ImageObject\",\"inLanguage\":\"es\",\"@id\":\"https:\/\/noti-america.com\/site\/venezuela\/#\/schema\/logo\/image\/\",\"url\":\"https:\/\/noti-america.com\/site\/venezuela\/wp-content\/uploads\/sites\/2\/2020\/07\/LogoNA-4x3-1.jpg\",\"contentUrl\":\"https:\/\/noti-america.com\/site\/venezuela\/wp-content\/uploads\/sites\/2\/2020\/07\/LogoNA-4x3-1.jpg\",\"width\":1236,\"height\":1080,\"caption\":\"Noti-America LLC | Venezuela\"},\"image\":{\"@id\":\"https:\/\/noti-america.com\/site\/venezuela\/#\/schema\/logo\/image\/\"}},{\"@type\":\"Person\",\"@id\":\"https:\/\/noti-america.com\/site\/venezuela\/#\/schema\/person\/376ccc7b3cc7a8d5a43c3ece07a43857\",\"name\":\"Yoelvzla\",\"image\":{\"@type\":\"ImageObject\",\"inLanguage\":\"es\",\"@id\":\"https:\/\/secure.gravatar.com\/avatar\/13a96a72123e0e9aa76fe82e8847f726c63a1c5ef6a8d0fadd844c1a5a83b212?s=96&d=mm&r=g\",\"url\":\"https:\/\/secure.gravatar.com\/avatar\/13a96a72123e0e9aa76fe82e8847f726c63a1c5ef6a8d0fadd844c1a5a83b212?s=96&d=mm&r=g\",\"contentUrl\":\"https:\/\/secure.gravatar.com\/avatar\/13a96a72123e0e9aa76fe82e8847f726c63a1c5ef6a8d0fadd844c1a5a83b212?s=96&d=mm&r=g\",\"caption\":\"Yoelvzla\"},\"url\":\"https:\/\/noti-america.com\/site\/venezuela\/author\/ydiaz\/\"}]}<\/script>\n<!-- \/ Yoast SEO Premium plugin. -->","yoast_head_json":{"title":"\u201cPasarela 261 c\u00f3digo moda\u201d Celebr\u00f3 una d\u00e9cada siendo referencia de moda nacional - Venezuela | Noti-America.com","robots":{"index":"index","follow":"follow","max-snippet":"max-snippet:-1","max-image-preview":"max-image-preview:large","max-video-preview":"max-video-preview:-1"},"canonical":"https:\/\/noti-america.com\/site\/venezuela\/2024\/01\/18\/pasarela-261-codigo-moda-celebro-una-decada-siendo-referencia-de-moda-nacional\/","og_locale":"es_ES","og_type":"article","og_title":"\u201cPasarela 261 c\u00f3digo moda\u201d Celebr\u00f3 una d\u00e9cada siendo referencia de moda nacional","og_description":"Una d\u00e9cada cumple \u201cPasarela 261 C\u00f3digo Moda\u201d como el evento de moda m\u00e1s importante del pa\u00eds organizado por la Asociaci\u00f3n de Creadores de Moda de Venezuela (ACMOV) y lo celebr\u00f3 por todo lo alto&#46;&#46;&#46;","og_url":"https:\/\/noti-america.com\/site\/venezuela\/2024\/01\/18\/pasarela-261-codigo-moda-celebro-una-decada-siendo-referencia-de-moda-nacional\/","og_site_name":"Venezuela | Noti-America.com","article_published_time":"2024-01-18T14:17:13+00:00","og_image":[{"width":1004,"height":1504,"url":"https:\/\/noti-america.com\/site\/venezuela\/wp-content\/uploads\/sites\/2\/2024\/01\/thumbnail_PASARELA-2.jpg","type":"image\/jpeg"}],"author":"Yoelvzla","twitter_card":"summary_large_image","twitter_misc":{"Escrito por":"Yoelvzla","Tiempo estimado de lectura":"2 minutos"},"schema":{"@context":"https:\/\/schema.org","@graph":[{"@type":"Article","@id":"https:\/\/noti-america.com\/site\/venezuela\/2024\/01\/18\/pasarela-261-codigo-moda-celebro-una-decada-siendo-referencia-de-moda-nacional\/#article","isPartOf":{"@id":"https:\/\/noti-america.com\/site\/venezuela\/2024\/01\/18\/pasarela-261-codigo-moda-celebro-una-decada-siendo-referencia-de-moda-nacional\/"},"author":{"name":"Yoelvzla","@id":"https:\/\/noti-america.com\/site\/venezuela\/#\/schema\/person\/376ccc7b3cc7a8d5a43c3ece07a43857"},"headline":"\u201cPasarela 261 c\u00f3digo moda\u201d Celebr\u00f3 una d\u00e9cada siendo referencia de moda nacional","datePublished":"2024-01-18T14:17:13+00:00","mainEntityOfPage":{"@id":"https:\/\/noti-america.com\/site\/venezuela\/2024\/01\/18\/pasarela-261-codigo-moda-celebro-una-decada-siendo-referencia-de-moda-nacional\/"},"wordCount":313,"commentCount":0,"publisher":{"@id":"https:\/\/noti-america.com\/site\/venezuela\/#organization"},"image":{"@id":"https:\/\/noti-america.com\/site\/venezuela\/2024\/01\/18\/pasarela-261-codigo-moda-celebro-una-decada-siendo-referencia-de-moda-nacional\/#primaryimage"},"thumbnailUrl":"https:\/\/noti-america.com\/site\/venezuela\/wp-content\/uploads\/sites\/2\/2024\/01\/thumbnail_PASARELA-2.jpg","articleSection":["Moda"],"inLanguage":"es","potentialAction":[{"@type":"CommentAction","name":"Comment","target":["https:\/\/noti-america.com\/site\/venezuela\/2024\/01\/18\/pasarela-261-codigo-moda-celebro-una-decada-siendo-referencia-de-moda-nacional\/#respond"]}]},{"@type":"WebPage","@id":"https:\/\/noti-america.com\/site\/venezuela\/2024\/01\/18\/pasarela-261-codigo-moda-celebro-una-decada-siendo-referencia-de-moda-nacional\/","url":"https:\/\/noti-america.com\/site\/venezuela\/2024\/01\/18\/pasarela-261-codigo-moda-celebro-una-decada-siendo-referencia-de-moda-nacional\/","name":"\u201cPasarela 261 c\u00f3digo moda\u201d Celebr\u00f3 una d\u00e9cada siendo referencia de moda nacional - Venezuela | Noti-America.com","isPartOf":{"@id":"https:\/\/noti-america.com\/site\/venezuela\/#website"},"primaryImageOfPage":{"@id":"https:\/\/noti-america.com\/site\/venezuela\/2024\/01\/18\/pasarela-261-codigo-moda-celebro-una-decada-siendo-referencia-de-moda-nacional\/#primaryimage"},"image":{"@id":"https:\/\/noti-america.com\/site\/venezuela\/2024\/01\/18\/pasarela-261-codigo-moda-celebro-una-decada-siendo-referencia-de-moda-nacional\/#primaryimage"},"thumbnailUrl":"https:\/\/noti-america.com\/site\/venezuela\/wp-content\/uploads\/sites\/2\/2024\/01\/thumbnail_PASARELA-2.jpg","datePublished":"2024-01-18T14:17:13+00:00","breadcrumb":{"@id":"https:\/\/noti-america.com\/site\/venezuela\/2024\/01\/18\/pasarela-261-codigo-moda-celebro-una-decada-siendo-referencia-de-moda-nacional\/#breadcrumb"},"inLanguage":"es","potentialAction":[{"@type":"ReadAction","target":["https:\/\/noti-america.com\/site\/venezuela\/2024\/01\/18\/pasarela-261-codigo-moda-celebro-una-decada-siendo-referencia-de-moda-nacional\/"]}]},{"@type":"ImageObject","inLanguage":"es","@id":"https:\/\/noti-america.com\/site\/venezuela\/2024\/01\/18\/pasarela-261-codigo-moda-celebro-una-decada-siendo-referencia-de-moda-nacional\/#primaryimage","url":"https:\/\/noti-america.com\/site\/venezuela\/wp-content\/uploads\/sites\/2\/2024\/01\/thumbnail_PASARELA-2.jpg","contentUrl":"https:\/\/noti-america.com\/site\/venezuela\/wp-content\/uploads\/sites\/2\/2024\/01\/thumbnail_PASARELA-2.jpg","width":1004,"height":1504},{"@type":"BreadcrumbList","@id":"https:\/\/noti-america.com\/site\/venezuela\/2024\/01\/18\/pasarela-261-codigo-moda-celebro-una-decada-siendo-referencia-de-moda-nacional\/#breadcrumb","itemListElement":[{"@type":"ListItem","position":1,"name":"Portada","item":"https:\/\/noti-america.com\/site\/venezuela\/"},{"@type":"ListItem","position":2,"name":"\u201cPasarela 261 c\u00f3digo moda\u201d Celebr\u00f3 una d\u00e9cada siendo referencia de moda nacional"}]},{"@type":"WebSite","@id":"https:\/\/noti-america.com\/site\/venezuela\/#website","url":"https:\/\/noti-america.com\/site\/venezuela\/","name":"Venezuela | Noti-America.com","description":"","publisher":{"@id":"https:\/\/noti-america.com\/site\/venezuela\/#organization"},"potentialAction":[{"@type":"SearchAction","target":{"@type":"EntryPoint","urlTemplate":"https:\/\/noti-america.com\/site\/venezuela\/?s={search_term_string}"},"query-input":{"@type":"PropertyValueSpecification","valueRequired":true,"valueName":"search_term_string"}}],"inLanguage":"es"},{"@type":"Organization","@id":"https:\/\/noti-america.com\/site\/venezuela\/#organization","name":"Noti-America LLC | Venezuela","url":"https:\/\/noti-america.com\/site\/venezuela\/","logo":{"@type":"ImageObject","inLanguage":"es","@id":"https:\/\/noti-america.com\/site\/venezuela\/#\/schema\/logo\/image\/","url":"https:\/\/noti-america.com\/site\/venezuela\/wp-content\/uploads\/sites\/2\/2020\/07\/LogoNA-4x3-1.jpg","contentUrl":"https:\/\/noti-america.com\/site\/venezuela\/wp-content\/uploads\/sites\/2\/2020\/07\/LogoNA-4x3-1.jpg","width":1236,"height":1080,"caption":"Noti-America LLC | Venezuela"},"image":{"@id":"https:\/\/noti-america.com\/site\/venezuela\/#\/schema\/logo\/image\/"}},{"@type":"Person","@id":"https:\/\/noti-america.com\/site\/venezuela\/#\/schema\/person\/376ccc7b3cc7a8d5a43c3ece07a43857","name":"Yoelvzla","image":{"@type":"ImageObject","inLanguage":"es","@id":"https:\/\/secure.gravatar.com\/avatar\/13a96a72123e0e9aa76fe82e8847f726c63a1c5ef6a8d0fadd844c1a5a83b212?s=96&d=mm&r=g","url":"https:\/\/secure.gravatar.com\/avatar\/13a96a72123e0e9aa76fe82e8847f726c63a1c5ef6a8d0fadd844c1a5a83b212?s=96&d=mm&r=g","contentUrl":"https:\/\/secure.gravatar.com\/avatar\/13a96a72123e0e9aa76fe82e8847f726c63a1c5ef6a8d0fadd844c1a5a83b212?s=96&d=mm&r=g","caption":"Yoelvzla"},"url":"https:\/\/noti-america.com\/site\/venezuela\/author\/ydiaz\/"}]}},"_links":{"self":[{"href":"https:\/\/noti-america.com\/site\/venezuela\/wp-json\/wp\/v2\/posts\/34571","targetHints":{"allow":["GET"]}}],"collection":[{"href":"https:\/\/noti-america.com\/site\/venezuela\/wp-json\/wp\/v2\/posts"}],"about":[{"href":"https:\/\/noti-america.com\/site\/venezuela\/wp-json\/wp\/v2\/types\/post"}],"author":[{"embeddable":true,"href":"https:\/\/noti-america.com\/site\/venezuela\/wp-json\/wp\/v2\/users\/127"}],"replies":[{"embeddable":true,"href":"https:\/\/noti-america.com\/site\/venezuela\/wp-json\/wp\/v2\/comments?post=34571"}],"version-history":[{"count":1,"href":"https:\/\/noti-america.com\/site\/venezuela\/wp-json\/wp\/v2\/posts\/34571\/revisions"}],"predecessor-version":[{"id":34573,"href":"https:\/\/noti-america.com\/site\/venezuela\/wp-json\/wp\/v2\/posts\/34571\/revisions\/34573"}],"wp:featuredmedia":[{"embeddable":true,"href":"https:\/\/noti-america.com\/site\/venezuela\/wp-json\/wp\/v2\/media\/34572"}],"wp:attachment":[{"href":"https:\/\/noti-america.com\/site\/venezuela\/wp-json\/wp\/v2\/media?parent=34571"}],"wp:term":[{"taxonomy":"category","embeddable":true,"href":"https:\/\/noti-america.com\/site\/venezuela\/wp-json\/wp\/v2\/categories?post=34571"},{"taxonomy":"post_tag","embeddable":true,"href":"https:\/\/noti-america.com\/site\/venezuela\/wp-json\/wp\/v2\/tags?post=34571"}],"curies":[{"name":"wp","href":"https:\/\/api.w.org\/{rel}","templated":true}]}}