{"id":34046,"date":"2023-12-30T11:49:54","date_gmt":"2023-12-30T11:49:54","guid":{"rendered":"https:\/\/noti-america.com\/site\/venezuela\/?p=34046"},"modified":"2023-12-30T11:49:54","modified_gmt":"2023-12-30T11:49:54","slug":"vicepresidenta-ejecutiva-instalo-el-consejo-superior-de-armonizacion-tributaria","status":"publish","type":"post","link":"https:\/\/noti-america.com\/site\/venezuela\/2023\/12\/30\/vicepresidenta-ejecutiva-instalo-el-consejo-superior-de-armonizacion-tributaria\/","title":{"rendered":"Vicepresidenta Ejecutiva instal\u00f3 el Consejo Superior de Armonizaci\u00f3n Tributaria"},"content":{"rendered":"<p><strong>NOTI-AM\u00c9RICA<\/strong> VENEZUELA<\/p>\n<p>Esta instancia responde a la vigente Ley de Armonizaci\u00f3n Tributaria, un instrumento legal que deber\u00e1 garantizar mayor eficiencia en los precios, redes de distribuci\u00f3n y comercializaci\u00f3n.<\/p>\n<div><span>La vicepresidenta Ejecutiva de la Rep\u00fablica, Delcy Rodr\u00edguez, instal\u00f3 este viernes el Consejo Superior de Armonizaci\u00f3n Tributaria, con la participaci\u00f3n de autoridades nacionales, regionales y locales del pa\u00eds.<\/span><\/p>\n<p><span>Esta instancia responde a la vigente Ley de Armonizaci\u00f3n Tributaria, un instrumento legal \u00abque le deb\u00edamos a la Constituci\u00f3n, pero tambi\u00e9n al pa\u00eds, a los sectores productivos, de comercio nacional y al Pueblo venezolano\u00bb, manifest\u00f3 Rodr\u00edguez desde su despacho.<\/span><\/p>\n<p><span>Enfatiz\u00f3 que el objetivo del Consejo es garantizar mayor eficiencia en los precios, redes de distribuci\u00f3n y comercializaci\u00f3n, y adem\u00e1s, va a permitir la ejecuci\u00f3n de pol\u00edticas, la revisi\u00f3n y el seguimiento de cada uno de los baremos, la ordenanza y la direccionalidad de la pol\u00edtica que contempla la Ley.<\/span><\/div>\n<div><\/div>\n<div><span>En este sentido, el gobernador del estado Cojedes, Alberto Gal\u00edndez, resalt\u00f3 que el estatuto mencionado contribuir\u00e1 en el fortalecimiento e impulso de la cultura tributaria en el pa\u00eds.\u00a0<\/span><\/p>\n<p><span>Por su parte, la alcaldesa de Caracas, Carmen Mel\u00e9ndez, acot\u00f3, que a trav\u00e9s del fortalecimiento de la cultura tributaria se impulsar\u00e1 una elevaci\u00f3n efectiva de tributos, en cada uno de los municipios del territorio nacional.<\/span><\/div>\n<div><\/div>\n<div style=\"text-align: left\"><span><b>Con informaci\u00f3n de VTV<\/b><\/span><\/div>\n","protected":false},"excerpt":{"rendered":"<p>NOTI-AM\u00c9RICA VENEZUELA Esta instancia responde a la vigente Ley de Armonizaci\u00f3n Tributaria, un instrumento legal que deber\u00e1 garantizar mayor eficiencia en los precios, redes de distribuci\u00f3n y comercializaci\u00f3n. La vicepresidenta Ejecutiva de la Rep\u00fablica,&#46;&#46;&#46;<\/p>\n","protected":false},"author":1,"featured_media":34047,"comment_status":"open","ping_status":"open","sticky":false,"template":"","format":"standard","meta":{"_acf_changed":false,"om_disable_all_campaigns":false,"rop_custom_images_group":[],"rop_custom_messages_group":[],"rop_publish_now":"initial","rop_publish_now_accounts":{"twitter_242054905_242054905":""},"rop_publish_now_history":[],"rop_publish_now_status":"pending","_uf_show_specific_survey":0,"_uf_disable_surveys":false,"footnotes":""},"categories":[508],"tags":[],"class_list":["post-34046","post","type-post","status-publish","format-standard","has-post-thumbnail","hentry","category-acturalidad"],"acf":[],"aioseo_notices":[],"yoast_head":"<!-- This site is optimized with the Yoast SEO Premium plugin v24.9 (Yoast SEO v27.2) - https:\/\/yoast.com\/product\/yoast-seo-premium-wordpress\/ -->\n<title>Vicepresidenta Ejecutiva instal\u00f3 el Consejo Superior de Armonizaci\u00f3n Tributaria - Venezuela | Noti-America.com<\/title>\n<meta name=\"robots\" content=\"index, follow, max-snippet:-1, max-image-preview:large, max-video-preview:-1\" \/>\n<link rel=\"canonical\" href=\"https:\/\/noti-america.com\/site\/venezuela\/2023\/12\/30\/vicepresidenta-ejecutiva-instalo-el-consejo-superior-de-armonizacion-tributaria\/\" \/>\n<meta property=\"og:locale\" content=\"es_ES\" \/>\n<meta property=\"og:type\" content=\"article\" \/>\n<meta property=\"og:title\" content=\"Vicepresidenta Ejecutiva instal\u00f3 el Consejo Superior de Armonizaci\u00f3n Tributaria\" \/>\n<meta property=\"og:description\" content=\"NOTI-AM\u00c9RICA VENEZUELA Esta instancia responde a la vigente Ley de Armonizaci\u00f3n Tributaria, un instrumento legal que deber\u00e1 garantizar mayor eficiencia en los precios, redes de distribuci\u00f3n y comercializaci\u00f3n. La vicepresidenta Ejecutiva de la Rep\u00fablica,&#046;&#046;&#046;\" \/>\n<meta property=\"og:url\" content=\"https:\/\/noti-america.com\/site\/venezuela\/2023\/12\/30\/vicepresidenta-ejecutiva-instalo-el-consejo-superior-de-armonizacion-tributaria\/\" \/>\n<meta property=\"og:site_name\" content=\"Venezuela | Noti-America.com\" \/>\n<meta property=\"article:published_time\" content=\"2023-12-30T11:49:54+00:00\" \/>\n<meta property=\"og:image\" content=\"https:\/\/noti-america.com\/site\/venezuela\/wp-content\/uploads\/sites\/2\/2023\/12\/instalan-consejo-superior-de-armonizacion-tributaria-en-caracas-15741.jpg\" \/>\n\t<meta property=\"og:image:width\" content=\"800\" \/>\n\t<meta property=\"og:image:height\" content=\"445\" \/>\n\t<meta property=\"og:image:type\" content=\"image\/jpeg\" \/>\n<meta name=\"author\" content=\"Rosmer Herrera\" \/>\n<meta name=\"twitter:card\" content=\"summary_large_image\" \/>\n<meta name=\"twitter:label1\" content=\"Escrito por\" \/>\n\t<meta name=\"twitter:data1\" content=\"Rosmer Herrera\" \/>\n\t<meta name=\"twitter:label2\" content=\"Tiempo estimado de lectura\" \/>\n\t<meta name=\"twitter:data2\" content=\"2 minutos\" \/>\n<script type=\"application\/ld+json\" class=\"yoast-schema-graph\">{\"@context\":\"https:\/\/schema.org\",\"@graph\":[{\"@type\":\"Article\",\"@id\":\"https:\/\/noti-america.com\/site\/venezuela\/2023\/12\/30\/vicepresidenta-ejecutiva-instalo-el-consejo-superior-de-armonizacion-tributaria\/#article\",\"isPartOf\":{\"@id\":\"https:\/\/noti-america.com\/site\/venezuela\/2023\/12\/30\/vicepresidenta-ejecutiva-instalo-el-consejo-superior-de-armonizacion-tributaria\/\"},\"author\":{\"name\":\"Rosmer Herrera\",\"@id\":\"https:\/\/noti-america.com\/site\/venezuela\/#\/schema\/person\/fd58dbfb92a257e9dc5761bf69a855ff\"},\"headline\":\"Vicepresidenta Ejecutiva instal\u00f3 el Consejo Superior de Armonizaci\u00f3n Tributaria\",\"datePublished\":\"2023-12-30T11:49:54+00:00\",\"mainEntityOfPage\":{\"@id\":\"https:\/\/noti-america.com\/site\/venezuela\/2023\/12\/30\/vicepresidenta-ejecutiva-instalo-el-consejo-superior-de-armonizacion-tributaria\/\"},\"wordCount\":250,\"commentCount\":0,\"publisher\":{\"@id\":\"https:\/\/noti-america.com\/site\/venezuela\/#organization\"},\"image\":{\"@id\":\"https:\/\/noti-america.com\/site\/venezuela\/2023\/12\/30\/vicepresidenta-ejecutiva-instalo-el-consejo-superior-de-armonizacion-tributaria\/#primaryimage\"},\"thumbnailUrl\":\"https:\/\/noti-america.com\/site\/venezuela\/wp-content\/uploads\/sites\/2\/2023\/12\/instalan-consejo-superior-de-armonizacion-tributaria-en-caracas-15741.jpg\",\"articleSection\":[\"Actualidad\"],\"inLanguage\":\"es\",\"potentialAction\":[{\"@type\":\"CommentAction\",\"name\":\"Comment\",\"target\":[\"https:\/\/noti-america.com\/site\/venezuela\/2023\/12\/30\/vicepresidenta-ejecutiva-instalo-el-consejo-superior-de-armonizacion-tributaria\/#respond\"]}]},{\"@type\":\"WebPage\",\"@id\":\"https:\/\/noti-america.com\/site\/venezuela\/2023\/12\/30\/vicepresidenta-ejecutiva-instalo-el-consejo-superior-de-armonizacion-tributaria\/\",\"url\":\"https:\/\/noti-america.com\/site\/venezuela\/2023\/12\/30\/vicepresidenta-ejecutiva-instalo-el-consejo-superior-de-armonizacion-tributaria\/\",\"name\":\"Vicepresidenta Ejecutiva instal\u00f3 el Consejo Superior de Armonizaci\u00f3n Tributaria - Venezuela | Noti-America.com\",\"isPartOf\":{\"@id\":\"https:\/\/noti-america.com\/site\/venezuela\/#website\"},\"primaryImageOfPage\":{\"@id\":\"https:\/\/noti-america.com\/site\/venezuela\/2023\/12\/30\/vicepresidenta-ejecutiva-instalo-el-consejo-superior-de-armonizacion-tributaria\/#primaryimage\"},\"image\":{\"@id\":\"https:\/\/noti-america.com\/site\/venezuela\/2023\/12\/30\/vicepresidenta-ejecutiva-instalo-el-consejo-superior-de-armonizacion-tributaria\/#primaryimage\"},\"thumbnailUrl\":\"https:\/\/noti-america.com\/site\/venezuela\/wp-content\/uploads\/sites\/2\/2023\/12\/instalan-consejo-superior-de-armonizacion-tributaria-en-caracas-15741.jpg\",\"datePublished\":\"2023-12-30T11:49:54+00:00\",\"breadcrumb\":{\"@id\":\"https:\/\/noti-america.com\/site\/venezuela\/2023\/12\/30\/vicepresidenta-ejecutiva-instalo-el-consejo-superior-de-armonizacion-tributaria\/#breadcrumb\"},\"inLanguage\":\"es\",\"potentialAction\":[{\"@type\":\"ReadAction\",\"target\":[\"https:\/\/noti-america.com\/site\/venezuela\/2023\/12\/30\/vicepresidenta-ejecutiva-instalo-el-consejo-superior-de-armonizacion-tributaria\/\"]}]},{\"@type\":\"ImageObject\",\"inLanguage\":\"es\",\"@id\":\"https:\/\/noti-america.com\/site\/venezuela\/2023\/12\/30\/vicepresidenta-ejecutiva-instalo-el-consejo-superior-de-armonizacion-tributaria\/#primaryimage\",\"url\":\"https:\/\/noti-america.com\/site\/venezuela\/wp-content\/uploads\/sites\/2\/2023\/12\/instalan-consejo-superior-de-armonizacion-tributaria-en-caracas-15741.jpg\",\"contentUrl\":\"https:\/\/noti-america.com\/site\/venezuela\/wp-content\/uploads\/sites\/2\/2023\/12\/instalan-consejo-superior-de-armonizacion-tributaria-en-caracas-15741.jpg\",\"width\":800,\"height\":445},{\"@type\":\"BreadcrumbList\",\"@id\":\"https:\/\/noti-america.com\/site\/venezuela\/2023\/12\/30\/vicepresidenta-ejecutiva-instalo-el-consejo-superior-de-armonizacion-tributaria\/#breadcrumb\",\"itemListElement\":[{\"@type\":\"ListItem\",\"position\":1,\"name\":\"Portada\",\"item\":\"https:\/\/noti-america.com\/site\/venezuela\/\"},{\"@type\":\"ListItem\",\"position\":2,\"name\":\"Vicepresidenta Ejecutiva instal\u00f3 el Consejo Superior de Armonizaci\u00f3n Tributaria\"}]},{\"@type\":\"WebSite\",\"@id\":\"https:\/\/noti-america.com\/site\/venezuela\/#website\",\"url\":\"https:\/\/noti-america.com\/site\/venezuela\/\",\"name\":\"Venezuela | Noti-America.com\",\"description\":\"\",\"publisher\":{\"@id\":\"https:\/\/noti-america.com\/site\/venezuela\/#organization\"},\"potentialAction\":[{\"@type\":\"SearchAction\",\"target\":{\"@type\":\"EntryPoint\",\"urlTemplate\":\"https:\/\/noti-america.com\/site\/venezuela\/?s={search_term_string}\"},\"query-input\":{\"@type\":\"PropertyValueSpecification\",\"valueRequired\":true,\"valueName\":\"search_term_string\"}}],\"inLanguage\":\"es\"},{\"@type\":\"Organization\",\"@id\":\"https:\/\/noti-america.com\/site\/venezuela\/#organization\",\"name\":\"Noti-America LLC | Venezuela\",\"url\":\"https:\/\/noti-america.com\/site\/venezuela\/\",\"logo\":{\"@type\":\"ImageObject\",\"inLanguage\":\"es\",\"@id\":\"https:\/\/noti-america.com\/site\/venezuela\/#\/schema\/logo\/image\/\",\"url\":\"https:\/\/noti-america.com\/site\/venezuela\/wp-content\/uploads\/sites\/2\/2020\/07\/LogoNA-4x3-1.jpg\",\"contentUrl\":\"https:\/\/noti-america.com\/site\/venezuela\/wp-content\/uploads\/sites\/2\/2020\/07\/LogoNA-4x3-1.jpg\",\"width\":1236,\"height\":1080,\"caption\":\"Noti-America LLC | Venezuela\"},\"image\":{\"@id\":\"https:\/\/noti-america.com\/site\/venezuela\/#\/schema\/logo\/image\/\"}},{\"@type\":\"Person\",\"@id\":\"https:\/\/noti-america.com\/site\/venezuela\/#\/schema\/person\/fd58dbfb92a257e9dc5761bf69a855ff\",\"name\":\"Rosmer Herrera\",\"image\":{\"@type\":\"ImageObject\",\"inLanguage\":\"es\",\"@id\":\"https:\/\/secure.gravatar.com\/avatar\/153e75c261394dbf20ff1a1e70ea2be9494f2b40b7fc4e7704084db13220ae08?s=96&d=mm&r=g\",\"url\":\"https:\/\/secure.gravatar.com\/avatar\/153e75c261394dbf20ff1a1e70ea2be9494f2b40b7fc4e7704084db13220ae08?s=96&d=mm&r=g\",\"contentUrl\":\"https:\/\/secure.gravatar.com\/avatar\/153e75c261394dbf20ff1a1e70ea2be9494f2b40b7fc4e7704084db13220ae08?s=96&d=mm&r=g\",\"caption\":\"Rosmer Herrera\"},\"url\":\"https:\/\/noti-america.com\/site\/venezuela\/author\/rosmer33\/\"}]}<\/script>\n<!-- \/ Yoast SEO Premium plugin. -->","yoast_head_json":{"title":"Vicepresidenta Ejecutiva instal\u00f3 el Consejo Superior de Armonizaci\u00f3n Tributaria - Venezuela | Noti-America.com","robots":{"index":"index","follow":"follow","max-snippet":"max-snippet:-1","max-image-preview":"max-image-preview:large","max-video-preview":"max-video-preview:-1"},"canonical":"https:\/\/noti-america.com\/site\/venezuela\/2023\/12\/30\/vicepresidenta-ejecutiva-instalo-el-consejo-superior-de-armonizacion-tributaria\/","og_locale":"es_ES","og_type":"article","og_title":"Vicepresidenta Ejecutiva instal\u00f3 el Consejo Superior de Armonizaci\u00f3n Tributaria","og_description":"NOTI-AM\u00c9RICA VENEZUELA Esta instancia responde a la vigente Ley de Armonizaci\u00f3n Tributaria, un instrumento legal que deber\u00e1 garantizar mayor eficiencia en los precios, redes de distribuci\u00f3n y comercializaci\u00f3n. La vicepresidenta Ejecutiva de la Rep\u00fablica,&#46;&#46;&#46;","og_url":"https:\/\/noti-america.com\/site\/venezuela\/2023\/12\/30\/vicepresidenta-ejecutiva-instalo-el-consejo-superior-de-armonizacion-tributaria\/","og_site_name":"Venezuela | Noti-America.com","article_published_time":"2023-12-30T11:49:54+00:00","og_image":[{"width":800,"height":445,"url":"https:\/\/noti-america.com\/site\/venezuela\/wp-content\/uploads\/sites\/2\/2023\/12\/instalan-consejo-superior-de-armonizacion-tributaria-en-caracas-15741.jpg","type":"image\/jpeg"}],"author":"Rosmer Herrera","twitter_card":"summary_large_image","twitter_misc":{"Escrito por":"Rosmer Herrera","Tiempo estimado de lectura":"2 minutos"},"schema":{"@context":"https:\/\/schema.org","@graph":[{"@type":"Article","@id":"https:\/\/noti-america.com\/site\/venezuela\/2023\/12\/30\/vicepresidenta-ejecutiva-instalo-el-consejo-superior-de-armonizacion-tributaria\/#article","isPartOf":{"@id":"https:\/\/noti-america.com\/site\/venezuela\/2023\/12\/30\/vicepresidenta-ejecutiva-instalo-el-consejo-superior-de-armonizacion-tributaria\/"},"author":{"name":"Rosmer Herrera","@id":"https:\/\/noti-america.com\/site\/venezuela\/#\/schema\/person\/fd58dbfb92a257e9dc5761bf69a855ff"},"headline":"Vicepresidenta Ejecutiva instal\u00f3 el Consejo Superior de Armonizaci\u00f3n Tributaria","datePublished":"2023-12-30T11:49:54+00:00","mainEntityOfPage":{"@id":"https:\/\/noti-america.com\/site\/venezuela\/2023\/12\/30\/vicepresidenta-ejecutiva-instalo-el-consejo-superior-de-armonizacion-tributaria\/"},"wordCount":250,"commentCount":0,"publisher":{"@id":"https:\/\/noti-america.com\/site\/venezuela\/#organization"},"image":{"@id":"https:\/\/noti-america.com\/site\/venezuela\/2023\/12\/30\/vicepresidenta-ejecutiva-instalo-el-consejo-superior-de-armonizacion-tributaria\/#primaryimage"},"thumbnailUrl":"https:\/\/noti-america.com\/site\/venezuela\/wp-content\/uploads\/sites\/2\/2023\/12\/instalan-consejo-superior-de-armonizacion-tributaria-en-caracas-15741.jpg","articleSection":["Actualidad"],"inLanguage":"es","potentialAction":[{"@type":"CommentAction","name":"Comment","target":["https:\/\/noti-america.com\/site\/venezuela\/2023\/12\/30\/vicepresidenta-ejecutiva-instalo-el-consejo-superior-de-armonizacion-tributaria\/#respond"]}]},{"@type":"WebPage","@id":"https:\/\/noti-america.com\/site\/venezuela\/2023\/12\/30\/vicepresidenta-ejecutiva-instalo-el-consejo-superior-de-armonizacion-tributaria\/","url":"https:\/\/noti-america.com\/site\/venezuela\/2023\/12\/30\/vicepresidenta-ejecutiva-instalo-el-consejo-superior-de-armonizacion-tributaria\/","name":"Vicepresidenta Ejecutiva instal\u00f3 el Consejo Superior de Armonizaci\u00f3n Tributaria - Venezuela | Noti-America.com","isPartOf":{"@id":"https:\/\/noti-america.com\/site\/venezuela\/#website"},"primaryImageOfPage":{"@id":"https:\/\/noti-america.com\/site\/venezuela\/2023\/12\/30\/vicepresidenta-ejecutiva-instalo-el-consejo-superior-de-armonizacion-tributaria\/#primaryimage"},"image":{"@id":"https:\/\/noti-america.com\/site\/venezuela\/2023\/12\/30\/vicepresidenta-ejecutiva-instalo-el-consejo-superior-de-armonizacion-tributaria\/#primaryimage"},"thumbnailUrl":"https:\/\/noti-america.com\/site\/venezuela\/wp-content\/uploads\/sites\/2\/2023\/12\/instalan-consejo-superior-de-armonizacion-tributaria-en-caracas-15741.jpg","datePublished":"2023-12-30T11:49:54+00:00","breadcrumb":{"@id":"https:\/\/noti-america.com\/site\/venezuela\/2023\/12\/30\/vicepresidenta-ejecutiva-instalo-el-consejo-superior-de-armonizacion-tributaria\/#breadcrumb"},"inLanguage":"es","potentialAction":[{"@type":"ReadAction","target":["https:\/\/noti-america.com\/site\/venezuela\/2023\/12\/30\/vicepresidenta-ejecutiva-instalo-el-consejo-superior-de-armonizacion-tributaria\/"]}]},{"@type":"ImageObject","inLanguage":"es","@id":"https:\/\/noti-america.com\/site\/venezuela\/2023\/12\/30\/vicepresidenta-ejecutiva-instalo-el-consejo-superior-de-armonizacion-tributaria\/#primaryimage","url":"https:\/\/noti-america.com\/site\/venezuela\/wp-content\/uploads\/sites\/2\/2023\/12\/instalan-consejo-superior-de-armonizacion-tributaria-en-caracas-15741.jpg","contentUrl":"https:\/\/noti-america.com\/site\/venezuela\/wp-content\/uploads\/sites\/2\/2023\/12\/instalan-consejo-superior-de-armonizacion-tributaria-en-caracas-15741.jpg","width":800,"height":445},{"@type":"BreadcrumbList","@id":"https:\/\/noti-america.com\/site\/venezuela\/2023\/12\/30\/vicepresidenta-ejecutiva-instalo-el-consejo-superior-de-armonizacion-tributaria\/#breadcrumb","itemListElement":[{"@type":"ListItem","position":1,"name":"Portada","item":"https:\/\/noti-america.com\/site\/venezuela\/"},{"@type":"ListItem","position":2,"name":"Vicepresidenta Ejecutiva instal\u00f3 el Consejo Superior de Armonizaci\u00f3n Tributaria"}]},{"@type":"WebSite","@id":"https:\/\/noti-america.com\/site\/venezuela\/#website","url":"https:\/\/noti-america.com\/site\/venezuela\/","name":"Venezuela | Noti-America.com","description":"","publisher":{"@id":"https:\/\/noti-america.com\/site\/venezuela\/#organization"},"potentialAction":[{"@type":"SearchAction","target":{"@type":"EntryPoint","urlTemplate":"https:\/\/noti-america.com\/site\/venezuela\/?s={search_term_string}"},"query-input":{"@type":"PropertyValueSpecification","valueRequired":true,"valueName":"search_term_string"}}],"inLanguage":"es"},{"@type":"Organization","@id":"https:\/\/noti-america.com\/site\/venezuela\/#organization","name":"Noti-America LLC | Venezuela","url":"https:\/\/noti-america.com\/site\/venezuela\/","logo":{"@type":"ImageObject","inLanguage":"es","@id":"https:\/\/noti-america.com\/site\/venezuela\/#\/schema\/logo\/image\/","url":"https:\/\/noti-america.com\/site\/venezuela\/wp-content\/uploads\/sites\/2\/2020\/07\/LogoNA-4x3-1.jpg","contentUrl":"https:\/\/noti-america.com\/site\/venezuela\/wp-content\/uploads\/sites\/2\/2020\/07\/LogoNA-4x3-1.jpg","width":1236,"height":1080,"caption":"Noti-America LLC | Venezuela"},"image":{"@id":"https:\/\/noti-america.com\/site\/venezuela\/#\/schema\/logo\/image\/"}},{"@type":"Person","@id":"https:\/\/noti-america.com\/site\/venezuela\/#\/schema\/person\/fd58dbfb92a257e9dc5761bf69a855ff","name":"Rosmer Herrera","image":{"@type":"ImageObject","inLanguage":"es","@id":"https:\/\/secure.gravatar.com\/avatar\/153e75c261394dbf20ff1a1e70ea2be9494f2b40b7fc4e7704084db13220ae08?s=96&d=mm&r=g","url":"https:\/\/secure.gravatar.com\/avatar\/153e75c261394dbf20ff1a1e70ea2be9494f2b40b7fc4e7704084db13220ae08?s=96&d=mm&r=g","contentUrl":"https:\/\/secure.gravatar.com\/avatar\/153e75c261394dbf20ff1a1e70ea2be9494f2b40b7fc4e7704084db13220ae08?s=96&d=mm&r=g","caption":"Rosmer Herrera"},"url":"https:\/\/noti-america.com\/site\/venezuela\/author\/rosmer33\/"}]}},"_links":{"self":[{"href":"https:\/\/noti-america.com\/site\/venezuela\/wp-json\/wp\/v2\/posts\/34046","targetHints":{"allow":["GET"]}}],"collection":[{"href":"https:\/\/noti-america.com\/site\/venezuela\/wp-json\/wp\/v2\/posts"}],"about":[{"href":"https:\/\/noti-america.com\/site\/venezuela\/wp-json\/wp\/v2\/types\/post"}],"author":[{"embeddable":true,"href":"https:\/\/noti-america.com\/site\/venezuela\/wp-json\/wp\/v2\/users\/1"}],"replies":[{"embeddable":true,"href":"https:\/\/noti-america.com\/site\/venezuela\/wp-json\/wp\/v2\/comments?post=34046"}],"version-history":[{"count":1,"href":"https:\/\/noti-america.com\/site\/venezuela\/wp-json\/wp\/v2\/posts\/34046\/revisions"}],"predecessor-version":[{"id":34048,"href":"https:\/\/noti-america.com\/site\/venezuela\/wp-json\/wp\/v2\/posts\/34046\/revisions\/34048"}],"wp:featuredmedia":[{"embeddable":true,"href":"https:\/\/noti-america.com\/site\/venezuela\/wp-json\/wp\/v2\/media\/34047"}],"wp:attachment":[{"href":"https:\/\/noti-america.com\/site\/venezuela\/wp-json\/wp\/v2\/media?parent=34046"}],"wp:term":[{"taxonomy":"category","embeddable":true,"href":"https:\/\/noti-america.com\/site\/venezuela\/wp-json\/wp\/v2\/categories?post=34046"},{"taxonomy":"post_tag","embeddable":true,"href":"https:\/\/noti-america.com\/site\/venezuela\/wp-json\/wp\/v2\/tags?post=34046"}],"curies":[{"name":"wp","href":"https:\/\/api.w.org\/{rel}","templated":true}]}}