{"id":33876,"date":"2023-12-22T13:18:18","date_gmt":"2023-12-22T13:18:18","guid":{"rendered":"https:\/\/noti-america.com\/site\/venezuela\/?p=33876"},"modified":"2023-12-22T13:18:18","modified_gmt":"2023-12-22T13:18:18","slug":"gobierno-incorpora-a-alex-saab-a-su-delegacion-en-el-dialogo-con-la-oposicion","status":"publish","type":"post","link":"https:\/\/noti-america.com\/site\/venezuela\/2023\/12\/22\/gobierno-incorpora-a-alex-saab-a-su-delegacion-en-el-dialogo-con-la-oposicion\/","title":{"rendered":"Gobierno incorpora a Alex Saab a su delegaci\u00f3n en el di\u00e1logo con la oposici\u00f3n"},"content":{"rendered":"<p><strong>NOTI-AM\u00c9RICA<\/strong> VENEZUELA<\/p>\n<p>Jorge Rodr\u00edguez agreg\u00f3 que la esposa de Saab, Camila Fabri, seguir\u00e1 \u00abcomo miembro plenipotenciaria en el di\u00e1logo por su destacada actuaci\u00f3n\u00bb<\/p>\n<p>El presidente de la Asamblea Nacional, Jorge Rodr\u00edguez, anunci\u00f3 la incorporaci\u00f3n de Alex Saab a su delegaci\u00f3n en las negociaciones con la oposici\u00f3n, tras su liberaci\u00f3n por parte de la administraci\u00f3n de Joe Biden el 20 de diciembre.<\/p>\n<p>\u00abQueremos informar que, por instrucci\u00f3n del presidente Nicol\u00e1s Maduro Moros, por supuesto, se incorpora el ciudadano Alex Saab como miembro plenipotenciario de la mesa de di\u00e1logo\u00bb, anunci\u00f3 el jefe negociador oficialista,\u00a0<a href=\"https:\/\/twitter.com\/jorgerpsuv?ref_src=twsrc%5Egoogle%7Ctwcamp%5Eserp%7Ctwgr%5Eauthor\" target=\"_BLANK\" rel=\"noopener noreferrer\">Jorge Rodr\u00edguez<\/a>, en una rueda de prensa en la sede del Parlamento.<\/p>\n<p>Agreg\u00f3 que seguir\u00e1 \u00abcomo miembro plenipotenciaria\u00bb Camilla Fabri, esposa de Saab, por su \u00abdestacada actuaci\u00f3n sobre todo en las mesas sociales que se han instalado\u00bb junto con la ministra de Ciencia y Tecnolog\u00eda, Gabriela Jim\u00e9nez, y el viceministro de Pol\u00edticas Antibloqueo, William Castillo, integrantes de la delegaci\u00f3n oficialista.<\/p>\n<p>Fabri, Jim\u00e9nez y Castillo, prosigui\u00f3, discutieron \u00abcon la contraparte todos los elementos que condujeron al acuerdo social\u00bb firmado en noviembre de 2022 -que establec\u00eda la creaci\u00f3n de un fondo con el que la ONU manejar\u00eda recursos venezolanos bloqueados en el extranjero para necesidades urgentes-, que \u00abel Gobierno de Estados Unidos boicote\u00f3\u00bb.<\/p>\n<h2><strong>Negociaci\u00f3n para \u00abel rescate\u00bb de Saab<\/strong><\/h2>\n<p>Rodr\u00edguez, quien celebr\u00f3 el \u00abrescate\u00bb de Saab, se\u00f1al\u00f3 que, adem\u00e1s de una \u00abnegociaci\u00f3n tras bastidores\u00bb que \u00abVenezuela emprendi\u00f3\u00bb y que fue \u00abardua, dura\u00bb y \u00abdif\u00edcil\u00bb, tambi\u00e9n hubo un \u00abesfuerzo inmenso para la defensa\u00bb del empresario \u00abdesde el punto de vista jur\u00eddico\u00bb.<\/p>\n<p>Tras su liberaci\u00f3n en EE.UU., Saab, estrecho colaborador de Maduro, lleg\u00f3 la tarde del mi\u00e9rcoles a Venezuela, donde fue recibido por su esposa, sus cinco hijos y por la primera dama, Cilia Flores, y luego por el jefe de Estado en el palacio presidencial de Miraflores, en Caracas.<\/p>\n<p>El Gobierno celebr\u00f3 \u00abcon j\u00fabilo la liberaci\u00f3n y retorno a su patria\u00bb del empresario, a quien reconoce como diplom\u00e1tico, pese a que el cargo fue descartado por la Justicia estadounidense cuando pidi\u00f3 su extradici\u00f3n desde Cabo Verde, donde fue detenido el 12 de junio de 2020.<\/p>\n<p>Seg\u00fan la acusaci\u00f3n, entre noviembre de 2011 y septiembre de 2015, Saab y su mano derecha, \u00c1lvaro Pulido -detenido en abril de este a\u00f1o en el pa\u00eds caribe\u00f1o por supuesta corrupci\u00f3n-, se confabularon con otros individuos para lavar sus ganancias il\u00edcitas y transferirlas desde Venezuela hasta cuentas bancarias en EE.UU., raz\u00f3n por la que Washington ten\u00eda jurisdicci\u00f3n en el caso.<\/p>\n<p>La liberaci\u00f3n de Saab se produjo cuando Venezuela tambi\u00e9n ha excarcelado a cerca de una treintena de personas, consideradas presos pol\u00edticos, entre ellas, 10 estadounidenses, cuyo canje por Saab fue negociado entre ambos pa\u00edses.<\/p>\n","protected":false},"excerpt":{"rendered":"<p>NOTI-AM\u00c9RICA VENEZUELA Jorge Rodr\u00edguez agreg\u00f3 que la esposa de Saab, Camila Fabri, seguir\u00e1 \u00abcomo miembro plenipotenciaria en el di\u00e1logo por su destacada actuaci\u00f3n\u00bb El presidente de la Asamblea Nacional, Jorge Rodr\u00edguez, anunci\u00f3 la incorporaci\u00f3n&#46;&#46;&#46;<\/p>\n","protected":false},"author":1,"featured_media":33877,"comment_status":"open","ping_status":"open","sticky":false,"template":"","format":"standard","meta":{"_acf_changed":false,"om_disable_all_campaigns":false,"rop_custom_images_group":[],"rop_custom_messages_group":[],"rop_publish_now":"initial","rop_publish_now_accounts":{"twitter_242054905_242054905":""},"rop_publish_now_history":[],"rop_publish_now_status":"pending","_uf_show_specific_survey":0,"_uf_disable_surveys":false,"footnotes":""},"categories":[3],"tags":[],"class_list":["post-33876","post","type-post","status-publish","format-standard","has-post-thumbnail","hentry","category-politica"],"acf":[],"aioseo_notices":[],"yoast_head":"<!-- This site is optimized with the Yoast SEO Premium plugin v24.9 (Yoast SEO v27.2) - https:\/\/yoast.com\/product\/yoast-seo-premium-wordpress\/ -->\n<title>Gobierno incorpora a Alex Saab a su delegaci\u00f3n en el di\u00e1logo con la oposici\u00f3n - Venezuela | Noti-America.com<\/title>\n<meta name=\"robots\" content=\"index, follow, max-snippet:-1, max-image-preview:large, max-video-preview:-1\" \/>\n<link rel=\"canonical\" href=\"https:\/\/noti-america.com\/site\/venezuela\/2023\/12\/22\/gobierno-incorpora-a-alex-saab-a-su-delegacion-en-el-dialogo-con-la-oposicion\/\" \/>\n<meta property=\"og:locale\" content=\"es_ES\" \/>\n<meta property=\"og:type\" content=\"article\" \/>\n<meta property=\"og:title\" content=\"Gobierno incorpora a Alex Saab a su delegaci\u00f3n en el di\u00e1logo con la oposici\u00f3n\" \/>\n<meta property=\"og:description\" content=\"NOTI-AM\u00c9RICA VENEZUELA Jorge Rodr\u00edguez agreg\u00f3 que la esposa de Saab, Camila Fabri, seguir\u00e1 \u00abcomo miembro plenipotenciaria en el di\u00e1logo por su destacada actuaci\u00f3n\u00bb El presidente de la Asamblea Nacional, Jorge Rodr\u00edguez, anunci\u00f3 la incorporaci\u00f3n&#046;&#046;&#046;\" \/>\n<meta property=\"og:url\" content=\"https:\/\/noti-america.com\/site\/venezuela\/2023\/12\/22\/gobierno-incorpora-a-alex-saab-a-su-delegacion-en-el-dialogo-con-la-oposicion\/\" \/>\n<meta property=\"og:site_name\" content=\"Venezuela | Noti-America.com\" \/>\n<meta property=\"article:published_time\" content=\"2023-12-22T13:18:18+00:00\" \/>\n<meta property=\"og:image\" content=\"https:\/\/noti-america.com\/site\/venezuela\/wp-content\/uploads\/sites\/2\/2023\/12\/tsize_600x400_92480a7ed988c0df978f76f06f18e97eba5b9fb2miniw-e1703193440932.jpg\" \/>\n\t<meta property=\"og:image:width\" content=\"600\" \/>\n\t<meta property=\"og:image:height\" content=\"400\" \/>\n\t<meta property=\"og:image:type\" content=\"image\/jpeg\" \/>\n<meta name=\"author\" content=\"Rosmer Herrera\" \/>\n<meta name=\"twitter:card\" content=\"summary_large_image\" \/>\n<meta name=\"twitter:label1\" content=\"Escrito por\" \/>\n\t<meta name=\"twitter:data1\" content=\"Rosmer Herrera\" \/>\n\t<meta name=\"twitter:label2\" content=\"Tiempo estimado de lectura\" \/>\n\t<meta name=\"twitter:data2\" content=\"3 minutos\" \/>\n<script type=\"application\/ld+json\" class=\"yoast-schema-graph\">{\"@context\":\"https:\/\/schema.org\",\"@graph\":[{\"@type\":\"Article\",\"@id\":\"https:\/\/noti-america.com\/site\/venezuela\/2023\/12\/22\/gobierno-incorpora-a-alex-saab-a-su-delegacion-en-el-dialogo-con-la-oposicion\/#article\",\"isPartOf\":{\"@id\":\"https:\/\/noti-america.com\/site\/venezuela\/2023\/12\/22\/gobierno-incorpora-a-alex-saab-a-su-delegacion-en-el-dialogo-con-la-oposicion\/\"},\"author\":{\"name\":\"Rosmer Herrera\",\"@id\":\"https:\/\/noti-america.com\/site\/venezuela\/#\/schema\/person\/fd58dbfb92a257e9dc5761bf69a855ff\"},\"headline\":\"Gobierno incorpora a Alex Saab a su delegaci\u00f3n en el di\u00e1logo con la oposici\u00f3n\",\"datePublished\":\"2023-12-22T13:18:18+00:00\",\"mainEntityOfPage\":{\"@id\":\"https:\/\/noti-america.com\/site\/venezuela\/2023\/12\/22\/gobierno-incorpora-a-alex-saab-a-su-delegacion-en-el-dialogo-con-la-oposicion\/\"},\"wordCount\":501,\"commentCount\":0,\"publisher\":{\"@id\":\"https:\/\/noti-america.com\/site\/venezuela\/#organization\"},\"image\":{\"@id\":\"https:\/\/noti-america.com\/site\/venezuela\/2023\/12\/22\/gobierno-incorpora-a-alex-saab-a-su-delegacion-en-el-dialogo-con-la-oposicion\/#primaryimage\"},\"thumbnailUrl\":\"https:\/\/noti-america.com\/site\/venezuela\/wp-content\/uploads\/sites\/2\/2023\/12\/tsize_600x400_92480a7ed988c0df978f76f06f18e97eba5b9fb2miniw-e1703193440932.jpg\",\"articleSection\":[\"Pol\u00edtica\"],\"inLanguage\":\"es\",\"potentialAction\":[{\"@type\":\"CommentAction\",\"name\":\"Comment\",\"target\":[\"https:\/\/noti-america.com\/site\/venezuela\/2023\/12\/22\/gobierno-incorpora-a-alex-saab-a-su-delegacion-en-el-dialogo-con-la-oposicion\/#respond\"]}]},{\"@type\":\"WebPage\",\"@id\":\"https:\/\/noti-america.com\/site\/venezuela\/2023\/12\/22\/gobierno-incorpora-a-alex-saab-a-su-delegacion-en-el-dialogo-con-la-oposicion\/\",\"url\":\"https:\/\/noti-america.com\/site\/venezuela\/2023\/12\/22\/gobierno-incorpora-a-alex-saab-a-su-delegacion-en-el-dialogo-con-la-oposicion\/\",\"name\":\"Gobierno incorpora a Alex Saab a su delegaci\u00f3n en el di\u00e1logo con la oposici\u00f3n - Venezuela | Noti-America.com\",\"isPartOf\":{\"@id\":\"https:\/\/noti-america.com\/site\/venezuela\/#website\"},\"primaryImageOfPage\":{\"@id\":\"https:\/\/noti-america.com\/site\/venezuela\/2023\/12\/22\/gobierno-incorpora-a-alex-saab-a-su-delegacion-en-el-dialogo-con-la-oposicion\/#primaryimage\"},\"image\":{\"@id\":\"https:\/\/noti-america.com\/site\/venezuela\/2023\/12\/22\/gobierno-incorpora-a-alex-saab-a-su-delegacion-en-el-dialogo-con-la-oposicion\/#primaryimage\"},\"thumbnailUrl\":\"https:\/\/noti-america.com\/site\/venezuela\/wp-content\/uploads\/sites\/2\/2023\/12\/tsize_600x400_92480a7ed988c0df978f76f06f18e97eba5b9fb2miniw-e1703193440932.jpg\",\"datePublished\":\"2023-12-22T13:18:18+00:00\",\"breadcrumb\":{\"@id\":\"https:\/\/noti-america.com\/site\/venezuela\/2023\/12\/22\/gobierno-incorpora-a-alex-saab-a-su-delegacion-en-el-dialogo-con-la-oposicion\/#breadcrumb\"},\"inLanguage\":\"es\",\"potentialAction\":[{\"@type\":\"ReadAction\",\"target\":[\"https:\/\/noti-america.com\/site\/venezuela\/2023\/12\/22\/gobierno-incorpora-a-alex-saab-a-su-delegacion-en-el-dialogo-con-la-oposicion\/\"]}]},{\"@type\":\"ImageObject\",\"inLanguage\":\"es\",\"@id\":\"https:\/\/noti-america.com\/site\/venezuela\/2023\/12\/22\/gobierno-incorpora-a-alex-saab-a-su-delegacion-en-el-dialogo-con-la-oposicion\/#primaryimage\",\"url\":\"https:\/\/noti-america.com\/site\/venezuela\/wp-content\/uploads\/sites\/2\/2023\/12\/tsize_600x400_92480a7ed988c0df978f76f06f18e97eba5b9fb2miniw-e1703193440932.jpg\",\"contentUrl\":\"https:\/\/noti-america.com\/site\/venezuela\/wp-content\/uploads\/sites\/2\/2023\/12\/tsize_600x400_92480a7ed988c0df978f76f06f18e97eba5b9fb2miniw-e1703193440932.jpg\",\"width\":600,\"height\":400},{\"@type\":\"BreadcrumbList\",\"@id\":\"https:\/\/noti-america.com\/site\/venezuela\/2023\/12\/22\/gobierno-incorpora-a-alex-saab-a-su-delegacion-en-el-dialogo-con-la-oposicion\/#breadcrumb\",\"itemListElement\":[{\"@type\":\"ListItem\",\"position\":1,\"name\":\"Portada\",\"item\":\"https:\/\/noti-america.com\/site\/venezuela\/\"},{\"@type\":\"ListItem\",\"position\":2,\"name\":\"Gobierno incorpora a Alex Saab a su delegaci\u00f3n en el di\u00e1logo con la oposici\u00f3n\"}]},{\"@type\":\"WebSite\",\"@id\":\"https:\/\/noti-america.com\/site\/venezuela\/#website\",\"url\":\"https:\/\/noti-america.com\/site\/venezuela\/\",\"name\":\"Venezuela | Noti-America.com\",\"description\":\"\",\"publisher\":{\"@id\":\"https:\/\/noti-america.com\/site\/venezuela\/#organization\"},\"potentialAction\":[{\"@type\":\"SearchAction\",\"target\":{\"@type\":\"EntryPoint\",\"urlTemplate\":\"https:\/\/noti-america.com\/site\/venezuela\/?s={search_term_string}\"},\"query-input\":{\"@type\":\"PropertyValueSpecification\",\"valueRequired\":true,\"valueName\":\"search_term_string\"}}],\"inLanguage\":\"es\"},{\"@type\":\"Organization\",\"@id\":\"https:\/\/noti-america.com\/site\/venezuela\/#organization\",\"name\":\"Noti-America LLC | Venezuela\",\"url\":\"https:\/\/noti-america.com\/site\/venezuela\/\",\"logo\":{\"@type\":\"ImageObject\",\"inLanguage\":\"es\",\"@id\":\"https:\/\/noti-america.com\/site\/venezuela\/#\/schema\/logo\/image\/\",\"url\":\"https:\/\/noti-america.com\/site\/venezuela\/wp-content\/uploads\/sites\/2\/2020\/07\/LogoNA-4x3-1.jpg\",\"contentUrl\":\"https:\/\/noti-america.com\/site\/venezuela\/wp-content\/uploads\/sites\/2\/2020\/07\/LogoNA-4x3-1.jpg\",\"width\":1236,\"height\":1080,\"caption\":\"Noti-America LLC | Venezuela\"},\"image\":{\"@id\":\"https:\/\/noti-america.com\/site\/venezuela\/#\/schema\/logo\/image\/\"}},{\"@type\":\"Person\",\"@id\":\"https:\/\/noti-america.com\/site\/venezuela\/#\/schema\/person\/fd58dbfb92a257e9dc5761bf69a855ff\",\"name\":\"Rosmer Herrera\",\"image\":{\"@type\":\"ImageObject\",\"inLanguage\":\"es\",\"@id\":\"https:\/\/secure.gravatar.com\/avatar\/153e75c261394dbf20ff1a1e70ea2be9494f2b40b7fc4e7704084db13220ae08?s=96&d=mm&r=g\",\"url\":\"https:\/\/secure.gravatar.com\/avatar\/153e75c261394dbf20ff1a1e70ea2be9494f2b40b7fc4e7704084db13220ae08?s=96&d=mm&r=g\",\"contentUrl\":\"https:\/\/secure.gravatar.com\/avatar\/153e75c261394dbf20ff1a1e70ea2be9494f2b40b7fc4e7704084db13220ae08?s=96&d=mm&r=g\",\"caption\":\"Rosmer Herrera\"},\"url\":\"https:\/\/noti-america.com\/site\/venezuela\/author\/rosmer33\/\"}]}<\/script>\n<!-- \/ Yoast SEO Premium plugin. -->","yoast_head_json":{"title":"Gobierno incorpora a Alex Saab a su delegaci\u00f3n en el di\u00e1logo con la oposici\u00f3n - Venezuela | Noti-America.com","robots":{"index":"index","follow":"follow","max-snippet":"max-snippet:-1","max-image-preview":"max-image-preview:large","max-video-preview":"max-video-preview:-1"},"canonical":"https:\/\/noti-america.com\/site\/venezuela\/2023\/12\/22\/gobierno-incorpora-a-alex-saab-a-su-delegacion-en-el-dialogo-con-la-oposicion\/","og_locale":"es_ES","og_type":"article","og_title":"Gobierno incorpora a Alex Saab a su delegaci\u00f3n en el di\u00e1logo con la oposici\u00f3n","og_description":"NOTI-AM\u00c9RICA VENEZUELA Jorge Rodr\u00edguez agreg\u00f3 que la esposa de Saab, Camila Fabri, seguir\u00e1 \u00abcomo miembro plenipotenciaria en el di\u00e1logo por su destacada actuaci\u00f3n\u00bb El presidente de la Asamblea Nacional, Jorge Rodr\u00edguez, anunci\u00f3 la incorporaci\u00f3n&#46;&#46;&#46;","og_url":"https:\/\/noti-america.com\/site\/venezuela\/2023\/12\/22\/gobierno-incorpora-a-alex-saab-a-su-delegacion-en-el-dialogo-con-la-oposicion\/","og_site_name":"Venezuela | Noti-America.com","article_published_time":"2023-12-22T13:18:18+00:00","og_image":[{"width":600,"height":400,"url":"https:\/\/noti-america.com\/site\/venezuela\/wp-content\/uploads\/sites\/2\/2023\/12\/tsize_600x400_92480a7ed988c0df978f76f06f18e97eba5b9fb2miniw-e1703193440932.jpg","type":"image\/jpeg"}],"author":"Rosmer Herrera","twitter_card":"summary_large_image","twitter_misc":{"Escrito por":"Rosmer Herrera","Tiempo estimado de lectura":"3 minutos"},"schema":{"@context":"https:\/\/schema.org","@graph":[{"@type":"Article","@id":"https:\/\/noti-america.com\/site\/venezuela\/2023\/12\/22\/gobierno-incorpora-a-alex-saab-a-su-delegacion-en-el-dialogo-con-la-oposicion\/#article","isPartOf":{"@id":"https:\/\/noti-america.com\/site\/venezuela\/2023\/12\/22\/gobierno-incorpora-a-alex-saab-a-su-delegacion-en-el-dialogo-con-la-oposicion\/"},"author":{"name":"Rosmer Herrera","@id":"https:\/\/noti-america.com\/site\/venezuela\/#\/schema\/person\/fd58dbfb92a257e9dc5761bf69a855ff"},"headline":"Gobierno incorpora a Alex Saab a su delegaci\u00f3n en el di\u00e1logo con la oposici\u00f3n","datePublished":"2023-12-22T13:18:18+00:00","mainEntityOfPage":{"@id":"https:\/\/noti-america.com\/site\/venezuela\/2023\/12\/22\/gobierno-incorpora-a-alex-saab-a-su-delegacion-en-el-dialogo-con-la-oposicion\/"},"wordCount":501,"commentCount":0,"publisher":{"@id":"https:\/\/noti-america.com\/site\/venezuela\/#organization"},"image":{"@id":"https:\/\/noti-america.com\/site\/venezuela\/2023\/12\/22\/gobierno-incorpora-a-alex-saab-a-su-delegacion-en-el-dialogo-con-la-oposicion\/#primaryimage"},"thumbnailUrl":"https:\/\/noti-america.com\/site\/venezuela\/wp-content\/uploads\/sites\/2\/2023\/12\/tsize_600x400_92480a7ed988c0df978f76f06f18e97eba5b9fb2miniw-e1703193440932.jpg","articleSection":["Pol\u00edtica"],"inLanguage":"es","potentialAction":[{"@type":"CommentAction","name":"Comment","target":["https:\/\/noti-america.com\/site\/venezuela\/2023\/12\/22\/gobierno-incorpora-a-alex-saab-a-su-delegacion-en-el-dialogo-con-la-oposicion\/#respond"]}]},{"@type":"WebPage","@id":"https:\/\/noti-america.com\/site\/venezuela\/2023\/12\/22\/gobierno-incorpora-a-alex-saab-a-su-delegacion-en-el-dialogo-con-la-oposicion\/","url":"https:\/\/noti-america.com\/site\/venezuela\/2023\/12\/22\/gobierno-incorpora-a-alex-saab-a-su-delegacion-en-el-dialogo-con-la-oposicion\/","name":"Gobierno incorpora a Alex Saab a su delegaci\u00f3n en el di\u00e1logo con la oposici\u00f3n - Venezuela | Noti-America.com","isPartOf":{"@id":"https:\/\/noti-america.com\/site\/venezuela\/#website"},"primaryImageOfPage":{"@id":"https:\/\/noti-america.com\/site\/venezuela\/2023\/12\/22\/gobierno-incorpora-a-alex-saab-a-su-delegacion-en-el-dialogo-con-la-oposicion\/#primaryimage"},"image":{"@id":"https:\/\/noti-america.com\/site\/venezuela\/2023\/12\/22\/gobierno-incorpora-a-alex-saab-a-su-delegacion-en-el-dialogo-con-la-oposicion\/#primaryimage"},"thumbnailUrl":"https:\/\/noti-america.com\/site\/venezuela\/wp-content\/uploads\/sites\/2\/2023\/12\/tsize_600x400_92480a7ed988c0df978f76f06f18e97eba5b9fb2miniw-e1703193440932.jpg","datePublished":"2023-12-22T13:18:18+00:00","breadcrumb":{"@id":"https:\/\/noti-america.com\/site\/venezuela\/2023\/12\/22\/gobierno-incorpora-a-alex-saab-a-su-delegacion-en-el-dialogo-con-la-oposicion\/#breadcrumb"},"inLanguage":"es","potentialAction":[{"@type":"ReadAction","target":["https:\/\/noti-america.com\/site\/venezuela\/2023\/12\/22\/gobierno-incorpora-a-alex-saab-a-su-delegacion-en-el-dialogo-con-la-oposicion\/"]}]},{"@type":"ImageObject","inLanguage":"es","@id":"https:\/\/noti-america.com\/site\/venezuela\/2023\/12\/22\/gobierno-incorpora-a-alex-saab-a-su-delegacion-en-el-dialogo-con-la-oposicion\/#primaryimage","url":"https:\/\/noti-america.com\/site\/venezuela\/wp-content\/uploads\/sites\/2\/2023\/12\/tsize_600x400_92480a7ed988c0df978f76f06f18e97eba5b9fb2miniw-e1703193440932.jpg","contentUrl":"https:\/\/noti-america.com\/site\/venezuela\/wp-content\/uploads\/sites\/2\/2023\/12\/tsize_600x400_92480a7ed988c0df978f76f06f18e97eba5b9fb2miniw-e1703193440932.jpg","width":600,"height":400},{"@type":"BreadcrumbList","@id":"https:\/\/noti-america.com\/site\/venezuela\/2023\/12\/22\/gobierno-incorpora-a-alex-saab-a-su-delegacion-en-el-dialogo-con-la-oposicion\/#breadcrumb","itemListElement":[{"@type":"ListItem","position":1,"name":"Portada","item":"https:\/\/noti-america.com\/site\/venezuela\/"},{"@type":"ListItem","position":2,"name":"Gobierno incorpora a Alex Saab a su delegaci\u00f3n en el di\u00e1logo con la oposici\u00f3n"}]},{"@type":"WebSite","@id":"https:\/\/noti-america.com\/site\/venezuela\/#website","url":"https:\/\/noti-america.com\/site\/venezuela\/","name":"Venezuela | Noti-America.com","description":"","publisher":{"@id":"https:\/\/noti-america.com\/site\/venezuela\/#organization"},"potentialAction":[{"@type":"SearchAction","target":{"@type":"EntryPoint","urlTemplate":"https:\/\/noti-america.com\/site\/venezuela\/?s={search_term_string}"},"query-input":{"@type":"PropertyValueSpecification","valueRequired":true,"valueName":"search_term_string"}}],"inLanguage":"es"},{"@type":"Organization","@id":"https:\/\/noti-america.com\/site\/venezuela\/#organization","name":"Noti-America LLC | Venezuela","url":"https:\/\/noti-america.com\/site\/venezuela\/","logo":{"@type":"ImageObject","inLanguage":"es","@id":"https:\/\/noti-america.com\/site\/venezuela\/#\/schema\/logo\/image\/","url":"https:\/\/noti-america.com\/site\/venezuela\/wp-content\/uploads\/sites\/2\/2020\/07\/LogoNA-4x3-1.jpg","contentUrl":"https:\/\/noti-america.com\/site\/venezuela\/wp-content\/uploads\/sites\/2\/2020\/07\/LogoNA-4x3-1.jpg","width":1236,"height":1080,"caption":"Noti-America LLC | Venezuela"},"image":{"@id":"https:\/\/noti-america.com\/site\/venezuela\/#\/schema\/logo\/image\/"}},{"@type":"Person","@id":"https:\/\/noti-america.com\/site\/venezuela\/#\/schema\/person\/fd58dbfb92a257e9dc5761bf69a855ff","name":"Rosmer Herrera","image":{"@type":"ImageObject","inLanguage":"es","@id":"https:\/\/secure.gravatar.com\/avatar\/153e75c261394dbf20ff1a1e70ea2be9494f2b40b7fc4e7704084db13220ae08?s=96&d=mm&r=g","url":"https:\/\/secure.gravatar.com\/avatar\/153e75c261394dbf20ff1a1e70ea2be9494f2b40b7fc4e7704084db13220ae08?s=96&d=mm&r=g","contentUrl":"https:\/\/secure.gravatar.com\/avatar\/153e75c261394dbf20ff1a1e70ea2be9494f2b40b7fc4e7704084db13220ae08?s=96&d=mm&r=g","caption":"Rosmer Herrera"},"url":"https:\/\/noti-america.com\/site\/venezuela\/author\/rosmer33\/"}]}},"_links":{"self":[{"href":"https:\/\/noti-america.com\/site\/venezuela\/wp-json\/wp\/v2\/posts\/33876","targetHints":{"allow":["GET"]}}],"collection":[{"href":"https:\/\/noti-america.com\/site\/venezuela\/wp-json\/wp\/v2\/posts"}],"about":[{"href":"https:\/\/noti-america.com\/site\/venezuela\/wp-json\/wp\/v2\/types\/post"}],"author":[{"embeddable":true,"href":"https:\/\/noti-america.com\/site\/venezuela\/wp-json\/wp\/v2\/users\/1"}],"replies":[{"embeddable":true,"href":"https:\/\/noti-america.com\/site\/venezuela\/wp-json\/wp\/v2\/comments?post=33876"}],"version-history":[{"count":1,"href":"https:\/\/noti-america.com\/site\/venezuela\/wp-json\/wp\/v2\/posts\/33876\/revisions"}],"predecessor-version":[{"id":33878,"href":"https:\/\/noti-america.com\/site\/venezuela\/wp-json\/wp\/v2\/posts\/33876\/revisions\/33878"}],"wp:featuredmedia":[{"embeddable":true,"href":"https:\/\/noti-america.com\/site\/venezuela\/wp-json\/wp\/v2\/media\/33877"}],"wp:attachment":[{"href":"https:\/\/noti-america.com\/site\/venezuela\/wp-json\/wp\/v2\/media?parent=33876"}],"wp:term":[{"taxonomy":"category","embeddable":true,"href":"https:\/\/noti-america.com\/site\/venezuela\/wp-json\/wp\/v2\/categories?post=33876"},{"taxonomy":"post_tag","embeddable":true,"href":"https:\/\/noti-america.com\/site\/venezuela\/wp-json\/wp\/v2\/tags?post=33876"}],"curies":[{"name":"wp","href":"https:\/\/api.w.org\/{rel}","templated":true}]}}