{"id":33849,"date":"2023-12-21T16:46:18","date_gmt":"2023-12-21T16:46:18","guid":{"rendered":"https:\/\/noti-america.com\/site\/venezuela\/?p=33849"},"modified":"2023-12-21T16:46:18","modified_gmt":"2023-12-21T16:46:18","slug":"organizacion-del-exilio-lamenta-que-ee-uu-deporte-a-un-militar-venezolano","status":"publish","type":"post","link":"https:\/\/noti-america.com\/site\/venezuela\/2023\/12\/21\/organizacion-del-exilio-lamenta-que-ee-uu-deporte-a-un-militar-venezolano\/","title":{"rendered":"Organizaci\u00f3n del exilio lamenta que EE UU deporte a un militar venezolano"},"content":{"rendered":"<p><strong>NOTI-AM\u00c9RICA<\/strong> VENEZUELA<\/p>\n<p>El joven teniente de 27 a\u00f1os de edad fue deportado a Venezuela el pasado 14 de diciembre en cumplimiento de una orden emitida por un juez de Inmigraci\u00f3n tras ingresar por la frontera sur de Estados Unidos en octubre y entregarse a las autoridades migratorias junto a su padre, el general Pedro Jos\u00e9 Naranjo Su\u00e1rez<\/p>\n<p>Una organizaci\u00f3n del exilio venezolano critic\u00f3 este martes que el gobierno del presidente de Estados Unidos, Joe Biden, deportara al militar de ese pa\u00eds latinoamericano Pedro Naranjo Machado, quien se encontraba en un centro de detenci\u00f3n para indocumentados en Luisiana.<\/p>\n<p>El joven teniente de 27 a\u00f1os de edad fue deportado a Venezuela el pasado 14 de diciembre en cumplimiento de una orden emitida por un juez de Inmigraci\u00f3n tras ingresar por la frontera sur de Estados Unidos en octubre y entregarse a las autoridades migratorias junto a su padre, el general Pedro Jos\u00e9 Naranjo Su\u00e1rez.<\/p>\n<p>De acuerdo con Ernesto Ackerman, presidente de la organizaci\u00f3n Independent Venezuelan American Citizens (IVAC), el joven teniente calificaba para el asilo por \u00abmiedo cre\u00edble\u00bb, esto es que su vida corre peligro en su pa\u00eds, debido a que es hijo de un militar que estuvo tres a\u00f1os encarcelado y es un perseguido pol\u00edtico del \u00abr\u00e9gimen de Nicol\u00e1s Maduro\u00bb.<\/p>\n<p>\u00abLlega a un pa\u00eds democr\u00e1tico, con esperanza de que le van a dar un asilo y lo entregan a un capo\u00bb, se\u00f1al\u00f3 a EFE Ackerman, quien record\u00f3 que en 2020 el Departamento de Estado de Estados Unidos ofreci\u00f3 una recompensa de 15 millones de d\u00f3lares para quien brinde informaci\u00f3n que permita la captura del mandatario venezolano, acusado de cargos de narcoterrorismo.<\/p>\n<p>IVAC convoc\u00f3 hoy a una rueda de prensa en Miami, en el sur de Florida, Estados Unidos, para, entre otros aspectos, denunciar que la deportaci\u00f3n de este experto en helic\u00f3pteros va a generar un efecto contraproducente entre los miembros de las Fuerzas Armadas venezolanas que est\u00e9n dispuestos a \u00absublevarse contra Maduro\u00bb.<\/p>\n<p>\u00abEstos j\u00f3venes, que son los que podr\u00edan alzarse en Venezuela, ahora van a coger miedo, van a pensar que los van a devolver\u00bb, explic\u00f3 el directivo. \u00abNos quitan cualquier esperanza de liberaci\u00f3n en Venezuela\u00bb, agreg\u00f3.<\/p>\n<p>El titular de IVAC explic\u00f3 que padre e hijo pasaron por la selva del Dari\u00e9n y cruzaron la frontera entre M\u00e9xico y Estados Unidos, pero si bien al progenitor lo pusieron en libertad y ahora reside en Texas mientras las autoridades estudian su caso de asilo, el teniente fue enviado a un centro de detenci\u00f3n donde luego se orden\u00f3 su expulsi\u00f3n.<\/p>\n<p>El general Pedro Jos\u00e9 Naranjo, acusado de insurrecci\u00f3n y detenido en mayo de 2018 por la Direcci\u00f3n de Contrainteligencia Militar (DGCIM) venezolana, decidi\u00f3 huir de su pa\u00eds cuando supo que la orden de arresto domiciliario que cumpl\u00eda iba a ser modificada por una prisi\u00f3n efectiva.<\/p>\n<p>\u00abEste gobierno no est\u00e1 con los venezolanos\u00bb, lament\u00f3 Ackerman en declaraciones a EFE, y pidi\u00f3 devolver las sanciones a Venezuela.<\/p>\n<p>El gobierno de Joe Biden retir\u00f3 las sanciones impuestas a Venezuela como resultado de los acuerdos alcanzados para la celebraci\u00f3n de primarias entre la oposici\u00f3n, en las que result\u00f3 ganadora Mar\u00eda Corina Machado, un proceso electoral que luego fue anulado por las autoridades venezolanas<\/p>\n<p>El presidente de IVAC record\u00f3 que el gobierno de Estados Unidos prometi\u00f3 volver a implementar las sanciones a partir del 30 de noviembre si Venezuela no tomaba acciones concretas para revertir la anulaci\u00f3n del proceso de primarias, nada de lo cual ha ocurrido.<\/p>\n","protected":false},"excerpt":{"rendered":"<p>NOTI-AM\u00c9RICA VENEZUELA El joven teniente de 27 a\u00f1os de edad fue deportado a Venezuela el pasado 14 de diciembre en cumplimiento de una orden emitida por un juez de Inmigraci\u00f3n tras ingresar por la&#46;&#46;&#46;<\/p>\n","protected":false},"author":1,"featured_media":33850,"comment_status":"open","ping_status":"open","sticky":false,"template":"","format":"standard","meta":{"_acf_changed":false,"om_disable_all_campaigns":false,"rop_custom_images_group":[],"rop_custom_messages_group":[],"rop_publish_now":"initial","rop_publish_now_accounts":{"twitter_242054905_242054905":""},"rop_publish_now_history":[],"rop_publish_now_status":"pending","_uf_show_specific_survey":0,"_uf_disable_surveys":false,"footnotes":""},"categories":[508],"tags":[],"class_list":["post-33849","post","type-post","status-publish","format-standard","has-post-thumbnail","hentry","category-acturalidad"],"acf":[],"aioseo_notices":[],"yoast_head":"<!-- This site is optimized with the Yoast SEO Premium plugin v24.9 (Yoast SEO v27.2) - https:\/\/yoast.com\/product\/yoast-seo-premium-wordpress\/ -->\n<title>Organizaci\u00f3n del exilio lamenta que EE UU deporte a un militar venezolano - Venezuela | Noti-America.com<\/title>\n<meta name=\"robots\" content=\"index, follow, max-snippet:-1, max-image-preview:large, max-video-preview:-1\" \/>\n<link rel=\"canonical\" href=\"https:\/\/noti-america.com\/site\/venezuela\/2023\/12\/21\/organizacion-del-exilio-lamenta-que-ee-uu-deporte-a-un-militar-venezolano\/\" \/>\n<meta property=\"og:locale\" content=\"es_ES\" \/>\n<meta property=\"og:type\" content=\"article\" \/>\n<meta property=\"og:title\" content=\"Organizaci\u00f3n del exilio lamenta que EE UU deporte a un militar venezolano\" \/>\n<meta property=\"og:description\" content=\"NOTI-AM\u00c9RICA VENEZUELA El joven teniente de 27 a\u00f1os de edad fue deportado a Venezuela el pasado 14 de diciembre en cumplimiento de una orden emitida por un juez de Inmigraci\u00f3n tras ingresar por la&#046;&#046;&#046;\" \/>\n<meta property=\"og:url\" content=\"https:\/\/noti-america.com\/site\/venezuela\/2023\/12\/21\/organizacion-del-exilio-lamenta-que-ee-uu-deporte-a-un-militar-venezolano\/\" \/>\n<meta property=\"og:site_name\" content=\"Venezuela | Noti-America.com\" \/>\n<meta property=\"article:published_time\" content=\"2023-12-21T16:46:18+00:00\" \/>\n<meta property=\"og:image\" content=\"https:\/\/noti-america.com\/site\/venezuela\/wp-content\/uploads\/sites\/2\/2023\/12\/7480C35E-CFD8-4A6D-BB48-D82F21F2DC61_w1080_h608.jpg\" \/>\n\t<meta property=\"og:image:width\" content=\"1080\" \/>\n\t<meta property=\"og:image:height\" content=\"608\" \/>\n\t<meta property=\"og:image:type\" content=\"image\/jpeg\" \/>\n<meta name=\"author\" content=\"Rosmer Herrera\" \/>\n<meta name=\"twitter:card\" content=\"summary_large_image\" \/>\n<meta name=\"twitter:label1\" content=\"Escrito por\" \/>\n\t<meta name=\"twitter:data1\" content=\"Rosmer Herrera\" \/>\n\t<meta name=\"twitter:label2\" content=\"Tiempo estimado de lectura\" \/>\n\t<meta name=\"twitter:data2\" content=\"3 minutos\" \/>\n<script type=\"application\/ld+json\" class=\"yoast-schema-graph\">{\"@context\":\"https:\/\/schema.org\",\"@graph\":[{\"@type\":\"Article\",\"@id\":\"https:\/\/noti-america.com\/site\/venezuela\/2023\/12\/21\/organizacion-del-exilio-lamenta-que-ee-uu-deporte-a-un-militar-venezolano\/#article\",\"isPartOf\":{\"@id\":\"https:\/\/noti-america.com\/site\/venezuela\/2023\/12\/21\/organizacion-del-exilio-lamenta-que-ee-uu-deporte-a-un-militar-venezolano\/\"},\"author\":{\"name\":\"Rosmer Herrera\",\"@id\":\"https:\/\/noti-america.com\/site\/venezuela\/#\/schema\/person\/fd58dbfb92a257e9dc5761bf69a855ff\"},\"headline\":\"Organizaci\u00f3n del exilio lamenta que EE UU deporte a un militar venezolano\",\"datePublished\":\"2023-12-21T16:46:18+00:00\",\"mainEntityOfPage\":{\"@id\":\"https:\/\/noti-america.com\/site\/venezuela\/2023\/12\/21\/organizacion-del-exilio-lamenta-que-ee-uu-deporte-a-un-militar-venezolano\/\"},\"wordCount\":615,\"commentCount\":0,\"publisher\":{\"@id\":\"https:\/\/noti-america.com\/site\/venezuela\/#organization\"},\"image\":{\"@id\":\"https:\/\/noti-america.com\/site\/venezuela\/2023\/12\/21\/organizacion-del-exilio-lamenta-que-ee-uu-deporte-a-un-militar-venezolano\/#primaryimage\"},\"thumbnailUrl\":\"https:\/\/noti-america.com\/site\/venezuela\/wp-content\/uploads\/sites\/2\/2023\/12\/7480C35E-CFD8-4A6D-BB48-D82F21F2DC61_w1080_h608.jpg\",\"articleSection\":[\"Actualidad\"],\"inLanguage\":\"es\",\"potentialAction\":[{\"@type\":\"CommentAction\",\"name\":\"Comment\",\"target\":[\"https:\/\/noti-america.com\/site\/venezuela\/2023\/12\/21\/organizacion-del-exilio-lamenta-que-ee-uu-deporte-a-un-militar-venezolano\/#respond\"]}]},{\"@type\":\"WebPage\",\"@id\":\"https:\/\/noti-america.com\/site\/venezuela\/2023\/12\/21\/organizacion-del-exilio-lamenta-que-ee-uu-deporte-a-un-militar-venezolano\/\",\"url\":\"https:\/\/noti-america.com\/site\/venezuela\/2023\/12\/21\/organizacion-del-exilio-lamenta-que-ee-uu-deporte-a-un-militar-venezolano\/\",\"name\":\"Organizaci\u00f3n del exilio lamenta que EE UU deporte a un militar venezolano - Venezuela | Noti-America.com\",\"isPartOf\":{\"@id\":\"https:\/\/noti-america.com\/site\/venezuela\/#website\"},\"primaryImageOfPage\":{\"@id\":\"https:\/\/noti-america.com\/site\/venezuela\/2023\/12\/21\/organizacion-del-exilio-lamenta-que-ee-uu-deporte-a-un-militar-venezolano\/#primaryimage\"},\"image\":{\"@id\":\"https:\/\/noti-america.com\/site\/venezuela\/2023\/12\/21\/organizacion-del-exilio-lamenta-que-ee-uu-deporte-a-un-militar-venezolano\/#primaryimage\"},\"thumbnailUrl\":\"https:\/\/noti-america.com\/site\/venezuela\/wp-content\/uploads\/sites\/2\/2023\/12\/7480C35E-CFD8-4A6D-BB48-D82F21F2DC61_w1080_h608.jpg\",\"datePublished\":\"2023-12-21T16:46:18+00:00\",\"breadcrumb\":{\"@id\":\"https:\/\/noti-america.com\/site\/venezuela\/2023\/12\/21\/organizacion-del-exilio-lamenta-que-ee-uu-deporte-a-un-militar-venezolano\/#breadcrumb\"},\"inLanguage\":\"es\",\"potentialAction\":[{\"@type\":\"ReadAction\",\"target\":[\"https:\/\/noti-america.com\/site\/venezuela\/2023\/12\/21\/organizacion-del-exilio-lamenta-que-ee-uu-deporte-a-un-militar-venezolano\/\"]}]},{\"@type\":\"ImageObject\",\"inLanguage\":\"es\",\"@id\":\"https:\/\/noti-america.com\/site\/venezuela\/2023\/12\/21\/organizacion-del-exilio-lamenta-que-ee-uu-deporte-a-un-militar-venezolano\/#primaryimage\",\"url\":\"https:\/\/noti-america.com\/site\/venezuela\/wp-content\/uploads\/sites\/2\/2023\/12\/7480C35E-CFD8-4A6D-BB48-D82F21F2DC61_w1080_h608.jpg\",\"contentUrl\":\"https:\/\/noti-america.com\/site\/venezuela\/wp-content\/uploads\/sites\/2\/2023\/12\/7480C35E-CFD8-4A6D-BB48-D82F21F2DC61_w1080_h608.jpg\",\"width\":1080,\"height\":608},{\"@type\":\"BreadcrumbList\",\"@id\":\"https:\/\/noti-america.com\/site\/venezuela\/2023\/12\/21\/organizacion-del-exilio-lamenta-que-ee-uu-deporte-a-un-militar-venezolano\/#breadcrumb\",\"itemListElement\":[{\"@type\":\"ListItem\",\"position\":1,\"name\":\"Portada\",\"item\":\"https:\/\/noti-america.com\/site\/venezuela\/\"},{\"@type\":\"ListItem\",\"position\":2,\"name\":\"Organizaci\u00f3n del exilio lamenta que EE UU deporte a un militar venezolano\"}]},{\"@type\":\"WebSite\",\"@id\":\"https:\/\/noti-america.com\/site\/venezuela\/#website\",\"url\":\"https:\/\/noti-america.com\/site\/venezuela\/\",\"name\":\"Venezuela | Noti-America.com\",\"description\":\"\",\"publisher\":{\"@id\":\"https:\/\/noti-america.com\/site\/venezuela\/#organization\"},\"potentialAction\":[{\"@type\":\"SearchAction\",\"target\":{\"@type\":\"EntryPoint\",\"urlTemplate\":\"https:\/\/noti-america.com\/site\/venezuela\/?s={search_term_string}\"},\"query-input\":{\"@type\":\"PropertyValueSpecification\",\"valueRequired\":true,\"valueName\":\"search_term_string\"}}],\"inLanguage\":\"es\"},{\"@type\":\"Organization\",\"@id\":\"https:\/\/noti-america.com\/site\/venezuela\/#organization\",\"name\":\"Noti-America LLC | Venezuela\",\"url\":\"https:\/\/noti-america.com\/site\/venezuela\/\",\"logo\":{\"@type\":\"ImageObject\",\"inLanguage\":\"es\",\"@id\":\"https:\/\/noti-america.com\/site\/venezuela\/#\/schema\/logo\/image\/\",\"url\":\"https:\/\/noti-america.com\/site\/venezuela\/wp-content\/uploads\/sites\/2\/2020\/07\/LogoNA-4x3-1.jpg\",\"contentUrl\":\"https:\/\/noti-america.com\/site\/venezuela\/wp-content\/uploads\/sites\/2\/2020\/07\/LogoNA-4x3-1.jpg\",\"width\":1236,\"height\":1080,\"caption\":\"Noti-America LLC | Venezuela\"},\"image\":{\"@id\":\"https:\/\/noti-america.com\/site\/venezuela\/#\/schema\/logo\/image\/\"}},{\"@type\":\"Person\",\"@id\":\"https:\/\/noti-america.com\/site\/venezuela\/#\/schema\/person\/fd58dbfb92a257e9dc5761bf69a855ff\",\"name\":\"Rosmer Herrera\",\"image\":{\"@type\":\"ImageObject\",\"inLanguage\":\"es\",\"@id\":\"https:\/\/secure.gravatar.com\/avatar\/153e75c261394dbf20ff1a1e70ea2be9494f2b40b7fc4e7704084db13220ae08?s=96&d=mm&r=g\",\"url\":\"https:\/\/secure.gravatar.com\/avatar\/153e75c261394dbf20ff1a1e70ea2be9494f2b40b7fc4e7704084db13220ae08?s=96&d=mm&r=g\",\"contentUrl\":\"https:\/\/secure.gravatar.com\/avatar\/153e75c261394dbf20ff1a1e70ea2be9494f2b40b7fc4e7704084db13220ae08?s=96&d=mm&r=g\",\"caption\":\"Rosmer Herrera\"},\"url\":\"https:\/\/noti-america.com\/site\/venezuela\/author\/rosmer33\/\"}]}<\/script>\n<!-- \/ Yoast SEO Premium plugin. -->","yoast_head_json":{"title":"Organizaci\u00f3n del exilio lamenta que EE UU deporte a un militar venezolano - Venezuela | Noti-America.com","robots":{"index":"index","follow":"follow","max-snippet":"max-snippet:-1","max-image-preview":"max-image-preview:large","max-video-preview":"max-video-preview:-1"},"canonical":"https:\/\/noti-america.com\/site\/venezuela\/2023\/12\/21\/organizacion-del-exilio-lamenta-que-ee-uu-deporte-a-un-militar-venezolano\/","og_locale":"es_ES","og_type":"article","og_title":"Organizaci\u00f3n del exilio lamenta que EE UU deporte a un militar venezolano","og_description":"NOTI-AM\u00c9RICA VENEZUELA El joven teniente de 27 a\u00f1os de edad fue deportado a Venezuela el pasado 14 de diciembre en cumplimiento de una orden emitida por un juez de Inmigraci\u00f3n tras ingresar por la&#46;&#46;&#46;","og_url":"https:\/\/noti-america.com\/site\/venezuela\/2023\/12\/21\/organizacion-del-exilio-lamenta-que-ee-uu-deporte-a-un-militar-venezolano\/","og_site_name":"Venezuela | Noti-America.com","article_published_time":"2023-12-21T16:46:18+00:00","og_image":[{"width":1080,"height":608,"url":"https:\/\/noti-america.com\/site\/venezuela\/wp-content\/uploads\/sites\/2\/2023\/12\/7480C35E-CFD8-4A6D-BB48-D82F21F2DC61_w1080_h608.jpg","type":"image\/jpeg"}],"author":"Rosmer Herrera","twitter_card":"summary_large_image","twitter_misc":{"Escrito por":"Rosmer Herrera","Tiempo estimado de lectura":"3 minutos"},"schema":{"@context":"https:\/\/schema.org","@graph":[{"@type":"Article","@id":"https:\/\/noti-america.com\/site\/venezuela\/2023\/12\/21\/organizacion-del-exilio-lamenta-que-ee-uu-deporte-a-un-militar-venezolano\/#article","isPartOf":{"@id":"https:\/\/noti-america.com\/site\/venezuela\/2023\/12\/21\/organizacion-del-exilio-lamenta-que-ee-uu-deporte-a-un-militar-venezolano\/"},"author":{"name":"Rosmer Herrera","@id":"https:\/\/noti-america.com\/site\/venezuela\/#\/schema\/person\/fd58dbfb92a257e9dc5761bf69a855ff"},"headline":"Organizaci\u00f3n del exilio lamenta que EE UU deporte a un militar venezolano","datePublished":"2023-12-21T16:46:18+00:00","mainEntityOfPage":{"@id":"https:\/\/noti-america.com\/site\/venezuela\/2023\/12\/21\/organizacion-del-exilio-lamenta-que-ee-uu-deporte-a-un-militar-venezolano\/"},"wordCount":615,"commentCount":0,"publisher":{"@id":"https:\/\/noti-america.com\/site\/venezuela\/#organization"},"image":{"@id":"https:\/\/noti-america.com\/site\/venezuela\/2023\/12\/21\/organizacion-del-exilio-lamenta-que-ee-uu-deporte-a-un-militar-venezolano\/#primaryimage"},"thumbnailUrl":"https:\/\/noti-america.com\/site\/venezuela\/wp-content\/uploads\/sites\/2\/2023\/12\/7480C35E-CFD8-4A6D-BB48-D82F21F2DC61_w1080_h608.jpg","articleSection":["Actualidad"],"inLanguage":"es","potentialAction":[{"@type":"CommentAction","name":"Comment","target":["https:\/\/noti-america.com\/site\/venezuela\/2023\/12\/21\/organizacion-del-exilio-lamenta-que-ee-uu-deporte-a-un-militar-venezolano\/#respond"]}]},{"@type":"WebPage","@id":"https:\/\/noti-america.com\/site\/venezuela\/2023\/12\/21\/organizacion-del-exilio-lamenta-que-ee-uu-deporte-a-un-militar-venezolano\/","url":"https:\/\/noti-america.com\/site\/venezuela\/2023\/12\/21\/organizacion-del-exilio-lamenta-que-ee-uu-deporte-a-un-militar-venezolano\/","name":"Organizaci\u00f3n del exilio lamenta que EE UU deporte a un militar venezolano - Venezuela | Noti-America.com","isPartOf":{"@id":"https:\/\/noti-america.com\/site\/venezuela\/#website"},"primaryImageOfPage":{"@id":"https:\/\/noti-america.com\/site\/venezuela\/2023\/12\/21\/organizacion-del-exilio-lamenta-que-ee-uu-deporte-a-un-militar-venezolano\/#primaryimage"},"image":{"@id":"https:\/\/noti-america.com\/site\/venezuela\/2023\/12\/21\/organizacion-del-exilio-lamenta-que-ee-uu-deporte-a-un-militar-venezolano\/#primaryimage"},"thumbnailUrl":"https:\/\/noti-america.com\/site\/venezuela\/wp-content\/uploads\/sites\/2\/2023\/12\/7480C35E-CFD8-4A6D-BB48-D82F21F2DC61_w1080_h608.jpg","datePublished":"2023-12-21T16:46:18+00:00","breadcrumb":{"@id":"https:\/\/noti-america.com\/site\/venezuela\/2023\/12\/21\/organizacion-del-exilio-lamenta-que-ee-uu-deporte-a-un-militar-venezolano\/#breadcrumb"},"inLanguage":"es","potentialAction":[{"@type":"ReadAction","target":["https:\/\/noti-america.com\/site\/venezuela\/2023\/12\/21\/organizacion-del-exilio-lamenta-que-ee-uu-deporte-a-un-militar-venezolano\/"]}]},{"@type":"ImageObject","inLanguage":"es","@id":"https:\/\/noti-america.com\/site\/venezuela\/2023\/12\/21\/organizacion-del-exilio-lamenta-que-ee-uu-deporte-a-un-militar-venezolano\/#primaryimage","url":"https:\/\/noti-america.com\/site\/venezuela\/wp-content\/uploads\/sites\/2\/2023\/12\/7480C35E-CFD8-4A6D-BB48-D82F21F2DC61_w1080_h608.jpg","contentUrl":"https:\/\/noti-america.com\/site\/venezuela\/wp-content\/uploads\/sites\/2\/2023\/12\/7480C35E-CFD8-4A6D-BB48-D82F21F2DC61_w1080_h608.jpg","width":1080,"height":608},{"@type":"BreadcrumbList","@id":"https:\/\/noti-america.com\/site\/venezuela\/2023\/12\/21\/organizacion-del-exilio-lamenta-que-ee-uu-deporte-a-un-militar-venezolano\/#breadcrumb","itemListElement":[{"@type":"ListItem","position":1,"name":"Portada","item":"https:\/\/noti-america.com\/site\/venezuela\/"},{"@type":"ListItem","position":2,"name":"Organizaci\u00f3n del exilio lamenta que EE UU deporte a un militar venezolano"}]},{"@type":"WebSite","@id":"https:\/\/noti-america.com\/site\/venezuela\/#website","url":"https:\/\/noti-america.com\/site\/venezuela\/","name":"Venezuela | Noti-America.com","description":"","publisher":{"@id":"https:\/\/noti-america.com\/site\/venezuela\/#organization"},"potentialAction":[{"@type":"SearchAction","target":{"@type":"EntryPoint","urlTemplate":"https:\/\/noti-america.com\/site\/venezuela\/?s={search_term_string}"},"query-input":{"@type":"PropertyValueSpecification","valueRequired":true,"valueName":"search_term_string"}}],"inLanguage":"es"},{"@type":"Organization","@id":"https:\/\/noti-america.com\/site\/venezuela\/#organization","name":"Noti-America LLC | Venezuela","url":"https:\/\/noti-america.com\/site\/venezuela\/","logo":{"@type":"ImageObject","inLanguage":"es","@id":"https:\/\/noti-america.com\/site\/venezuela\/#\/schema\/logo\/image\/","url":"https:\/\/noti-america.com\/site\/venezuela\/wp-content\/uploads\/sites\/2\/2020\/07\/LogoNA-4x3-1.jpg","contentUrl":"https:\/\/noti-america.com\/site\/venezuela\/wp-content\/uploads\/sites\/2\/2020\/07\/LogoNA-4x3-1.jpg","width":1236,"height":1080,"caption":"Noti-America LLC | Venezuela"},"image":{"@id":"https:\/\/noti-america.com\/site\/venezuela\/#\/schema\/logo\/image\/"}},{"@type":"Person","@id":"https:\/\/noti-america.com\/site\/venezuela\/#\/schema\/person\/fd58dbfb92a257e9dc5761bf69a855ff","name":"Rosmer Herrera","image":{"@type":"ImageObject","inLanguage":"es","@id":"https:\/\/secure.gravatar.com\/avatar\/153e75c261394dbf20ff1a1e70ea2be9494f2b40b7fc4e7704084db13220ae08?s=96&d=mm&r=g","url":"https:\/\/secure.gravatar.com\/avatar\/153e75c261394dbf20ff1a1e70ea2be9494f2b40b7fc4e7704084db13220ae08?s=96&d=mm&r=g","contentUrl":"https:\/\/secure.gravatar.com\/avatar\/153e75c261394dbf20ff1a1e70ea2be9494f2b40b7fc4e7704084db13220ae08?s=96&d=mm&r=g","caption":"Rosmer Herrera"},"url":"https:\/\/noti-america.com\/site\/venezuela\/author\/rosmer33\/"}]}},"_links":{"self":[{"href":"https:\/\/noti-america.com\/site\/venezuela\/wp-json\/wp\/v2\/posts\/33849","targetHints":{"allow":["GET"]}}],"collection":[{"href":"https:\/\/noti-america.com\/site\/venezuela\/wp-json\/wp\/v2\/posts"}],"about":[{"href":"https:\/\/noti-america.com\/site\/venezuela\/wp-json\/wp\/v2\/types\/post"}],"author":[{"embeddable":true,"href":"https:\/\/noti-america.com\/site\/venezuela\/wp-json\/wp\/v2\/users\/1"}],"replies":[{"embeddable":true,"href":"https:\/\/noti-america.com\/site\/venezuela\/wp-json\/wp\/v2\/comments?post=33849"}],"version-history":[{"count":1,"href":"https:\/\/noti-america.com\/site\/venezuela\/wp-json\/wp\/v2\/posts\/33849\/revisions"}],"predecessor-version":[{"id":33851,"href":"https:\/\/noti-america.com\/site\/venezuela\/wp-json\/wp\/v2\/posts\/33849\/revisions\/33851"}],"wp:featuredmedia":[{"embeddable":true,"href":"https:\/\/noti-america.com\/site\/venezuela\/wp-json\/wp\/v2\/media\/33850"}],"wp:attachment":[{"href":"https:\/\/noti-america.com\/site\/venezuela\/wp-json\/wp\/v2\/media?parent=33849"}],"wp:term":[{"taxonomy":"category","embeddable":true,"href":"https:\/\/noti-america.com\/site\/venezuela\/wp-json\/wp\/v2\/categories?post=33849"},{"taxonomy":"post_tag","embeddable":true,"href":"https:\/\/noti-america.com\/site\/venezuela\/wp-json\/wp\/v2\/tags?post=33849"}],"curies":[{"name":"wp","href":"https:\/\/api.w.org\/{rel}","templated":true}]}}