{"id":33590,"date":"2023-12-15T14:53:50","date_gmt":"2023-12-15T14:53:50","guid":{"rendered":"https:\/\/noti-america.com\/site\/venezuela\/?p=33590"},"modified":"2023-12-15T14:53:50","modified_gmt":"2023-12-15T14:53:50","slug":"expoproducer-la-plataforma-que-impulsa-el-talento-digital-en-colombia","status":"publish","type":"post","link":"https:\/\/noti-america.com\/site\/venezuela\/2023\/12\/15\/expoproducer-la-plataforma-que-impulsa-el-talento-digital-en-colombia\/","title":{"rendered":"ExpoProducer, la plataforma que impulsa el talento digital en Colombia"},"content":{"rendered":"<p style=\"text-align: justify\">ExpoProducer, la plataforma dedicada al impulso de talentos emergentes en arte, dise\u00f1o, fotograf\u00eda, m\u00fasica y modelaje, fue condecorada en el Congreso de la Rep\u00fablica por Total Music por sus 10 a\u00f1os impulsando a la industria del espect\u00e1culo en Colombia.<\/p>\n<p style=\"text-align: justify\">La compa\u00f1\u00eda, fundada y dirigida por el polifac\u00e9tico empresario Leonardo Orozco, conocido art\u00edsticamente como Floxus, ha sido reconocida por su intensa actividad en el mundo del espect\u00e1culo y el entretenimiento. En 2023, tambi\u00e9n estuvo nominado a Empresario del A\u00f1o en CDI Magazine Awards TV, donde obtuvo menci\u00f3n honor\u00edfica.<\/p>\n<p style=\"text-align: justify\">Leonardo Orozco expres\u00f3 su orgullo por el reconocimiento y destac\u00f3 la importancia de apoyar al talento digital y a los empresarios que est\u00e1n contribuyendo al crecimiento del pa\u00eds. \u00abHemos creado una comunidad donde creamos, dise\u00f1amos e innovamos donde uno no es competencia del otro sino un complemento, somos una familia\u00bb, afirm\u00f3.<\/p>\n<p style=\"text-align: justify\">Se especializan en la creaci\u00f3n, posicionamiento y mantenimiento de marcas por medio de la producci\u00f3n audiovisual, el dise\u00f1o gr\u00e1fico, la producci\u00f3n y transmisi\u00f3n de eventos, desfiles de moda, presentaciones musicales para los j\u00f3venes talentos del espect\u00e1culo.<\/p>\n<p style=\"text-align: justify\">Con su equipo de profesionales experimentados, desarrolla una estrategia de marketing viral que permite conectar con m\u00e1s audiencias y generar mayor visibilidad; tambi\u00e9n realizan entrevistas con expertos de la industria para que puedan conocer las \u00faltimas tendencias y conectar con otros profesionales.<\/p>\n<p style=\"text-align: justify\">Para 2024, ExpoProducer tiene grandes planes. \u00abVamos a lanzar campa\u00f1as masivas en landing pages, campa\u00f1as en alianzas con m\u00e1s de 50 medios internacionales, vamos a desarrollar una segunda fase de nuestra aplicaci\u00f3n financiera y vamos a hacer eventos fuera del pa\u00eds\u00bb, anunci\u00f3 Leonardo Orozco.<\/p>\n<p style=\"text-align: justify\">Para conocer m\u00e1s sobre el trabajo de ExpoProducer y c\u00f3mo pueden ayudarte a impulsar tu talento, visita su p\u00e1gina web www.expoproducer.com<br \/>\n.<br \/>\nhttps:\/\/www.instagram.com\/expoproducer\/<\/p>\n","protected":false},"excerpt":{"rendered":"<p>ExpoProducer, la plataforma dedicada al impulso de talentos emergentes en arte, dise\u00f1o, fotograf\u00eda, m\u00fasica y modelaje, fue condecorada en el Congreso de la Rep\u00fablica por Total Music por sus 10 a\u00f1os impulsando a la&#46;&#46;&#46;<\/p>\n","protected":false},"author":1,"featured_media":33589,"comment_status":"open","ping_status":"open","sticky":false,"template":"","format":"standard","meta":{"_acf_changed":false,"om_disable_all_campaigns":false,"rop_custom_images_group":[],"rop_custom_messages_group":[],"rop_publish_now":"initial","rop_publish_now_accounts":{"twitter_242054905_242054905":""},"rop_publish_now_history":[],"rop_publish_now_status":"pending","_uf_show_specific_survey":0,"_uf_disable_surveys":false,"footnotes":""},"categories":[508],"tags":[],"class_list":["post-33590","post","type-post","status-publish","format-standard","has-post-thumbnail","hentry","category-acturalidad"],"acf":[],"aioseo_notices":[],"yoast_head":"<!-- This site is optimized with the Yoast SEO Premium plugin v24.9 (Yoast SEO v27.2) - https:\/\/yoast.com\/product\/yoast-seo-premium-wordpress\/ -->\n<title>ExpoProducer, la plataforma que impulsa el talento digital en Colombia - Venezuela | Noti-America.com<\/title>\n<meta name=\"robots\" content=\"index, follow, max-snippet:-1, max-image-preview:large, max-video-preview:-1\" \/>\n<link rel=\"canonical\" href=\"https:\/\/noti-america.com\/site\/venezuela\/2023\/12\/15\/expoproducer-la-plataforma-que-impulsa-el-talento-digital-en-colombia\/\" \/>\n<meta property=\"og:locale\" content=\"es_ES\" \/>\n<meta property=\"og:type\" content=\"article\" \/>\n<meta property=\"og:title\" content=\"ExpoProducer, la plataforma que impulsa el talento digital en Colombia\" \/>\n<meta property=\"og:description\" content=\"ExpoProducer, la plataforma dedicada al impulso de talentos emergentes en arte, dise\u00f1o, fotograf\u00eda, m\u00fasica y modelaje, fue condecorada en el Congreso de la Rep\u00fablica por Total Music por sus 10 a\u00f1os impulsando a la&#046;&#046;&#046;\" \/>\n<meta property=\"og:url\" content=\"https:\/\/noti-america.com\/site\/venezuela\/2023\/12\/15\/expoproducer-la-plataforma-que-impulsa-el-talento-digital-en-colombia\/\" \/>\n<meta property=\"og:site_name\" content=\"Venezuela | Noti-America.com\" \/>\n<meta property=\"article:published_time\" content=\"2023-12-15T14:53:50+00:00\" \/>\n<meta property=\"og:image\" content=\"https:\/\/noti-america.com\/site\/venezuela\/wp-content\/uploads\/sites\/2\/2023\/12\/SAVE_20231215_090626-1.jpg\" \/>\n\t<meta property=\"og:image:width\" content=\"2048\" \/>\n\t<meta property=\"og:image:height\" content=\"1365\" \/>\n\t<meta property=\"og:image:type\" content=\"image\/jpeg\" \/>\n<meta name=\"author\" content=\"Rosmer Herrera\" \/>\n<meta name=\"twitter:card\" content=\"summary_large_image\" \/>\n<meta name=\"twitter:label1\" content=\"Escrito por\" \/>\n\t<meta name=\"twitter:data1\" content=\"Rosmer Herrera\" \/>\n\t<meta name=\"twitter:label2\" content=\"Tiempo estimado de lectura\" \/>\n\t<meta name=\"twitter:data2\" content=\"2 minutos\" \/>\n<script type=\"application\/ld+json\" class=\"yoast-schema-graph\">{\"@context\":\"https:\/\/schema.org\",\"@graph\":[{\"@type\":\"Article\",\"@id\":\"https:\/\/noti-america.com\/site\/venezuela\/2023\/12\/15\/expoproducer-la-plataforma-que-impulsa-el-talento-digital-en-colombia\/#article\",\"isPartOf\":{\"@id\":\"https:\/\/noti-america.com\/site\/venezuela\/2023\/12\/15\/expoproducer-la-plataforma-que-impulsa-el-talento-digital-en-colombia\/\"},\"author\":{\"name\":\"Rosmer Herrera\",\"@id\":\"https:\/\/noti-america.com\/site\/venezuela\/#\/schema\/person\/fd58dbfb92a257e9dc5761bf69a855ff\"},\"headline\":\"ExpoProducer, la plataforma que impulsa el talento digital en Colombia\",\"datePublished\":\"2023-12-15T14:53:50+00:00\",\"mainEntityOfPage\":{\"@id\":\"https:\/\/noti-america.com\/site\/venezuela\/2023\/12\/15\/expoproducer-la-plataforma-que-impulsa-el-talento-digital-en-colombia\/\"},\"wordCount\":329,\"commentCount\":0,\"publisher\":{\"@id\":\"https:\/\/noti-america.com\/site\/venezuela\/#organization\"},\"image\":{\"@id\":\"https:\/\/noti-america.com\/site\/venezuela\/2023\/12\/15\/expoproducer-la-plataforma-que-impulsa-el-talento-digital-en-colombia\/#primaryimage\"},\"thumbnailUrl\":\"https:\/\/noti-america.com\/site\/venezuela\/wp-content\/uploads\/sites\/2\/2023\/12\/SAVE_20231215_090626-1.jpg\",\"articleSection\":[\"Actualidad\"],\"inLanguage\":\"es\",\"potentialAction\":[{\"@type\":\"CommentAction\",\"name\":\"Comment\",\"target\":[\"https:\/\/noti-america.com\/site\/venezuela\/2023\/12\/15\/expoproducer-la-plataforma-que-impulsa-el-talento-digital-en-colombia\/#respond\"]}]},{\"@type\":\"WebPage\",\"@id\":\"https:\/\/noti-america.com\/site\/venezuela\/2023\/12\/15\/expoproducer-la-plataforma-que-impulsa-el-talento-digital-en-colombia\/\",\"url\":\"https:\/\/noti-america.com\/site\/venezuela\/2023\/12\/15\/expoproducer-la-plataforma-que-impulsa-el-talento-digital-en-colombia\/\",\"name\":\"ExpoProducer, la plataforma que impulsa el talento digital en Colombia - Venezuela | Noti-America.com\",\"isPartOf\":{\"@id\":\"https:\/\/noti-america.com\/site\/venezuela\/#website\"},\"primaryImageOfPage\":{\"@id\":\"https:\/\/noti-america.com\/site\/venezuela\/2023\/12\/15\/expoproducer-la-plataforma-que-impulsa-el-talento-digital-en-colombia\/#primaryimage\"},\"image\":{\"@id\":\"https:\/\/noti-america.com\/site\/venezuela\/2023\/12\/15\/expoproducer-la-plataforma-que-impulsa-el-talento-digital-en-colombia\/#primaryimage\"},\"thumbnailUrl\":\"https:\/\/noti-america.com\/site\/venezuela\/wp-content\/uploads\/sites\/2\/2023\/12\/SAVE_20231215_090626-1.jpg\",\"datePublished\":\"2023-12-15T14:53:50+00:00\",\"breadcrumb\":{\"@id\":\"https:\/\/noti-america.com\/site\/venezuela\/2023\/12\/15\/expoproducer-la-plataforma-que-impulsa-el-talento-digital-en-colombia\/#breadcrumb\"},\"inLanguage\":\"es\",\"potentialAction\":[{\"@type\":\"ReadAction\",\"target\":[\"https:\/\/noti-america.com\/site\/venezuela\/2023\/12\/15\/expoproducer-la-plataforma-que-impulsa-el-talento-digital-en-colombia\/\"]}]},{\"@type\":\"ImageObject\",\"inLanguage\":\"es\",\"@id\":\"https:\/\/noti-america.com\/site\/venezuela\/2023\/12\/15\/expoproducer-la-plataforma-que-impulsa-el-talento-digital-en-colombia\/#primaryimage\",\"url\":\"https:\/\/noti-america.com\/site\/venezuela\/wp-content\/uploads\/sites\/2\/2023\/12\/SAVE_20231215_090626-1.jpg\",\"contentUrl\":\"https:\/\/noti-america.com\/site\/venezuela\/wp-content\/uploads\/sites\/2\/2023\/12\/SAVE_20231215_090626-1.jpg\",\"width\":2048,\"height\":1365},{\"@type\":\"BreadcrumbList\",\"@id\":\"https:\/\/noti-america.com\/site\/venezuela\/2023\/12\/15\/expoproducer-la-plataforma-que-impulsa-el-talento-digital-en-colombia\/#breadcrumb\",\"itemListElement\":[{\"@type\":\"ListItem\",\"position\":1,\"name\":\"Portada\",\"item\":\"https:\/\/noti-america.com\/site\/venezuela\/\"},{\"@type\":\"ListItem\",\"position\":2,\"name\":\"ExpoProducer, la plataforma que impulsa el talento digital en Colombia\"}]},{\"@type\":\"WebSite\",\"@id\":\"https:\/\/noti-america.com\/site\/venezuela\/#website\",\"url\":\"https:\/\/noti-america.com\/site\/venezuela\/\",\"name\":\"Venezuela | Noti-America.com\",\"description\":\"\",\"publisher\":{\"@id\":\"https:\/\/noti-america.com\/site\/venezuela\/#organization\"},\"potentialAction\":[{\"@type\":\"SearchAction\",\"target\":{\"@type\":\"EntryPoint\",\"urlTemplate\":\"https:\/\/noti-america.com\/site\/venezuela\/?s={search_term_string}\"},\"query-input\":{\"@type\":\"PropertyValueSpecification\",\"valueRequired\":true,\"valueName\":\"search_term_string\"}}],\"inLanguage\":\"es\"},{\"@type\":\"Organization\",\"@id\":\"https:\/\/noti-america.com\/site\/venezuela\/#organization\",\"name\":\"Noti-America LLC | Venezuela\",\"url\":\"https:\/\/noti-america.com\/site\/venezuela\/\",\"logo\":{\"@type\":\"ImageObject\",\"inLanguage\":\"es\",\"@id\":\"https:\/\/noti-america.com\/site\/venezuela\/#\/schema\/logo\/image\/\",\"url\":\"https:\/\/noti-america.com\/site\/venezuela\/wp-content\/uploads\/sites\/2\/2020\/07\/LogoNA-4x3-1.jpg\",\"contentUrl\":\"https:\/\/noti-america.com\/site\/venezuela\/wp-content\/uploads\/sites\/2\/2020\/07\/LogoNA-4x3-1.jpg\",\"width\":1236,\"height\":1080,\"caption\":\"Noti-America LLC | Venezuela\"},\"image\":{\"@id\":\"https:\/\/noti-america.com\/site\/venezuela\/#\/schema\/logo\/image\/\"}},{\"@type\":\"Person\",\"@id\":\"https:\/\/noti-america.com\/site\/venezuela\/#\/schema\/person\/fd58dbfb92a257e9dc5761bf69a855ff\",\"name\":\"Rosmer Herrera\",\"image\":{\"@type\":\"ImageObject\",\"inLanguage\":\"es\",\"@id\":\"https:\/\/secure.gravatar.com\/avatar\/153e75c261394dbf20ff1a1e70ea2be9494f2b40b7fc4e7704084db13220ae08?s=96&d=mm&r=g\",\"url\":\"https:\/\/secure.gravatar.com\/avatar\/153e75c261394dbf20ff1a1e70ea2be9494f2b40b7fc4e7704084db13220ae08?s=96&d=mm&r=g\",\"contentUrl\":\"https:\/\/secure.gravatar.com\/avatar\/153e75c261394dbf20ff1a1e70ea2be9494f2b40b7fc4e7704084db13220ae08?s=96&d=mm&r=g\",\"caption\":\"Rosmer Herrera\"},\"url\":\"https:\/\/noti-america.com\/site\/venezuela\/author\/rosmer33\/\"}]}<\/script>\n<!-- \/ Yoast SEO Premium plugin. -->","yoast_head_json":{"title":"ExpoProducer, la plataforma que impulsa el talento digital en Colombia - Venezuela | Noti-America.com","robots":{"index":"index","follow":"follow","max-snippet":"max-snippet:-1","max-image-preview":"max-image-preview:large","max-video-preview":"max-video-preview:-1"},"canonical":"https:\/\/noti-america.com\/site\/venezuela\/2023\/12\/15\/expoproducer-la-plataforma-que-impulsa-el-talento-digital-en-colombia\/","og_locale":"es_ES","og_type":"article","og_title":"ExpoProducer, la plataforma que impulsa el talento digital en Colombia","og_description":"ExpoProducer, la plataforma dedicada al impulso de talentos emergentes en arte, dise\u00f1o, fotograf\u00eda, m\u00fasica y modelaje, fue condecorada en el Congreso de la Rep\u00fablica por Total Music por sus 10 a\u00f1os impulsando a la&#46;&#46;&#46;","og_url":"https:\/\/noti-america.com\/site\/venezuela\/2023\/12\/15\/expoproducer-la-plataforma-que-impulsa-el-talento-digital-en-colombia\/","og_site_name":"Venezuela | Noti-America.com","article_published_time":"2023-12-15T14:53:50+00:00","og_image":[{"width":2048,"height":1365,"url":"https:\/\/noti-america.com\/site\/venezuela\/wp-content\/uploads\/sites\/2\/2023\/12\/SAVE_20231215_090626-1.jpg","type":"image\/jpeg"}],"author":"Rosmer Herrera","twitter_card":"summary_large_image","twitter_misc":{"Escrito por":"Rosmer Herrera","Tiempo estimado de lectura":"2 minutos"},"schema":{"@context":"https:\/\/schema.org","@graph":[{"@type":"Article","@id":"https:\/\/noti-america.com\/site\/venezuela\/2023\/12\/15\/expoproducer-la-plataforma-que-impulsa-el-talento-digital-en-colombia\/#article","isPartOf":{"@id":"https:\/\/noti-america.com\/site\/venezuela\/2023\/12\/15\/expoproducer-la-plataforma-que-impulsa-el-talento-digital-en-colombia\/"},"author":{"name":"Rosmer Herrera","@id":"https:\/\/noti-america.com\/site\/venezuela\/#\/schema\/person\/fd58dbfb92a257e9dc5761bf69a855ff"},"headline":"ExpoProducer, la plataforma que impulsa el talento digital en Colombia","datePublished":"2023-12-15T14:53:50+00:00","mainEntityOfPage":{"@id":"https:\/\/noti-america.com\/site\/venezuela\/2023\/12\/15\/expoproducer-la-plataforma-que-impulsa-el-talento-digital-en-colombia\/"},"wordCount":329,"commentCount":0,"publisher":{"@id":"https:\/\/noti-america.com\/site\/venezuela\/#organization"},"image":{"@id":"https:\/\/noti-america.com\/site\/venezuela\/2023\/12\/15\/expoproducer-la-plataforma-que-impulsa-el-talento-digital-en-colombia\/#primaryimage"},"thumbnailUrl":"https:\/\/noti-america.com\/site\/venezuela\/wp-content\/uploads\/sites\/2\/2023\/12\/SAVE_20231215_090626-1.jpg","articleSection":["Actualidad"],"inLanguage":"es","potentialAction":[{"@type":"CommentAction","name":"Comment","target":["https:\/\/noti-america.com\/site\/venezuela\/2023\/12\/15\/expoproducer-la-plataforma-que-impulsa-el-talento-digital-en-colombia\/#respond"]}]},{"@type":"WebPage","@id":"https:\/\/noti-america.com\/site\/venezuela\/2023\/12\/15\/expoproducer-la-plataforma-que-impulsa-el-talento-digital-en-colombia\/","url":"https:\/\/noti-america.com\/site\/venezuela\/2023\/12\/15\/expoproducer-la-plataforma-que-impulsa-el-talento-digital-en-colombia\/","name":"ExpoProducer, la plataforma que impulsa el talento digital en Colombia - Venezuela | Noti-America.com","isPartOf":{"@id":"https:\/\/noti-america.com\/site\/venezuela\/#website"},"primaryImageOfPage":{"@id":"https:\/\/noti-america.com\/site\/venezuela\/2023\/12\/15\/expoproducer-la-plataforma-que-impulsa-el-talento-digital-en-colombia\/#primaryimage"},"image":{"@id":"https:\/\/noti-america.com\/site\/venezuela\/2023\/12\/15\/expoproducer-la-plataforma-que-impulsa-el-talento-digital-en-colombia\/#primaryimage"},"thumbnailUrl":"https:\/\/noti-america.com\/site\/venezuela\/wp-content\/uploads\/sites\/2\/2023\/12\/SAVE_20231215_090626-1.jpg","datePublished":"2023-12-15T14:53:50+00:00","breadcrumb":{"@id":"https:\/\/noti-america.com\/site\/venezuela\/2023\/12\/15\/expoproducer-la-plataforma-que-impulsa-el-talento-digital-en-colombia\/#breadcrumb"},"inLanguage":"es","potentialAction":[{"@type":"ReadAction","target":["https:\/\/noti-america.com\/site\/venezuela\/2023\/12\/15\/expoproducer-la-plataforma-que-impulsa-el-talento-digital-en-colombia\/"]}]},{"@type":"ImageObject","inLanguage":"es","@id":"https:\/\/noti-america.com\/site\/venezuela\/2023\/12\/15\/expoproducer-la-plataforma-que-impulsa-el-talento-digital-en-colombia\/#primaryimage","url":"https:\/\/noti-america.com\/site\/venezuela\/wp-content\/uploads\/sites\/2\/2023\/12\/SAVE_20231215_090626-1.jpg","contentUrl":"https:\/\/noti-america.com\/site\/venezuela\/wp-content\/uploads\/sites\/2\/2023\/12\/SAVE_20231215_090626-1.jpg","width":2048,"height":1365},{"@type":"BreadcrumbList","@id":"https:\/\/noti-america.com\/site\/venezuela\/2023\/12\/15\/expoproducer-la-plataforma-que-impulsa-el-talento-digital-en-colombia\/#breadcrumb","itemListElement":[{"@type":"ListItem","position":1,"name":"Portada","item":"https:\/\/noti-america.com\/site\/venezuela\/"},{"@type":"ListItem","position":2,"name":"ExpoProducer, la plataforma que impulsa el talento digital en Colombia"}]},{"@type":"WebSite","@id":"https:\/\/noti-america.com\/site\/venezuela\/#website","url":"https:\/\/noti-america.com\/site\/venezuela\/","name":"Venezuela | Noti-America.com","description":"","publisher":{"@id":"https:\/\/noti-america.com\/site\/venezuela\/#organization"},"potentialAction":[{"@type":"SearchAction","target":{"@type":"EntryPoint","urlTemplate":"https:\/\/noti-america.com\/site\/venezuela\/?s={search_term_string}"},"query-input":{"@type":"PropertyValueSpecification","valueRequired":true,"valueName":"search_term_string"}}],"inLanguage":"es"},{"@type":"Organization","@id":"https:\/\/noti-america.com\/site\/venezuela\/#organization","name":"Noti-America LLC | Venezuela","url":"https:\/\/noti-america.com\/site\/venezuela\/","logo":{"@type":"ImageObject","inLanguage":"es","@id":"https:\/\/noti-america.com\/site\/venezuela\/#\/schema\/logo\/image\/","url":"https:\/\/noti-america.com\/site\/venezuela\/wp-content\/uploads\/sites\/2\/2020\/07\/LogoNA-4x3-1.jpg","contentUrl":"https:\/\/noti-america.com\/site\/venezuela\/wp-content\/uploads\/sites\/2\/2020\/07\/LogoNA-4x3-1.jpg","width":1236,"height":1080,"caption":"Noti-America LLC | Venezuela"},"image":{"@id":"https:\/\/noti-america.com\/site\/venezuela\/#\/schema\/logo\/image\/"}},{"@type":"Person","@id":"https:\/\/noti-america.com\/site\/venezuela\/#\/schema\/person\/fd58dbfb92a257e9dc5761bf69a855ff","name":"Rosmer Herrera","image":{"@type":"ImageObject","inLanguage":"es","@id":"https:\/\/secure.gravatar.com\/avatar\/153e75c261394dbf20ff1a1e70ea2be9494f2b40b7fc4e7704084db13220ae08?s=96&d=mm&r=g","url":"https:\/\/secure.gravatar.com\/avatar\/153e75c261394dbf20ff1a1e70ea2be9494f2b40b7fc4e7704084db13220ae08?s=96&d=mm&r=g","contentUrl":"https:\/\/secure.gravatar.com\/avatar\/153e75c261394dbf20ff1a1e70ea2be9494f2b40b7fc4e7704084db13220ae08?s=96&d=mm&r=g","caption":"Rosmer Herrera"},"url":"https:\/\/noti-america.com\/site\/venezuela\/author\/rosmer33\/"}]}},"_links":{"self":[{"href":"https:\/\/noti-america.com\/site\/venezuela\/wp-json\/wp\/v2\/posts\/33590","targetHints":{"allow":["GET"]}}],"collection":[{"href":"https:\/\/noti-america.com\/site\/venezuela\/wp-json\/wp\/v2\/posts"}],"about":[{"href":"https:\/\/noti-america.com\/site\/venezuela\/wp-json\/wp\/v2\/types\/post"}],"author":[{"embeddable":true,"href":"https:\/\/noti-america.com\/site\/venezuela\/wp-json\/wp\/v2\/users\/1"}],"replies":[{"embeddable":true,"href":"https:\/\/noti-america.com\/site\/venezuela\/wp-json\/wp\/v2\/comments?post=33590"}],"version-history":[{"count":1,"href":"https:\/\/noti-america.com\/site\/venezuela\/wp-json\/wp\/v2\/posts\/33590\/revisions"}],"predecessor-version":[{"id":33592,"href":"https:\/\/noti-america.com\/site\/venezuela\/wp-json\/wp\/v2\/posts\/33590\/revisions\/33592"}],"wp:featuredmedia":[{"embeddable":true,"href":"https:\/\/noti-america.com\/site\/venezuela\/wp-json\/wp\/v2\/media\/33589"}],"wp:attachment":[{"href":"https:\/\/noti-america.com\/site\/venezuela\/wp-json\/wp\/v2\/media?parent=33590"}],"wp:term":[{"taxonomy":"category","embeddable":true,"href":"https:\/\/noti-america.com\/site\/venezuela\/wp-json\/wp\/v2\/categories?post=33590"},{"taxonomy":"post_tag","embeddable":true,"href":"https:\/\/noti-america.com\/site\/venezuela\/wp-json\/wp\/v2\/tags?post=33590"}],"curies":[{"name":"wp","href":"https:\/\/api.w.org\/{rel}","templated":true}]}}