{"id":33039,"date":"2023-11-30T00:39:18","date_gmt":"2023-11-30T00:39:18","guid":{"rendered":"https:\/\/noti-america.com\/site\/venezuela\/?p=33039"},"modified":"2023-11-30T00:39:18","modified_gmt":"2023-11-30T00:39:18","slug":"alcalde-jose-mosquera-activo-12-camiones-compactadores-de-basura-en-el-municipio-lagunillas","status":"publish","type":"post","link":"https:\/\/noti-america.com\/site\/venezuela\/2023\/11\/30\/alcalde-jose-mosquera-activo-12-camiones-compactadores-de-basura-en-el-municipio-lagunillas\/","title":{"rendered":"Alcalde Jos\u00e9 Mosquera activ\u00f3 12 camiones compactadores de basura en el municipio Lagunillas"},"content":{"rendered":"\r\n<p style=\"text-align: justify\"><img loading=\"lazy\" decoding=\"async\" class=\"size-medium wp-image-33074 aligncenter\" src=\"https:\/\/noti-america.com\/site\/venezuela\/wp-content\/uploads\/sites\/2\/2023\/11\/IMG-20231129-WA0137-300x201.jpg\" alt=\"\" width=\"300\" height=\"201\" srcset=\"https:\/\/noti-america.com\/site\/venezuela\/wp-content\/uploads\/sites\/2\/2023\/11\/IMG-20231129-WA0137-300x201.jpg 300w, https:\/\/noti-america.com\/site\/venezuela\/wp-content\/uploads\/sites\/2\/2023\/11\/IMG-20231129-WA0137-1024x685.jpg 1024w, https:\/\/noti-america.com\/site\/venezuela\/wp-content\/uploads\/sites\/2\/2023\/11\/IMG-20231129-WA0137-768x514.jpg 768w, https:\/\/noti-america.com\/site\/venezuela\/wp-content\/uploads\/sites\/2\/2023\/11\/IMG-20231129-WA0137-272x182.jpg 272w, https:\/\/noti-america.com\/site\/venezuela\/wp-content\/uploads\/sites\/2\/2023\/11\/IMG-20231129-WA0137.jpg 1280w\" sizes=\"auto, (max-width: 300px) 100vw, 300px\" \/><br \/><strong>En el marco del Plan de Gesti\u00f3n Integral de Recolecci\u00f3n de los Desechos S\u00f3lidos en el municipio Lagunillas, el alcalde Jos\u00e9 Mosquera Adarme, activ\u00f3 este mi\u00e9rcoles, 12 camiones compactadores de basura: de los cuales 8 pertenecen a la empresa privada, 2 a la Alcald\u00eda y 2 que se encuentran en comodato entre Pdvsa y la municipalidad.<\/strong><br \/><img loading=\"lazy\" decoding=\"async\" class=\"size-medium wp-image-33075 aligncenter\" src=\"https:\/\/noti-america.com\/site\/venezuela\/wp-content\/uploads\/sites\/2\/2023\/11\/IMG-20231129-WA0149-300x201.jpg\" alt=\"\" width=\"300\" height=\"201\" srcset=\"https:\/\/noti-america.com\/site\/venezuela\/wp-content\/uploads\/sites\/2\/2023\/11\/IMG-20231129-WA0149-300x201.jpg 300w, https:\/\/noti-america.com\/site\/venezuela\/wp-content\/uploads\/sites\/2\/2023\/11\/IMG-20231129-WA0149-1024x685.jpg 1024w, https:\/\/noti-america.com\/site\/venezuela\/wp-content\/uploads\/sites\/2\/2023\/11\/IMG-20231129-WA0149-768x514.jpg 768w, https:\/\/noti-america.com\/site\/venezuela\/wp-content\/uploads\/sites\/2\/2023\/11\/IMG-20231129-WA0149-272x182.jpg 272w, https:\/\/noti-america.com\/site\/venezuela\/wp-content\/uploads\/sites\/2\/2023\/11\/IMG-20231129-WA0149.jpg 1280w\" sizes=\"auto, (max-width: 300px) 100vw, 300px\" \/><br \/>El acto se realiz\u00f3 en la plaza Bol\u00edvar de Ciudad Ojeda, donde el burgomaestre, junto a la primera dama, concejales, legisladores y parte de su tren ejecutivo, dio detalles de la puesta en funcionamiento de las unidades, con las cuales se busca optimizar la prestaci\u00f3n del servicio de aseo urbano en la localidad y dar respuesta a las comunidades.<br \/><img loading=\"lazy\" decoding=\"async\" class=\"size-medium wp-image-33076 aligncenter\" src=\"https:\/\/noti-america.com\/site\/venezuela\/wp-content\/uploads\/sites\/2\/2023\/11\/IMG-20231129-WA0150-300x201.jpg\" alt=\"\" width=\"300\" height=\"201\" srcset=\"https:\/\/noti-america.com\/site\/venezuela\/wp-content\/uploads\/sites\/2\/2023\/11\/IMG-20231129-WA0150-300x201.jpg 300w, https:\/\/noti-america.com\/site\/venezuela\/wp-content\/uploads\/sites\/2\/2023\/11\/IMG-20231129-WA0150-1024x685.jpg 1024w, https:\/\/noti-america.com\/site\/venezuela\/wp-content\/uploads\/sites\/2\/2023\/11\/IMG-20231129-WA0150-768x514.jpg 768w, https:\/\/noti-america.com\/site\/venezuela\/wp-content\/uploads\/sites\/2\/2023\/11\/IMG-20231129-WA0150-272x182.jpg 272w, https:\/\/noti-america.com\/site\/venezuela\/wp-content\/uploads\/sites\/2\/2023\/11\/IMG-20231129-WA0150.jpg 1280w\" sizes=\"auto, (max-width: 300px) 100vw, 300px\" \/><br \/>En tal sentido, Mosquera se\u00f1al\u00f3 \u00abhoy es un d\u00eda festivo para nuestro municipio Lagunillas, desde hoy Ciudad Ojeda vuelve a ser limpia y bella. Gracias por la espera, no fue un proceso f\u00e1cil pero lo logramos. Gracias tambi\u00e9n a los concejales por todo ese trabajo para hacerlo posible.<br \/><img loading=\"lazy\" decoding=\"async\" class=\"size-medium wp-image-33077 aligncenter\" src=\"https:\/\/noti-america.com\/site\/venezuela\/wp-content\/uploads\/sites\/2\/2023\/11\/IMG-20231129-WA0143-300x169.jpg\" alt=\"\" width=\"300\" height=\"169\" srcset=\"https:\/\/noti-america.com\/site\/venezuela\/wp-content\/uploads\/sites\/2\/2023\/11\/IMG-20231129-WA0143-300x169.jpg 300w, https:\/\/noti-america.com\/site\/venezuela\/wp-content\/uploads\/sites\/2\/2023\/11\/IMG-20231129-WA0143-1024x576.jpg 1024w, https:\/\/noti-america.com\/site\/venezuela\/wp-content\/uploads\/sites\/2\/2023\/11\/IMG-20231129-WA0143-768x432.jpg 768w, https:\/\/noti-america.com\/site\/venezuela\/wp-content\/uploads\/sites\/2\/2023\/11\/IMG-20231129-WA0143-1536x864.jpg 1536w, https:\/\/noti-america.com\/site\/venezuela\/wp-content\/uploads\/sites\/2\/2023\/11\/IMG-20231129-WA0143-2048x1152.jpg 2048w\" sizes=\"auto, (max-width: 300px) 100vw, 300px\" \/><br \/><em>Desde el 2021 cuando asumimos el gobierno municipal nos encontramos una grave situaci\u00f3n en lo que respecta al servicio de aseo urbano, contando con s\u00f3lo dos camiones por parte de Sedemaul e increment\u00e1ndose los vertederos a cielo abierto. <\/em><br \/><br \/><em><img loading=\"lazy\" decoding=\"async\" class=\"size-medium wp-image-33078 aligncenter\" src=\"https:\/\/noti-america.com\/site\/venezuela\/wp-content\/uploads\/sites\/2\/2023\/11\/IMG-20231129-WA0141-300x225.jpg\" alt=\"\" width=\"300\" height=\"225\" srcset=\"https:\/\/noti-america.com\/site\/venezuela\/wp-content\/uploads\/sites\/2\/2023\/11\/IMG-20231129-WA0141-300x225.jpg 300w, https:\/\/noti-america.com\/site\/venezuela\/wp-content\/uploads\/sites\/2\/2023\/11\/IMG-20231129-WA0141-1024x768.jpg 1024w, https:\/\/noti-america.com\/site\/venezuela\/wp-content\/uploads\/sites\/2\/2023\/11\/IMG-20231129-WA0141-768x576.jpg 768w, https:\/\/noti-america.com\/site\/venezuela\/wp-content\/uploads\/sites\/2\/2023\/11\/IMG-20231129-WA0141-1536x1152.jpg 1536w, https:\/\/noti-america.com\/site\/venezuela\/wp-content\/uploads\/sites\/2\/2023\/11\/IMG-20231129-WA0141-2048x1536.jpg 2048w\" sizes=\"auto, (max-width: 300px) 100vw, 300px\" \/>Ante este panorama, en mayo de 2023 iniciamos el proceso de licitaci\u00f3n, d\u00e1ndose todos los pasos para otorgar la concesi\u00f3n por 8 a\u00f1os (con probabilidad de extenderse) a la empresa Inversiones y Servicios CT Compa\u00f1\u00eda An\u00f3nima, con m\u00e1s de 20 a\u00f1os de experiencia, la cual tendr\u00e1 su taller de operaciones en la avenida Intercomunal, al lado de la antigua Casa El\u00e9ctrica, y se encargar\u00e1 de la recolecci\u00f3n, desmalezamiento, limpieza de calles y avenidas, personal administrativo y operativo (algunos contratados de Sedemaul, que sigue operando a la par), mantenimiento correctivo y preventivo de las unidades, adem\u00e1s del suministro de combustible y la atenci\u00f3n a los usuarios a trav\u00e9s de su portal web aseolagunillas.com\u00bb. <\/em><br \/><br \/><img loading=\"lazy\" decoding=\"async\" class=\"size-medium wp-image-33079 aligncenter\" src=\"https:\/\/noti-america.com\/site\/venezuela\/wp-content\/uploads\/sites\/2\/2023\/11\/IMG-20231129-WA0152-300x201.jpg\" alt=\"\" width=\"300\" height=\"201\" srcset=\"https:\/\/noti-america.com\/site\/venezuela\/wp-content\/uploads\/sites\/2\/2023\/11\/IMG-20231129-WA0152-300x201.jpg 300w, https:\/\/noti-america.com\/site\/venezuela\/wp-content\/uploads\/sites\/2\/2023\/11\/IMG-20231129-WA0152-1024x685.jpg 1024w, https:\/\/noti-america.com\/site\/venezuela\/wp-content\/uploads\/sites\/2\/2023\/11\/IMG-20231129-WA0152-768x514.jpg 768w, https:\/\/noti-america.com\/site\/venezuela\/wp-content\/uploads\/sites\/2\/2023\/11\/IMG-20231129-WA0152-272x182.jpg 272w, https:\/\/noti-america.com\/site\/venezuela\/wp-content\/uploads\/sites\/2\/2023\/11\/IMG-20231129-WA0152.jpg 1280w\" sizes=\"auto, (max-width: 300px) 100vw, 300px\" \/>Con la incorporaci\u00f3n de estos 12 camiones, el burgomaestre explic\u00f3, se estar\u00e1n abordando todas las parroquias con recolecci\u00f3n de residuos y desechos domiciliarios, comercial e industrial, bajo un esquema de rutas diarias, una o dos veces por semana, permitiendo una recolecci\u00f3n de 184 toneladas diarias. La disposici\u00f3n transitoria y\/o final es competencia del poder ejecutivo regional, sin embargo se contempla el acondicionamiento del \u00e1rea de descarga del vertedero municipal, ubicado en la av. 61, entre la empresa y Sedemaul. <br \/><img loading=\"lazy\" decoding=\"async\" class=\"size-medium wp-image-33080 aligncenter\" src=\"https:\/\/noti-america.com\/site\/venezuela\/wp-content\/uploads\/sites\/2\/2023\/11\/IMG-20231129-WA0135-300x169.jpg\" alt=\"\" width=\"300\" height=\"169\" srcset=\"https:\/\/noti-america.com\/site\/venezuela\/wp-content\/uploads\/sites\/2\/2023\/11\/IMG-20231129-WA0135-300x169.jpg 300w, https:\/\/noti-america.com\/site\/venezuela\/wp-content\/uploads\/sites\/2\/2023\/11\/IMG-20231129-WA0135-1024x576.jpg 1024w, https:\/\/noti-america.com\/site\/venezuela\/wp-content\/uploads\/sites\/2\/2023\/11\/IMG-20231129-WA0135-768x432.jpg 768w, https:\/\/noti-america.com\/site\/venezuela\/wp-content\/uploads\/sites\/2\/2023\/11\/IMG-20231129-WA0135-1536x864.jpg 1536w, https:\/\/noti-america.com\/site\/venezuela\/wp-content\/uploads\/sites\/2\/2023\/11\/IMG-20231129-WA0135-2048x1152.jpg 2048w\" sizes=\"auto, (max-width: 300px) 100vw, 300px\" \/><br \/>Entre tanto, la tarifa residencial promedio es de 4 d\u00f3lares, lo cual variar\u00e1 dependiendo de las caracter\u00edsticas del inmueble. <br \/><br \/>\u00abEl llamado a la ciudadan\u00eda es a ponerse al d\u00eda con el pago del servicio para que funcione de forma eficaz y eficiente, en su oficina de recaudaci\u00f3n, ubicada en la avenida Bol\u00edvar, antiguo Banco Federal, as\u00ed como a tener conciencia de no arrojar basura a la calle, ni vertederos improvisados para poder avanzar en este Plan de Gesti\u00f3n Integral de Recolecci\u00f3n que demuestra que el cambio y la esperanza llegaron a Lagunillas\u00bb, puntualiz\u00f3. Mosquera.<br \/><img loading=\"lazy\" decoding=\"async\" class=\"size-medium wp-image-33081 aligncenter\" src=\"https:\/\/noti-america.com\/site\/venezuela\/wp-content\/uploads\/sites\/2\/2023\/11\/IMG-20231129-WA0151-300x201.jpg\" alt=\"\" width=\"300\" height=\"201\" srcset=\"https:\/\/noti-america.com\/site\/venezuela\/wp-content\/uploads\/sites\/2\/2023\/11\/IMG-20231129-WA0151-300x201.jpg 300w, https:\/\/noti-america.com\/site\/venezuela\/wp-content\/uploads\/sites\/2\/2023\/11\/IMG-20231129-WA0151-1024x685.jpg 1024w, https:\/\/noti-america.com\/site\/venezuela\/wp-content\/uploads\/sites\/2\/2023\/11\/IMG-20231129-WA0151-768x514.jpg 768w, https:\/\/noti-america.com\/site\/venezuela\/wp-content\/uploads\/sites\/2\/2023\/11\/IMG-20231129-WA0151-272x182.jpg 272w, https:\/\/noti-america.com\/site\/venezuela\/wp-content\/uploads\/sites\/2\/2023\/11\/IMG-20231129-WA0151.jpg 1280w\" sizes=\"auto, (max-width: 300px) 100vw, 300px\" \/><br \/>El padre Jos\u00e9 Juan Reinoso fue el encargado de bendecir las nuevas unidades y equipos, as\u00ed como al personal que de ahora en adelante se encargar\u00e1n de ofrecer un municipio Lagunillas limpio.<br \/><br \/>Fuente: Nota de Prensa<\/p>\r\n","protected":false},"excerpt":{"rendered":"<p>En el marco del Plan de Gesti\u00f3n Integral de Recolecci\u00f3n de los Desechos S\u00f3lidos en el municipio Lagunillas, el alcalde Jos\u00e9 Mosquera Adarme, activ\u00f3 este mi\u00e9rcoles, 12 camiones compactadores de basura: de los cuales&#46;&#46;&#46;<\/p>\n","protected":false},"author":40,"featured_media":33079,"comment_status":"open","ping_status":"open","sticky":false,"template":"","format":"standard","meta":{"_acf_changed":false,"om_disable_all_campaigns":false,"rop_custom_images_group":[],"rop_custom_messages_group":[],"rop_publish_now":"initial","rop_publish_now_accounts":{"twitter_242054905_242054905":""},"rop_publish_now_history":[],"rop_publish_now_status":"pending","_uf_show_specific_survey":0,"_uf_disable_surveys":false,"footnotes":""},"categories":[164,170,3,156],"tags":[221,222],"class_list":["post-33039","post","type-post","status-publish","format-standard","has-post-thumbnail","hentry","category-comunidades","category-medio-ambiente","category-politica","category-venezuela","tag-ciudad-ojeda","tag-zulia"],"acf":[],"aioseo_notices":[],"yoast_head":"<!-- This site is optimized with the Yoast SEO Premium plugin v24.9 (Yoast SEO v27.2) - https:\/\/yoast.com\/product\/yoast-seo-premium-wordpress\/ -->\n<title>Alcalde Jos\u00e9 Mosquera activ\u00f3 12 camiones compactadores de basura en el municipio Lagunillas - Venezuela | Noti-America.com<\/title>\n<meta name=\"robots\" content=\"index, follow, max-snippet:-1, max-image-preview:large, max-video-preview:-1\" \/>\n<link rel=\"canonical\" href=\"https:\/\/noti-america.com\/site\/venezuela\/2023\/11\/30\/alcalde-jose-mosquera-activo-12-camiones-compactadores-de-basura-en-el-municipio-lagunillas\/\" \/>\n<meta property=\"og:locale\" content=\"es_ES\" \/>\n<meta property=\"og:type\" content=\"article\" \/>\n<meta property=\"og:title\" content=\"Alcalde Jos\u00e9 Mosquera activ\u00f3 12 camiones compactadores de basura en el municipio Lagunillas\" \/>\n<meta property=\"og:description\" content=\"En el marco del Plan de Gesti\u00f3n Integral de Recolecci\u00f3n de los Desechos S\u00f3lidos en el municipio Lagunillas, el alcalde Jos\u00e9 Mosquera Adarme, activ\u00f3 este mi\u00e9rcoles, 12 camiones compactadores de basura: de los cuales&#046;&#046;&#046;\" \/>\n<meta property=\"og:url\" content=\"https:\/\/noti-america.com\/site\/venezuela\/2023\/11\/30\/alcalde-jose-mosquera-activo-12-camiones-compactadores-de-basura-en-el-municipio-lagunillas\/\" \/>\n<meta property=\"og:site_name\" content=\"Venezuela | Noti-America.com\" \/>\n<meta property=\"article:published_time\" content=\"2023-11-30T00:39:18+00:00\" \/>\n<meta property=\"og:image\" content=\"https:\/\/noti-america.com\/site\/venezuela\/wp-content\/uploads\/sites\/2\/2023\/11\/IMG-20231129-WA0152.jpg\" \/>\n\t<meta property=\"og:image:width\" content=\"1280\" \/>\n\t<meta property=\"og:image:height\" content=\"856\" \/>\n\t<meta property=\"og:image:type\" content=\"image\/jpeg\" \/>\n<meta name=\"author\" content=\"Hendrick Garcia\" \/>\n<meta name=\"twitter:card\" content=\"summary_large_image\" \/>\n<meta name=\"twitter:label1\" content=\"Escrito por\" \/>\n\t<meta name=\"twitter:data1\" content=\"Hendrick Garcia\" \/>\n\t<meta name=\"twitter:label2\" content=\"Tiempo estimado de lectura\" \/>\n\t<meta name=\"twitter:data2\" content=\"4 minutos\" \/>\n<script type=\"application\/ld+json\" class=\"yoast-schema-graph\">{\"@context\":\"https:\/\/schema.org\",\"@graph\":[{\"@type\":\"Article\",\"@id\":\"https:\/\/noti-america.com\/site\/venezuela\/2023\/11\/30\/alcalde-jose-mosquera-activo-12-camiones-compactadores-de-basura-en-el-municipio-lagunillas\/#article\",\"isPartOf\":{\"@id\":\"https:\/\/noti-america.com\/site\/venezuela\/2023\/11\/30\/alcalde-jose-mosquera-activo-12-camiones-compactadores-de-basura-en-el-municipio-lagunillas\/\"},\"author\":{\"name\":\"Hendrick Garcia\",\"@id\":\"https:\/\/noti-america.com\/site\/venezuela\/#\/schema\/person\/2f37ed06a1cd058e8d611b3d42cce678\"},\"headline\":\"Alcalde Jos\u00e9 Mosquera activ\u00f3 12 camiones compactadores de basura en el municipio Lagunillas\",\"datePublished\":\"2023-11-30T00:39:18+00:00\",\"mainEntityOfPage\":{\"@id\":\"https:\/\/noti-america.com\/site\/venezuela\/2023\/11\/30\/alcalde-jose-mosquera-activo-12-camiones-compactadores-de-basura-en-el-municipio-lagunillas\/\"},\"wordCount\":565,\"commentCount\":0,\"publisher\":{\"@id\":\"https:\/\/noti-america.com\/site\/venezuela\/#organization\"},\"image\":{\"@id\":\"https:\/\/noti-america.com\/site\/venezuela\/2023\/11\/30\/alcalde-jose-mosquera-activo-12-camiones-compactadores-de-basura-en-el-municipio-lagunillas\/#primaryimage\"},\"thumbnailUrl\":\"https:\/\/noti-america.com\/site\/venezuela\/wp-content\/uploads\/sites\/2\/2023\/11\/IMG-20231129-WA0152.jpg\",\"keywords\":[\"ciudad ojeda\",\"zulia\"],\"articleSection\":[\"Comunidades\",\"Medio ambiente\",\"Pol\u00edtica\",\"Venezuela\"],\"inLanguage\":\"es\",\"potentialAction\":[{\"@type\":\"CommentAction\",\"name\":\"Comment\",\"target\":[\"https:\/\/noti-america.com\/site\/venezuela\/2023\/11\/30\/alcalde-jose-mosquera-activo-12-camiones-compactadores-de-basura-en-el-municipio-lagunillas\/#respond\"]}]},{\"@type\":\"WebPage\",\"@id\":\"https:\/\/noti-america.com\/site\/venezuela\/2023\/11\/30\/alcalde-jose-mosquera-activo-12-camiones-compactadores-de-basura-en-el-municipio-lagunillas\/\",\"url\":\"https:\/\/noti-america.com\/site\/venezuela\/2023\/11\/30\/alcalde-jose-mosquera-activo-12-camiones-compactadores-de-basura-en-el-municipio-lagunillas\/\",\"name\":\"Alcalde Jos\u00e9 Mosquera activ\u00f3 12 camiones compactadores de basura en el municipio Lagunillas - Venezuela | Noti-America.com\",\"isPartOf\":{\"@id\":\"https:\/\/noti-america.com\/site\/venezuela\/#website\"},\"primaryImageOfPage\":{\"@id\":\"https:\/\/noti-america.com\/site\/venezuela\/2023\/11\/30\/alcalde-jose-mosquera-activo-12-camiones-compactadores-de-basura-en-el-municipio-lagunillas\/#primaryimage\"},\"image\":{\"@id\":\"https:\/\/noti-america.com\/site\/venezuela\/2023\/11\/30\/alcalde-jose-mosquera-activo-12-camiones-compactadores-de-basura-en-el-municipio-lagunillas\/#primaryimage\"},\"thumbnailUrl\":\"https:\/\/noti-america.com\/site\/venezuela\/wp-content\/uploads\/sites\/2\/2023\/11\/IMG-20231129-WA0152.jpg\",\"datePublished\":\"2023-11-30T00:39:18+00:00\",\"breadcrumb\":{\"@id\":\"https:\/\/noti-america.com\/site\/venezuela\/2023\/11\/30\/alcalde-jose-mosquera-activo-12-camiones-compactadores-de-basura-en-el-municipio-lagunillas\/#breadcrumb\"},\"inLanguage\":\"es\",\"potentialAction\":[{\"@type\":\"ReadAction\",\"target\":[\"https:\/\/noti-america.com\/site\/venezuela\/2023\/11\/30\/alcalde-jose-mosquera-activo-12-camiones-compactadores-de-basura-en-el-municipio-lagunillas\/\"]}]},{\"@type\":\"ImageObject\",\"inLanguage\":\"es\",\"@id\":\"https:\/\/noti-america.com\/site\/venezuela\/2023\/11\/30\/alcalde-jose-mosquera-activo-12-camiones-compactadores-de-basura-en-el-municipio-lagunillas\/#primaryimage\",\"url\":\"https:\/\/noti-america.com\/site\/venezuela\/wp-content\/uploads\/sites\/2\/2023\/11\/IMG-20231129-WA0152.jpg\",\"contentUrl\":\"https:\/\/noti-america.com\/site\/venezuela\/wp-content\/uploads\/sites\/2\/2023\/11\/IMG-20231129-WA0152.jpg\",\"width\":1280,\"height\":856},{\"@type\":\"BreadcrumbList\",\"@id\":\"https:\/\/noti-america.com\/site\/venezuela\/2023\/11\/30\/alcalde-jose-mosquera-activo-12-camiones-compactadores-de-basura-en-el-municipio-lagunillas\/#breadcrumb\",\"itemListElement\":[{\"@type\":\"ListItem\",\"position\":1,\"name\":\"Portada\",\"item\":\"https:\/\/noti-america.com\/site\/venezuela\/\"},{\"@type\":\"ListItem\",\"position\":2,\"name\":\"Alcalde Jos\u00e9 Mosquera activ\u00f3 12 camiones compactadores de basura en el municipio Lagunillas\"}]},{\"@type\":\"WebSite\",\"@id\":\"https:\/\/noti-america.com\/site\/venezuela\/#website\",\"url\":\"https:\/\/noti-america.com\/site\/venezuela\/\",\"name\":\"Venezuela | Noti-America.com\",\"description\":\"\",\"publisher\":{\"@id\":\"https:\/\/noti-america.com\/site\/venezuela\/#organization\"},\"potentialAction\":[{\"@type\":\"SearchAction\",\"target\":{\"@type\":\"EntryPoint\",\"urlTemplate\":\"https:\/\/noti-america.com\/site\/venezuela\/?s={search_term_string}\"},\"query-input\":{\"@type\":\"PropertyValueSpecification\",\"valueRequired\":true,\"valueName\":\"search_term_string\"}}],\"inLanguage\":\"es\"},{\"@type\":\"Organization\",\"@id\":\"https:\/\/noti-america.com\/site\/venezuela\/#organization\",\"name\":\"Noti-America LLC | Venezuela\",\"url\":\"https:\/\/noti-america.com\/site\/venezuela\/\",\"logo\":{\"@type\":\"ImageObject\",\"inLanguage\":\"es\",\"@id\":\"https:\/\/noti-america.com\/site\/venezuela\/#\/schema\/logo\/image\/\",\"url\":\"https:\/\/noti-america.com\/site\/venezuela\/wp-content\/uploads\/sites\/2\/2020\/07\/LogoNA-4x3-1.jpg\",\"contentUrl\":\"https:\/\/noti-america.com\/site\/venezuela\/wp-content\/uploads\/sites\/2\/2020\/07\/LogoNA-4x3-1.jpg\",\"width\":1236,\"height\":1080,\"caption\":\"Noti-America LLC | Venezuela\"},\"image\":{\"@id\":\"https:\/\/noti-america.com\/site\/venezuela\/#\/schema\/logo\/image\/\"}},{\"@type\":\"Person\",\"@id\":\"https:\/\/noti-america.com\/site\/venezuela\/#\/schema\/person\/2f37ed06a1cd058e8d611b3d42cce678\",\"name\":\"Hendrick Garcia\",\"image\":{\"@type\":\"ImageObject\",\"inLanguage\":\"es\",\"@id\":\"https:\/\/secure.gravatar.com\/avatar\/07f13ce868ede7f0937b7abbada276f430e4ed25cfff75dbe7f98f95ac02358c?s=96&d=mm&r=g\",\"url\":\"https:\/\/secure.gravatar.com\/avatar\/07f13ce868ede7f0937b7abbada276f430e4ed25cfff75dbe7f98f95ac02358c?s=96&d=mm&r=g\",\"contentUrl\":\"https:\/\/secure.gravatar.com\/avatar\/07f13ce868ede7f0937b7abbada276f430e4ed25cfff75dbe7f98f95ac02358c?s=96&d=mm&r=g\",\"caption\":\"Hendrick Garcia\"},\"url\":\"https:\/\/noti-america.com\/site\/venezuela\/author\/hegarcia\/\"}]}<\/script>\n<!-- \/ Yoast SEO Premium plugin. -->","yoast_head_json":{"title":"Alcalde Jos\u00e9 Mosquera activ\u00f3 12 camiones compactadores de basura en el municipio Lagunillas - Venezuela | Noti-America.com","robots":{"index":"index","follow":"follow","max-snippet":"max-snippet:-1","max-image-preview":"max-image-preview:large","max-video-preview":"max-video-preview:-1"},"canonical":"https:\/\/noti-america.com\/site\/venezuela\/2023\/11\/30\/alcalde-jose-mosquera-activo-12-camiones-compactadores-de-basura-en-el-municipio-lagunillas\/","og_locale":"es_ES","og_type":"article","og_title":"Alcalde Jos\u00e9 Mosquera activ\u00f3 12 camiones compactadores de basura en el municipio Lagunillas","og_description":"En el marco del Plan de Gesti\u00f3n Integral de Recolecci\u00f3n de los Desechos S\u00f3lidos en el municipio Lagunillas, el alcalde Jos\u00e9 Mosquera Adarme, activ\u00f3 este mi\u00e9rcoles, 12 camiones compactadores de basura: de los cuales&#46;&#46;&#46;","og_url":"https:\/\/noti-america.com\/site\/venezuela\/2023\/11\/30\/alcalde-jose-mosquera-activo-12-camiones-compactadores-de-basura-en-el-municipio-lagunillas\/","og_site_name":"Venezuela | Noti-America.com","article_published_time":"2023-11-30T00:39:18+00:00","og_image":[{"width":1280,"height":856,"url":"https:\/\/noti-america.com\/site\/venezuela\/wp-content\/uploads\/sites\/2\/2023\/11\/IMG-20231129-WA0152.jpg","type":"image\/jpeg"}],"author":"Hendrick Garcia","twitter_card":"summary_large_image","twitter_misc":{"Escrito por":"Hendrick Garcia","Tiempo estimado de lectura":"4 minutos"},"schema":{"@context":"https:\/\/schema.org","@graph":[{"@type":"Article","@id":"https:\/\/noti-america.com\/site\/venezuela\/2023\/11\/30\/alcalde-jose-mosquera-activo-12-camiones-compactadores-de-basura-en-el-municipio-lagunillas\/#article","isPartOf":{"@id":"https:\/\/noti-america.com\/site\/venezuela\/2023\/11\/30\/alcalde-jose-mosquera-activo-12-camiones-compactadores-de-basura-en-el-municipio-lagunillas\/"},"author":{"name":"Hendrick Garcia","@id":"https:\/\/noti-america.com\/site\/venezuela\/#\/schema\/person\/2f37ed06a1cd058e8d611b3d42cce678"},"headline":"Alcalde Jos\u00e9 Mosquera activ\u00f3 12 camiones compactadores de basura en el municipio Lagunillas","datePublished":"2023-11-30T00:39:18+00:00","mainEntityOfPage":{"@id":"https:\/\/noti-america.com\/site\/venezuela\/2023\/11\/30\/alcalde-jose-mosquera-activo-12-camiones-compactadores-de-basura-en-el-municipio-lagunillas\/"},"wordCount":565,"commentCount":0,"publisher":{"@id":"https:\/\/noti-america.com\/site\/venezuela\/#organization"},"image":{"@id":"https:\/\/noti-america.com\/site\/venezuela\/2023\/11\/30\/alcalde-jose-mosquera-activo-12-camiones-compactadores-de-basura-en-el-municipio-lagunillas\/#primaryimage"},"thumbnailUrl":"https:\/\/noti-america.com\/site\/venezuela\/wp-content\/uploads\/sites\/2\/2023\/11\/IMG-20231129-WA0152.jpg","keywords":["ciudad ojeda","zulia"],"articleSection":["Comunidades","Medio ambiente","Pol\u00edtica","Venezuela"],"inLanguage":"es","potentialAction":[{"@type":"CommentAction","name":"Comment","target":["https:\/\/noti-america.com\/site\/venezuela\/2023\/11\/30\/alcalde-jose-mosquera-activo-12-camiones-compactadores-de-basura-en-el-municipio-lagunillas\/#respond"]}]},{"@type":"WebPage","@id":"https:\/\/noti-america.com\/site\/venezuela\/2023\/11\/30\/alcalde-jose-mosquera-activo-12-camiones-compactadores-de-basura-en-el-municipio-lagunillas\/","url":"https:\/\/noti-america.com\/site\/venezuela\/2023\/11\/30\/alcalde-jose-mosquera-activo-12-camiones-compactadores-de-basura-en-el-municipio-lagunillas\/","name":"Alcalde Jos\u00e9 Mosquera activ\u00f3 12 camiones compactadores de basura en el municipio Lagunillas - Venezuela | Noti-America.com","isPartOf":{"@id":"https:\/\/noti-america.com\/site\/venezuela\/#website"},"primaryImageOfPage":{"@id":"https:\/\/noti-america.com\/site\/venezuela\/2023\/11\/30\/alcalde-jose-mosquera-activo-12-camiones-compactadores-de-basura-en-el-municipio-lagunillas\/#primaryimage"},"image":{"@id":"https:\/\/noti-america.com\/site\/venezuela\/2023\/11\/30\/alcalde-jose-mosquera-activo-12-camiones-compactadores-de-basura-en-el-municipio-lagunillas\/#primaryimage"},"thumbnailUrl":"https:\/\/noti-america.com\/site\/venezuela\/wp-content\/uploads\/sites\/2\/2023\/11\/IMG-20231129-WA0152.jpg","datePublished":"2023-11-30T00:39:18+00:00","breadcrumb":{"@id":"https:\/\/noti-america.com\/site\/venezuela\/2023\/11\/30\/alcalde-jose-mosquera-activo-12-camiones-compactadores-de-basura-en-el-municipio-lagunillas\/#breadcrumb"},"inLanguage":"es","potentialAction":[{"@type":"ReadAction","target":["https:\/\/noti-america.com\/site\/venezuela\/2023\/11\/30\/alcalde-jose-mosquera-activo-12-camiones-compactadores-de-basura-en-el-municipio-lagunillas\/"]}]},{"@type":"ImageObject","inLanguage":"es","@id":"https:\/\/noti-america.com\/site\/venezuela\/2023\/11\/30\/alcalde-jose-mosquera-activo-12-camiones-compactadores-de-basura-en-el-municipio-lagunillas\/#primaryimage","url":"https:\/\/noti-america.com\/site\/venezuela\/wp-content\/uploads\/sites\/2\/2023\/11\/IMG-20231129-WA0152.jpg","contentUrl":"https:\/\/noti-america.com\/site\/venezuela\/wp-content\/uploads\/sites\/2\/2023\/11\/IMG-20231129-WA0152.jpg","width":1280,"height":856},{"@type":"BreadcrumbList","@id":"https:\/\/noti-america.com\/site\/venezuela\/2023\/11\/30\/alcalde-jose-mosquera-activo-12-camiones-compactadores-de-basura-en-el-municipio-lagunillas\/#breadcrumb","itemListElement":[{"@type":"ListItem","position":1,"name":"Portada","item":"https:\/\/noti-america.com\/site\/venezuela\/"},{"@type":"ListItem","position":2,"name":"Alcalde Jos\u00e9 Mosquera activ\u00f3 12 camiones compactadores de basura en el municipio Lagunillas"}]},{"@type":"WebSite","@id":"https:\/\/noti-america.com\/site\/venezuela\/#website","url":"https:\/\/noti-america.com\/site\/venezuela\/","name":"Venezuela | Noti-America.com","description":"","publisher":{"@id":"https:\/\/noti-america.com\/site\/venezuela\/#organization"},"potentialAction":[{"@type":"SearchAction","target":{"@type":"EntryPoint","urlTemplate":"https:\/\/noti-america.com\/site\/venezuela\/?s={search_term_string}"},"query-input":{"@type":"PropertyValueSpecification","valueRequired":true,"valueName":"search_term_string"}}],"inLanguage":"es"},{"@type":"Organization","@id":"https:\/\/noti-america.com\/site\/venezuela\/#organization","name":"Noti-America LLC | Venezuela","url":"https:\/\/noti-america.com\/site\/venezuela\/","logo":{"@type":"ImageObject","inLanguage":"es","@id":"https:\/\/noti-america.com\/site\/venezuela\/#\/schema\/logo\/image\/","url":"https:\/\/noti-america.com\/site\/venezuela\/wp-content\/uploads\/sites\/2\/2020\/07\/LogoNA-4x3-1.jpg","contentUrl":"https:\/\/noti-america.com\/site\/venezuela\/wp-content\/uploads\/sites\/2\/2020\/07\/LogoNA-4x3-1.jpg","width":1236,"height":1080,"caption":"Noti-America LLC | Venezuela"},"image":{"@id":"https:\/\/noti-america.com\/site\/venezuela\/#\/schema\/logo\/image\/"}},{"@type":"Person","@id":"https:\/\/noti-america.com\/site\/venezuela\/#\/schema\/person\/2f37ed06a1cd058e8d611b3d42cce678","name":"Hendrick Garcia","image":{"@type":"ImageObject","inLanguage":"es","@id":"https:\/\/secure.gravatar.com\/avatar\/07f13ce868ede7f0937b7abbada276f430e4ed25cfff75dbe7f98f95ac02358c?s=96&d=mm&r=g","url":"https:\/\/secure.gravatar.com\/avatar\/07f13ce868ede7f0937b7abbada276f430e4ed25cfff75dbe7f98f95ac02358c?s=96&d=mm&r=g","contentUrl":"https:\/\/secure.gravatar.com\/avatar\/07f13ce868ede7f0937b7abbada276f430e4ed25cfff75dbe7f98f95ac02358c?s=96&d=mm&r=g","caption":"Hendrick Garcia"},"url":"https:\/\/noti-america.com\/site\/venezuela\/author\/hegarcia\/"}]}},"_links":{"self":[{"href":"https:\/\/noti-america.com\/site\/venezuela\/wp-json\/wp\/v2\/posts\/33039","targetHints":{"allow":["GET"]}}],"collection":[{"href":"https:\/\/noti-america.com\/site\/venezuela\/wp-json\/wp\/v2\/posts"}],"about":[{"href":"https:\/\/noti-america.com\/site\/venezuela\/wp-json\/wp\/v2\/types\/post"}],"author":[{"embeddable":true,"href":"https:\/\/noti-america.com\/site\/venezuela\/wp-json\/wp\/v2\/users\/40"}],"replies":[{"embeddable":true,"href":"https:\/\/noti-america.com\/site\/venezuela\/wp-json\/wp\/v2\/comments?post=33039"}],"version-history":[{"count":2,"href":"https:\/\/noti-america.com\/site\/venezuela\/wp-json\/wp\/v2\/posts\/33039\/revisions"}],"predecessor-version":[{"id":33082,"href":"https:\/\/noti-america.com\/site\/venezuela\/wp-json\/wp\/v2\/posts\/33039\/revisions\/33082"}],"wp:featuredmedia":[{"embeddable":true,"href":"https:\/\/noti-america.com\/site\/venezuela\/wp-json\/wp\/v2\/media\/33079"}],"wp:attachment":[{"href":"https:\/\/noti-america.com\/site\/venezuela\/wp-json\/wp\/v2\/media?parent=33039"}],"wp:term":[{"taxonomy":"category","embeddable":true,"href":"https:\/\/noti-america.com\/site\/venezuela\/wp-json\/wp\/v2\/categories?post=33039"},{"taxonomy":"post_tag","embeddable":true,"href":"https:\/\/noti-america.com\/site\/venezuela\/wp-json\/wp\/v2\/tags?post=33039"}],"curies":[{"name":"wp","href":"https:\/\/api.w.org\/{rel}","templated":true}]}}