{"id":3303,"date":"2018-09-25T05:37:20","date_gmt":"2018-09-25T05:37:20","guid":{"rendered":"http:\/\/noti-america.com\/site\/venezuela\/?p=3303"},"modified":"2018-09-25T05:37:20","modified_gmt":"2018-09-25T05:37:20","slug":"en-gaceta-los-nuevos-precios-acordados-de-la-carne","status":"publish","type":"post","link":"https:\/\/noti-america.com\/site\/venezuela\/2018\/09\/25\/en-gaceta-los-nuevos-precios-acordados-de-la-carne\/","title":{"rendered":"En Gaceta los nuevos precios acordados de la carne"},"content":{"rendered":"<p><img loading=\"lazy\" decoding=\"async\" class=\"size-full wp-image-3304 aligncenter\" src=\"http:\/\/noti-america.com\/site\/venezuela\/wp-content\/uploads\/sites\/2\/2018\/09\/lacalle.com_.ve-debaten-estructura-de-costos-de-carne-de-bovino-y-porcino-cafe-molido-y-leguminosas-carniceria-2.jpg\" alt=\"\" width=\"600\" height=\"398\" srcset=\"https:\/\/noti-america.com\/site\/venezuela\/wp-content\/uploads\/sites\/2\/2018\/09\/lacalle.com_.ve-debaten-estructura-de-costos-de-carne-de-bovino-y-porcino-cafe-molido-y-leguminosas-carniceria-2.jpg 600w, https:\/\/noti-america.com\/site\/venezuela\/wp-content\/uploads\/sites\/2\/2018\/09\/lacalle.com_.ve-debaten-estructura-de-costos-de-carne-de-bovino-y-porcino-cafe-molido-y-leguminosas-carniceria-2-300x199.jpg 300w\" sizes=\"auto, (max-width: 600px) 100vw, 600px\" \/><\/p>\n<p>La\u00a0<strong>Superintendencia Nacional para la Defensa de los Derechos Socioecon\u00f3micos (Sundde)<\/strong>\u00a0public\u00f3 el decreto presidencial N\u00b0 2.186 de la Gaceta Oficial Extraordinaria N\u00b0 6.397, que incluye los\u00a0<strong>nuevos precios acordados de los cortes de la carne<\/strong>\u00a0bovina.<\/p>\n<p>El ministro para la Agricultura y Tierras,\u00a0<strong>Wilmar Castro Soteldo<\/strong>, public\u00f3 en su cuenta en la red social\u00a0<em>Twitter<\/em>\u00a0la lista de precios correspondientes a los diferentes cortes.<\/p>\n<p>&nbsp;<\/p>\n<p><img decoding=\"async\" class=\"aligncenter\" src=\"http:\/\/lacalle.com.ve\/wp-content\/uploads\/2018\/09\/44896297391_e48247c832_z.jpg\" \/><\/p>\n","protected":false},"excerpt":{"rendered":"<p>La\u00a0Superintendencia Nacional para la Defensa de los Derechos Socioecon\u00f3micos (Sundde)\u00a0public\u00f3 el decreto presidencial N\u00b0 2.186 de la Gaceta Oficial Extraordinaria N\u00b0 6.397, que incluye los\u00a0nuevos precios acordados de los cortes de la carne\u00a0bovina. El&#46;&#46;&#46;<\/p>\n","protected":false},"author":4,"featured_media":3304,"comment_status":"open","ping_status":"open","sticky":false,"template":"","format":"standard","meta":{"_acf_changed":false,"om_disable_all_campaigns":false,"rop_custom_images_group":[],"rop_custom_messages_group":[],"rop_publish_now":"initial","rop_publish_now_accounts":{"twitter_242054905_242054905":""},"rop_publish_now_history":[],"rop_publish_now_status":"pending","_uf_show_specific_survey":0,"_uf_disable_surveys":false,"footnotes":""},"categories":[1],"tags":[],"class_list":["post-3303","post","type-post","status-publish","format-standard","has-post-thumbnail","hentry","category-uncategorized"],"acf":[],"aioseo_notices":[],"yoast_head":"<!-- This site is optimized with the Yoast SEO Premium plugin v24.9 (Yoast SEO v27.2) - https:\/\/yoast.com\/product\/yoast-seo-premium-wordpress\/ -->\n<title>En Gaceta los nuevos precios acordados de la carne - Venezuela | Noti-America.com<\/title>\n<meta name=\"robots\" content=\"index, follow, max-snippet:-1, max-image-preview:large, max-video-preview:-1\" \/>\n<link rel=\"canonical\" href=\"https:\/\/noti-america.com\/site\/venezuela\/2018\/09\/25\/en-gaceta-los-nuevos-precios-acordados-de-la-carne\/\" \/>\n<meta property=\"og:locale\" content=\"es_ES\" \/>\n<meta property=\"og:type\" content=\"article\" \/>\n<meta property=\"og:title\" content=\"En Gaceta los nuevos precios acordados de la carne\" \/>\n<meta property=\"og:description\" content=\"La\u00a0Superintendencia Nacional para la Defensa de los Derechos Socioecon\u00f3micos (Sundde)\u00a0public\u00f3 el decreto presidencial N\u00b0 2.186 de la Gaceta Oficial Extraordinaria N\u00b0 6.397, que incluye los\u00a0nuevos precios acordados de los cortes de la carne\u00a0bovina. El&#046;&#046;&#046;\" \/>\n<meta property=\"og:url\" content=\"https:\/\/noti-america.com\/site\/venezuela\/2018\/09\/25\/en-gaceta-los-nuevos-precios-acordados-de-la-carne\/\" \/>\n<meta property=\"og:site_name\" content=\"Venezuela | Noti-America.com\" \/>\n<meta property=\"article:author\" content=\"https:\/\/www.facebook.com\/AndresSalazarTV\/\" \/>\n<meta property=\"article:published_time\" content=\"2018-09-25T05:37:20+00:00\" \/>\n<meta property=\"og:image\" content=\"https:\/\/noti-america.com\/site\/venezuela\/wp-content\/uploads\/sites\/2\/2018\/09\/lacalle.com_.ve-debaten-estructura-de-costos-de-carne-de-bovino-y-porcino-cafe-molido-y-leguminosas-carniceria-2.jpg\" \/>\n\t<meta property=\"og:image:width\" content=\"600\" \/>\n\t<meta property=\"og:image:height\" content=\"398\" \/>\n\t<meta property=\"og:image:type\" content=\"image\/jpeg\" \/>\n<meta name=\"author\" content=\"Andr\u00e9s Salazar TV\" \/>\n<meta name=\"twitter:card\" content=\"summary_large_image\" \/>\n<meta name=\"twitter:label1\" content=\"Escrito por\" \/>\n\t<meta name=\"twitter:data1\" content=\"Andr\u00e9s Salazar TV\" \/>\n<script type=\"application\/ld+json\" class=\"yoast-schema-graph\">{\"@context\":\"https:\/\/schema.org\",\"@graph\":[{\"@type\":\"Article\",\"@id\":\"https:\/\/noti-america.com\/site\/venezuela\/2018\/09\/25\/en-gaceta-los-nuevos-precios-acordados-de-la-carne\/#article\",\"isPartOf\":{\"@id\":\"https:\/\/noti-america.com\/site\/venezuela\/2018\/09\/25\/en-gaceta-los-nuevos-precios-acordados-de-la-carne\/\"},\"author\":{\"name\":\"Andr\u00e9s Salazar TV\",\"@id\":\"https:\/\/noti-america.com\/site\/venezuela\/#\/schema\/person\/5536bbfd0e2b9220dabb68be6a79e6a2\"},\"headline\":\"En Gaceta los nuevos precios acordados de la carne\",\"datePublished\":\"2018-09-25T05:37:20+00:00\",\"mainEntityOfPage\":{\"@id\":\"https:\/\/noti-america.com\/site\/venezuela\/2018\/09\/25\/en-gaceta-los-nuevos-precios-acordados-de-la-carne\/\"},\"wordCount\":74,\"commentCount\":0,\"publisher\":{\"@id\":\"https:\/\/noti-america.com\/site\/venezuela\/#organization\"},\"image\":{\"@id\":\"https:\/\/noti-america.com\/site\/venezuela\/2018\/09\/25\/en-gaceta-los-nuevos-precios-acordados-de-la-carne\/#primaryimage\"},\"thumbnailUrl\":\"https:\/\/noti-america.com\/site\/venezuela\/wp-content\/uploads\/sites\/2\/2018\/09\/lacalle.com_.ve-debaten-estructura-de-costos-de-carne-de-bovino-y-porcino-cafe-molido-y-leguminosas-carniceria-2.jpg\",\"articleSection\":[\"Uncategorized\"],\"inLanguage\":\"es\",\"potentialAction\":[{\"@type\":\"CommentAction\",\"name\":\"Comment\",\"target\":[\"https:\/\/noti-america.com\/site\/venezuela\/2018\/09\/25\/en-gaceta-los-nuevos-precios-acordados-de-la-carne\/#respond\"]}]},{\"@type\":\"WebPage\",\"@id\":\"https:\/\/noti-america.com\/site\/venezuela\/2018\/09\/25\/en-gaceta-los-nuevos-precios-acordados-de-la-carne\/\",\"url\":\"https:\/\/noti-america.com\/site\/venezuela\/2018\/09\/25\/en-gaceta-los-nuevos-precios-acordados-de-la-carne\/\",\"name\":\"En Gaceta los nuevos precios acordados de la carne - Venezuela | Noti-America.com\",\"isPartOf\":{\"@id\":\"https:\/\/noti-america.com\/site\/venezuela\/#website\"},\"primaryImageOfPage\":{\"@id\":\"https:\/\/noti-america.com\/site\/venezuela\/2018\/09\/25\/en-gaceta-los-nuevos-precios-acordados-de-la-carne\/#primaryimage\"},\"image\":{\"@id\":\"https:\/\/noti-america.com\/site\/venezuela\/2018\/09\/25\/en-gaceta-los-nuevos-precios-acordados-de-la-carne\/#primaryimage\"},\"thumbnailUrl\":\"https:\/\/noti-america.com\/site\/venezuela\/wp-content\/uploads\/sites\/2\/2018\/09\/lacalle.com_.ve-debaten-estructura-de-costos-de-carne-de-bovino-y-porcino-cafe-molido-y-leguminosas-carniceria-2.jpg\",\"datePublished\":\"2018-09-25T05:37:20+00:00\",\"breadcrumb\":{\"@id\":\"https:\/\/noti-america.com\/site\/venezuela\/2018\/09\/25\/en-gaceta-los-nuevos-precios-acordados-de-la-carne\/#breadcrumb\"},\"inLanguage\":\"es\",\"potentialAction\":[{\"@type\":\"ReadAction\",\"target\":[\"https:\/\/noti-america.com\/site\/venezuela\/2018\/09\/25\/en-gaceta-los-nuevos-precios-acordados-de-la-carne\/\"]}]},{\"@type\":\"ImageObject\",\"inLanguage\":\"es\",\"@id\":\"https:\/\/noti-america.com\/site\/venezuela\/2018\/09\/25\/en-gaceta-los-nuevos-precios-acordados-de-la-carne\/#primaryimage\",\"url\":\"https:\/\/noti-america.com\/site\/venezuela\/wp-content\/uploads\/sites\/2\/2018\/09\/lacalle.com_.ve-debaten-estructura-de-costos-de-carne-de-bovino-y-porcino-cafe-molido-y-leguminosas-carniceria-2.jpg\",\"contentUrl\":\"https:\/\/noti-america.com\/site\/venezuela\/wp-content\/uploads\/sites\/2\/2018\/09\/lacalle.com_.ve-debaten-estructura-de-costos-de-carne-de-bovino-y-porcino-cafe-molido-y-leguminosas-carniceria-2.jpg\",\"width\":600,\"height\":398},{\"@type\":\"BreadcrumbList\",\"@id\":\"https:\/\/noti-america.com\/site\/venezuela\/2018\/09\/25\/en-gaceta-los-nuevos-precios-acordados-de-la-carne\/#breadcrumb\",\"itemListElement\":[{\"@type\":\"ListItem\",\"position\":1,\"name\":\"Portada\",\"item\":\"https:\/\/noti-america.com\/site\/venezuela\/\"},{\"@type\":\"ListItem\",\"position\":2,\"name\":\"En Gaceta los nuevos precios acordados de la carne\"}]},{\"@type\":\"WebSite\",\"@id\":\"https:\/\/noti-america.com\/site\/venezuela\/#website\",\"url\":\"https:\/\/noti-america.com\/site\/venezuela\/\",\"name\":\"Venezuela | Noti-America.com\",\"description\":\"\",\"publisher\":{\"@id\":\"https:\/\/noti-america.com\/site\/venezuela\/#organization\"},\"potentialAction\":[{\"@type\":\"SearchAction\",\"target\":{\"@type\":\"EntryPoint\",\"urlTemplate\":\"https:\/\/noti-america.com\/site\/venezuela\/?s={search_term_string}\"},\"query-input\":{\"@type\":\"PropertyValueSpecification\",\"valueRequired\":true,\"valueName\":\"search_term_string\"}}],\"inLanguage\":\"es\"},{\"@type\":\"Organization\",\"@id\":\"https:\/\/noti-america.com\/site\/venezuela\/#organization\",\"name\":\"Noti-America LLC | Venezuela\",\"url\":\"https:\/\/noti-america.com\/site\/venezuela\/\",\"logo\":{\"@type\":\"ImageObject\",\"inLanguage\":\"es\",\"@id\":\"https:\/\/noti-america.com\/site\/venezuela\/#\/schema\/logo\/image\/\",\"url\":\"https:\/\/noti-america.com\/site\/venezuela\/wp-content\/uploads\/sites\/2\/2020\/07\/LogoNA-4x3-1.jpg\",\"contentUrl\":\"https:\/\/noti-america.com\/site\/venezuela\/wp-content\/uploads\/sites\/2\/2020\/07\/LogoNA-4x3-1.jpg\",\"width\":1236,\"height\":1080,\"caption\":\"Noti-America LLC | Venezuela\"},\"image\":{\"@id\":\"https:\/\/noti-america.com\/site\/venezuela\/#\/schema\/logo\/image\/\"}},{\"@type\":\"Person\",\"@id\":\"https:\/\/noti-america.com\/site\/venezuela\/#\/schema\/person\/5536bbfd0e2b9220dabb68be6a79e6a2\",\"name\":\"Andr\u00e9s Salazar TV\",\"image\":{\"@type\":\"ImageObject\",\"inLanguage\":\"es\",\"@id\":\"https:\/\/secure.gravatar.com\/avatar\/afe6826ba750395b641021d9bf08e5496b9d29671cfabb16346350901fb94310?s=96&d=mm&r=g\",\"url\":\"https:\/\/secure.gravatar.com\/avatar\/afe6826ba750395b641021d9bf08e5496b9d29671cfabb16346350901fb94310?s=96&d=mm&r=g\",\"contentUrl\":\"https:\/\/secure.gravatar.com\/avatar\/afe6826ba750395b641021d9bf08e5496b9d29671cfabb16346350901fb94310?s=96&d=mm&r=g\",\"caption\":\"Andr\u00e9s Salazar TV\"},\"description\":\"Periodista venezolano, especializado en deportes. Con m\u00e1s de 12 a\u00f1os de experiencia en medios de comunicaci\u00f3n. Cobertura informativa de los grandes eventos deportivos de Am\u00e9rica Latina y el Mundo.\",\"sameAs\":[\"https:\/\/www.facebook.com\/AndresSalazarTV\/\"],\"url\":\"https:\/\/noti-america.com\/site\/venezuela\/author\/asalazar\/\"}]}<\/script>\n<!-- \/ Yoast SEO Premium plugin. -->","yoast_head_json":{"title":"En Gaceta los nuevos precios acordados de la carne - Venezuela | Noti-America.com","robots":{"index":"index","follow":"follow","max-snippet":"max-snippet:-1","max-image-preview":"max-image-preview:large","max-video-preview":"max-video-preview:-1"},"canonical":"https:\/\/noti-america.com\/site\/venezuela\/2018\/09\/25\/en-gaceta-los-nuevos-precios-acordados-de-la-carne\/","og_locale":"es_ES","og_type":"article","og_title":"En Gaceta los nuevos precios acordados de la carne","og_description":"La\u00a0Superintendencia Nacional para la Defensa de los Derechos Socioecon\u00f3micos (Sundde)\u00a0public\u00f3 el decreto presidencial N\u00b0 2.186 de la Gaceta Oficial Extraordinaria N\u00b0 6.397, que incluye los\u00a0nuevos precios acordados de los cortes de la carne\u00a0bovina. El&#46;&#46;&#46;","og_url":"https:\/\/noti-america.com\/site\/venezuela\/2018\/09\/25\/en-gaceta-los-nuevos-precios-acordados-de-la-carne\/","og_site_name":"Venezuela | Noti-America.com","article_author":"https:\/\/www.facebook.com\/AndresSalazarTV\/","article_published_time":"2018-09-25T05:37:20+00:00","og_image":[{"width":600,"height":398,"url":"https:\/\/noti-america.com\/site\/venezuela\/wp-content\/uploads\/sites\/2\/2018\/09\/lacalle.com_.ve-debaten-estructura-de-costos-de-carne-de-bovino-y-porcino-cafe-molido-y-leguminosas-carniceria-2.jpg","type":"image\/jpeg"}],"author":"Andr\u00e9s Salazar TV","twitter_card":"summary_large_image","twitter_misc":{"Escrito por":"Andr\u00e9s Salazar TV"},"schema":{"@context":"https:\/\/schema.org","@graph":[{"@type":"Article","@id":"https:\/\/noti-america.com\/site\/venezuela\/2018\/09\/25\/en-gaceta-los-nuevos-precios-acordados-de-la-carne\/#article","isPartOf":{"@id":"https:\/\/noti-america.com\/site\/venezuela\/2018\/09\/25\/en-gaceta-los-nuevos-precios-acordados-de-la-carne\/"},"author":{"name":"Andr\u00e9s Salazar TV","@id":"https:\/\/noti-america.com\/site\/venezuela\/#\/schema\/person\/5536bbfd0e2b9220dabb68be6a79e6a2"},"headline":"En Gaceta los nuevos precios acordados de la carne","datePublished":"2018-09-25T05:37:20+00:00","mainEntityOfPage":{"@id":"https:\/\/noti-america.com\/site\/venezuela\/2018\/09\/25\/en-gaceta-los-nuevos-precios-acordados-de-la-carne\/"},"wordCount":74,"commentCount":0,"publisher":{"@id":"https:\/\/noti-america.com\/site\/venezuela\/#organization"},"image":{"@id":"https:\/\/noti-america.com\/site\/venezuela\/2018\/09\/25\/en-gaceta-los-nuevos-precios-acordados-de-la-carne\/#primaryimage"},"thumbnailUrl":"https:\/\/noti-america.com\/site\/venezuela\/wp-content\/uploads\/sites\/2\/2018\/09\/lacalle.com_.ve-debaten-estructura-de-costos-de-carne-de-bovino-y-porcino-cafe-molido-y-leguminosas-carniceria-2.jpg","articleSection":["Uncategorized"],"inLanguage":"es","potentialAction":[{"@type":"CommentAction","name":"Comment","target":["https:\/\/noti-america.com\/site\/venezuela\/2018\/09\/25\/en-gaceta-los-nuevos-precios-acordados-de-la-carne\/#respond"]}]},{"@type":"WebPage","@id":"https:\/\/noti-america.com\/site\/venezuela\/2018\/09\/25\/en-gaceta-los-nuevos-precios-acordados-de-la-carne\/","url":"https:\/\/noti-america.com\/site\/venezuela\/2018\/09\/25\/en-gaceta-los-nuevos-precios-acordados-de-la-carne\/","name":"En Gaceta los nuevos precios acordados de la carne - Venezuela | Noti-America.com","isPartOf":{"@id":"https:\/\/noti-america.com\/site\/venezuela\/#website"},"primaryImageOfPage":{"@id":"https:\/\/noti-america.com\/site\/venezuela\/2018\/09\/25\/en-gaceta-los-nuevos-precios-acordados-de-la-carne\/#primaryimage"},"image":{"@id":"https:\/\/noti-america.com\/site\/venezuela\/2018\/09\/25\/en-gaceta-los-nuevos-precios-acordados-de-la-carne\/#primaryimage"},"thumbnailUrl":"https:\/\/noti-america.com\/site\/venezuela\/wp-content\/uploads\/sites\/2\/2018\/09\/lacalle.com_.ve-debaten-estructura-de-costos-de-carne-de-bovino-y-porcino-cafe-molido-y-leguminosas-carniceria-2.jpg","datePublished":"2018-09-25T05:37:20+00:00","breadcrumb":{"@id":"https:\/\/noti-america.com\/site\/venezuela\/2018\/09\/25\/en-gaceta-los-nuevos-precios-acordados-de-la-carne\/#breadcrumb"},"inLanguage":"es","potentialAction":[{"@type":"ReadAction","target":["https:\/\/noti-america.com\/site\/venezuela\/2018\/09\/25\/en-gaceta-los-nuevos-precios-acordados-de-la-carne\/"]}]},{"@type":"ImageObject","inLanguage":"es","@id":"https:\/\/noti-america.com\/site\/venezuela\/2018\/09\/25\/en-gaceta-los-nuevos-precios-acordados-de-la-carne\/#primaryimage","url":"https:\/\/noti-america.com\/site\/venezuela\/wp-content\/uploads\/sites\/2\/2018\/09\/lacalle.com_.ve-debaten-estructura-de-costos-de-carne-de-bovino-y-porcino-cafe-molido-y-leguminosas-carniceria-2.jpg","contentUrl":"https:\/\/noti-america.com\/site\/venezuela\/wp-content\/uploads\/sites\/2\/2018\/09\/lacalle.com_.ve-debaten-estructura-de-costos-de-carne-de-bovino-y-porcino-cafe-molido-y-leguminosas-carniceria-2.jpg","width":600,"height":398},{"@type":"BreadcrumbList","@id":"https:\/\/noti-america.com\/site\/venezuela\/2018\/09\/25\/en-gaceta-los-nuevos-precios-acordados-de-la-carne\/#breadcrumb","itemListElement":[{"@type":"ListItem","position":1,"name":"Portada","item":"https:\/\/noti-america.com\/site\/venezuela\/"},{"@type":"ListItem","position":2,"name":"En Gaceta los nuevos precios acordados de la carne"}]},{"@type":"WebSite","@id":"https:\/\/noti-america.com\/site\/venezuela\/#website","url":"https:\/\/noti-america.com\/site\/venezuela\/","name":"Venezuela | Noti-America.com","description":"","publisher":{"@id":"https:\/\/noti-america.com\/site\/venezuela\/#organization"},"potentialAction":[{"@type":"SearchAction","target":{"@type":"EntryPoint","urlTemplate":"https:\/\/noti-america.com\/site\/venezuela\/?s={search_term_string}"},"query-input":{"@type":"PropertyValueSpecification","valueRequired":true,"valueName":"search_term_string"}}],"inLanguage":"es"},{"@type":"Organization","@id":"https:\/\/noti-america.com\/site\/venezuela\/#organization","name":"Noti-America LLC | Venezuela","url":"https:\/\/noti-america.com\/site\/venezuela\/","logo":{"@type":"ImageObject","inLanguage":"es","@id":"https:\/\/noti-america.com\/site\/venezuela\/#\/schema\/logo\/image\/","url":"https:\/\/noti-america.com\/site\/venezuela\/wp-content\/uploads\/sites\/2\/2020\/07\/LogoNA-4x3-1.jpg","contentUrl":"https:\/\/noti-america.com\/site\/venezuela\/wp-content\/uploads\/sites\/2\/2020\/07\/LogoNA-4x3-1.jpg","width":1236,"height":1080,"caption":"Noti-America LLC | Venezuela"},"image":{"@id":"https:\/\/noti-america.com\/site\/venezuela\/#\/schema\/logo\/image\/"}},{"@type":"Person","@id":"https:\/\/noti-america.com\/site\/venezuela\/#\/schema\/person\/5536bbfd0e2b9220dabb68be6a79e6a2","name":"Andr\u00e9s Salazar TV","image":{"@type":"ImageObject","inLanguage":"es","@id":"https:\/\/secure.gravatar.com\/avatar\/afe6826ba750395b641021d9bf08e5496b9d29671cfabb16346350901fb94310?s=96&d=mm&r=g","url":"https:\/\/secure.gravatar.com\/avatar\/afe6826ba750395b641021d9bf08e5496b9d29671cfabb16346350901fb94310?s=96&d=mm&r=g","contentUrl":"https:\/\/secure.gravatar.com\/avatar\/afe6826ba750395b641021d9bf08e5496b9d29671cfabb16346350901fb94310?s=96&d=mm&r=g","caption":"Andr\u00e9s Salazar TV"},"description":"Periodista venezolano, especializado en deportes. Con m\u00e1s de 12 a\u00f1os de experiencia en medios de comunicaci\u00f3n. Cobertura informativa de los grandes eventos deportivos de Am\u00e9rica Latina y el Mundo.","sameAs":["https:\/\/www.facebook.com\/AndresSalazarTV\/"],"url":"https:\/\/noti-america.com\/site\/venezuela\/author\/asalazar\/"}]}},"_links":{"self":[{"href":"https:\/\/noti-america.com\/site\/venezuela\/wp-json\/wp\/v2\/posts\/3303","targetHints":{"allow":["GET"]}}],"collection":[{"href":"https:\/\/noti-america.com\/site\/venezuela\/wp-json\/wp\/v2\/posts"}],"about":[{"href":"https:\/\/noti-america.com\/site\/venezuela\/wp-json\/wp\/v2\/types\/post"}],"author":[{"embeddable":true,"href":"https:\/\/noti-america.com\/site\/venezuela\/wp-json\/wp\/v2\/users\/4"}],"replies":[{"embeddable":true,"href":"https:\/\/noti-america.com\/site\/venezuela\/wp-json\/wp\/v2\/comments?post=3303"}],"version-history":[{"count":1,"href":"https:\/\/noti-america.com\/site\/venezuela\/wp-json\/wp\/v2\/posts\/3303\/revisions"}],"predecessor-version":[{"id":3305,"href":"https:\/\/noti-america.com\/site\/venezuela\/wp-json\/wp\/v2\/posts\/3303\/revisions\/3305"}],"wp:featuredmedia":[{"embeddable":true,"href":"https:\/\/noti-america.com\/site\/venezuela\/wp-json\/wp\/v2\/media\/3304"}],"wp:attachment":[{"href":"https:\/\/noti-america.com\/site\/venezuela\/wp-json\/wp\/v2\/media?parent=3303"}],"wp:term":[{"taxonomy":"category","embeddable":true,"href":"https:\/\/noti-america.com\/site\/venezuela\/wp-json\/wp\/v2\/categories?post=3303"},{"taxonomy":"post_tag","embeddable":true,"href":"https:\/\/noti-america.com\/site\/venezuela\/wp-json\/wp\/v2\/tags?post=3303"}],"curies":[{"name":"wp","href":"https:\/\/api.w.org\/{rel}","templated":true}]}}