{"id":32829,"date":"2023-11-24T02:07:28","date_gmt":"2023-11-24T02:07:28","guid":{"rendered":"https:\/\/noti-america.com\/site\/venezuela\/?p=32829"},"modified":"2023-11-24T02:07:28","modified_gmt":"2023-11-24T02:07:28","slug":"todo-listo-para-el-festival-salsero-rumba-en-la-terraza-en-el-ccct","status":"publish","type":"post","link":"https:\/\/noti-america.com\/site\/venezuela\/2023\/11\/24\/todo-listo-para-el-festival-salsero-rumba-en-la-terraza-en-el-ccct\/","title":{"rendered":"Todo listo para \u00bb El festival salsero \u00abRumba en la Terraza\u00bb en el CCCT"},"content":{"rendered":"<h4 class=\"wp-block-heading\"><strong><em>El festival salsero \u201cRumba en la Terraza\u201d contar\u00e1 con la participaci\u00f3n de reconocidos artistas como Roberto Lugo, David Pab\u00f3n y Alex D\u2019Castro. El evento, organizado por Producciones Willie el Dog, se llevar\u00e1 a cabo el pr\u00f3ximo 09 de diciembre en la Terraza del CCCT de la ciudad de Caracas.<\/em><\/strong><\/h4>\n<p>Adem\u00e1s de los destacados artistas internacionales;\u00a0<strong>Roberto Lugo<\/strong>,\u00a0<strong>David Pab\u00f3n<\/strong>,\u00a0<strong>Alex D\u2019Castro<\/strong>\u00a0y\u00a0<strong>Cheo And\u00fajar<\/strong>. El festival tambi\u00e9n incluir\u00e1 al talento nacional con la participaci\u00f3n de\u00a0<strong>Hildemaro<\/strong>, y las cantantes femeninas\u00a0<strong>Marianella<\/strong>\u00a0y\u00a0<strong>Melany Ru\u00edz<\/strong>.<\/p>\n<p>Cabe destacar que se ha confirmado que habr\u00e1 un show de gaitas con la\u00a0<strong>Instituci\u00f3n Gaitera<\/strong>\u00a0y\u00a0<strong>Pajarito Vola Show<\/strong>, para as\u00ed enaltecer y adelantar la fiesta navide\u00f1a.<\/p>\n<p><em>\u201cEsta experiencia ser\u00e1 inolvidable para los amantes de la m\u00fasica salsera y a todos los asistentes al festival, hemos hecho lo posible para que vean un espect\u00e1culo de gran nivel\u201d<\/em>, coment\u00f3\u00a0<strong>Willie Rever\u00f3n<\/strong>, productor del evento.<\/p>\n<p>Tambi\u00e9n se contar\u00e1 con la presencia de los\u00a0<strong>DJ Javi<\/strong>\u00a0y\u00a0<strong>Sandunga<\/strong>, quienes har\u00e1n cada uno una presentaci\u00f3n estelar.<\/p>\n<p>Las entradas para el evento est\u00e1n disponibles a la venta en\u00a0<strong>Make Ticket<\/strong>\u00a0en su portal\u00a0<strong><a href=\"http:\/\/www.maketicket.com.ve\/\">www.maketicket.com.ve<\/a><\/strong>\u00a0para asistir a la gran cita el pr\u00f3ximo 09 de diciembre en la\u00a0<strong>Terraza del CCCT<\/strong>\u00a0en Caracas.<\/p>\n<p>Para mayor informaci\u00f3n seguir a la productora del evento\u00a0<strong>Producciones Willie el Dog<\/strong>\u00a0en su red social de Instagram como:\u00a0<strong>@produccioneswillieeldog<\/strong>.<\/p>\n","protected":false},"excerpt":{"rendered":"<p>El festival salsero \u201cRumba en la Terraza\u201d contar\u00e1 con la participaci\u00f3n de reconocidos artistas como Roberto Lugo, David Pab\u00f3n y Alex D\u2019Castro. El evento, organizado por Producciones Willie el Dog, se llevar\u00e1 a cabo&#46;&#46;&#46;<\/p>\n","protected":false},"author":127,"featured_media":32830,"comment_status":"open","ping_status":"open","sticky":false,"template":"","format":"image","meta":{"_acf_changed":false,"om_disable_all_campaigns":false,"rop_custom_images_group":[],"rop_custom_messages_group":[],"rop_publish_now":"initial","rop_publish_now_accounts":{"twitter_242054905_242054905":""},"rop_publish_now_history":[],"rop_publish_now_status":"pending","_uf_show_specific_survey":0,"_uf_disable_surveys":false,"footnotes":""},"categories":[8],"tags":[],"class_list":["post-32829","post","type-post","status-publish","format-image","has-post-thumbnail","hentry","category-arte-y-espectaculos","post_format-post-format-image"],"acf":[],"aioseo_notices":[],"yoast_head":"<!-- This site is optimized with the Yoast SEO Premium plugin v24.9 (Yoast SEO v27.2) - https:\/\/yoast.com\/product\/yoast-seo-premium-wordpress\/ -->\n<title>Todo listo para &quot; El festival salsero &quot;Rumba en la Terraza&quot; en el CCCT - Venezuela | Noti-America.com<\/title>\n<meta name=\"robots\" content=\"index, follow, max-snippet:-1, max-image-preview:large, max-video-preview:-1\" \/>\n<link rel=\"canonical\" href=\"https:\/\/noti-america.com\/site\/venezuela\/2023\/11\/24\/todo-listo-para-el-festival-salsero-rumba-en-la-terraza-en-el-ccct\/\" \/>\n<meta property=\"og:locale\" content=\"es_ES\" \/>\n<meta property=\"og:type\" content=\"article\" \/>\n<meta property=\"og:title\" content=\"Todo listo para &quot; El festival salsero &quot;Rumba en la Terraza&quot; en el CCCT\" \/>\n<meta property=\"og:description\" content=\"El festival salsero \u201cRumba en la Terraza\u201d contar\u00e1 con la participaci\u00f3n de reconocidos artistas como Roberto Lugo, David Pab\u00f3n y Alex D\u2019Castro. El evento, organizado por Producciones Willie el Dog, se llevar\u00e1 a cabo&#046;&#046;&#046;\" \/>\n<meta property=\"og:url\" content=\"https:\/\/noti-america.com\/site\/venezuela\/2023\/11\/24\/todo-listo-para-el-festival-salsero-rumba-en-la-terraza-en-el-ccct\/\" \/>\n<meta property=\"og:site_name\" content=\"Venezuela | Noti-America.com\" \/>\n<meta property=\"article:published_time\" content=\"2023-11-24T02:07:28+00:00\" \/>\n<meta property=\"og:image\" content=\"https:\/\/noti-america.com\/site\/venezuela\/wp-content\/uploads\/sites\/2\/2023\/11\/unnamed-8.jpg\" \/>\n\t<meta property=\"og:image:width\" content=\"1080\" \/>\n\t<meta property=\"og:image:height\" content=\"1080\" \/>\n\t<meta property=\"og:image:type\" content=\"image\/jpeg\" \/>\n<meta name=\"author\" content=\"Yoelvzla\" \/>\n<meta name=\"twitter:card\" content=\"summary_large_image\" \/>\n<meta name=\"twitter:label1\" content=\"Escrito por\" \/>\n\t<meta name=\"twitter:data1\" content=\"Yoelvzla\" \/>\n\t<meta name=\"twitter:label2\" content=\"Tiempo estimado de lectura\" \/>\n\t<meta name=\"twitter:data2\" content=\"2 minutos\" \/>\n<script type=\"application\/ld+json\" class=\"yoast-schema-graph\">{\"@context\":\"https:\/\/schema.org\",\"@graph\":[{\"@type\":\"Article\",\"@id\":\"https:\/\/noti-america.com\/site\/venezuela\/2023\/11\/24\/todo-listo-para-el-festival-salsero-rumba-en-la-terraza-en-el-ccct\/#article\",\"isPartOf\":{\"@id\":\"https:\/\/noti-america.com\/site\/venezuela\/2023\/11\/24\/todo-listo-para-el-festival-salsero-rumba-en-la-terraza-en-el-ccct\/\"},\"author\":{\"name\":\"Yoelvzla\",\"@id\":\"https:\/\/noti-america.com\/site\/venezuela\/#\/schema\/person\/376ccc7b3cc7a8d5a43c3ece07a43857\"},\"headline\":\"Todo listo para \u00bb El festival salsero \u00abRumba en la Terraza\u00bb en el CCCT\",\"datePublished\":\"2023-11-24T02:07:28+00:00\",\"mainEntityOfPage\":{\"@id\":\"https:\/\/noti-america.com\/site\/venezuela\/2023\/11\/24\/todo-listo-para-el-festival-salsero-rumba-en-la-terraza-en-el-ccct\/\"},\"wordCount\":259,\"commentCount\":0,\"publisher\":{\"@id\":\"https:\/\/noti-america.com\/site\/venezuela\/#organization\"},\"image\":{\"@id\":\"https:\/\/noti-america.com\/site\/venezuela\/2023\/11\/24\/todo-listo-para-el-festival-salsero-rumba-en-la-terraza-en-el-ccct\/#primaryimage\"},\"thumbnailUrl\":\"https:\/\/noti-america.com\/site\/venezuela\/wp-content\/uploads\/sites\/2\/2023\/11\/unnamed-8.jpg\",\"articleSection\":[\"Arte y Espect\u00e1culos\"],\"inLanguage\":\"es\",\"potentialAction\":[{\"@type\":\"CommentAction\",\"name\":\"Comment\",\"target\":[\"https:\/\/noti-america.com\/site\/venezuela\/2023\/11\/24\/todo-listo-para-el-festival-salsero-rumba-en-la-terraza-en-el-ccct\/#respond\"]}]},{\"@type\":\"WebPage\",\"@id\":\"https:\/\/noti-america.com\/site\/venezuela\/2023\/11\/24\/todo-listo-para-el-festival-salsero-rumba-en-la-terraza-en-el-ccct\/\",\"url\":\"https:\/\/noti-america.com\/site\/venezuela\/2023\/11\/24\/todo-listo-para-el-festival-salsero-rumba-en-la-terraza-en-el-ccct\/\",\"name\":\"Todo listo para \\\" El festival salsero \\\"Rumba en la Terraza\\\" en el CCCT - Venezuela | Noti-America.com\",\"isPartOf\":{\"@id\":\"https:\/\/noti-america.com\/site\/venezuela\/#website\"},\"primaryImageOfPage\":{\"@id\":\"https:\/\/noti-america.com\/site\/venezuela\/2023\/11\/24\/todo-listo-para-el-festival-salsero-rumba-en-la-terraza-en-el-ccct\/#primaryimage\"},\"image\":{\"@id\":\"https:\/\/noti-america.com\/site\/venezuela\/2023\/11\/24\/todo-listo-para-el-festival-salsero-rumba-en-la-terraza-en-el-ccct\/#primaryimage\"},\"thumbnailUrl\":\"https:\/\/noti-america.com\/site\/venezuela\/wp-content\/uploads\/sites\/2\/2023\/11\/unnamed-8.jpg\",\"datePublished\":\"2023-11-24T02:07:28+00:00\",\"breadcrumb\":{\"@id\":\"https:\/\/noti-america.com\/site\/venezuela\/2023\/11\/24\/todo-listo-para-el-festival-salsero-rumba-en-la-terraza-en-el-ccct\/#breadcrumb\"},\"inLanguage\":\"es\",\"potentialAction\":[{\"@type\":\"ReadAction\",\"target\":[\"https:\/\/noti-america.com\/site\/venezuela\/2023\/11\/24\/todo-listo-para-el-festival-salsero-rumba-en-la-terraza-en-el-ccct\/\"]}]},{\"@type\":\"ImageObject\",\"inLanguage\":\"es\",\"@id\":\"https:\/\/noti-america.com\/site\/venezuela\/2023\/11\/24\/todo-listo-para-el-festival-salsero-rumba-en-la-terraza-en-el-ccct\/#primaryimage\",\"url\":\"https:\/\/noti-america.com\/site\/venezuela\/wp-content\/uploads\/sites\/2\/2023\/11\/unnamed-8.jpg\",\"contentUrl\":\"https:\/\/noti-america.com\/site\/venezuela\/wp-content\/uploads\/sites\/2\/2023\/11\/unnamed-8.jpg\",\"width\":1080,\"height\":1080},{\"@type\":\"BreadcrumbList\",\"@id\":\"https:\/\/noti-america.com\/site\/venezuela\/2023\/11\/24\/todo-listo-para-el-festival-salsero-rumba-en-la-terraza-en-el-ccct\/#breadcrumb\",\"itemListElement\":[{\"@type\":\"ListItem\",\"position\":1,\"name\":\"Portada\",\"item\":\"https:\/\/noti-america.com\/site\/venezuela\/\"},{\"@type\":\"ListItem\",\"position\":2,\"name\":\"Todo listo para &#8221; El festival salsero &#8220;Rumba en la Terraza&#8221; en el CCCT\"}]},{\"@type\":\"WebSite\",\"@id\":\"https:\/\/noti-america.com\/site\/venezuela\/#website\",\"url\":\"https:\/\/noti-america.com\/site\/venezuela\/\",\"name\":\"Venezuela | Noti-America.com\",\"description\":\"\",\"publisher\":{\"@id\":\"https:\/\/noti-america.com\/site\/venezuela\/#organization\"},\"potentialAction\":[{\"@type\":\"SearchAction\",\"target\":{\"@type\":\"EntryPoint\",\"urlTemplate\":\"https:\/\/noti-america.com\/site\/venezuela\/?s={search_term_string}\"},\"query-input\":{\"@type\":\"PropertyValueSpecification\",\"valueRequired\":true,\"valueName\":\"search_term_string\"}}],\"inLanguage\":\"es\"},{\"@type\":\"Organization\",\"@id\":\"https:\/\/noti-america.com\/site\/venezuela\/#organization\",\"name\":\"Noti-America LLC | Venezuela\",\"url\":\"https:\/\/noti-america.com\/site\/venezuela\/\",\"logo\":{\"@type\":\"ImageObject\",\"inLanguage\":\"es\",\"@id\":\"https:\/\/noti-america.com\/site\/venezuela\/#\/schema\/logo\/image\/\",\"url\":\"https:\/\/noti-america.com\/site\/venezuela\/wp-content\/uploads\/sites\/2\/2020\/07\/LogoNA-4x3-1.jpg\",\"contentUrl\":\"https:\/\/noti-america.com\/site\/venezuela\/wp-content\/uploads\/sites\/2\/2020\/07\/LogoNA-4x3-1.jpg\",\"width\":1236,\"height\":1080,\"caption\":\"Noti-America LLC | Venezuela\"},\"image\":{\"@id\":\"https:\/\/noti-america.com\/site\/venezuela\/#\/schema\/logo\/image\/\"}},{\"@type\":\"Person\",\"@id\":\"https:\/\/noti-america.com\/site\/venezuela\/#\/schema\/person\/376ccc7b3cc7a8d5a43c3ece07a43857\",\"name\":\"Yoelvzla\",\"image\":{\"@type\":\"ImageObject\",\"inLanguage\":\"es\",\"@id\":\"https:\/\/secure.gravatar.com\/avatar\/13a96a72123e0e9aa76fe82e8847f726c63a1c5ef6a8d0fadd844c1a5a83b212?s=96&d=mm&r=g\",\"url\":\"https:\/\/secure.gravatar.com\/avatar\/13a96a72123e0e9aa76fe82e8847f726c63a1c5ef6a8d0fadd844c1a5a83b212?s=96&d=mm&r=g\",\"contentUrl\":\"https:\/\/secure.gravatar.com\/avatar\/13a96a72123e0e9aa76fe82e8847f726c63a1c5ef6a8d0fadd844c1a5a83b212?s=96&d=mm&r=g\",\"caption\":\"Yoelvzla\"},\"url\":\"https:\/\/noti-america.com\/site\/venezuela\/author\/ydiaz\/\"}]}<\/script>\n<!-- \/ Yoast SEO Premium plugin. -->","yoast_head_json":{"title":"Todo listo para \" El festival salsero \"Rumba en la Terraza\" en el CCCT - Venezuela | Noti-America.com","robots":{"index":"index","follow":"follow","max-snippet":"max-snippet:-1","max-image-preview":"max-image-preview:large","max-video-preview":"max-video-preview:-1"},"canonical":"https:\/\/noti-america.com\/site\/venezuela\/2023\/11\/24\/todo-listo-para-el-festival-salsero-rumba-en-la-terraza-en-el-ccct\/","og_locale":"es_ES","og_type":"article","og_title":"Todo listo para \" El festival salsero \"Rumba en la Terraza\" en el CCCT","og_description":"El festival salsero \u201cRumba en la Terraza\u201d contar\u00e1 con la participaci\u00f3n de reconocidos artistas como Roberto Lugo, David Pab\u00f3n y Alex D\u2019Castro. El evento, organizado por Producciones Willie el Dog, se llevar\u00e1 a cabo&#46;&#46;&#46;","og_url":"https:\/\/noti-america.com\/site\/venezuela\/2023\/11\/24\/todo-listo-para-el-festival-salsero-rumba-en-la-terraza-en-el-ccct\/","og_site_name":"Venezuela | Noti-America.com","article_published_time":"2023-11-24T02:07:28+00:00","og_image":[{"width":1080,"height":1080,"url":"https:\/\/noti-america.com\/site\/venezuela\/wp-content\/uploads\/sites\/2\/2023\/11\/unnamed-8.jpg","type":"image\/jpeg"}],"author":"Yoelvzla","twitter_card":"summary_large_image","twitter_misc":{"Escrito por":"Yoelvzla","Tiempo estimado de lectura":"2 minutos"},"schema":{"@context":"https:\/\/schema.org","@graph":[{"@type":"Article","@id":"https:\/\/noti-america.com\/site\/venezuela\/2023\/11\/24\/todo-listo-para-el-festival-salsero-rumba-en-la-terraza-en-el-ccct\/#article","isPartOf":{"@id":"https:\/\/noti-america.com\/site\/venezuela\/2023\/11\/24\/todo-listo-para-el-festival-salsero-rumba-en-la-terraza-en-el-ccct\/"},"author":{"name":"Yoelvzla","@id":"https:\/\/noti-america.com\/site\/venezuela\/#\/schema\/person\/376ccc7b3cc7a8d5a43c3ece07a43857"},"headline":"Todo listo para \u00bb El festival salsero \u00abRumba en la Terraza\u00bb en el CCCT","datePublished":"2023-11-24T02:07:28+00:00","mainEntityOfPage":{"@id":"https:\/\/noti-america.com\/site\/venezuela\/2023\/11\/24\/todo-listo-para-el-festival-salsero-rumba-en-la-terraza-en-el-ccct\/"},"wordCount":259,"commentCount":0,"publisher":{"@id":"https:\/\/noti-america.com\/site\/venezuela\/#organization"},"image":{"@id":"https:\/\/noti-america.com\/site\/venezuela\/2023\/11\/24\/todo-listo-para-el-festival-salsero-rumba-en-la-terraza-en-el-ccct\/#primaryimage"},"thumbnailUrl":"https:\/\/noti-america.com\/site\/venezuela\/wp-content\/uploads\/sites\/2\/2023\/11\/unnamed-8.jpg","articleSection":["Arte y Espect\u00e1culos"],"inLanguage":"es","potentialAction":[{"@type":"CommentAction","name":"Comment","target":["https:\/\/noti-america.com\/site\/venezuela\/2023\/11\/24\/todo-listo-para-el-festival-salsero-rumba-en-la-terraza-en-el-ccct\/#respond"]}]},{"@type":"WebPage","@id":"https:\/\/noti-america.com\/site\/venezuela\/2023\/11\/24\/todo-listo-para-el-festival-salsero-rumba-en-la-terraza-en-el-ccct\/","url":"https:\/\/noti-america.com\/site\/venezuela\/2023\/11\/24\/todo-listo-para-el-festival-salsero-rumba-en-la-terraza-en-el-ccct\/","name":"Todo listo para \" El festival salsero \"Rumba en la Terraza\" en el CCCT - Venezuela | Noti-America.com","isPartOf":{"@id":"https:\/\/noti-america.com\/site\/venezuela\/#website"},"primaryImageOfPage":{"@id":"https:\/\/noti-america.com\/site\/venezuela\/2023\/11\/24\/todo-listo-para-el-festival-salsero-rumba-en-la-terraza-en-el-ccct\/#primaryimage"},"image":{"@id":"https:\/\/noti-america.com\/site\/venezuela\/2023\/11\/24\/todo-listo-para-el-festival-salsero-rumba-en-la-terraza-en-el-ccct\/#primaryimage"},"thumbnailUrl":"https:\/\/noti-america.com\/site\/venezuela\/wp-content\/uploads\/sites\/2\/2023\/11\/unnamed-8.jpg","datePublished":"2023-11-24T02:07:28+00:00","breadcrumb":{"@id":"https:\/\/noti-america.com\/site\/venezuela\/2023\/11\/24\/todo-listo-para-el-festival-salsero-rumba-en-la-terraza-en-el-ccct\/#breadcrumb"},"inLanguage":"es","potentialAction":[{"@type":"ReadAction","target":["https:\/\/noti-america.com\/site\/venezuela\/2023\/11\/24\/todo-listo-para-el-festival-salsero-rumba-en-la-terraza-en-el-ccct\/"]}]},{"@type":"ImageObject","inLanguage":"es","@id":"https:\/\/noti-america.com\/site\/venezuela\/2023\/11\/24\/todo-listo-para-el-festival-salsero-rumba-en-la-terraza-en-el-ccct\/#primaryimage","url":"https:\/\/noti-america.com\/site\/venezuela\/wp-content\/uploads\/sites\/2\/2023\/11\/unnamed-8.jpg","contentUrl":"https:\/\/noti-america.com\/site\/venezuela\/wp-content\/uploads\/sites\/2\/2023\/11\/unnamed-8.jpg","width":1080,"height":1080},{"@type":"BreadcrumbList","@id":"https:\/\/noti-america.com\/site\/venezuela\/2023\/11\/24\/todo-listo-para-el-festival-salsero-rumba-en-la-terraza-en-el-ccct\/#breadcrumb","itemListElement":[{"@type":"ListItem","position":1,"name":"Portada","item":"https:\/\/noti-america.com\/site\/venezuela\/"},{"@type":"ListItem","position":2,"name":"Todo listo para &#8221; El festival salsero &#8220;Rumba en la Terraza&#8221; en el CCCT"}]},{"@type":"WebSite","@id":"https:\/\/noti-america.com\/site\/venezuela\/#website","url":"https:\/\/noti-america.com\/site\/venezuela\/","name":"Venezuela | Noti-America.com","description":"","publisher":{"@id":"https:\/\/noti-america.com\/site\/venezuela\/#organization"},"potentialAction":[{"@type":"SearchAction","target":{"@type":"EntryPoint","urlTemplate":"https:\/\/noti-america.com\/site\/venezuela\/?s={search_term_string}"},"query-input":{"@type":"PropertyValueSpecification","valueRequired":true,"valueName":"search_term_string"}}],"inLanguage":"es"},{"@type":"Organization","@id":"https:\/\/noti-america.com\/site\/venezuela\/#organization","name":"Noti-America LLC | Venezuela","url":"https:\/\/noti-america.com\/site\/venezuela\/","logo":{"@type":"ImageObject","inLanguage":"es","@id":"https:\/\/noti-america.com\/site\/venezuela\/#\/schema\/logo\/image\/","url":"https:\/\/noti-america.com\/site\/venezuela\/wp-content\/uploads\/sites\/2\/2020\/07\/LogoNA-4x3-1.jpg","contentUrl":"https:\/\/noti-america.com\/site\/venezuela\/wp-content\/uploads\/sites\/2\/2020\/07\/LogoNA-4x3-1.jpg","width":1236,"height":1080,"caption":"Noti-America LLC | Venezuela"},"image":{"@id":"https:\/\/noti-america.com\/site\/venezuela\/#\/schema\/logo\/image\/"}},{"@type":"Person","@id":"https:\/\/noti-america.com\/site\/venezuela\/#\/schema\/person\/376ccc7b3cc7a8d5a43c3ece07a43857","name":"Yoelvzla","image":{"@type":"ImageObject","inLanguage":"es","@id":"https:\/\/secure.gravatar.com\/avatar\/13a96a72123e0e9aa76fe82e8847f726c63a1c5ef6a8d0fadd844c1a5a83b212?s=96&d=mm&r=g","url":"https:\/\/secure.gravatar.com\/avatar\/13a96a72123e0e9aa76fe82e8847f726c63a1c5ef6a8d0fadd844c1a5a83b212?s=96&d=mm&r=g","contentUrl":"https:\/\/secure.gravatar.com\/avatar\/13a96a72123e0e9aa76fe82e8847f726c63a1c5ef6a8d0fadd844c1a5a83b212?s=96&d=mm&r=g","caption":"Yoelvzla"},"url":"https:\/\/noti-america.com\/site\/venezuela\/author\/ydiaz\/"}]}},"_links":{"self":[{"href":"https:\/\/noti-america.com\/site\/venezuela\/wp-json\/wp\/v2\/posts\/32829","targetHints":{"allow":["GET"]}}],"collection":[{"href":"https:\/\/noti-america.com\/site\/venezuela\/wp-json\/wp\/v2\/posts"}],"about":[{"href":"https:\/\/noti-america.com\/site\/venezuela\/wp-json\/wp\/v2\/types\/post"}],"author":[{"embeddable":true,"href":"https:\/\/noti-america.com\/site\/venezuela\/wp-json\/wp\/v2\/users\/127"}],"replies":[{"embeddable":true,"href":"https:\/\/noti-america.com\/site\/venezuela\/wp-json\/wp\/v2\/comments?post=32829"}],"version-history":[{"count":1,"href":"https:\/\/noti-america.com\/site\/venezuela\/wp-json\/wp\/v2\/posts\/32829\/revisions"}],"predecessor-version":[{"id":32831,"href":"https:\/\/noti-america.com\/site\/venezuela\/wp-json\/wp\/v2\/posts\/32829\/revisions\/32831"}],"wp:featuredmedia":[{"embeddable":true,"href":"https:\/\/noti-america.com\/site\/venezuela\/wp-json\/wp\/v2\/media\/32830"}],"wp:attachment":[{"href":"https:\/\/noti-america.com\/site\/venezuela\/wp-json\/wp\/v2\/media?parent=32829"}],"wp:term":[{"taxonomy":"category","embeddable":true,"href":"https:\/\/noti-america.com\/site\/venezuela\/wp-json\/wp\/v2\/categories?post=32829"},{"taxonomy":"post_tag","embeddable":true,"href":"https:\/\/noti-america.com\/site\/venezuela\/wp-json\/wp\/v2\/tags?post=32829"}],"curies":[{"name":"wp","href":"https:\/\/api.w.org\/{rel}","templated":true}]}}