{"id":32722,"date":"2023-11-21T00:16:13","date_gmt":"2023-11-21T00:16:13","guid":{"rendered":"https:\/\/noti-america.com\/site\/venezuela\/?p=32722"},"modified":"2023-11-21T00:16:13","modified_gmt":"2023-11-21T00:16:13","slug":"maria-teresa-iannuzzo-comparte-su-versatilidad-en-mti-con-una-coleccion-femenina","status":"publish","type":"post","link":"https:\/\/noti-america.com\/site\/venezuela\/2023\/11\/21\/maria-teresa-iannuzzo-comparte-su-versatilidad-en-mti-con-una-coleccion-femenina\/","title":{"rendered":"Mar\u00eda Teresa Iannuzzo comparte su versatilidad en MTI con una colecci\u00f3n femenina"},"content":{"rendered":"<p><em>a modelo y ex reina de belleza Mar\u00eda Teresa Iannuzzo, presenta la colecci\u00f3n \u00abFall Invierno 2023\u00bb, de su marca MTI en Estados Unidos, tiene piezas que brindan comodidad y elegancia, mientras haces ejercicios o vas a la playa\u00a0<\/em><\/p>\n<p>\u00abEsta colecci\u00f3n est\u00e1 conformada por: swimsuits, beachwear, sportswear, que puedes combinar, son vers\u00e1tiles y su confecci\u00f3n es con telas de \u00faltima tecnolog\u00eda, conformadas en su 90% con material reciclado, para contribuir con la conservaci\u00f3n del medio ambiente\u00bb, explica Mar\u00eda Teresa.<\/p>\n<p><strong>Particip\u00f3 en el Miss Venezuela 2010 para incursionar en el modelaje, desde entonces, ha sido modelo de importantes firmas y empresas, considera que con MTI puede seguir conectada con el mundo de la moda, que tantas satisfacciones le sigue brindando, ella lo ve como una evoluci\u00f3n personal y profesional.<\/strong><\/p>\n<p>Mar\u00eda Teresa trabaja junto a un gran equipo en todo el proceso de dise\u00f1o y confecci\u00f3n de cada una de las piezas, que conforman la marca y para ella es prioridad, la versatilidad que cada una de\u00a0<a href=\"https:\/\/oceandrive.com.ve\/entretenimiento\/talento-venezolano-mayre-martinez-una-voz-que-conecta-corazones\/\">ellas<\/a>.<\/p>\n<p>La tambi\u00e9n modelo se encuentra trabajando en la pr\u00f3xima colecci\u00f3n, que estar\u00e1 disponible a finales del primer trimestre del pr\u00f3ximo a\u00f1o. M\u00e1s informaci\u00f3n\u00a0en\u00a0<a href=\"http:\/\/www.mitbarnd.com\/\" target=\"_blank\" rel=\"nofollow noopener\" data-saferedirecturl=\"https:\/\/www.google.com\/url?q=http:\/\/www.mitbarnd.com\/&amp;source=gmail&amp;ust=1699719326237000&amp;usg=AOvVaw2hmBFj_-oPni2L47ssbG8Z\">ww.mtibrand.com<\/a>\u00a0y en @mtibrand.<\/p>\n","protected":false},"excerpt":{"rendered":"<p>a modelo y ex reina de belleza Mar\u00eda Teresa Iannuzzo, presenta la colecci\u00f3n \u00abFall Invierno 2023\u00bb, de su marca MTI en Estados Unidos, tiene piezas que brindan comodidad y elegancia, mientras haces ejercicios o&#46;&#46;&#46;<\/p>\n","protected":false},"author":127,"featured_media":32723,"comment_status":"open","ping_status":"open","sticky":false,"template":"","format":"image","meta":{"_acf_changed":false,"om_disable_all_campaigns":false,"rop_custom_images_group":[],"rop_custom_messages_group":[],"rop_publish_now":"initial","rop_publish_now_accounts":{"twitter_242054905_242054905":""},"rop_publish_now_history":[],"rop_publish_now_status":"pending","_uf_show_specific_survey":0,"_uf_disable_surveys":false,"footnotes":""},"categories":[847],"tags":[],"class_list":["post-32722","post","type-post","status-publish","format-image","has-post-thumbnail","hentry","category-moda","post_format-post-format-image"],"acf":[],"aioseo_notices":[],"yoast_head":"<!-- This site is optimized with the Yoast SEO Premium plugin v24.9 (Yoast SEO v27.2) - https:\/\/yoast.com\/product\/yoast-seo-premium-wordpress\/ -->\n<title>Mar\u00eda Teresa Iannuzzo comparte su versatilidad en MTI con una colecci\u00f3n femenina - Venezuela | Noti-America.com<\/title>\n<meta name=\"robots\" content=\"index, follow, max-snippet:-1, max-image-preview:large, max-video-preview:-1\" \/>\n<link rel=\"canonical\" href=\"https:\/\/noti-america.com\/site\/venezuela\/2023\/11\/21\/maria-teresa-iannuzzo-comparte-su-versatilidad-en-mti-con-una-coleccion-femenina\/\" \/>\n<meta property=\"og:locale\" content=\"es_ES\" \/>\n<meta property=\"og:type\" content=\"article\" \/>\n<meta property=\"og:title\" content=\"Mar\u00eda Teresa Iannuzzo comparte su versatilidad en MTI con una colecci\u00f3n femenina\" \/>\n<meta property=\"og:description\" content=\"a modelo y ex reina de belleza Mar\u00eda Teresa Iannuzzo, presenta la colecci\u00f3n \u00abFall Invierno 2023\u00bb, de su marca MTI en Estados Unidos, tiene piezas que brindan comodidad y elegancia, mientras haces ejercicios o&#046;&#046;&#046;\" \/>\n<meta property=\"og:url\" content=\"https:\/\/noti-america.com\/site\/venezuela\/2023\/11\/21\/maria-teresa-iannuzzo-comparte-su-versatilidad-en-mti-con-una-coleccion-femenina\/\" \/>\n<meta property=\"og:site_name\" content=\"Venezuela | Noti-America.com\" \/>\n<meta property=\"article:published_time\" content=\"2023-11-21T00:16:13+00:00\" \/>\n<meta property=\"og:image\" content=\"https:\/\/noti-america.com\/site\/venezuela\/wp-content\/uploads\/sites\/2\/2023\/11\/MTI-696x392-1.png\" \/>\n\t<meta property=\"og:image:width\" content=\"696\" \/>\n\t<meta property=\"og:image:height\" content=\"392\" \/>\n\t<meta property=\"og:image:type\" content=\"image\/png\" \/>\n<meta name=\"author\" content=\"Yoelvzla\" \/>\n<meta name=\"twitter:card\" content=\"summary_large_image\" \/>\n<meta name=\"twitter:label1\" content=\"Escrito por\" \/>\n\t<meta name=\"twitter:data1\" content=\"Yoelvzla\" \/>\n\t<meta name=\"twitter:label2\" content=\"Tiempo estimado de lectura\" \/>\n\t<meta name=\"twitter:data2\" content=\"1 minuto\" \/>\n<script type=\"application\/ld+json\" class=\"yoast-schema-graph\">{\"@context\":\"https:\/\/schema.org\",\"@graph\":[{\"@type\":\"Article\",\"@id\":\"https:\/\/noti-america.com\/site\/venezuela\/2023\/11\/21\/maria-teresa-iannuzzo-comparte-su-versatilidad-en-mti-con-una-coleccion-femenina\/#article\",\"isPartOf\":{\"@id\":\"https:\/\/noti-america.com\/site\/venezuela\/2023\/11\/21\/maria-teresa-iannuzzo-comparte-su-versatilidad-en-mti-con-una-coleccion-femenina\/\"},\"author\":{\"name\":\"Yoelvzla\",\"@id\":\"https:\/\/noti-america.com\/site\/venezuela\/#\/schema\/person\/376ccc7b3cc7a8d5a43c3ece07a43857\"},\"headline\":\"Mar\u00eda Teresa Iannuzzo comparte su versatilidad en MTI con una colecci\u00f3n femenina\",\"datePublished\":\"2023-11-21T00:16:13+00:00\",\"mainEntityOfPage\":{\"@id\":\"https:\/\/noti-america.com\/site\/venezuela\/2023\/11\/21\/maria-teresa-iannuzzo-comparte-su-versatilidad-en-mti-con-una-coleccion-femenina\/\"},\"wordCount\":225,\"commentCount\":0,\"publisher\":{\"@id\":\"https:\/\/noti-america.com\/site\/venezuela\/#organization\"},\"image\":{\"@id\":\"https:\/\/noti-america.com\/site\/venezuela\/2023\/11\/21\/maria-teresa-iannuzzo-comparte-su-versatilidad-en-mti-con-una-coleccion-femenina\/#primaryimage\"},\"thumbnailUrl\":\"https:\/\/noti-america.com\/site\/venezuela\/wp-content\/uploads\/sites\/2\/2023\/11\/MTI-696x392-1.png\",\"articleSection\":[\"Moda\"],\"inLanguage\":\"es\",\"potentialAction\":[{\"@type\":\"CommentAction\",\"name\":\"Comment\",\"target\":[\"https:\/\/noti-america.com\/site\/venezuela\/2023\/11\/21\/maria-teresa-iannuzzo-comparte-su-versatilidad-en-mti-con-una-coleccion-femenina\/#respond\"]}]},{\"@type\":\"WebPage\",\"@id\":\"https:\/\/noti-america.com\/site\/venezuela\/2023\/11\/21\/maria-teresa-iannuzzo-comparte-su-versatilidad-en-mti-con-una-coleccion-femenina\/\",\"url\":\"https:\/\/noti-america.com\/site\/venezuela\/2023\/11\/21\/maria-teresa-iannuzzo-comparte-su-versatilidad-en-mti-con-una-coleccion-femenina\/\",\"name\":\"Mar\u00eda Teresa Iannuzzo comparte su versatilidad en MTI con una colecci\u00f3n femenina - Venezuela | Noti-America.com\",\"isPartOf\":{\"@id\":\"https:\/\/noti-america.com\/site\/venezuela\/#website\"},\"primaryImageOfPage\":{\"@id\":\"https:\/\/noti-america.com\/site\/venezuela\/2023\/11\/21\/maria-teresa-iannuzzo-comparte-su-versatilidad-en-mti-con-una-coleccion-femenina\/#primaryimage\"},\"image\":{\"@id\":\"https:\/\/noti-america.com\/site\/venezuela\/2023\/11\/21\/maria-teresa-iannuzzo-comparte-su-versatilidad-en-mti-con-una-coleccion-femenina\/#primaryimage\"},\"thumbnailUrl\":\"https:\/\/noti-america.com\/site\/venezuela\/wp-content\/uploads\/sites\/2\/2023\/11\/MTI-696x392-1.png\",\"datePublished\":\"2023-11-21T00:16:13+00:00\",\"breadcrumb\":{\"@id\":\"https:\/\/noti-america.com\/site\/venezuela\/2023\/11\/21\/maria-teresa-iannuzzo-comparte-su-versatilidad-en-mti-con-una-coleccion-femenina\/#breadcrumb\"},\"inLanguage\":\"es\",\"potentialAction\":[{\"@type\":\"ReadAction\",\"target\":[\"https:\/\/noti-america.com\/site\/venezuela\/2023\/11\/21\/maria-teresa-iannuzzo-comparte-su-versatilidad-en-mti-con-una-coleccion-femenina\/\"]}]},{\"@type\":\"ImageObject\",\"inLanguage\":\"es\",\"@id\":\"https:\/\/noti-america.com\/site\/venezuela\/2023\/11\/21\/maria-teresa-iannuzzo-comparte-su-versatilidad-en-mti-con-una-coleccion-femenina\/#primaryimage\",\"url\":\"https:\/\/noti-america.com\/site\/venezuela\/wp-content\/uploads\/sites\/2\/2023\/11\/MTI-696x392-1.png\",\"contentUrl\":\"https:\/\/noti-america.com\/site\/venezuela\/wp-content\/uploads\/sites\/2\/2023\/11\/MTI-696x392-1.png\",\"width\":696,\"height\":392},{\"@type\":\"BreadcrumbList\",\"@id\":\"https:\/\/noti-america.com\/site\/venezuela\/2023\/11\/21\/maria-teresa-iannuzzo-comparte-su-versatilidad-en-mti-con-una-coleccion-femenina\/#breadcrumb\",\"itemListElement\":[{\"@type\":\"ListItem\",\"position\":1,\"name\":\"Portada\",\"item\":\"https:\/\/noti-america.com\/site\/venezuela\/\"},{\"@type\":\"ListItem\",\"position\":2,\"name\":\"Mar\u00eda Teresa Iannuzzo comparte su versatilidad en MTI con una colecci\u00f3n femenina\"}]},{\"@type\":\"WebSite\",\"@id\":\"https:\/\/noti-america.com\/site\/venezuela\/#website\",\"url\":\"https:\/\/noti-america.com\/site\/venezuela\/\",\"name\":\"Venezuela | Noti-America.com\",\"description\":\"\",\"publisher\":{\"@id\":\"https:\/\/noti-america.com\/site\/venezuela\/#organization\"},\"potentialAction\":[{\"@type\":\"SearchAction\",\"target\":{\"@type\":\"EntryPoint\",\"urlTemplate\":\"https:\/\/noti-america.com\/site\/venezuela\/?s={search_term_string}\"},\"query-input\":{\"@type\":\"PropertyValueSpecification\",\"valueRequired\":true,\"valueName\":\"search_term_string\"}}],\"inLanguage\":\"es\"},{\"@type\":\"Organization\",\"@id\":\"https:\/\/noti-america.com\/site\/venezuela\/#organization\",\"name\":\"Noti-America LLC | Venezuela\",\"url\":\"https:\/\/noti-america.com\/site\/venezuela\/\",\"logo\":{\"@type\":\"ImageObject\",\"inLanguage\":\"es\",\"@id\":\"https:\/\/noti-america.com\/site\/venezuela\/#\/schema\/logo\/image\/\",\"url\":\"https:\/\/noti-america.com\/site\/venezuela\/wp-content\/uploads\/sites\/2\/2020\/07\/LogoNA-4x3-1.jpg\",\"contentUrl\":\"https:\/\/noti-america.com\/site\/venezuela\/wp-content\/uploads\/sites\/2\/2020\/07\/LogoNA-4x3-1.jpg\",\"width\":1236,\"height\":1080,\"caption\":\"Noti-America LLC | Venezuela\"},\"image\":{\"@id\":\"https:\/\/noti-america.com\/site\/venezuela\/#\/schema\/logo\/image\/\"}},{\"@type\":\"Person\",\"@id\":\"https:\/\/noti-america.com\/site\/venezuela\/#\/schema\/person\/376ccc7b3cc7a8d5a43c3ece07a43857\",\"name\":\"Yoelvzla\",\"image\":{\"@type\":\"ImageObject\",\"inLanguage\":\"es\",\"@id\":\"https:\/\/secure.gravatar.com\/avatar\/13a96a72123e0e9aa76fe82e8847f726c63a1c5ef6a8d0fadd844c1a5a83b212?s=96&d=mm&r=g\",\"url\":\"https:\/\/secure.gravatar.com\/avatar\/13a96a72123e0e9aa76fe82e8847f726c63a1c5ef6a8d0fadd844c1a5a83b212?s=96&d=mm&r=g\",\"contentUrl\":\"https:\/\/secure.gravatar.com\/avatar\/13a96a72123e0e9aa76fe82e8847f726c63a1c5ef6a8d0fadd844c1a5a83b212?s=96&d=mm&r=g\",\"caption\":\"Yoelvzla\"},\"url\":\"https:\/\/noti-america.com\/site\/venezuela\/author\/ydiaz\/\"}]}<\/script>\n<!-- \/ Yoast SEO Premium plugin. -->","yoast_head_json":{"title":"Mar\u00eda Teresa Iannuzzo comparte su versatilidad en MTI con una colecci\u00f3n femenina - Venezuela | Noti-America.com","robots":{"index":"index","follow":"follow","max-snippet":"max-snippet:-1","max-image-preview":"max-image-preview:large","max-video-preview":"max-video-preview:-1"},"canonical":"https:\/\/noti-america.com\/site\/venezuela\/2023\/11\/21\/maria-teresa-iannuzzo-comparte-su-versatilidad-en-mti-con-una-coleccion-femenina\/","og_locale":"es_ES","og_type":"article","og_title":"Mar\u00eda Teresa Iannuzzo comparte su versatilidad en MTI con una colecci\u00f3n femenina","og_description":"a modelo y ex reina de belleza Mar\u00eda Teresa Iannuzzo, presenta la colecci\u00f3n \u00abFall Invierno 2023\u00bb, de su marca MTI en Estados Unidos, tiene piezas que brindan comodidad y elegancia, mientras haces ejercicios o&#46;&#46;&#46;","og_url":"https:\/\/noti-america.com\/site\/venezuela\/2023\/11\/21\/maria-teresa-iannuzzo-comparte-su-versatilidad-en-mti-con-una-coleccion-femenina\/","og_site_name":"Venezuela | Noti-America.com","article_published_time":"2023-11-21T00:16:13+00:00","og_image":[{"width":696,"height":392,"url":"https:\/\/noti-america.com\/site\/venezuela\/wp-content\/uploads\/sites\/2\/2023\/11\/MTI-696x392-1.png","type":"image\/png"}],"author":"Yoelvzla","twitter_card":"summary_large_image","twitter_misc":{"Escrito por":"Yoelvzla","Tiempo estimado de lectura":"1 minuto"},"schema":{"@context":"https:\/\/schema.org","@graph":[{"@type":"Article","@id":"https:\/\/noti-america.com\/site\/venezuela\/2023\/11\/21\/maria-teresa-iannuzzo-comparte-su-versatilidad-en-mti-con-una-coleccion-femenina\/#article","isPartOf":{"@id":"https:\/\/noti-america.com\/site\/venezuela\/2023\/11\/21\/maria-teresa-iannuzzo-comparte-su-versatilidad-en-mti-con-una-coleccion-femenina\/"},"author":{"name":"Yoelvzla","@id":"https:\/\/noti-america.com\/site\/venezuela\/#\/schema\/person\/376ccc7b3cc7a8d5a43c3ece07a43857"},"headline":"Mar\u00eda Teresa Iannuzzo comparte su versatilidad en MTI con una colecci\u00f3n femenina","datePublished":"2023-11-21T00:16:13+00:00","mainEntityOfPage":{"@id":"https:\/\/noti-america.com\/site\/venezuela\/2023\/11\/21\/maria-teresa-iannuzzo-comparte-su-versatilidad-en-mti-con-una-coleccion-femenina\/"},"wordCount":225,"commentCount":0,"publisher":{"@id":"https:\/\/noti-america.com\/site\/venezuela\/#organization"},"image":{"@id":"https:\/\/noti-america.com\/site\/venezuela\/2023\/11\/21\/maria-teresa-iannuzzo-comparte-su-versatilidad-en-mti-con-una-coleccion-femenina\/#primaryimage"},"thumbnailUrl":"https:\/\/noti-america.com\/site\/venezuela\/wp-content\/uploads\/sites\/2\/2023\/11\/MTI-696x392-1.png","articleSection":["Moda"],"inLanguage":"es","potentialAction":[{"@type":"CommentAction","name":"Comment","target":["https:\/\/noti-america.com\/site\/venezuela\/2023\/11\/21\/maria-teresa-iannuzzo-comparte-su-versatilidad-en-mti-con-una-coleccion-femenina\/#respond"]}]},{"@type":"WebPage","@id":"https:\/\/noti-america.com\/site\/venezuela\/2023\/11\/21\/maria-teresa-iannuzzo-comparte-su-versatilidad-en-mti-con-una-coleccion-femenina\/","url":"https:\/\/noti-america.com\/site\/venezuela\/2023\/11\/21\/maria-teresa-iannuzzo-comparte-su-versatilidad-en-mti-con-una-coleccion-femenina\/","name":"Mar\u00eda Teresa Iannuzzo comparte su versatilidad en MTI con una colecci\u00f3n femenina - Venezuela | Noti-America.com","isPartOf":{"@id":"https:\/\/noti-america.com\/site\/venezuela\/#website"},"primaryImageOfPage":{"@id":"https:\/\/noti-america.com\/site\/venezuela\/2023\/11\/21\/maria-teresa-iannuzzo-comparte-su-versatilidad-en-mti-con-una-coleccion-femenina\/#primaryimage"},"image":{"@id":"https:\/\/noti-america.com\/site\/venezuela\/2023\/11\/21\/maria-teresa-iannuzzo-comparte-su-versatilidad-en-mti-con-una-coleccion-femenina\/#primaryimage"},"thumbnailUrl":"https:\/\/noti-america.com\/site\/venezuela\/wp-content\/uploads\/sites\/2\/2023\/11\/MTI-696x392-1.png","datePublished":"2023-11-21T00:16:13+00:00","breadcrumb":{"@id":"https:\/\/noti-america.com\/site\/venezuela\/2023\/11\/21\/maria-teresa-iannuzzo-comparte-su-versatilidad-en-mti-con-una-coleccion-femenina\/#breadcrumb"},"inLanguage":"es","potentialAction":[{"@type":"ReadAction","target":["https:\/\/noti-america.com\/site\/venezuela\/2023\/11\/21\/maria-teresa-iannuzzo-comparte-su-versatilidad-en-mti-con-una-coleccion-femenina\/"]}]},{"@type":"ImageObject","inLanguage":"es","@id":"https:\/\/noti-america.com\/site\/venezuela\/2023\/11\/21\/maria-teresa-iannuzzo-comparte-su-versatilidad-en-mti-con-una-coleccion-femenina\/#primaryimage","url":"https:\/\/noti-america.com\/site\/venezuela\/wp-content\/uploads\/sites\/2\/2023\/11\/MTI-696x392-1.png","contentUrl":"https:\/\/noti-america.com\/site\/venezuela\/wp-content\/uploads\/sites\/2\/2023\/11\/MTI-696x392-1.png","width":696,"height":392},{"@type":"BreadcrumbList","@id":"https:\/\/noti-america.com\/site\/venezuela\/2023\/11\/21\/maria-teresa-iannuzzo-comparte-su-versatilidad-en-mti-con-una-coleccion-femenina\/#breadcrumb","itemListElement":[{"@type":"ListItem","position":1,"name":"Portada","item":"https:\/\/noti-america.com\/site\/venezuela\/"},{"@type":"ListItem","position":2,"name":"Mar\u00eda Teresa Iannuzzo comparte su versatilidad en MTI con una colecci\u00f3n femenina"}]},{"@type":"WebSite","@id":"https:\/\/noti-america.com\/site\/venezuela\/#website","url":"https:\/\/noti-america.com\/site\/venezuela\/","name":"Venezuela | Noti-America.com","description":"","publisher":{"@id":"https:\/\/noti-america.com\/site\/venezuela\/#organization"},"potentialAction":[{"@type":"SearchAction","target":{"@type":"EntryPoint","urlTemplate":"https:\/\/noti-america.com\/site\/venezuela\/?s={search_term_string}"},"query-input":{"@type":"PropertyValueSpecification","valueRequired":true,"valueName":"search_term_string"}}],"inLanguage":"es"},{"@type":"Organization","@id":"https:\/\/noti-america.com\/site\/venezuela\/#organization","name":"Noti-America LLC | Venezuela","url":"https:\/\/noti-america.com\/site\/venezuela\/","logo":{"@type":"ImageObject","inLanguage":"es","@id":"https:\/\/noti-america.com\/site\/venezuela\/#\/schema\/logo\/image\/","url":"https:\/\/noti-america.com\/site\/venezuela\/wp-content\/uploads\/sites\/2\/2020\/07\/LogoNA-4x3-1.jpg","contentUrl":"https:\/\/noti-america.com\/site\/venezuela\/wp-content\/uploads\/sites\/2\/2020\/07\/LogoNA-4x3-1.jpg","width":1236,"height":1080,"caption":"Noti-America LLC | Venezuela"},"image":{"@id":"https:\/\/noti-america.com\/site\/venezuela\/#\/schema\/logo\/image\/"}},{"@type":"Person","@id":"https:\/\/noti-america.com\/site\/venezuela\/#\/schema\/person\/376ccc7b3cc7a8d5a43c3ece07a43857","name":"Yoelvzla","image":{"@type":"ImageObject","inLanguage":"es","@id":"https:\/\/secure.gravatar.com\/avatar\/13a96a72123e0e9aa76fe82e8847f726c63a1c5ef6a8d0fadd844c1a5a83b212?s=96&d=mm&r=g","url":"https:\/\/secure.gravatar.com\/avatar\/13a96a72123e0e9aa76fe82e8847f726c63a1c5ef6a8d0fadd844c1a5a83b212?s=96&d=mm&r=g","contentUrl":"https:\/\/secure.gravatar.com\/avatar\/13a96a72123e0e9aa76fe82e8847f726c63a1c5ef6a8d0fadd844c1a5a83b212?s=96&d=mm&r=g","caption":"Yoelvzla"},"url":"https:\/\/noti-america.com\/site\/venezuela\/author\/ydiaz\/"}]}},"_links":{"self":[{"href":"https:\/\/noti-america.com\/site\/venezuela\/wp-json\/wp\/v2\/posts\/32722","targetHints":{"allow":["GET"]}}],"collection":[{"href":"https:\/\/noti-america.com\/site\/venezuela\/wp-json\/wp\/v2\/posts"}],"about":[{"href":"https:\/\/noti-america.com\/site\/venezuela\/wp-json\/wp\/v2\/types\/post"}],"author":[{"embeddable":true,"href":"https:\/\/noti-america.com\/site\/venezuela\/wp-json\/wp\/v2\/users\/127"}],"replies":[{"embeddable":true,"href":"https:\/\/noti-america.com\/site\/venezuela\/wp-json\/wp\/v2\/comments?post=32722"}],"version-history":[{"count":1,"href":"https:\/\/noti-america.com\/site\/venezuela\/wp-json\/wp\/v2\/posts\/32722\/revisions"}],"predecessor-version":[{"id":32724,"href":"https:\/\/noti-america.com\/site\/venezuela\/wp-json\/wp\/v2\/posts\/32722\/revisions\/32724"}],"wp:featuredmedia":[{"embeddable":true,"href":"https:\/\/noti-america.com\/site\/venezuela\/wp-json\/wp\/v2\/media\/32723"}],"wp:attachment":[{"href":"https:\/\/noti-america.com\/site\/venezuela\/wp-json\/wp\/v2\/media?parent=32722"}],"wp:term":[{"taxonomy":"category","embeddable":true,"href":"https:\/\/noti-america.com\/site\/venezuela\/wp-json\/wp\/v2\/categories?post=32722"},{"taxonomy":"post_tag","embeddable":true,"href":"https:\/\/noti-america.com\/site\/venezuela\/wp-json\/wp\/v2\/tags?post=32722"}],"curies":[{"name":"wp","href":"https:\/\/api.w.org\/{rel}","templated":true}]}}