{"id":32576,"date":"2023-11-17T15:51:55","date_gmt":"2023-11-17T15:51:55","guid":{"rendered":"https:\/\/noti-america.com\/site\/venezuela\/?p=32576"},"modified":"2023-11-17T15:51:55","modified_gmt":"2023-11-17T15:51:55","slug":"plan-cultura-para-el-alma-de-la-gobernacion-llegara-a-todas-las-escuelas-del-zulia","status":"publish","type":"post","link":"https:\/\/noti-america.com\/site\/venezuela\/2023\/11\/17\/plan-cultura-para-el-alma-de-la-gobernacion-llegara-a-todas-las-escuelas-del-zulia\/","title":{"rendered":"Plan Cultura para el Alma de la Gobernaci\u00f3n llegar\u00e1 a todas las escuelas del Zulia"},"content":{"rendered":"<p style=\"text-align: justify\"><img loading=\"lazy\" decoding=\"async\" class=\"size-medium wp-image-32577 aligncenter\" src=\"https:\/\/noti-america.com\/site\/venezuela\/wp-content\/uploads\/sites\/2\/2023\/11\/IMG-20231117-WA0241-300x257.jpg\" alt=\"\" width=\"300\" height=\"257\" srcset=\"https:\/\/noti-america.com\/site\/venezuela\/wp-content\/uploads\/sites\/2\/2023\/11\/IMG-20231117-WA0241-300x257.jpg 300w, https:\/\/noti-america.com\/site\/venezuela\/wp-content\/uploads\/sites\/2\/2023\/11\/IMG-20231117-WA0241-768x658.jpg 768w, https:\/\/noti-america.com\/site\/venezuela\/wp-content\/uploads\/sites\/2\/2023\/11\/IMG-20231117-WA0241.jpg 960w\" sizes=\"auto, (max-width: 300px) 100vw, 300px\" \/><\/p>\n<p style=\"text-align: justify\">\u00ab<strong>El plan Cultura para el Alma es la necesidad de fortalecer las emociones en el ser humano, que le permita crecer y ver a la cultura como un hecho sociocultural\u00bb. As\u00ed lo expres\u00f3 la secretaria de Cultura del estado Zulia, Viviana M\u00e1rquez, en el programa Frecuencia Noticias, con Felipe L\u00f3pez, en Fe y Alegr\u00eda FM, este jueves 16 de noviembre y aprovech\u00f3 para hablar de los planes del Gobernador del Zulia, Manuel Rosales, en materia de cultura.<\/strong><\/p>\n<p style=\"text-align: justify\">Dijo que, a trav\u00e9s de la Secretar\u00eda, que ella dirige, hoy se ha visto fortalecida por las oportunas intervenciones, tanto de la infraestructura del edificio \u00abAndr\u00e9s Eloy Blanco\u00bb, sus escuelas, Conservatorio y salas de exposiciones, como con la Academia y el desarrollo de actividades en todos los municipios, con las Casas y Centros de Cultura, bajo las alianzas con otras instituciones p\u00fablicas y privadas.<\/p>\n<p style=\"text-align: justify\">Explic\u00f3 que as\u00ed se desarrolla el programa Toda la Cultura para las Escuelas, desde principio de 2023, por instrucciones del Gobernador Rosales, formando alianza con la Secretar\u00eda de Educaci\u00f3n. \u00abEs una propuesta maravillosa. Unir nuestro mejor esfuerzo para llevar Toda la Cultura para las Escuelas, tanto las del estado como las nacionales, y hasta las Arquidiocesanas, donde integramos al p\u00e9nsum de estudios el hecho cultural, a fin de ejecutar esta gran herramienta, que permita el desarrollo integral del ser humano\u00bb, dijo M\u00e1rquez.<\/p>\n<p style=\"text-align: justify\">Es de resaltar que al inicio del programa piloto Toda la Cultura para las Escuelas, formaron parte 42 escuelas. Hoy abarcan a 119 planteles, pero pretenden cubrir las 558 escuelas estatales. \u00abPero no nos quedamos all\u00ed. Es importante implicar a todas las escuelas, nacionales y arquidiocesanas, para que todas sean centros sat\u00e9lites de la Secretar\u00eda de Cultura\u00bb, manifest\u00f3 M\u00e1rquez.<\/p>\n<p style=\"text-align: justify\">En cuanto a las actividades programadas para la Feria de nuestra Se\u00f1ora del Rosario de Chiquinquir\u00e1, la secretaria M\u00e1rquez aprovech\u00f3 para invitar a la gran familia zuliana a disfrutar de toda una programaci\u00f3n, dise\u00f1ada para la recreaci\u00f3n y el esparcimiento, as\u00ed como presenciar los honores que se le rendir\u00e1n a la Virgen Patrona de todos los zulianos, en el propio Templo San Juan de Dios, Bas\u00edlica de Chiquinquir\u00e1, en Expozulia, hotel del Lago Tibisay y,\u00f1 en toda la Avenida Bella Vista, con varias tarimas dispuestas a lo largo del Encendido, y en la tarima principal para el Amanecer de Feria en la esquina con 5 de Julio.<\/p>\n<p style=\"text-align: justify\">Fuente: Nota de Prensa<\/p>\n","protected":false},"excerpt":{"rendered":"<p>\u00abEl plan Cultura para el Alma es la necesidad de fortalecer las emociones en el ser humano, que le permita crecer y ver a la cultura como un hecho sociocultural\u00bb. As\u00ed lo expres\u00f3 la&#46;&#46;&#46;<\/p>\n","protected":false},"author":40,"featured_media":32578,"comment_status":"open","ping_status":"open","sticky":false,"template":"","format":"standard","meta":{"_acf_changed":false,"om_disable_all_campaigns":false,"rop_custom_images_group":[],"rop_custom_messages_group":[],"rop_publish_now":"initial","rop_publish_now_accounts":{"twitter_242054905_242054905":""},"rop_publish_now_history":[],"rop_publish_now_status":"pending","_uf_show_specific_survey":0,"_uf_disable_surveys":false,"footnotes":""},"categories":[320,156],"tags":[222],"class_list":["post-32576","post","type-post","status-publish","format-standard","has-post-thumbnail","hentry","category-cultura","category-venezuela","tag-zulia"],"acf":[],"aioseo_notices":[],"yoast_head":"<!-- This site is optimized with the Yoast SEO Premium plugin v24.9 (Yoast SEO v27.2) - https:\/\/yoast.com\/product\/yoast-seo-premium-wordpress\/ -->\n<title>Plan Cultura para el Alma de la Gobernaci\u00f3n llegar\u00e1 a todas las escuelas del Zulia - Venezuela | Noti-America.com<\/title>\n<meta name=\"robots\" content=\"index, follow, max-snippet:-1, max-image-preview:large, max-video-preview:-1\" \/>\n<link rel=\"canonical\" href=\"https:\/\/noti-america.com\/site\/venezuela\/2023\/11\/17\/plan-cultura-para-el-alma-de-la-gobernacion-llegara-a-todas-las-escuelas-del-zulia\/\" \/>\n<meta property=\"og:locale\" content=\"es_ES\" \/>\n<meta property=\"og:type\" content=\"article\" \/>\n<meta property=\"og:title\" content=\"Plan Cultura para el Alma de la Gobernaci\u00f3n llegar\u00e1 a todas las escuelas del Zulia\" \/>\n<meta property=\"og:description\" content=\"\u00abEl plan Cultura para el Alma es la necesidad de fortalecer las emociones en el ser humano, que le permita crecer y ver a la cultura como un hecho sociocultural\u00bb. As\u00ed lo expres\u00f3 la&#046;&#046;&#046;\" \/>\n<meta property=\"og:url\" content=\"https:\/\/noti-america.com\/site\/venezuela\/2023\/11\/17\/plan-cultura-para-el-alma-de-la-gobernacion-llegara-a-todas-las-escuelas-del-zulia\/\" \/>\n<meta property=\"og:site_name\" content=\"Venezuela | Noti-America.com\" \/>\n<meta property=\"article:published_time\" content=\"2023-11-17T15:51:55+00:00\" \/>\n<meta property=\"og:image\" content=\"https:\/\/noti-america.com\/site\/venezuela\/wp-content\/uploads\/sites\/2\/2023\/11\/IMG-20231117-WA0240.jpg\" \/>\n\t<meta property=\"og:image:width\" content=\"960\" \/>\n\t<meta property=\"og:image:height\" content=\"810\" \/>\n\t<meta property=\"og:image:type\" content=\"image\/jpeg\" \/>\n<meta name=\"author\" content=\"Hendrick Garcia\" \/>\n<meta name=\"twitter:card\" content=\"summary_large_image\" \/>\n<meta name=\"twitter:label1\" content=\"Escrito por\" \/>\n\t<meta name=\"twitter:data1\" content=\"Hendrick Garcia\" \/>\n\t<meta name=\"twitter:label2\" content=\"Tiempo estimado de lectura\" \/>\n\t<meta name=\"twitter:data2\" content=\"3 minutos\" \/>\n<script type=\"application\/ld+json\" class=\"yoast-schema-graph\">{\"@context\":\"https:\/\/schema.org\",\"@graph\":[{\"@type\":\"Article\",\"@id\":\"https:\/\/noti-america.com\/site\/venezuela\/2023\/11\/17\/plan-cultura-para-el-alma-de-la-gobernacion-llegara-a-todas-las-escuelas-del-zulia\/#article\",\"isPartOf\":{\"@id\":\"https:\/\/noti-america.com\/site\/venezuela\/2023\/11\/17\/plan-cultura-para-el-alma-de-la-gobernacion-llegara-a-todas-las-escuelas-del-zulia\/\"},\"author\":{\"name\":\"Hendrick Garcia\",\"@id\":\"https:\/\/noti-america.com\/site\/venezuela\/#\/schema\/person\/2f37ed06a1cd058e8d611b3d42cce678\"},\"headline\":\"Plan Cultura para el Alma de la Gobernaci\u00f3n llegar\u00e1 a todas las escuelas del Zulia\",\"datePublished\":\"2023-11-17T15:51:55+00:00\",\"mainEntityOfPage\":{\"@id\":\"https:\/\/noti-america.com\/site\/venezuela\/2023\/11\/17\/plan-cultura-para-el-alma-de-la-gobernacion-llegara-a-todas-las-escuelas-del-zulia\/\"},\"wordCount\":424,\"commentCount\":0,\"publisher\":{\"@id\":\"https:\/\/noti-america.com\/site\/venezuela\/#organization\"},\"image\":{\"@id\":\"https:\/\/noti-america.com\/site\/venezuela\/2023\/11\/17\/plan-cultura-para-el-alma-de-la-gobernacion-llegara-a-todas-las-escuelas-del-zulia\/#primaryimage\"},\"thumbnailUrl\":\"https:\/\/noti-america.com\/site\/venezuela\/wp-content\/uploads\/sites\/2\/2023\/11\/IMG-20231117-WA0240.jpg\",\"keywords\":[\"zulia\"],\"articleSection\":[\"Cultura\",\"Venezuela\"],\"inLanguage\":\"es\",\"potentialAction\":[{\"@type\":\"CommentAction\",\"name\":\"Comment\",\"target\":[\"https:\/\/noti-america.com\/site\/venezuela\/2023\/11\/17\/plan-cultura-para-el-alma-de-la-gobernacion-llegara-a-todas-las-escuelas-del-zulia\/#respond\"]}]},{\"@type\":\"WebPage\",\"@id\":\"https:\/\/noti-america.com\/site\/venezuela\/2023\/11\/17\/plan-cultura-para-el-alma-de-la-gobernacion-llegara-a-todas-las-escuelas-del-zulia\/\",\"url\":\"https:\/\/noti-america.com\/site\/venezuela\/2023\/11\/17\/plan-cultura-para-el-alma-de-la-gobernacion-llegara-a-todas-las-escuelas-del-zulia\/\",\"name\":\"Plan Cultura para el Alma de la Gobernaci\u00f3n llegar\u00e1 a todas las escuelas del Zulia - Venezuela | Noti-America.com\",\"isPartOf\":{\"@id\":\"https:\/\/noti-america.com\/site\/venezuela\/#website\"},\"primaryImageOfPage\":{\"@id\":\"https:\/\/noti-america.com\/site\/venezuela\/2023\/11\/17\/plan-cultura-para-el-alma-de-la-gobernacion-llegara-a-todas-las-escuelas-del-zulia\/#primaryimage\"},\"image\":{\"@id\":\"https:\/\/noti-america.com\/site\/venezuela\/2023\/11\/17\/plan-cultura-para-el-alma-de-la-gobernacion-llegara-a-todas-las-escuelas-del-zulia\/#primaryimage\"},\"thumbnailUrl\":\"https:\/\/noti-america.com\/site\/venezuela\/wp-content\/uploads\/sites\/2\/2023\/11\/IMG-20231117-WA0240.jpg\",\"datePublished\":\"2023-11-17T15:51:55+00:00\",\"breadcrumb\":{\"@id\":\"https:\/\/noti-america.com\/site\/venezuela\/2023\/11\/17\/plan-cultura-para-el-alma-de-la-gobernacion-llegara-a-todas-las-escuelas-del-zulia\/#breadcrumb\"},\"inLanguage\":\"es\",\"potentialAction\":[{\"@type\":\"ReadAction\",\"target\":[\"https:\/\/noti-america.com\/site\/venezuela\/2023\/11\/17\/plan-cultura-para-el-alma-de-la-gobernacion-llegara-a-todas-las-escuelas-del-zulia\/\"]}]},{\"@type\":\"ImageObject\",\"inLanguage\":\"es\",\"@id\":\"https:\/\/noti-america.com\/site\/venezuela\/2023\/11\/17\/plan-cultura-para-el-alma-de-la-gobernacion-llegara-a-todas-las-escuelas-del-zulia\/#primaryimage\",\"url\":\"https:\/\/noti-america.com\/site\/venezuela\/wp-content\/uploads\/sites\/2\/2023\/11\/IMG-20231117-WA0240.jpg\",\"contentUrl\":\"https:\/\/noti-america.com\/site\/venezuela\/wp-content\/uploads\/sites\/2\/2023\/11\/IMG-20231117-WA0240.jpg\",\"width\":960,\"height\":810},{\"@type\":\"BreadcrumbList\",\"@id\":\"https:\/\/noti-america.com\/site\/venezuela\/2023\/11\/17\/plan-cultura-para-el-alma-de-la-gobernacion-llegara-a-todas-las-escuelas-del-zulia\/#breadcrumb\",\"itemListElement\":[{\"@type\":\"ListItem\",\"position\":1,\"name\":\"Portada\",\"item\":\"https:\/\/noti-america.com\/site\/venezuela\/\"},{\"@type\":\"ListItem\",\"position\":2,\"name\":\"Plan Cultura para el Alma de la Gobernaci\u00f3n llegar\u00e1 a todas las escuelas del Zulia\"}]},{\"@type\":\"WebSite\",\"@id\":\"https:\/\/noti-america.com\/site\/venezuela\/#website\",\"url\":\"https:\/\/noti-america.com\/site\/venezuela\/\",\"name\":\"Venezuela | Noti-America.com\",\"description\":\"\",\"publisher\":{\"@id\":\"https:\/\/noti-america.com\/site\/venezuela\/#organization\"},\"potentialAction\":[{\"@type\":\"SearchAction\",\"target\":{\"@type\":\"EntryPoint\",\"urlTemplate\":\"https:\/\/noti-america.com\/site\/venezuela\/?s={search_term_string}\"},\"query-input\":{\"@type\":\"PropertyValueSpecification\",\"valueRequired\":true,\"valueName\":\"search_term_string\"}}],\"inLanguage\":\"es\"},{\"@type\":\"Organization\",\"@id\":\"https:\/\/noti-america.com\/site\/venezuela\/#organization\",\"name\":\"Noti-America LLC | Venezuela\",\"url\":\"https:\/\/noti-america.com\/site\/venezuela\/\",\"logo\":{\"@type\":\"ImageObject\",\"inLanguage\":\"es\",\"@id\":\"https:\/\/noti-america.com\/site\/venezuela\/#\/schema\/logo\/image\/\",\"url\":\"https:\/\/noti-america.com\/site\/venezuela\/wp-content\/uploads\/sites\/2\/2020\/07\/LogoNA-4x3-1.jpg\",\"contentUrl\":\"https:\/\/noti-america.com\/site\/venezuela\/wp-content\/uploads\/sites\/2\/2020\/07\/LogoNA-4x3-1.jpg\",\"width\":1236,\"height\":1080,\"caption\":\"Noti-America LLC | Venezuela\"},\"image\":{\"@id\":\"https:\/\/noti-america.com\/site\/venezuela\/#\/schema\/logo\/image\/\"}},{\"@type\":\"Person\",\"@id\":\"https:\/\/noti-america.com\/site\/venezuela\/#\/schema\/person\/2f37ed06a1cd058e8d611b3d42cce678\",\"name\":\"Hendrick Garcia\",\"image\":{\"@type\":\"ImageObject\",\"inLanguage\":\"es\",\"@id\":\"https:\/\/secure.gravatar.com\/avatar\/07f13ce868ede7f0937b7abbada276f430e4ed25cfff75dbe7f98f95ac02358c?s=96&d=mm&r=g\",\"url\":\"https:\/\/secure.gravatar.com\/avatar\/07f13ce868ede7f0937b7abbada276f430e4ed25cfff75dbe7f98f95ac02358c?s=96&d=mm&r=g\",\"contentUrl\":\"https:\/\/secure.gravatar.com\/avatar\/07f13ce868ede7f0937b7abbada276f430e4ed25cfff75dbe7f98f95ac02358c?s=96&d=mm&r=g\",\"caption\":\"Hendrick Garcia\"},\"url\":\"https:\/\/noti-america.com\/site\/venezuela\/author\/hegarcia\/\"}]}<\/script>\n<!-- \/ Yoast SEO Premium plugin. -->","yoast_head_json":{"title":"Plan Cultura para el Alma de la Gobernaci\u00f3n llegar\u00e1 a todas las escuelas del Zulia - Venezuela | Noti-America.com","robots":{"index":"index","follow":"follow","max-snippet":"max-snippet:-1","max-image-preview":"max-image-preview:large","max-video-preview":"max-video-preview:-1"},"canonical":"https:\/\/noti-america.com\/site\/venezuela\/2023\/11\/17\/plan-cultura-para-el-alma-de-la-gobernacion-llegara-a-todas-las-escuelas-del-zulia\/","og_locale":"es_ES","og_type":"article","og_title":"Plan Cultura para el Alma de la Gobernaci\u00f3n llegar\u00e1 a todas las escuelas del Zulia","og_description":"\u00abEl plan Cultura para el Alma es la necesidad de fortalecer las emociones en el ser humano, que le permita crecer y ver a la cultura como un hecho sociocultural\u00bb. As\u00ed lo expres\u00f3 la&#46;&#46;&#46;","og_url":"https:\/\/noti-america.com\/site\/venezuela\/2023\/11\/17\/plan-cultura-para-el-alma-de-la-gobernacion-llegara-a-todas-las-escuelas-del-zulia\/","og_site_name":"Venezuela | Noti-America.com","article_published_time":"2023-11-17T15:51:55+00:00","og_image":[{"width":960,"height":810,"url":"https:\/\/noti-america.com\/site\/venezuela\/wp-content\/uploads\/sites\/2\/2023\/11\/IMG-20231117-WA0240.jpg","type":"image\/jpeg"}],"author":"Hendrick Garcia","twitter_card":"summary_large_image","twitter_misc":{"Escrito por":"Hendrick Garcia","Tiempo estimado de lectura":"3 minutos"},"schema":{"@context":"https:\/\/schema.org","@graph":[{"@type":"Article","@id":"https:\/\/noti-america.com\/site\/venezuela\/2023\/11\/17\/plan-cultura-para-el-alma-de-la-gobernacion-llegara-a-todas-las-escuelas-del-zulia\/#article","isPartOf":{"@id":"https:\/\/noti-america.com\/site\/venezuela\/2023\/11\/17\/plan-cultura-para-el-alma-de-la-gobernacion-llegara-a-todas-las-escuelas-del-zulia\/"},"author":{"name":"Hendrick Garcia","@id":"https:\/\/noti-america.com\/site\/venezuela\/#\/schema\/person\/2f37ed06a1cd058e8d611b3d42cce678"},"headline":"Plan Cultura para el Alma de la Gobernaci\u00f3n llegar\u00e1 a todas las escuelas del Zulia","datePublished":"2023-11-17T15:51:55+00:00","mainEntityOfPage":{"@id":"https:\/\/noti-america.com\/site\/venezuela\/2023\/11\/17\/plan-cultura-para-el-alma-de-la-gobernacion-llegara-a-todas-las-escuelas-del-zulia\/"},"wordCount":424,"commentCount":0,"publisher":{"@id":"https:\/\/noti-america.com\/site\/venezuela\/#organization"},"image":{"@id":"https:\/\/noti-america.com\/site\/venezuela\/2023\/11\/17\/plan-cultura-para-el-alma-de-la-gobernacion-llegara-a-todas-las-escuelas-del-zulia\/#primaryimage"},"thumbnailUrl":"https:\/\/noti-america.com\/site\/venezuela\/wp-content\/uploads\/sites\/2\/2023\/11\/IMG-20231117-WA0240.jpg","keywords":["zulia"],"articleSection":["Cultura","Venezuela"],"inLanguage":"es","potentialAction":[{"@type":"CommentAction","name":"Comment","target":["https:\/\/noti-america.com\/site\/venezuela\/2023\/11\/17\/plan-cultura-para-el-alma-de-la-gobernacion-llegara-a-todas-las-escuelas-del-zulia\/#respond"]}]},{"@type":"WebPage","@id":"https:\/\/noti-america.com\/site\/venezuela\/2023\/11\/17\/plan-cultura-para-el-alma-de-la-gobernacion-llegara-a-todas-las-escuelas-del-zulia\/","url":"https:\/\/noti-america.com\/site\/venezuela\/2023\/11\/17\/plan-cultura-para-el-alma-de-la-gobernacion-llegara-a-todas-las-escuelas-del-zulia\/","name":"Plan Cultura para el Alma de la Gobernaci\u00f3n llegar\u00e1 a todas las escuelas del Zulia - Venezuela | Noti-America.com","isPartOf":{"@id":"https:\/\/noti-america.com\/site\/venezuela\/#website"},"primaryImageOfPage":{"@id":"https:\/\/noti-america.com\/site\/venezuela\/2023\/11\/17\/plan-cultura-para-el-alma-de-la-gobernacion-llegara-a-todas-las-escuelas-del-zulia\/#primaryimage"},"image":{"@id":"https:\/\/noti-america.com\/site\/venezuela\/2023\/11\/17\/plan-cultura-para-el-alma-de-la-gobernacion-llegara-a-todas-las-escuelas-del-zulia\/#primaryimage"},"thumbnailUrl":"https:\/\/noti-america.com\/site\/venezuela\/wp-content\/uploads\/sites\/2\/2023\/11\/IMG-20231117-WA0240.jpg","datePublished":"2023-11-17T15:51:55+00:00","breadcrumb":{"@id":"https:\/\/noti-america.com\/site\/venezuela\/2023\/11\/17\/plan-cultura-para-el-alma-de-la-gobernacion-llegara-a-todas-las-escuelas-del-zulia\/#breadcrumb"},"inLanguage":"es","potentialAction":[{"@type":"ReadAction","target":["https:\/\/noti-america.com\/site\/venezuela\/2023\/11\/17\/plan-cultura-para-el-alma-de-la-gobernacion-llegara-a-todas-las-escuelas-del-zulia\/"]}]},{"@type":"ImageObject","inLanguage":"es","@id":"https:\/\/noti-america.com\/site\/venezuela\/2023\/11\/17\/plan-cultura-para-el-alma-de-la-gobernacion-llegara-a-todas-las-escuelas-del-zulia\/#primaryimage","url":"https:\/\/noti-america.com\/site\/venezuela\/wp-content\/uploads\/sites\/2\/2023\/11\/IMG-20231117-WA0240.jpg","contentUrl":"https:\/\/noti-america.com\/site\/venezuela\/wp-content\/uploads\/sites\/2\/2023\/11\/IMG-20231117-WA0240.jpg","width":960,"height":810},{"@type":"BreadcrumbList","@id":"https:\/\/noti-america.com\/site\/venezuela\/2023\/11\/17\/plan-cultura-para-el-alma-de-la-gobernacion-llegara-a-todas-las-escuelas-del-zulia\/#breadcrumb","itemListElement":[{"@type":"ListItem","position":1,"name":"Portada","item":"https:\/\/noti-america.com\/site\/venezuela\/"},{"@type":"ListItem","position":2,"name":"Plan Cultura para el Alma de la Gobernaci\u00f3n llegar\u00e1 a todas las escuelas del Zulia"}]},{"@type":"WebSite","@id":"https:\/\/noti-america.com\/site\/venezuela\/#website","url":"https:\/\/noti-america.com\/site\/venezuela\/","name":"Venezuela | Noti-America.com","description":"","publisher":{"@id":"https:\/\/noti-america.com\/site\/venezuela\/#organization"},"potentialAction":[{"@type":"SearchAction","target":{"@type":"EntryPoint","urlTemplate":"https:\/\/noti-america.com\/site\/venezuela\/?s={search_term_string}"},"query-input":{"@type":"PropertyValueSpecification","valueRequired":true,"valueName":"search_term_string"}}],"inLanguage":"es"},{"@type":"Organization","@id":"https:\/\/noti-america.com\/site\/venezuela\/#organization","name":"Noti-America LLC | Venezuela","url":"https:\/\/noti-america.com\/site\/venezuela\/","logo":{"@type":"ImageObject","inLanguage":"es","@id":"https:\/\/noti-america.com\/site\/venezuela\/#\/schema\/logo\/image\/","url":"https:\/\/noti-america.com\/site\/venezuela\/wp-content\/uploads\/sites\/2\/2020\/07\/LogoNA-4x3-1.jpg","contentUrl":"https:\/\/noti-america.com\/site\/venezuela\/wp-content\/uploads\/sites\/2\/2020\/07\/LogoNA-4x3-1.jpg","width":1236,"height":1080,"caption":"Noti-America LLC | Venezuela"},"image":{"@id":"https:\/\/noti-america.com\/site\/venezuela\/#\/schema\/logo\/image\/"}},{"@type":"Person","@id":"https:\/\/noti-america.com\/site\/venezuela\/#\/schema\/person\/2f37ed06a1cd058e8d611b3d42cce678","name":"Hendrick Garcia","image":{"@type":"ImageObject","inLanguage":"es","@id":"https:\/\/secure.gravatar.com\/avatar\/07f13ce868ede7f0937b7abbada276f430e4ed25cfff75dbe7f98f95ac02358c?s=96&d=mm&r=g","url":"https:\/\/secure.gravatar.com\/avatar\/07f13ce868ede7f0937b7abbada276f430e4ed25cfff75dbe7f98f95ac02358c?s=96&d=mm&r=g","contentUrl":"https:\/\/secure.gravatar.com\/avatar\/07f13ce868ede7f0937b7abbada276f430e4ed25cfff75dbe7f98f95ac02358c?s=96&d=mm&r=g","caption":"Hendrick Garcia"},"url":"https:\/\/noti-america.com\/site\/venezuela\/author\/hegarcia\/"}]}},"_links":{"self":[{"href":"https:\/\/noti-america.com\/site\/venezuela\/wp-json\/wp\/v2\/posts\/32576","targetHints":{"allow":["GET"]}}],"collection":[{"href":"https:\/\/noti-america.com\/site\/venezuela\/wp-json\/wp\/v2\/posts"}],"about":[{"href":"https:\/\/noti-america.com\/site\/venezuela\/wp-json\/wp\/v2\/types\/post"}],"author":[{"embeddable":true,"href":"https:\/\/noti-america.com\/site\/venezuela\/wp-json\/wp\/v2\/users\/40"}],"replies":[{"embeddable":true,"href":"https:\/\/noti-america.com\/site\/venezuela\/wp-json\/wp\/v2\/comments?post=32576"}],"version-history":[{"count":1,"href":"https:\/\/noti-america.com\/site\/venezuela\/wp-json\/wp\/v2\/posts\/32576\/revisions"}],"predecessor-version":[{"id":32579,"href":"https:\/\/noti-america.com\/site\/venezuela\/wp-json\/wp\/v2\/posts\/32576\/revisions\/32579"}],"wp:featuredmedia":[{"embeddable":true,"href":"https:\/\/noti-america.com\/site\/venezuela\/wp-json\/wp\/v2\/media\/32578"}],"wp:attachment":[{"href":"https:\/\/noti-america.com\/site\/venezuela\/wp-json\/wp\/v2\/media?parent=32576"}],"wp:term":[{"taxonomy":"category","embeddable":true,"href":"https:\/\/noti-america.com\/site\/venezuela\/wp-json\/wp\/v2\/categories?post=32576"},{"taxonomy":"post_tag","embeddable":true,"href":"https:\/\/noti-america.com\/site\/venezuela\/wp-json\/wp\/v2\/tags?post=32576"}],"curies":[{"name":"wp","href":"https:\/\/api.w.org\/{rel}","templated":true}]}}