{"id":32219,"date":"2023-11-08T11:22:58","date_gmt":"2023-11-08T11:22:58","guid":{"rendered":"https:\/\/noti-america.com\/site\/venezuela\/2023\/11\/08\/pacientes-oncologicas-reciben-taller-de-automaquillaje-en-el-hospital-miguel-perez-carreno-de-valencia\/"},"modified":"2023-11-08T15:23:16","modified_gmt":"2023-11-08T15:23:16","slug":"pacientes-oncologicas-reciben-taller-de-automaquillaje-en-el-hospital-miguel-perez-carreno-de-valencia","status":"publish","type":"post","link":"https:\/\/noti-america.com\/site\/venezuela\/2023\/11\/08\/pacientes-oncologicas-reciben-taller-de-automaquillaje-en-el-hospital-miguel-perez-carreno-de-valencia\/","title":{"rendered":"Pacientes oncol\u00f3gicas reciben Taller de Automaquillaje  en el Hospital Miguel P\u00e9rez Carre\u00f1o de Valencia"},"content":{"rendered":"<p><strong>NOTI-AMERICA.COM | VENEZUELA<\/strong><\/p>\n<p>Como parte del proyecto Maquillaje con prop\u00f3sito<\/p>\n<p style=\"text-align: center;\"><strong>Pacientes oncol\u00f3gicas reciben Taller de Automaquillaje <\/strong><\/p>\n<p style=\"text-align: center;\"><strong>en el Hospital Miguel P\u00e9rez Carre\u00f1o de Valencia<\/strong><\/p>\n<p>Como parte de su proyecto \u201cMaquillaje con prop\u00f3sito\u201d, la maquilladora Yanet Serrano dict\u00f3 un Taller de Automaquillaje para pacientes oncol\u00f3gicas en el Hospital Dr. Miguel P\u00e9rez Carre\u00f1o, actividad organizada en conjunto con la Fundaci\u00f3n de Quimioterapia Ambulatoria en pro del C\u00e1ncer de Mamas (Fundaquimio).<\/p>\n<p><img loading=\"lazy\" decoding=\"async\" class=\"alignnone size-medium wp-image-32220 aligncenter\" src=\"https:\/\/noti-america.com\/site\/venezuela\/wp-content\/uploads\/sites\/2\/2023\/11\/VENEZUELA-chiqui1-225x300.jpg\" alt=\"\" width=\"225\" height=\"300\" srcset=\"https:\/\/noti-america.com\/site\/venezuela\/wp-content\/uploads\/sites\/2\/2023\/11\/VENEZUELA-chiqui1-225x300.jpg 225w, https:\/\/noti-america.com\/site\/venezuela\/wp-content\/uploads\/sites\/2\/2023\/11\/VENEZUELA-chiqui1-768x1024.jpg 768w, https:\/\/noti-america.com\/site\/venezuela\/wp-content\/uploads\/sites\/2\/2023\/11\/VENEZUELA-chiqui1.jpg 810w\" sizes=\"auto, (max-width: 225px) 100vw, 225px\" \/><\/p>\n<p>De acuerdo a Serrano, su proyecto se basa en el maquillaje como herramienta de autocuidado y mejora de la autoestima de mujeres que se encuentran en tratamiento para superar esta enfermedad, cuyas secuelas las afecta f\u00edsicamente.<\/p>\n<p>Desde hace casi 6 meses, esta artista del maquillaje social acude semanalmente al referido centro hospitalario para participar en ese momento cumbre, como lo es el toque de campana que anuncia que una paciente se va de alta m\u00e9dica porque ha vencido el c\u00e1ncer.<\/p>\n<p><img loading=\"lazy\" decoding=\"async\" class=\"alignnone size-medium wp-image-32222 aligncenter\" src=\"https:\/\/noti-america.com\/site\/venezuela\/wp-content\/uploads\/sites\/2\/2023\/11\/VENEZUELA-chiqui2-225x300.jpg\" alt=\"\" width=\"225\" height=\"300\" srcset=\"https:\/\/noti-america.com\/site\/venezuela\/wp-content\/uploads\/sites\/2\/2023\/11\/VENEZUELA-chiqui2-225x300.jpg 225w, https:\/\/noti-america.com\/site\/venezuela\/wp-content\/uploads\/sites\/2\/2023\/11\/VENEZUELA-chiqui2-768x1024.jpg 768w, https:\/\/noti-america.com\/site\/venezuela\/wp-content\/uploads\/sites\/2\/2023\/11\/VENEZUELA-chiqui2.jpg 810w\" sizes=\"auto, (max-width: 225px) 100vw, 225px\" \/><\/p>\n<p>-Vamos a \u201cconsentir\u201d a las pacientes, en especial a quien ha culminado su ciclo de quimioterapia porque ha superado la enfermedad. Adem\u00e1s de acompa\u00f1arlas en tan importante momento, aprovecho de dictarles un taller de automaquillaje al resto de las pacientes que se encuentran en la sala de quimioterapia y les entrego premios e insumos m\u00e9dicos donados por diversas empresas-, explic\u00f3 la maquilladora.<\/p>\n<p>Record\u00f3 que, tal como lo indican las estad\u00edsticas de la Sociedad Anticancerosa de Venezuela (SAV), esta patolog\u00eda representa la segunda causa de muerte en el pa\u00eds y los efectos de esta patolog\u00eda sobre la autoestima pueden ser muy perturbadores.<\/p>\n<p><img loading=\"lazy\" decoding=\"async\" class=\"alignnone size-medium wp-image-32224 aligncenter\" src=\"https:\/\/noti-america.com\/site\/venezuela\/wp-content\/uploads\/sites\/2\/2023\/11\/VENEZUELA-chiqui3-225x300.jpg\" alt=\"\" width=\"225\" height=\"300\" srcset=\"https:\/\/noti-america.com\/site\/venezuela\/wp-content\/uploads\/sites\/2\/2023\/11\/VENEZUELA-chiqui3-225x300.jpg 225w, https:\/\/noti-america.com\/site\/venezuela\/wp-content\/uploads\/sites\/2\/2023\/11\/VENEZUELA-chiqui3-768x1024.jpg 768w, https:\/\/noti-america.com\/site\/venezuela\/wp-content\/uploads\/sites\/2\/2023\/11\/VENEZUELA-chiqui3.jpg 810w\" sizes=\"auto, (max-width: 225px) 100vw, 225px\" \/><\/p>\n<p>Yanet Serrano, quien ejerci\u00f3 la docencia durante m\u00e1s de 20 a\u00f1os, expresa que a trav\u00e9s de su proyecto Maquillaje con Prop\u00f3sito, honra la salud de su madre, quien es sobreviviente de c\u00e1ncer de mamas y, junto a ella, conoci\u00f3 de cerca el doloroso proceso que viven muchas mujeres dej\u00e1ndolas sin cabello, cejas y pesta\u00f1as como consecuencia de las quimioterapias.<\/p>\n<p>\u201cLa idea es motivar las pacientes oncol\u00f3gicas a maquillarse para resaltar su belleza natural, pues est\u00e1 comprobado que esto sirve como terapia para mejorar la autoestima\u201d, coment\u00f3.<\/p>\n<p><img loading=\"lazy\" decoding=\"async\" class=\"alignnone size-medium wp-image-32226 aligncenter\" src=\"https:\/\/noti-america.com\/site\/venezuela\/wp-content\/uploads\/sites\/2\/2023\/11\/VENEZUELA-chiqui4-225x300.jpg\" alt=\"\" width=\"225\" height=\"300\" srcset=\"https:\/\/noti-america.com\/site\/venezuela\/wp-content\/uploads\/sites\/2\/2023\/11\/VENEZUELA-chiqui4-225x300.jpg 225w, https:\/\/noti-america.com\/site\/venezuela\/wp-content\/uploads\/sites\/2\/2023\/11\/VENEZUELA-chiqui4-768x1024.jpg 768w, https:\/\/noti-america.com\/site\/venezuela\/wp-content\/uploads\/sites\/2\/2023\/11\/VENEZUELA-chiqui4.jpg 810w\" sizes=\"auto, (max-width: 225px) 100vw, 225px\" \/><\/p>\n<p>Consultada sobre c\u00f3mo surgi\u00f3 su proyecto, Serrano cont\u00f3 que decidi\u00f3 dedicarse hace 6 a\u00f1os, cuando inici\u00f3 su formaci\u00f3n en la prestigiosa Academia Salerm, en Valencia, con reconocidos profesionales del maquillaje como Steven Jaramillo, Jes\u00fas Rivas y de Manuel Felipe Cabrera, director de maquillaje y estilismo del Miss Universo, de quienes ha recibido enriquecedores talleres y masterclass.<\/p>\n<p>Justamente durante su formaci\u00f3n, la madre de Yanet padeci\u00f3 c\u00e1ncer de mama, por lo que junto a ella conoci\u00f3 de cerca el doloroso proceso que viven muchas mujeres, cuya autoestima es golpeada por las secuelas que sufren su rostro y su cuerpo a ra\u00edz de las quimioterapias, dej\u00e1ndolas sin cabello, cejas y pesta\u00f1as.<\/p>\n<p><img loading=\"lazy\" decoding=\"async\" class=\"alignnone size-medium wp-image-32228 aligncenter\" src=\"https:\/\/noti-america.com\/site\/venezuela\/wp-content\/uploads\/sites\/2\/2023\/11\/VENEZUELA-chiqui5-225x300.jpg\" alt=\"\" width=\"225\" height=\"300\" srcset=\"https:\/\/noti-america.com\/site\/venezuela\/wp-content\/uploads\/sites\/2\/2023\/11\/VENEZUELA-chiqui5-225x300.jpg 225w, https:\/\/noti-america.com\/site\/venezuela\/wp-content\/uploads\/sites\/2\/2023\/11\/VENEZUELA-chiqui5-768x1024.jpg 768w, https:\/\/noti-america.com\/site\/venezuela\/wp-content\/uploads\/sites\/2\/2023\/11\/VENEZUELA-chiqui5.jpg 810w\" sizes=\"auto, (max-width: 225px) 100vw, 225px\" \/><\/p>\n<p>\u201cEs all\u00ed cuando me doy cuenta que estas mujeres necesitan de mucho apoyo emocional. Entonces, para honrar y compensar a la vida por la recuperaci\u00f3n de mi madre, decid\u00ed hacer algo que las ayude a recuperar la confianza en s\u00ed mismas. Y qu\u00e9 mejor manera de hacerlo ense\u00f1ando a las pacientes con c\u00e1ncer a maquillarse y minimizar las manchas en su rostro ocasionadas por la enfermedad\u201d, expresa la maquilladora.<\/p>\n<p>Explica que muchos terapeutas aseguran que el maquillaje y el cuidado de la piel en un paciente oncol\u00f3gico es fundamental, porque contribuye a la recuperaci\u00f3n, gracias al efecto directo en su autoestima.<\/p>\n<p>Su primer taller de automaquillaje a pacientes oncol\u00f3gicas se produjo en el Instituto Venezolano de Mastolog\u00eda ubicado en el Word Trade Center, donde present\u00f3 su proyecto al entonces director, el mast\u00f3logo Humberto L\u00f3pez Fern\u00e1ndez, quien de inmediato acogi\u00f3 la propuesta. Desde entonces, Yanet ha dictado all\u00ed talleres de automaquillaje all\u00ed, as\u00ed como en el Hospital Oncol\u00f3gico Dr. Miguel P\u00e9rez Carre\u00f1o y otras instituciones en el estado Carabobo.<\/p>\n<p><img loading=\"lazy\" decoding=\"async\" class=\"alignnone size-medium wp-image-32230 aligncenter\" src=\"https:\/\/noti-america.com\/site\/venezuela\/wp-content\/uploads\/sites\/2\/2023\/11\/VENEZUELA-chiqui6-258x300.jpg\" alt=\"\" width=\"258\" height=\"300\" srcset=\"https:\/\/noti-america.com\/site\/venezuela\/wp-content\/uploads\/sites\/2\/2023\/11\/VENEZUELA-chiqui6-258x300.jpg 258w, https:\/\/noti-america.com\/site\/venezuela\/wp-content\/uploads\/sites\/2\/2023\/11\/VENEZUELA-chiqui6.jpg 640w\" sizes=\"auto, (max-width: 258px) 100vw, 258px\" \/><\/p>\n<p>-Mi sue\u00f1o era que este proyecto llegara a mayor n\u00famero de mujeres y m\u00e1s all\u00e1 de las actividades propias de octubre, mes de la lucha contra el c\u00e1ncer. Es por ello que ahora acompa\u00f1o a las pacientes durante el toque de campana para celebrar su \u00faltima quimioterapia en este centro hospitalario, el momento m\u00e1s esperado por quienes sobreviven a esta enfermedad-, relata la entrevistada quien confes\u00f3 que su meta es tener su propia academia de maquillaje, destinada principalmente a las pacientes oncol\u00f3gica, porque considera que es un p\u00fablico que est\u00e1 desatendido y es uno de los que m\u00e1s puede apoyarse en este oficio.<\/p>\n<p><img loading=\"lazy\" decoding=\"async\" class=\"alignnone size-medium wp-image-32232 aligncenter\" src=\"https:\/\/noti-america.com\/site\/venezuela\/wp-content\/uploads\/sites\/2\/2023\/11\/VENEZUELA-chiqui7-225x300.jpg\" alt=\"\" width=\"225\" height=\"300\" srcset=\"https:\/\/noti-america.com\/site\/venezuela\/wp-content\/uploads\/sites\/2\/2023\/11\/VENEZUELA-chiqui7-225x300.jpg 225w, https:\/\/noti-america.com\/site\/venezuela\/wp-content\/uploads\/sites\/2\/2023\/11\/VENEZUELA-chiqui7-768x1024.jpg 768w, https:\/\/noti-america.com\/site\/venezuela\/wp-content\/uploads\/sites\/2\/2023\/11\/VENEZUELA-chiqui7.jpg 810w\" sizes=\"auto, (max-width: 225px) 100vw, 225px\" \/><\/p>\n<p><strong>Make-up no make-up <\/strong><\/p>\n<p>Al momento de maquillar, Yanet considera que, para lograr un acabado impecable, se debe iniciar con la preparaci\u00f3n de la piel mediante una limpieza profunda, hidrataci\u00f3n y protecci\u00f3n solar, rutina que todas las mujeres deben practicar todos los d\u00edas.<\/p>\n<p>Sobre su estilo profesional, se inclina por el empleo de la t\u00e9cnica make-up no make-up, \u201cporque considero que en el maquillaje debe prevalecer la premisa menos, es m\u00e1s, un estilo muy natural que resalta las facciones m\u00e1s importantes de cada quien y se adapta a todas las edades.<\/p>\n<p><img loading=\"lazy\" decoding=\"async\" class=\"alignnone size-medium wp-image-32234 aligncenter\" src=\"https:\/\/noti-america.com\/site\/venezuela\/wp-content\/uploads\/sites\/2\/2023\/11\/VENEZUELA-chiqui8-225x300.jpg\" alt=\"\" width=\"225\" height=\"300\" srcset=\"https:\/\/noti-america.com\/site\/venezuela\/wp-content\/uploads\/sites\/2\/2023\/11\/VENEZUELA-chiqui8-225x300.jpg 225w, https:\/\/noti-america.com\/site\/venezuela\/wp-content\/uploads\/sites\/2\/2023\/11\/VENEZUELA-chiqui8-768x1024.jpg 768w, https:\/\/noti-america.com\/site\/venezuela\/wp-content\/uploads\/sites\/2\/2023\/11\/VENEZUELA-chiqui8.jpg 810w\" sizes=\"auto, (max-width: 225px) 100vw, 225px\" \/><\/p>\n<p>No obstante, esta artista del maquillaje dice que es muy importante escuchar lo que desea cada cliente, cu\u00e1les son las expectativas que tiene de c\u00f3mo quiere lucir, de acuerdo a la ocasi\u00f3n para la cual desea maquillarse.<\/p>\n<p>Sobre los tonos que est\u00e1n en tendencia, Yanet indic\u00f3 que las paletas dan preferencia a los colores c\u00e1lidos como marr\u00f3n y anaranjado que le ceden el foco al maquillaje de ojos, al tiempo que le aportan una textura cremosa para crear volumen en los labios.<\/p>\n<p><strong>Cr\u00e9ditos: Delia S\u00e1nchez \u2013 C.N.P. N\u00b0 9.550<\/strong><\/p>\n","protected":false},"excerpt":{"rendered":"<p>NOTI-AMERICA.COM | VENEZUELA Como parte del proyecto Maquillaje con prop\u00f3sito Pacientes oncol\u00f3gicas reciben Taller de Automaquillaje en el Hospital Miguel P\u00e9rez Carre\u00f1o de Valencia Como parte de su proyecto \u201cMaquillaje con prop\u00f3sito\u201d, la maquilladora&#46;&#46;&#46;<\/p>\n","protected":false},"author":2,"featured_media":32232,"comment_status":"open","ping_status":"open","sticky":false,"template":"","format":"image","meta":{"_acf_changed":false,"om_disable_all_campaigns":false,"rop_custom_images_group":[],"rop_custom_messages_group":[],"rop_publish_now":"initial","rop_publish_now_accounts":{"twitter_242054905_242054905":""},"rop_publish_now_history":[],"rop_publish_now_status":"pending","_uf_show_specific_survey":0,"_uf_disable_surveys":false,"footnotes":""},"categories":[132],"tags":[],"class_list":["post-32219","post","type-post","status-publish","format-image","has-post-thumbnail","hentry","category-actualidad","post_format-post-format-image"],"acf":[],"aioseo_notices":[],"yoast_head":"<!-- This site is optimized with the Yoast SEO Premium plugin v24.9 (Yoast SEO v27.2) - https:\/\/yoast.com\/product\/yoast-seo-premium-wordpress\/ -->\n<title>Pacientes oncol\u00f3gicas reciben Taller de Automaquillaje en el Hospital Miguel P\u00e9rez Carre\u00f1o de Valencia - Venezuela | Noti-America.com<\/title>\n<meta name=\"robots\" content=\"index, follow, max-snippet:-1, max-image-preview:large, max-video-preview:-1\" \/>\n<link rel=\"canonical\" href=\"https:\/\/noti-america.com\/site\/venezuela\/2023\/11\/08\/pacientes-oncologicas-reciben-taller-de-automaquillaje-en-el-hospital-miguel-perez-carreno-de-valencia\/\" \/>\n<meta property=\"og:locale\" content=\"es_ES\" \/>\n<meta property=\"og:type\" content=\"article\" \/>\n<meta property=\"og:title\" content=\"Pacientes oncol\u00f3gicas reciben Taller de Automaquillaje en el Hospital Miguel P\u00e9rez Carre\u00f1o de Valencia\" \/>\n<meta property=\"og:description\" content=\"NOTI-AMERICA.COM | VENEZUELA Como parte del proyecto Maquillaje con prop\u00f3sito Pacientes oncol\u00f3gicas reciben Taller de Automaquillaje en el Hospital Miguel P\u00e9rez Carre\u00f1o de Valencia Como parte de su proyecto \u201cMaquillaje con prop\u00f3sito\u201d, la maquilladora&#046;&#046;&#046;\" \/>\n<meta property=\"og:url\" content=\"https:\/\/noti-america.com\/site\/venezuela\/2023\/11\/08\/pacientes-oncologicas-reciben-taller-de-automaquillaje-en-el-hospital-miguel-perez-carreno-de-valencia\/\" \/>\n<meta property=\"og:site_name\" content=\"Venezuela | Noti-America.com\" \/>\n<meta property=\"article:published_time\" content=\"2023-11-08T11:22:58+00:00\" \/>\n<meta property=\"article:modified_time\" content=\"2023-11-08T15:23:16+00:00\" \/>\n<meta property=\"og:image\" content=\"https:\/\/noti-america.com\/site\/venezuela\/wp-content\/uploads\/sites\/2\/2023\/11\/VENEZUELA-chiqui7.jpg\" \/>\n\t<meta property=\"og:image:width\" content=\"810\" \/>\n\t<meta property=\"og:image:height\" content=\"1080\" \/>\n\t<meta property=\"og:image:type\" content=\"image\/jpeg\" \/>\n<meta name=\"author\" content=\"rloaiza\" \/>\n<meta name=\"twitter:card\" content=\"summary_large_image\" \/>\n<meta name=\"twitter:label1\" content=\"Escrito por\" \/>\n\t<meta name=\"twitter:data1\" content=\"rloaiza\" \/>\n\t<meta name=\"twitter:label2\" content=\"Tiempo estimado de lectura\" \/>\n\t<meta name=\"twitter:data2\" content=\"6 minutos\" \/>\n<script type=\"application\/ld+json\" class=\"yoast-schema-graph\">{\"@context\":\"https:\/\/schema.org\",\"@graph\":[{\"@type\":\"Article\",\"@id\":\"https:\/\/noti-america.com\/site\/venezuela\/2023\/11\/08\/pacientes-oncologicas-reciben-taller-de-automaquillaje-en-el-hospital-miguel-perez-carreno-de-valencia\/#article\",\"isPartOf\":{\"@id\":\"https:\/\/noti-america.com\/site\/venezuela\/2023\/11\/08\/pacientes-oncologicas-reciben-taller-de-automaquillaje-en-el-hospital-miguel-perez-carreno-de-valencia\/\"},\"author\":{\"name\":\"rloaiza\",\"@id\":\"https:\/\/noti-america.com\/site\/venezuela\/#\/schema\/person\/a2e478ba496331ce89bcd0c731cd6533\"},\"headline\":\"Pacientes oncol\u00f3gicas reciben Taller de Automaquillaje en el Hospital Miguel P\u00e9rez Carre\u00f1o de Valencia\",\"datePublished\":\"2023-11-08T11:22:58+00:00\",\"dateModified\":\"2023-11-08T15:23:16+00:00\",\"mainEntityOfPage\":{\"@id\":\"https:\/\/noti-america.com\/site\/venezuela\/2023\/11\/08\/pacientes-oncologicas-reciben-taller-de-automaquillaje-en-el-hospital-miguel-perez-carreno-de-valencia\/\"},\"wordCount\":982,\"commentCount\":0,\"publisher\":{\"@id\":\"https:\/\/noti-america.com\/site\/venezuela\/#organization\"},\"image\":{\"@id\":\"https:\/\/noti-america.com\/site\/venezuela\/2023\/11\/08\/pacientes-oncologicas-reciben-taller-de-automaquillaje-en-el-hospital-miguel-perez-carreno-de-valencia\/#primaryimage\"},\"thumbnailUrl\":\"https:\/\/noti-america.com\/site\/venezuela\/wp-content\/uploads\/sites\/2\/2023\/11\/VENEZUELA-chiqui7.jpg\",\"articleSection\":[\"Actualidad\"],\"inLanguage\":\"es\",\"potentialAction\":[{\"@type\":\"CommentAction\",\"name\":\"Comment\",\"target\":[\"https:\/\/noti-america.com\/site\/venezuela\/2023\/11\/08\/pacientes-oncologicas-reciben-taller-de-automaquillaje-en-el-hospital-miguel-perez-carreno-de-valencia\/#respond\"]}]},{\"@type\":\"WebPage\",\"@id\":\"https:\/\/noti-america.com\/site\/venezuela\/2023\/11\/08\/pacientes-oncologicas-reciben-taller-de-automaquillaje-en-el-hospital-miguel-perez-carreno-de-valencia\/\",\"url\":\"https:\/\/noti-america.com\/site\/venezuela\/2023\/11\/08\/pacientes-oncologicas-reciben-taller-de-automaquillaje-en-el-hospital-miguel-perez-carreno-de-valencia\/\",\"name\":\"Pacientes oncol\u00f3gicas reciben Taller de Automaquillaje en el Hospital Miguel P\u00e9rez Carre\u00f1o de Valencia - Venezuela | Noti-America.com\",\"isPartOf\":{\"@id\":\"https:\/\/noti-america.com\/site\/venezuela\/#website\"},\"primaryImageOfPage\":{\"@id\":\"https:\/\/noti-america.com\/site\/venezuela\/2023\/11\/08\/pacientes-oncologicas-reciben-taller-de-automaquillaje-en-el-hospital-miguel-perez-carreno-de-valencia\/#primaryimage\"},\"image\":{\"@id\":\"https:\/\/noti-america.com\/site\/venezuela\/2023\/11\/08\/pacientes-oncologicas-reciben-taller-de-automaquillaje-en-el-hospital-miguel-perez-carreno-de-valencia\/#primaryimage\"},\"thumbnailUrl\":\"https:\/\/noti-america.com\/site\/venezuela\/wp-content\/uploads\/sites\/2\/2023\/11\/VENEZUELA-chiqui7.jpg\",\"datePublished\":\"2023-11-08T11:22:58+00:00\",\"dateModified\":\"2023-11-08T15:23:16+00:00\",\"breadcrumb\":{\"@id\":\"https:\/\/noti-america.com\/site\/venezuela\/2023\/11\/08\/pacientes-oncologicas-reciben-taller-de-automaquillaje-en-el-hospital-miguel-perez-carreno-de-valencia\/#breadcrumb\"},\"inLanguage\":\"es\",\"potentialAction\":[{\"@type\":\"ReadAction\",\"target\":[\"https:\/\/noti-america.com\/site\/venezuela\/2023\/11\/08\/pacientes-oncologicas-reciben-taller-de-automaquillaje-en-el-hospital-miguel-perez-carreno-de-valencia\/\"]}]},{\"@type\":\"ImageObject\",\"inLanguage\":\"es\",\"@id\":\"https:\/\/noti-america.com\/site\/venezuela\/2023\/11\/08\/pacientes-oncologicas-reciben-taller-de-automaquillaje-en-el-hospital-miguel-perez-carreno-de-valencia\/#primaryimage\",\"url\":\"https:\/\/noti-america.com\/site\/venezuela\/wp-content\/uploads\/sites\/2\/2023\/11\/VENEZUELA-chiqui7.jpg\",\"contentUrl\":\"https:\/\/noti-america.com\/site\/venezuela\/wp-content\/uploads\/sites\/2\/2023\/11\/VENEZUELA-chiqui7.jpg\",\"width\":810,\"height\":1080},{\"@type\":\"BreadcrumbList\",\"@id\":\"https:\/\/noti-america.com\/site\/venezuela\/2023\/11\/08\/pacientes-oncologicas-reciben-taller-de-automaquillaje-en-el-hospital-miguel-perez-carreno-de-valencia\/#breadcrumb\",\"itemListElement\":[{\"@type\":\"ListItem\",\"position\":1,\"name\":\"Portada\",\"item\":\"https:\/\/noti-america.com\/site\/venezuela\/\"},{\"@type\":\"ListItem\",\"position\":2,\"name\":\"Pacientes oncol\u00f3gicas reciben Taller de Automaquillaje en el Hospital Miguel P\u00e9rez Carre\u00f1o de Valencia\"}]},{\"@type\":\"WebSite\",\"@id\":\"https:\/\/noti-america.com\/site\/venezuela\/#website\",\"url\":\"https:\/\/noti-america.com\/site\/venezuela\/\",\"name\":\"Venezuela | Noti-America.com\",\"description\":\"\",\"publisher\":{\"@id\":\"https:\/\/noti-america.com\/site\/venezuela\/#organization\"},\"potentialAction\":[{\"@type\":\"SearchAction\",\"target\":{\"@type\":\"EntryPoint\",\"urlTemplate\":\"https:\/\/noti-america.com\/site\/venezuela\/?s={search_term_string}\"},\"query-input\":{\"@type\":\"PropertyValueSpecification\",\"valueRequired\":true,\"valueName\":\"search_term_string\"}}],\"inLanguage\":\"es\"},{\"@type\":\"Organization\",\"@id\":\"https:\/\/noti-america.com\/site\/venezuela\/#organization\",\"name\":\"Noti-America LLC | Venezuela\",\"url\":\"https:\/\/noti-america.com\/site\/venezuela\/\",\"logo\":{\"@type\":\"ImageObject\",\"inLanguage\":\"es\",\"@id\":\"https:\/\/noti-america.com\/site\/venezuela\/#\/schema\/logo\/image\/\",\"url\":\"https:\/\/noti-america.com\/site\/venezuela\/wp-content\/uploads\/sites\/2\/2020\/07\/LogoNA-4x3-1.jpg\",\"contentUrl\":\"https:\/\/noti-america.com\/site\/venezuela\/wp-content\/uploads\/sites\/2\/2020\/07\/LogoNA-4x3-1.jpg\",\"width\":1236,\"height\":1080,\"caption\":\"Noti-America LLC | Venezuela\"},\"image\":{\"@id\":\"https:\/\/noti-america.com\/site\/venezuela\/#\/schema\/logo\/image\/\"}},{\"@type\":\"Person\",\"@id\":\"https:\/\/noti-america.com\/site\/venezuela\/#\/schema\/person\/a2e478ba496331ce89bcd0c731cd6533\",\"name\":\"rloaiza\",\"image\":{\"@type\":\"ImageObject\",\"inLanguage\":\"es\",\"@id\":\"https:\/\/secure.gravatar.com\/avatar\/190058e5d4427934610b99c45aa7a6558806850adedd53ddeddd194b04773e22?s=96&d=mm&r=g\",\"url\":\"https:\/\/secure.gravatar.com\/avatar\/190058e5d4427934610b99c45aa7a6558806850adedd53ddeddd194b04773e22?s=96&d=mm&r=g\",\"contentUrl\":\"https:\/\/secure.gravatar.com\/avatar\/190058e5d4427934610b99c45aa7a6558806850adedd53ddeddd194b04773e22?s=96&d=mm&r=g\",\"caption\":\"rloaiza\"},\"url\":\"https:\/\/noti-america.com\/site\/venezuela\/author\/rloaiza\/\"}]}<\/script>\n<!-- \/ Yoast SEO Premium plugin. -->","yoast_head_json":{"title":"Pacientes oncol\u00f3gicas reciben Taller de Automaquillaje en el Hospital Miguel P\u00e9rez Carre\u00f1o de Valencia - Venezuela | Noti-America.com","robots":{"index":"index","follow":"follow","max-snippet":"max-snippet:-1","max-image-preview":"max-image-preview:large","max-video-preview":"max-video-preview:-1"},"canonical":"https:\/\/noti-america.com\/site\/venezuela\/2023\/11\/08\/pacientes-oncologicas-reciben-taller-de-automaquillaje-en-el-hospital-miguel-perez-carreno-de-valencia\/","og_locale":"es_ES","og_type":"article","og_title":"Pacientes oncol\u00f3gicas reciben Taller de Automaquillaje en el Hospital Miguel P\u00e9rez Carre\u00f1o de Valencia","og_description":"NOTI-AMERICA.COM | VENEZUELA Como parte del proyecto Maquillaje con prop\u00f3sito Pacientes oncol\u00f3gicas reciben Taller de Automaquillaje en el Hospital Miguel P\u00e9rez Carre\u00f1o de Valencia Como parte de su proyecto \u201cMaquillaje con prop\u00f3sito\u201d, la maquilladora&#46;&#46;&#46;","og_url":"https:\/\/noti-america.com\/site\/venezuela\/2023\/11\/08\/pacientes-oncologicas-reciben-taller-de-automaquillaje-en-el-hospital-miguel-perez-carreno-de-valencia\/","og_site_name":"Venezuela | Noti-America.com","article_published_time":"2023-11-08T11:22:58+00:00","article_modified_time":"2023-11-08T15:23:16+00:00","og_image":[{"width":810,"height":1080,"url":"https:\/\/noti-america.com\/site\/venezuela\/wp-content\/uploads\/sites\/2\/2023\/11\/VENEZUELA-chiqui7.jpg","type":"image\/jpeg"}],"author":"rloaiza","twitter_card":"summary_large_image","twitter_misc":{"Escrito por":"rloaiza","Tiempo estimado de lectura":"6 minutos"},"schema":{"@context":"https:\/\/schema.org","@graph":[{"@type":"Article","@id":"https:\/\/noti-america.com\/site\/venezuela\/2023\/11\/08\/pacientes-oncologicas-reciben-taller-de-automaquillaje-en-el-hospital-miguel-perez-carreno-de-valencia\/#article","isPartOf":{"@id":"https:\/\/noti-america.com\/site\/venezuela\/2023\/11\/08\/pacientes-oncologicas-reciben-taller-de-automaquillaje-en-el-hospital-miguel-perez-carreno-de-valencia\/"},"author":{"name":"rloaiza","@id":"https:\/\/noti-america.com\/site\/venezuela\/#\/schema\/person\/a2e478ba496331ce89bcd0c731cd6533"},"headline":"Pacientes oncol\u00f3gicas reciben Taller de Automaquillaje en el Hospital Miguel P\u00e9rez Carre\u00f1o de Valencia","datePublished":"2023-11-08T11:22:58+00:00","dateModified":"2023-11-08T15:23:16+00:00","mainEntityOfPage":{"@id":"https:\/\/noti-america.com\/site\/venezuela\/2023\/11\/08\/pacientes-oncologicas-reciben-taller-de-automaquillaje-en-el-hospital-miguel-perez-carreno-de-valencia\/"},"wordCount":982,"commentCount":0,"publisher":{"@id":"https:\/\/noti-america.com\/site\/venezuela\/#organization"},"image":{"@id":"https:\/\/noti-america.com\/site\/venezuela\/2023\/11\/08\/pacientes-oncologicas-reciben-taller-de-automaquillaje-en-el-hospital-miguel-perez-carreno-de-valencia\/#primaryimage"},"thumbnailUrl":"https:\/\/noti-america.com\/site\/venezuela\/wp-content\/uploads\/sites\/2\/2023\/11\/VENEZUELA-chiqui7.jpg","articleSection":["Actualidad"],"inLanguage":"es","potentialAction":[{"@type":"CommentAction","name":"Comment","target":["https:\/\/noti-america.com\/site\/venezuela\/2023\/11\/08\/pacientes-oncologicas-reciben-taller-de-automaquillaje-en-el-hospital-miguel-perez-carreno-de-valencia\/#respond"]}]},{"@type":"WebPage","@id":"https:\/\/noti-america.com\/site\/venezuela\/2023\/11\/08\/pacientes-oncologicas-reciben-taller-de-automaquillaje-en-el-hospital-miguel-perez-carreno-de-valencia\/","url":"https:\/\/noti-america.com\/site\/venezuela\/2023\/11\/08\/pacientes-oncologicas-reciben-taller-de-automaquillaje-en-el-hospital-miguel-perez-carreno-de-valencia\/","name":"Pacientes oncol\u00f3gicas reciben Taller de Automaquillaje en el Hospital Miguel P\u00e9rez Carre\u00f1o de Valencia - Venezuela | Noti-America.com","isPartOf":{"@id":"https:\/\/noti-america.com\/site\/venezuela\/#website"},"primaryImageOfPage":{"@id":"https:\/\/noti-america.com\/site\/venezuela\/2023\/11\/08\/pacientes-oncologicas-reciben-taller-de-automaquillaje-en-el-hospital-miguel-perez-carreno-de-valencia\/#primaryimage"},"image":{"@id":"https:\/\/noti-america.com\/site\/venezuela\/2023\/11\/08\/pacientes-oncologicas-reciben-taller-de-automaquillaje-en-el-hospital-miguel-perez-carreno-de-valencia\/#primaryimage"},"thumbnailUrl":"https:\/\/noti-america.com\/site\/venezuela\/wp-content\/uploads\/sites\/2\/2023\/11\/VENEZUELA-chiqui7.jpg","datePublished":"2023-11-08T11:22:58+00:00","dateModified":"2023-11-08T15:23:16+00:00","breadcrumb":{"@id":"https:\/\/noti-america.com\/site\/venezuela\/2023\/11\/08\/pacientes-oncologicas-reciben-taller-de-automaquillaje-en-el-hospital-miguel-perez-carreno-de-valencia\/#breadcrumb"},"inLanguage":"es","potentialAction":[{"@type":"ReadAction","target":["https:\/\/noti-america.com\/site\/venezuela\/2023\/11\/08\/pacientes-oncologicas-reciben-taller-de-automaquillaje-en-el-hospital-miguel-perez-carreno-de-valencia\/"]}]},{"@type":"ImageObject","inLanguage":"es","@id":"https:\/\/noti-america.com\/site\/venezuela\/2023\/11\/08\/pacientes-oncologicas-reciben-taller-de-automaquillaje-en-el-hospital-miguel-perez-carreno-de-valencia\/#primaryimage","url":"https:\/\/noti-america.com\/site\/venezuela\/wp-content\/uploads\/sites\/2\/2023\/11\/VENEZUELA-chiqui7.jpg","contentUrl":"https:\/\/noti-america.com\/site\/venezuela\/wp-content\/uploads\/sites\/2\/2023\/11\/VENEZUELA-chiqui7.jpg","width":810,"height":1080},{"@type":"BreadcrumbList","@id":"https:\/\/noti-america.com\/site\/venezuela\/2023\/11\/08\/pacientes-oncologicas-reciben-taller-de-automaquillaje-en-el-hospital-miguel-perez-carreno-de-valencia\/#breadcrumb","itemListElement":[{"@type":"ListItem","position":1,"name":"Portada","item":"https:\/\/noti-america.com\/site\/venezuela\/"},{"@type":"ListItem","position":2,"name":"Pacientes oncol\u00f3gicas reciben Taller de Automaquillaje en el Hospital Miguel P\u00e9rez Carre\u00f1o de Valencia"}]},{"@type":"WebSite","@id":"https:\/\/noti-america.com\/site\/venezuela\/#website","url":"https:\/\/noti-america.com\/site\/venezuela\/","name":"Venezuela | Noti-America.com","description":"","publisher":{"@id":"https:\/\/noti-america.com\/site\/venezuela\/#organization"},"potentialAction":[{"@type":"SearchAction","target":{"@type":"EntryPoint","urlTemplate":"https:\/\/noti-america.com\/site\/venezuela\/?s={search_term_string}"},"query-input":{"@type":"PropertyValueSpecification","valueRequired":true,"valueName":"search_term_string"}}],"inLanguage":"es"},{"@type":"Organization","@id":"https:\/\/noti-america.com\/site\/venezuela\/#organization","name":"Noti-America LLC | Venezuela","url":"https:\/\/noti-america.com\/site\/venezuela\/","logo":{"@type":"ImageObject","inLanguage":"es","@id":"https:\/\/noti-america.com\/site\/venezuela\/#\/schema\/logo\/image\/","url":"https:\/\/noti-america.com\/site\/venezuela\/wp-content\/uploads\/sites\/2\/2020\/07\/LogoNA-4x3-1.jpg","contentUrl":"https:\/\/noti-america.com\/site\/venezuela\/wp-content\/uploads\/sites\/2\/2020\/07\/LogoNA-4x3-1.jpg","width":1236,"height":1080,"caption":"Noti-America LLC | Venezuela"},"image":{"@id":"https:\/\/noti-america.com\/site\/venezuela\/#\/schema\/logo\/image\/"}},{"@type":"Person","@id":"https:\/\/noti-america.com\/site\/venezuela\/#\/schema\/person\/a2e478ba496331ce89bcd0c731cd6533","name":"rloaiza","image":{"@type":"ImageObject","inLanguage":"es","@id":"https:\/\/secure.gravatar.com\/avatar\/190058e5d4427934610b99c45aa7a6558806850adedd53ddeddd194b04773e22?s=96&d=mm&r=g","url":"https:\/\/secure.gravatar.com\/avatar\/190058e5d4427934610b99c45aa7a6558806850adedd53ddeddd194b04773e22?s=96&d=mm&r=g","contentUrl":"https:\/\/secure.gravatar.com\/avatar\/190058e5d4427934610b99c45aa7a6558806850adedd53ddeddd194b04773e22?s=96&d=mm&r=g","caption":"rloaiza"},"url":"https:\/\/noti-america.com\/site\/venezuela\/author\/rloaiza\/"}]}},"_links":{"self":[{"href":"https:\/\/noti-america.com\/site\/venezuela\/wp-json\/wp\/v2\/posts\/32219","targetHints":{"allow":["GET"]}}],"collection":[{"href":"https:\/\/noti-america.com\/site\/venezuela\/wp-json\/wp\/v2\/posts"}],"about":[{"href":"https:\/\/noti-america.com\/site\/venezuela\/wp-json\/wp\/v2\/types\/post"}],"author":[{"embeddable":true,"href":"https:\/\/noti-america.com\/site\/venezuela\/wp-json\/wp\/v2\/users\/2"}],"replies":[{"embeddable":true,"href":"https:\/\/noti-america.com\/site\/venezuela\/wp-json\/wp\/v2\/comments?post=32219"}],"version-history":[{"count":5,"href":"https:\/\/noti-america.com\/site\/venezuela\/wp-json\/wp\/v2\/posts\/32219\/revisions"}],"predecessor-version":[{"id":32235,"href":"https:\/\/noti-america.com\/site\/venezuela\/wp-json\/wp\/v2\/posts\/32219\/revisions\/32235"}],"wp:featuredmedia":[{"embeddable":true,"href":"https:\/\/noti-america.com\/site\/venezuela\/wp-json\/wp\/v2\/media\/32232"}],"wp:attachment":[{"href":"https:\/\/noti-america.com\/site\/venezuela\/wp-json\/wp\/v2\/media?parent=32219"}],"wp:term":[{"taxonomy":"category","embeddable":true,"href":"https:\/\/noti-america.com\/site\/venezuela\/wp-json\/wp\/v2\/categories?post=32219"},{"taxonomy":"post_tag","embeddable":true,"href":"https:\/\/noti-america.com\/site\/venezuela\/wp-json\/wp\/v2\/tags?post=32219"}],"curies":[{"name":"wp","href":"https:\/\/api.w.org\/{rel}","templated":true}]}}