{"id":31567,"date":"2023-10-20T09:50:34","date_gmt":"2023-10-20T09:50:34","guid":{"rendered":"https:\/\/noti-america.com\/site\/venezuela\/?p=31567"},"modified":"2023-10-20T09:50:34","modified_gmt":"2023-10-20T09:50:34","slug":"multitudinaria-asistencia-en-la-caminata-rosa-2023-de-la-fundacion-divino-nino-de-ciudad-ojeda","status":"publish","type":"post","link":"https:\/\/noti-america.com\/site\/venezuela\/2023\/10\/20\/multitudinaria-asistencia-en-la-caminata-rosa-2023-de-la-fundacion-divino-nino-de-ciudad-ojeda\/","title":{"rendered":"MULTITUDINARIA ASISTENCIA EN LA CAMINATA ROSA 2023  DE LA FUNDACI\u00d3N DIVINO NI\u00d1O DE CIUDAD OJEDA"},"content":{"rendered":"\r\n<p style=\"text-align: justify\"><img loading=\"lazy\" decoding=\"async\" class=\"size-medium wp-image-31577 aligncenter\" src=\"https:\/\/noti-america.com\/site\/venezuela\/wp-content\/uploads\/sites\/2\/2023\/10\/IMG-20231019-WA0425-300x200.jpg\" alt=\"\" width=\"300\" height=\"200\" srcset=\"https:\/\/noti-america.com\/site\/venezuela\/wp-content\/uploads\/sites\/2\/2023\/10\/IMG-20231019-WA0425-300x200.jpg 300w, https:\/\/noti-america.com\/site\/venezuela\/wp-content\/uploads\/sites\/2\/2023\/10\/IMG-20231019-WA0425-1024x682.jpg 1024w, https:\/\/noti-america.com\/site\/venezuela\/wp-content\/uploads\/sites\/2\/2023\/10\/IMG-20231019-WA0425-768x512.jpg 768w, https:\/\/noti-america.com\/site\/venezuela\/wp-content\/uploads\/sites\/2\/2023\/10\/IMG-20231019-WA0425-1536x1024.jpg 1536w, https:\/\/noti-america.com\/site\/venezuela\/wp-content\/uploads\/sites\/2\/2023\/10\/IMG-20231019-WA0425-2048x1365.jpg 2048w, https:\/\/noti-america.com\/site\/venezuela\/wp-content\/uploads\/sites\/2\/2023\/10\/IMG-20231019-WA0425-272x182.jpg 272w\" sizes=\"auto, (max-width: 300px) 100vw, 300px\" \/><br \/><strong><em>M\u00e1s de 3 mil personas participaron en la actividad dedicada a la prevenci\u00f3n del c\u00e1ncer de mama<\/em><\/strong><br \/><br \/>Con una multitudinaria asistencia impregnada de emoci\u00f3n transcurri\u00f3 ayer en Ciudad Ojeda, municipio Lagunillas, el evento m\u00e1s esperado del a\u00f1o en la Costa Oriental del Lago; la \u201cCaminata Rosa 2023\u201d, actividad organizada por la Fundaci\u00f3n Divino Ni\u00f1o en el marco del D\u00eda Mundial de la Prevenci\u00f3n del C\u00e1ncer de Mama.<br \/><img loading=\"lazy\" decoding=\"async\" class=\"size-medium wp-image-31578 alignright\" src=\"https:\/\/noti-america.com\/site\/venezuela\/wp-content\/uploads\/sites\/2\/2023\/10\/IMG-20231019-WA0432-200x300.jpg\" alt=\"\" width=\"200\" height=\"300\" srcset=\"https:\/\/noti-america.com\/site\/venezuela\/wp-content\/uploads\/sites\/2\/2023\/10\/IMG-20231019-WA0432-200x300.jpg 200w, https:\/\/noti-america.com\/site\/venezuela\/wp-content\/uploads\/sites\/2\/2023\/10\/IMG-20231019-WA0432-682x1024.jpg 682w, https:\/\/noti-america.com\/site\/venezuela\/wp-content\/uploads\/sites\/2\/2023\/10\/IMG-20231019-WA0432-768x1152.jpg 768w, https:\/\/noti-america.com\/site\/venezuela\/wp-content\/uploads\/sites\/2\/2023\/10\/IMG-20231019-WA0432-1024x1536.jpg 1024w, https:\/\/noti-america.com\/site\/venezuela\/wp-content\/uploads\/sites\/2\/2023\/10\/IMG-20231019-WA0432-1365x2048.jpg 1365w, https:\/\/noti-america.com\/site\/venezuela\/wp-content\/uploads\/sites\/2\/2023\/10\/IMG-20231019-WA0432.jpg 1706w\" sizes=\"auto, (max-width: 200px) 100vw, 200px\" \/><br \/>Mucho entusiasmo, esperanza y fe, demostraron en su andar los miles de mujeres y hombres que, en grupo de amigos y familiares, atendieron la convocatoria de la Fundaci\u00f3n colmando as\u00ed las distintas avenidas y calles de la ciudad dispuesta para el recorrido que parti\u00f3 desde la Plaza Alonso de Ojeda hasta llegar al estacionamiento de Locatel. <br \/><img loading=\"lazy\" decoding=\"async\" class=\"size-medium wp-image-31576 alignleft\" src=\"https:\/\/noti-america.com\/site\/venezuela\/wp-content\/uploads\/sites\/2\/2023\/10\/IMG-20231020-WA0032-200x300.jpg\" alt=\"\" width=\"200\" height=\"300\" srcset=\"https:\/\/noti-america.com\/site\/venezuela\/wp-content\/uploads\/sites\/2\/2023\/10\/IMG-20231020-WA0032-200x300.jpg 200w, https:\/\/noti-america.com\/site\/venezuela\/wp-content\/uploads\/sites\/2\/2023\/10\/IMG-20231020-WA0032-682x1024.jpg 682w, https:\/\/noti-america.com\/site\/venezuela\/wp-content\/uploads\/sites\/2\/2023\/10\/IMG-20231020-WA0032-768x1152.jpg 768w, https:\/\/noti-america.com\/site\/venezuela\/wp-content\/uploads\/sites\/2\/2023\/10\/IMG-20231020-WA0032-1024x1536.jpg 1024w, https:\/\/noti-america.com\/site\/venezuela\/wp-content\/uploads\/sites\/2\/2023\/10\/IMG-20231020-WA0032-1365x2048.jpg 1365w, https:\/\/noti-america.com\/site\/venezuela\/wp-content\/uploads\/sites\/2\/2023\/10\/IMG-20231020-WA0032.jpg 1706w\" sizes=\"auto, (max-width: 200px) 100vw, 200px\" \/><br \/><strong>La Caminata Rosa 2023 estuvo encabezado por la directiva de la Fundaci\u00f3n Divino Ni\u00f1o, representada por su presidente Francisco P\u00e9rez, acompa\u00f1ado adem\u00e1s de representantes del gobierno local, Margarita de Mosquera, primera dama del Municipio Lagunillas, Mar\u00eda Claret Vel\u00e1squez, presidenta del Instituto de la Mujer del Municipio Lagunillas, e igualmente del alcalde del municipio Lagunillas, Jos\u00e9 Mosquera Adarme.<\/strong><\/p>\r\n<p style=\"text-align: justify\"><img loading=\"lazy\" decoding=\"async\" class=\"size-medium wp-image-31579 aligncenter\" src=\"https:\/\/noti-america.com\/site\/venezuela\/wp-content\/uploads\/sites\/2\/2023\/10\/IMG-20231019-WA0413-300x225.jpg\" alt=\"\" width=\"300\" height=\"225\" srcset=\"https:\/\/noti-america.com\/site\/venezuela\/wp-content\/uploads\/sites\/2\/2023\/10\/IMG-20231019-WA0413-300x225.jpg 300w, https:\/\/noti-america.com\/site\/venezuela\/wp-content\/uploads\/sites\/2\/2023\/10\/IMG-20231019-WA0413-1024x768.jpg 1024w, https:\/\/noti-america.com\/site\/venezuela\/wp-content\/uploads\/sites\/2\/2023\/10\/IMG-20231019-WA0413-768x576.jpg 768w, https:\/\/noti-america.com\/site\/venezuela\/wp-content\/uploads\/sites\/2\/2023\/10\/IMG-20231019-WA0413.jpg 1280w\" sizes=\"auto, (max-width: 300px) 100vw, 300px\" \/><br \/><em>El presidente de la Fundaci\u00f3n describi\u00f3 que \u201ctenemos hinchado de alegr\u00eda nuestros corazones y tambi\u00e9n inmensa satisfacci\u00f3n por el entusiasmo y alto sentido de humanidad demostrado por cada uno de los caminantes que, con inagotable esperanza y profunda FE, atendieron esta invitaci\u00f3n con el prop\u00f3sito de sensibilizar a la poblaci\u00f3n con un mensaje clave: la importancia de la detecci\u00f3n temprana para el oportuno diagn\u00f3stico de esta enfermedad pand\u00e9mica. <\/em><br \/><img loading=\"lazy\" decoding=\"async\" class=\"size-medium wp-image-31580 aligncenter\" src=\"https:\/\/noti-america.com\/site\/venezuela\/wp-content\/uploads\/sites\/2\/2023\/10\/IMG-20231019-WA0415-300x200.jpg\" alt=\"\" width=\"300\" height=\"200\" srcset=\"https:\/\/noti-america.com\/site\/venezuela\/wp-content\/uploads\/sites\/2\/2023\/10\/IMG-20231019-WA0415-300x200.jpg 300w, https:\/\/noti-america.com\/site\/venezuela\/wp-content\/uploads\/sites\/2\/2023\/10\/IMG-20231019-WA0415-1024x683.jpg 1024w, https:\/\/noti-america.com\/site\/venezuela\/wp-content\/uploads\/sites\/2\/2023\/10\/IMG-20231019-WA0415-768x512.jpg 768w, https:\/\/noti-america.com\/site\/venezuela\/wp-content\/uploads\/sites\/2\/2023\/10\/IMG-20231019-WA0415-272x182.jpg 272w, https:\/\/noti-america.com\/site\/venezuela\/wp-content\/uploads\/sites\/2\/2023\/10\/IMG-20231019-WA0415.jpg 1080w\" sizes=\"auto, (max-width: 300px) 100vw, 300px\" \/><br \/><em>Signific\u00f3 P\u00e9rez que la Fundaci\u00f3n Divino Ni\u00f1o sirve con amor al m\u00e1s necesitado, al m\u00e1s vulnerable y a todas aquellas personas que necesitan de una atenci\u00f3n de salud de calidad y oportuna. \u201cDurante 23 a\u00f1os hacemos de nuestra instituci\u00f3n un instrumento de Dios, de Jesucristo y de nuestra adorada Virgen Mar\u00eda, que seguramente en estos momentos acobija con su manto a todas las mujeres y hombres que enfrentan con gallard\u00eda y mucha FE el c\u00e1ncer de mama. A la bendici\u00f3n que recibimos de parte de nuestro Se\u00f1or todopoderoso digamos am\u00e9n\u201d.<\/em><br \/><br \/>El recorrido de la extraordinaria Caminata Rosa 2023 finaliz\u00f3 con \u00e9xito en las instalaciones de Locatel, lugar donde participaron en tarima agrupaciones musicales, organizaciones deportivas y cualificados instructores de la localidad, impartiendo bailo terapias y ejercicios funcionales a la multitud presente.<br \/><br \/>Fuente: Nota de Prensa<\/p>\r\n","protected":false},"excerpt":{"rendered":"<p>M\u00e1s de 3 mil personas participaron en la actividad dedicada a la prevenci\u00f3n del c\u00e1ncer de mama Con una multitudinaria asistencia impregnada de emoci\u00f3n transcurri\u00f3 ayer en Ciudad Ojeda, municipio Lagunillas, el evento m\u00e1s&#46;&#46;&#46;<\/p>\n","protected":false},"author":40,"featured_media":31581,"comment_status":"open","ping_status":"open","sticky":false,"template":"","format":"standard","meta":{"_acf_changed":false,"om_disable_all_campaigns":false,"rop_custom_images_group":[],"rop_custom_messages_group":[],"rop_publish_now":"initial","rop_publish_now_accounts":{"twitter_242054905_242054905":""},"rop_publish_now_history":[],"rop_publish_now_status":"pending","_uf_show_specific_survey":0,"_uf_disable_surveys":false,"footnotes":""},"categories":[156,13],"tags":[221,222],"class_list":["post-31567","post","type-post","status-publish","format-standard","has-post-thumbnail","hentry","category-venezuela","category-vida-y-salud","tag-ciudad-ojeda","tag-zulia"],"acf":[],"aioseo_notices":[],"yoast_head":"<!-- This site is optimized with the Yoast SEO Premium plugin v24.9 (Yoast SEO v27.2) - https:\/\/yoast.com\/product\/yoast-seo-premium-wordpress\/ -->\n<title>MULTITUDINARIA ASISTENCIA EN LA CAMINATA ROSA 2023 DE LA FUNDACI\u00d3N DIVINO NI\u00d1O DE CIUDAD OJEDA - Venezuela | Noti-America.com<\/title>\n<meta name=\"robots\" content=\"index, follow, max-snippet:-1, max-image-preview:large, max-video-preview:-1\" \/>\n<link rel=\"canonical\" href=\"https:\/\/noti-america.com\/site\/venezuela\/2023\/10\/20\/multitudinaria-asistencia-en-la-caminata-rosa-2023-de-la-fundacion-divino-nino-de-ciudad-ojeda\/\" \/>\n<meta property=\"og:locale\" content=\"es_ES\" \/>\n<meta property=\"og:type\" content=\"article\" \/>\n<meta property=\"og:title\" content=\"MULTITUDINARIA ASISTENCIA EN LA CAMINATA ROSA 2023 DE LA FUNDACI\u00d3N DIVINO NI\u00d1O DE CIUDAD OJEDA\" \/>\n<meta property=\"og:description\" content=\"M\u00e1s de 3 mil personas participaron en la actividad dedicada a la prevenci\u00f3n del c\u00e1ncer de mama Con una multitudinaria asistencia impregnada de emoci\u00f3n transcurri\u00f3 ayer en Ciudad Ojeda, municipio Lagunillas, el evento m\u00e1s&#046;&#046;&#046;\" \/>\n<meta property=\"og:url\" content=\"https:\/\/noti-america.com\/site\/venezuela\/2023\/10\/20\/multitudinaria-asistencia-en-la-caminata-rosa-2023-de-la-fundacion-divino-nino-de-ciudad-ojeda\/\" \/>\n<meta property=\"og:site_name\" content=\"Venezuela | Noti-America.com\" \/>\n<meta property=\"article:published_time\" content=\"2023-10-20T09:50:34+00:00\" \/>\n<meta property=\"og:image\" content=\"https:\/\/noti-america.com\/site\/venezuela\/wp-content\/uploads\/sites\/2\/2023\/10\/IMG-20231019-WA0412.jpg\" \/>\n\t<meta property=\"og:image:width\" content=\"1080\" \/>\n\t<meta property=\"og:image:height\" content=\"720\" \/>\n\t<meta property=\"og:image:type\" content=\"image\/jpeg\" \/>\n<meta name=\"author\" content=\"Hendrick Garcia\" \/>\n<meta name=\"twitter:card\" content=\"summary_large_image\" \/>\n<meta name=\"twitter:label1\" content=\"Escrito por\" \/>\n\t<meta name=\"twitter:data1\" content=\"Hendrick Garcia\" \/>\n\t<meta name=\"twitter:label2\" content=\"Tiempo estimado de lectura\" \/>\n\t<meta name=\"twitter:data2\" content=\"3 minutos\" \/>\n<script type=\"application\/ld+json\" class=\"yoast-schema-graph\">{\"@context\":\"https:\/\/schema.org\",\"@graph\":[{\"@type\":\"Article\",\"@id\":\"https:\/\/noti-america.com\/site\/venezuela\/2023\/10\/20\/multitudinaria-asistencia-en-la-caminata-rosa-2023-de-la-fundacion-divino-nino-de-ciudad-ojeda\/#article\",\"isPartOf\":{\"@id\":\"https:\/\/noti-america.com\/site\/venezuela\/2023\/10\/20\/multitudinaria-asistencia-en-la-caminata-rosa-2023-de-la-fundacion-divino-nino-de-ciudad-ojeda\/\"},\"author\":{\"name\":\"Hendrick Garcia\",\"@id\":\"https:\/\/noti-america.com\/site\/venezuela\/#\/schema\/person\/2f37ed06a1cd058e8d611b3d42cce678\"},\"headline\":\"MULTITUDINARIA ASISTENCIA EN LA CAMINATA ROSA 2023 DE LA FUNDACI\u00d3N DIVINO NI\u00d1O DE CIUDAD OJEDA\",\"datePublished\":\"2023-10-20T09:50:34+00:00\",\"mainEntityOfPage\":{\"@id\":\"https:\/\/noti-america.com\/site\/venezuela\/2023\/10\/20\/multitudinaria-asistencia-en-la-caminata-rosa-2023-de-la-fundacion-divino-nino-de-ciudad-ojeda\/\"},\"wordCount\":437,\"commentCount\":0,\"publisher\":{\"@id\":\"https:\/\/noti-america.com\/site\/venezuela\/#organization\"},\"image\":{\"@id\":\"https:\/\/noti-america.com\/site\/venezuela\/2023\/10\/20\/multitudinaria-asistencia-en-la-caminata-rosa-2023-de-la-fundacion-divino-nino-de-ciudad-ojeda\/#primaryimage\"},\"thumbnailUrl\":\"https:\/\/noti-america.com\/site\/venezuela\/wp-content\/uploads\/sites\/2\/2023\/10\/IMG-20231019-WA0412.jpg\",\"keywords\":[\"ciudad ojeda\",\"zulia\"],\"articleSection\":[\"Venezuela\",\"Vida y Salud\"],\"inLanguage\":\"es\",\"potentialAction\":[{\"@type\":\"CommentAction\",\"name\":\"Comment\",\"target\":[\"https:\/\/noti-america.com\/site\/venezuela\/2023\/10\/20\/multitudinaria-asistencia-en-la-caminata-rosa-2023-de-la-fundacion-divino-nino-de-ciudad-ojeda\/#respond\"]}]},{\"@type\":\"WebPage\",\"@id\":\"https:\/\/noti-america.com\/site\/venezuela\/2023\/10\/20\/multitudinaria-asistencia-en-la-caminata-rosa-2023-de-la-fundacion-divino-nino-de-ciudad-ojeda\/\",\"url\":\"https:\/\/noti-america.com\/site\/venezuela\/2023\/10\/20\/multitudinaria-asistencia-en-la-caminata-rosa-2023-de-la-fundacion-divino-nino-de-ciudad-ojeda\/\",\"name\":\"MULTITUDINARIA ASISTENCIA EN LA CAMINATA ROSA 2023 DE LA FUNDACI\u00d3N DIVINO NI\u00d1O DE CIUDAD OJEDA - Venezuela | Noti-America.com\",\"isPartOf\":{\"@id\":\"https:\/\/noti-america.com\/site\/venezuela\/#website\"},\"primaryImageOfPage\":{\"@id\":\"https:\/\/noti-america.com\/site\/venezuela\/2023\/10\/20\/multitudinaria-asistencia-en-la-caminata-rosa-2023-de-la-fundacion-divino-nino-de-ciudad-ojeda\/#primaryimage\"},\"image\":{\"@id\":\"https:\/\/noti-america.com\/site\/venezuela\/2023\/10\/20\/multitudinaria-asistencia-en-la-caminata-rosa-2023-de-la-fundacion-divino-nino-de-ciudad-ojeda\/#primaryimage\"},\"thumbnailUrl\":\"https:\/\/noti-america.com\/site\/venezuela\/wp-content\/uploads\/sites\/2\/2023\/10\/IMG-20231019-WA0412.jpg\",\"datePublished\":\"2023-10-20T09:50:34+00:00\",\"breadcrumb\":{\"@id\":\"https:\/\/noti-america.com\/site\/venezuela\/2023\/10\/20\/multitudinaria-asistencia-en-la-caminata-rosa-2023-de-la-fundacion-divino-nino-de-ciudad-ojeda\/#breadcrumb\"},\"inLanguage\":\"es\",\"potentialAction\":[{\"@type\":\"ReadAction\",\"target\":[\"https:\/\/noti-america.com\/site\/venezuela\/2023\/10\/20\/multitudinaria-asistencia-en-la-caminata-rosa-2023-de-la-fundacion-divino-nino-de-ciudad-ojeda\/\"]}]},{\"@type\":\"ImageObject\",\"inLanguage\":\"es\",\"@id\":\"https:\/\/noti-america.com\/site\/venezuela\/2023\/10\/20\/multitudinaria-asistencia-en-la-caminata-rosa-2023-de-la-fundacion-divino-nino-de-ciudad-ojeda\/#primaryimage\",\"url\":\"https:\/\/noti-america.com\/site\/venezuela\/wp-content\/uploads\/sites\/2\/2023\/10\/IMG-20231019-WA0412.jpg\",\"contentUrl\":\"https:\/\/noti-america.com\/site\/venezuela\/wp-content\/uploads\/sites\/2\/2023\/10\/IMG-20231019-WA0412.jpg\",\"width\":1080,\"height\":720},{\"@type\":\"BreadcrumbList\",\"@id\":\"https:\/\/noti-america.com\/site\/venezuela\/2023\/10\/20\/multitudinaria-asistencia-en-la-caminata-rosa-2023-de-la-fundacion-divino-nino-de-ciudad-ojeda\/#breadcrumb\",\"itemListElement\":[{\"@type\":\"ListItem\",\"position\":1,\"name\":\"Portada\",\"item\":\"https:\/\/noti-america.com\/site\/venezuela\/\"},{\"@type\":\"ListItem\",\"position\":2,\"name\":\"MULTITUDINARIA ASISTENCIA EN LA CAMINATA ROSA 2023 DE LA FUNDACI\u00d3N DIVINO NI\u00d1O DE CIUDAD OJEDA\"}]},{\"@type\":\"WebSite\",\"@id\":\"https:\/\/noti-america.com\/site\/venezuela\/#website\",\"url\":\"https:\/\/noti-america.com\/site\/venezuela\/\",\"name\":\"Venezuela | Noti-America.com\",\"description\":\"\",\"publisher\":{\"@id\":\"https:\/\/noti-america.com\/site\/venezuela\/#organization\"},\"potentialAction\":[{\"@type\":\"SearchAction\",\"target\":{\"@type\":\"EntryPoint\",\"urlTemplate\":\"https:\/\/noti-america.com\/site\/venezuela\/?s={search_term_string}\"},\"query-input\":{\"@type\":\"PropertyValueSpecification\",\"valueRequired\":true,\"valueName\":\"search_term_string\"}}],\"inLanguage\":\"es\"},{\"@type\":\"Organization\",\"@id\":\"https:\/\/noti-america.com\/site\/venezuela\/#organization\",\"name\":\"Noti-America LLC | Venezuela\",\"url\":\"https:\/\/noti-america.com\/site\/venezuela\/\",\"logo\":{\"@type\":\"ImageObject\",\"inLanguage\":\"es\",\"@id\":\"https:\/\/noti-america.com\/site\/venezuela\/#\/schema\/logo\/image\/\",\"url\":\"https:\/\/noti-america.com\/site\/venezuela\/wp-content\/uploads\/sites\/2\/2020\/07\/LogoNA-4x3-1.jpg\",\"contentUrl\":\"https:\/\/noti-america.com\/site\/venezuela\/wp-content\/uploads\/sites\/2\/2020\/07\/LogoNA-4x3-1.jpg\",\"width\":1236,\"height\":1080,\"caption\":\"Noti-America LLC | Venezuela\"},\"image\":{\"@id\":\"https:\/\/noti-america.com\/site\/venezuela\/#\/schema\/logo\/image\/\"}},{\"@type\":\"Person\",\"@id\":\"https:\/\/noti-america.com\/site\/venezuela\/#\/schema\/person\/2f37ed06a1cd058e8d611b3d42cce678\",\"name\":\"Hendrick Garcia\",\"image\":{\"@type\":\"ImageObject\",\"inLanguage\":\"es\",\"@id\":\"https:\/\/secure.gravatar.com\/avatar\/07f13ce868ede7f0937b7abbada276f430e4ed25cfff75dbe7f98f95ac02358c?s=96&d=mm&r=g\",\"url\":\"https:\/\/secure.gravatar.com\/avatar\/07f13ce868ede7f0937b7abbada276f430e4ed25cfff75dbe7f98f95ac02358c?s=96&d=mm&r=g\",\"contentUrl\":\"https:\/\/secure.gravatar.com\/avatar\/07f13ce868ede7f0937b7abbada276f430e4ed25cfff75dbe7f98f95ac02358c?s=96&d=mm&r=g\",\"caption\":\"Hendrick Garcia\"},\"url\":\"https:\/\/noti-america.com\/site\/venezuela\/author\/hegarcia\/\"}]}<\/script>\n<!-- \/ Yoast SEO Premium plugin. -->","yoast_head_json":{"title":"MULTITUDINARIA ASISTENCIA EN LA CAMINATA ROSA 2023 DE LA FUNDACI\u00d3N DIVINO NI\u00d1O DE CIUDAD OJEDA - Venezuela | Noti-America.com","robots":{"index":"index","follow":"follow","max-snippet":"max-snippet:-1","max-image-preview":"max-image-preview:large","max-video-preview":"max-video-preview:-1"},"canonical":"https:\/\/noti-america.com\/site\/venezuela\/2023\/10\/20\/multitudinaria-asistencia-en-la-caminata-rosa-2023-de-la-fundacion-divino-nino-de-ciudad-ojeda\/","og_locale":"es_ES","og_type":"article","og_title":"MULTITUDINARIA ASISTENCIA EN LA CAMINATA ROSA 2023 DE LA FUNDACI\u00d3N DIVINO NI\u00d1O DE CIUDAD OJEDA","og_description":"M\u00e1s de 3 mil personas participaron en la actividad dedicada a la prevenci\u00f3n del c\u00e1ncer de mama Con una multitudinaria asistencia impregnada de emoci\u00f3n transcurri\u00f3 ayer en Ciudad Ojeda, municipio Lagunillas, el evento m\u00e1s&#46;&#46;&#46;","og_url":"https:\/\/noti-america.com\/site\/venezuela\/2023\/10\/20\/multitudinaria-asistencia-en-la-caminata-rosa-2023-de-la-fundacion-divino-nino-de-ciudad-ojeda\/","og_site_name":"Venezuela | Noti-America.com","article_published_time":"2023-10-20T09:50:34+00:00","og_image":[{"width":1080,"height":720,"url":"https:\/\/noti-america.com\/site\/venezuela\/wp-content\/uploads\/sites\/2\/2023\/10\/IMG-20231019-WA0412.jpg","type":"image\/jpeg"}],"author":"Hendrick Garcia","twitter_card":"summary_large_image","twitter_misc":{"Escrito por":"Hendrick Garcia","Tiempo estimado de lectura":"3 minutos"},"schema":{"@context":"https:\/\/schema.org","@graph":[{"@type":"Article","@id":"https:\/\/noti-america.com\/site\/venezuela\/2023\/10\/20\/multitudinaria-asistencia-en-la-caminata-rosa-2023-de-la-fundacion-divino-nino-de-ciudad-ojeda\/#article","isPartOf":{"@id":"https:\/\/noti-america.com\/site\/venezuela\/2023\/10\/20\/multitudinaria-asistencia-en-la-caminata-rosa-2023-de-la-fundacion-divino-nino-de-ciudad-ojeda\/"},"author":{"name":"Hendrick Garcia","@id":"https:\/\/noti-america.com\/site\/venezuela\/#\/schema\/person\/2f37ed06a1cd058e8d611b3d42cce678"},"headline":"MULTITUDINARIA ASISTENCIA EN LA CAMINATA ROSA 2023 DE LA FUNDACI\u00d3N DIVINO NI\u00d1O DE CIUDAD OJEDA","datePublished":"2023-10-20T09:50:34+00:00","mainEntityOfPage":{"@id":"https:\/\/noti-america.com\/site\/venezuela\/2023\/10\/20\/multitudinaria-asistencia-en-la-caminata-rosa-2023-de-la-fundacion-divino-nino-de-ciudad-ojeda\/"},"wordCount":437,"commentCount":0,"publisher":{"@id":"https:\/\/noti-america.com\/site\/venezuela\/#organization"},"image":{"@id":"https:\/\/noti-america.com\/site\/venezuela\/2023\/10\/20\/multitudinaria-asistencia-en-la-caminata-rosa-2023-de-la-fundacion-divino-nino-de-ciudad-ojeda\/#primaryimage"},"thumbnailUrl":"https:\/\/noti-america.com\/site\/venezuela\/wp-content\/uploads\/sites\/2\/2023\/10\/IMG-20231019-WA0412.jpg","keywords":["ciudad ojeda","zulia"],"articleSection":["Venezuela","Vida y Salud"],"inLanguage":"es","potentialAction":[{"@type":"CommentAction","name":"Comment","target":["https:\/\/noti-america.com\/site\/venezuela\/2023\/10\/20\/multitudinaria-asistencia-en-la-caminata-rosa-2023-de-la-fundacion-divino-nino-de-ciudad-ojeda\/#respond"]}]},{"@type":"WebPage","@id":"https:\/\/noti-america.com\/site\/venezuela\/2023\/10\/20\/multitudinaria-asistencia-en-la-caminata-rosa-2023-de-la-fundacion-divino-nino-de-ciudad-ojeda\/","url":"https:\/\/noti-america.com\/site\/venezuela\/2023\/10\/20\/multitudinaria-asistencia-en-la-caminata-rosa-2023-de-la-fundacion-divino-nino-de-ciudad-ojeda\/","name":"MULTITUDINARIA ASISTENCIA EN LA CAMINATA ROSA 2023 DE LA FUNDACI\u00d3N DIVINO NI\u00d1O DE CIUDAD OJEDA - Venezuela | Noti-America.com","isPartOf":{"@id":"https:\/\/noti-america.com\/site\/venezuela\/#website"},"primaryImageOfPage":{"@id":"https:\/\/noti-america.com\/site\/venezuela\/2023\/10\/20\/multitudinaria-asistencia-en-la-caminata-rosa-2023-de-la-fundacion-divino-nino-de-ciudad-ojeda\/#primaryimage"},"image":{"@id":"https:\/\/noti-america.com\/site\/venezuela\/2023\/10\/20\/multitudinaria-asistencia-en-la-caminata-rosa-2023-de-la-fundacion-divino-nino-de-ciudad-ojeda\/#primaryimage"},"thumbnailUrl":"https:\/\/noti-america.com\/site\/venezuela\/wp-content\/uploads\/sites\/2\/2023\/10\/IMG-20231019-WA0412.jpg","datePublished":"2023-10-20T09:50:34+00:00","breadcrumb":{"@id":"https:\/\/noti-america.com\/site\/venezuela\/2023\/10\/20\/multitudinaria-asistencia-en-la-caminata-rosa-2023-de-la-fundacion-divino-nino-de-ciudad-ojeda\/#breadcrumb"},"inLanguage":"es","potentialAction":[{"@type":"ReadAction","target":["https:\/\/noti-america.com\/site\/venezuela\/2023\/10\/20\/multitudinaria-asistencia-en-la-caminata-rosa-2023-de-la-fundacion-divino-nino-de-ciudad-ojeda\/"]}]},{"@type":"ImageObject","inLanguage":"es","@id":"https:\/\/noti-america.com\/site\/venezuela\/2023\/10\/20\/multitudinaria-asistencia-en-la-caminata-rosa-2023-de-la-fundacion-divino-nino-de-ciudad-ojeda\/#primaryimage","url":"https:\/\/noti-america.com\/site\/venezuela\/wp-content\/uploads\/sites\/2\/2023\/10\/IMG-20231019-WA0412.jpg","contentUrl":"https:\/\/noti-america.com\/site\/venezuela\/wp-content\/uploads\/sites\/2\/2023\/10\/IMG-20231019-WA0412.jpg","width":1080,"height":720},{"@type":"BreadcrumbList","@id":"https:\/\/noti-america.com\/site\/venezuela\/2023\/10\/20\/multitudinaria-asistencia-en-la-caminata-rosa-2023-de-la-fundacion-divino-nino-de-ciudad-ojeda\/#breadcrumb","itemListElement":[{"@type":"ListItem","position":1,"name":"Portada","item":"https:\/\/noti-america.com\/site\/venezuela\/"},{"@type":"ListItem","position":2,"name":"MULTITUDINARIA ASISTENCIA EN LA CAMINATA ROSA 2023 DE LA FUNDACI\u00d3N DIVINO NI\u00d1O DE CIUDAD OJEDA"}]},{"@type":"WebSite","@id":"https:\/\/noti-america.com\/site\/venezuela\/#website","url":"https:\/\/noti-america.com\/site\/venezuela\/","name":"Venezuela | Noti-America.com","description":"","publisher":{"@id":"https:\/\/noti-america.com\/site\/venezuela\/#organization"},"potentialAction":[{"@type":"SearchAction","target":{"@type":"EntryPoint","urlTemplate":"https:\/\/noti-america.com\/site\/venezuela\/?s={search_term_string}"},"query-input":{"@type":"PropertyValueSpecification","valueRequired":true,"valueName":"search_term_string"}}],"inLanguage":"es"},{"@type":"Organization","@id":"https:\/\/noti-america.com\/site\/venezuela\/#organization","name":"Noti-America LLC | Venezuela","url":"https:\/\/noti-america.com\/site\/venezuela\/","logo":{"@type":"ImageObject","inLanguage":"es","@id":"https:\/\/noti-america.com\/site\/venezuela\/#\/schema\/logo\/image\/","url":"https:\/\/noti-america.com\/site\/venezuela\/wp-content\/uploads\/sites\/2\/2020\/07\/LogoNA-4x3-1.jpg","contentUrl":"https:\/\/noti-america.com\/site\/venezuela\/wp-content\/uploads\/sites\/2\/2020\/07\/LogoNA-4x3-1.jpg","width":1236,"height":1080,"caption":"Noti-America LLC | Venezuela"},"image":{"@id":"https:\/\/noti-america.com\/site\/venezuela\/#\/schema\/logo\/image\/"}},{"@type":"Person","@id":"https:\/\/noti-america.com\/site\/venezuela\/#\/schema\/person\/2f37ed06a1cd058e8d611b3d42cce678","name":"Hendrick Garcia","image":{"@type":"ImageObject","inLanguage":"es","@id":"https:\/\/secure.gravatar.com\/avatar\/07f13ce868ede7f0937b7abbada276f430e4ed25cfff75dbe7f98f95ac02358c?s=96&d=mm&r=g","url":"https:\/\/secure.gravatar.com\/avatar\/07f13ce868ede7f0937b7abbada276f430e4ed25cfff75dbe7f98f95ac02358c?s=96&d=mm&r=g","contentUrl":"https:\/\/secure.gravatar.com\/avatar\/07f13ce868ede7f0937b7abbada276f430e4ed25cfff75dbe7f98f95ac02358c?s=96&d=mm&r=g","caption":"Hendrick Garcia"},"url":"https:\/\/noti-america.com\/site\/venezuela\/author\/hegarcia\/"}]}},"_links":{"self":[{"href":"https:\/\/noti-america.com\/site\/venezuela\/wp-json\/wp\/v2\/posts\/31567","targetHints":{"allow":["GET"]}}],"collection":[{"href":"https:\/\/noti-america.com\/site\/venezuela\/wp-json\/wp\/v2\/posts"}],"about":[{"href":"https:\/\/noti-america.com\/site\/venezuela\/wp-json\/wp\/v2\/types\/post"}],"author":[{"embeddable":true,"href":"https:\/\/noti-america.com\/site\/venezuela\/wp-json\/wp\/v2\/users\/40"}],"replies":[{"embeddable":true,"href":"https:\/\/noti-america.com\/site\/venezuela\/wp-json\/wp\/v2\/comments?post=31567"}],"version-history":[{"count":2,"href":"https:\/\/noti-america.com\/site\/venezuela\/wp-json\/wp\/v2\/posts\/31567\/revisions"}],"predecessor-version":[{"id":31582,"href":"https:\/\/noti-america.com\/site\/venezuela\/wp-json\/wp\/v2\/posts\/31567\/revisions\/31582"}],"wp:featuredmedia":[{"embeddable":true,"href":"https:\/\/noti-america.com\/site\/venezuela\/wp-json\/wp\/v2\/media\/31581"}],"wp:attachment":[{"href":"https:\/\/noti-america.com\/site\/venezuela\/wp-json\/wp\/v2\/media?parent=31567"}],"wp:term":[{"taxonomy":"category","embeddable":true,"href":"https:\/\/noti-america.com\/site\/venezuela\/wp-json\/wp\/v2\/categories?post=31567"},{"taxonomy":"post_tag","embeddable":true,"href":"https:\/\/noti-america.com\/site\/venezuela\/wp-json\/wp\/v2\/tags?post=31567"}],"curies":[{"name":"wp","href":"https:\/\/api.w.org\/{rel}","templated":true}]}}