{"id":31146,"date":"2023-10-03T00:17:08","date_gmt":"2023-10-03T00:17:08","guid":{"rendered":"https:\/\/noti-america.com\/site\/venezuela\/?p=31146"},"modified":"2023-10-03T00:28:50","modified_gmt":"2023-10-03T00:28:50","slug":"john-acosta-estreno-su-primer-largometraje","status":"publish","type":"post","link":"https:\/\/noti-america.com\/site\/venezuela\/2023\/10\/03\/john-acosta-estreno-su-primer-largometraje\/","title":{"rendered":"John Acosta estren\u00f3 su primer cortometraje"},"content":{"rendered":"<p><strong>John Acosta<\/strong>, el renombrado comediante, influencer y querido rostro de m\u00faltiples marcas, est\u00e1 listo para llevar su talento a nuevas alturas con el esperado lanzamiento de su primer cortometraje.<\/p>\n<p>&nbsp;<\/p>\n<p style=\"text-align: center\"><a href=\"https:\/\/www.instagram.com\/p\/Cx3JonlgmIh\/?hl=es\">https:\/\/www.instagram.com\/p\/Cx3JonlgmIh\/?hl=es<\/a><\/p>\n<p>&nbsp;<\/p>\n<p>Este proyecto innovador marca un emocionante giro en su carrera, demostrando que su creatividad no tiene l\u00edmites y su capacidad para sorprender a su audiencia es insuperable. El cortometraje, escrito y dirigido por el propio <strong>John Acosta<\/strong>, promete una trama cautivadora que explora las complejidades de las relaciones modernas.<\/p>\n<p>&nbsp;<\/p>\n<p>La historia gira en torno a una <strong>influencer y un delivery<\/strong>, dos personajes que representan dos mundos aparentemente distintos, pero que est\u00e1n destinados a cruzarse en un emocionante encuentro. John Acosta, conocido por su ingenio y carisma en el escenario de la comedia, ahora muestra su habilidad como narrador y director en esta obra audiovisual que promete risas, emociones y reflexiones en igual medida.<\/p>\n<p>&nbsp;<\/p>\n<p>Su dedicaci\u00f3n al proyecto es palpable, y su pasi\u00f3n por contar historias cautivadoras brilla en cada fotograma. Lo m\u00e1s emocionante es que John Acosta busca la participaci\u00f3n activa de sus seguidores y la prensa en este emocionante viaje. \u00c9l entiende la importancia de su audiencia y la valiosa perspectiva de la prensa en este proceso creativo.<\/p>\n<p>&nbsp;<\/p>\n<p>Los anima a unirse a \u00e9l en esta traves\u00eda compartiendo sus comentarios, opiniones y entusiasmo a medida que se despliega la historia. El cortometraje se transmitir\u00e1 exclusivamente a trav\u00e9s de su cuenta de Instagram <strong>@otroacosta<\/strong>, de lunes a viernes, a partir del <strong>9 de octubre de 2023<\/strong>.<\/p>\n<p>&nbsp;<\/p>\n<p>Esta plataforma ofrece una conexi\u00f3n \u00fanica con su audiencia, permitiendo que los espectadores se sumerjan completamente en la historia y se involucren en la conversaci\u00f3n en tiempo real. John Acosta tambi\u00e9n se enorgullece de contar con el patrocinio oficial de <strong>Central Madeirense<\/strong>, una marca que comparte su compromiso con la excelencia y la calidad.<\/p>\n<p>&nbsp;<\/p>\n<p>Su apoyo es fundamental para hacer posible este emocionante proyecto. Este es un emocionante cap\u00edtulo en la carrera multifac\u00e9tica de <strong>John Acosta<\/strong>, y su cortometraje promete ser una experiencia imperdible.<\/p>\n<p>&nbsp;<\/p>\n<p>La comedia se encuentra con el drama, la influencia se encuentra con la autenticidad, y el p\u00fablico se encuentra con una historia que tocar\u00e1 sus corazones.<\/p>\n<p>&nbsp;<\/p>\n","protected":false},"excerpt":{"rendered":"<p>John Acosta, el renombrado comediante, influencer y querido rostro de m\u00faltiples marcas, est\u00e1 listo para llevar su talento a nuevas alturas con el esperado lanzamiento de su primer cortometraje. &nbsp; https:\/\/www.instagram.com\/p\/Cx3JonlgmIh\/?hl=es &nbsp; Este proyecto&#46;&#46;&#46;<\/p>\n","protected":false},"author":127,"featured_media":31147,"comment_status":"open","ping_status":"open","sticky":false,"template":"","format":"image","meta":{"_acf_changed":false,"om_disable_all_campaigns":false,"rop_custom_images_group":[],"rop_custom_messages_group":[],"rop_publish_now":"initial","rop_publish_now_accounts":{"twitter_242054905_242054905":""},"rop_publish_now_history":[],"rop_publish_now_status":"pending","_uf_show_specific_survey":0,"_uf_disable_surveys":false,"footnotes":""},"categories":[8],"tags":[],"class_list":["post-31146","post","type-post","status-publish","format-image","has-post-thumbnail","hentry","category-arte-y-espectaculos","post_format-post-format-image"],"acf":[],"aioseo_notices":[],"yoast_head":"<!-- This site is optimized with the Yoast SEO Premium plugin v24.9 (Yoast SEO v27.2) - https:\/\/yoast.com\/product\/yoast-seo-premium-wordpress\/ -->\n<title>John Acosta estren\u00f3 su primer cortometraje - Venezuela | Noti-America.com<\/title>\n<meta name=\"robots\" content=\"index, follow, max-snippet:-1, max-image-preview:large, max-video-preview:-1\" \/>\n<link rel=\"canonical\" href=\"https:\/\/noti-america.com\/site\/venezuela\/2023\/10\/03\/john-acosta-estreno-su-primer-largometraje\/\" \/>\n<meta property=\"og:locale\" content=\"es_ES\" \/>\n<meta property=\"og:type\" content=\"article\" \/>\n<meta property=\"og:title\" content=\"John Acosta estren\u00f3 su primer cortometraje\" \/>\n<meta property=\"og:description\" content=\"John Acosta, el renombrado comediante, influencer y querido rostro de m\u00faltiples marcas, est\u00e1 listo para llevar su talento a nuevas alturas con el esperado lanzamiento de su primer cortometraje. &nbsp; https:\/\/www.instagram.com\/p\/Cx3JonlgmIh\/?hl=es &nbsp; Este proyecto&#046;&#046;&#046;\" \/>\n<meta property=\"og:url\" content=\"https:\/\/noti-america.com\/site\/venezuela\/2023\/10\/03\/john-acosta-estreno-su-primer-largometraje\/\" \/>\n<meta property=\"og:site_name\" content=\"Venezuela | Noti-America.com\" \/>\n<meta property=\"article:published_time\" content=\"2023-10-03T00:17:08+00:00\" \/>\n<meta property=\"article:modified_time\" content=\"2023-10-03T00:28:50+00:00\" \/>\n<meta property=\"og:image\" content=\"https:\/\/noti-america.com\/site\/venezuela\/wp-content\/uploads\/sites\/2\/2023\/10\/john.jpg\" \/>\n\t<meta property=\"og:image:width\" content=\"1024\" \/>\n\t<meta property=\"og:image:height\" content=\"1280\" \/>\n\t<meta property=\"og:image:type\" content=\"image\/jpeg\" \/>\n<meta name=\"author\" content=\"Yoelvzla\" \/>\n<meta name=\"twitter:card\" content=\"summary_large_image\" \/>\n<meta name=\"twitter:label1\" content=\"Escrito por\" \/>\n\t<meta name=\"twitter:data1\" content=\"Yoelvzla\" \/>\n\t<meta name=\"twitter:label2\" content=\"Tiempo estimado de lectura\" \/>\n\t<meta name=\"twitter:data2\" content=\"2 minutos\" \/>\n<script type=\"application\/ld+json\" class=\"yoast-schema-graph\">{\"@context\":\"https:\/\/schema.org\",\"@graph\":[{\"@type\":\"Article\",\"@id\":\"https:\/\/noti-america.com\/site\/venezuela\/2023\/10\/03\/john-acosta-estreno-su-primer-largometraje\/#article\",\"isPartOf\":{\"@id\":\"https:\/\/noti-america.com\/site\/venezuela\/2023\/10\/03\/john-acosta-estreno-su-primer-largometraje\/\"},\"author\":{\"name\":\"Yoelvzla\",\"@id\":\"https:\/\/noti-america.com\/site\/venezuela\/#\/schema\/person\/376ccc7b3cc7a8d5a43c3ece07a43857\"},\"headline\":\"John Acosta estren\u00f3 su primer cortometraje\",\"datePublished\":\"2023-10-03T00:17:08+00:00\",\"dateModified\":\"2023-10-03T00:28:50+00:00\",\"mainEntityOfPage\":{\"@id\":\"https:\/\/noti-america.com\/site\/venezuela\/2023\/10\/03\/john-acosta-estreno-su-primer-largometraje\/\"},\"wordCount\":392,\"commentCount\":0,\"publisher\":{\"@id\":\"https:\/\/noti-america.com\/site\/venezuela\/#organization\"},\"image\":{\"@id\":\"https:\/\/noti-america.com\/site\/venezuela\/2023\/10\/03\/john-acosta-estreno-su-primer-largometraje\/#primaryimage\"},\"thumbnailUrl\":\"https:\/\/noti-america.com\/site\/venezuela\/wp-content\/uploads\/sites\/2\/2023\/10\/john.jpg\",\"articleSection\":[\"Arte y Espect\u00e1culos\"],\"inLanguage\":\"es\",\"potentialAction\":[{\"@type\":\"CommentAction\",\"name\":\"Comment\",\"target\":[\"https:\/\/noti-america.com\/site\/venezuela\/2023\/10\/03\/john-acosta-estreno-su-primer-largometraje\/#respond\"]}]},{\"@type\":\"WebPage\",\"@id\":\"https:\/\/noti-america.com\/site\/venezuela\/2023\/10\/03\/john-acosta-estreno-su-primer-largometraje\/\",\"url\":\"https:\/\/noti-america.com\/site\/venezuela\/2023\/10\/03\/john-acosta-estreno-su-primer-largometraje\/\",\"name\":\"John Acosta estren\u00f3 su primer cortometraje - Venezuela | Noti-America.com\",\"isPartOf\":{\"@id\":\"https:\/\/noti-america.com\/site\/venezuela\/#website\"},\"primaryImageOfPage\":{\"@id\":\"https:\/\/noti-america.com\/site\/venezuela\/2023\/10\/03\/john-acosta-estreno-su-primer-largometraje\/#primaryimage\"},\"image\":{\"@id\":\"https:\/\/noti-america.com\/site\/venezuela\/2023\/10\/03\/john-acosta-estreno-su-primer-largometraje\/#primaryimage\"},\"thumbnailUrl\":\"https:\/\/noti-america.com\/site\/venezuela\/wp-content\/uploads\/sites\/2\/2023\/10\/john.jpg\",\"datePublished\":\"2023-10-03T00:17:08+00:00\",\"dateModified\":\"2023-10-03T00:28:50+00:00\",\"breadcrumb\":{\"@id\":\"https:\/\/noti-america.com\/site\/venezuela\/2023\/10\/03\/john-acosta-estreno-su-primer-largometraje\/#breadcrumb\"},\"inLanguage\":\"es\",\"potentialAction\":[{\"@type\":\"ReadAction\",\"target\":[\"https:\/\/noti-america.com\/site\/venezuela\/2023\/10\/03\/john-acosta-estreno-su-primer-largometraje\/\"]}]},{\"@type\":\"ImageObject\",\"inLanguage\":\"es\",\"@id\":\"https:\/\/noti-america.com\/site\/venezuela\/2023\/10\/03\/john-acosta-estreno-su-primer-largometraje\/#primaryimage\",\"url\":\"https:\/\/noti-america.com\/site\/venezuela\/wp-content\/uploads\/sites\/2\/2023\/10\/john.jpg\",\"contentUrl\":\"https:\/\/noti-america.com\/site\/venezuela\/wp-content\/uploads\/sites\/2\/2023\/10\/john.jpg\",\"width\":1024,\"height\":1280},{\"@type\":\"BreadcrumbList\",\"@id\":\"https:\/\/noti-america.com\/site\/venezuela\/2023\/10\/03\/john-acosta-estreno-su-primer-largometraje\/#breadcrumb\",\"itemListElement\":[{\"@type\":\"ListItem\",\"position\":1,\"name\":\"Portada\",\"item\":\"https:\/\/noti-america.com\/site\/venezuela\/\"},{\"@type\":\"ListItem\",\"position\":2,\"name\":\"John Acosta estren\u00f3 su primer cortometraje\"}]},{\"@type\":\"WebSite\",\"@id\":\"https:\/\/noti-america.com\/site\/venezuela\/#website\",\"url\":\"https:\/\/noti-america.com\/site\/venezuela\/\",\"name\":\"Venezuela | Noti-America.com\",\"description\":\"\",\"publisher\":{\"@id\":\"https:\/\/noti-america.com\/site\/venezuela\/#organization\"},\"potentialAction\":[{\"@type\":\"SearchAction\",\"target\":{\"@type\":\"EntryPoint\",\"urlTemplate\":\"https:\/\/noti-america.com\/site\/venezuela\/?s={search_term_string}\"},\"query-input\":{\"@type\":\"PropertyValueSpecification\",\"valueRequired\":true,\"valueName\":\"search_term_string\"}}],\"inLanguage\":\"es\"},{\"@type\":\"Organization\",\"@id\":\"https:\/\/noti-america.com\/site\/venezuela\/#organization\",\"name\":\"Noti-America LLC | Venezuela\",\"url\":\"https:\/\/noti-america.com\/site\/venezuela\/\",\"logo\":{\"@type\":\"ImageObject\",\"inLanguage\":\"es\",\"@id\":\"https:\/\/noti-america.com\/site\/venezuela\/#\/schema\/logo\/image\/\",\"url\":\"https:\/\/noti-america.com\/site\/venezuela\/wp-content\/uploads\/sites\/2\/2020\/07\/LogoNA-4x3-1.jpg\",\"contentUrl\":\"https:\/\/noti-america.com\/site\/venezuela\/wp-content\/uploads\/sites\/2\/2020\/07\/LogoNA-4x3-1.jpg\",\"width\":1236,\"height\":1080,\"caption\":\"Noti-America LLC | Venezuela\"},\"image\":{\"@id\":\"https:\/\/noti-america.com\/site\/venezuela\/#\/schema\/logo\/image\/\"}},{\"@type\":\"Person\",\"@id\":\"https:\/\/noti-america.com\/site\/venezuela\/#\/schema\/person\/376ccc7b3cc7a8d5a43c3ece07a43857\",\"name\":\"Yoelvzla\",\"image\":{\"@type\":\"ImageObject\",\"inLanguage\":\"es\",\"@id\":\"https:\/\/secure.gravatar.com\/avatar\/13a96a72123e0e9aa76fe82e8847f726c63a1c5ef6a8d0fadd844c1a5a83b212?s=96&d=mm&r=g\",\"url\":\"https:\/\/secure.gravatar.com\/avatar\/13a96a72123e0e9aa76fe82e8847f726c63a1c5ef6a8d0fadd844c1a5a83b212?s=96&d=mm&r=g\",\"contentUrl\":\"https:\/\/secure.gravatar.com\/avatar\/13a96a72123e0e9aa76fe82e8847f726c63a1c5ef6a8d0fadd844c1a5a83b212?s=96&d=mm&r=g\",\"caption\":\"Yoelvzla\"},\"url\":\"https:\/\/noti-america.com\/site\/venezuela\/author\/ydiaz\/\"}]}<\/script>\n<!-- \/ Yoast SEO Premium plugin. -->","yoast_head_json":{"title":"John Acosta estren\u00f3 su primer cortometraje - Venezuela | Noti-America.com","robots":{"index":"index","follow":"follow","max-snippet":"max-snippet:-1","max-image-preview":"max-image-preview:large","max-video-preview":"max-video-preview:-1"},"canonical":"https:\/\/noti-america.com\/site\/venezuela\/2023\/10\/03\/john-acosta-estreno-su-primer-largometraje\/","og_locale":"es_ES","og_type":"article","og_title":"John Acosta estren\u00f3 su primer cortometraje","og_description":"John Acosta, el renombrado comediante, influencer y querido rostro de m\u00faltiples marcas, est\u00e1 listo para llevar su talento a nuevas alturas con el esperado lanzamiento de su primer cortometraje. &nbsp; https:\/\/www.instagram.com\/p\/Cx3JonlgmIh\/?hl=es &nbsp; Este proyecto&#46;&#46;&#46;","og_url":"https:\/\/noti-america.com\/site\/venezuela\/2023\/10\/03\/john-acosta-estreno-su-primer-largometraje\/","og_site_name":"Venezuela | Noti-America.com","article_published_time":"2023-10-03T00:17:08+00:00","article_modified_time":"2023-10-03T00:28:50+00:00","og_image":[{"width":1024,"height":1280,"url":"https:\/\/noti-america.com\/site\/venezuela\/wp-content\/uploads\/sites\/2\/2023\/10\/john.jpg","type":"image\/jpeg"}],"author":"Yoelvzla","twitter_card":"summary_large_image","twitter_misc":{"Escrito por":"Yoelvzla","Tiempo estimado de lectura":"2 minutos"},"schema":{"@context":"https:\/\/schema.org","@graph":[{"@type":"Article","@id":"https:\/\/noti-america.com\/site\/venezuela\/2023\/10\/03\/john-acosta-estreno-su-primer-largometraje\/#article","isPartOf":{"@id":"https:\/\/noti-america.com\/site\/venezuela\/2023\/10\/03\/john-acosta-estreno-su-primer-largometraje\/"},"author":{"name":"Yoelvzla","@id":"https:\/\/noti-america.com\/site\/venezuela\/#\/schema\/person\/376ccc7b3cc7a8d5a43c3ece07a43857"},"headline":"John Acosta estren\u00f3 su primer cortometraje","datePublished":"2023-10-03T00:17:08+00:00","dateModified":"2023-10-03T00:28:50+00:00","mainEntityOfPage":{"@id":"https:\/\/noti-america.com\/site\/venezuela\/2023\/10\/03\/john-acosta-estreno-su-primer-largometraje\/"},"wordCount":392,"commentCount":0,"publisher":{"@id":"https:\/\/noti-america.com\/site\/venezuela\/#organization"},"image":{"@id":"https:\/\/noti-america.com\/site\/venezuela\/2023\/10\/03\/john-acosta-estreno-su-primer-largometraje\/#primaryimage"},"thumbnailUrl":"https:\/\/noti-america.com\/site\/venezuela\/wp-content\/uploads\/sites\/2\/2023\/10\/john.jpg","articleSection":["Arte y Espect\u00e1culos"],"inLanguage":"es","potentialAction":[{"@type":"CommentAction","name":"Comment","target":["https:\/\/noti-america.com\/site\/venezuela\/2023\/10\/03\/john-acosta-estreno-su-primer-largometraje\/#respond"]}]},{"@type":"WebPage","@id":"https:\/\/noti-america.com\/site\/venezuela\/2023\/10\/03\/john-acosta-estreno-su-primer-largometraje\/","url":"https:\/\/noti-america.com\/site\/venezuela\/2023\/10\/03\/john-acosta-estreno-su-primer-largometraje\/","name":"John Acosta estren\u00f3 su primer cortometraje - Venezuela | Noti-America.com","isPartOf":{"@id":"https:\/\/noti-america.com\/site\/venezuela\/#website"},"primaryImageOfPage":{"@id":"https:\/\/noti-america.com\/site\/venezuela\/2023\/10\/03\/john-acosta-estreno-su-primer-largometraje\/#primaryimage"},"image":{"@id":"https:\/\/noti-america.com\/site\/venezuela\/2023\/10\/03\/john-acosta-estreno-su-primer-largometraje\/#primaryimage"},"thumbnailUrl":"https:\/\/noti-america.com\/site\/venezuela\/wp-content\/uploads\/sites\/2\/2023\/10\/john.jpg","datePublished":"2023-10-03T00:17:08+00:00","dateModified":"2023-10-03T00:28:50+00:00","breadcrumb":{"@id":"https:\/\/noti-america.com\/site\/venezuela\/2023\/10\/03\/john-acosta-estreno-su-primer-largometraje\/#breadcrumb"},"inLanguage":"es","potentialAction":[{"@type":"ReadAction","target":["https:\/\/noti-america.com\/site\/venezuela\/2023\/10\/03\/john-acosta-estreno-su-primer-largometraje\/"]}]},{"@type":"ImageObject","inLanguage":"es","@id":"https:\/\/noti-america.com\/site\/venezuela\/2023\/10\/03\/john-acosta-estreno-su-primer-largometraje\/#primaryimage","url":"https:\/\/noti-america.com\/site\/venezuela\/wp-content\/uploads\/sites\/2\/2023\/10\/john.jpg","contentUrl":"https:\/\/noti-america.com\/site\/venezuela\/wp-content\/uploads\/sites\/2\/2023\/10\/john.jpg","width":1024,"height":1280},{"@type":"BreadcrumbList","@id":"https:\/\/noti-america.com\/site\/venezuela\/2023\/10\/03\/john-acosta-estreno-su-primer-largometraje\/#breadcrumb","itemListElement":[{"@type":"ListItem","position":1,"name":"Portada","item":"https:\/\/noti-america.com\/site\/venezuela\/"},{"@type":"ListItem","position":2,"name":"John Acosta estren\u00f3 su primer cortometraje"}]},{"@type":"WebSite","@id":"https:\/\/noti-america.com\/site\/venezuela\/#website","url":"https:\/\/noti-america.com\/site\/venezuela\/","name":"Venezuela | Noti-America.com","description":"","publisher":{"@id":"https:\/\/noti-america.com\/site\/venezuela\/#organization"},"potentialAction":[{"@type":"SearchAction","target":{"@type":"EntryPoint","urlTemplate":"https:\/\/noti-america.com\/site\/venezuela\/?s={search_term_string}"},"query-input":{"@type":"PropertyValueSpecification","valueRequired":true,"valueName":"search_term_string"}}],"inLanguage":"es"},{"@type":"Organization","@id":"https:\/\/noti-america.com\/site\/venezuela\/#organization","name":"Noti-America LLC | Venezuela","url":"https:\/\/noti-america.com\/site\/venezuela\/","logo":{"@type":"ImageObject","inLanguage":"es","@id":"https:\/\/noti-america.com\/site\/venezuela\/#\/schema\/logo\/image\/","url":"https:\/\/noti-america.com\/site\/venezuela\/wp-content\/uploads\/sites\/2\/2020\/07\/LogoNA-4x3-1.jpg","contentUrl":"https:\/\/noti-america.com\/site\/venezuela\/wp-content\/uploads\/sites\/2\/2020\/07\/LogoNA-4x3-1.jpg","width":1236,"height":1080,"caption":"Noti-America LLC | Venezuela"},"image":{"@id":"https:\/\/noti-america.com\/site\/venezuela\/#\/schema\/logo\/image\/"}},{"@type":"Person","@id":"https:\/\/noti-america.com\/site\/venezuela\/#\/schema\/person\/376ccc7b3cc7a8d5a43c3ece07a43857","name":"Yoelvzla","image":{"@type":"ImageObject","inLanguage":"es","@id":"https:\/\/secure.gravatar.com\/avatar\/13a96a72123e0e9aa76fe82e8847f726c63a1c5ef6a8d0fadd844c1a5a83b212?s=96&d=mm&r=g","url":"https:\/\/secure.gravatar.com\/avatar\/13a96a72123e0e9aa76fe82e8847f726c63a1c5ef6a8d0fadd844c1a5a83b212?s=96&d=mm&r=g","contentUrl":"https:\/\/secure.gravatar.com\/avatar\/13a96a72123e0e9aa76fe82e8847f726c63a1c5ef6a8d0fadd844c1a5a83b212?s=96&d=mm&r=g","caption":"Yoelvzla"},"url":"https:\/\/noti-america.com\/site\/venezuela\/author\/ydiaz\/"}]}},"_links":{"self":[{"href":"https:\/\/noti-america.com\/site\/venezuela\/wp-json\/wp\/v2\/posts\/31146","targetHints":{"allow":["GET"]}}],"collection":[{"href":"https:\/\/noti-america.com\/site\/venezuela\/wp-json\/wp\/v2\/posts"}],"about":[{"href":"https:\/\/noti-america.com\/site\/venezuela\/wp-json\/wp\/v2\/types\/post"}],"author":[{"embeddable":true,"href":"https:\/\/noti-america.com\/site\/venezuela\/wp-json\/wp\/v2\/users\/127"}],"replies":[{"embeddable":true,"href":"https:\/\/noti-america.com\/site\/venezuela\/wp-json\/wp\/v2\/comments?post=31146"}],"version-history":[{"count":3,"href":"https:\/\/noti-america.com\/site\/venezuela\/wp-json\/wp\/v2\/posts\/31146\/revisions"}],"predecessor-version":[{"id":31150,"href":"https:\/\/noti-america.com\/site\/venezuela\/wp-json\/wp\/v2\/posts\/31146\/revisions\/31150"}],"wp:featuredmedia":[{"embeddable":true,"href":"https:\/\/noti-america.com\/site\/venezuela\/wp-json\/wp\/v2\/media\/31147"}],"wp:attachment":[{"href":"https:\/\/noti-america.com\/site\/venezuela\/wp-json\/wp\/v2\/media?parent=31146"}],"wp:term":[{"taxonomy":"category","embeddable":true,"href":"https:\/\/noti-america.com\/site\/venezuela\/wp-json\/wp\/v2\/categories?post=31146"},{"taxonomy":"post_tag","embeddable":true,"href":"https:\/\/noti-america.com\/site\/venezuela\/wp-json\/wp\/v2\/tags?post=31146"}],"curies":[{"name":"wp","href":"https:\/\/api.w.org\/{rel}","templated":true}]}}