{"id":31089,"date":"2023-09-30T23:41:27","date_gmt":"2023-09-30T23:41:27","guid":{"rendered":"https:\/\/noti-america.com\/site\/venezuela\/?p=31089"},"modified":"2023-09-30T23:41:27","modified_gmt":"2023-09-30T23:41:27","slug":"conviasa-inaugura-su-vuelo-que-conecta-a-caracas-y-porlamar-con-barbados","status":"publish","type":"post","link":"https:\/\/noti-america.com\/site\/venezuela\/2023\/09\/30\/conviasa-inaugura-su-vuelo-que-conecta-a-caracas-y-porlamar-con-barbados\/","title":{"rendered":"Conviasa inaugura su vuelo que conecta a Caracas y Porlamar con Barbados"},"content":{"rendered":"<p>En el marco de la <strong>celebraci\u00f3n de 54 a\u00f1os<\/strong> de relaciones diplom\u00e1ticas entre <strong>Barbados y Venezuela<\/strong>, <strong>Conviasa<\/strong> inici\u00f3 este s\u00e1bado sus operaciones comerciales que conectan a las ciudades de <strong>Caracas y Porlamar con Bridgertown<\/strong>. Con este nuevo destino, la estatal aeron\u00e1utica suma su conexi\u00f3n internacional n\u00famero 14, puente a\u00e9reo que se establece tras 22 a\u00f1os desde que una aerol\u00ednea venezolana viaj\u00f3 a Barbados.<\/p>\n<p>&nbsp;<\/p>\n<p>La inauguraci\u00f3n de este destino estuvo a cargo del ministro del Poder Popular para el Transporte y presidente de <strong>Conviasa, Ram\u00f3n Vel\u00e1squez Araguay\u00e1n, ministro del Poder Popular para el Turismo, Al\u00ed Padr\u00f3n y el ministro de Relaciones Exteriores de Barbados, Kerrie Symmonds, quienes realizaron el tradicional corte de cinta, luego de que la aeronave Embraer 190 aterrizara en el Aeropuerto Internacional Grantley Adams.<\/strong><\/p>\n<p>&nbsp;<\/p>\n<p>El Ministro de Transporte se refiri\u00f3 a este vuelo como parte del crecimiento que refleja la aerol\u00ednea. \u00abPara este a\u00f1o la conectividad a\u00e9rea internacional va a estar sobre el 30% de crecimiento\u00bb. A esta expansi\u00f3n internacional tambi\u00e9n se incorporar\u00e1 el destino Argelia. \u00abLos pasajeros que aborden los aviones de Conviasa en Caracas y lleguen a Argelia, van a poder conectar con 31 destinos de pa\u00edses africanos, europeos y del medio oriente\u00bb, se\u00f1al\u00f3<strong> Vel\u00e1squez Araguay\u00e1n.\u00a0<\/strong><\/p>\n<p>&nbsp;<\/p>\n<p>En cuanto a las conexiones nacionales, indic\u00f3 que estiman cerrar el a\u00f1o con un crecimiento superior al 60%. \u00abPara los pr\u00f3ximos d\u00edas vamos a estar conectando localidades nacionales importantes como lo es Trujillo, Santa Elena de Uair\u00e9n, el Sur del Lago de Maracaibo con Santa B\u00e1rbara del Zulia y Yaracuy con su aeropuerto nacional\u00bb, agreg\u00f3. \u00a0 Asimismo, el tambi\u00e9n Presidente de Conviasa, destac\u00f3 la accesibilidad de la boleter\u00eda. \u00abEl costo de los pasajes est\u00e1 un 50% m\u00e1s econ\u00f3mico que conectar estos destinos con otra l\u00ednea a\u00e9rea\u00bb.<\/p>\n<p>&nbsp;<\/p>\n<p>Por su parte, el titular de la cartera de Turismo, Al\u00ed Padr\u00f3n, destac\u00f3 que este vuelo abre una nueva ventana para el turismo receptivo que llega desde Europa a Barbados y van a poder conectarse con los destinos venezolanos. \u00abNosotros le ofrecemos a Barbados el turismo de compras en la Isla de Margarita, esta conexi\u00f3n va a permitir ir incrementando las posibilidades de desarrollo del turismo receptivo y la oferta mega diversa que tiene Venezuela\u00bb, exalt\u00f3.<\/p>\n<p>&nbsp;<\/p>\n<p>Resalt\u00f3 la contante sincronizaci\u00f3n entre ambos ministerios para el impulso tanto del sector turismo como de transporte. \u00abNosotros trabajamos de manera coordinada con el Ministerio de Transporte, a trav\u00e9s de Conviasa, para que sumemos cada quien desde sus espacios, para el desarrollo de la actividad tur\u00edstica\u00bb, concluy\u00f3 Padr\u00f3n.<\/p>\n<p>&nbsp;<\/p>\n<p>La aeronave Embraer ERJ-190, cumplir\u00e1 el itinerario los mi\u00e9rcoles desde el Aeropuerto Internacional de Maiquet\u00eda, saliendo a las 08:00 de la ma\u00f1ana y retornando del Aeropuerto Internacional Grantley Adams, a las 10:35 am; vuelo que arribar\u00e1 a Porlamar.<\/p>\n<p>&nbsp;<\/p>\n<p>Los d\u00edas s\u00e1bados, despegar\u00e1 desde el Aeropuerto Internacional Santiago Mari\u00f1o, a las 08:50 am, regresando de Barbados, a las 11: 00 de la ma\u00f1ana, vuelo que tiene como destino final Caracas.<\/p>\n<p>&nbsp;<\/p>\n<p>El itinerario establecido por Conviasa permite la oferta 1600 asientos mensuales, incentivando el turismo y actividad econ\u00f3mica en ambas naciones<\/p>\n","protected":false},"excerpt":{"rendered":"<p>En el marco de la celebraci\u00f3n de 54 a\u00f1os de relaciones diplom\u00e1ticas entre Barbados y Venezuela, Conviasa inici\u00f3 este s\u00e1bado sus operaciones comerciales que conectan a las ciudades de Caracas y Porlamar con Bridgertown.&#46;&#46;&#46;<\/p>\n","protected":false},"author":127,"featured_media":31090,"comment_status":"open","ping_status":"open","sticky":false,"template":"","format":"image","meta":{"_acf_changed":false,"om_disable_all_campaigns":false,"rop_custom_images_group":[],"rop_custom_messages_group":[],"rop_publish_now":"initial","rop_publish_now_accounts":{"twitter_242054905_242054905":""},"rop_publish_now_history":[],"rop_publish_now_status":"pending","_uf_show_specific_survey":0,"_uf_disable_surveys":false,"footnotes":""},"categories":[132],"tags":[],"class_list":["post-31089","post","type-post","status-publish","format-image","has-post-thumbnail","hentry","category-actualidad","post_format-post-format-image"],"acf":[],"aioseo_notices":[],"yoast_head":"<!-- This site is optimized with the Yoast SEO Premium plugin v24.9 (Yoast SEO v27.2) - https:\/\/yoast.com\/product\/yoast-seo-premium-wordpress\/ -->\n<title>Conviasa inaugura su vuelo que conecta a Caracas y Porlamar con Barbados - Venezuela | Noti-America.com<\/title>\n<meta name=\"robots\" content=\"index, follow, max-snippet:-1, max-image-preview:large, max-video-preview:-1\" \/>\n<link rel=\"canonical\" href=\"https:\/\/noti-america.com\/site\/venezuela\/2023\/09\/30\/conviasa-inaugura-su-vuelo-que-conecta-a-caracas-y-porlamar-con-barbados\/\" \/>\n<meta property=\"og:locale\" content=\"es_ES\" \/>\n<meta property=\"og:type\" content=\"article\" \/>\n<meta property=\"og:title\" content=\"Conviasa inaugura su vuelo que conecta a Caracas y Porlamar con Barbados\" \/>\n<meta property=\"og:description\" content=\"En el marco de la celebraci\u00f3n de 54 a\u00f1os de relaciones diplom\u00e1ticas entre Barbados y Venezuela, Conviasa inici\u00f3 este s\u00e1bado sus operaciones comerciales que conectan a las ciudades de Caracas y Porlamar con Bridgertown.&#046;&#046;&#046;\" \/>\n<meta property=\"og:url\" content=\"https:\/\/noti-america.com\/site\/venezuela\/2023\/09\/30\/conviasa-inaugura-su-vuelo-que-conecta-a-caracas-y-porlamar-con-barbados\/\" \/>\n<meta property=\"og:site_name\" content=\"Venezuela | Noti-America.com\" \/>\n<meta property=\"article:published_time\" content=\"2023-09-30T23:41:27+00:00\" \/>\n<meta property=\"og:image\" content=\"https:\/\/noti-america.com\/site\/venezuela\/wp-content\/uploads\/sites\/2\/2023\/09\/conviasa.jpg\" \/>\n\t<meta property=\"og:image:width\" content=\"1024\" \/>\n\t<meta property=\"og:image:height\" content=\"768\" \/>\n\t<meta property=\"og:image:type\" content=\"image\/jpeg\" \/>\n<meta name=\"author\" content=\"Yoelvzla\" \/>\n<meta name=\"twitter:card\" content=\"summary_large_image\" \/>\n<meta name=\"twitter:label1\" content=\"Escrito por\" \/>\n\t<meta name=\"twitter:data1\" content=\"Yoelvzla\" \/>\n\t<meta name=\"twitter:label2\" content=\"Tiempo estimado de lectura\" \/>\n\t<meta name=\"twitter:data2\" content=\"3 minutos\" \/>\n<script type=\"application\/ld+json\" class=\"yoast-schema-graph\">{\"@context\":\"https:\/\/schema.org\",\"@graph\":[{\"@type\":\"Article\",\"@id\":\"https:\/\/noti-america.com\/site\/venezuela\/2023\/09\/30\/conviasa-inaugura-su-vuelo-que-conecta-a-caracas-y-porlamar-con-barbados\/#article\",\"isPartOf\":{\"@id\":\"https:\/\/noti-america.com\/site\/venezuela\/2023\/09\/30\/conviasa-inaugura-su-vuelo-que-conecta-a-caracas-y-porlamar-con-barbados\/\"},\"author\":{\"name\":\"Yoelvzla\",\"@id\":\"https:\/\/noti-america.com\/site\/venezuela\/#\/schema\/person\/376ccc7b3cc7a8d5a43c3ece07a43857\"},\"headline\":\"Conviasa inaugura su vuelo que conecta a Caracas y Porlamar con Barbados\",\"datePublished\":\"2023-09-30T23:41:27+00:00\",\"mainEntityOfPage\":{\"@id\":\"https:\/\/noti-america.com\/site\/venezuela\/2023\/09\/30\/conviasa-inaugura-su-vuelo-que-conecta-a-caracas-y-porlamar-con-barbados\/\"},\"wordCount\":553,\"commentCount\":0,\"publisher\":{\"@id\":\"https:\/\/noti-america.com\/site\/venezuela\/#organization\"},\"image\":{\"@id\":\"https:\/\/noti-america.com\/site\/venezuela\/2023\/09\/30\/conviasa-inaugura-su-vuelo-que-conecta-a-caracas-y-porlamar-con-barbados\/#primaryimage\"},\"thumbnailUrl\":\"https:\/\/noti-america.com\/site\/venezuela\/wp-content\/uploads\/sites\/2\/2023\/09\/conviasa.jpg\",\"articleSection\":[\"Actualidad\"],\"inLanguage\":\"es\",\"potentialAction\":[{\"@type\":\"CommentAction\",\"name\":\"Comment\",\"target\":[\"https:\/\/noti-america.com\/site\/venezuela\/2023\/09\/30\/conviasa-inaugura-su-vuelo-que-conecta-a-caracas-y-porlamar-con-barbados\/#respond\"]}]},{\"@type\":\"WebPage\",\"@id\":\"https:\/\/noti-america.com\/site\/venezuela\/2023\/09\/30\/conviasa-inaugura-su-vuelo-que-conecta-a-caracas-y-porlamar-con-barbados\/\",\"url\":\"https:\/\/noti-america.com\/site\/venezuela\/2023\/09\/30\/conviasa-inaugura-su-vuelo-que-conecta-a-caracas-y-porlamar-con-barbados\/\",\"name\":\"Conviasa inaugura su vuelo que conecta a Caracas y Porlamar con Barbados - Venezuela | Noti-America.com\",\"isPartOf\":{\"@id\":\"https:\/\/noti-america.com\/site\/venezuela\/#website\"},\"primaryImageOfPage\":{\"@id\":\"https:\/\/noti-america.com\/site\/venezuela\/2023\/09\/30\/conviasa-inaugura-su-vuelo-que-conecta-a-caracas-y-porlamar-con-barbados\/#primaryimage\"},\"image\":{\"@id\":\"https:\/\/noti-america.com\/site\/venezuela\/2023\/09\/30\/conviasa-inaugura-su-vuelo-que-conecta-a-caracas-y-porlamar-con-barbados\/#primaryimage\"},\"thumbnailUrl\":\"https:\/\/noti-america.com\/site\/venezuela\/wp-content\/uploads\/sites\/2\/2023\/09\/conviasa.jpg\",\"datePublished\":\"2023-09-30T23:41:27+00:00\",\"breadcrumb\":{\"@id\":\"https:\/\/noti-america.com\/site\/venezuela\/2023\/09\/30\/conviasa-inaugura-su-vuelo-que-conecta-a-caracas-y-porlamar-con-barbados\/#breadcrumb\"},\"inLanguage\":\"es\",\"potentialAction\":[{\"@type\":\"ReadAction\",\"target\":[\"https:\/\/noti-america.com\/site\/venezuela\/2023\/09\/30\/conviasa-inaugura-su-vuelo-que-conecta-a-caracas-y-porlamar-con-barbados\/\"]}]},{\"@type\":\"ImageObject\",\"inLanguage\":\"es\",\"@id\":\"https:\/\/noti-america.com\/site\/venezuela\/2023\/09\/30\/conviasa-inaugura-su-vuelo-que-conecta-a-caracas-y-porlamar-con-barbados\/#primaryimage\",\"url\":\"https:\/\/noti-america.com\/site\/venezuela\/wp-content\/uploads\/sites\/2\/2023\/09\/conviasa.jpg\",\"contentUrl\":\"https:\/\/noti-america.com\/site\/venezuela\/wp-content\/uploads\/sites\/2\/2023\/09\/conviasa.jpg\",\"width\":1024,\"height\":768},{\"@type\":\"BreadcrumbList\",\"@id\":\"https:\/\/noti-america.com\/site\/venezuela\/2023\/09\/30\/conviasa-inaugura-su-vuelo-que-conecta-a-caracas-y-porlamar-con-barbados\/#breadcrumb\",\"itemListElement\":[{\"@type\":\"ListItem\",\"position\":1,\"name\":\"Portada\",\"item\":\"https:\/\/noti-america.com\/site\/venezuela\/\"},{\"@type\":\"ListItem\",\"position\":2,\"name\":\"Conviasa inaugura su vuelo que conecta a Caracas y Porlamar con Barbados\"}]},{\"@type\":\"WebSite\",\"@id\":\"https:\/\/noti-america.com\/site\/venezuela\/#website\",\"url\":\"https:\/\/noti-america.com\/site\/venezuela\/\",\"name\":\"Venezuela | Noti-America.com\",\"description\":\"\",\"publisher\":{\"@id\":\"https:\/\/noti-america.com\/site\/venezuela\/#organization\"},\"potentialAction\":[{\"@type\":\"SearchAction\",\"target\":{\"@type\":\"EntryPoint\",\"urlTemplate\":\"https:\/\/noti-america.com\/site\/venezuela\/?s={search_term_string}\"},\"query-input\":{\"@type\":\"PropertyValueSpecification\",\"valueRequired\":true,\"valueName\":\"search_term_string\"}}],\"inLanguage\":\"es\"},{\"@type\":\"Organization\",\"@id\":\"https:\/\/noti-america.com\/site\/venezuela\/#organization\",\"name\":\"Noti-America LLC | Venezuela\",\"url\":\"https:\/\/noti-america.com\/site\/venezuela\/\",\"logo\":{\"@type\":\"ImageObject\",\"inLanguage\":\"es\",\"@id\":\"https:\/\/noti-america.com\/site\/venezuela\/#\/schema\/logo\/image\/\",\"url\":\"https:\/\/noti-america.com\/site\/venezuela\/wp-content\/uploads\/sites\/2\/2020\/07\/LogoNA-4x3-1.jpg\",\"contentUrl\":\"https:\/\/noti-america.com\/site\/venezuela\/wp-content\/uploads\/sites\/2\/2020\/07\/LogoNA-4x3-1.jpg\",\"width\":1236,\"height\":1080,\"caption\":\"Noti-America LLC | Venezuela\"},\"image\":{\"@id\":\"https:\/\/noti-america.com\/site\/venezuela\/#\/schema\/logo\/image\/\"}},{\"@type\":\"Person\",\"@id\":\"https:\/\/noti-america.com\/site\/venezuela\/#\/schema\/person\/376ccc7b3cc7a8d5a43c3ece07a43857\",\"name\":\"Yoelvzla\",\"image\":{\"@type\":\"ImageObject\",\"inLanguage\":\"es\",\"@id\":\"https:\/\/secure.gravatar.com\/avatar\/13a96a72123e0e9aa76fe82e8847f726c63a1c5ef6a8d0fadd844c1a5a83b212?s=96&d=mm&r=g\",\"url\":\"https:\/\/secure.gravatar.com\/avatar\/13a96a72123e0e9aa76fe82e8847f726c63a1c5ef6a8d0fadd844c1a5a83b212?s=96&d=mm&r=g\",\"contentUrl\":\"https:\/\/secure.gravatar.com\/avatar\/13a96a72123e0e9aa76fe82e8847f726c63a1c5ef6a8d0fadd844c1a5a83b212?s=96&d=mm&r=g\",\"caption\":\"Yoelvzla\"},\"url\":\"https:\/\/noti-america.com\/site\/venezuela\/author\/ydiaz\/\"}]}<\/script>\n<!-- \/ Yoast SEO Premium plugin. -->","yoast_head_json":{"title":"Conviasa inaugura su vuelo que conecta a Caracas y Porlamar con Barbados - Venezuela | Noti-America.com","robots":{"index":"index","follow":"follow","max-snippet":"max-snippet:-1","max-image-preview":"max-image-preview:large","max-video-preview":"max-video-preview:-1"},"canonical":"https:\/\/noti-america.com\/site\/venezuela\/2023\/09\/30\/conviasa-inaugura-su-vuelo-que-conecta-a-caracas-y-porlamar-con-barbados\/","og_locale":"es_ES","og_type":"article","og_title":"Conviasa inaugura su vuelo que conecta a Caracas y Porlamar con Barbados","og_description":"En el marco de la celebraci\u00f3n de 54 a\u00f1os de relaciones diplom\u00e1ticas entre Barbados y Venezuela, Conviasa inici\u00f3 este s\u00e1bado sus operaciones comerciales que conectan a las ciudades de Caracas y Porlamar con Bridgertown.&#46;&#46;&#46;","og_url":"https:\/\/noti-america.com\/site\/venezuela\/2023\/09\/30\/conviasa-inaugura-su-vuelo-que-conecta-a-caracas-y-porlamar-con-barbados\/","og_site_name":"Venezuela | Noti-America.com","article_published_time":"2023-09-30T23:41:27+00:00","og_image":[{"width":1024,"height":768,"url":"https:\/\/noti-america.com\/site\/venezuela\/wp-content\/uploads\/sites\/2\/2023\/09\/conviasa.jpg","type":"image\/jpeg"}],"author":"Yoelvzla","twitter_card":"summary_large_image","twitter_misc":{"Escrito por":"Yoelvzla","Tiempo estimado de lectura":"3 minutos"},"schema":{"@context":"https:\/\/schema.org","@graph":[{"@type":"Article","@id":"https:\/\/noti-america.com\/site\/venezuela\/2023\/09\/30\/conviasa-inaugura-su-vuelo-que-conecta-a-caracas-y-porlamar-con-barbados\/#article","isPartOf":{"@id":"https:\/\/noti-america.com\/site\/venezuela\/2023\/09\/30\/conviasa-inaugura-su-vuelo-que-conecta-a-caracas-y-porlamar-con-barbados\/"},"author":{"name":"Yoelvzla","@id":"https:\/\/noti-america.com\/site\/venezuela\/#\/schema\/person\/376ccc7b3cc7a8d5a43c3ece07a43857"},"headline":"Conviasa inaugura su vuelo que conecta a Caracas y Porlamar con Barbados","datePublished":"2023-09-30T23:41:27+00:00","mainEntityOfPage":{"@id":"https:\/\/noti-america.com\/site\/venezuela\/2023\/09\/30\/conviasa-inaugura-su-vuelo-que-conecta-a-caracas-y-porlamar-con-barbados\/"},"wordCount":553,"commentCount":0,"publisher":{"@id":"https:\/\/noti-america.com\/site\/venezuela\/#organization"},"image":{"@id":"https:\/\/noti-america.com\/site\/venezuela\/2023\/09\/30\/conviasa-inaugura-su-vuelo-que-conecta-a-caracas-y-porlamar-con-barbados\/#primaryimage"},"thumbnailUrl":"https:\/\/noti-america.com\/site\/venezuela\/wp-content\/uploads\/sites\/2\/2023\/09\/conviasa.jpg","articleSection":["Actualidad"],"inLanguage":"es","potentialAction":[{"@type":"CommentAction","name":"Comment","target":["https:\/\/noti-america.com\/site\/venezuela\/2023\/09\/30\/conviasa-inaugura-su-vuelo-que-conecta-a-caracas-y-porlamar-con-barbados\/#respond"]}]},{"@type":"WebPage","@id":"https:\/\/noti-america.com\/site\/venezuela\/2023\/09\/30\/conviasa-inaugura-su-vuelo-que-conecta-a-caracas-y-porlamar-con-barbados\/","url":"https:\/\/noti-america.com\/site\/venezuela\/2023\/09\/30\/conviasa-inaugura-su-vuelo-que-conecta-a-caracas-y-porlamar-con-barbados\/","name":"Conviasa inaugura su vuelo que conecta a Caracas y Porlamar con Barbados - Venezuela | Noti-America.com","isPartOf":{"@id":"https:\/\/noti-america.com\/site\/venezuela\/#website"},"primaryImageOfPage":{"@id":"https:\/\/noti-america.com\/site\/venezuela\/2023\/09\/30\/conviasa-inaugura-su-vuelo-que-conecta-a-caracas-y-porlamar-con-barbados\/#primaryimage"},"image":{"@id":"https:\/\/noti-america.com\/site\/venezuela\/2023\/09\/30\/conviasa-inaugura-su-vuelo-que-conecta-a-caracas-y-porlamar-con-barbados\/#primaryimage"},"thumbnailUrl":"https:\/\/noti-america.com\/site\/venezuela\/wp-content\/uploads\/sites\/2\/2023\/09\/conviasa.jpg","datePublished":"2023-09-30T23:41:27+00:00","breadcrumb":{"@id":"https:\/\/noti-america.com\/site\/venezuela\/2023\/09\/30\/conviasa-inaugura-su-vuelo-que-conecta-a-caracas-y-porlamar-con-barbados\/#breadcrumb"},"inLanguage":"es","potentialAction":[{"@type":"ReadAction","target":["https:\/\/noti-america.com\/site\/venezuela\/2023\/09\/30\/conviasa-inaugura-su-vuelo-que-conecta-a-caracas-y-porlamar-con-barbados\/"]}]},{"@type":"ImageObject","inLanguage":"es","@id":"https:\/\/noti-america.com\/site\/venezuela\/2023\/09\/30\/conviasa-inaugura-su-vuelo-que-conecta-a-caracas-y-porlamar-con-barbados\/#primaryimage","url":"https:\/\/noti-america.com\/site\/venezuela\/wp-content\/uploads\/sites\/2\/2023\/09\/conviasa.jpg","contentUrl":"https:\/\/noti-america.com\/site\/venezuela\/wp-content\/uploads\/sites\/2\/2023\/09\/conviasa.jpg","width":1024,"height":768},{"@type":"BreadcrumbList","@id":"https:\/\/noti-america.com\/site\/venezuela\/2023\/09\/30\/conviasa-inaugura-su-vuelo-que-conecta-a-caracas-y-porlamar-con-barbados\/#breadcrumb","itemListElement":[{"@type":"ListItem","position":1,"name":"Portada","item":"https:\/\/noti-america.com\/site\/venezuela\/"},{"@type":"ListItem","position":2,"name":"Conviasa inaugura su vuelo que conecta a Caracas y Porlamar con Barbados"}]},{"@type":"WebSite","@id":"https:\/\/noti-america.com\/site\/venezuela\/#website","url":"https:\/\/noti-america.com\/site\/venezuela\/","name":"Venezuela | Noti-America.com","description":"","publisher":{"@id":"https:\/\/noti-america.com\/site\/venezuela\/#organization"},"potentialAction":[{"@type":"SearchAction","target":{"@type":"EntryPoint","urlTemplate":"https:\/\/noti-america.com\/site\/venezuela\/?s={search_term_string}"},"query-input":{"@type":"PropertyValueSpecification","valueRequired":true,"valueName":"search_term_string"}}],"inLanguage":"es"},{"@type":"Organization","@id":"https:\/\/noti-america.com\/site\/venezuela\/#organization","name":"Noti-America LLC | Venezuela","url":"https:\/\/noti-america.com\/site\/venezuela\/","logo":{"@type":"ImageObject","inLanguage":"es","@id":"https:\/\/noti-america.com\/site\/venezuela\/#\/schema\/logo\/image\/","url":"https:\/\/noti-america.com\/site\/venezuela\/wp-content\/uploads\/sites\/2\/2020\/07\/LogoNA-4x3-1.jpg","contentUrl":"https:\/\/noti-america.com\/site\/venezuela\/wp-content\/uploads\/sites\/2\/2020\/07\/LogoNA-4x3-1.jpg","width":1236,"height":1080,"caption":"Noti-America LLC | Venezuela"},"image":{"@id":"https:\/\/noti-america.com\/site\/venezuela\/#\/schema\/logo\/image\/"}},{"@type":"Person","@id":"https:\/\/noti-america.com\/site\/venezuela\/#\/schema\/person\/376ccc7b3cc7a8d5a43c3ece07a43857","name":"Yoelvzla","image":{"@type":"ImageObject","inLanguage":"es","@id":"https:\/\/secure.gravatar.com\/avatar\/13a96a72123e0e9aa76fe82e8847f726c63a1c5ef6a8d0fadd844c1a5a83b212?s=96&d=mm&r=g","url":"https:\/\/secure.gravatar.com\/avatar\/13a96a72123e0e9aa76fe82e8847f726c63a1c5ef6a8d0fadd844c1a5a83b212?s=96&d=mm&r=g","contentUrl":"https:\/\/secure.gravatar.com\/avatar\/13a96a72123e0e9aa76fe82e8847f726c63a1c5ef6a8d0fadd844c1a5a83b212?s=96&d=mm&r=g","caption":"Yoelvzla"},"url":"https:\/\/noti-america.com\/site\/venezuela\/author\/ydiaz\/"}]}},"_links":{"self":[{"href":"https:\/\/noti-america.com\/site\/venezuela\/wp-json\/wp\/v2\/posts\/31089","targetHints":{"allow":["GET"]}}],"collection":[{"href":"https:\/\/noti-america.com\/site\/venezuela\/wp-json\/wp\/v2\/posts"}],"about":[{"href":"https:\/\/noti-america.com\/site\/venezuela\/wp-json\/wp\/v2\/types\/post"}],"author":[{"embeddable":true,"href":"https:\/\/noti-america.com\/site\/venezuela\/wp-json\/wp\/v2\/users\/127"}],"replies":[{"embeddable":true,"href":"https:\/\/noti-america.com\/site\/venezuela\/wp-json\/wp\/v2\/comments?post=31089"}],"version-history":[{"count":1,"href":"https:\/\/noti-america.com\/site\/venezuela\/wp-json\/wp\/v2\/posts\/31089\/revisions"}],"predecessor-version":[{"id":31091,"href":"https:\/\/noti-america.com\/site\/venezuela\/wp-json\/wp\/v2\/posts\/31089\/revisions\/31091"}],"wp:featuredmedia":[{"embeddable":true,"href":"https:\/\/noti-america.com\/site\/venezuela\/wp-json\/wp\/v2\/media\/31090"}],"wp:attachment":[{"href":"https:\/\/noti-america.com\/site\/venezuela\/wp-json\/wp\/v2\/media?parent=31089"}],"wp:term":[{"taxonomy":"category","embeddable":true,"href":"https:\/\/noti-america.com\/site\/venezuela\/wp-json\/wp\/v2\/categories?post=31089"},{"taxonomy":"post_tag","embeddable":true,"href":"https:\/\/noti-america.com\/site\/venezuela\/wp-json\/wp\/v2\/tags?post=31089"}],"curies":[{"name":"wp","href":"https:\/\/api.w.org\/{rel}","templated":true}]}}