{"id":30880,"date":"2023-09-20T14:15:23","date_gmt":"2023-09-20T14:15:23","guid":{"rendered":"https:\/\/noti-america.com\/site\/venezuela\/?p=30880"},"modified":"2023-09-20T14:16:45","modified_gmt":"2023-09-20T14:16:45","slug":"eladio-carrion-regresa-a-venezuela-en-septiembre","status":"publish","type":"post","link":"https:\/\/noti-america.com\/site\/venezuela\/2023\/09\/20\/eladio-carrion-regresa-a-venezuela-en-septiembre\/","title":{"rendered":"Eladio Carri\u00f3n regresa a Venezuela, en septiembre"},"content":{"rendered":"<p>\u00a1Porque lo bueno se repite!\u00a0<strong>Eladio Carri\u00f3n<\/strong>\u00a0anunci\u00f3 que este 2023 estar\u00e1 de gira con\u00a0<a href=\"https:\/\/www.maketicket.com.ve\/evento\/eladio-carrion-the-sauce\"><strong>\u201cThe Sauce Latam Tour\u201d<\/strong>\u00a0<\/a>y entre su lista de pa\u00edses a visitar figura el nombre de\u00a0<strong>Venezuela<\/strong>.<\/p>\n<p>Tiene previsto aterrizar en el mes de septiembre y brindar una presentaci\u00f3n el d\u00eda\u00a0<strong>domingo 24<\/strong>.<\/p>\n<p>El rapero estadounidense, de origen puertorrique\u00f1o, ha sabido c\u00f3mo calar en la industria del g\u00e9nero urbano, posicion\u00e1ndose en la actualidad como uno de los m\u00e1s exitosos exponentes.<\/p>\n<p>En nuestro pa\u00eds se ha hecho popular por: \u201cCoco Chanel Ft. Bad Bunny\u201d, \u201cKemba Walker ft. Bad Bunny\u201d, \u201cPaz mental\u201d,\u201dMbappe\u201d, entre otros temas.<\/p>\n<p>Nuevamente de la mano con PPP Group. \u201cEl de la H\u201d -como tambi\u00e9n se le conoce por haber nacido en Humacao, Puerto Rico-, prepara un show de altura.<\/p>\n<p>Se llevar\u00e1 a cabo en la <strong>Terraza del CCCT<\/strong>, mismo recinto en el que se present\u00f3 el pasado 2022 y dej\u00f3 a sus fan\u00e1ticos con ganas de mucho m\u00e1s.<\/p>\n<p>&nbsp;<\/p>\n<p>Con \u201cThe Sauce Latam Tour\u201d el int\u00e9rprete estar\u00e1 haciendo m\u00e1s paradas en otros pa\u00edses de Latinoam\u00e9rica, entre ellos:<\/p>\n<p>Chile, Per\u00fa, Panam\u00e1, El Salvador, Paraguay, Costa Rica, Honduras, Guatemala, Argentina y Colombia.<\/p>\n<p>Vale recordar que, Eladio Carri\u00f3n forma parte de los talentos que conforman la disquera Rimas, misma en la que otras grandes estrellas como Bad Bunny y Arc\u00e1ngel tambi\u00e9n pertenecen.<\/p>\n<p>&nbsp;<\/p>\n<p><strong>\u00bfC\u00f3mo Eladio Carri\u00f3n alcanz\u00f3 la fama?<\/strong><\/p>\n<p>El int\u00e9rprete se consolid\u00f3 en la industria musical en el a\u00f1o 2021, y es que se atrevi\u00f3 a lanzar tres \u00e1lbumes consecutivos:<\/p>\n<p>\u201cMonarca\u201d: nominado a los <strong>Latin GRAMMY<\/strong> como Mejor \u00c1lbum Urbano y lleg\u00f3 al segundo puesto en Top Latin Albums de Apple Music.<\/p>\n<p>-\u201cSEN2 KBRN VOL.1\u201d: debut\u00f3 en el Top 20 de <strong>Top Latin Albums de Billboard<\/strong>.<\/p>\n<p>-\u201cSauce Boyz 2\u201d: alcanz\u00f3 territorios internacionales, ubic\u00e1ndose en el #1 de Top Latin Albums de Apple Music y #2 en Top Latin Albums de Billboard.<\/p>\n<p>En marzo de este 2023 anunci\u00f3 el lanzamiento de un nuevo disco que lleva por t\u00edtulo \u201c3MEN2 KBRN\u201d.<\/p>\n<p>Una colaboraci\u00f3n con Bad Bunny. Tambi\u00e9n este nuevo disco de Eladio Carri\u00f3n contin\u00faa la saga de SEN2 KBRN.<\/p>\n","protected":false},"excerpt":{"rendered":"<p>\u00a1Porque lo bueno se repite!\u00a0Eladio Carri\u00f3n\u00a0anunci\u00f3 que este 2023 estar\u00e1 de gira con\u00a0\u201cThe Sauce Latam Tour\u201d\u00a0y entre su lista de pa\u00edses a visitar figura el nombre de\u00a0Venezuela. Tiene previsto aterrizar en el mes de&#46;&#46;&#46;<\/p>\n","protected":false},"author":127,"featured_media":30881,"comment_status":"open","ping_status":"open","sticky":false,"template":"","format":"image","meta":{"_acf_changed":false,"om_disable_all_campaigns":false,"rop_custom_images_group":[],"rop_custom_messages_group":[],"rop_publish_now":"initial","rop_publish_now_accounts":{"twitter_242054905_242054905":""},"rop_publish_now_history":[],"rop_publish_now_status":"pending","_uf_show_specific_survey":0,"_uf_disable_surveys":false,"footnotes":""},"categories":[8],"tags":[],"class_list":["post-30880","post","type-post","status-publish","format-image","has-post-thumbnail","hentry","category-arte-y-espectaculos","post_format-post-format-image"],"acf":[],"aioseo_notices":[],"yoast_head":"<!-- This site is optimized with the Yoast SEO Premium plugin v24.9 (Yoast SEO v27.2) - https:\/\/yoast.com\/product\/yoast-seo-premium-wordpress\/ -->\n<title>Eladio Carri\u00f3n regresa a Venezuela, en septiembre - Venezuela | Noti-America.com<\/title>\n<meta name=\"robots\" content=\"index, follow, max-snippet:-1, max-image-preview:large, max-video-preview:-1\" \/>\n<link rel=\"canonical\" href=\"https:\/\/noti-america.com\/site\/venezuela\/2023\/09\/20\/eladio-carrion-regresa-a-venezuela-en-septiembre\/\" \/>\n<meta property=\"og:locale\" content=\"es_ES\" \/>\n<meta property=\"og:type\" content=\"article\" \/>\n<meta property=\"og:title\" content=\"Eladio Carri\u00f3n regresa a Venezuela, en septiembre\" \/>\n<meta property=\"og:description\" content=\"\u00a1Porque lo bueno se repite!\u00a0Eladio Carri\u00f3n\u00a0anunci\u00f3 que este 2023 estar\u00e1 de gira con\u00a0\u201cThe Sauce Latam Tour\u201d\u00a0y entre su lista de pa\u00edses a visitar figura el nombre de\u00a0Venezuela. Tiene previsto aterrizar en el mes de&#046;&#046;&#046;\" \/>\n<meta property=\"og:url\" content=\"https:\/\/noti-america.com\/site\/venezuela\/2023\/09\/20\/eladio-carrion-regresa-a-venezuela-en-septiembre\/\" \/>\n<meta property=\"og:site_name\" content=\"Venezuela | Noti-America.com\" \/>\n<meta property=\"article:published_time\" content=\"2023-09-20T14:15:23+00:00\" \/>\n<meta property=\"article:modified_time\" content=\"2023-09-20T14:16:45+00:00\" \/>\n<meta property=\"og:image\" content=\"https:\/\/noti-america.com\/site\/venezuela\/wp-content\/uploads\/sites\/2\/2023\/09\/ELADIO-CARRION.jpg\" \/>\n\t<meta property=\"og:image:width\" content=\"600\" \/>\n\t<meta property=\"og:image:height\" content=\"553\" \/>\n\t<meta property=\"og:image:type\" content=\"image\/jpeg\" \/>\n<meta name=\"author\" content=\"Yoelvzla\" \/>\n<meta name=\"twitter:card\" content=\"summary_large_image\" \/>\n<meta name=\"twitter:label1\" content=\"Escrito por\" \/>\n\t<meta name=\"twitter:data1\" content=\"Yoelvzla\" \/>\n\t<meta name=\"twitter:label2\" content=\"Tiempo estimado de lectura\" \/>\n\t<meta name=\"twitter:data2\" content=\"2 minutos\" \/>\n<script type=\"application\/ld+json\" class=\"yoast-schema-graph\">{\"@context\":\"https:\/\/schema.org\",\"@graph\":[{\"@type\":\"Article\",\"@id\":\"https:\/\/noti-america.com\/site\/venezuela\/2023\/09\/20\/eladio-carrion-regresa-a-venezuela-en-septiembre\/#article\",\"isPartOf\":{\"@id\":\"https:\/\/noti-america.com\/site\/venezuela\/2023\/09\/20\/eladio-carrion-regresa-a-venezuela-en-septiembre\/\"},\"author\":{\"name\":\"Yoelvzla\",\"@id\":\"https:\/\/noti-america.com\/site\/venezuela\/#\/schema\/person\/376ccc7b3cc7a8d5a43c3ece07a43857\"},\"headline\":\"Eladio Carri\u00f3n regresa a Venezuela, en septiembre\",\"datePublished\":\"2023-09-20T14:15:23+00:00\",\"dateModified\":\"2023-09-20T14:16:45+00:00\",\"mainEntityOfPage\":{\"@id\":\"https:\/\/noti-america.com\/site\/venezuela\/2023\/09\/20\/eladio-carrion-regresa-a-venezuela-en-septiembre\/\"},\"wordCount\":374,\"commentCount\":0,\"publisher\":{\"@id\":\"https:\/\/noti-america.com\/site\/venezuela\/#organization\"},\"image\":{\"@id\":\"https:\/\/noti-america.com\/site\/venezuela\/2023\/09\/20\/eladio-carrion-regresa-a-venezuela-en-septiembre\/#primaryimage\"},\"thumbnailUrl\":\"https:\/\/noti-america.com\/site\/venezuela\/wp-content\/uploads\/sites\/2\/2023\/09\/ELADIO-CARRION.jpg\",\"articleSection\":[\"Arte y Espect\u00e1culos\"],\"inLanguage\":\"es\",\"potentialAction\":[{\"@type\":\"CommentAction\",\"name\":\"Comment\",\"target\":[\"https:\/\/noti-america.com\/site\/venezuela\/2023\/09\/20\/eladio-carrion-regresa-a-venezuela-en-septiembre\/#respond\"]}]},{\"@type\":\"WebPage\",\"@id\":\"https:\/\/noti-america.com\/site\/venezuela\/2023\/09\/20\/eladio-carrion-regresa-a-venezuela-en-septiembre\/\",\"url\":\"https:\/\/noti-america.com\/site\/venezuela\/2023\/09\/20\/eladio-carrion-regresa-a-venezuela-en-septiembre\/\",\"name\":\"Eladio Carri\u00f3n regresa a Venezuela, en septiembre - Venezuela | Noti-America.com\",\"isPartOf\":{\"@id\":\"https:\/\/noti-america.com\/site\/venezuela\/#website\"},\"primaryImageOfPage\":{\"@id\":\"https:\/\/noti-america.com\/site\/venezuela\/2023\/09\/20\/eladio-carrion-regresa-a-venezuela-en-septiembre\/#primaryimage\"},\"image\":{\"@id\":\"https:\/\/noti-america.com\/site\/venezuela\/2023\/09\/20\/eladio-carrion-regresa-a-venezuela-en-septiembre\/#primaryimage\"},\"thumbnailUrl\":\"https:\/\/noti-america.com\/site\/venezuela\/wp-content\/uploads\/sites\/2\/2023\/09\/ELADIO-CARRION.jpg\",\"datePublished\":\"2023-09-20T14:15:23+00:00\",\"dateModified\":\"2023-09-20T14:16:45+00:00\",\"breadcrumb\":{\"@id\":\"https:\/\/noti-america.com\/site\/venezuela\/2023\/09\/20\/eladio-carrion-regresa-a-venezuela-en-septiembre\/#breadcrumb\"},\"inLanguage\":\"es\",\"potentialAction\":[{\"@type\":\"ReadAction\",\"target\":[\"https:\/\/noti-america.com\/site\/venezuela\/2023\/09\/20\/eladio-carrion-regresa-a-venezuela-en-septiembre\/\"]}]},{\"@type\":\"ImageObject\",\"inLanguage\":\"es\",\"@id\":\"https:\/\/noti-america.com\/site\/venezuela\/2023\/09\/20\/eladio-carrion-regresa-a-venezuela-en-septiembre\/#primaryimage\",\"url\":\"https:\/\/noti-america.com\/site\/venezuela\/wp-content\/uploads\/sites\/2\/2023\/09\/ELADIO-CARRION.jpg\",\"contentUrl\":\"https:\/\/noti-america.com\/site\/venezuela\/wp-content\/uploads\/sites\/2\/2023\/09\/ELADIO-CARRION.jpg\",\"width\":600,\"height\":553},{\"@type\":\"BreadcrumbList\",\"@id\":\"https:\/\/noti-america.com\/site\/venezuela\/2023\/09\/20\/eladio-carrion-regresa-a-venezuela-en-septiembre\/#breadcrumb\",\"itemListElement\":[{\"@type\":\"ListItem\",\"position\":1,\"name\":\"Portada\",\"item\":\"https:\/\/noti-america.com\/site\/venezuela\/\"},{\"@type\":\"ListItem\",\"position\":2,\"name\":\"Eladio Carri\u00f3n regresa a Venezuela, en septiembre\"}]},{\"@type\":\"WebSite\",\"@id\":\"https:\/\/noti-america.com\/site\/venezuela\/#website\",\"url\":\"https:\/\/noti-america.com\/site\/venezuela\/\",\"name\":\"Venezuela | Noti-America.com\",\"description\":\"\",\"publisher\":{\"@id\":\"https:\/\/noti-america.com\/site\/venezuela\/#organization\"},\"potentialAction\":[{\"@type\":\"SearchAction\",\"target\":{\"@type\":\"EntryPoint\",\"urlTemplate\":\"https:\/\/noti-america.com\/site\/venezuela\/?s={search_term_string}\"},\"query-input\":{\"@type\":\"PropertyValueSpecification\",\"valueRequired\":true,\"valueName\":\"search_term_string\"}}],\"inLanguage\":\"es\"},{\"@type\":\"Organization\",\"@id\":\"https:\/\/noti-america.com\/site\/venezuela\/#organization\",\"name\":\"Noti-America LLC | Venezuela\",\"url\":\"https:\/\/noti-america.com\/site\/venezuela\/\",\"logo\":{\"@type\":\"ImageObject\",\"inLanguage\":\"es\",\"@id\":\"https:\/\/noti-america.com\/site\/venezuela\/#\/schema\/logo\/image\/\",\"url\":\"https:\/\/noti-america.com\/site\/venezuela\/wp-content\/uploads\/sites\/2\/2020\/07\/LogoNA-4x3-1.jpg\",\"contentUrl\":\"https:\/\/noti-america.com\/site\/venezuela\/wp-content\/uploads\/sites\/2\/2020\/07\/LogoNA-4x3-1.jpg\",\"width\":1236,\"height\":1080,\"caption\":\"Noti-America LLC | Venezuela\"},\"image\":{\"@id\":\"https:\/\/noti-america.com\/site\/venezuela\/#\/schema\/logo\/image\/\"}},{\"@type\":\"Person\",\"@id\":\"https:\/\/noti-america.com\/site\/venezuela\/#\/schema\/person\/376ccc7b3cc7a8d5a43c3ece07a43857\",\"name\":\"Yoelvzla\",\"image\":{\"@type\":\"ImageObject\",\"inLanguage\":\"es\",\"@id\":\"https:\/\/secure.gravatar.com\/avatar\/13a96a72123e0e9aa76fe82e8847f726c63a1c5ef6a8d0fadd844c1a5a83b212?s=96&d=mm&r=g\",\"url\":\"https:\/\/secure.gravatar.com\/avatar\/13a96a72123e0e9aa76fe82e8847f726c63a1c5ef6a8d0fadd844c1a5a83b212?s=96&d=mm&r=g\",\"contentUrl\":\"https:\/\/secure.gravatar.com\/avatar\/13a96a72123e0e9aa76fe82e8847f726c63a1c5ef6a8d0fadd844c1a5a83b212?s=96&d=mm&r=g\",\"caption\":\"Yoelvzla\"},\"url\":\"https:\/\/noti-america.com\/site\/venezuela\/author\/ydiaz\/\"}]}<\/script>\n<!-- \/ Yoast SEO Premium plugin. -->","yoast_head_json":{"title":"Eladio Carri\u00f3n regresa a Venezuela, en septiembre - Venezuela | Noti-America.com","robots":{"index":"index","follow":"follow","max-snippet":"max-snippet:-1","max-image-preview":"max-image-preview:large","max-video-preview":"max-video-preview:-1"},"canonical":"https:\/\/noti-america.com\/site\/venezuela\/2023\/09\/20\/eladio-carrion-regresa-a-venezuela-en-septiembre\/","og_locale":"es_ES","og_type":"article","og_title":"Eladio Carri\u00f3n regresa a Venezuela, en septiembre","og_description":"\u00a1Porque lo bueno se repite!\u00a0Eladio Carri\u00f3n\u00a0anunci\u00f3 que este 2023 estar\u00e1 de gira con\u00a0\u201cThe Sauce Latam Tour\u201d\u00a0y entre su lista de pa\u00edses a visitar figura el nombre de\u00a0Venezuela. Tiene previsto aterrizar en el mes de&#46;&#46;&#46;","og_url":"https:\/\/noti-america.com\/site\/venezuela\/2023\/09\/20\/eladio-carrion-regresa-a-venezuela-en-septiembre\/","og_site_name":"Venezuela | Noti-America.com","article_published_time":"2023-09-20T14:15:23+00:00","article_modified_time":"2023-09-20T14:16:45+00:00","og_image":[{"width":600,"height":553,"url":"https:\/\/noti-america.com\/site\/venezuela\/wp-content\/uploads\/sites\/2\/2023\/09\/ELADIO-CARRION.jpg","type":"image\/jpeg"}],"author":"Yoelvzla","twitter_card":"summary_large_image","twitter_misc":{"Escrito por":"Yoelvzla","Tiempo estimado de lectura":"2 minutos"},"schema":{"@context":"https:\/\/schema.org","@graph":[{"@type":"Article","@id":"https:\/\/noti-america.com\/site\/venezuela\/2023\/09\/20\/eladio-carrion-regresa-a-venezuela-en-septiembre\/#article","isPartOf":{"@id":"https:\/\/noti-america.com\/site\/venezuela\/2023\/09\/20\/eladio-carrion-regresa-a-venezuela-en-septiembre\/"},"author":{"name":"Yoelvzla","@id":"https:\/\/noti-america.com\/site\/venezuela\/#\/schema\/person\/376ccc7b3cc7a8d5a43c3ece07a43857"},"headline":"Eladio Carri\u00f3n regresa a Venezuela, en septiembre","datePublished":"2023-09-20T14:15:23+00:00","dateModified":"2023-09-20T14:16:45+00:00","mainEntityOfPage":{"@id":"https:\/\/noti-america.com\/site\/venezuela\/2023\/09\/20\/eladio-carrion-regresa-a-venezuela-en-septiembre\/"},"wordCount":374,"commentCount":0,"publisher":{"@id":"https:\/\/noti-america.com\/site\/venezuela\/#organization"},"image":{"@id":"https:\/\/noti-america.com\/site\/venezuela\/2023\/09\/20\/eladio-carrion-regresa-a-venezuela-en-septiembre\/#primaryimage"},"thumbnailUrl":"https:\/\/noti-america.com\/site\/venezuela\/wp-content\/uploads\/sites\/2\/2023\/09\/ELADIO-CARRION.jpg","articleSection":["Arte y Espect\u00e1culos"],"inLanguage":"es","potentialAction":[{"@type":"CommentAction","name":"Comment","target":["https:\/\/noti-america.com\/site\/venezuela\/2023\/09\/20\/eladio-carrion-regresa-a-venezuela-en-septiembre\/#respond"]}]},{"@type":"WebPage","@id":"https:\/\/noti-america.com\/site\/venezuela\/2023\/09\/20\/eladio-carrion-regresa-a-venezuela-en-septiembre\/","url":"https:\/\/noti-america.com\/site\/venezuela\/2023\/09\/20\/eladio-carrion-regresa-a-venezuela-en-septiembre\/","name":"Eladio Carri\u00f3n regresa a Venezuela, en septiembre - Venezuela | Noti-America.com","isPartOf":{"@id":"https:\/\/noti-america.com\/site\/venezuela\/#website"},"primaryImageOfPage":{"@id":"https:\/\/noti-america.com\/site\/venezuela\/2023\/09\/20\/eladio-carrion-regresa-a-venezuela-en-septiembre\/#primaryimage"},"image":{"@id":"https:\/\/noti-america.com\/site\/venezuela\/2023\/09\/20\/eladio-carrion-regresa-a-venezuela-en-septiembre\/#primaryimage"},"thumbnailUrl":"https:\/\/noti-america.com\/site\/venezuela\/wp-content\/uploads\/sites\/2\/2023\/09\/ELADIO-CARRION.jpg","datePublished":"2023-09-20T14:15:23+00:00","dateModified":"2023-09-20T14:16:45+00:00","breadcrumb":{"@id":"https:\/\/noti-america.com\/site\/venezuela\/2023\/09\/20\/eladio-carrion-regresa-a-venezuela-en-septiembre\/#breadcrumb"},"inLanguage":"es","potentialAction":[{"@type":"ReadAction","target":["https:\/\/noti-america.com\/site\/venezuela\/2023\/09\/20\/eladio-carrion-regresa-a-venezuela-en-septiembre\/"]}]},{"@type":"ImageObject","inLanguage":"es","@id":"https:\/\/noti-america.com\/site\/venezuela\/2023\/09\/20\/eladio-carrion-regresa-a-venezuela-en-septiembre\/#primaryimage","url":"https:\/\/noti-america.com\/site\/venezuela\/wp-content\/uploads\/sites\/2\/2023\/09\/ELADIO-CARRION.jpg","contentUrl":"https:\/\/noti-america.com\/site\/venezuela\/wp-content\/uploads\/sites\/2\/2023\/09\/ELADIO-CARRION.jpg","width":600,"height":553},{"@type":"BreadcrumbList","@id":"https:\/\/noti-america.com\/site\/venezuela\/2023\/09\/20\/eladio-carrion-regresa-a-venezuela-en-septiembre\/#breadcrumb","itemListElement":[{"@type":"ListItem","position":1,"name":"Portada","item":"https:\/\/noti-america.com\/site\/venezuela\/"},{"@type":"ListItem","position":2,"name":"Eladio Carri\u00f3n regresa a Venezuela, en septiembre"}]},{"@type":"WebSite","@id":"https:\/\/noti-america.com\/site\/venezuela\/#website","url":"https:\/\/noti-america.com\/site\/venezuela\/","name":"Venezuela | Noti-America.com","description":"","publisher":{"@id":"https:\/\/noti-america.com\/site\/venezuela\/#organization"},"potentialAction":[{"@type":"SearchAction","target":{"@type":"EntryPoint","urlTemplate":"https:\/\/noti-america.com\/site\/venezuela\/?s={search_term_string}"},"query-input":{"@type":"PropertyValueSpecification","valueRequired":true,"valueName":"search_term_string"}}],"inLanguage":"es"},{"@type":"Organization","@id":"https:\/\/noti-america.com\/site\/venezuela\/#organization","name":"Noti-America LLC | Venezuela","url":"https:\/\/noti-america.com\/site\/venezuela\/","logo":{"@type":"ImageObject","inLanguage":"es","@id":"https:\/\/noti-america.com\/site\/venezuela\/#\/schema\/logo\/image\/","url":"https:\/\/noti-america.com\/site\/venezuela\/wp-content\/uploads\/sites\/2\/2020\/07\/LogoNA-4x3-1.jpg","contentUrl":"https:\/\/noti-america.com\/site\/venezuela\/wp-content\/uploads\/sites\/2\/2020\/07\/LogoNA-4x3-1.jpg","width":1236,"height":1080,"caption":"Noti-America LLC | Venezuela"},"image":{"@id":"https:\/\/noti-america.com\/site\/venezuela\/#\/schema\/logo\/image\/"}},{"@type":"Person","@id":"https:\/\/noti-america.com\/site\/venezuela\/#\/schema\/person\/376ccc7b3cc7a8d5a43c3ece07a43857","name":"Yoelvzla","image":{"@type":"ImageObject","inLanguage":"es","@id":"https:\/\/secure.gravatar.com\/avatar\/13a96a72123e0e9aa76fe82e8847f726c63a1c5ef6a8d0fadd844c1a5a83b212?s=96&d=mm&r=g","url":"https:\/\/secure.gravatar.com\/avatar\/13a96a72123e0e9aa76fe82e8847f726c63a1c5ef6a8d0fadd844c1a5a83b212?s=96&d=mm&r=g","contentUrl":"https:\/\/secure.gravatar.com\/avatar\/13a96a72123e0e9aa76fe82e8847f726c63a1c5ef6a8d0fadd844c1a5a83b212?s=96&d=mm&r=g","caption":"Yoelvzla"},"url":"https:\/\/noti-america.com\/site\/venezuela\/author\/ydiaz\/"}]}},"_links":{"self":[{"href":"https:\/\/noti-america.com\/site\/venezuela\/wp-json\/wp\/v2\/posts\/30880","targetHints":{"allow":["GET"]}}],"collection":[{"href":"https:\/\/noti-america.com\/site\/venezuela\/wp-json\/wp\/v2\/posts"}],"about":[{"href":"https:\/\/noti-america.com\/site\/venezuela\/wp-json\/wp\/v2\/types\/post"}],"author":[{"embeddable":true,"href":"https:\/\/noti-america.com\/site\/venezuela\/wp-json\/wp\/v2\/users\/127"}],"replies":[{"embeddable":true,"href":"https:\/\/noti-america.com\/site\/venezuela\/wp-json\/wp\/v2\/comments?post=30880"}],"version-history":[{"count":1,"href":"https:\/\/noti-america.com\/site\/venezuela\/wp-json\/wp\/v2\/posts\/30880\/revisions"}],"predecessor-version":[{"id":30882,"href":"https:\/\/noti-america.com\/site\/venezuela\/wp-json\/wp\/v2\/posts\/30880\/revisions\/30882"}],"wp:featuredmedia":[{"embeddable":true,"href":"https:\/\/noti-america.com\/site\/venezuela\/wp-json\/wp\/v2\/media\/30881"}],"wp:attachment":[{"href":"https:\/\/noti-america.com\/site\/venezuela\/wp-json\/wp\/v2\/media?parent=30880"}],"wp:term":[{"taxonomy":"category","embeddable":true,"href":"https:\/\/noti-america.com\/site\/venezuela\/wp-json\/wp\/v2\/categories?post=30880"},{"taxonomy":"post_tag","embeddable":true,"href":"https:\/\/noti-america.com\/site\/venezuela\/wp-json\/wp\/v2\/tags?post=30880"}],"curies":[{"name":"wp","href":"https:\/\/api.w.org\/{rel}","templated":true}]}}