{"id":30802,"date":"2023-09-17T19:54:57","date_gmt":"2023-09-17T19:54:57","guid":{"rendered":"https:\/\/noti-america.com\/site\/venezuela\/?p=30802"},"modified":"2023-09-17T19:55:45","modified_gmt":"2023-09-17T19:55:45","slug":"alcalde-jose-mosquera-se-puso-al-frente-de-nueva-emergencia-por-fuertes-lluvias-y-vientos-en-lagunillas","status":"publish","type":"post","link":"https:\/\/noti-america.com\/site\/venezuela\/2023\/09\/17\/alcalde-jose-mosquera-se-puso-al-frente-de-nueva-emergencia-por-fuertes-lluvias-y-vientos-en-lagunillas\/","title":{"rendered":"Alcalde Jos\u00e9 Mosquera se puso al frente de nueva emergencia por fuertes lluvias y vientos en Lagunillas"},"content":{"rendered":"\r\n<p style=\"text-align: justify\"><img loading=\"lazy\" decoding=\"async\" class=\"size-medium wp-image-30831\" src=\"https:\/\/noti-america.com\/site\/venezuela\/wp-content\/uploads\/sites\/2\/2023\/09\/IMG-20230917-WA0176-300x167.jpg\" alt=\"\" width=\"300\" height=\"167\" srcset=\"https:\/\/noti-america.com\/site\/venezuela\/wp-content\/uploads\/sites\/2\/2023\/09\/IMG-20230917-WA0176-300x167.jpg 300w, https:\/\/noti-america.com\/site\/venezuela\/wp-content\/uploads\/sites\/2\/2023\/09\/IMG-20230917-WA0176-1024x569.jpg 1024w, https:\/\/noti-america.com\/site\/venezuela\/wp-content\/uploads\/sites\/2\/2023\/09\/IMG-20230917-WA0176-768x427.jpg 768w, https:\/\/noti-america.com\/site\/venezuela\/wp-content\/uploads\/sites\/2\/2023\/09\/IMG-20230917-WA0176.jpg 1080w\" sizes=\"auto, (max-width: 300px) 100vw, 300px\" \/><br \/><strong>La tarde-noche de este s\u00e1bado 16 de septiembre nuevamente el municipio Lagunillas fue azotado con fuertes vientos e intensas precipitaciones, por lo que el alcalde Jos\u00e9 Mosquera Adarme se puso al frente, junto a los organismos de prevenci\u00f3n y seguridad, en un operativo de inspecci\u00f3n en diversos sectores de la entidad.<\/strong><br \/><br \/>La primera autoridad municipal agradeci\u00f3 a Dios porque no hubo v\u00edctimas que lamentar, pese a que un \u00abpalo de agua\u00bb, acompa\u00f1ado de fuertes r\u00e1fagas de vientos causaron da\u00f1os, como por ejemplo en la esquina de la avenida Intercomunal con entrada al sector Tamare, donde el sem\u00e1foro cedi\u00f3 por lo que de inmediato un equipo de trabajo de la Alcald\u00eda de hizo presente para corregir esta situaci\u00f3n.<br \/><img loading=\"lazy\" decoding=\"async\" class=\"size-medium wp-image-30832 aligncenter\" src=\"https:\/\/noti-america.com\/site\/venezuela\/wp-content\/uploads\/sites\/2\/2023\/09\/IMG-20230917-WA0179-300x168.jpg\" alt=\"\" width=\"300\" height=\"168\" srcset=\"https:\/\/noti-america.com\/site\/venezuela\/wp-content\/uploads\/sites\/2\/2023\/09\/IMG-20230917-WA0179-300x168.jpg 300w, https:\/\/noti-america.com\/site\/venezuela\/wp-content\/uploads\/sites\/2\/2023\/09\/IMG-20230917-WA0179-1024x573.jpg 1024w, https:\/\/noti-america.com\/site\/venezuela\/wp-content\/uploads\/sites\/2\/2023\/09\/IMG-20230917-WA0179-768x430.jpg 768w, https:\/\/noti-america.com\/site\/venezuela\/wp-content\/uploads\/sites\/2\/2023\/09\/IMG-20230917-WA0179.jpg 1080w\" sizes=\"auto, (max-width: 300px) 100vw, 300px\" \/><br \/>\u00ab<em>De igual forma recibimos reportes por parte de la comunidad acerca de la interrupci\u00f3n del servicio el\u00e9ctrico, por lo que de inmediato nos comunicamos con nuestros amigos de Corpoelec, quienes procedieron a salir a dar respuesta y reestablecer el flu\u00eddo el\u00e9ctrico. <\/em><br \/><em>Nos activamos frente a esta nueva emergencia trabajando de forma mancomunada el gobernador Manuel Rosales, gobierno nacional, y por supuesto el gobierno municipal.<\/em><br \/><img loading=\"lazy\" decoding=\"async\" class=\"size-medium wp-image-30833 aligncenter\" src=\"https:\/\/noti-america.com\/site\/venezuela\/wp-content\/uploads\/sites\/2\/2023\/09\/IMG-20230917-WA0178-300x151.jpg\" alt=\"\" width=\"300\" height=\"151\" srcset=\"https:\/\/noti-america.com\/site\/venezuela\/wp-content\/uploads\/sites\/2\/2023\/09\/IMG-20230917-WA0178-300x151.jpg 300w, https:\/\/noti-america.com\/site\/venezuela\/wp-content\/uploads\/sites\/2\/2023\/09\/IMG-20230917-WA0178-1024x517.jpg 1024w, https:\/\/noti-america.com\/site\/venezuela\/wp-content\/uploads\/sites\/2\/2023\/09\/IMG-20230917-WA0178-768x388.jpg 768w, https:\/\/noti-america.com\/site\/venezuela\/wp-content\/uploads\/sites\/2\/2023\/09\/IMG-20230917-WA0178.jpg 1080w\" sizes=\"auto, (max-width: 300px) 100vw, 300px\" \/><br \/><em>Hubo postes ca\u00eddos en la calle Porvenir, con avenida Arterial, cerca de la sede del IVSS, con cables de tendido el\u00e9ctrico en el suelo y sobre los techos de las viviendas, y en la ma\u00f1ana del domingo 17 nos hicimos presentes con nuestro cami\u00f3n cesta para apoyar en las labores que lleva a cabo la empresa Corpoelec \u00ab, dijo Mosquera.<\/em><br \/><br \/><img loading=\"lazy\" decoding=\"async\" class=\"size-medium wp-image-30835 aligncenter\" src=\"https:\/\/noti-america.com\/site\/venezuela\/wp-content\/uploads\/sites\/2\/2023\/09\/IMG-20230917-WA0177-1-300x169.jpg\" alt=\"\" width=\"300\" height=\"169\" srcset=\"https:\/\/noti-america.com\/site\/venezuela\/wp-content\/uploads\/sites\/2\/2023\/09\/IMG-20230917-WA0177-1-300x169.jpg 300w, https:\/\/noti-america.com\/site\/venezuela\/wp-content\/uploads\/sites\/2\/2023\/09\/IMG-20230917-WA0177-1.jpg 540w\" sizes=\"auto, (max-width: 300px) 100vw, 300px\" \/>Cabe destacar que los vecinos agradecieron al alcalde por hacer presencia de inmediato, acompa\u00f1ado de su equipo de gobierno el cual levant\u00f3 un censo, para posteriormente enviarles la ayuda necesaria. \u00abCon los pocos recursos que tenemos estamos trabajando, recibiendo la ayuda y el apoyo de gobierno nacional y regional, adem\u00e1s de los mismos vecinos a quienes felicito por forma parte de la recuperaci\u00f3n del municipio Lagunillas\u00bb, manifest\u00f3 el burgomaestre.<br \/><br \/>Fuente: Nota de Prensa\u00a0<\/p>\r\n","protected":false},"excerpt":{"rendered":"<p>La tarde-noche de este s\u00e1bado 16 de septiembre nuevamente el municipio Lagunillas fue azotado con fuertes vientos e intensas precipitaciones, por lo que el alcalde Jos\u00e9 Mosquera Adarme se puso al frente, junto a&#46;&#46;&#46;<\/p>\n","protected":false},"author":40,"featured_media":30831,"comment_status":"open","ping_status":"open","sticky":false,"template":"","format":"standard","meta":{"_acf_changed":false,"om_disable_all_campaigns":false,"rop_custom_images_group":[],"rop_custom_messages_group":[],"rop_publish_now":"initial","rop_publish_now_accounts":{"twitter_242054905_242054905":""},"rop_publish_now_history":[],"rop_publish_now_status":"pending","_uf_show_specific_survey":0,"_uf_disable_surveys":false,"footnotes":""},"categories":[178,179,13],"tags":[221,222],"class_list":["post-30802","post","type-post","status-publish","format-standard","has-post-thumbnail","hentry","category-ambiental","category-seguridad","category-vida-y-salud","tag-ciudad-ojeda","tag-zulia"],"acf":[],"aioseo_notices":[],"yoast_head":"<!-- This site is optimized with the Yoast SEO Premium plugin v24.9 (Yoast SEO v27.2) - https:\/\/yoast.com\/product\/yoast-seo-premium-wordpress\/ -->\n<title>Alcalde Jos\u00e9 Mosquera se puso al frente de nueva emergencia por fuertes lluvias y vientos en Lagunillas - Venezuela | Noti-America.com<\/title>\n<meta name=\"robots\" content=\"index, follow, max-snippet:-1, max-image-preview:large, max-video-preview:-1\" \/>\n<link rel=\"canonical\" href=\"https:\/\/noti-america.com\/site\/venezuela\/2023\/09\/17\/alcalde-jose-mosquera-se-puso-al-frente-de-nueva-emergencia-por-fuertes-lluvias-y-vientos-en-lagunillas\/\" \/>\n<meta property=\"og:locale\" content=\"es_ES\" \/>\n<meta property=\"og:type\" content=\"article\" \/>\n<meta property=\"og:title\" content=\"Alcalde Jos\u00e9 Mosquera se puso al frente de nueva emergencia por fuertes lluvias y vientos en Lagunillas\" \/>\n<meta property=\"og:description\" content=\"La tarde-noche de este s\u00e1bado 16 de septiembre nuevamente el municipio Lagunillas fue azotado con fuertes vientos e intensas precipitaciones, por lo que el alcalde Jos\u00e9 Mosquera Adarme se puso al frente, junto a&#046;&#046;&#046;\" \/>\n<meta property=\"og:url\" content=\"https:\/\/noti-america.com\/site\/venezuela\/2023\/09\/17\/alcalde-jose-mosquera-se-puso-al-frente-de-nueva-emergencia-por-fuertes-lluvias-y-vientos-en-lagunillas\/\" \/>\n<meta property=\"og:site_name\" content=\"Venezuela | Noti-America.com\" \/>\n<meta property=\"article:published_time\" content=\"2023-09-17T19:54:57+00:00\" \/>\n<meta property=\"article:modified_time\" content=\"2023-09-17T19:55:45+00:00\" \/>\n<meta property=\"og:image\" content=\"https:\/\/noti-america.com\/site\/venezuela\/wp-content\/uploads\/sites\/2\/2023\/09\/IMG-20230917-WA0176.jpg\" \/>\n\t<meta property=\"og:image:width\" content=\"1080\" \/>\n\t<meta property=\"og:image:height\" content=\"600\" \/>\n\t<meta property=\"og:image:type\" content=\"image\/jpeg\" \/>\n<meta name=\"author\" content=\"Hendrick Garcia\" \/>\n<meta name=\"twitter:card\" content=\"summary_large_image\" \/>\n<meta name=\"twitter:label1\" content=\"Escrito por\" \/>\n\t<meta name=\"twitter:data1\" content=\"Hendrick Garcia\" \/>\n\t<meta name=\"twitter:label2\" content=\"Tiempo estimado de lectura\" \/>\n\t<meta name=\"twitter:data2\" content=\"2 minutos\" \/>\n<script type=\"application\/ld+json\" class=\"yoast-schema-graph\">{\"@context\":\"https:\/\/schema.org\",\"@graph\":[{\"@type\":\"Article\",\"@id\":\"https:\/\/noti-america.com\/site\/venezuela\/2023\/09\/17\/alcalde-jose-mosquera-se-puso-al-frente-de-nueva-emergencia-por-fuertes-lluvias-y-vientos-en-lagunillas\/#article\",\"isPartOf\":{\"@id\":\"https:\/\/noti-america.com\/site\/venezuela\/2023\/09\/17\/alcalde-jose-mosquera-se-puso-al-frente-de-nueva-emergencia-por-fuertes-lluvias-y-vientos-en-lagunillas\/\"},\"author\":{\"name\":\"Hendrick Garcia\",\"@id\":\"https:\/\/noti-america.com\/site\/venezuela\/#\/schema\/person\/2f37ed06a1cd058e8d611b3d42cce678\"},\"headline\":\"Alcalde Jos\u00e9 Mosquera se puso al frente de nueva emergencia por fuertes lluvias y vientos en Lagunillas\",\"datePublished\":\"2023-09-17T19:54:57+00:00\",\"dateModified\":\"2023-09-17T19:55:45+00:00\",\"mainEntityOfPage\":{\"@id\":\"https:\/\/noti-america.com\/site\/venezuela\/2023\/09\/17\/alcalde-jose-mosquera-se-puso-al-frente-de-nueva-emergencia-por-fuertes-lluvias-y-vientos-en-lagunillas\/\"},\"wordCount\":349,\"commentCount\":0,\"publisher\":{\"@id\":\"https:\/\/noti-america.com\/site\/venezuela\/#organization\"},\"image\":{\"@id\":\"https:\/\/noti-america.com\/site\/venezuela\/2023\/09\/17\/alcalde-jose-mosquera-se-puso-al-frente-de-nueva-emergencia-por-fuertes-lluvias-y-vientos-en-lagunillas\/#primaryimage\"},\"thumbnailUrl\":\"https:\/\/noti-america.com\/site\/venezuela\/wp-content\/uploads\/sites\/2\/2023\/09\/IMG-20230917-WA0176.jpg\",\"keywords\":[\"ciudad ojeda\",\"zulia\"],\"articleSection\":[\"Ambiental\",\"Seguridad\",\"Vida y Salud\"],\"inLanguage\":\"es\",\"potentialAction\":[{\"@type\":\"CommentAction\",\"name\":\"Comment\",\"target\":[\"https:\/\/noti-america.com\/site\/venezuela\/2023\/09\/17\/alcalde-jose-mosquera-se-puso-al-frente-de-nueva-emergencia-por-fuertes-lluvias-y-vientos-en-lagunillas\/#respond\"]}]},{\"@type\":\"WebPage\",\"@id\":\"https:\/\/noti-america.com\/site\/venezuela\/2023\/09\/17\/alcalde-jose-mosquera-se-puso-al-frente-de-nueva-emergencia-por-fuertes-lluvias-y-vientos-en-lagunillas\/\",\"url\":\"https:\/\/noti-america.com\/site\/venezuela\/2023\/09\/17\/alcalde-jose-mosquera-se-puso-al-frente-de-nueva-emergencia-por-fuertes-lluvias-y-vientos-en-lagunillas\/\",\"name\":\"Alcalde Jos\u00e9 Mosquera se puso al frente de nueva emergencia por fuertes lluvias y vientos en Lagunillas - Venezuela | Noti-America.com\",\"isPartOf\":{\"@id\":\"https:\/\/noti-america.com\/site\/venezuela\/#website\"},\"primaryImageOfPage\":{\"@id\":\"https:\/\/noti-america.com\/site\/venezuela\/2023\/09\/17\/alcalde-jose-mosquera-se-puso-al-frente-de-nueva-emergencia-por-fuertes-lluvias-y-vientos-en-lagunillas\/#primaryimage\"},\"image\":{\"@id\":\"https:\/\/noti-america.com\/site\/venezuela\/2023\/09\/17\/alcalde-jose-mosquera-se-puso-al-frente-de-nueva-emergencia-por-fuertes-lluvias-y-vientos-en-lagunillas\/#primaryimage\"},\"thumbnailUrl\":\"https:\/\/noti-america.com\/site\/venezuela\/wp-content\/uploads\/sites\/2\/2023\/09\/IMG-20230917-WA0176.jpg\",\"datePublished\":\"2023-09-17T19:54:57+00:00\",\"dateModified\":\"2023-09-17T19:55:45+00:00\",\"breadcrumb\":{\"@id\":\"https:\/\/noti-america.com\/site\/venezuela\/2023\/09\/17\/alcalde-jose-mosquera-se-puso-al-frente-de-nueva-emergencia-por-fuertes-lluvias-y-vientos-en-lagunillas\/#breadcrumb\"},\"inLanguage\":\"es\",\"potentialAction\":[{\"@type\":\"ReadAction\",\"target\":[\"https:\/\/noti-america.com\/site\/venezuela\/2023\/09\/17\/alcalde-jose-mosquera-se-puso-al-frente-de-nueva-emergencia-por-fuertes-lluvias-y-vientos-en-lagunillas\/\"]}]},{\"@type\":\"ImageObject\",\"inLanguage\":\"es\",\"@id\":\"https:\/\/noti-america.com\/site\/venezuela\/2023\/09\/17\/alcalde-jose-mosquera-se-puso-al-frente-de-nueva-emergencia-por-fuertes-lluvias-y-vientos-en-lagunillas\/#primaryimage\",\"url\":\"https:\/\/noti-america.com\/site\/venezuela\/wp-content\/uploads\/sites\/2\/2023\/09\/IMG-20230917-WA0176.jpg\",\"contentUrl\":\"https:\/\/noti-america.com\/site\/venezuela\/wp-content\/uploads\/sites\/2\/2023\/09\/IMG-20230917-WA0176.jpg\",\"width\":1080,\"height\":600},{\"@type\":\"BreadcrumbList\",\"@id\":\"https:\/\/noti-america.com\/site\/venezuela\/2023\/09\/17\/alcalde-jose-mosquera-se-puso-al-frente-de-nueva-emergencia-por-fuertes-lluvias-y-vientos-en-lagunillas\/#breadcrumb\",\"itemListElement\":[{\"@type\":\"ListItem\",\"position\":1,\"name\":\"Portada\",\"item\":\"https:\/\/noti-america.com\/site\/venezuela\/\"},{\"@type\":\"ListItem\",\"position\":2,\"name\":\"Alcalde Jos\u00e9 Mosquera se puso al frente de nueva emergencia por fuertes lluvias y vientos en Lagunillas\"}]},{\"@type\":\"WebSite\",\"@id\":\"https:\/\/noti-america.com\/site\/venezuela\/#website\",\"url\":\"https:\/\/noti-america.com\/site\/venezuela\/\",\"name\":\"Venezuela | Noti-America.com\",\"description\":\"\",\"publisher\":{\"@id\":\"https:\/\/noti-america.com\/site\/venezuela\/#organization\"},\"potentialAction\":[{\"@type\":\"SearchAction\",\"target\":{\"@type\":\"EntryPoint\",\"urlTemplate\":\"https:\/\/noti-america.com\/site\/venezuela\/?s={search_term_string}\"},\"query-input\":{\"@type\":\"PropertyValueSpecification\",\"valueRequired\":true,\"valueName\":\"search_term_string\"}}],\"inLanguage\":\"es\"},{\"@type\":\"Organization\",\"@id\":\"https:\/\/noti-america.com\/site\/venezuela\/#organization\",\"name\":\"Noti-America LLC | Venezuela\",\"url\":\"https:\/\/noti-america.com\/site\/venezuela\/\",\"logo\":{\"@type\":\"ImageObject\",\"inLanguage\":\"es\",\"@id\":\"https:\/\/noti-america.com\/site\/venezuela\/#\/schema\/logo\/image\/\",\"url\":\"https:\/\/noti-america.com\/site\/venezuela\/wp-content\/uploads\/sites\/2\/2020\/07\/LogoNA-4x3-1.jpg\",\"contentUrl\":\"https:\/\/noti-america.com\/site\/venezuela\/wp-content\/uploads\/sites\/2\/2020\/07\/LogoNA-4x3-1.jpg\",\"width\":1236,\"height\":1080,\"caption\":\"Noti-America LLC | Venezuela\"},\"image\":{\"@id\":\"https:\/\/noti-america.com\/site\/venezuela\/#\/schema\/logo\/image\/\"}},{\"@type\":\"Person\",\"@id\":\"https:\/\/noti-america.com\/site\/venezuela\/#\/schema\/person\/2f37ed06a1cd058e8d611b3d42cce678\",\"name\":\"Hendrick Garcia\",\"image\":{\"@type\":\"ImageObject\",\"inLanguage\":\"es\",\"@id\":\"https:\/\/secure.gravatar.com\/avatar\/07f13ce868ede7f0937b7abbada276f430e4ed25cfff75dbe7f98f95ac02358c?s=96&d=mm&r=g\",\"url\":\"https:\/\/secure.gravatar.com\/avatar\/07f13ce868ede7f0937b7abbada276f430e4ed25cfff75dbe7f98f95ac02358c?s=96&d=mm&r=g\",\"contentUrl\":\"https:\/\/secure.gravatar.com\/avatar\/07f13ce868ede7f0937b7abbada276f430e4ed25cfff75dbe7f98f95ac02358c?s=96&d=mm&r=g\",\"caption\":\"Hendrick Garcia\"},\"url\":\"https:\/\/noti-america.com\/site\/venezuela\/author\/hegarcia\/\"}]}<\/script>\n<!-- \/ Yoast SEO Premium plugin. -->","yoast_head_json":{"title":"Alcalde Jos\u00e9 Mosquera se puso al frente de nueva emergencia por fuertes lluvias y vientos en Lagunillas - Venezuela | Noti-America.com","robots":{"index":"index","follow":"follow","max-snippet":"max-snippet:-1","max-image-preview":"max-image-preview:large","max-video-preview":"max-video-preview:-1"},"canonical":"https:\/\/noti-america.com\/site\/venezuela\/2023\/09\/17\/alcalde-jose-mosquera-se-puso-al-frente-de-nueva-emergencia-por-fuertes-lluvias-y-vientos-en-lagunillas\/","og_locale":"es_ES","og_type":"article","og_title":"Alcalde Jos\u00e9 Mosquera se puso al frente de nueva emergencia por fuertes lluvias y vientos en Lagunillas","og_description":"La tarde-noche de este s\u00e1bado 16 de septiembre nuevamente el municipio Lagunillas fue azotado con fuertes vientos e intensas precipitaciones, por lo que el alcalde Jos\u00e9 Mosquera Adarme se puso al frente, junto a&#46;&#46;&#46;","og_url":"https:\/\/noti-america.com\/site\/venezuela\/2023\/09\/17\/alcalde-jose-mosquera-se-puso-al-frente-de-nueva-emergencia-por-fuertes-lluvias-y-vientos-en-lagunillas\/","og_site_name":"Venezuela | Noti-America.com","article_published_time":"2023-09-17T19:54:57+00:00","article_modified_time":"2023-09-17T19:55:45+00:00","og_image":[{"width":1080,"height":600,"url":"https:\/\/noti-america.com\/site\/venezuela\/wp-content\/uploads\/sites\/2\/2023\/09\/IMG-20230917-WA0176.jpg","type":"image\/jpeg"}],"author":"Hendrick Garcia","twitter_card":"summary_large_image","twitter_misc":{"Escrito por":"Hendrick Garcia","Tiempo estimado de lectura":"2 minutos"},"schema":{"@context":"https:\/\/schema.org","@graph":[{"@type":"Article","@id":"https:\/\/noti-america.com\/site\/venezuela\/2023\/09\/17\/alcalde-jose-mosquera-se-puso-al-frente-de-nueva-emergencia-por-fuertes-lluvias-y-vientos-en-lagunillas\/#article","isPartOf":{"@id":"https:\/\/noti-america.com\/site\/venezuela\/2023\/09\/17\/alcalde-jose-mosquera-se-puso-al-frente-de-nueva-emergencia-por-fuertes-lluvias-y-vientos-en-lagunillas\/"},"author":{"name":"Hendrick Garcia","@id":"https:\/\/noti-america.com\/site\/venezuela\/#\/schema\/person\/2f37ed06a1cd058e8d611b3d42cce678"},"headline":"Alcalde Jos\u00e9 Mosquera se puso al frente de nueva emergencia por fuertes lluvias y vientos en Lagunillas","datePublished":"2023-09-17T19:54:57+00:00","dateModified":"2023-09-17T19:55:45+00:00","mainEntityOfPage":{"@id":"https:\/\/noti-america.com\/site\/venezuela\/2023\/09\/17\/alcalde-jose-mosquera-se-puso-al-frente-de-nueva-emergencia-por-fuertes-lluvias-y-vientos-en-lagunillas\/"},"wordCount":349,"commentCount":0,"publisher":{"@id":"https:\/\/noti-america.com\/site\/venezuela\/#organization"},"image":{"@id":"https:\/\/noti-america.com\/site\/venezuela\/2023\/09\/17\/alcalde-jose-mosquera-se-puso-al-frente-de-nueva-emergencia-por-fuertes-lluvias-y-vientos-en-lagunillas\/#primaryimage"},"thumbnailUrl":"https:\/\/noti-america.com\/site\/venezuela\/wp-content\/uploads\/sites\/2\/2023\/09\/IMG-20230917-WA0176.jpg","keywords":["ciudad ojeda","zulia"],"articleSection":["Ambiental","Seguridad","Vida y Salud"],"inLanguage":"es","potentialAction":[{"@type":"CommentAction","name":"Comment","target":["https:\/\/noti-america.com\/site\/venezuela\/2023\/09\/17\/alcalde-jose-mosquera-se-puso-al-frente-de-nueva-emergencia-por-fuertes-lluvias-y-vientos-en-lagunillas\/#respond"]}]},{"@type":"WebPage","@id":"https:\/\/noti-america.com\/site\/venezuela\/2023\/09\/17\/alcalde-jose-mosquera-se-puso-al-frente-de-nueva-emergencia-por-fuertes-lluvias-y-vientos-en-lagunillas\/","url":"https:\/\/noti-america.com\/site\/venezuela\/2023\/09\/17\/alcalde-jose-mosquera-se-puso-al-frente-de-nueva-emergencia-por-fuertes-lluvias-y-vientos-en-lagunillas\/","name":"Alcalde Jos\u00e9 Mosquera se puso al frente de nueva emergencia por fuertes lluvias y vientos en Lagunillas - Venezuela | Noti-America.com","isPartOf":{"@id":"https:\/\/noti-america.com\/site\/venezuela\/#website"},"primaryImageOfPage":{"@id":"https:\/\/noti-america.com\/site\/venezuela\/2023\/09\/17\/alcalde-jose-mosquera-se-puso-al-frente-de-nueva-emergencia-por-fuertes-lluvias-y-vientos-en-lagunillas\/#primaryimage"},"image":{"@id":"https:\/\/noti-america.com\/site\/venezuela\/2023\/09\/17\/alcalde-jose-mosquera-se-puso-al-frente-de-nueva-emergencia-por-fuertes-lluvias-y-vientos-en-lagunillas\/#primaryimage"},"thumbnailUrl":"https:\/\/noti-america.com\/site\/venezuela\/wp-content\/uploads\/sites\/2\/2023\/09\/IMG-20230917-WA0176.jpg","datePublished":"2023-09-17T19:54:57+00:00","dateModified":"2023-09-17T19:55:45+00:00","breadcrumb":{"@id":"https:\/\/noti-america.com\/site\/venezuela\/2023\/09\/17\/alcalde-jose-mosquera-se-puso-al-frente-de-nueva-emergencia-por-fuertes-lluvias-y-vientos-en-lagunillas\/#breadcrumb"},"inLanguage":"es","potentialAction":[{"@type":"ReadAction","target":["https:\/\/noti-america.com\/site\/venezuela\/2023\/09\/17\/alcalde-jose-mosquera-se-puso-al-frente-de-nueva-emergencia-por-fuertes-lluvias-y-vientos-en-lagunillas\/"]}]},{"@type":"ImageObject","inLanguage":"es","@id":"https:\/\/noti-america.com\/site\/venezuela\/2023\/09\/17\/alcalde-jose-mosquera-se-puso-al-frente-de-nueva-emergencia-por-fuertes-lluvias-y-vientos-en-lagunillas\/#primaryimage","url":"https:\/\/noti-america.com\/site\/venezuela\/wp-content\/uploads\/sites\/2\/2023\/09\/IMG-20230917-WA0176.jpg","contentUrl":"https:\/\/noti-america.com\/site\/venezuela\/wp-content\/uploads\/sites\/2\/2023\/09\/IMG-20230917-WA0176.jpg","width":1080,"height":600},{"@type":"BreadcrumbList","@id":"https:\/\/noti-america.com\/site\/venezuela\/2023\/09\/17\/alcalde-jose-mosquera-se-puso-al-frente-de-nueva-emergencia-por-fuertes-lluvias-y-vientos-en-lagunillas\/#breadcrumb","itemListElement":[{"@type":"ListItem","position":1,"name":"Portada","item":"https:\/\/noti-america.com\/site\/venezuela\/"},{"@type":"ListItem","position":2,"name":"Alcalde Jos\u00e9 Mosquera se puso al frente de nueva emergencia por fuertes lluvias y vientos en Lagunillas"}]},{"@type":"WebSite","@id":"https:\/\/noti-america.com\/site\/venezuela\/#website","url":"https:\/\/noti-america.com\/site\/venezuela\/","name":"Venezuela | Noti-America.com","description":"","publisher":{"@id":"https:\/\/noti-america.com\/site\/venezuela\/#organization"},"potentialAction":[{"@type":"SearchAction","target":{"@type":"EntryPoint","urlTemplate":"https:\/\/noti-america.com\/site\/venezuela\/?s={search_term_string}"},"query-input":{"@type":"PropertyValueSpecification","valueRequired":true,"valueName":"search_term_string"}}],"inLanguage":"es"},{"@type":"Organization","@id":"https:\/\/noti-america.com\/site\/venezuela\/#organization","name":"Noti-America LLC | Venezuela","url":"https:\/\/noti-america.com\/site\/venezuela\/","logo":{"@type":"ImageObject","inLanguage":"es","@id":"https:\/\/noti-america.com\/site\/venezuela\/#\/schema\/logo\/image\/","url":"https:\/\/noti-america.com\/site\/venezuela\/wp-content\/uploads\/sites\/2\/2020\/07\/LogoNA-4x3-1.jpg","contentUrl":"https:\/\/noti-america.com\/site\/venezuela\/wp-content\/uploads\/sites\/2\/2020\/07\/LogoNA-4x3-1.jpg","width":1236,"height":1080,"caption":"Noti-America LLC | Venezuela"},"image":{"@id":"https:\/\/noti-america.com\/site\/venezuela\/#\/schema\/logo\/image\/"}},{"@type":"Person","@id":"https:\/\/noti-america.com\/site\/venezuela\/#\/schema\/person\/2f37ed06a1cd058e8d611b3d42cce678","name":"Hendrick Garcia","image":{"@type":"ImageObject","inLanguage":"es","@id":"https:\/\/secure.gravatar.com\/avatar\/07f13ce868ede7f0937b7abbada276f430e4ed25cfff75dbe7f98f95ac02358c?s=96&d=mm&r=g","url":"https:\/\/secure.gravatar.com\/avatar\/07f13ce868ede7f0937b7abbada276f430e4ed25cfff75dbe7f98f95ac02358c?s=96&d=mm&r=g","contentUrl":"https:\/\/secure.gravatar.com\/avatar\/07f13ce868ede7f0937b7abbada276f430e4ed25cfff75dbe7f98f95ac02358c?s=96&d=mm&r=g","caption":"Hendrick Garcia"},"url":"https:\/\/noti-america.com\/site\/venezuela\/author\/hegarcia\/"}]}},"_links":{"self":[{"href":"https:\/\/noti-america.com\/site\/venezuela\/wp-json\/wp\/v2\/posts\/30802","targetHints":{"allow":["GET"]}}],"collection":[{"href":"https:\/\/noti-america.com\/site\/venezuela\/wp-json\/wp\/v2\/posts"}],"about":[{"href":"https:\/\/noti-america.com\/site\/venezuela\/wp-json\/wp\/v2\/types\/post"}],"author":[{"embeddable":true,"href":"https:\/\/noti-america.com\/site\/venezuela\/wp-json\/wp\/v2\/users\/40"}],"replies":[{"embeddable":true,"href":"https:\/\/noti-america.com\/site\/venezuela\/wp-json\/wp\/v2\/comments?post=30802"}],"version-history":[{"count":2,"href":"https:\/\/noti-america.com\/site\/venezuela\/wp-json\/wp\/v2\/posts\/30802\/revisions"}],"predecessor-version":[{"id":30836,"href":"https:\/\/noti-america.com\/site\/venezuela\/wp-json\/wp\/v2\/posts\/30802\/revisions\/30836"}],"wp:featuredmedia":[{"embeddable":true,"href":"https:\/\/noti-america.com\/site\/venezuela\/wp-json\/wp\/v2\/media\/30831"}],"wp:attachment":[{"href":"https:\/\/noti-america.com\/site\/venezuela\/wp-json\/wp\/v2\/media?parent=30802"}],"wp:term":[{"taxonomy":"category","embeddable":true,"href":"https:\/\/noti-america.com\/site\/venezuela\/wp-json\/wp\/v2\/categories?post=30802"},{"taxonomy":"post_tag","embeddable":true,"href":"https:\/\/noti-america.com\/site\/venezuela\/wp-json\/wp\/v2\/tags?post=30802"}],"curies":[{"name":"wp","href":"https:\/\/api.w.org\/{rel}","templated":true}]}}