{"id":30656,"date":"2023-09-11T09:34:23","date_gmt":"2023-09-11T09:34:23","guid":{"rendered":"https:\/\/noti-america.com\/site\/venezuela\/?p=30656"},"modified":"2023-09-11T09:34:23","modified_gmt":"2023-09-11T09:34:23","slug":"alcalde-de-lagunillas-realizo-recorrido-en-zonas-afectadas-por-las-lluvias-y-fuertes-vientos-tras-paso-de-tromba-marina-inf-video","status":"publish","type":"post","link":"https:\/\/noti-america.com\/site\/venezuela\/2023\/09\/11\/alcalde-de-lagunillas-realizo-recorrido-en-zonas-afectadas-por-las-lluvias-y-fuertes-vientos-tras-paso-de-tromba-marina-inf-video\/","title":{"rendered":"ALCALDE DE LAGUNILLAS REALIZ\u00d3 RECORRIDO EN ZONAS AFECTADAS POR LAS LLUVIAS Y FUERTES VIENTOS TRAS PASO DE TROMBA MARINA (+Inf. Video)"},"content":{"rendered":"\r\n<p style=\"text-align: justify\"><img loading=\"lazy\" decoding=\"async\" class=\"size-medium wp-image-30667\" src=\"https:\/\/noti-america.com\/site\/venezuela\/wp-content\/uploads\/sites\/2\/2023\/09\/Recorrido-alcalde-de-Lagunillas-300x105.jpg\" alt=\"\" width=\"300\" height=\"105\" srcset=\"https:\/\/noti-america.com\/site\/venezuela\/wp-content\/uploads\/sites\/2\/2023\/09\/Recorrido-alcalde-de-Lagunillas-300x105.jpg 300w, https:\/\/noti-america.com\/site\/venezuela\/wp-content\/uploads\/sites\/2\/2023\/09\/Recorrido-alcalde-de-Lagunillas-768x269.jpg 768w, https:\/\/noti-america.com\/site\/venezuela\/wp-content\/uploads\/sites\/2\/2023\/09\/Recorrido-alcalde-de-Lagunillas.jpg 800w\" sizes=\"auto, (max-width: 300px) 100vw, 300px\" \/>Tras las fuertes precipitaciones con fuertes vientos este 10 de septiembre, el alcalde de Lagunillas, Jos\u00e9 Mosquera, realiz\u00f3 un balance tras la inspecci\u00f3n y recorrido en las zonas afectadas.<br \/><br \/>Mosquera, acompa\u00f1ado de Fabio Berni, director de Protecci\u00f3n Civil; Rigmar Borjas, director de PoliLagunillas; Fred Jim\u00e9nez, director general de la alcald\u00eda de Lagunillas; adem\u00e1s del concejal Hendrik Garc\u00eda, recorri\u00f3 los sectores afectados.<br \/><br \/>Desde el sector 19 de Abril, Mosquera explic\u00f3 que, en horas de la ma\u00f1ana de este 10 de septiembre, una tromba marina gener\u00f3 da\u00f1os en varias zonas, incluido el centro de Ciudad Ojeda.<br \/><br \/>\u201cEn el ca\u00f1o del 19 de abril se hizo un trabajo con una maquinaria pesada para desahogar un poco los pasos de agua debajo de los puentes, para que bajen los niveles. Al igual que se llev\u00f3 maquinaria al ca\u00f1o de la carretera L\u201d, inform\u00f3 el alcalde de Lagunillas.<br \/><br \/>Mosquera precis\u00f3 que en el caso del ca\u00f1o del 19 de Abril se requiere un jumbo para limpiar todo el recorrido pues es uno de los ca\u00f1os m\u00e1s largos y atraviesa varios sectores de la parroquia Libertad.<br \/><br \/>\u201cRealmente para el ca\u00f1o 19 de abril se requiere un jumbo por tener un brazo con mayor alcance\u201d, sugiri\u00f3.<br \/><br \/>Adem\u00e1s, inform\u00f3 de la torre de una estaci\u00f3n de radio que se cay\u00f3 en el centro de la ciudad, igual que un sem\u00e1foro en la Av. Bol\u00edvar con calle Venezuela.<br \/><br \/>Explic\u00f3 que el fluido el\u00e9ctrico se debi\u00f3 suspender por unas l\u00e1minas de zinc que estaban en el cableado; as\u00ed mismo, un transformador se cay\u00f3 en la calle Trujillo con Av. Alonso de Ojeda, entre otros da\u00f1os.<br \/><br \/>Uno de los sectores afectados fue Mario Ricardo Vargas, con varias casas anegadas y afectaciones en las viviendas.<br \/><br \/>\u201cSon cosas de la naturaleza y estamos tendiendo la mano y dando respuesta a las comunidades\u201d, se\u00f1al\u00f3.<br \/><br \/>Cabe destacar que el servicio el\u00e9ctrico se fue restituyendo paulatinamente en toda la ciudad; mientras que las cuadrillas de Corpoelec atend\u00edan la contingencia en las instalaciones afectadas.<\/p>\r\n<p><div class=\"video-container\"><iframe loading=\"lazy\" title=\"ALCALDE DE LAGUNILLAS REALIZ\u00d3 RECORRIDO EN ZONAS AFECTADAS POR LAS LLUVIAS Y PASO DE TROMBA MARINA\" width=\"500\" height=\"281\" src=\"https:\/\/www.youtube.com\/embed\/x_sMU27vpfs?feature=oembed&#038;wmode=opaque\" frameborder=\"0\" allow=\"accelerometer; autoplay; clipboard-write; encrypted-media; gyroscope; picture-in-picture; web-share\" referrerpolicy=\"strict-origin-when-cross-origin\" allowfullscreen><\/iframe><\/div><\/p>\r\n<p style=\"text-align: justify\"><br \/>Fuente: Primera edici\u00f3n col<\/p>\r\n","protected":false},"excerpt":{"rendered":"<p>Tras las fuertes precipitaciones con fuertes vientos este 10 de septiembre, el alcalde de Lagunillas, Jos\u00e9 Mosquera, realiz\u00f3 un balance tras la inspecci\u00f3n y recorrido en las zonas afectadas. Mosquera, acompa\u00f1ado de Fabio Berni,&#46;&#46;&#46;<\/p>\n","protected":false},"author":40,"featured_media":30668,"comment_status":"open","ping_status":"open","sticky":false,"template":"","format":"standard","meta":{"_acf_changed":false,"om_disable_all_campaigns":false,"rop_custom_images_group":[],"rop_custom_messages_group":[],"rop_publish_now":"initial","rop_publish_now_accounts":{"twitter_242054905_242054905":""},"rop_publish_now_history":[],"rop_publish_now_status":"pending","_uf_show_specific_survey":0,"_uf_disable_surveys":false,"footnotes":""},"categories":[178,164,156],"tags":[221,222],"class_list":["post-30656","post","type-post","status-publish","format-standard","has-post-thumbnail","hentry","category-ambiental","category-comunidades","category-venezuela","tag-ciudad-ojeda","tag-zulia"],"acf":[],"aioseo_notices":[],"yoast_head":"<!-- This site is optimized with the Yoast SEO Premium plugin v24.9 (Yoast SEO v27.2) - https:\/\/yoast.com\/product\/yoast-seo-premium-wordpress\/ -->\n<title>ALCALDE DE LAGUNILLAS REALIZ\u00d3 RECORRIDO EN ZONAS AFECTADAS POR LAS LLUVIAS Y FUERTES VIENTOS TRAS PASO DE TROMBA MARINA (+Inf. Video) - Venezuela | Noti-America.com<\/title>\n<meta name=\"robots\" content=\"index, follow, max-snippet:-1, max-image-preview:large, max-video-preview:-1\" \/>\n<link rel=\"canonical\" href=\"https:\/\/noti-america.com\/site\/venezuela\/2023\/09\/11\/alcalde-de-lagunillas-realizo-recorrido-en-zonas-afectadas-por-las-lluvias-y-fuertes-vientos-tras-paso-de-tromba-marina-inf-video\/\" \/>\n<meta property=\"og:locale\" content=\"es_ES\" \/>\n<meta property=\"og:type\" content=\"article\" \/>\n<meta property=\"og:title\" content=\"ALCALDE DE LAGUNILLAS REALIZ\u00d3 RECORRIDO EN ZONAS AFECTADAS POR LAS LLUVIAS Y FUERTES VIENTOS TRAS PASO DE TROMBA MARINA (+Inf. Video)\" \/>\n<meta property=\"og:description\" content=\"Tras las fuertes precipitaciones con fuertes vientos este 10 de septiembre, el alcalde de Lagunillas, Jos\u00e9 Mosquera, realiz\u00f3 un balance tras la inspecci\u00f3n y recorrido en las zonas afectadas. Mosquera, acompa\u00f1ado de Fabio Berni,&#046;&#046;&#046;\" \/>\n<meta property=\"og:url\" content=\"https:\/\/noti-america.com\/site\/venezuela\/2023\/09\/11\/alcalde-de-lagunillas-realizo-recorrido-en-zonas-afectadas-por-las-lluvias-y-fuertes-vientos-tras-paso-de-tromba-marina-inf-video\/\" \/>\n<meta property=\"og:site_name\" content=\"Venezuela | Noti-America.com\" \/>\n<meta property=\"article:published_time\" content=\"2023-09-11T09:34:23+00:00\" \/>\n<meta property=\"og:image\" content=\"https:\/\/noti-america.com\/site\/venezuela\/wp-content\/uploads\/sites\/2\/2023\/09\/Recorrido-alcalde-de-Lagunillas-1.jpg\" \/>\n\t<meta property=\"og:image:width\" content=\"800\" \/>\n\t<meta property=\"og:image:height\" content=\"280\" \/>\n\t<meta property=\"og:image:type\" content=\"image\/jpeg\" \/>\n<meta name=\"author\" content=\"Hendrick Garcia\" \/>\n<meta name=\"twitter:card\" content=\"summary_large_image\" \/>\n<meta name=\"twitter:label1\" content=\"Escrito por\" \/>\n\t<meta name=\"twitter:data1\" content=\"Hendrick Garcia\" \/>\n\t<meta name=\"twitter:label2\" content=\"Tiempo estimado de lectura\" \/>\n\t<meta name=\"twitter:data2\" content=\"2 minutos\" \/>\n<script type=\"application\/ld+json\" class=\"yoast-schema-graph\">{\"@context\":\"https:\/\/schema.org\",\"@graph\":[{\"@type\":\"Article\",\"@id\":\"https:\/\/noti-america.com\/site\/venezuela\/2023\/09\/11\/alcalde-de-lagunillas-realizo-recorrido-en-zonas-afectadas-por-las-lluvias-y-fuertes-vientos-tras-paso-de-tromba-marina-inf-video\/#article\",\"isPartOf\":{\"@id\":\"https:\/\/noti-america.com\/site\/venezuela\/2023\/09\/11\/alcalde-de-lagunillas-realizo-recorrido-en-zonas-afectadas-por-las-lluvias-y-fuertes-vientos-tras-paso-de-tromba-marina-inf-video\/\"},\"author\":{\"name\":\"Hendrick Garcia\",\"@id\":\"https:\/\/noti-america.com\/site\/venezuela\/#\/schema\/person\/2f37ed06a1cd058e8d611b3d42cce678\"},\"headline\":\"ALCALDE DE LAGUNILLAS REALIZ\u00d3 RECORRIDO EN ZONAS AFECTADAS POR LAS LLUVIAS Y FUERTES VIENTOS TRAS PASO DE TROMBA MARINA (+Inf. Video)\",\"datePublished\":\"2023-09-11T09:34:23+00:00\",\"mainEntityOfPage\":{\"@id\":\"https:\/\/noti-america.com\/site\/venezuela\/2023\/09\/11\/alcalde-de-lagunillas-realizo-recorrido-en-zonas-afectadas-por-las-lluvias-y-fuertes-vientos-tras-paso-de-tromba-marina-inf-video\/\"},\"wordCount\":383,\"commentCount\":0,\"publisher\":{\"@id\":\"https:\/\/noti-america.com\/site\/venezuela\/#organization\"},\"image\":{\"@id\":\"https:\/\/noti-america.com\/site\/venezuela\/2023\/09\/11\/alcalde-de-lagunillas-realizo-recorrido-en-zonas-afectadas-por-las-lluvias-y-fuertes-vientos-tras-paso-de-tromba-marina-inf-video\/#primaryimage\"},\"thumbnailUrl\":\"https:\/\/noti-america.com\/site\/venezuela\/wp-content\/uploads\/sites\/2\/2023\/09\/Recorrido-alcalde-de-Lagunillas-1.jpg\",\"keywords\":[\"ciudad ojeda\",\"zulia\"],\"articleSection\":[\"Ambiental\",\"Comunidades\",\"Venezuela\"],\"inLanguage\":\"es\",\"potentialAction\":[{\"@type\":\"CommentAction\",\"name\":\"Comment\",\"target\":[\"https:\/\/noti-america.com\/site\/venezuela\/2023\/09\/11\/alcalde-de-lagunillas-realizo-recorrido-en-zonas-afectadas-por-las-lluvias-y-fuertes-vientos-tras-paso-de-tromba-marina-inf-video\/#respond\"]}]},{\"@type\":\"WebPage\",\"@id\":\"https:\/\/noti-america.com\/site\/venezuela\/2023\/09\/11\/alcalde-de-lagunillas-realizo-recorrido-en-zonas-afectadas-por-las-lluvias-y-fuertes-vientos-tras-paso-de-tromba-marina-inf-video\/\",\"url\":\"https:\/\/noti-america.com\/site\/venezuela\/2023\/09\/11\/alcalde-de-lagunillas-realizo-recorrido-en-zonas-afectadas-por-las-lluvias-y-fuertes-vientos-tras-paso-de-tromba-marina-inf-video\/\",\"name\":\"ALCALDE DE LAGUNILLAS REALIZ\u00d3 RECORRIDO EN ZONAS AFECTADAS POR LAS LLUVIAS Y FUERTES VIENTOS TRAS PASO DE TROMBA MARINA (+Inf. Video) - Venezuela | Noti-America.com\",\"isPartOf\":{\"@id\":\"https:\/\/noti-america.com\/site\/venezuela\/#website\"},\"primaryImageOfPage\":{\"@id\":\"https:\/\/noti-america.com\/site\/venezuela\/2023\/09\/11\/alcalde-de-lagunillas-realizo-recorrido-en-zonas-afectadas-por-las-lluvias-y-fuertes-vientos-tras-paso-de-tromba-marina-inf-video\/#primaryimage\"},\"image\":{\"@id\":\"https:\/\/noti-america.com\/site\/venezuela\/2023\/09\/11\/alcalde-de-lagunillas-realizo-recorrido-en-zonas-afectadas-por-las-lluvias-y-fuertes-vientos-tras-paso-de-tromba-marina-inf-video\/#primaryimage\"},\"thumbnailUrl\":\"https:\/\/noti-america.com\/site\/venezuela\/wp-content\/uploads\/sites\/2\/2023\/09\/Recorrido-alcalde-de-Lagunillas-1.jpg\",\"datePublished\":\"2023-09-11T09:34:23+00:00\",\"breadcrumb\":{\"@id\":\"https:\/\/noti-america.com\/site\/venezuela\/2023\/09\/11\/alcalde-de-lagunillas-realizo-recorrido-en-zonas-afectadas-por-las-lluvias-y-fuertes-vientos-tras-paso-de-tromba-marina-inf-video\/#breadcrumb\"},\"inLanguage\":\"es\",\"potentialAction\":[{\"@type\":\"ReadAction\",\"target\":[\"https:\/\/noti-america.com\/site\/venezuela\/2023\/09\/11\/alcalde-de-lagunillas-realizo-recorrido-en-zonas-afectadas-por-las-lluvias-y-fuertes-vientos-tras-paso-de-tromba-marina-inf-video\/\"]}]},{\"@type\":\"ImageObject\",\"inLanguage\":\"es\",\"@id\":\"https:\/\/noti-america.com\/site\/venezuela\/2023\/09\/11\/alcalde-de-lagunillas-realizo-recorrido-en-zonas-afectadas-por-las-lluvias-y-fuertes-vientos-tras-paso-de-tromba-marina-inf-video\/#primaryimage\",\"url\":\"https:\/\/noti-america.com\/site\/venezuela\/wp-content\/uploads\/sites\/2\/2023\/09\/Recorrido-alcalde-de-Lagunillas-1.jpg\",\"contentUrl\":\"https:\/\/noti-america.com\/site\/venezuela\/wp-content\/uploads\/sites\/2\/2023\/09\/Recorrido-alcalde-de-Lagunillas-1.jpg\",\"width\":800,\"height\":280},{\"@type\":\"BreadcrumbList\",\"@id\":\"https:\/\/noti-america.com\/site\/venezuela\/2023\/09\/11\/alcalde-de-lagunillas-realizo-recorrido-en-zonas-afectadas-por-las-lluvias-y-fuertes-vientos-tras-paso-de-tromba-marina-inf-video\/#breadcrumb\",\"itemListElement\":[{\"@type\":\"ListItem\",\"position\":1,\"name\":\"Portada\",\"item\":\"https:\/\/noti-america.com\/site\/venezuela\/\"},{\"@type\":\"ListItem\",\"position\":2,\"name\":\"ALCALDE DE LAGUNILLAS REALIZ\u00d3 RECORRIDO EN ZONAS AFECTADAS POR LAS LLUVIAS Y FUERTES VIENTOS TRAS PASO DE TROMBA MARINA (+Inf. Video)\"}]},{\"@type\":\"WebSite\",\"@id\":\"https:\/\/noti-america.com\/site\/venezuela\/#website\",\"url\":\"https:\/\/noti-america.com\/site\/venezuela\/\",\"name\":\"Venezuela | Noti-America.com\",\"description\":\"\",\"publisher\":{\"@id\":\"https:\/\/noti-america.com\/site\/venezuela\/#organization\"},\"potentialAction\":[{\"@type\":\"SearchAction\",\"target\":{\"@type\":\"EntryPoint\",\"urlTemplate\":\"https:\/\/noti-america.com\/site\/venezuela\/?s={search_term_string}\"},\"query-input\":{\"@type\":\"PropertyValueSpecification\",\"valueRequired\":true,\"valueName\":\"search_term_string\"}}],\"inLanguage\":\"es\"},{\"@type\":\"Organization\",\"@id\":\"https:\/\/noti-america.com\/site\/venezuela\/#organization\",\"name\":\"Noti-America LLC | Venezuela\",\"url\":\"https:\/\/noti-america.com\/site\/venezuela\/\",\"logo\":{\"@type\":\"ImageObject\",\"inLanguage\":\"es\",\"@id\":\"https:\/\/noti-america.com\/site\/venezuela\/#\/schema\/logo\/image\/\",\"url\":\"https:\/\/noti-america.com\/site\/venezuela\/wp-content\/uploads\/sites\/2\/2020\/07\/LogoNA-4x3-1.jpg\",\"contentUrl\":\"https:\/\/noti-america.com\/site\/venezuela\/wp-content\/uploads\/sites\/2\/2020\/07\/LogoNA-4x3-1.jpg\",\"width\":1236,\"height\":1080,\"caption\":\"Noti-America LLC | Venezuela\"},\"image\":{\"@id\":\"https:\/\/noti-america.com\/site\/venezuela\/#\/schema\/logo\/image\/\"}},{\"@type\":\"Person\",\"@id\":\"https:\/\/noti-america.com\/site\/venezuela\/#\/schema\/person\/2f37ed06a1cd058e8d611b3d42cce678\",\"name\":\"Hendrick Garcia\",\"image\":{\"@type\":\"ImageObject\",\"inLanguage\":\"es\",\"@id\":\"https:\/\/secure.gravatar.com\/avatar\/07f13ce868ede7f0937b7abbada276f430e4ed25cfff75dbe7f98f95ac02358c?s=96&d=mm&r=g\",\"url\":\"https:\/\/secure.gravatar.com\/avatar\/07f13ce868ede7f0937b7abbada276f430e4ed25cfff75dbe7f98f95ac02358c?s=96&d=mm&r=g\",\"contentUrl\":\"https:\/\/secure.gravatar.com\/avatar\/07f13ce868ede7f0937b7abbada276f430e4ed25cfff75dbe7f98f95ac02358c?s=96&d=mm&r=g\",\"caption\":\"Hendrick Garcia\"},\"url\":\"https:\/\/noti-america.com\/site\/venezuela\/author\/hegarcia\/\"}]}<\/script>\n<!-- \/ Yoast SEO Premium plugin. -->","yoast_head_json":{"title":"ALCALDE DE LAGUNILLAS REALIZ\u00d3 RECORRIDO EN ZONAS AFECTADAS POR LAS LLUVIAS Y FUERTES VIENTOS TRAS PASO DE TROMBA MARINA (+Inf. Video) - Venezuela | Noti-America.com","robots":{"index":"index","follow":"follow","max-snippet":"max-snippet:-1","max-image-preview":"max-image-preview:large","max-video-preview":"max-video-preview:-1"},"canonical":"https:\/\/noti-america.com\/site\/venezuela\/2023\/09\/11\/alcalde-de-lagunillas-realizo-recorrido-en-zonas-afectadas-por-las-lluvias-y-fuertes-vientos-tras-paso-de-tromba-marina-inf-video\/","og_locale":"es_ES","og_type":"article","og_title":"ALCALDE DE LAGUNILLAS REALIZ\u00d3 RECORRIDO EN ZONAS AFECTADAS POR LAS LLUVIAS Y FUERTES VIENTOS TRAS PASO DE TROMBA MARINA (+Inf. Video)","og_description":"Tras las fuertes precipitaciones con fuertes vientos este 10 de septiembre, el alcalde de Lagunillas, Jos\u00e9 Mosquera, realiz\u00f3 un balance tras la inspecci\u00f3n y recorrido en las zonas afectadas. Mosquera, acompa\u00f1ado de Fabio Berni,&#46;&#46;&#46;","og_url":"https:\/\/noti-america.com\/site\/venezuela\/2023\/09\/11\/alcalde-de-lagunillas-realizo-recorrido-en-zonas-afectadas-por-las-lluvias-y-fuertes-vientos-tras-paso-de-tromba-marina-inf-video\/","og_site_name":"Venezuela | Noti-America.com","article_published_time":"2023-09-11T09:34:23+00:00","og_image":[{"width":800,"height":280,"url":"https:\/\/noti-america.com\/site\/venezuela\/wp-content\/uploads\/sites\/2\/2023\/09\/Recorrido-alcalde-de-Lagunillas-1.jpg","type":"image\/jpeg"}],"author":"Hendrick Garcia","twitter_card":"summary_large_image","twitter_misc":{"Escrito por":"Hendrick Garcia","Tiempo estimado de lectura":"2 minutos"},"schema":{"@context":"https:\/\/schema.org","@graph":[{"@type":"Article","@id":"https:\/\/noti-america.com\/site\/venezuela\/2023\/09\/11\/alcalde-de-lagunillas-realizo-recorrido-en-zonas-afectadas-por-las-lluvias-y-fuertes-vientos-tras-paso-de-tromba-marina-inf-video\/#article","isPartOf":{"@id":"https:\/\/noti-america.com\/site\/venezuela\/2023\/09\/11\/alcalde-de-lagunillas-realizo-recorrido-en-zonas-afectadas-por-las-lluvias-y-fuertes-vientos-tras-paso-de-tromba-marina-inf-video\/"},"author":{"name":"Hendrick Garcia","@id":"https:\/\/noti-america.com\/site\/venezuela\/#\/schema\/person\/2f37ed06a1cd058e8d611b3d42cce678"},"headline":"ALCALDE DE LAGUNILLAS REALIZ\u00d3 RECORRIDO EN ZONAS AFECTADAS POR LAS LLUVIAS Y FUERTES VIENTOS TRAS PASO DE TROMBA MARINA (+Inf. Video)","datePublished":"2023-09-11T09:34:23+00:00","mainEntityOfPage":{"@id":"https:\/\/noti-america.com\/site\/venezuela\/2023\/09\/11\/alcalde-de-lagunillas-realizo-recorrido-en-zonas-afectadas-por-las-lluvias-y-fuertes-vientos-tras-paso-de-tromba-marina-inf-video\/"},"wordCount":383,"commentCount":0,"publisher":{"@id":"https:\/\/noti-america.com\/site\/venezuela\/#organization"},"image":{"@id":"https:\/\/noti-america.com\/site\/venezuela\/2023\/09\/11\/alcalde-de-lagunillas-realizo-recorrido-en-zonas-afectadas-por-las-lluvias-y-fuertes-vientos-tras-paso-de-tromba-marina-inf-video\/#primaryimage"},"thumbnailUrl":"https:\/\/noti-america.com\/site\/venezuela\/wp-content\/uploads\/sites\/2\/2023\/09\/Recorrido-alcalde-de-Lagunillas-1.jpg","keywords":["ciudad ojeda","zulia"],"articleSection":["Ambiental","Comunidades","Venezuela"],"inLanguage":"es","potentialAction":[{"@type":"CommentAction","name":"Comment","target":["https:\/\/noti-america.com\/site\/venezuela\/2023\/09\/11\/alcalde-de-lagunillas-realizo-recorrido-en-zonas-afectadas-por-las-lluvias-y-fuertes-vientos-tras-paso-de-tromba-marina-inf-video\/#respond"]}]},{"@type":"WebPage","@id":"https:\/\/noti-america.com\/site\/venezuela\/2023\/09\/11\/alcalde-de-lagunillas-realizo-recorrido-en-zonas-afectadas-por-las-lluvias-y-fuertes-vientos-tras-paso-de-tromba-marina-inf-video\/","url":"https:\/\/noti-america.com\/site\/venezuela\/2023\/09\/11\/alcalde-de-lagunillas-realizo-recorrido-en-zonas-afectadas-por-las-lluvias-y-fuertes-vientos-tras-paso-de-tromba-marina-inf-video\/","name":"ALCALDE DE LAGUNILLAS REALIZ\u00d3 RECORRIDO EN ZONAS AFECTADAS POR LAS LLUVIAS Y FUERTES VIENTOS TRAS PASO DE TROMBA MARINA (+Inf. Video) - Venezuela | Noti-America.com","isPartOf":{"@id":"https:\/\/noti-america.com\/site\/venezuela\/#website"},"primaryImageOfPage":{"@id":"https:\/\/noti-america.com\/site\/venezuela\/2023\/09\/11\/alcalde-de-lagunillas-realizo-recorrido-en-zonas-afectadas-por-las-lluvias-y-fuertes-vientos-tras-paso-de-tromba-marina-inf-video\/#primaryimage"},"image":{"@id":"https:\/\/noti-america.com\/site\/venezuela\/2023\/09\/11\/alcalde-de-lagunillas-realizo-recorrido-en-zonas-afectadas-por-las-lluvias-y-fuertes-vientos-tras-paso-de-tromba-marina-inf-video\/#primaryimage"},"thumbnailUrl":"https:\/\/noti-america.com\/site\/venezuela\/wp-content\/uploads\/sites\/2\/2023\/09\/Recorrido-alcalde-de-Lagunillas-1.jpg","datePublished":"2023-09-11T09:34:23+00:00","breadcrumb":{"@id":"https:\/\/noti-america.com\/site\/venezuela\/2023\/09\/11\/alcalde-de-lagunillas-realizo-recorrido-en-zonas-afectadas-por-las-lluvias-y-fuertes-vientos-tras-paso-de-tromba-marina-inf-video\/#breadcrumb"},"inLanguage":"es","potentialAction":[{"@type":"ReadAction","target":["https:\/\/noti-america.com\/site\/venezuela\/2023\/09\/11\/alcalde-de-lagunillas-realizo-recorrido-en-zonas-afectadas-por-las-lluvias-y-fuertes-vientos-tras-paso-de-tromba-marina-inf-video\/"]}]},{"@type":"ImageObject","inLanguage":"es","@id":"https:\/\/noti-america.com\/site\/venezuela\/2023\/09\/11\/alcalde-de-lagunillas-realizo-recorrido-en-zonas-afectadas-por-las-lluvias-y-fuertes-vientos-tras-paso-de-tromba-marina-inf-video\/#primaryimage","url":"https:\/\/noti-america.com\/site\/venezuela\/wp-content\/uploads\/sites\/2\/2023\/09\/Recorrido-alcalde-de-Lagunillas-1.jpg","contentUrl":"https:\/\/noti-america.com\/site\/venezuela\/wp-content\/uploads\/sites\/2\/2023\/09\/Recorrido-alcalde-de-Lagunillas-1.jpg","width":800,"height":280},{"@type":"BreadcrumbList","@id":"https:\/\/noti-america.com\/site\/venezuela\/2023\/09\/11\/alcalde-de-lagunillas-realizo-recorrido-en-zonas-afectadas-por-las-lluvias-y-fuertes-vientos-tras-paso-de-tromba-marina-inf-video\/#breadcrumb","itemListElement":[{"@type":"ListItem","position":1,"name":"Portada","item":"https:\/\/noti-america.com\/site\/venezuela\/"},{"@type":"ListItem","position":2,"name":"ALCALDE DE LAGUNILLAS REALIZ\u00d3 RECORRIDO EN ZONAS AFECTADAS POR LAS LLUVIAS Y FUERTES VIENTOS TRAS PASO DE TROMBA MARINA (+Inf. Video)"}]},{"@type":"WebSite","@id":"https:\/\/noti-america.com\/site\/venezuela\/#website","url":"https:\/\/noti-america.com\/site\/venezuela\/","name":"Venezuela | Noti-America.com","description":"","publisher":{"@id":"https:\/\/noti-america.com\/site\/venezuela\/#organization"},"potentialAction":[{"@type":"SearchAction","target":{"@type":"EntryPoint","urlTemplate":"https:\/\/noti-america.com\/site\/venezuela\/?s={search_term_string}"},"query-input":{"@type":"PropertyValueSpecification","valueRequired":true,"valueName":"search_term_string"}}],"inLanguage":"es"},{"@type":"Organization","@id":"https:\/\/noti-america.com\/site\/venezuela\/#organization","name":"Noti-America LLC | Venezuela","url":"https:\/\/noti-america.com\/site\/venezuela\/","logo":{"@type":"ImageObject","inLanguage":"es","@id":"https:\/\/noti-america.com\/site\/venezuela\/#\/schema\/logo\/image\/","url":"https:\/\/noti-america.com\/site\/venezuela\/wp-content\/uploads\/sites\/2\/2020\/07\/LogoNA-4x3-1.jpg","contentUrl":"https:\/\/noti-america.com\/site\/venezuela\/wp-content\/uploads\/sites\/2\/2020\/07\/LogoNA-4x3-1.jpg","width":1236,"height":1080,"caption":"Noti-America LLC | Venezuela"},"image":{"@id":"https:\/\/noti-america.com\/site\/venezuela\/#\/schema\/logo\/image\/"}},{"@type":"Person","@id":"https:\/\/noti-america.com\/site\/venezuela\/#\/schema\/person\/2f37ed06a1cd058e8d611b3d42cce678","name":"Hendrick Garcia","image":{"@type":"ImageObject","inLanguage":"es","@id":"https:\/\/secure.gravatar.com\/avatar\/07f13ce868ede7f0937b7abbada276f430e4ed25cfff75dbe7f98f95ac02358c?s=96&d=mm&r=g","url":"https:\/\/secure.gravatar.com\/avatar\/07f13ce868ede7f0937b7abbada276f430e4ed25cfff75dbe7f98f95ac02358c?s=96&d=mm&r=g","contentUrl":"https:\/\/secure.gravatar.com\/avatar\/07f13ce868ede7f0937b7abbada276f430e4ed25cfff75dbe7f98f95ac02358c?s=96&d=mm&r=g","caption":"Hendrick Garcia"},"url":"https:\/\/noti-america.com\/site\/venezuela\/author\/hegarcia\/"}]}},"_links":{"self":[{"href":"https:\/\/noti-america.com\/site\/venezuela\/wp-json\/wp\/v2\/posts\/30656","targetHints":{"allow":["GET"]}}],"collection":[{"href":"https:\/\/noti-america.com\/site\/venezuela\/wp-json\/wp\/v2\/posts"}],"about":[{"href":"https:\/\/noti-america.com\/site\/venezuela\/wp-json\/wp\/v2\/types\/post"}],"author":[{"embeddable":true,"href":"https:\/\/noti-america.com\/site\/venezuela\/wp-json\/wp\/v2\/users\/40"}],"replies":[{"embeddable":true,"href":"https:\/\/noti-america.com\/site\/venezuela\/wp-json\/wp\/v2\/comments?post=30656"}],"version-history":[{"count":2,"href":"https:\/\/noti-america.com\/site\/venezuela\/wp-json\/wp\/v2\/posts\/30656\/revisions"}],"predecessor-version":[{"id":30669,"href":"https:\/\/noti-america.com\/site\/venezuela\/wp-json\/wp\/v2\/posts\/30656\/revisions\/30669"}],"wp:featuredmedia":[{"embeddable":true,"href":"https:\/\/noti-america.com\/site\/venezuela\/wp-json\/wp\/v2\/media\/30668"}],"wp:attachment":[{"href":"https:\/\/noti-america.com\/site\/venezuela\/wp-json\/wp\/v2\/media?parent=30656"}],"wp:term":[{"taxonomy":"category","embeddable":true,"href":"https:\/\/noti-america.com\/site\/venezuela\/wp-json\/wp\/v2\/categories?post=30656"},{"taxonomy":"post_tag","embeddable":true,"href":"https:\/\/noti-america.com\/site\/venezuela\/wp-json\/wp\/v2\/tags?post=30656"}],"curies":[{"name":"wp","href":"https:\/\/api.w.org\/{rel}","templated":true}]}}