{"id":30396,"date":"2023-08-31T17:03:09","date_gmt":"2023-08-31T17:03:09","guid":{"rendered":"https:\/\/noti-america.com\/site\/venezuela\/?p=30396"},"modified":"2023-08-31T17:03:09","modified_gmt":"2023-08-31T17:03:09","slug":"seguiremos-en-la-lucha-por-el-cambio-y-en-los-reclamos-de-nuestros-derechos","status":"publish","type":"post","link":"https:\/\/noti-america.com\/site\/venezuela\/2023\/08\/31\/seguiremos-en-la-lucha-por-el-cambio-y-en-los-reclamos-de-nuestros-derechos\/","title":{"rendered":"\u201cSeguiremos en la lucha por el cambio y en los reclamos de nuestros derechos\u201d"},"content":{"rendered":"<p style=\"text-align: justify\"><img loading=\"lazy\" decoding=\"async\" class=\"size-medium wp-image-30458\" src=\"https:\/\/noti-america.com\/site\/venezuela\/wp-content\/uploads\/sites\/2\/2023\/08\/IMG-20230830-WA0370-300x169.jpg\" alt=\"\" width=\"300\" height=\"169\" srcset=\"https:\/\/noti-america.com\/site\/venezuela\/wp-content\/uploads\/sites\/2\/2023\/08\/IMG-20230830-WA0370-300x169.jpg 300w, https:\/\/noti-america.com\/site\/venezuela\/wp-content\/uploads\/sites\/2\/2023\/08\/IMG-20230830-WA0370-1024x576.jpg 1024w, https:\/\/noti-america.com\/site\/venezuela\/wp-content\/uploads\/sites\/2\/2023\/08\/IMG-20230830-WA0370-768x432.jpg 768w, https:\/\/noti-america.com\/site\/venezuela\/wp-content\/uploads\/sites\/2\/2023\/08\/IMG-20230830-WA0370.jpg 1280w\" sizes=\"auto, (max-width: 300px) 100vw, 300px\" \/><\/p>\r\n\r\n<p style=\"text-align: justify\"><strong>Rosales encara los \u00faltimos 4 meses del<\/strong> a\u00f1o<br \/><br \/>\u201c<em><strong>Seguiremos en la lucha por el cambio y en los reclamos de nuestros derechos\u201d<\/strong><\/em><br \/><br \/>El Gobernador del Zulia, Manuel Rosales, dijo este mi\u00e9rcoles que est\u00e1 listo para encarar los cuatro meses finales de este a\u00f1o y que insistir\u00e1 en los reclamos de los derechos constitucionales del Zulia. <br \/><br \/>El mandatario atendi\u00f3 llamadas de diversos medios respecto a lo dicho por el Presidente Maduro en un programa televisivo en el cual afirm\u00f3 que ambos l\u00edderes se re\u00fanen frecuentemente para trabajar en conjunto a pesar de que representan corrientes pol\u00edticas opuestas. <br \/><br \/>\u201cVi el comentario y algunas reacciones en las redes\u201d, respondi\u00f3 Rosales. <br \/><br \/>\u201cLa agenda de reclamos del Zulia ante el poder central es una prioridad para nosotros de la cual nadie nos va a sacar\u201d, sostuvo. <br \/><br \/>\u201cSeguimos a la espera de respuestas sobre el manejo de las carreteras porque el deterioro es demasiado peligroso. Nos referimos a la Lara-Zulia, Machiques-Col\u00f3n, Panamericana, Troncal del Caribe y Falc\u00f3n-Zulia\u201d, indic\u00f3. <br \/><br \/>Agreg\u00f3 que \u201cen el Sur del Lago no ha sido posible concretar plenamente las acciones necesarias para reconstruir las v\u00edas da\u00f1adas durante las tres tormentas tropicales del a\u00f1o pasado, aunque algunos puntos ya han sido atendidos. Existen coordinaciones de obras y tareas. Pero nos preocupan los pron\u00f3sticos meteorol\u00f3gicos para los pr\u00f3ximos d\u00edas y en eso debemos trabajar juntos los tres niveles de gobierno\u201d.<br \/><br \/>Luego, el l\u00edder zuliano subray\u00f3:<br \/><br \/>\u201cPero no solo eso. Acabamos de regresar de una nueva gira por el Sur del Lago, y el dique roto sigue igual. Hay una fractura de la cual ya hemos hablado con mucha firmeza a sabiendas que hay comunidades, escuelas, reba\u00f1os y cosechas en riesgo\u201d. <br \/><br \/>Rosales tambi\u00e9n se refiri\u00f3 a las competencias en peajes, hospitales, puerto, aeropuertos y puente Rafael Urdaneta, las cuales han formado parte de las conversaciones con Maduro. <br \/><br \/>\u201cEl Presidente lo dijo claro. Somos militantes de corrientes pol\u00edticas opuestas. Nosotros los derrotamos en el Zulia y ellos lo aceptaron. Les ganamos la gobernaci\u00f3n, 15 alcald\u00edas y casi todos los puestos en el Consejo Legislativo y en los concejos municipales y nos estamos preparando para seguirlos venciendo en las venideras elecciones\u201d, enfatiz\u00f3 el Gobernador. <br \/><br \/>\u201c<strong><em>Nos hemos reunido, pero no para derroches de simpat\u00edas. Es que tengo el compromiso con el Zulia para que se construyan las plantas de tratamiento que nos ayuden a descontaminar el Lago. Queremos que se apruebe la Zona Econ\u00f3mica Especial para producir alimentos y manufacturas a gran escala. Estos cuatro meses finales que est\u00e1n por comenzar ser\u00e1n muy importantes. Seguiremos en la construcci\u00f3n de la unidad ganadora para la primaria del 22 de octubre rumbo a la elecci\u00f3n presidencial de 2024, pero al mismo tiempo acentuaremos los reclamos de nuestros derechos\u201d, sentenci\u00f3 Rosales<\/em><\/strong>. <br \/><br \/>Finalmente, precis\u00f3 que en los pa\u00edses modernos son normales los di\u00e1logos entre gobernantes. \u201cEso se ha perdido y hay que recuperarlo. No podemos permitir que los campeones de las ofertas enga\u00f1osas convenzan al pa\u00eds de que lo mejor es el conflicto permanente entre gobernantes\u201d.<br \/><br \/>Fuente: Nota de Prensa<\/p>\r\n","protected":false},"excerpt":{"rendered":"<p>Rosales encara los \u00faltimos 4 meses del a\u00f1o \u201cSeguiremos en la lucha por el cambio y en los reclamos de nuestros derechos\u201d El Gobernador del Zulia, Manuel Rosales, dijo este mi\u00e9rcoles que est\u00e1 listo&#46;&#46;&#46;<\/p>\n","protected":false},"author":40,"featured_media":30458,"comment_status":"open","ping_status":"open","sticky":false,"template":"","format":"standard","meta":{"_acf_changed":false,"om_disable_all_campaigns":false,"rop_custom_images_group":[],"rop_custom_messages_group":[],"rop_publish_now":"initial","rop_publish_now_accounts":{"twitter_242054905_242054905":""},"rop_publish_now_history":[],"rop_publish_now_status":"pending","_uf_show_specific_survey":0,"_uf_disable_surveys":false,"footnotes":""},"categories":[3,156],"tags":[],"class_list":["post-30396","post","type-post","status-publish","format-standard","has-post-thumbnail","hentry","category-politica","category-venezuela"],"acf":[],"aioseo_notices":[],"yoast_head":"<!-- This site is optimized with the Yoast SEO Premium plugin v24.9 (Yoast SEO v27.2) - https:\/\/yoast.com\/product\/yoast-seo-premium-wordpress\/ -->\n<title>\u201cSeguiremos en la lucha por el cambio y en los reclamos de nuestros derechos\u201d - Venezuela | Noti-America.com<\/title>\n<meta name=\"robots\" content=\"index, follow, max-snippet:-1, max-image-preview:large, max-video-preview:-1\" \/>\n<link rel=\"canonical\" href=\"https:\/\/noti-america.com\/site\/venezuela\/2023\/08\/31\/seguiremos-en-la-lucha-por-el-cambio-y-en-los-reclamos-de-nuestros-derechos\/\" \/>\n<meta property=\"og:locale\" content=\"es_ES\" \/>\n<meta property=\"og:type\" content=\"article\" \/>\n<meta property=\"og:title\" content=\"\u201cSeguiremos en la lucha por el cambio y en los reclamos de nuestros derechos\u201d\" \/>\n<meta property=\"og:description\" content=\"Rosales encara los \u00faltimos 4 meses del a\u00f1o \u201cSeguiremos en la lucha por el cambio y en los reclamos de nuestros derechos\u201d El Gobernador del Zulia, Manuel Rosales, dijo este mi\u00e9rcoles que est\u00e1 listo&#046;&#046;&#046;\" \/>\n<meta property=\"og:url\" content=\"https:\/\/noti-america.com\/site\/venezuela\/2023\/08\/31\/seguiremos-en-la-lucha-por-el-cambio-y-en-los-reclamos-de-nuestros-derechos\/\" \/>\n<meta property=\"og:site_name\" content=\"Venezuela | Noti-America.com\" \/>\n<meta property=\"article:published_time\" content=\"2023-08-31T17:03:09+00:00\" \/>\n<meta property=\"og:image\" content=\"https:\/\/noti-america.com\/site\/venezuela\/wp-content\/uploads\/sites\/2\/2023\/08\/IMG-20230830-WA0370.jpg\" \/>\n\t<meta property=\"og:image:width\" content=\"1280\" \/>\n\t<meta property=\"og:image:height\" content=\"720\" \/>\n\t<meta property=\"og:image:type\" content=\"image\/jpeg\" \/>\n<meta name=\"author\" content=\"Hendrick Garcia\" \/>\n<meta name=\"twitter:card\" content=\"summary_large_image\" \/>\n<meta name=\"twitter:label1\" content=\"Escrito por\" \/>\n\t<meta name=\"twitter:data1\" content=\"Hendrick Garcia\" \/>\n\t<meta name=\"twitter:label2\" content=\"Tiempo estimado de lectura\" \/>\n\t<meta name=\"twitter:data2\" content=\"3 minutos\" \/>\n<script type=\"application\/ld+json\" class=\"yoast-schema-graph\">{\"@context\":\"https:\/\/schema.org\",\"@graph\":[{\"@type\":\"Article\",\"@id\":\"https:\/\/noti-america.com\/site\/venezuela\/2023\/08\/31\/seguiremos-en-la-lucha-por-el-cambio-y-en-los-reclamos-de-nuestros-derechos\/#article\",\"isPartOf\":{\"@id\":\"https:\/\/noti-america.com\/site\/venezuela\/2023\/08\/31\/seguiremos-en-la-lucha-por-el-cambio-y-en-los-reclamos-de-nuestros-derechos\/\"},\"author\":{\"name\":\"Hendrick Garcia\",\"@id\":\"https:\/\/noti-america.com\/site\/venezuela\/#\/schema\/person\/2f37ed06a1cd058e8d611b3d42cce678\"},\"headline\":\"\u201cSeguiremos en la lucha por el cambio y en los reclamos de nuestros derechos\u201d\",\"datePublished\":\"2023-08-31T17:03:09+00:00\",\"mainEntityOfPage\":{\"@id\":\"https:\/\/noti-america.com\/site\/venezuela\/2023\/08\/31\/seguiremos-en-la-lucha-por-el-cambio-y-en-los-reclamos-de-nuestros-derechos\/\"},\"wordCount\":538,\"commentCount\":0,\"publisher\":{\"@id\":\"https:\/\/noti-america.com\/site\/venezuela\/#organization\"},\"image\":{\"@id\":\"https:\/\/noti-america.com\/site\/venezuela\/2023\/08\/31\/seguiremos-en-la-lucha-por-el-cambio-y-en-los-reclamos-de-nuestros-derechos\/#primaryimage\"},\"thumbnailUrl\":\"https:\/\/noti-america.com\/site\/venezuela\/wp-content\/uploads\/sites\/2\/2023\/08\/IMG-20230830-WA0370.jpg\",\"articleSection\":[\"Pol\u00edtica\",\"Venezuela\"],\"inLanguage\":\"es\",\"potentialAction\":[{\"@type\":\"CommentAction\",\"name\":\"Comment\",\"target\":[\"https:\/\/noti-america.com\/site\/venezuela\/2023\/08\/31\/seguiremos-en-la-lucha-por-el-cambio-y-en-los-reclamos-de-nuestros-derechos\/#respond\"]}]},{\"@type\":\"WebPage\",\"@id\":\"https:\/\/noti-america.com\/site\/venezuela\/2023\/08\/31\/seguiremos-en-la-lucha-por-el-cambio-y-en-los-reclamos-de-nuestros-derechos\/\",\"url\":\"https:\/\/noti-america.com\/site\/venezuela\/2023\/08\/31\/seguiremos-en-la-lucha-por-el-cambio-y-en-los-reclamos-de-nuestros-derechos\/\",\"name\":\"\u201cSeguiremos en la lucha por el cambio y en los reclamos de nuestros derechos\u201d - Venezuela | Noti-America.com\",\"isPartOf\":{\"@id\":\"https:\/\/noti-america.com\/site\/venezuela\/#website\"},\"primaryImageOfPage\":{\"@id\":\"https:\/\/noti-america.com\/site\/venezuela\/2023\/08\/31\/seguiremos-en-la-lucha-por-el-cambio-y-en-los-reclamos-de-nuestros-derechos\/#primaryimage\"},\"image\":{\"@id\":\"https:\/\/noti-america.com\/site\/venezuela\/2023\/08\/31\/seguiremos-en-la-lucha-por-el-cambio-y-en-los-reclamos-de-nuestros-derechos\/#primaryimage\"},\"thumbnailUrl\":\"https:\/\/noti-america.com\/site\/venezuela\/wp-content\/uploads\/sites\/2\/2023\/08\/IMG-20230830-WA0370.jpg\",\"datePublished\":\"2023-08-31T17:03:09+00:00\",\"breadcrumb\":{\"@id\":\"https:\/\/noti-america.com\/site\/venezuela\/2023\/08\/31\/seguiremos-en-la-lucha-por-el-cambio-y-en-los-reclamos-de-nuestros-derechos\/#breadcrumb\"},\"inLanguage\":\"es\",\"potentialAction\":[{\"@type\":\"ReadAction\",\"target\":[\"https:\/\/noti-america.com\/site\/venezuela\/2023\/08\/31\/seguiremos-en-la-lucha-por-el-cambio-y-en-los-reclamos-de-nuestros-derechos\/\"]}]},{\"@type\":\"ImageObject\",\"inLanguage\":\"es\",\"@id\":\"https:\/\/noti-america.com\/site\/venezuela\/2023\/08\/31\/seguiremos-en-la-lucha-por-el-cambio-y-en-los-reclamos-de-nuestros-derechos\/#primaryimage\",\"url\":\"https:\/\/noti-america.com\/site\/venezuela\/wp-content\/uploads\/sites\/2\/2023\/08\/IMG-20230830-WA0370.jpg\",\"contentUrl\":\"https:\/\/noti-america.com\/site\/venezuela\/wp-content\/uploads\/sites\/2\/2023\/08\/IMG-20230830-WA0370.jpg\",\"width\":1280,\"height\":720},{\"@type\":\"BreadcrumbList\",\"@id\":\"https:\/\/noti-america.com\/site\/venezuela\/2023\/08\/31\/seguiremos-en-la-lucha-por-el-cambio-y-en-los-reclamos-de-nuestros-derechos\/#breadcrumb\",\"itemListElement\":[{\"@type\":\"ListItem\",\"position\":1,\"name\":\"Portada\",\"item\":\"https:\/\/noti-america.com\/site\/venezuela\/\"},{\"@type\":\"ListItem\",\"position\":2,\"name\":\"\u201cSeguiremos en la lucha por el cambio y en los reclamos de nuestros derechos\u201d\"}]},{\"@type\":\"WebSite\",\"@id\":\"https:\/\/noti-america.com\/site\/venezuela\/#website\",\"url\":\"https:\/\/noti-america.com\/site\/venezuela\/\",\"name\":\"Venezuela | Noti-America.com\",\"description\":\"\",\"publisher\":{\"@id\":\"https:\/\/noti-america.com\/site\/venezuela\/#organization\"},\"potentialAction\":[{\"@type\":\"SearchAction\",\"target\":{\"@type\":\"EntryPoint\",\"urlTemplate\":\"https:\/\/noti-america.com\/site\/venezuela\/?s={search_term_string}\"},\"query-input\":{\"@type\":\"PropertyValueSpecification\",\"valueRequired\":true,\"valueName\":\"search_term_string\"}}],\"inLanguage\":\"es\"},{\"@type\":\"Organization\",\"@id\":\"https:\/\/noti-america.com\/site\/venezuela\/#organization\",\"name\":\"Noti-America LLC | Venezuela\",\"url\":\"https:\/\/noti-america.com\/site\/venezuela\/\",\"logo\":{\"@type\":\"ImageObject\",\"inLanguage\":\"es\",\"@id\":\"https:\/\/noti-america.com\/site\/venezuela\/#\/schema\/logo\/image\/\",\"url\":\"https:\/\/noti-america.com\/site\/venezuela\/wp-content\/uploads\/sites\/2\/2020\/07\/LogoNA-4x3-1.jpg\",\"contentUrl\":\"https:\/\/noti-america.com\/site\/venezuela\/wp-content\/uploads\/sites\/2\/2020\/07\/LogoNA-4x3-1.jpg\",\"width\":1236,\"height\":1080,\"caption\":\"Noti-America LLC | Venezuela\"},\"image\":{\"@id\":\"https:\/\/noti-america.com\/site\/venezuela\/#\/schema\/logo\/image\/\"}},{\"@type\":\"Person\",\"@id\":\"https:\/\/noti-america.com\/site\/venezuela\/#\/schema\/person\/2f37ed06a1cd058e8d611b3d42cce678\",\"name\":\"Hendrick Garcia\",\"image\":{\"@type\":\"ImageObject\",\"inLanguage\":\"es\",\"@id\":\"https:\/\/secure.gravatar.com\/avatar\/07f13ce868ede7f0937b7abbada276f430e4ed25cfff75dbe7f98f95ac02358c?s=96&d=mm&r=g\",\"url\":\"https:\/\/secure.gravatar.com\/avatar\/07f13ce868ede7f0937b7abbada276f430e4ed25cfff75dbe7f98f95ac02358c?s=96&d=mm&r=g\",\"contentUrl\":\"https:\/\/secure.gravatar.com\/avatar\/07f13ce868ede7f0937b7abbada276f430e4ed25cfff75dbe7f98f95ac02358c?s=96&d=mm&r=g\",\"caption\":\"Hendrick Garcia\"},\"url\":\"https:\/\/noti-america.com\/site\/venezuela\/author\/hegarcia\/\"}]}<\/script>\n<!-- \/ Yoast SEO Premium plugin. -->","yoast_head_json":{"title":"\u201cSeguiremos en la lucha por el cambio y en los reclamos de nuestros derechos\u201d - Venezuela | Noti-America.com","robots":{"index":"index","follow":"follow","max-snippet":"max-snippet:-1","max-image-preview":"max-image-preview:large","max-video-preview":"max-video-preview:-1"},"canonical":"https:\/\/noti-america.com\/site\/venezuela\/2023\/08\/31\/seguiremos-en-la-lucha-por-el-cambio-y-en-los-reclamos-de-nuestros-derechos\/","og_locale":"es_ES","og_type":"article","og_title":"\u201cSeguiremos en la lucha por el cambio y en los reclamos de nuestros derechos\u201d","og_description":"Rosales encara los \u00faltimos 4 meses del a\u00f1o \u201cSeguiremos en la lucha por el cambio y en los reclamos de nuestros derechos\u201d El Gobernador del Zulia, Manuel Rosales, dijo este mi\u00e9rcoles que est\u00e1 listo&#46;&#46;&#46;","og_url":"https:\/\/noti-america.com\/site\/venezuela\/2023\/08\/31\/seguiremos-en-la-lucha-por-el-cambio-y-en-los-reclamos-de-nuestros-derechos\/","og_site_name":"Venezuela | Noti-America.com","article_published_time":"2023-08-31T17:03:09+00:00","og_image":[{"width":1280,"height":720,"url":"https:\/\/noti-america.com\/site\/venezuela\/wp-content\/uploads\/sites\/2\/2023\/08\/IMG-20230830-WA0370.jpg","type":"image\/jpeg"}],"author":"Hendrick Garcia","twitter_card":"summary_large_image","twitter_misc":{"Escrito por":"Hendrick Garcia","Tiempo estimado de lectura":"3 minutos"},"schema":{"@context":"https:\/\/schema.org","@graph":[{"@type":"Article","@id":"https:\/\/noti-america.com\/site\/venezuela\/2023\/08\/31\/seguiremos-en-la-lucha-por-el-cambio-y-en-los-reclamos-de-nuestros-derechos\/#article","isPartOf":{"@id":"https:\/\/noti-america.com\/site\/venezuela\/2023\/08\/31\/seguiremos-en-la-lucha-por-el-cambio-y-en-los-reclamos-de-nuestros-derechos\/"},"author":{"name":"Hendrick Garcia","@id":"https:\/\/noti-america.com\/site\/venezuela\/#\/schema\/person\/2f37ed06a1cd058e8d611b3d42cce678"},"headline":"\u201cSeguiremos en la lucha por el cambio y en los reclamos de nuestros derechos\u201d","datePublished":"2023-08-31T17:03:09+00:00","mainEntityOfPage":{"@id":"https:\/\/noti-america.com\/site\/venezuela\/2023\/08\/31\/seguiremos-en-la-lucha-por-el-cambio-y-en-los-reclamos-de-nuestros-derechos\/"},"wordCount":538,"commentCount":0,"publisher":{"@id":"https:\/\/noti-america.com\/site\/venezuela\/#organization"},"image":{"@id":"https:\/\/noti-america.com\/site\/venezuela\/2023\/08\/31\/seguiremos-en-la-lucha-por-el-cambio-y-en-los-reclamos-de-nuestros-derechos\/#primaryimage"},"thumbnailUrl":"https:\/\/noti-america.com\/site\/venezuela\/wp-content\/uploads\/sites\/2\/2023\/08\/IMG-20230830-WA0370.jpg","articleSection":["Pol\u00edtica","Venezuela"],"inLanguage":"es","potentialAction":[{"@type":"CommentAction","name":"Comment","target":["https:\/\/noti-america.com\/site\/venezuela\/2023\/08\/31\/seguiremos-en-la-lucha-por-el-cambio-y-en-los-reclamos-de-nuestros-derechos\/#respond"]}]},{"@type":"WebPage","@id":"https:\/\/noti-america.com\/site\/venezuela\/2023\/08\/31\/seguiremos-en-la-lucha-por-el-cambio-y-en-los-reclamos-de-nuestros-derechos\/","url":"https:\/\/noti-america.com\/site\/venezuela\/2023\/08\/31\/seguiremos-en-la-lucha-por-el-cambio-y-en-los-reclamos-de-nuestros-derechos\/","name":"\u201cSeguiremos en la lucha por el cambio y en los reclamos de nuestros derechos\u201d - Venezuela | Noti-America.com","isPartOf":{"@id":"https:\/\/noti-america.com\/site\/venezuela\/#website"},"primaryImageOfPage":{"@id":"https:\/\/noti-america.com\/site\/venezuela\/2023\/08\/31\/seguiremos-en-la-lucha-por-el-cambio-y-en-los-reclamos-de-nuestros-derechos\/#primaryimage"},"image":{"@id":"https:\/\/noti-america.com\/site\/venezuela\/2023\/08\/31\/seguiremos-en-la-lucha-por-el-cambio-y-en-los-reclamos-de-nuestros-derechos\/#primaryimage"},"thumbnailUrl":"https:\/\/noti-america.com\/site\/venezuela\/wp-content\/uploads\/sites\/2\/2023\/08\/IMG-20230830-WA0370.jpg","datePublished":"2023-08-31T17:03:09+00:00","breadcrumb":{"@id":"https:\/\/noti-america.com\/site\/venezuela\/2023\/08\/31\/seguiremos-en-la-lucha-por-el-cambio-y-en-los-reclamos-de-nuestros-derechos\/#breadcrumb"},"inLanguage":"es","potentialAction":[{"@type":"ReadAction","target":["https:\/\/noti-america.com\/site\/venezuela\/2023\/08\/31\/seguiremos-en-la-lucha-por-el-cambio-y-en-los-reclamos-de-nuestros-derechos\/"]}]},{"@type":"ImageObject","inLanguage":"es","@id":"https:\/\/noti-america.com\/site\/venezuela\/2023\/08\/31\/seguiremos-en-la-lucha-por-el-cambio-y-en-los-reclamos-de-nuestros-derechos\/#primaryimage","url":"https:\/\/noti-america.com\/site\/venezuela\/wp-content\/uploads\/sites\/2\/2023\/08\/IMG-20230830-WA0370.jpg","contentUrl":"https:\/\/noti-america.com\/site\/venezuela\/wp-content\/uploads\/sites\/2\/2023\/08\/IMG-20230830-WA0370.jpg","width":1280,"height":720},{"@type":"BreadcrumbList","@id":"https:\/\/noti-america.com\/site\/venezuela\/2023\/08\/31\/seguiremos-en-la-lucha-por-el-cambio-y-en-los-reclamos-de-nuestros-derechos\/#breadcrumb","itemListElement":[{"@type":"ListItem","position":1,"name":"Portada","item":"https:\/\/noti-america.com\/site\/venezuela\/"},{"@type":"ListItem","position":2,"name":"\u201cSeguiremos en la lucha por el cambio y en los reclamos de nuestros derechos\u201d"}]},{"@type":"WebSite","@id":"https:\/\/noti-america.com\/site\/venezuela\/#website","url":"https:\/\/noti-america.com\/site\/venezuela\/","name":"Venezuela | Noti-America.com","description":"","publisher":{"@id":"https:\/\/noti-america.com\/site\/venezuela\/#organization"},"potentialAction":[{"@type":"SearchAction","target":{"@type":"EntryPoint","urlTemplate":"https:\/\/noti-america.com\/site\/venezuela\/?s={search_term_string}"},"query-input":{"@type":"PropertyValueSpecification","valueRequired":true,"valueName":"search_term_string"}}],"inLanguage":"es"},{"@type":"Organization","@id":"https:\/\/noti-america.com\/site\/venezuela\/#organization","name":"Noti-America LLC | Venezuela","url":"https:\/\/noti-america.com\/site\/venezuela\/","logo":{"@type":"ImageObject","inLanguage":"es","@id":"https:\/\/noti-america.com\/site\/venezuela\/#\/schema\/logo\/image\/","url":"https:\/\/noti-america.com\/site\/venezuela\/wp-content\/uploads\/sites\/2\/2020\/07\/LogoNA-4x3-1.jpg","contentUrl":"https:\/\/noti-america.com\/site\/venezuela\/wp-content\/uploads\/sites\/2\/2020\/07\/LogoNA-4x3-1.jpg","width":1236,"height":1080,"caption":"Noti-America LLC | Venezuela"},"image":{"@id":"https:\/\/noti-america.com\/site\/venezuela\/#\/schema\/logo\/image\/"}},{"@type":"Person","@id":"https:\/\/noti-america.com\/site\/venezuela\/#\/schema\/person\/2f37ed06a1cd058e8d611b3d42cce678","name":"Hendrick Garcia","image":{"@type":"ImageObject","inLanguage":"es","@id":"https:\/\/secure.gravatar.com\/avatar\/07f13ce868ede7f0937b7abbada276f430e4ed25cfff75dbe7f98f95ac02358c?s=96&d=mm&r=g","url":"https:\/\/secure.gravatar.com\/avatar\/07f13ce868ede7f0937b7abbada276f430e4ed25cfff75dbe7f98f95ac02358c?s=96&d=mm&r=g","contentUrl":"https:\/\/secure.gravatar.com\/avatar\/07f13ce868ede7f0937b7abbada276f430e4ed25cfff75dbe7f98f95ac02358c?s=96&d=mm&r=g","caption":"Hendrick Garcia"},"url":"https:\/\/noti-america.com\/site\/venezuela\/author\/hegarcia\/"}]}},"_links":{"self":[{"href":"https:\/\/noti-america.com\/site\/venezuela\/wp-json\/wp\/v2\/posts\/30396","targetHints":{"allow":["GET"]}}],"collection":[{"href":"https:\/\/noti-america.com\/site\/venezuela\/wp-json\/wp\/v2\/posts"}],"about":[{"href":"https:\/\/noti-america.com\/site\/venezuela\/wp-json\/wp\/v2\/types\/post"}],"author":[{"embeddable":true,"href":"https:\/\/noti-america.com\/site\/venezuela\/wp-json\/wp\/v2\/users\/40"}],"replies":[{"embeddable":true,"href":"https:\/\/noti-america.com\/site\/venezuela\/wp-json\/wp\/v2\/comments?post=30396"}],"version-history":[{"count":3,"href":"https:\/\/noti-america.com\/site\/venezuela\/wp-json\/wp\/v2\/posts\/30396\/revisions"}],"predecessor-version":[{"id":30462,"href":"https:\/\/noti-america.com\/site\/venezuela\/wp-json\/wp\/v2\/posts\/30396\/revisions\/30462"}],"wp:featuredmedia":[{"embeddable":true,"href":"https:\/\/noti-america.com\/site\/venezuela\/wp-json\/wp\/v2\/media\/30458"}],"wp:attachment":[{"href":"https:\/\/noti-america.com\/site\/venezuela\/wp-json\/wp\/v2\/media?parent=30396"}],"wp:term":[{"taxonomy":"category","embeddable":true,"href":"https:\/\/noti-america.com\/site\/venezuela\/wp-json\/wp\/v2\/categories?post=30396"},{"taxonomy":"post_tag","embeddable":true,"href":"https:\/\/noti-america.com\/site\/venezuela\/wp-json\/wp\/v2\/tags?post=30396"}],"curies":[{"name":"wp","href":"https:\/\/api.w.org\/{rel}","templated":true}]}}