{"id":30363,"date":"2023-08-28T16:42:33","date_gmt":"2023-08-28T16:42:33","guid":{"rendered":"https:\/\/noti-america.com\/site\/venezuela\/?p=30363"},"modified":"2023-08-28T16:42:33","modified_gmt":"2023-08-28T16:42:33","slug":"zulia-se-quedo-con-el-subtitulo-del-nacional-de-voleibol-juvenil","status":"publish","type":"post","link":"https:\/\/noti-america.com\/site\/venezuela\/2023\/08\/28\/zulia-se-quedo-con-el-subtitulo-del-nacional-de-voleibol-juvenil\/","title":{"rendered":"Zulia se qued\u00f3 con el subt\u00edtulo del Nacional de Voleibol Juvenil"},"content":{"rendered":"\r\n<p style=\"text-align: justify\"><img loading=\"lazy\" decoding=\"async\" class=\"size-medium wp-image-30384\" src=\"https:\/\/noti-america.com\/site\/venezuela\/wp-content\/uploads\/sites\/2\/2023\/08\/IMG-20230828-WA0103-300x300.jpg\" alt=\"\" width=\"300\" height=\"300\" srcset=\"https:\/\/noti-america.com\/site\/venezuela\/wp-content\/uploads\/sites\/2\/2023\/08\/IMG-20230828-WA0103-300x300.jpg 300w, https:\/\/noti-america.com\/site\/venezuela\/wp-content\/uploads\/sites\/2\/2023\/08\/IMG-20230828-WA0103-1024x1024.jpg 1024w, https:\/\/noti-america.com\/site\/venezuela\/wp-content\/uploads\/sites\/2\/2023\/08\/IMG-20230828-WA0103-150x150.jpg 150w, https:\/\/noti-america.com\/site\/venezuela\/wp-content\/uploads\/sites\/2\/2023\/08\/IMG-20230828-WA0103-768x768.jpg 768w, https:\/\/noti-america.com\/site\/venezuela\/wp-content\/uploads\/sites\/2\/2023\/08\/IMG-20230828-WA0103-80x80.jpg 80w, https:\/\/noti-america.com\/site\/venezuela\/wp-content\/uploads\/sites\/2\/2023\/08\/IMG-20230828-WA0103-320x320.jpg 320w, https:\/\/noti-america.com\/site\/venezuela\/wp-content\/uploads\/sites\/2\/2023\/08\/IMG-20230828-WA0103.jpg 1080w\" sizes=\"auto, (max-width: 300px) 100vw, 300px\" \/><br \/>El equipo de Voleibol de Zulia cay\u00f3 3-1 ante Miranda, que finalmente se titul\u00f3 en el LV Campeonato Nacional de Voleibol Juvenil A Masculino, evento celebrado este domingo 27 de agosto en el \u00abPedro Elias Belisario Aponte\u00bb, de Maracaibo.<br \/><br \/>En el encuentro final Miranda abri\u00f3 el marcador 2-0 con parciales de 25-18 y 25-14, cayendo en el tercer set ante un Zulia que logr\u00f3 un \u00fanico parcial de 21-25 sobre los centrales, quienes se repusieron en el cuarto, poniendo punto final, 25-19, y quedarse con la corona.<br \/><br \/>\u00ab<em>Zulia fue un digno rival. Felicitaciones para todos, tienen un gran equipo y nos oblig\u00f3 a esforzarnos al m\u00e1ximo para ganarles\u00bb, dijo el t\u00e9cnico de Miranda Eduardo V\u00e1squez.<\/em><br \/><img loading=\"lazy\" decoding=\"async\" class=\"size-medium wp-image-30385 aligncenter\" src=\"https:\/\/noti-america.com\/site\/venezuela\/wp-content\/uploads\/sites\/2\/2023\/08\/IMG-20230828-WA0098-300x300.jpg\" alt=\"\" width=\"300\" height=\"300\" srcset=\"https:\/\/noti-america.com\/site\/venezuela\/wp-content\/uploads\/sites\/2\/2023\/08\/IMG-20230828-WA0098-300x300.jpg 300w, https:\/\/noti-america.com\/site\/venezuela\/wp-content\/uploads\/sites\/2\/2023\/08\/IMG-20230828-WA0098-1024x1024.jpg 1024w, https:\/\/noti-america.com\/site\/venezuela\/wp-content\/uploads\/sites\/2\/2023\/08\/IMG-20230828-WA0098-150x150.jpg 150w, https:\/\/noti-america.com\/site\/venezuela\/wp-content\/uploads\/sites\/2\/2023\/08\/IMG-20230828-WA0098-768x768.jpg 768w, https:\/\/noti-america.com\/site\/venezuela\/wp-content\/uploads\/sites\/2\/2023\/08\/IMG-20230828-WA0098-80x80.jpg 80w, https:\/\/noti-america.com\/site\/venezuela\/wp-content\/uploads\/sites\/2\/2023\/08\/IMG-20230828-WA0098-320x320.jpg 320w, https:\/\/noti-america.com\/site\/venezuela\/wp-content\/uploads\/sites\/2\/2023\/08\/IMG-20230828-WA0098.jpg 1080w\" sizes=\"auto, (max-width: 300px) 100vw, 300px\" \/><br \/>Por su parte Danny Malav\u00e9, entrenador de los zulianos, admiti\u00f3 que el equipo de Miranda fue el mejor. \u00abNosotros tuvimos d\u00e9ficit en la recepci\u00f3n y por all\u00ed, punto tras punto, nos hicieron una brecha que les permiti\u00f3 a ellos jugar tranquilos y nosotros bajo mucha presi\u00f3n\u00bb, se\u00f1al\u00f3.<br \/><br \/>Lara se qued\u00f3 con el tercer lugar, al vencer 3-2 a Aragua, para dejarlos en el cuarto escal\u00f3n.<br \/><br \/>Asimismo, Carabobo venci\u00f3 a Distrito Capital 3-2 y se qued\u00f3 con el quinto lugar, mientras que los centrales ocuparon la sexta casilla.<br \/><br \/>A primera hora Portuguesa dio cuenta 3-1 a Apure, para llevarse la s\u00e9ptima posici\u00f3n de la competencia, y dejar a los derrotados en la octava.<br \/><br \/>Cuadro de Honor por destrezas individuales:<br \/><br \/>Mejor servicio:<br \/>Franchesco Capiello (Zulia)<br \/><br \/>Mejor Receptor:<br \/>Everson Pi\u00f1ero (Aragua)<br \/><br \/>Mejor levantador:<br \/>Jhon Jim\u00e9nez (Lara)<br \/><br \/>Mejor ataque:<br \/>Carlos Berrios (Zulia)<br \/><br \/>Mejor bloqueo:<br \/>Glevin Castro (Miranda)<br \/><br \/>Mejor Defensa: <br \/>Carlos Graterol (Lara)<br \/><br \/>Jugador m\u00e1s valioso:<br \/>Gabriel Pozo (Miranda)<br \/><br \/>Cabe destacar que el Campeonato Nacional de Voleibol se realiz\u00f3 del 21 al 27 de agosto, con participaci\u00f3n de 14 entidades nacionales y result\u00f3 un \u00e9xito organizativo, participativo y de nivel t\u00e9cnico.<br \/><br \/>Una vez m\u00e1s el Zulia fue anfitri\u00f3n de un magno evento deportivo, con el apoyo de la Gobernaci\u00f3n del Zulia, a trav\u00e9s de la Secretar\u00eda de Deportes y el Instituto Regional de Deportes, junto con la Villa Deportiva \u00abArqu\u00edmedes Herrera\u00bb y el Funidez.<br \/><br \/>Fuente: Nota de Prensa<\/p>\r\n","protected":false},"excerpt":{"rendered":"<p>El equipo de Voleibol de Zulia cay\u00f3 3-1 ante Miranda, que finalmente se titul\u00f3 en el LV Campeonato Nacional de Voleibol Juvenil A Masculino, evento celebrado este domingo 27 de agosto en el \u00abPedro&#46;&#46;&#46;<\/p>\n","protected":false},"author":40,"featured_media":30386,"comment_status":"open","ping_status":"open","sticky":false,"template":"","format":"standard","meta":{"_acf_changed":false,"om_disable_all_campaigns":false,"rop_custom_images_group":[],"rop_custom_messages_group":[],"rop_publish_now":"initial","rop_publish_now_accounts":{"twitter_242054905_242054905":""},"rop_publish_now_history":[],"rop_publish_now_status":"pending","_uf_show_specific_survey":0,"_uf_disable_surveys":false,"footnotes":""},"categories":[16,204,156],"tags":[1297],"class_list":["post-30363","post","type-post","status-publish","format-standard","has-post-thumbnail","hentry","category-deportes","category-nacionales","category-venezuela","tag-voleibol"],"acf":[],"aioseo_notices":[],"yoast_head":"<!-- This site is optimized with the Yoast SEO Premium plugin v24.9 (Yoast SEO v27.2) - https:\/\/yoast.com\/product\/yoast-seo-premium-wordpress\/ -->\n<title>Zulia se qued\u00f3 con el subt\u00edtulo del Nacional de Voleibol Juvenil - Venezuela | Noti-America.com<\/title>\n<meta name=\"robots\" content=\"index, follow, max-snippet:-1, max-image-preview:large, max-video-preview:-1\" \/>\n<link rel=\"canonical\" href=\"https:\/\/noti-america.com\/site\/venezuela\/2023\/08\/28\/zulia-se-quedo-con-el-subtitulo-del-nacional-de-voleibol-juvenil\/\" \/>\n<meta property=\"og:locale\" content=\"es_ES\" \/>\n<meta property=\"og:type\" content=\"article\" \/>\n<meta property=\"og:title\" content=\"Zulia se qued\u00f3 con el subt\u00edtulo del Nacional de Voleibol Juvenil\" \/>\n<meta property=\"og:description\" content=\"El equipo de Voleibol de Zulia cay\u00f3 3-1 ante Miranda, que finalmente se titul\u00f3 en el LV Campeonato Nacional de Voleibol Juvenil A Masculino, evento celebrado este domingo 27 de agosto en el \u00abPedro&#046;&#046;&#046;\" \/>\n<meta property=\"og:url\" content=\"https:\/\/noti-america.com\/site\/venezuela\/2023\/08\/28\/zulia-se-quedo-con-el-subtitulo-del-nacional-de-voleibol-juvenil\/\" \/>\n<meta property=\"og:site_name\" content=\"Venezuela | Noti-America.com\" \/>\n<meta property=\"article:published_time\" content=\"2023-08-28T16:42:33+00:00\" \/>\n<meta property=\"og:image\" content=\"https:\/\/noti-america.com\/site\/venezuela\/wp-content\/uploads\/sites\/2\/2023\/08\/IMG-20230828-WA0102.jpg\" \/>\n\t<meta property=\"og:image:width\" content=\"1045\" \/>\n\t<meta property=\"og:image:height\" content=\"1045\" \/>\n\t<meta property=\"og:image:type\" content=\"image\/jpeg\" \/>\n<meta name=\"author\" content=\"Hendrick Garcia\" \/>\n<meta name=\"twitter:card\" content=\"summary_large_image\" \/>\n<meta name=\"twitter:label1\" content=\"Escrito por\" \/>\n\t<meta name=\"twitter:data1\" content=\"Hendrick Garcia\" \/>\n\t<meta name=\"twitter:label2\" content=\"Tiempo estimado de lectura\" \/>\n\t<meta name=\"twitter:data2\" content=\"2 minutos\" \/>\n<script type=\"application\/ld+json\" class=\"yoast-schema-graph\">{\"@context\":\"https:\/\/schema.org\",\"@graph\":[{\"@type\":\"Article\",\"@id\":\"https:\/\/noti-america.com\/site\/venezuela\/2023\/08\/28\/zulia-se-quedo-con-el-subtitulo-del-nacional-de-voleibol-juvenil\/#article\",\"isPartOf\":{\"@id\":\"https:\/\/noti-america.com\/site\/venezuela\/2023\/08\/28\/zulia-se-quedo-con-el-subtitulo-del-nacional-de-voleibol-juvenil\/\"},\"author\":{\"name\":\"Hendrick Garcia\",\"@id\":\"https:\/\/noti-america.com\/site\/venezuela\/#\/schema\/person\/2f37ed06a1cd058e8d611b3d42cce678\"},\"headline\":\"Zulia se qued\u00f3 con el subt\u00edtulo del Nacional de Voleibol Juvenil\",\"datePublished\":\"2023-08-28T16:42:33+00:00\",\"mainEntityOfPage\":{\"@id\":\"https:\/\/noti-america.com\/site\/venezuela\/2023\/08\/28\/zulia-se-quedo-con-el-subtitulo-del-nacional-de-voleibol-juvenil\/\"},\"wordCount\":377,\"commentCount\":0,\"publisher\":{\"@id\":\"https:\/\/noti-america.com\/site\/venezuela\/#organization\"},\"image\":{\"@id\":\"https:\/\/noti-america.com\/site\/venezuela\/2023\/08\/28\/zulia-se-quedo-con-el-subtitulo-del-nacional-de-voleibol-juvenil\/#primaryimage\"},\"thumbnailUrl\":\"https:\/\/noti-america.com\/site\/venezuela\/wp-content\/uploads\/sites\/2\/2023\/08\/IMG-20230828-WA0102.jpg\",\"keywords\":[\"Voleibol\"],\"articleSection\":[\"Deportes\",\"Nacionales\",\"Venezuela\"],\"inLanguage\":\"es\",\"potentialAction\":[{\"@type\":\"CommentAction\",\"name\":\"Comment\",\"target\":[\"https:\/\/noti-america.com\/site\/venezuela\/2023\/08\/28\/zulia-se-quedo-con-el-subtitulo-del-nacional-de-voleibol-juvenil\/#respond\"]}]},{\"@type\":\"WebPage\",\"@id\":\"https:\/\/noti-america.com\/site\/venezuela\/2023\/08\/28\/zulia-se-quedo-con-el-subtitulo-del-nacional-de-voleibol-juvenil\/\",\"url\":\"https:\/\/noti-america.com\/site\/venezuela\/2023\/08\/28\/zulia-se-quedo-con-el-subtitulo-del-nacional-de-voleibol-juvenil\/\",\"name\":\"Zulia se qued\u00f3 con el subt\u00edtulo del Nacional de Voleibol Juvenil - Venezuela | Noti-America.com\",\"isPartOf\":{\"@id\":\"https:\/\/noti-america.com\/site\/venezuela\/#website\"},\"primaryImageOfPage\":{\"@id\":\"https:\/\/noti-america.com\/site\/venezuela\/2023\/08\/28\/zulia-se-quedo-con-el-subtitulo-del-nacional-de-voleibol-juvenil\/#primaryimage\"},\"image\":{\"@id\":\"https:\/\/noti-america.com\/site\/venezuela\/2023\/08\/28\/zulia-se-quedo-con-el-subtitulo-del-nacional-de-voleibol-juvenil\/#primaryimage\"},\"thumbnailUrl\":\"https:\/\/noti-america.com\/site\/venezuela\/wp-content\/uploads\/sites\/2\/2023\/08\/IMG-20230828-WA0102.jpg\",\"datePublished\":\"2023-08-28T16:42:33+00:00\",\"breadcrumb\":{\"@id\":\"https:\/\/noti-america.com\/site\/venezuela\/2023\/08\/28\/zulia-se-quedo-con-el-subtitulo-del-nacional-de-voleibol-juvenil\/#breadcrumb\"},\"inLanguage\":\"es\",\"potentialAction\":[{\"@type\":\"ReadAction\",\"target\":[\"https:\/\/noti-america.com\/site\/venezuela\/2023\/08\/28\/zulia-se-quedo-con-el-subtitulo-del-nacional-de-voleibol-juvenil\/\"]}]},{\"@type\":\"ImageObject\",\"inLanguage\":\"es\",\"@id\":\"https:\/\/noti-america.com\/site\/venezuela\/2023\/08\/28\/zulia-se-quedo-con-el-subtitulo-del-nacional-de-voleibol-juvenil\/#primaryimage\",\"url\":\"https:\/\/noti-america.com\/site\/venezuela\/wp-content\/uploads\/sites\/2\/2023\/08\/IMG-20230828-WA0102.jpg\",\"contentUrl\":\"https:\/\/noti-america.com\/site\/venezuela\/wp-content\/uploads\/sites\/2\/2023\/08\/IMG-20230828-WA0102.jpg\",\"width\":1045,\"height\":1045},{\"@type\":\"BreadcrumbList\",\"@id\":\"https:\/\/noti-america.com\/site\/venezuela\/2023\/08\/28\/zulia-se-quedo-con-el-subtitulo-del-nacional-de-voleibol-juvenil\/#breadcrumb\",\"itemListElement\":[{\"@type\":\"ListItem\",\"position\":1,\"name\":\"Portada\",\"item\":\"https:\/\/noti-america.com\/site\/venezuela\/\"},{\"@type\":\"ListItem\",\"position\":2,\"name\":\"Zulia se qued\u00f3 con el subt\u00edtulo del Nacional de Voleibol Juvenil\"}]},{\"@type\":\"WebSite\",\"@id\":\"https:\/\/noti-america.com\/site\/venezuela\/#website\",\"url\":\"https:\/\/noti-america.com\/site\/venezuela\/\",\"name\":\"Venezuela | Noti-America.com\",\"description\":\"\",\"publisher\":{\"@id\":\"https:\/\/noti-america.com\/site\/venezuela\/#organization\"},\"potentialAction\":[{\"@type\":\"SearchAction\",\"target\":{\"@type\":\"EntryPoint\",\"urlTemplate\":\"https:\/\/noti-america.com\/site\/venezuela\/?s={search_term_string}\"},\"query-input\":{\"@type\":\"PropertyValueSpecification\",\"valueRequired\":true,\"valueName\":\"search_term_string\"}}],\"inLanguage\":\"es\"},{\"@type\":\"Organization\",\"@id\":\"https:\/\/noti-america.com\/site\/venezuela\/#organization\",\"name\":\"Noti-America LLC | Venezuela\",\"url\":\"https:\/\/noti-america.com\/site\/venezuela\/\",\"logo\":{\"@type\":\"ImageObject\",\"inLanguage\":\"es\",\"@id\":\"https:\/\/noti-america.com\/site\/venezuela\/#\/schema\/logo\/image\/\",\"url\":\"https:\/\/noti-america.com\/site\/venezuela\/wp-content\/uploads\/sites\/2\/2020\/07\/LogoNA-4x3-1.jpg\",\"contentUrl\":\"https:\/\/noti-america.com\/site\/venezuela\/wp-content\/uploads\/sites\/2\/2020\/07\/LogoNA-4x3-1.jpg\",\"width\":1236,\"height\":1080,\"caption\":\"Noti-America LLC | Venezuela\"},\"image\":{\"@id\":\"https:\/\/noti-america.com\/site\/venezuela\/#\/schema\/logo\/image\/\"}},{\"@type\":\"Person\",\"@id\":\"https:\/\/noti-america.com\/site\/venezuela\/#\/schema\/person\/2f37ed06a1cd058e8d611b3d42cce678\",\"name\":\"Hendrick Garcia\",\"image\":{\"@type\":\"ImageObject\",\"inLanguage\":\"es\",\"@id\":\"https:\/\/secure.gravatar.com\/avatar\/07f13ce868ede7f0937b7abbada276f430e4ed25cfff75dbe7f98f95ac02358c?s=96&d=mm&r=g\",\"url\":\"https:\/\/secure.gravatar.com\/avatar\/07f13ce868ede7f0937b7abbada276f430e4ed25cfff75dbe7f98f95ac02358c?s=96&d=mm&r=g\",\"contentUrl\":\"https:\/\/secure.gravatar.com\/avatar\/07f13ce868ede7f0937b7abbada276f430e4ed25cfff75dbe7f98f95ac02358c?s=96&d=mm&r=g\",\"caption\":\"Hendrick Garcia\"},\"url\":\"https:\/\/noti-america.com\/site\/venezuela\/author\/hegarcia\/\"}]}<\/script>\n<!-- \/ Yoast SEO Premium plugin. -->","yoast_head_json":{"title":"Zulia se qued\u00f3 con el subt\u00edtulo del Nacional de Voleibol Juvenil - Venezuela | Noti-America.com","robots":{"index":"index","follow":"follow","max-snippet":"max-snippet:-1","max-image-preview":"max-image-preview:large","max-video-preview":"max-video-preview:-1"},"canonical":"https:\/\/noti-america.com\/site\/venezuela\/2023\/08\/28\/zulia-se-quedo-con-el-subtitulo-del-nacional-de-voleibol-juvenil\/","og_locale":"es_ES","og_type":"article","og_title":"Zulia se qued\u00f3 con el subt\u00edtulo del Nacional de Voleibol Juvenil","og_description":"El equipo de Voleibol de Zulia cay\u00f3 3-1 ante Miranda, que finalmente se titul\u00f3 en el LV Campeonato Nacional de Voleibol Juvenil A Masculino, evento celebrado este domingo 27 de agosto en el \u00abPedro&#46;&#46;&#46;","og_url":"https:\/\/noti-america.com\/site\/venezuela\/2023\/08\/28\/zulia-se-quedo-con-el-subtitulo-del-nacional-de-voleibol-juvenil\/","og_site_name":"Venezuela | Noti-America.com","article_published_time":"2023-08-28T16:42:33+00:00","og_image":[{"width":1045,"height":1045,"url":"https:\/\/noti-america.com\/site\/venezuela\/wp-content\/uploads\/sites\/2\/2023\/08\/IMG-20230828-WA0102.jpg","type":"image\/jpeg"}],"author":"Hendrick Garcia","twitter_card":"summary_large_image","twitter_misc":{"Escrito por":"Hendrick Garcia","Tiempo estimado de lectura":"2 minutos"},"schema":{"@context":"https:\/\/schema.org","@graph":[{"@type":"Article","@id":"https:\/\/noti-america.com\/site\/venezuela\/2023\/08\/28\/zulia-se-quedo-con-el-subtitulo-del-nacional-de-voleibol-juvenil\/#article","isPartOf":{"@id":"https:\/\/noti-america.com\/site\/venezuela\/2023\/08\/28\/zulia-se-quedo-con-el-subtitulo-del-nacional-de-voleibol-juvenil\/"},"author":{"name":"Hendrick Garcia","@id":"https:\/\/noti-america.com\/site\/venezuela\/#\/schema\/person\/2f37ed06a1cd058e8d611b3d42cce678"},"headline":"Zulia se qued\u00f3 con el subt\u00edtulo del Nacional de Voleibol Juvenil","datePublished":"2023-08-28T16:42:33+00:00","mainEntityOfPage":{"@id":"https:\/\/noti-america.com\/site\/venezuela\/2023\/08\/28\/zulia-se-quedo-con-el-subtitulo-del-nacional-de-voleibol-juvenil\/"},"wordCount":377,"commentCount":0,"publisher":{"@id":"https:\/\/noti-america.com\/site\/venezuela\/#organization"},"image":{"@id":"https:\/\/noti-america.com\/site\/venezuela\/2023\/08\/28\/zulia-se-quedo-con-el-subtitulo-del-nacional-de-voleibol-juvenil\/#primaryimage"},"thumbnailUrl":"https:\/\/noti-america.com\/site\/venezuela\/wp-content\/uploads\/sites\/2\/2023\/08\/IMG-20230828-WA0102.jpg","keywords":["Voleibol"],"articleSection":["Deportes","Nacionales","Venezuela"],"inLanguage":"es","potentialAction":[{"@type":"CommentAction","name":"Comment","target":["https:\/\/noti-america.com\/site\/venezuela\/2023\/08\/28\/zulia-se-quedo-con-el-subtitulo-del-nacional-de-voleibol-juvenil\/#respond"]}]},{"@type":"WebPage","@id":"https:\/\/noti-america.com\/site\/venezuela\/2023\/08\/28\/zulia-se-quedo-con-el-subtitulo-del-nacional-de-voleibol-juvenil\/","url":"https:\/\/noti-america.com\/site\/venezuela\/2023\/08\/28\/zulia-se-quedo-con-el-subtitulo-del-nacional-de-voleibol-juvenil\/","name":"Zulia se qued\u00f3 con el subt\u00edtulo del Nacional de Voleibol Juvenil - Venezuela | Noti-America.com","isPartOf":{"@id":"https:\/\/noti-america.com\/site\/venezuela\/#website"},"primaryImageOfPage":{"@id":"https:\/\/noti-america.com\/site\/venezuela\/2023\/08\/28\/zulia-se-quedo-con-el-subtitulo-del-nacional-de-voleibol-juvenil\/#primaryimage"},"image":{"@id":"https:\/\/noti-america.com\/site\/venezuela\/2023\/08\/28\/zulia-se-quedo-con-el-subtitulo-del-nacional-de-voleibol-juvenil\/#primaryimage"},"thumbnailUrl":"https:\/\/noti-america.com\/site\/venezuela\/wp-content\/uploads\/sites\/2\/2023\/08\/IMG-20230828-WA0102.jpg","datePublished":"2023-08-28T16:42:33+00:00","breadcrumb":{"@id":"https:\/\/noti-america.com\/site\/venezuela\/2023\/08\/28\/zulia-se-quedo-con-el-subtitulo-del-nacional-de-voleibol-juvenil\/#breadcrumb"},"inLanguage":"es","potentialAction":[{"@type":"ReadAction","target":["https:\/\/noti-america.com\/site\/venezuela\/2023\/08\/28\/zulia-se-quedo-con-el-subtitulo-del-nacional-de-voleibol-juvenil\/"]}]},{"@type":"ImageObject","inLanguage":"es","@id":"https:\/\/noti-america.com\/site\/venezuela\/2023\/08\/28\/zulia-se-quedo-con-el-subtitulo-del-nacional-de-voleibol-juvenil\/#primaryimage","url":"https:\/\/noti-america.com\/site\/venezuela\/wp-content\/uploads\/sites\/2\/2023\/08\/IMG-20230828-WA0102.jpg","contentUrl":"https:\/\/noti-america.com\/site\/venezuela\/wp-content\/uploads\/sites\/2\/2023\/08\/IMG-20230828-WA0102.jpg","width":1045,"height":1045},{"@type":"BreadcrumbList","@id":"https:\/\/noti-america.com\/site\/venezuela\/2023\/08\/28\/zulia-se-quedo-con-el-subtitulo-del-nacional-de-voleibol-juvenil\/#breadcrumb","itemListElement":[{"@type":"ListItem","position":1,"name":"Portada","item":"https:\/\/noti-america.com\/site\/venezuela\/"},{"@type":"ListItem","position":2,"name":"Zulia se qued\u00f3 con el subt\u00edtulo del Nacional de Voleibol Juvenil"}]},{"@type":"WebSite","@id":"https:\/\/noti-america.com\/site\/venezuela\/#website","url":"https:\/\/noti-america.com\/site\/venezuela\/","name":"Venezuela | Noti-America.com","description":"","publisher":{"@id":"https:\/\/noti-america.com\/site\/venezuela\/#organization"},"potentialAction":[{"@type":"SearchAction","target":{"@type":"EntryPoint","urlTemplate":"https:\/\/noti-america.com\/site\/venezuela\/?s={search_term_string}"},"query-input":{"@type":"PropertyValueSpecification","valueRequired":true,"valueName":"search_term_string"}}],"inLanguage":"es"},{"@type":"Organization","@id":"https:\/\/noti-america.com\/site\/venezuela\/#organization","name":"Noti-America LLC | Venezuela","url":"https:\/\/noti-america.com\/site\/venezuela\/","logo":{"@type":"ImageObject","inLanguage":"es","@id":"https:\/\/noti-america.com\/site\/venezuela\/#\/schema\/logo\/image\/","url":"https:\/\/noti-america.com\/site\/venezuela\/wp-content\/uploads\/sites\/2\/2020\/07\/LogoNA-4x3-1.jpg","contentUrl":"https:\/\/noti-america.com\/site\/venezuela\/wp-content\/uploads\/sites\/2\/2020\/07\/LogoNA-4x3-1.jpg","width":1236,"height":1080,"caption":"Noti-America LLC | Venezuela"},"image":{"@id":"https:\/\/noti-america.com\/site\/venezuela\/#\/schema\/logo\/image\/"}},{"@type":"Person","@id":"https:\/\/noti-america.com\/site\/venezuela\/#\/schema\/person\/2f37ed06a1cd058e8d611b3d42cce678","name":"Hendrick Garcia","image":{"@type":"ImageObject","inLanguage":"es","@id":"https:\/\/secure.gravatar.com\/avatar\/07f13ce868ede7f0937b7abbada276f430e4ed25cfff75dbe7f98f95ac02358c?s=96&d=mm&r=g","url":"https:\/\/secure.gravatar.com\/avatar\/07f13ce868ede7f0937b7abbada276f430e4ed25cfff75dbe7f98f95ac02358c?s=96&d=mm&r=g","contentUrl":"https:\/\/secure.gravatar.com\/avatar\/07f13ce868ede7f0937b7abbada276f430e4ed25cfff75dbe7f98f95ac02358c?s=96&d=mm&r=g","caption":"Hendrick Garcia"},"url":"https:\/\/noti-america.com\/site\/venezuela\/author\/hegarcia\/"}]}},"_links":{"self":[{"href":"https:\/\/noti-america.com\/site\/venezuela\/wp-json\/wp\/v2\/posts\/30363","targetHints":{"allow":["GET"]}}],"collection":[{"href":"https:\/\/noti-america.com\/site\/venezuela\/wp-json\/wp\/v2\/posts"}],"about":[{"href":"https:\/\/noti-america.com\/site\/venezuela\/wp-json\/wp\/v2\/types\/post"}],"author":[{"embeddable":true,"href":"https:\/\/noti-america.com\/site\/venezuela\/wp-json\/wp\/v2\/users\/40"}],"replies":[{"embeddable":true,"href":"https:\/\/noti-america.com\/site\/venezuela\/wp-json\/wp\/v2\/comments?post=30363"}],"version-history":[{"count":2,"href":"https:\/\/noti-america.com\/site\/venezuela\/wp-json\/wp\/v2\/posts\/30363\/revisions"}],"predecessor-version":[{"id":30387,"href":"https:\/\/noti-america.com\/site\/venezuela\/wp-json\/wp\/v2\/posts\/30363\/revisions\/30387"}],"wp:featuredmedia":[{"embeddable":true,"href":"https:\/\/noti-america.com\/site\/venezuela\/wp-json\/wp\/v2\/media\/30386"}],"wp:attachment":[{"href":"https:\/\/noti-america.com\/site\/venezuela\/wp-json\/wp\/v2\/media?parent=30363"}],"wp:term":[{"taxonomy":"category","embeddable":true,"href":"https:\/\/noti-america.com\/site\/venezuela\/wp-json\/wp\/v2\/categories?post=30363"},{"taxonomy":"post_tag","embeddable":true,"href":"https:\/\/noti-america.com\/site\/venezuela\/wp-json\/wp\/v2\/tags?post=30363"}],"curies":[{"name":"wp","href":"https:\/\/api.w.org\/{rel}","templated":true}]}}